{"id":13622,"date":"2016-02-04T13:17:56","date_gmt":"2016-02-04T16:17:56","guid":{"rendered":"http:\/\/www.isletasnoticias.com.ar\/?p=13622"},"modified":"2016-02-04T13:17:56","modified_gmt":"2016-02-04T16:17:56","slug":"un-abuela-con-alzheimer-sufrio-una-golpiza-de-su-cuidadora","status":"publish","type":"post","link":"https:\/\/informelitoral.com.ar\/un-abuela-con-alzheimer-sufrio-una-golpiza-de-su-cuidadora\/","title":{"rendered":"Un abuela con alzheimer sufri\u00f3 una golpiza de su cuidadora"},"content":{"rendered":"<p><strong>Acompa\u00f1\u00f3 a la se\u00f1ora durante tres a\u00f1os hasta que en diciembre del a\u00f1o pasado la familia descubri\u00f3 los maltratos, que quedaron registrados en video.[youtube]https:\/\/www.youtube.com\/watch?v=j93WzM7FSPw[\/youtube]<\/strong><\/p>\n<div>La familia de una anciana de 94 a\u00f1os hab\u00eda contratado, tres a\u00f1os atr\u00e1s, a una persona para que la cuidara durante fines de semana en su casa del barrio porte\u00f1o de Belgrano. Un d\u00eda, un vecino les advirti\u00f3 que la persona contratada para supervisar a la se\u00f1ora, que padece Alzheimer, la maltrataba. <b>Al principio desconfiaron, pero tras instalar una c\u00e1mara de seguridad corroboraron que era cierto<\/b>.<\/div>\n<div><\/div>\n<div>\u00abFue muy dif\u00edcil creerlo porque era una persona muy dulce y amorosa con mi madre delante nuestro\u00bb, relat\u00f3 Miriam Marino, hija de la v\u00edctima. \u00abAnte la duda, pusimos la c\u00e1mara y esto fue lo que descubrimos\u00bb, agreg\u00f3.<\/div>\n<div><\/div>\n<div>La grabaci\u00f3n, difundida por la familia en redes sociales, corresponde al pasado 26 de diciembre.<b>La empleada, que antes se dedicaba al cuidado de ni\u00f1os, estaba contratada desde hac\u00eda tres a\u00f1os por los familiares de la anciana<\/b>. Sin embargo, Marino no cree que su madre haya sufrido maltratos durante este lapso, sino que m\u00e1s bien \u00abha sido un brote que ha tenido en el \u00faltimo momento\u00bb. Es que, en busca de alguna explicaci\u00f3n, los familiares hablaron con la mujer, identificada como <b>Mar\u00eda Esther \u00c1lvarez <\/b>Salvatierra, quien les explic\u00f3 que \u00abten\u00eda algunos problemas en la casa y que no hab\u00eda podido manejarlos\u00bb.<\/div>\n<div><\/div>\n<div>Ante esta respuesta, le pidieron que se retirara y le advirtieron que difundir\u00edan el video y que expondr\u00edan su nombre ante los medios de comunicaci\u00f3n. \u00abReci\u00e9n ahora decidimos publicarlo, porque lo que m\u00e1s nos interesa es que esa persona no vuelva a tener trabajo y maltratar a otros\u00bb, cont\u00f3 Marino.<\/div>\n<div>\n<div>Consultada sobre las posibles procedimientos que pudieran iniciar contra la agresora, la hija de la v\u00edctima explic\u00f3 que sus abogados determinaron que <b>es \u00abimposible\u00bb hacer una denuncia a partir de la filmaci\u00f3n, ya que \u00abno tiene validez ante la polic\u00eda\u00bb<\/b>.<\/div>\n<div><\/div>\n<div>Debido a la enfermedad que padece, la anciana no era capaz de recordar y revelar el maltrato que sufri\u00f3 por lo menos durante aquel fin de semana de diciembre, pero su hija destac\u00f3 que ahora \u00abse la ve m\u00e1s animada y con menos temores\u00bb. (<em>Infobae)<\/em><\/div>\n<\/div>\n","protected":false},"excerpt":{"rendered":"<p>Acompa&ntilde;&oacute; a la se&ntilde;ora durante tres a&ntilde;os hasta que en diciembre del a&ntilde;o pasado la familia descubri&oacute; los maltratos, que quedaron registrados en video.[youtube]https:\/\/www.youtube.com\/watch?v=j93WzM7FSPw[\/youtube] La familia de una anciana de 94 a&ntilde;os hab&iacute;a contratado, tres a&ntilde;os atr&aacute;s, a una persona para que la cuidara durante fines de semana en su casa del barrio porte&ntilde;o de [&hellip;]<\/p>\n","protected":false},"author":2,"featured_media":0,"comment_status":"open","ping_status":"open","sticky":false,"template":"","format":"standard","meta":{"fifu_image_url":"","fifu_image_alt":"","footnotes":""},"categories":[7,14,9],"tags":[],"class_list":{"0":"post-13622","1":"post","2":"type-post","3":"status-publish","4":"format-standard","6":"category-nacionales","7":"category-policiales","8":"category-sociedad"},"yoast_head":"<title>Un abuela con alzheimer sufri\u00f3 una golpiza de su cuidadora - Informe Litoral<\/title>\n<meta name=\"robots\" content=\"index, follow, max-snippet:-1, max-image-preview:large, max-video-preview:-1\" \/>\n<link rel=\"canonical\" href=\"https:\/\/informelitoral.com.ar\/un-abuela-con-alzheimer-sufrio-una-golpiza-de-su-cuidadora\/\" \/>\n<meta property=\"og:locale\" content=\"es_ES\" \/>\n<meta property=\"og:type\" content=\"article\" \/>\n<meta property=\"og:title\" content=\"Un abuela con alzheimer sufri\u00f3 una golpiza de su cuidadora - Informe Litoral\" \/>\n<meta property=\"og:description\" content=\"Acompa&ntilde;&oacute; a la se&ntilde;ora durante tres a&ntilde;os hasta que en diciembre del a&ntilde;o pasado la familia descubri&oacute; los maltratos, que quedaron registrados en video.[youtube]https:\/\/www.youtube.com\/watch?v=j93WzM7FSPw[\/youtube] La familia de una anciana de 94 a&ntilde;os hab&iacute;a contratado, tres a&ntilde;os atr&aacute;s, a una persona para que la cuidara durante fines de semana en su casa del barrio porte&ntilde;o de [&hellip;]\" \/>\n<meta property=\"og:url\" content=\"https:\/\/informelitoral.com.ar\/un-abuela-con-alzheimer-sufrio-una-golpiza-de-su-cuidadora\/\" \/>\n<meta property=\"og:site_name\" content=\"Informe Litoral\" \/>\n<meta property=\"article:publisher\" content=\"https:\/\/www.facebook.com\/informelitoral\/\" \/>\n<meta property=\"article:published_time\" content=\"2016-02-04T16:17:56+00:00\" \/>\n<meta name=\"author\" content=\"Gonzalo Schmidt\" \/>\n<meta name=\"twitter:card\" content=\"summary_large_image\" \/>\n<meta name=\"twitter:creator\" content=\"@InformeLitoral\" \/>\n<meta name=\"twitter:site\" content=\"@InformeLitoral\" \/>\n<meta name=\"twitter:label1\" content=\"Escrito por\" \/>\n\t<meta name=\"twitter:data1\" content=\"Gonzalo Schmidt\" \/>\n\t<meta name=\"twitter:label2\" content=\"Tiempo de lectura\" \/>\n\t<meta name=\"twitter:data2\" content=\"2 minutos\" \/>\n<script type=\"application\/ld+json\" class=\"yoast-schema-graph\">{\"@context\":\"https:\\\/\\\/schema.org\",\"@graph\":[{\"@type\":\"Article\",\"@id\":\"https:\\\/\\\/informelitoral.com.ar\\\/un-abuela-con-alzheimer-sufrio-una-golpiza-de-su-cuidadora\\\/#article\",\"isPartOf\":{\"@id\":\"https:\\\/\\\/informelitoral.com.ar\\\/un-abuela-con-alzheimer-sufrio-una-golpiza-de-su-cuidadora\\\/\"},\"author\":{\"name\":\"Gonzalo Schmidt\",\"@id\":\"https:\\\/\\\/informelitoral.com.ar\\\/#\\\/schema\\\/person\\\/b9d00407c836482871ef1d57bf8e3180\"},\"headline\":\"Un abuela con alzheimer sufri\u00f3 una golpiza de su cuidadora\",\"datePublished\":\"2016-02-04T16:17:56+00:00\",\"mainEntityOfPage\":{\"@id\":\"https:\\\/\\\/informelitoral.com.ar\\\/un-abuela-con-alzheimer-sufrio-una-golpiza-de-su-cuidadora\\\/\"},\"wordCount\":414,\"commentCount\":0,\"publisher\":{\"@id\":\"https:\\\/\\\/informelitoral.com.ar\\\/#organization\"},\"articleSection\":[\"Nacionales\",\"Policiales\",\"Sociedad\"],\"inLanguage\":\"es\",\"potentialAction\":[{\"@type\":\"CommentAction\",\"name\":\"Comment\",\"target\":[\"https:\\\/\\\/informelitoral.com.ar\\\/un-abuela-con-alzheimer-sufrio-una-golpiza-de-su-cuidadora\\\/#respond\"]}]},{\"@type\":\"WebPage\",\"@id\":\"https:\\\/\\\/informelitoral.com.ar\\\/un-abuela-con-alzheimer-sufrio-una-golpiza-de-su-cuidadora\\\/\",\"url\":\"https:\\\/\\\/informelitoral.com.ar\\\/un-abuela-con-alzheimer-sufrio-una-golpiza-de-su-cuidadora\\\/\",\"name\":\"Un abuela con alzheimer sufri\u00f3 una golpiza de su cuidadora - Informe Litoral\",\"isPartOf\":{\"@id\":\"https:\\\/\\\/informelitoral.com.ar\\\/#website\"},\"datePublished\":\"2016-02-04T16:17:56+00:00\",\"breadcrumb\":{\"@id\":\"https:\\\/\\\/informelitoral.com.ar\\\/un-abuela-con-alzheimer-sufrio-una-golpiza-de-su-cuidadora\\\/#breadcrumb\"},\"inLanguage\":\"es\",\"potentialAction\":[{\"@type\":\"ReadAction\",\"target\":[\"https:\\\/\\\/informelitoral.com.ar\\\/un-abuela-con-alzheimer-sufrio-una-golpiza-de-su-cuidadora\\\/\"]}]},{\"@type\":\"BreadcrumbList\",\"@id\":\"https:\\\/\\\/informelitoral.com.ar\\\/un-abuela-con-alzheimer-sufrio-una-golpiza-de-su-cuidadora\\\/#breadcrumb\",\"itemListElement\":[{\"@type\":\"ListItem\",\"position\":1,\"name\":\"Portada\",\"item\":\"https:\\\/\\\/informelitoral.com.ar\\\/\"},{\"@type\":\"ListItem\",\"position\":2,\"name\":\"Un abuela con alzheimer sufri\u00f3 una golpiza de su cuidadora\"}]},{\"@type\":\"WebSite\",\"@id\":\"https:\\\/\\\/informelitoral.com.ar\\\/#website\",\"url\":\"https:\\\/\\\/informelitoral.com.ar\\\/\",\"name\":\"Informe Litoral\",\"description\":\"&quot;Nos informamos&quot; \",\"publisher\":{\"@id\":\"https:\\\/\\\/informelitoral.com.ar\\\/#organization\"},\"potentialAction\":[{\"@type\":\"SearchAction\",\"target\":{\"@type\":\"EntryPoint\",\"urlTemplate\":\"https:\\\/\\\/informelitoral.com.ar\\\/?s={search_term_string}\"},\"query-input\":{\"@type\":\"PropertyValueSpecification\",\"valueRequired\":true,\"valueName\":\"search_term_string\"}}],\"inLanguage\":\"es\"},{\"@type\":\"Organization\",\"@id\":\"https:\\\/\\\/informelitoral.com.ar\\\/#organization\",\"name\":\"Informe Litoral\",\"url\":\"https:\\\/\\\/informelitoral.com.ar\\\/\",\"logo\":{\"@type\":\"ImageObject\",\"inLanguage\":\"es\",\"@id\":\"https:\\\/\\\/informelitoral.com.ar\\\/#\\\/schema\\\/logo\\\/image\\\/\",\"url\":\"https:\\\/\\\/informelitoral.com.ar\\\/%77%70%2d%63%6f%6e%74%65%6e%74\\\/uploads\\\/2021\\\/01\\\/circulo.png\",\"contentUrl\":\"https:\\\/\\\/informelitoral.com.ar\\\/%77%70%2d%63%6f%6e%74%65%6e%74\\\/uploads\\\/2021\\\/01\\\/circulo.png\",\"width\":723,\"height\":731,\"caption\":\"Informe Litoral\"},\"image\":{\"@id\":\"https:\\\/\\\/informelitoral.com.ar\\\/#\\\/schema\\\/logo\\\/image\\\/\"},\"sameAs\":[\"https:\\\/\\\/www.facebook.com\\\/informelitoral\\\/\",\"https:\\\/\\\/x.com\\\/InformeLitoral\",\"https:\\\/\\\/www.instagram.com\\\/informelitoral\\\/\",\"https:\\\/\\\/www.youtube.com\\\/channel\\\/UCua4Qvz8Icb6MYqhoq9xLXw\"]},{\"@type\":\"Person\",\"@id\":\"https:\\\/\\\/informelitoral.com.ar\\\/#\\\/schema\\\/person\\\/b9d00407c836482871ef1d57bf8e3180\",\"name\":\"Gonzalo Schmidt\",\"image\":{\"@type\":\"ImageObject\",\"inLanguage\":\"es\",\"@id\":\"https:\\\/\\\/secure.gravatar.com\\\/avatar\\\/31a1a7b66ff2de83bd0e9fd79d026630d2d99e55e8bfe501287647b4fd9743de?s=96&d=mm&r=g\",\"url\":\"https:\\\/\\\/secure.gravatar.com\\\/avatar\\\/31a1a7b66ff2de83bd0e9fd79d026630d2d99e55e8bfe501287647b4fd9743de?s=96&d=mm&r=g\",\"contentUrl\":\"https:\\\/\\\/secure.gravatar.com\\\/avatar\\\/31a1a7b66ff2de83bd0e9fd79d026630d2d99e55e8bfe501287647b4fd9743de?s=96&d=mm&r=g\",\"caption\":\"Gonzalo Schmidt\"},\"description\":\"Sitio web de noticias de la provincia de Entre R\u00edos, Argentina. Informaci\u00f3n y entretenimiento. Informe Litoral, nos informamos.\",\"sameAs\":[\"http:\\\/\\\/www.isletasnoticias.com.ar\"],\"url\":\"https:\\\/\\\/informelitoral.com.ar\\\/author\\\/gonzalo\\\/\"}]}<\/script>","yoast_head_json":{"title":"Un abuela con alzheimer sufri\u00f3 una golpiza de su cuidadora - Informe Litoral","robots":{"index":"index","follow":"follow","max-snippet":"max-snippet:-1","max-image-preview":"max-image-preview:large","max-video-preview":"max-video-preview:-1"},"canonical":"https:\/\/informelitoral.com.ar\/un-abuela-con-alzheimer-sufrio-una-golpiza-de-su-cuidadora\/","og_locale":"es_ES","og_type":"article","og_title":"Un abuela con alzheimer sufri\u00f3 una golpiza de su cuidadora - Informe Litoral","og_description":"Acompa&ntilde;&oacute; a la se&ntilde;ora durante tres a&ntilde;os hasta que en diciembre del a&ntilde;o pasado la familia descubri&oacute; los maltratos, que quedaron registrados en video.[youtube]https:\/\/www.youtube.com\/watch?v=j93WzM7FSPw[\/youtube] La familia de una anciana de 94 a&ntilde;os hab&iacute;a contratado, tres a&ntilde;os atr&aacute;s, a una persona para que la cuidara durante fines de semana en su casa del barrio porte&ntilde;o de [&hellip;]","og_url":"https:\/\/informelitoral.com.ar\/un-abuela-con-alzheimer-sufrio-una-golpiza-de-su-cuidadora\/","og_site_name":"Informe Litoral","article_publisher":"https:\/\/www.facebook.com\/informelitoral\/","article_published_time":"2016-02-04T16:17:56+00:00","author":"Gonzalo Schmidt","twitter_card":"summary_large_image","twitter_creator":"@InformeLitoral","twitter_site":"@InformeLitoral","twitter_misc":{"Escrito por":"Gonzalo Schmidt","Tiempo de lectura":"2 minutos"},"schema":{"@context":"https:\/\/schema.org","@graph":[{"@type":"Article","@id":"https:\/\/informelitoral.com.ar\/un-abuela-con-alzheimer-sufrio-una-golpiza-de-su-cuidadora\/#article","isPartOf":{"@id":"https:\/\/informelitoral.com.ar\/un-abuela-con-alzheimer-sufrio-una-golpiza-de-su-cuidadora\/"},"author":{"name":"Gonzalo Schmidt","@id":"https:\/\/informelitoral.com.ar\/#\/schema\/person\/b9d00407c836482871ef1d57bf8e3180"},"headline":"Un abuela con alzheimer sufri\u00f3 una golpiza de su cuidadora","datePublished":"2016-02-04T16:17:56+00:00","mainEntityOfPage":{"@id":"https:\/\/informelitoral.com.ar\/un-abuela-con-alzheimer-sufrio-una-golpiza-de-su-cuidadora\/"},"wordCount":414,"commentCount":0,"publisher":{"@id":"https:\/\/informelitoral.com.ar\/#organization"},"articleSection":["Nacionales","Policiales","Sociedad"],"inLanguage":"es","potentialAction":[{"@type":"CommentAction","name":"Comment","target":["https:\/\/informelitoral.com.ar\/un-abuela-con-alzheimer-sufrio-una-golpiza-de-su-cuidadora\/#respond"]}]},{"@type":"WebPage","@id":"https:\/\/informelitoral.com.ar\/un-abuela-con-alzheimer-sufrio-una-golpiza-de-su-cuidadora\/","url":"https:\/\/informelitoral.com.ar\/un-abuela-con-alzheimer-sufrio-una-golpiza-de-su-cuidadora\/","name":"Un abuela con alzheimer sufri\u00f3 una golpiza de su cuidadora - Informe Litoral","isPartOf":{"@id":"https:\/\/informelitoral.com.ar\/#website"},"datePublished":"2016-02-04T16:17:56+00:00","breadcrumb":{"@id":"https:\/\/informelitoral.com.ar\/un-abuela-con-alzheimer-sufrio-una-golpiza-de-su-cuidadora\/#breadcrumb"},"inLanguage":"es","potentialAction":[{"@type":"ReadAction","target":["https:\/\/informelitoral.com.ar\/un-abuela-con-alzheimer-sufrio-una-golpiza-de-su-cuidadora\/"]}]},{"@type":"BreadcrumbList","@id":"https:\/\/informelitoral.com.ar\/un-abuela-con-alzheimer-sufrio-una-golpiza-de-su-cuidadora\/#breadcrumb","itemListElement":[{"@type":"ListItem","position":1,"name":"Portada","item":"https:\/\/informelitoral.com.ar\/"},{"@type":"ListItem","position":2,"name":"Un abuela con alzheimer sufri\u00f3 una golpiza de su cuidadora"}]},{"@type":"WebSite","@id":"https:\/\/informelitoral.com.ar\/#website","url":"https:\/\/informelitoral.com.ar\/","name":"Informe Litoral","description":"&quot;Nos informamos&quot; ","publisher":{"@id":"https:\/\/informelitoral.com.ar\/#organization"},"potentialAction":[{"@type":"SearchAction","target":{"@type":"EntryPoint","urlTemplate":"https:\/\/informelitoral.com.ar\/?s={search_term_string}"},"query-input":{"@type":"PropertyValueSpecification","valueRequired":true,"valueName":"search_term_string"}}],"inLanguage":"es"},{"@type":"Organization","@id":"https:\/\/informelitoral.com.ar\/#organization","name":"Informe Litoral","url":"https:\/\/informelitoral.com.ar\/","logo":{"@type":"ImageObject","inLanguage":"es","@id":"https:\/\/informelitoral.com.ar\/#\/schema\/logo\/image\/","url":"https:\/\/informelitoral.com.ar\/%77%70%2d%63%6f%6e%74%65%6e%74\/uploads\/2021\/01\/circulo.png","contentUrl":"https:\/\/informelitoral.com.ar\/%77%70%2d%63%6f%6e%74%65%6e%74\/uploads\/2021\/01\/circulo.png","width":723,"height":731,"caption":"Informe Litoral"},"image":{"@id":"https:\/\/informelitoral.com.ar\/#\/schema\/logo\/image\/"},"sameAs":["https:\/\/www.facebook.com\/informelitoral\/","https:\/\/x.com\/InformeLitoral","https:\/\/www.instagram.com\/informelitoral\/","https:\/\/www.youtube.com\/channel\/UCua4Qvz8Icb6MYqhoq9xLXw"]},{"@type":"Person","@id":"https:\/\/informelitoral.com.ar\/#\/schema\/person\/b9d00407c836482871ef1d57bf8e3180","name":"Gonzalo Schmidt","image":{"@type":"ImageObject","inLanguage":"es","@id":"https:\/\/secure.gravatar.com\/avatar\/31a1a7b66ff2de83bd0e9fd79d026630d2d99e55e8bfe501287647b4fd9743de?s=96&d=mm&r=g","url":"https:\/\/secure.gravatar.com\/avatar\/31a1a7b66ff2de83bd0e9fd79d026630d2d99e55e8bfe501287647b4fd9743de?s=96&d=mm&r=g","contentUrl":"https:\/\/secure.gravatar.com\/avatar\/31a1a7b66ff2de83bd0e9fd79d026630d2d99e55e8bfe501287647b4fd9743de?s=96&d=mm&r=g","caption":"Gonzalo Schmidt"},"description":"Sitio web de noticias de la provincia de Entre R\u00edos, Argentina. Informaci\u00f3n y entretenimiento. Informe Litoral, nos informamos.","sameAs":["http:\/\/www.isletasnoticias.com.ar"],"url":"https:\/\/informelitoral.com.ar\/author\/gonzalo\/"}]}},"_links":{"self":[{"href":"https:\/\/informelitoral.com.ar\/%77%70%2d%6a%73%6f%6e\/wp\/v2\/posts\/13622","targetHints":{"allow":["GET"]}}],"collection":[{"href":"https:\/\/informelitoral.com.ar\/%77%70%2d%6a%73%6f%6e\/wp\/v2\/posts"}],"about":[{"href":"https:\/\/informelitoral.com.ar\/%77%70%2d%6a%73%6f%6e\/wp\/v2\/types\/post"}],"author":[{"embeddable":true,"href":"https:\/\/informelitoral.com.ar\/%77%70%2d%6a%73%6f%6e\/wp\/v2\/users\/2"}],"replies":[{"embeddable":true,"href":"https:\/\/informelitoral.com.ar\/%77%70%2d%6a%73%6f%6e\/wp\/v2\/comments?post=13622"}],"version-history":[{"count":0,"href":"https:\/\/informelitoral.com.ar\/%77%70%2d%6a%73%6f%6e\/wp\/v2\/posts\/13622\/revisions"}],"wp:attachment":[{"href":"https:\/\/informelitoral.com.ar\/%77%70%2d%6a%73%6f%6e\/wp\/v2\/media?parent=13622"}],"wp:term":[{"taxonomy":"category","embeddable":true,"href":"https:\/\/informelitoral.com.ar\/%77%70%2d%6a%73%6f%6e\/wp\/v2\/categories?post=13622"},{"taxonomy":"post_tag","embeddable":true,"href":"https:\/\/informelitoral.com.ar\/%77%70%2d%6a%73%6f%6e\/wp\/v2\/tags?post=13622"}],"curies":[{"name":"wp","href":"https:\/\/api.w.org\/{rel}","templated":true}]}}