{"id":13611,"date":"2016-02-04T00:35:26","date_gmt":"2016-02-04T03:35:26","guid":{"rendered":"http:\/\/www.isletasnoticias.com.ar\/?p=13611"},"modified":"2016-02-03T23:47:47","modified_gmt":"2016-02-04T02:47:47","slug":"ramirez-comienza-la-sexta-temporada-del-programa-radial-uno-por-semana","status":"publish","type":"post","link":"https:\/\/informelitoral.com.ar\/ramirez-comienza-la-sexta-temporada-del-programa-radial-uno-por-semana\/","title":{"rendered":"Ram\u00edrez: comienza la sexta temporada del programa radial Uno por Semana"},"content":{"rendered":"<p><strong>El pr\u00f3ximo s\u00e1bado 6 de febero, vuelve el programa radial de<i> GES Medios<\/i>. El ciclo, que cumple seis a\u00f1os el 6 de marzo, va de 15.00 a 18.00 por <em>FM Eco 100.3<\/em> o <a href=\"https:\/\/www.google.com.ar\/url?sa=t&amp;rct=j&amp;q=&amp;esrc=s&amp;source=web&amp;cd=1&amp;cad=rja&amp;uact=8&amp;ved=0ahUKEwiNmNjbi93KAhVJ1B4KHXLrAy4QFggbMAA&amp;url=http%3A%2F%2Fwww.fmeco1003.com.ar%2F&amp;usg=AFQjCNFt2aM390TicrrS3LrYmFDe7UHlVQ\">www.fmeco1003.com.ar<\/a><a href=\"http:\/\/www.isletasnoticias.com.ar\/%77%70%2d%63%6f%6e%74%65%6e%74\/uploads\/2016\/02\/11071826_633138026829903_8903038372358357893_n.jpg\"><img loading=\"lazy\" decoding=\"async\" class=\"aligncenter size-full wp-image-13614\" src=\"http:\/\/www.isletasnoticias.com.ar\/%77%70%2d%63%6f%6e%74%65%6e%74\/uploads\/2016\/02\/11071826_633138026829903_8903038372358357893_n.jpg\" alt=\"11071826_633138026829903_8903038372358357893_n\" width=\"960\" height=\"720\" srcset=\"https:\/\/informelitoral.com.ar\/%77%70%2d%63%6f%6e%74%65%6e%74\/uploads\/2016\/02\/11071826_633138026829903_8903038372358357893_n.jpg 960w, https:\/\/informelitoral.com.ar\/%77%70%2d%63%6f%6e%74%65%6e%74\/uploads\/2016\/02\/11071826_633138026829903_8903038372358357893_n-300x225.jpg 300w\" sizes=\"auto, (max-width: 960px) 100vw, 960px\" \/><\/a><\/strong><\/p>\n<p>Este s\u00e1bado 6 de febrero, de 15:00 a 18:00, comienza la temporada 2016 del programa <a href=\"https:\/\/www.google.com.ar\/url?sa=t&amp;rct=j&amp;q=&amp;esrc=s&amp;source=web&amp;cd=1&amp;cad=rja&amp;uact=8&amp;ved=0ahUKEwiK0v7ti93KAhWG6x4KHUh5BbMQFggaMAA&amp;url=https%3A%2F%2Fes-la.facebook.com%2Fpublic%2FUno-Por-Semana&amp;usg=AFQjCNGh6QqfhF4HVfM3My7c_IUuZS-sAA&amp;bvm=bv.113370389,d.dmo\"><em>Uno por Semana<\/em> <\/a>de FM Eco 100.3, \u201cLa Radio de Gral. Ram\u00edrez y la Regi\u00f3n\u201d.<\/p>\n<p>El ciclo radial, es conducido por <strong>Gonzalo Schmidt <\/strong>y\u00a0en la operaci\u00f3n t\u00e9cnica est\u00e1 <strong>Emiliano Sch\u00e1nzenbach.<\/strong><\/p>\n<p>El programa que va por su sexto a\u00f1o al aire; est\u00e1 compuesto por m\u00fasica, informaci\u00f3n, entrevistas, invitados, sorteos y peri\u00f3dicamente se realizan transmisiones desde exteriores.<\/p>\n<p>En internet la radio se puede sintonizar en: <a href=\"https:\/\/www.google.com.ar\/url?sa=t&amp;rct=j&amp;q=&amp;esrc=s&amp;source=web&amp;cd=1&amp;cad=rja&amp;uact=8&amp;ved=0ahUKEwiNmNjbi93KAhVJ1B4KHXLrAy4QFggbMAA&amp;url=http%3A%2F%2Fwww.fmeco1003.com.ar%2F&amp;usg=AFQjCNFt2aM390TicrrS3LrYmFDe7UHlVQ\">www.fmeco1003.com.ar<\/a> <em>(IN)<\/em><\/p>\n","protected":false},"excerpt":{"rendered":"<p>El pr&oacute;ximo s&aacute;bado 6 de febero, vuelve el programa radial de GES Medios. El ciclo, que cumple seis a&ntilde;os el 6 de marzo, va de 15.00 a 18.00 por FM Eco 100.3 o www.fmeco1003.com.ar Este s&aacute;bado 6 de febrero, de 15:00 a 18:00, comienza la temporada 2016 del programa Uno por Semana de FM Eco [&hellip;]<\/p>\n","protected":false},"author":2,"featured_media":0,"comment_status":"open","ping_status":"open","sticky":false,"template":"","format":"standard","meta":{"fifu_image_url":"","fifu_image_alt":"","footnotes":""},"categories":[5,12,9],"tags":[],"class_list":{"0":"post-13611","1":"post","2":"type-post","3":"status-publish","4":"format-standard","6":"category-zonales","7":"category-espectaculos","8":"category-sociedad"},"yoast_head":"<title>Ram\u00edrez: comienza la sexta temporada del programa radial Uno por Semana - Informe Litoral<\/title>\n<meta name=\"robots\" content=\"index, follow, max-snippet:-1, max-image-preview:large, max-video-preview:-1\" \/>\n<link rel=\"canonical\" href=\"https:\/\/informelitoral.com.ar\/ramirez-comienza-la-sexta-temporada-del-programa-radial-uno-por-semana\/\" \/>\n<meta property=\"og:locale\" content=\"es_ES\" \/>\n<meta property=\"og:type\" content=\"article\" \/>\n<meta property=\"og:title\" content=\"Ram\u00edrez: comienza la sexta temporada del programa radial Uno por Semana - Informe Litoral\" \/>\n<meta property=\"og:description\" content=\"El pr&oacute;ximo s&aacute;bado 6 de febero, vuelve el programa radial de GES Medios. El ciclo, que cumple seis a&ntilde;os el 6 de marzo, va de 15.00 a 18.00 por FM Eco 100.3 o www.fmeco1003.com.ar Este s&aacute;bado 6 de febrero, de 15:00 a 18:00, comienza la temporada 2016 del programa Uno por Semana de FM Eco [&hellip;]\" \/>\n<meta property=\"og:url\" content=\"https:\/\/informelitoral.com.ar\/ramirez-comienza-la-sexta-temporada-del-programa-radial-uno-por-semana\/\" \/>\n<meta property=\"og:site_name\" content=\"Informe Litoral\" \/>\n<meta property=\"article:publisher\" content=\"https:\/\/www.facebook.com\/informelitoral\/\" \/>\n<meta property=\"article:published_time\" content=\"2016-02-04T03:35:26+00:00\" \/>\n<meta property=\"og:image\" content=\"https:\/\/informelitoral.com.ar\/%77%70%2d%63%6f%6e%74%65%6e%74\/uploads\/2016\/02\/11071826_633138026829903_8903038372358357893_n.jpg\" \/>\n\t<meta property=\"og:image:width\" content=\"960\" \/>\n\t<meta property=\"og:image:height\" content=\"720\" \/>\n\t<meta property=\"og:image:type\" content=\"image\/jpeg\" \/>\n<meta name=\"author\" content=\"Gonzalo Schmidt\" \/>\n<meta name=\"twitter:card\" content=\"summary_large_image\" \/>\n<meta name=\"twitter:creator\" content=\"@InformeLitoral\" \/>\n<meta name=\"twitter:site\" content=\"@InformeLitoral\" \/>\n<meta name=\"twitter:label1\" content=\"Escrito por\" \/>\n\t<meta name=\"twitter:data1\" content=\"Gonzalo Schmidt\" \/>\n\t<meta name=\"twitter:label2\" content=\"Tiempo de lectura\" \/>\n\t<meta name=\"twitter:data2\" content=\"1 minuto\" \/>\n<script type=\"application\/ld+json\" class=\"yoast-schema-graph\">{\"@context\":\"https:\\\/\\\/schema.org\",\"@graph\":[{\"@type\":\"Article\",\"@id\":\"https:\\\/\\\/informelitoral.com.ar\\\/ramirez-comienza-la-sexta-temporada-del-programa-radial-uno-por-semana\\\/#article\",\"isPartOf\":{\"@id\":\"https:\\\/\\\/informelitoral.com.ar\\\/ramirez-comienza-la-sexta-temporada-del-programa-radial-uno-por-semana\\\/\"},\"author\":{\"name\":\"Gonzalo Schmidt\",\"@id\":\"https:\\\/\\\/informelitoral.com.ar\\\/#\\\/schema\\\/person\\\/b9d00407c836482871ef1d57bf8e3180\"},\"headline\":\"Ram\u00edrez: comienza la sexta temporada del programa radial Uno por Semana\",\"datePublished\":\"2016-02-04T03:35:26+00:00\",\"mainEntityOfPage\":{\"@id\":\"https:\\\/\\\/informelitoral.com.ar\\\/ramirez-comienza-la-sexta-temporada-del-programa-radial-uno-por-semana\\\/\"},\"wordCount\":136,\"commentCount\":0,\"publisher\":{\"@id\":\"https:\\\/\\\/informelitoral.com.ar\\\/#organization\"},\"image\":{\"@id\":\"https:\\\/\\\/informelitoral.com.ar\\\/ramirez-comienza-la-sexta-temporada-del-programa-radial-uno-por-semana\\\/#primaryimage\"},\"thumbnailUrl\":\"http:\\\/\\\/www.isletasnoticias.com.ar\\\/%77%70%2d%63%6f%6e%74%65%6e%74\\\/uploads\\\/2016\\\/02\\\/11071826_633138026829903_8903038372358357893_n.jpg\",\"articleSection\":[\"Departamento Diamante\",\"Espect\u00e1culos\",\"Sociedad\"],\"inLanguage\":\"es\",\"potentialAction\":[{\"@type\":\"CommentAction\",\"name\":\"Comment\",\"target\":[\"https:\\\/\\\/informelitoral.com.ar\\\/ramirez-comienza-la-sexta-temporada-del-programa-radial-uno-por-semana\\\/#respond\"]}]},{\"@type\":\"WebPage\",\"@id\":\"https:\\\/\\\/informelitoral.com.ar\\\/ramirez-comienza-la-sexta-temporada-del-programa-radial-uno-por-semana\\\/\",\"url\":\"https:\\\/\\\/informelitoral.com.ar\\\/ramirez-comienza-la-sexta-temporada-del-programa-radial-uno-por-semana\\\/\",\"name\":\"Ram\u00edrez: comienza la sexta temporada del programa radial Uno por Semana - Informe Litoral\",\"isPartOf\":{\"@id\":\"https:\\\/\\\/informelitoral.com.ar\\\/#website\"},\"primaryImageOfPage\":{\"@id\":\"https:\\\/\\\/informelitoral.com.ar\\\/ramirez-comienza-la-sexta-temporada-del-programa-radial-uno-por-semana\\\/#primaryimage\"},\"image\":{\"@id\":\"https:\\\/\\\/informelitoral.com.ar\\\/ramirez-comienza-la-sexta-temporada-del-programa-radial-uno-por-semana\\\/#primaryimage\"},\"thumbnailUrl\":\"http:\\\/\\\/www.isletasnoticias.com.ar\\\/%77%70%2d%63%6f%6e%74%65%6e%74\\\/uploads\\\/2016\\\/02\\\/11071826_633138026829903_8903038372358357893_n.jpg\",\"datePublished\":\"2016-02-04T03:35:26+00:00\",\"breadcrumb\":{\"@id\":\"https:\\\/\\\/informelitoral.com.ar\\\/ramirez-comienza-la-sexta-temporada-del-programa-radial-uno-por-semana\\\/#breadcrumb\"},\"inLanguage\":\"es\",\"potentialAction\":[{\"@type\":\"ReadAction\",\"target\":[\"https:\\\/\\\/informelitoral.com.ar\\\/ramirez-comienza-la-sexta-temporada-del-programa-radial-uno-por-semana\\\/\"]}]},{\"@type\":\"ImageObject\",\"inLanguage\":\"es\",\"@id\":\"https:\\\/\\\/informelitoral.com.ar\\\/ramirez-comienza-la-sexta-temporada-del-programa-radial-uno-por-semana\\\/#primaryimage\",\"url\":\"http:\\\/\\\/www.isletasnoticias.com.ar\\\/%77%70%2d%63%6f%6e%74%65%6e%74\\\/uploads\\\/2016\\\/02\\\/11071826_633138026829903_8903038372358357893_n.jpg\",\"contentUrl\":\"http:\\\/\\\/www.isletasnoticias.com.ar\\\/%77%70%2d%63%6f%6e%74%65%6e%74\\\/uploads\\\/2016\\\/02\\\/11071826_633138026829903_8903038372358357893_n.jpg\"},{\"@type\":\"BreadcrumbList\",\"@id\":\"https:\\\/\\\/informelitoral.com.ar\\\/ramirez-comienza-la-sexta-temporada-del-programa-radial-uno-por-semana\\\/#breadcrumb\",\"itemListElement\":[{\"@type\":\"ListItem\",\"position\":1,\"name\":\"Portada\",\"item\":\"https:\\\/\\\/informelitoral.com.ar\\\/\"},{\"@type\":\"ListItem\",\"position\":2,\"name\":\"Ram\u00edrez: comienza la sexta temporada del programa radial Uno por Semana\"}]},{\"@type\":\"WebSite\",\"@id\":\"https:\\\/\\\/informelitoral.com.ar\\\/#website\",\"url\":\"https:\\\/\\\/informelitoral.com.ar\\\/\",\"name\":\"Informe Litoral\",\"description\":\"&quot;Nos informamos&quot; \",\"publisher\":{\"@id\":\"https:\\\/\\\/informelitoral.com.ar\\\/#organization\"},\"potentialAction\":[{\"@type\":\"SearchAction\",\"target\":{\"@type\":\"EntryPoint\",\"urlTemplate\":\"https:\\\/\\\/informelitoral.com.ar\\\/?s={search_term_string}\"},\"query-input\":{\"@type\":\"PropertyValueSpecification\",\"valueRequired\":true,\"valueName\":\"search_term_string\"}}],\"inLanguage\":\"es\"},{\"@type\":\"Organization\",\"@id\":\"https:\\\/\\\/informelitoral.com.ar\\\/#organization\",\"name\":\"Informe Litoral\",\"url\":\"https:\\\/\\\/informelitoral.com.ar\\\/\",\"logo\":{\"@type\":\"ImageObject\",\"inLanguage\":\"es\",\"@id\":\"https:\\\/\\\/informelitoral.com.ar\\\/#\\\/schema\\\/logo\\\/image\\\/\",\"url\":\"https:\\\/\\\/informelitoral.com.ar\\\/%77%70%2d%63%6f%6e%74%65%6e%74\\\/uploads\\\/2021\\\/01\\\/circulo.png\",\"contentUrl\":\"https:\\\/\\\/informelitoral.com.ar\\\/%77%70%2d%63%6f%6e%74%65%6e%74\\\/uploads\\\/2021\\\/01\\\/circulo.png\",\"width\":723,\"height\":731,\"caption\":\"Informe Litoral\"},\"image\":{\"@id\":\"https:\\\/\\\/informelitoral.com.ar\\\/#\\\/schema\\\/logo\\\/image\\\/\"},\"sameAs\":[\"https:\\\/\\\/www.facebook.com\\\/informelitoral\\\/\",\"https:\\\/\\\/x.com\\\/InformeLitoral\",\"https:\\\/\\\/www.instagram.com\\\/informelitoral\\\/\",\"https:\\\/\\\/www.youtube.com\\\/channel\\\/UCua4Qvz8Icb6MYqhoq9xLXw\"]},{\"@type\":\"Person\",\"@id\":\"https:\\\/\\\/informelitoral.com.ar\\\/#\\\/schema\\\/person\\\/b9d00407c836482871ef1d57bf8e3180\",\"name\":\"Gonzalo Schmidt\",\"image\":{\"@type\":\"ImageObject\",\"inLanguage\":\"es\",\"@id\":\"https:\\\/\\\/secure.gravatar.com\\\/avatar\\\/31a1a7b66ff2de83bd0e9fd79d026630d2d99e55e8bfe501287647b4fd9743de?s=96&d=mm&r=g\",\"url\":\"https:\\\/\\\/secure.gravatar.com\\\/avatar\\\/31a1a7b66ff2de83bd0e9fd79d026630d2d99e55e8bfe501287647b4fd9743de?s=96&d=mm&r=g\",\"contentUrl\":\"https:\\\/\\\/secure.gravatar.com\\\/avatar\\\/31a1a7b66ff2de83bd0e9fd79d026630d2d99e55e8bfe501287647b4fd9743de?s=96&d=mm&r=g\",\"caption\":\"Gonzalo Schmidt\"},\"description\":\"Sitio web de noticias de la provincia de Entre R\u00edos, Argentina. Informaci\u00f3n y entretenimiento. Informe Litoral, nos informamos.\",\"sameAs\":[\"http:\\\/\\\/www.isletasnoticias.com.ar\"],\"url\":\"https:\\\/\\\/informelitoral.com.ar\\\/author\\\/gonzalo\\\/\"}]}<\/script>","yoast_head_json":{"title":"Ram\u00edrez: comienza la sexta temporada del programa radial Uno por Semana - Informe Litoral","robots":{"index":"index","follow":"follow","max-snippet":"max-snippet:-1","max-image-preview":"max-image-preview:large","max-video-preview":"max-video-preview:-1"},"canonical":"https:\/\/informelitoral.com.ar\/ramirez-comienza-la-sexta-temporada-del-programa-radial-uno-por-semana\/","og_locale":"es_ES","og_type":"article","og_title":"Ram\u00edrez: comienza la sexta temporada del programa radial Uno por Semana - Informe Litoral","og_description":"El pr&oacute;ximo s&aacute;bado 6 de febero, vuelve el programa radial de GES Medios. El ciclo, que cumple seis a&ntilde;os el 6 de marzo, va de 15.00 a 18.00 por FM Eco 100.3 o www.fmeco1003.com.ar Este s&aacute;bado 6 de febrero, de 15:00 a 18:00, comienza la temporada 2016 del programa Uno por Semana de FM Eco [&hellip;]","og_url":"https:\/\/informelitoral.com.ar\/ramirez-comienza-la-sexta-temporada-del-programa-radial-uno-por-semana\/","og_site_name":"Informe Litoral","article_publisher":"https:\/\/www.facebook.com\/informelitoral\/","article_published_time":"2016-02-04T03:35:26+00:00","og_image":[{"width":960,"height":720,"url":"https:\/\/informelitoral.com.ar\/%77%70%2d%63%6f%6e%74%65%6e%74\/uploads\/2016\/02\/11071826_633138026829903_8903038372358357893_n.jpg","type":"image\/jpeg"}],"author":"Gonzalo Schmidt","twitter_card":"summary_large_image","twitter_creator":"@InformeLitoral","twitter_site":"@InformeLitoral","twitter_misc":{"Escrito por":"Gonzalo Schmidt","Tiempo de lectura":"1 minuto"},"schema":{"@context":"https:\/\/schema.org","@graph":[{"@type":"Article","@id":"https:\/\/informelitoral.com.ar\/ramirez-comienza-la-sexta-temporada-del-programa-radial-uno-por-semana\/#article","isPartOf":{"@id":"https:\/\/informelitoral.com.ar\/ramirez-comienza-la-sexta-temporada-del-programa-radial-uno-por-semana\/"},"author":{"name":"Gonzalo Schmidt","@id":"https:\/\/informelitoral.com.ar\/#\/schema\/person\/b9d00407c836482871ef1d57bf8e3180"},"headline":"Ram\u00edrez: comienza la sexta temporada del programa radial Uno por Semana","datePublished":"2016-02-04T03:35:26+00:00","mainEntityOfPage":{"@id":"https:\/\/informelitoral.com.ar\/ramirez-comienza-la-sexta-temporada-del-programa-radial-uno-por-semana\/"},"wordCount":136,"commentCount":0,"publisher":{"@id":"https:\/\/informelitoral.com.ar\/#organization"},"image":{"@id":"https:\/\/informelitoral.com.ar\/ramirez-comienza-la-sexta-temporada-del-programa-radial-uno-por-semana\/#primaryimage"},"thumbnailUrl":"http:\/\/www.isletasnoticias.com.ar\/%77%70%2d%63%6f%6e%74%65%6e%74\/uploads\/2016\/02\/11071826_633138026829903_8903038372358357893_n.jpg","articleSection":["Departamento Diamante","Espect\u00e1culos","Sociedad"],"inLanguage":"es","potentialAction":[{"@type":"CommentAction","name":"Comment","target":["https:\/\/informelitoral.com.ar\/ramirez-comienza-la-sexta-temporada-del-programa-radial-uno-por-semana\/#respond"]}]},{"@type":"WebPage","@id":"https:\/\/informelitoral.com.ar\/ramirez-comienza-la-sexta-temporada-del-programa-radial-uno-por-semana\/","url":"https:\/\/informelitoral.com.ar\/ramirez-comienza-la-sexta-temporada-del-programa-radial-uno-por-semana\/","name":"Ram\u00edrez: comienza la sexta temporada del programa radial Uno por Semana - Informe Litoral","isPartOf":{"@id":"https:\/\/informelitoral.com.ar\/#website"},"primaryImageOfPage":{"@id":"https:\/\/informelitoral.com.ar\/ramirez-comienza-la-sexta-temporada-del-programa-radial-uno-por-semana\/#primaryimage"},"image":{"@id":"https:\/\/informelitoral.com.ar\/ramirez-comienza-la-sexta-temporada-del-programa-radial-uno-por-semana\/#primaryimage"},"thumbnailUrl":"http:\/\/www.isletasnoticias.com.ar\/%77%70%2d%63%6f%6e%74%65%6e%74\/uploads\/2016\/02\/11071826_633138026829903_8903038372358357893_n.jpg","datePublished":"2016-02-04T03:35:26+00:00","breadcrumb":{"@id":"https:\/\/informelitoral.com.ar\/ramirez-comienza-la-sexta-temporada-del-programa-radial-uno-por-semana\/#breadcrumb"},"inLanguage":"es","potentialAction":[{"@type":"ReadAction","target":["https:\/\/informelitoral.com.ar\/ramirez-comienza-la-sexta-temporada-del-programa-radial-uno-por-semana\/"]}]},{"@type":"ImageObject","inLanguage":"es","@id":"https:\/\/informelitoral.com.ar\/ramirez-comienza-la-sexta-temporada-del-programa-radial-uno-por-semana\/#primaryimage","url":"http:\/\/www.isletasnoticias.com.ar\/%77%70%2d%63%6f%6e%74%65%6e%74\/uploads\/2016\/02\/11071826_633138026829903_8903038372358357893_n.jpg","contentUrl":"http:\/\/www.isletasnoticias.com.ar\/%77%70%2d%63%6f%6e%74%65%6e%74\/uploads\/2016\/02\/11071826_633138026829903_8903038372358357893_n.jpg"},{"@type":"BreadcrumbList","@id":"https:\/\/informelitoral.com.ar\/ramirez-comienza-la-sexta-temporada-del-programa-radial-uno-por-semana\/#breadcrumb","itemListElement":[{"@type":"ListItem","position":1,"name":"Portada","item":"https:\/\/informelitoral.com.ar\/"},{"@type":"ListItem","position":2,"name":"Ram\u00edrez: comienza la sexta temporada del programa radial Uno por Semana"}]},{"@type":"WebSite","@id":"https:\/\/informelitoral.com.ar\/#website","url":"https:\/\/informelitoral.com.ar\/","name":"Informe Litoral","description":"&quot;Nos informamos&quot; ","publisher":{"@id":"https:\/\/informelitoral.com.ar\/#organization"},"potentialAction":[{"@type":"SearchAction","target":{"@type":"EntryPoint","urlTemplate":"https:\/\/informelitoral.com.ar\/?s={search_term_string}"},"query-input":{"@type":"PropertyValueSpecification","valueRequired":true,"valueName":"search_term_string"}}],"inLanguage":"es"},{"@type":"Organization","@id":"https:\/\/informelitoral.com.ar\/#organization","name":"Informe Litoral","url":"https:\/\/informelitoral.com.ar\/","logo":{"@type":"ImageObject","inLanguage":"es","@id":"https:\/\/informelitoral.com.ar\/#\/schema\/logo\/image\/","url":"https:\/\/informelitoral.com.ar\/%77%70%2d%63%6f%6e%74%65%6e%74\/uploads\/2021\/01\/circulo.png","contentUrl":"https:\/\/informelitoral.com.ar\/%77%70%2d%63%6f%6e%74%65%6e%74\/uploads\/2021\/01\/circulo.png","width":723,"height":731,"caption":"Informe Litoral"},"image":{"@id":"https:\/\/informelitoral.com.ar\/#\/schema\/logo\/image\/"},"sameAs":["https:\/\/www.facebook.com\/informelitoral\/","https:\/\/x.com\/InformeLitoral","https:\/\/www.instagram.com\/informelitoral\/","https:\/\/www.youtube.com\/channel\/UCua4Qvz8Icb6MYqhoq9xLXw"]},{"@type":"Person","@id":"https:\/\/informelitoral.com.ar\/#\/schema\/person\/b9d00407c836482871ef1d57bf8e3180","name":"Gonzalo Schmidt","image":{"@type":"ImageObject","inLanguage":"es","@id":"https:\/\/secure.gravatar.com\/avatar\/31a1a7b66ff2de83bd0e9fd79d026630d2d99e55e8bfe501287647b4fd9743de?s=96&d=mm&r=g","url":"https:\/\/secure.gravatar.com\/avatar\/31a1a7b66ff2de83bd0e9fd79d026630d2d99e55e8bfe501287647b4fd9743de?s=96&d=mm&r=g","contentUrl":"https:\/\/secure.gravatar.com\/avatar\/31a1a7b66ff2de83bd0e9fd79d026630d2d99e55e8bfe501287647b4fd9743de?s=96&d=mm&r=g","caption":"Gonzalo Schmidt"},"description":"Sitio web de noticias de la provincia de Entre R\u00edos, Argentina. Informaci\u00f3n y entretenimiento. Informe Litoral, nos informamos.","sameAs":["http:\/\/www.isletasnoticias.com.ar"],"url":"https:\/\/informelitoral.com.ar\/author\/gonzalo\/"}]}},"_links":{"self":[{"href":"https:\/\/informelitoral.com.ar\/%77%70%2d%6a%73%6f%6e\/wp\/v2\/posts\/13611","targetHints":{"allow":["GET"]}}],"collection":[{"href":"https:\/\/informelitoral.com.ar\/%77%70%2d%6a%73%6f%6e\/wp\/v2\/posts"}],"about":[{"href":"https:\/\/informelitoral.com.ar\/%77%70%2d%6a%73%6f%6e\/wp\/v2\/types\/post"}],"author":[{"embeddable":true,"href":"https:\/\/informelitoral.com.ar\/%77%70%2d%6a%73%6f%6e\/wp\/v2\/users\/2"}],"replies":[{"embeddable":true,"href":"https:\/\/informelitoral.com.ar\/%77%70%2d%6a%73%6f%6e\/wp\/v2\/comments?post=13611"}],"version-history":[{"count":0,"href":"https:\/\/informelitoral.com.ar\/%77%70%2d%6a%73%6f%6e\/wp\/v2\/posts\/13611\/revisions"}],"wp:attachment":[{"href":"https:\/\/informelitoral.com.ar\/%77%70%2d%6a%73%6f%6e\/wp\/v2\/media?parent=13611"}],"wp:term":[{"taxonomy":"category","embeddable":true,"href":"https:\/\/informelitoral.com.ar\/%77%70%2d%6a%73%6f%6e\/wp\/v2\/categories?post=13611"},{"taxonomy":"post_tag","embeddable":true,"href":"https:\/\/informelitoral.com.ar\/%77%70%2d%6a%73%6f%6e\/wp\/v2\/tags?post=13611"}],"curies":[{"name":"wp","href":"https:\/\/api.w.org\/{rel}","templated":true}]}}