{"id":13582,"date":"2016-02-03T08:41:59","date_gmt":"2016-02-03T11:41:59","guid":{"rendered":"http:\/\/www.isletasnoticias.com.ar\/?p=13582"},"modified":"2016-02-03T08:41:59","modified_gmt":"2016-02-03T11:41:59","slug":"agmer-pedira-un-aumento-no-menor-al-45","status":"publish","type":"post","link":"https:\/\/informelitoral.com.ar\/agmer-pedira-un-aumento-no-menor-al-45\/","title":{"rendered":"AGMER pedir\u00e1 un aumento \u00abno menor al 45%\u00bb"},"content":{"rendered":"<p><strong>Se realiz\u00f3 la habitual reuni\u00f3n de la Comisi\u00f3n del Salario de la Asociaci\u00f3n Gremial de Magisterio de Entre R\u00edos (AGMER). Los representantes docentes definieron ratificar el pedido \u00abno menor al 45% de aumento salarial\u00bb, basados en la inflaci\u00f3n.<a href=\"http:\/\/www.isletasnoticias.com.ar\/%77%70%2d%63%6f%6e%74%65%6e%74\/uploads\/2016\/02\/o_1444059312.jpg\"><img loading=\"lazy\" decoding=\"async\" class=\"aligncenter size-full wp-image-13583\" src=\"http:\/\/www.isletasnoticias.com.ar\/%77%70%2d%63%6f%6e%74%65%6e%74\/uploads\/2016\/02\/o_1444059312.jpg\" alt=\"o_1444059312\" width=\"800\" height=\"450\" srcset=\"https:\/\/informelitoral.com.ar\/%77%70%2d%63%6f%6e%74%65%6e%74\/uploads\/2016\/02\/o_1444059312.jpg 800w, https:\/\/informelitoral.com.ar\/%77%70%2d%63%6f%6e%74%65%6e%74\/uploads\/2016\/02\/o_1444059312-300x169.jpg 300w\" sizes=\"auto, (max-width: 800px) 100vw, 800px\" \/><\/a><\/strong><\/p>\n<p>Los gremios delinean lo que ser\u00e1 el 2016. La discusi\u00f3n paritaria ronda en torno al porcentaje de aumento que se acordar\u00e1 entre los trabajadores y el Gobierno.<\/p>\n<p>Los docentes no son la excepci\u00f3n y ayer realizaron la reuni\u00f3n en la que participaron los integrantes de la Comisi\u00f3n del Salario y un grupo de secretarios generales en representaci\u00f3n de varios Departamentos de la provincia.<\/p>\n<p>El docente de Gualeguaych\u00fa, <strong>Eugenio Jaquemain<\/strong>, particip\u00f3 del encuentro y relat\u00f3 a <em>El D\u00eda<\/em> que es \u00abuna comisi\u00f3n de consenso que tiene a todos los sectores representados\u00bb y que tras unas cinco horas de di\u00e1logo, se ratific\u00f3 lo que se ven\u00eda hablando, que es una solicitud no menor al 45% de aumento, con un 20% inmediato a cuenta de la discusi\u00f3n salarial, en caso de no llegar a un acuerdo\u00bb.<br \/>\nEste porcentaje es altamente superior al que el Ministro de Trabajo de la Naci\u00f3n, Jorge Triaca, anunci\u00f3 como techo de discusi\u00f3n, que delimit\u00f3 entre un 20 y 25%.<\/p>\n<p>Al respecto, Jaquemain opin\u00f3 que \u00abel Ministro se tendr\u00e1 que hacer cargo de la pol\u00edtica salarial que plantea su gobierno y nosotros nos tenemos que hacer cargo de las necesidades de los trabajadores\u00bb.<br \/>\nLuego, agreg\u00f3 que \u00abnosotros sostenemos que tenemos un atraso salarial del a\u00f1o pasado de entre un 15 y un 20%, sumado a los porcentajes del nuevo gobierno; con esas cifras alcanzamos una inflaci\u00f3n de entre el 30 y el 40% en los productos b\u00e1sicos, por lo tanto estamos por encima del piso que estamos pidiendo\u00bb, reprodujo <em>Elonce.com<\/em><\/p>\n<p>Asimismo, asegur\u00f3 que \u00abdesde el sill\u00f3n del Ministro a nivel nacional todo es muy c\u00f3modo, pero nosotros lo vemos diferente. Ac\u00e1 hay una realidad: que venga Triaca con nosotros a recorrer el supermercado o el almac\u00e9n de barrio con el carrito o la bolsa y despu\u00e9s charlamos si el 25% alcanza o no alcanza\u00bb.<br \/>\nAdem\u00e1s, asegur\u00f3 que desde el gremio \u00abtenemos que garantizar que el salario sea digno y que permita al trabajador vivir con dignidad y alcanzar la canasta alimentaria\u00bb.<br \/>\nFinalmente, el docente dijo que \u00abhay que ver los \u00edndices de inflaci\u00f3n que el Gobierno est\u00e1 reconociendo y eso tenemos que recuperarlo; no alcanzan las declaraciones de un Ministro, lo que nos tiene que alcanzar es la plata\u00bb.<\/p>\n<p><b>Posibles marchas y reclamos<\/b><br \/>\nJaquemain confirm\u00f3 a <i>El D\u00eda<\/i> que \u00abel Sindicato empez\u00f3 a motorizar marchas, reclamos de jubilados, y lo que viene es la reuni\u00f3n de Secretarios Generales, luego la Asamblea Departamental y el Congreso que va a estar definiendo acciones\u00bb.<br \/>\nAsimismo, adelant\u00f3 que \u00abdesde el d\u00eda 10 lo que tenemos definidas son acciones para manifestar nuestra disconformidad, y veremos el 29 (d\u00eda pautado para el inicio de clases) c\u00f3mo est\u00e1n las cosas con el gobierno provincial para ver si comenzamos regularmente o se comienza con un paro de actividades docentes; o tal vez se pongan las pilas e invierten en la educaci\u00f3n, no s\u00f3lo en salario sino tambi\u00e9n en infraestructura\u00bb, concluy\u00f3.<\/p>\n","protected":false},"excerpt":{"rendered":"<p>Se realiz&oacute; la habitual reuni&oacute;n de la Comisi&oacute;n del Salario de la Asociaci&oacute;n Gremial de Magisterio de Entre R&iacute;os (AGMER). Los representantes docentes definieron ratificar el pedido &laquo;no menor al 45% de aumento salarial&raquo;, basados en la inflaci&oacute;n. Los gremios delinean lo que ser&aacute; el 2016. La discusi&oacute;n paritaria ronda en torno al porcentaje de [&hellip;]<\/p>\n","protected":false},"author":2,"featured_media":0,"comment_status":"open","ping_status":"open","sticky":false,"template":"","format":"standard","meta":{"fifu_image_url":"","fifu_image_alt":"","footnotes":""},"categories":[6],"tags":[],"class_list":{"0":"post-13582","1":"post","2":"type-post","3":"status-publish","4":"format-standard","6":"category-entre-rios"},"yoast_head":"<title>AGMER pedir\u00e1 un aumento &quot;no menor al 45%&quot; - Informe Litoral<\/title>\n<meta name=\"robots\" content=\"index, follow, max-snippet:-1, max-image-preview:large, max-video-preview:-1\" \/>\n<link rel=\"canonical\" href=\"https:\/\/informelitoral.com.ar\/agmer-pedira-un-aumento-no-menor-al-45\/\" \/>\n<meta property=\"og:locale\" content=\"es_ES\" \/>\n<meta property=\"og:type\" content=\"article\" \/>\n<meta property=\"og:title\" content=\"AGMER pedir\u00e1 un aumento &quot;no menor al 45%&quot; - Informe Litoral\" \/>\n<meta property=\"og:description\" content=\"Se realiz&oacute; la habitual reuni&oacute;n de la Comisi&oacute;n del Salario de la Asociaci&oacute;n Gremial de Magisterio de Entre R&iacute;os (AGMER). Los representantes docentes definieron ratificar el pedido &laquo;no menor al 45% de aumento salarial&raquo;, basados en la inflaci&oacute;n. Los gremios delinean lo que ser&aacute; el 2016. La discusi&oacute;n paritaria ronda en torno al porcentaje de [&hellip;]\" \/>\n<meta property=\"og:url\" content=\"https:\/\/informelitoral.com.ar\/agmer-pedira-un-aumento-no-menor-al-45\/\" \/>\n<meta property=\"og:site_name\" content=\"Informe Litoral\" \/>\n<meta property=\"article:publisher\" content=\"https:\/\/www.facebook.com\/informelitoral\/\" \/>\n<meta property=\"article:published_time\" content=\"2016-02-03T11:41:59+00:00\" \/>\n<meta property=\"og:image\" content=\"https:\/\/informelitoral.com.ar\/%77%70%2d%63%6f%6e%74%65%6e%74\/uploads\/2016\/02\/o_1444059312.jpg\" \/>\n\t<meta property=\"og:image:width\" content=\"800\" \/>\n\t<meta property=\"og:image:height\" content=\"450\" \/>\n\t<meta property=\"og:image:type\" content=\"image\/jpeg\" \/>\n<meta name=\"author\" content=\"Gonzalo Schmidt\" \/>\n<meta name=\"twitter:card\" content=\"summary_large_image\" \/>\n<meta name=\"twitter:creator\" content=\"@InformeLitoral\" \/>\n<meta name=\"twitter:site\" content=\"@InformeLitoral\" \/>\n<meta name=\"twitter:label1\" content=\"Escrito por\" \/>\n\t<meta name=\"twitter:data1\" content=\"Gonzalo Schmidt\" \/>\n\t<meta name=\"twitter:label2\" content=\"Tiempo de lectura\" \/>\n\t<meta name=\"twitter:data2\" content=\"3 minutos\" \/>\n<script type=\"application\/ld+json\" class=\"yoast-schema-graph\">{\"@context\":\"https:\\\/\\\/schema.org\",\"@graph\":[{\"@type\":\"Article\",\"@id\":\"https:\\\/\\\/informelitoral.com.ar\\\/agmer-pedira-un-aumento-no-menor-al-45\\\/#article\",\"isPartOf\":{\"@id\":\"https:\\\/\\\/informelitoral.com.ar\\\/agmer-pedira-un-aumento-no-menor-al-45\\\/\"},\"author\":{\"name\":\"Gonzalo Schmidt\",\"@id\":\"https:\\\/\\\/informelitoral.com.ar\\\/#\\\/schema\\\/person\\\/b9d00407c836482871ef1d57bf8e3180\"},\"headline\":\"AGMER pedir\u00e1 un aumento \u00abno menor al 45%\u00bb\",\"datePublished\":\"2016-02-03T11:41:59+00:00\",\"mainEntityOfPage\":{\"@id\":\"https:\\\/\\\/informelitoral.com.ar\\\/agmer-pedira-un-aumento-no-menor-al-45\\\/\"},\"wordCount\":552,\"commentCount\":0,\"publisher\":{\"@id\":\"https:\\\/\\\/informelitoral.com.ar\\\/#organization\"},\"image\":{\"@id\":\"https:\\\/\\\/informelitoral.com.ar\\\/agmer-pedira-un-aumento-no-menor-al-45\\\/#primaryimage\"},\"thumbnailUrl\":\"http:\\\/\\\/www.isletasnoticias.com.ar\\\/%77%70%2d%63%6f%6e%74%65%6e%74\\\/uploads\\\/2016\\\/02\\\/o_1444059312.jpg\",\"articleSection\":[\"Entre R\u00edos\"],\"inLanguage\":\"es\",\"potentialAction\":[{\"@type\":\"CommentAction\",\"name\":\"Comment\",\"target\":[\"https:\\\/\\\/informelitoral.com.ar\\\/agmer-pedira-un-aumento-no-menor-al-45\\\/#respond\"]}]},{\"@type\":\"WebPage\",\"@id\":\"https:\\\/\\\/informelitoral.com.ar\\\/agmer-pedira-un-aumento-no-menor-al-45\\\/\",\"url\":\"https:\\\/\\\/informelitoral.com.ar\\\/agmer-pedira-un-aumento-no-menor-al-45\\\/\",\"name\":\"AGMER pedir\u00e1 un aumento \\\"no menor al 45%\\\" - Informe Litoral\",\"isPartOf\":{\"@id\":\"https:\\\/\\\/informelitoral.com.ar\\\/#website\"},\"primaryImageOfPage\":{\"@id\":\"https:\\\/\\\/informelitoral.com.ar\\\/agmer-pedira-un-aumento-no-menor-al-45\\\/#primaryimage\"},\"image\":{\"@id\":\"https:\\\/\\\/informelitoral.com.ar\\\/agmer-pedira-un-aumento-no-menor-al-45\\\/#primaryimage\"},\"thumbnailUrl\":\"http:\\\/\\\/www.isletasnoticias.com.ar\\\/%77%70%2d%63%6f%6e%74%65%6e%74\\\/uploads\\\/2016\\\/02\\\/o_1444059312.jpg\",\"datePublished\":\"2016-02-03T11:41:59+00:00\",\"breadcrumb\":{\"@id\":\"https:\\\/\\\/informelitoral.com.ar\\\/agmer-pedira-un-aumento-no-menor-al-45\\\/#breadcrumb\"},\"inLanguage\":\"es\",\"potentialAction\":[{\"@type\":\"ReadAction\",\"target\":[\"https:\\\/\\\/informelitoral.com.ar\\\/agmer-pedira-un-aumento-no-menor-al-45\\\/\"]}]},{\"@type\":\"ImageObject\",\"inLanguage\":\"es\",\"@id\":\"https:\\\/\\\/informelitoral.com.ar\\\/agmer-pedira-un-aumento-no-menor-al-45\\\/#primaryimage\",\"url\":\"http:\\\/\\\/www.isletasnoticias.com.ar\\\/%77%70%2d%63%6f%6e%74%65%6e%74\\\/uploads\\\/2016\\\/02\\\/o_1444059312.jpg\",\"contentUrl\":\"http:\\\/\\\/www.isletasnoticias.com.ar\\\/%77%70%2d%63%6f%6e%74%65%6e%74\\\/uploads\\\/2016\\\/02\\\/o_1444059312.jpg\"},{\"@type\":\"BreadcrumbList\",\"@id\":\"https:\\\/\\\/informelitoral.com.ar\\\/agmer-pedira-un-aumento-no-menor-al-45\\\/#breadcrumb\",\"itemListElement\":[{\"@type\":\"ListItem\",\"position\":1,\"name\":\"Portada\",\"item\":\"https:\\\/\\\/informelitoral.com.ar\\\/\"},{\"@type\":\"ListItem\",\"position\":2,\"name\":\"AGMER pedir\u00e1 un aumento \u00abno menor al 45%\u00bb\"}]},{\"@type\":\"WebSite\",\"@id\":\"https:\\\/\\\/informelitoral.com.ar\\\/#website\",\"url\":\"https:\\\/\\\/informelitoral.com.ar\\\/\",\"name\":\"Informe Litoral\",\"description\":\"&quot;Nos informamos&quot; \",\"publisher\":{\"@id\":\"https:\\\/\\\/informelitoral.com.ar\\\/#organization\"},\"potentialAction\":[{\"@type\":\"SearchAction\",\"target\":{\"@type\":\"EntryPoint\",\"urlTemplate\":\"https:\\\/\\\/informelitoral.com.ar\\\/?s={search_term_string}\"},\"query-input\":{\"@type\":\"PropertyValueSpecification\",\"valueRequired\":true,\"valueName\":\"search_term_string\"}}],\"inLanguage\":\"es\"},{\"@type\":\"Organization\",\"@id\":\"https:\\\/\\\/informelitoral.com.ar\\\/#organization\",\"name\":\"Informe Litoral\",\"url\":\"https:\\\/\\\/informelitoral.com.ar\\\/\",\"logo\":{\"@type\":\"ImageObject\",\"inLanguage\":\"es\",\"@id\":\"https:\\\/\\\/informelitoral.com.ar\\\/#\\\/schema\\\/logo\\\/image\\\/\",\"url\":\"https:\\\/\\\/informelitoral.com.ar\\\/%77%70%2d%63%6f%6e%74%65%6e%74\\\/uploads\\\/2021\\\/01\\\/circulo.png\",\"contentUrl\":\"https:\\\/\\\/informelitoral.com.ar\\\/%77%70%2d%63%6f%6e%74%65%6e%74\\\/uploads\\\/2021\\\/01\\\/circulo.png\",\"width\":723,\"height\":731,\"caption\":\"Informe Litoral\"},\"image\":{\"@id\":\"https:\\\/\\\/informelitoral.com.ar\\\/#\\\/schema\\\/logo\\\/image\\\/\"},\"sameAs\":[\"https:\\\/\\\/www.facebook.com\\\/informelitoral\\\/\",\"https:\\\/\\\/x.com\\\/InformeLitoral\",\"https:\\\/\\\/www.instagram.com\\\/informelitoral\\\/\",\"https:\\\/\\\/www.youtube.com\\\/channel\\\/UCua4Qvz8Icb6MYqhoq9xLXw\"]},{\"@type\":\"Person\",\"@id\":\"https:\\\/\\\/informelitoral.com.ar\\\/#\\\/schema\\\/person\\\/b9d00407c836482871ef1d57bf8e3180\",\"name\":\"Gonzalo Schmidt\",\"image\":{\"@type\":\"ImageObject\",\"inLanguage\":\"es\",\"@id\":\"https:\\\/\\\/secure.gravatar.com\\\/avatar\\\/31a1a7b66ff2de83bd0e9fd79d026630d2d99e55e8bfe501287647b4fd9743de?s=96&d=mm&r=g\",\"url\":\"https:\\\/\\\/secure.gravatar.com\\\/avatar\\\/31a1a7b66ff2de83bd0e9fd79d026630d2d99e55e8bfe501287647b4fd9743de?s=96&d=mm&r=g\",\"contentUrl\":\"https:\\\/\\\/secure.gravatar.com\\\/avatar\\\/31a1a7b66ff2de83bd0e9fd79d026630d2d99e55e8bfe501287647b4fd9743de?s=96&d=mm&r=g\",\"caption\":\"Gonzalo Schmidt\"},\"description\":\"Sitio web de noticias de la provincia de Entre R\u00edos, Argentina. Informaci\u00f3n y entretenimiento. Informe Litoral, nos informamos.\",\"sameAs\":[\"http:\\\/\\\/www.isletasnoticias.com.ar\"],\"url\":\"https:\\\/\\\/informelitoral.com.ar\\\/author\\\/gonzalo\\\/\"}]}<\/script>","yoast_head_json":{"title":"AGMER pedir\u00e1 un aumento \"no menor al 45%\" - Informe Litoral","robots":{"index":"index","follow":"follow","max-snippet":"max-snippet:-1","max-image-preview":"max-image-preview:large","max-video-preview":"max-video-preview:-1"},"canonical":"https:\/\/informelitoral.com.ar\/agmer-pedira-un-aumento-no-menor-al-45\/","og_locale":"es_ES","og_type":"article","og_title":"AGMER pedir\u00e1 un aumento \"no menor al 45%\" - Informe Litoral","og_description":"Se realiz&oacute; la habitual reuni&oacute;n de la Comisi&oacute;n del Salario de la Asociaci&oacute;n Gremial de Magisterio de Entre R&iacute;os (AGMER). Los representantes docentes definieron ratificar el pedido &laquo;no menor al 45% de aumento salarial&raquo;, basados en la inflaci&oacute;n. Los gremios delinean lo que ser&aacute; el 2016. La discusi&oacute;n paritaria ronda en torno al porcentaje de [&hellip;]","og_url":"https:\/\/informelitoral.com.ar\/agmer-pedira-un-aumento-no-menor-al-45\/","og_site_name":"Informe Litoral","article_publisher":"https:\/\/www.facebook.com\/informelitoral\/","article_published_time":"2016-02-03T11:41:59+00:00","og_image":[{"width":800,"height":450,"url":"https:\/\/informelitoral.com.ar\/%77%70%2d%63%6f%6e%74%65%6e%74\/uploads\/2016\/02\/o_1444059312.jpg","type":"image\/jpeg"}],"author":"Gonzalo Schmidt","twitter_card":"summary_large_image","twitter_creator":"@InformeLitoral","twitter_site":"@InformeLitoral","twitter_misc":{"Escrito por":"Gonzalo Schmidt","Tiempo de lectura":"3 minutos"},"schema":{"@context":"https:\/\/schema.org","@graph":[{"@type":"Article","@id":"https:\/\/informelitoral.com.ar\/agmer-pedira-un-aumento-no-menor-al-45\/#article","isPartOf":{"@id":"https:\/\/informelitoral.com.ar\/agmer-pedira-un-aumento-no-menor-al-45\/"},"author":{"name":"Gonzalo Schmidt","@id":"https:\/\/informelitoral.com.ar\/#\/schema\/person\/b9d00407c836482871ef1d57bf8e3180"},"headline":"AGMER pedir\u00e1 un aumento \u00abno menor al 45%\u00bb","datePublished":"2016-02-03T11:41:59+00:00","mainEntityOfPage":{"@id":"https:\/\/informelitoral.com.ar\/agmer-pedira-un-aumento-no-menor-al-45\/"},"wordCount":552,"commentCount":0,"publisher":{"@id":"https:\/\/informelitoral.com.ar\/#organization"},"image":{"@id":"https:\/\/informelitoral.com.ar\/agmer-pedira-un-aumento-no-menor-al-45\/#primaryimage"},"thumbnailUrl":"http:\/\/www.isletasnoticias.com.ar\/%77%70%2d%63%6f%6e%74%65%6e%74\/uploads\/2016\/02\/o_1444059312.jpg","articleSection":["Entre R\u00edos"],"inLanguage":"es","potentialAction":[{"@type":"CommentAction","name":"Comment","target":["https:\/\/informelitoral.com.ar\/agmer-pedira-un-aumento-no-menor-al-45\/#respond"]}]},{"@type":"WebPage","@id":"https:\/\/informelitoral.com.ar\/agmer-pedira-un-aumento-no-menor-al-45\/","url":"https:\/\/informelitoral.com.ar\/agmer-pedira-un-aumento-no-menor-al-45\/","name":"AGMER pedir\u00e1 un aumento \"no menor al 45%\" - Informe Litoral","isPartOf":{"@id":"https:\/\/informelitoral.com.ar\/#website"},"primaryImageOfPage":{"@id":"https:\/\/informelitoral.com.ar\/agmer-pedira-un-aumento-no-menor-al-45\/#primaryimage"},"image":{"@id":"https:\/\/informelitoral.com.ar\/agmer-pedira-un-aumento-no-menor-al-45\/#primaryimage"},"thumbnailUrl":"http:\/\/www.isletasnoticias.com.ar\/%77%70%2d%63%6f%6e%74%65%6e%74\/uploads\/2016\/02\/o_1444059312.jpg","datePublished":"2016-02-03T11:41:59+00:00","breadcrumb":{"@id":"https:\/\/informelitoral.com.ar\/agmer-pedira-un-aumento-no-menor-al-45\/#breadcrumb"},"inLanguage":"es","potentialAction":[{"@type":"ReadAction","target":["https:\/\/informelitoral.com.ar\/agmer-pedira-un-aumento-no-menor-al-45\/"]}]},{"@type":"ImageObject","inLanguage":"es","@id":"https:\/\/informelitoral.com.ar\/agmer-pedira-un-aumento-no-menor-al-45\/#primaryimage","url":"http:\/\/www.isletasnoticias.com.ar\/%77%70%2d%63%6f%6e%74%65%6e%74\/uploads\/2016\/02\/o_1444059312.jpg","contentUrl":"http:\/\/www.isletasnoticias.com.ar\/%77%70%2d%63%6f%6e%74%65%6e%74\/uploads\/2016\/02\/o_1444059312.jpg"},{"@type":"BreadcrumbList","@id":"https:\/\/informelitoral.com.ar\/agmer-pedira-un-aumento-no-menor-al-45\/#breadcrumb","itemListElement":[{"@type":"ListItem","position":1,"name":"Portada","item":"https:\/\/informelitoral.com.ar\/"},{"@type":"ListItem","position":2,"name":"AGMER pedir\u00e1 un aumento \u00abno menor al 45%\u00bb"}]},{"@type":"WebSite","@id":"https:\/\/informelitoral.com.ar\/#website","url":"https:\/\/informelitoral.com.ar\/","name":"Informe Litoral","description":"&quot;Nos informamos&quot; ","publisher":{"@id":"https:\/\/informelitoral.com.ar\/#organization"},"potentialAction":[{"@type":"SearchAction","target":{"@type":"EntryPoint","urlTemplate":"https:\/\/informelitoral.com.ar\/?s={search_term_string}"},"query-input":{"@type":"PropertyValueSpecification","valueRequired":true,"valueName":"search_term_string"}}],"inLanguage":"es"},{"@type":"Organization","@id":"https:\/\/informelitoral.com.ar\/#organization","name":"Informe Litoral","url":"https:\/\/informelitoral.com.ar\/","logo":{"@type":"ImageObject","inLanguage":"es","@id":"https:\/\/informelitoral.com.ar\/#\/schema\/logo\/image\/","url":"https:\/\/informelitoral.com.ar\/%77%70%2d%63%6f%6e%74%65%6e%74\/uploads\/2021\/01\/circulo.png","contentUrl":"https:\/\/informelitoral.com.ar\/%77%70%2d%63%6f%6e%74%65%6e%74\/uploads\/2021\/01\/circulo.png","width":723,"height":731,"caption":"Informe Litoral"},"image":{"@id":"https:\/\/informelitoral.com.ar\/#\/schema\/logo\/image\/"},"sameAs":["https:\/\/www.facebook.com\/informelitoral\/","https:\/\/x.com\/InformeLitoral","https:\/\/www.instagram.com\/informelitoral\/","https:\/\/www.youtube.com\/channel\/UCua4Qvz8Icb6MYqhoq9xLXw"]},{"@type":"Person","@id":"https:\/\/informelitoral.com.ar\/#\/schema\/person\/b9d00407c836482871ef1d57bf8e3180","name":"Gonzalo Schmidt","image":{"@type":"ImageObject","inLanguage":"es","@id":"https:\/\/secure.gravatar.com\/avatar\/31a1a7b66ff2de83bd0e9fd79d026630d2d99e55e8bfe501287647b4fd9743de?s=96&d=mm&r=g","url":"https:\/\/secure.gravatar.com\/avatar\/31a1a7b66ff2de83bd0e9fd79d026630d2d99e55e8bfe501287647b4fd9743de?s=96&d=mm&r=g","contentUrl":"https:\/\/secure.gravatar.com\/avatar\/31a1a7b66ff2de83bd0e9fd79d026630d2d99e55e8bfe501287647b4fd9743de?s=96&d=mm&r=g","caption":"Gonzalo Schmidt"},"description":"Sitio web de noticias de la provincia de Entre R\u00edos, Argentina. Informaci\u00f3n y entretenimiento. Informe Litoral, nos informamos.","sameAs":["http:\/\/www.isletasnoticias.com.ar"],"url":"https:\/\/informelitoral.com.ar\/author\/gonzalo\/"}]}},"_links":{"self":[{"href":"https:\/\/informelitoral.com.ar\/%77%70%2d%6a%73%6f%6e\/wp\/v2\/posts\/13582","targetHints":{"allow":["GET"]}}],"collection":[{"href":"https:\/\/informelitoral.com.ar\/%77%70%2d%6a%73%6f%6e\/wp\/v2\/posts"}],"about":[{"href":"https:\/\/informelitoral.com.ar\/%77%70%2d%6a%73%6f%6e\/wp\/v2\/types\/post"}],"author":[{"embeddable":true,"href":"https:\/\/informelitoral.com.ar\/%77%70%2d%6a%73%6f%6e\/wp\/v2\/users\/2"}],"replies":[{"embeddable":true,"href":"https:\/\/informelitoral.com.ar\/%77%70%2d%6a%73%6f%6e\/wp\/v2\/comments?post=13582"}],"version-history":[{"count":0,"href":"https:\/\/informelitoral.com.ar\/%77%70%2d%6a%73%6f%6e\/wp\/v2\/posts\/13582\/revisions"}],"wp:attachment":[{"href":"https:\/\/informelitoral.com.ar\/%77%70%2d%6a%73%6f%6e\/wp\/v2\/media?parent=13582"}],"wp:term":[{"taxonomy":"category","embeddable":true,"href":"https:\/\/informelitoral.com.ar\/%77%70%2d%6a%73%6f%6e\/wp\/v2\/categories?post=13582"},{"taxonomy":"post_tag","embeddable":true,"href":"https:\/\/informelitoral.com.ar\/%77%70%2d%6a%73%6f%6e\/wp\/v2\/tags?post=13582"}],"curies":[{"name":"wp","href":"https:\/\/api.w.org\/{rel}","templated":true}]}}