{"id":13572,"date":"2016-02-03T08:21:43","date_gmt":"2016-02-03T11:21:43","guid":{"rendered":"http:\/\/www.isletasnoticias.com.ar\/?p=13572"},"modified":"2016-02-03T08:27:54","modified_gmt":"2016-02-03T11:27:54","slug":"ramirez-este-domingo-7-vuelve-el-programa-de-la-colectividad-alemana-a-fm-eco","status":"publish","type":"post","link":"https:\/\/informelitoral.com.ar\/ramirez-este-domingo-7-vuelve-el-programa-de-la-colectividad-alemana-a-fm-eco\/","title":{"rendered":"Ram\u00edrez: este domingo 7 vuelve el programa de la Colectividad Alemana a FM Eco"},"content":{"rendered":"<div class=\"entry-header\"><strong>El ciclo radial que lleva varios a\u00f1os en la emisora de calle Eva Per\u00f3n, regresar\u00e1 el pr\u00f3ximo domingo 7 de febrero. <em>C\u00e9sar Erhardt<\/em>, quedar\u00e1 s\u00f3lo a cargo de la conducci\u00f3n, con un operador t\u00e9cnico.\u00a0<\/strong><\/div>\n<div class=\"entry-content cf\">\n<p><strong><a href=\"http:\/\/www.isletasnoticias.com.ar\/%77%70%2d%63%6f%6e%74%65%6e%74\/uploads\/2016\/02\/Estudio-de-Radio.jpg\"><img loading=\"lazy\" decoding=\"async\" class=\"aligncenter wp-image-13573\" src=\"http:\/\/www.isletasnoticias.com.ar\/%77%70%2d%63%6f%6e%74%65%6e%74\/uploads\/2016\/02\/Estudio-de-Radio.jpg\" alt=\"Estudio-de-Radio\" width=\"443\" height=\"297\" srcset=\"https:\/\/informelitoral.com.ar\/%77%70%2d%63%6f%6e%74%65%6e%74\/uploads\/2016\/02\/Estudio-de-Radio.jpg 3872w, https:\/\/informelitoral.com.ar\/%77%70%2d%63%6f%6e%74%65%6e%74\/uploads\/2016\/02\/Estudio-de-Radio-300x201.jpg 300w, https:\/\/informelitoral.com.ar\/%77%70%2d%63%6f%6e%74%65%6e%74\/uploads\/2016\/02\/Estudio-de-Radio-1024x685.jpg 1024w\" sizes=\"auto, (max-width: 443px) 100vw, 443px\" \/><\/a><\/strong>El domingo 7 de febrero a partir de las 10.30 y hasta las 13.00, comenzar\u00e1 la temporada 2016 del cl\u00e1sico programa <em>Ven\u00ed Vamos a Bailar<\/em> de la Colectividad Alemana de Gral. Ram\u00edrez. El ciclo se emite a trav\u00e9s de\u00a0<em>FM Eco 100.3<\/em> o en <a href=\"http:\/\/www.fmeco1003.com.ar\/\">www.fmeco1003.com.ar<\/a>.\u00a0El regreso se dar\u00e1 tras las vacaciones durante todo el mes de enero que cada a\u00f1o suelen tener la mayor\u00eda de los programas de la mencionada emisora.<\/p>\n<p>La novedad es que en la conducci\u00f3n finalmente estar\u00e1 <strong>C\u00e9sar Erhardt<\/strong>, quien hasta el a\u00f1o pasado era co-conductor, durante la conducci\u00f3n de Gonzalo Schmidt, quien en su momento anunci\u00f3 que no seguir\u00e1 frente al ciclo este a\u00f1o. En tanto, en la operaci\u00f3n t\u00e9cnica estar\u00e1 en un principio, Emiliano Sch\u00e1nzenbach, aunque ser\u00eda s\u00f3lo durante el primer mes.<\/p>\n<p>Recordemos que el ciclo radial est\u00e1 compuesto por m\u00fasica de los diferentes grupos de la regi\u00f3n, sorteos, humor y la participaci\u00f3n de los oyentes mediante mensajes y llamados. <em>(Isletas Noticias)<\/em><\/p>\n<\/div>\n","protected":false},"excerpt":{"rendered":"<p>El ciclo radial que lleva varios a&ntilde;os en la emisora de calle Eva Per&oacute;n, regresar&aacute; el pr&oacute;ximo domingo 7 de febrero. C&eacute;sar Erhardt, quedar&aacute; s&oacute;lo a cargo de la conducci&oacute;n, con un operador t&eacute;cnico.&nbsp; El domingo 7 de febrero a partir de las 10.30 y hasta las 13.00, comenzar&aacute; la temporada 2016 del cl&aacute;sico programa [&hellip;]<\/p>\n","protected":false},"author":2,"featured_media":0,"comment_status":"open","ping_status":"open","sticky":false,"template":"","format":"standard","meta":{"fifu_image_url":"","fifu_image_alt":"","footnotes":""},"categories":[5,12,9],"tags":[],"class_list":{"0":"post-13572","1":"post","2":"type-post","3":"status-publish","4":"format-standard","6":"category-zonales","7":"category-espectaculos","8":"category-sociedad"},"yoast_head":"<title>Ram\u00edrez: este domingo 7 vuelve el programa de la Colectividad Alemana a FM Eco - Informe Litoral<\/title>\n<meta name=\"robots\" content=\"index, follow, max-snippet:-1, max-image-preview:large, max-video-preview:-1\" \/>\n<link rel=\"canonical\" href=\"https:\/\/informelitoral.com.ar\/ramirez-este-domingo-7-vuelve-el-programa-de-la-colectividad-alemana-a-fm-eco\/\" \/>\n<meta property=\"og:locale\" content=\"es_ES\" \/>\n<meta property=\"og:type\" content=\"article\" \/>\n<meta property=\"og:title\" content=\"Ram\u00edrez: este domingo 7 vuelve el programa de la Colectividad Alemana a FM Eco - Informe Litoral\" \/>\n<meta property=\"og:description\" content=\"El ciclo radial que lleva varios a&ntilde;os en la emisora de calle Eva Per&oacute;n, regresar&aacute; el pr&oacute;ximo domingo 7 de febrero. C&eacute;sar Erhardt, quedar&aacute; s&oacute;lo a cargo de la conducci&oacute;n, con un operador t&eacute;cnico.&nbsp; El domingo 7 de febrero a partir de las 10.30 y hasta las 13.00, comenzar&aacute; la temporada 2016 del cl&aacute;sico programa [&hellip;]\" \/>\n<meta property=\"og:url\" content=\"https:\/\/informelitoral.com.ar\/ramirez-este-domingo-7-vuelve-el-programa-de-la-colectividad-alemana-a-fm-eco\/\" \/>\n<meta property=\"og:site_name\" content=\"Informe Litoral\" \/>\n<meta property=\"article:publisher\" content=\"https:\/\/www.facebook.com\/informelitoral\/\" \/>\n<meta property=\"article:published_time\" content=\"2016-02-03T11:21:43+00:00\" \/>\n<meta property=\"article:modified_time\" content=\"2016-02-03T11:27:54+00:00\" \/>\n<meta property=\"og:image\" content=\"https:\/\/informelitoral.com.ar\/%77%70%2d%63%6f%6e%74%65%6e%74\/uploads\/2016\/02\/Estudio-de-Radio.jpg\" \/>\n\t<meta property=\"og:image:width\" content=\"3872\" \/>\n\t<meta property=\"og:image:height\" content=\"2592\" \/>\n\t<meta property=\"og:image:type\" content=\"image\/jpeg\" \/>\n<meta name=\"author\" content=\"Gonzalo Schmidt\" \/>\n<meta name=\"twitter:card\" content=\"summary_large_image\" \/>\n<meta name=\"twitter:creator\" content=\"@InformeLitoral\" \/>\n<meta name=\"twitter:site\" content=\"@InformeLitoral\" \/>\n<meta name=\"twitter:label1\" content=\"Escrito por\" \/>\n\t<meta name=\"twitter:data1\" content=\"Gonzalo Schmidt\" \/>\n\t<meta name=\"twitter:label2\" content=\"Tiempo de lectura\" \/>\n\t<meta name=\"twitter:data2\" content=\"1 minuto\" \/>\n<script type=\"application\/ld+json\" class=\"yoast-schema-graph\">{\"@context\":\"https:\\\/\\\/schema.org\",\"@graph\":[{\"@type\":\"Article\",\"@id\":\"https:\\\/\\\/informelitoral.com.ar\\\/ramirez-este-domingo-7-vuelve-el-programa-de-la-colectividad-alemana-a-fm-eco\\\/#article\",\"isPartOf\":{\"@id\":\"https:\\\/\\\/informelitoral.com.ar\\\/ramirez-este-domingo-7-vuelve-el-programa-de-la-colectividad-alemana-a-fm-eco\\\/\"},\"author\":{\"name\":\"Gonzalo Schmidt\",\"@id\":\"https:\\\/\\\/informelitoral.com.ar\\\/#\\\/schema\\\/person\\\/b9d00407c836482871ef1d57bf8e3180\"},\"headline\":\"Ram\u00edrez: este domingo 7 vuelve el programa de la Colectividad Alemana a FM Eco\",\"datePublished\":\"2016-02-03T11:21:43+00:00\",\"dateModified\":\"2016-02-03T11:27:54+00:00\",\"mainEntityOfPage\":{\"@id\":\"https:\\\/\\\/informelitoral.com.ar\\\/ramirez-este-domingo-7-vuelve-el-programa-de-la-colectividad-alemana-a-fm-eco\\\/\"},\"wordCount\":228,\"commentCount\":0,\"publisher\":{\"@id\":\"https:\\\/\\\/informelitoral.com.ar\\\/#organization\"},\"image\":{\"@id\":\"https:\\\/\\\/informelitoral.com.ar\\\/ramirez-este-domingo-7-vuelve-el-programa-de-la-colectividad-alemana-a-fm-eco\\\/#primaryimage\"},\"thumbnailUrl\":\"http:\\\/\\\/www.isletasnoticias.com.ar\\\/%77%70%2d%63%6f%6e%74%65%6e%74\\\/uploads\\\/2016\\\/02\\\/Estudio-de-Radio.jpg\",\"articleSection\":[\"Departamento Diamante\",\"Espect\u00e1culos\",\"Sociedad\"],\"inLanguage\":\"es\",\"potentialAction\":[{\"@type\":\"CommentAction\",\"name\":\"Comment\",\"target\":[\"https:\\\/\\\/informelitoral.com.ar\\\/ramirez-este-domingo-7-vuelve-el-programa-de-la-colectividad-alemana-a-fm-eco\\\/#respond\"]}]},{\"@type\":\"WebPage\",\"@id\":\"https:\\\/\\\/informelitoral.com.ar\\\/ramirez-este-domingo-7-vuelve-el-programa-de-la-colectividad-alemana-a-fm-eco\\\/\",\"url\":\"https:\\\/\\\/informelitoral.com.ar\\\/ramirez-este-domingo-7-vuelve-el-programa-de-la-colectividad-alemana-a-fm-eco\\\/\",\"name\":\"Ram\u00edrez: este domingo 7 vuelve el programa de la Colectividad Alemana a FM Eco - Informe Litoral\",\"isPartOf\":{\"@id\":\"https:\\\/\\\/informelitoral.com.ar\\\/#website\"},\"primaryImageOfPage\":{\"@id\":\"https:\\\/\\\/informelitoral.com.ar\\\/ramirez-este-domingo-7-vuelve-el-programa-de-la-colectividad-alemana-a-fm-eco\\\/#primaryimage\"},\"image\":{\"@id\":\"https:\\\/\\\/informelitoral.com.ar\\\/ramirez-este-domingo-7-vuelve-el-programa-de-la-colectividad-alemana-a-fm-eco\\\/#primaryimage\"},\"thumbnailUrl\":\"http:\\\/\\\/www.isletasnoticias.com.ar\\\/%77%70%2d%63%6f%6e%74%65%6e%74\\\/uploads\\\/2016\\\/02\\\/Estudio-de-Radio.jpg\",\"datePublished\":\"2016-02-03T11:21:43+00:00\",\"dateModified\":\"2016-02-03T11:27:54+00:00\",\"breadcrumb\":{\"@id\":\"https:\\\/\\\/informelitoral.com.ar\\\/ramirez-este-domingo-7-vuelve-el-programa-de-la-colectividad-alemana-a-fm-eco\\\/#breadcrumb\"},\"inLanguage\":\"es\",\"potentialAction\":[{\"@type\":\"ReadAction\",\"target\":[\"https:\\\/\\\/informelitoral.com.ar\\\/ramirez-este-domingo-7-vuelve-el-programa-de-la-colectividad-alemana-a-fm-eco\\\/\"]}]},{\"@type\":\"ImageObject\",\"inLanguage\":\"es\",\"@id\":\"https:\\\/\\\/informelitoral.com.ar\\\/ramirez-este-domingo-7-vuelve-el-programa-de-la-colectividad-alemana-a-fm-eco\\\/#primaryimage\",\"url\":\"http:\\\/\\\/www.isletasnoticias.com.ar\\\/%77%70%2d%63%6f%6e%74%65%6e%74\\\/uploads\\\/2016\\\/02\\\/Estudio-de-Radio.jpg\",\"contentUrl\":\"http:\\\/\\\/www.isletasnoticias.com.ar\\\/%77%70%2d%63%6f%6e%74%65%6e%74\\\/uploads\\\/2016\\\/02\\\/Estudio-de-Radio.jpg\"},{\"@type\":\"BreadcrumbList\",\"@id\":\"https:\\\/\\\/informelitoral.com.ar\\\/ramirez-este-domingo-7-vuelve-el-programa-de-la-colectividad-alemana-a-fm-eco\\\/#breadcrumb\",\"itemListElement\":[{\"@type\":\"ListItem\",\"position\":1,\"name\":\"Portada\",\"item\":\"https:\\\/\\\/informelitoral.com.ar\\\/\"},{\"@type\":\"ListItem\",\"position\":2,\"name\":\"Ram\u00edrez: este domingo 7 vuelve el programa de la Colectividad Alemana a FM Eco\"}]},{\"@type\":\"WebSite\",\"@id\":\"https:\\\/\\\/informelitoral.com.ar\\\/#website\",\"url\":\"https:\\\/\\\/informelitoral.com.ar\\\/\",\"name\":\"Informe Litoral\",\"description\":\"&quot;Nos informamos&quot; \",\"publisher\":{\"@id\":\"https:\\\/\\\/informelitoral.com.ar\\\/#organization\"},\"potentialAction\":[{\"@type\":\"SearchAction\",\"target\":{\"@type\":\"EntryPoint\",\"urlTemplate\":\"https:\\\/\\\/informelitoral.com.ar\\\/?s={search_term_string}\"},\"query-input\":{\"@type\":\"PropertyValueSpecification\",\"valueRequired\":true,\"valueName\":\"search_term_string\"}}],\"inLanguage\":\"es\"},{\"@type\":\"Organization\",\"@id\":\"https:\\\/\\\/informelitoral.com.ar\\\/#organization\",\"name\":\"Informe Litoral\",\"url\":\"https:\\\/\\\/informelitoral.com.ar\\\/\",\"logo\":{\"@type\":\"ImageObject\",\"inLanguage\":\"es\",\"@id\":\"https:\\\/\\\/informelitoral.com.ar\\\/#\\\/schema\\\/logo\\\/image\\\/\",\"url\":\"https:\\\/\\\/informelitoral.com.ar\\\/%77%70%2d%63%6f%6e%74%65%6e%74\\\/uploads\\\/2021\\\/01\\\/circulo.png\",\"contentUrl\":\"https:\\\/\\\/informelitoral.com.ar\\\/%77%70%2d%63%6f%6e%74%65%6e%74\\\/uploads\\\/2021\\\/01\\\/circulo.png\",\"width\":723,\"height\":731,\"caption\":\"Informe Litoral\"},\"image\":{\"@id\":\"https:\\\/\\\/informelitoral.com.ar\\\/#\\\/schema\\\/logo\\\/image\\\/\"},\"sameAs\":[\"https:\\\/\\\/www.facebook.com\\\/informelitoral\\\/\",\"https:\\\/\\\/x.com\\\/InformeLitoral\",\"https:\\\/\\\/www.instagram.com\\\/informelitoral\\\/\",\"https:\\\/\\\/www.youtube.com\\\/channel\\\/UCua4Qvz8Icb6MYqhoq9xLXw\"]},{\"@type\":\"Person\",\"@id\":\"https:\\\/\\\/informelitoral.com.ar\\\/#\\\/schema\\\/person\\\/b9d00407c836482871ef1d57bf8e3180\",\"name\":\"Gonzalo Schmidt\",\"image\":{\"@type\":\"ImageObject\",\"inLanguage\":\"es\",\"@id\":\"https:\\\/\\\/secure.gravatar.com\\\/avatar\\\/31a1a7b66ff2de83bd0e9fd79d026630d2d99e55e8bfe501287647b4fd9743de?s=96&d=mm&r=g\",\"url\":\"https:\\\/\\\/secure.gravatar.com\\\/avatar\\\/31a1a7b66ff2de83bd0e9fd79d026630d2d99e55e8bfe501287647b4fd9743de?s=96&d=mm&r=g\",\"contentUrl\":\"https:\\\/\\\/secure.gravatar.com\\\/avatar\\\/31a1a7b66ff2de83bd0e9fd79d026630d2d99e55e8bfe501287647b4fd9743de?s=96&d=mm&r=g\",\"caption\":\"Gonzalo Schmidt\"},\"description\":\"Sitio web de noticias de la provincia de Entre R\u00edos, Argentina. Informaci\u00f3n y entretenimiento. Informe Litoral, nos informamos.\",\"sameAs\":[\"http:\\\/\\\/www.isletasnoticias.com.ar\"],\"url\":\"https:\\\/\\\/informelitoral.com.ar\\\/author\\\/gonzalo\\\/\"}]}<\/script>","yoast_head_json":{"title":"Ram\u00edrez: este domingo 7 vuelve el programa de la Colectividad Alemana a FM Eco - Informe Litoral","robots":{"index":"index","follow":"follow","max-snippet":"max-snippet:-1","max-image-preview":"max-image-preview:large","max-video-preview":"max-video-preview:-1"},"canonical":"https:\/\/informelitoral.com.ar\/ramirez-este-domingo-7-vuelve-el-programa-de-la-colectividad-alemana-a-fm-eco\/","og_locale":"es_ES","og_type":"article","og_title":"Ram\u00edrez: este domingo 7 vuelve el programa de la Colectividad Alemana a FM Eco - Informe Litoral","og_description":"El ciclo radial que lleva varios a&ntilde;os en la emisora de calle Eva Per&oacute;n, regresar&aacute; el pr&oacute;ximo domingo 7 de febrero. C&eacute;sar Erhardt, quedar&aacute; s&oacute;lo a cargo de la conducci&oacute;n, con un operador t&eacute;cnico.&nbsp; El domingo 7 de febrero a partir de las 10.30 y hasta las 13.00, comenzar&aacute; la temporada 2016 del cl&aacute;sico programa [&hellip;]","og_url":"https:\/\/informelitoral.com.ar\/ramirez-este-domingo-7-vuelve-el-programa-de-la-colectividad-alemana-a-fm-eco\/","og_site_name":"Informe Litoral","article_publisher":"https:\/\/www.facebook.com\/informelitoral\/","article_published_time":"2016-02-03T11:21:43+00:00","article_modified_time":"2016-02-03T11:27:54+00:00","og_image":[{"width":3872,"height":2592,"url":"https:\/\/informelitoral.com.ar\/%77%70%2d%63%6f%6e%74%65%6e%74\/uploads\/2016\/02\/Estudio-de-Radio.jpg","type":"image\/jpeg"}],"author":"Gonzalo Schmidt","twitter_card":"summary_large_image","twitter_creator":"@InformeLitoral","twitter_site":"@InformeLitoral","twitter_misc":{"Escrito por":"Gonzalo Schmidt","Tiempo de lectura":"1 minuto"},"schema":{"@context":"https:\/\/schema.org","@graph":[{"@type":"Article","@id":"https:\/\/informelitoral.com.ar\/ramirez-este-domingo-7-vuelve-el-programa-de-la-colectividad-alemana-a-fm-eco\/#article","isPartOf":{"@id":"https:\/\/informelitoral.com.ar\/ramirez-este-domingo-7-vuelve-el-programa-de-la-colectividad-alemana-a-fm-eco\/"},"author":{"name":"Gonzalo Schmidt","@id":"https:\/\/informelitoral.com.ar\/#\/schema\/person\/b9d00407c836482871ef1d57bf8e3180"},"headline":"Ram\u00edrez: este domingo 7 vuelve el programa de la Colectividad Alemana a FM Eco","datePublished":"2016-02-03T11:21:43+00:00","dateModified":"2016-02-03T11:27:54+00:00","mainEntityOfPage":{"@id":"https:\/\/informelitoral.com.ar\/ramirez-este-domingo-7-vuelve-el-programa-de-la-colectividad-alemana-a-fm-eco\/"},"wordCount":228,"commentCount":0,"publisher":{"@id":"https:\/\/informelitoral.com.ar\/#organization"},"image":{"@id":"https:\/\/informelitoral.com.ar\/ramirez-este-domingo-7-vuelve-el-programa-de-la-colectividad-alemana-a-fm-eco\/#primaryimage"},"thumbnailUrl":"http:\/\/www.isletasnoticias.com.ar\/%77%70%2d%63%6f%6e%74%65%6e%74\/uploads\/2016\/02\/Estudio-de-Radio.jpg","articleSection":["Departamento Diamante","Espect\u00e1culos","Sociedad"],"inLanguage":"es","potentialAction":[{"@type":"CommentAction","name":"Comment","target":["https:\/\/informelitoral.com.ar\/ramirez-este-domingo-7-vuelve-el-programa-de-la-colectividad-alemana-a-fm-eco\/#respond"]}]},{"@type":"WebPage","@id":"https:\/\/informelitoral.com.ar\/ramirez-este-domingo-7-vuelve-el-programa-de-la-colectividad-alemana-a-fm-eco\/","url":"https:\/\/informelitoral.com.ar\/ramirez-este-domingo-7-vuelve-el-programa-de-la-colectividad-alemana-a-fm-eco\/","name":"Ram\u00edrez: este domingo 7 vuelve el programa de la Colectividad Alemana a FM Eco - Informe Litoral","isPartOf":{"@id":"https:\/\/informelitoral.com.ar\/#website"},"primaryImageOfPage":{"@id":"https:\/\/informelitoral.com.ar\/ramirez-este-domingo-7-vuelve-el-programa-de-la-colectividad-alemana-a-fm-eco\/#primaryimage"},"image":{"@id":"https:\/\/informelitoral.com.ar\/ramirez-este-domingo-7-vuelve-el-programa-de-la-colectividad-alemana-a-fm-eco\/#primaryimage"},"thumbnailUrl":"http:\/\/www.isletasnoticias.com.ar\/%77%70%2d%63%6f%6e%74%65%6e%74\/uploads\/2016\/02\/Estudio-de-Radio.jpg","datePublished":"2016-02-03T11:21:43+00:00","dateModified":"2016-02-03T11:27:54+00:00","breadcrumb":{"@id":"https:\/\/informelitoral.com.ar\/ramirez-este-domingo-7-vuelve-el-programa-de-la-colectividad-alemana-a-fm-eco\/#breadcrumb"},"inLanguage":"es","potentialAction":[{"@type":"ReadAction","target":["https:\/\/informelitoral.com.ar\/ramirez-este-domingo-7-vuelve-el-programa-de-la-colectividad-alemana-a-fm-eco\/"]}]},{"@type":"ImageObject","inLanguage":"es","@id":"https:\/\/informelitoral.com.ar\/ramirez-este-domingo-7-vuelve-el-programa-de-la-colectividad-alemana-a-fm-eco\/#primaryimage","url":"http:\/\/www.isletasnoticias.com.ar\/%77%70%2d%63%6f%6e%74%65%6e%74\/uploads\/2016\/02\/Estudio-de-Radio.jpg","contentUrl":"http:\/\/www.isletasnoticias.com.ar\/%77%70%2d%63%6f%6e%74%65%6e%74\/uploads\/2016\/02\/Estudio-de-Radio.jpg"},{"@type":"BreadcrumbList","@id":"https:\/\/informelitoral.com.ar\/ramirez-este-domingo-7-vuelve-el-programa-de-la-colectividad-alemana-a-fm-eco\/#breadcrumb","itemListElement":[{"@type":"ListItem","position":1,"name":"Portada","item":"https:\/\/informelitoral.com.ar\/"},{"@type":"ListItem","position":2,"name":"Ram\u00edrez: este domingo 7 vuelve el programa de la Colectividad Alemana a FM Eco"}]},{"@type":"WebSite","@id":"https:\/\/informelitoral.com.ar\/#website","url":"https:\/\/informelitoral.com.ar\/","name":"Informe Litoral","description":"&quot;Nos informamos&quot; ","publisher":{"@id":"https:\/\/informelitoral.com.ar\/#organization"},"potentialAction":[{"@type":"SearchAction","target":{"@type":"EntryPoint","urlTemplate":"https:\/\/informelitoral.com.ar\/?s={search_term_string}"},"query-input":{"@type":"PropertyValueSpecification","valueRequired":true,"valueName":"search_term_string"}}],"inLanguage":"es"},{"@type":"Organization","@id":"https:\/\/informelitoral.com.ar\/#organization","name":"Informe Litoral","url":"https:\/\/informelitoral.com.ar\/","logo":{"@type":"ImageObject","inLanguage":"es","@id":"https:\/\/informelitoral.com.ar\/#\/schema\/logo\/image\/","url":"https:\/\/informelitoral.com.ar\/%77%70%2d%63%6f%6e%74%65%6e%74\/uploads\/2021\/01\/circulo.png","contentUrl":"https:\/\/informelitoral.com.ar\/%77%70%2d%63%6f%6e%74%65%6e%74\/uploads\/2021\/01\/circulo.png","width":723,"height":731,"caption":"Informe Litoral"},"image":{"@id":"https:\/\/informelitoral.com.ar\/#\/schema\/logo\/image\/"},"sameAs":["https:\/\/www.facebook.com\/informelitoral\/","https:\/\/x.com\/InformeLitoral","https:\/\/www.instagram.com\/informelitoral\/","https:\/\/www.youtube.com\/channel\/UCua4Qvz8Icb6MYqhoq9xLXw"]},{"@type":"Person","@id":"https:\/\/informelitoral.com.ar\/#\/schema\/person\/b9d00407c836482871ef1d57bf8e3180","name":"Gonzalo Schmidt","image":{"@type":"ImageObject","inLanguage":"es","@id":"https:\/\/secure.gravatar.com\/avatar\/31a1a7b66ff2de83bd0e9fd79d026630d2d99e55e8bfe501287647b4fd9743de?s=96&d=mm&r=g","url":"https:\/\/secure.gravatar.com\/avatar\/31a1a7b66ff2de83bd0e9fd79d026630d2d99e55e8bfe501287647b4fd9743de?s=96&d=mm&r=g","contentUrl":"https:\/\/secure.gravatar.com\/avatar\/31a1a7b66ff2de83bd0e9fd79d026630d2d99e55e8bfe501287647b4fd9743de?s=96&d=mm&r=g","caption":"Gonzalo Schmidt"},"description":"Sitio web de noticias de la provincia de Entre R\u00edos, Argentina. Informaci\u00f3n y entretenimiento. Informe Litoral, nos informamos.","sameAs":["http:\/\/www.isletasnoticias.com.ar"],"url":"https:\/\/informelitoral.com.ar\/author\/gonzalo\/"}]}},"_links":{"self":[{"href":"https:\/\/informelitoral.com.ar\/%77%70%2d%6a%73%6f%6e\/wp\/v2\/posts\/13572","targetHints":{"allow":["GET"]}}],"collection":[{"href":"https:\/\/informelitoral.com.ar\/%77%70%2d%6a%73%6f%6e\/wp\/v2\/posts"}],"about":[{"href":"https:\/\/informelitoral.com.ar\/%77%70%2d%6a%73%6f%6e\/wp\/v2\/types\/post"}],"author":[{"embeddable":true,"href":"https:\/\/informelitoral.com.ar\/%77%70%2d%6a%73%6f%6e\/wp\/v2\/users\/2"}],"replies":[{"embeddable":true,"href":"https:\/\/informelitoral.com.ar\/%77%70%2d%6a%73%6f%6e\/wp\/v2\/comments?post=13572"}],"version-history":[{"count":0,"href":"https:\/\/informelitoral.com.ar\/%77%70%2d%6a%73%6f%6e\/wp\/v2\/posts\/13572\/revisions"}],"wp:attachment":[{"href":"https:\/\/informelitoral.com.ar\/%77%70%2d%6a%73%6f%6e\/wp\/v2\/media?parent=13572"}],"wp:term":[{"taxonomy":"category","embeddable":true,"href":"https:\/\/informelitoral.com.ar\/%77%70%2d%6a%73%6f%6e\/wp\/v2\/categories?post=13572"},{"taxonomy":"post_tag","embeddable":true,"href":"https:\/\/informelitoral.com.ar\/%77%70%2d%6a%73%6f%6e\/wp\/v2\/tags?post=13572"}],"curies":[{"name":"wp","href":"https:\/\/api.w.org\/{rel}","templated":true}]}}