{"id":13570,"date":"2016-02-02T15:40:36","date_gmt":"2016-02-02T18:40:36","guid":{"rendered":"http:\/\/www.isletasnoticias.com.ar\/?p=13570"},"modified":"2016-02-02T15:40:36","modified_gmt":"2016-02-02T18:40:36","slug":"ramirez-gustavo-vergara-asegura-que-cobra-menos-que-edelmiro-kramer","status":"publish","type":"post","link":"https:\/\/informelitoral.com.ar\/ramirez-gustavo-vergara-asegura-que-cobra-menos-que-edelmiro-kramer\/","title":{"rendered":"Ram\u00edrez: Gustavo Vergara asegura que cobra menos que Edelmiro Kr\u00e4mer"},"content":{"rendered":"<p><strong>Desde la localidad de General Ram\u00edrez trascendieron cr\u00edticas a la dieta salarial del jefe comunal <em>Gustavo Vergara.<\/em> \u00c9l sostiene que la cifra ignora los descuentos legales correspondientes y se compara con su antecesor <em>Edelmiro Kr\u00e4mer.<\/em><a href=\"http:\/\/www.isletasnoticias.com.ar\/%77%70%2d%63%6f%6e%74%65%6e%74\/uploads\/2013\/08\/muni1.jpg\"><img loading=\"lazy\" decoding=\"async\" class=\"aligncenter size-full wp-image-2993\" src=\"http:\/\/www.isletasnoticias.com.ar\/%77%70%2d%63%6f%6e%74%65%6e%74\/uploads\/2013\/08\/muni1.jpg\" alt=\"muni1\" width=\"750\" height=\"563\" srcset=\"https:\/\/informelitoral.com.ar\/%77%70%2d%63%6f%6e%74%65%6e%74\/uploads\/2013\/08\/muni1.jpg 750w, https:\/\/informelitoral.com.ar\/%77%70%2d%63%6f%6e%74%65%6e%74\/uploads\/2013\/08\/muni1-300x225.jpg 300w\" sizes=\"auto, (max-width: 750px) 100vw, 750px\" \/><\/a><\/strong><\/p>\n<p>El municipio de General Ram\u00edrez estableci\u00f3 mediante ordenanza en diciembre pasado la Emergencia Econ\u00f3mica y le pidi\u00f3 prestados unos $2 millones de pesos al erario provincial para afrontar pagos de sueldos. Desde el actual oficialismo de Cambiemos, encabezado por el intendente <strong>Gustavo Vergara<\/strong>, alegaron que es culpa de la herencia que dej\u00f3 la gesti\u00f3n de <strong>Edelmiro Kr\u00e4mer<\/strong> (PJ), apuntando deudas con proveedores, falta de maquinaria y el vaciamiento de las arcas municipales al punto de no alcanzar a pagar gastos corrientes b\u00e1sicos como salarios municipales.<\/p>\n<p>Este martes trascendieron versiones desde la localidad del departamento Diamante que ubican los ingresos del mandatario, pese a la emergencia econ\u00f3mica dictada, en los 72.202 pesos. Ante la consulta de <em>Informe Digital,<\/em> Vergara expres\u00f3 que dicho monto significa su salario nominal, mientras que sus ingresos \u201cde bolsillo\u201d \u2013deducidos impuesto a las ganancias, descuentos jubilatorios y dem\u00e1s obligaciones- rondan los 42.500 pesos.<\/p>\n<p>Dicha cifra se encuentra en vigencia durante la emergencia econ\u00f3mica del municipio. Una vez levantada la medida, aclar\u00f3 el propio Vergara,\u00a0el sueldo neto ascender\u00e1 a unos 48.500 pesos. El intendente ramirense anticip\u00f3 que desde el Palacio Municipal divulgar\u00e1n documentaci\u00f3n oficial \u00abpara aclarar a la poblaci\u00f3n\u00bb los montos en cuesti\u00f3n.<\/p>\n<p>El jefe comunal se encarg\u00f3, en contrapartida, de asegurar que su dieta mensual es significativamente menor a la que percib\u00eda el anterior intendente <strong>Edelmiro Kr\u00e4mer<\/strong>, quien ostent\u00f3 la presidencia municipal en tres per\u00edodos y hubiera alcanzado el cuarto si el PJ no perd\u00eda los comicios del 25 de octubre. Vergara se\u00f1al\u00f3 que su antecesor percib\u00eda un salario nominal de 90 mil pesos, cuyo correspondiente neto era de unos $72 mil.<\/p>\n<p>Adem\u00e1s del aumento que se le endilga al intendente Vergara, la denuncia contra los sueldos del funcionariado de General Ram\u00edrez, que cuenta 12 mil habitantes, unos 200 agentes en planta permanente, otros 100 en forma temporaria y monotributistas que le facturan al Estado local, abarca a otros dirigentes de la municipalidad.<\/p>\n<p>As\u00ed, se cuestionaron las dietas del viceintendente <strong>Roberto Riffel<\/strong>, del secretario de Gobierno <strong>Pablo Omarini<\/strong> y del secretario de Obras P\u00fablicas,<strong> Dar\u00edo Chaparro<\/strong>, todas equivalentes al 80% del sueldo que percibe el intendente, es decir $57.769 mensuales. Tambi\u00e9n de la secretaria de Relaciones con la Comunidad <strong>Flavia Pamberger<\/strong> y del subsecretario de Pol\u00edticas Sociales <strong>Walter Schild<\/strong>, que significan el 70% del sueldo de Vergara, unos 50.548 de pesos.<\/p>\n<p>En otro escal\u00f3n, siguen el subsecretario de Pol\u00edticas Culturales y Comunicaci\u00f3n <strong>Walter Lauphan<\/strong>, el director de Asuntos Jur\u00eddicos <strong>Pablo de Iriondo<\/strong>, el director de Deportes, <strong>Cesar Omarini<\/strong> y el director de Ingresos P\u00fablicos,<strong> Pablo Rode<\/strong>, a quienes les corresponde el 60% del sueldo del intendente y cobran $43.327. Por \u00faltimo, se advirti\u00f3 que la secretaria privada del intendente, <strong>Sabrina Devolver<\/strong>, percibe unos $36.096, es decir, el 40% del sueldo del presidente municipal. <em>(Informe Digital)<\/em><\/p>\n","protected":false},"excerpt":{"rendered":"<p>Desde la localidad de General Ram&iacute;rez trascendieron cr&iacute;ticas a la dieta salarial del jefe comunal Gustavo Vergara. &Eacute;l sostiene que la cifra ignora los descuentos legales correspondientes y se compara con su antecesor Edelmiro Kr&auml;mer. El municipio de General Ram&iacute;rez estableci&oacute; mediante ordenanza en diciembre pasado la Emergencia Econ&oacute;mica y le pidi&oacute; prestados unos $2 [&hellip;]<\/p>\n","protected":false},"author":2,"featured_media":0,"comment_status":"open","ping_status":"open","sticky":false,"template":"","format":"standard","meta":{"fifu_image_url":"","fifu_image_alt":"","footnotes":""},"categories":[5,16],"tags":[],"class_list":{"0":"post-13570","1":"post","2":"type-post","3":"status-publish","4":"format-standard","6":"category-zonales","7":"category-politi"},"yoast_head":"<title>Ram\u00edrez: Gustavo Vergara asegura que cobra menos que Edelmiro Kr\u00e4mer - Informe Litoral<\/title>\n<meta name=\"robots\" content=\"index, follow, max-snippet:-1, max-image-preview:large, max-video-preview:-1\" \/>\n<link rel=\"canonical\" href=\"https:\/\/informelitoral.com.ar\/ramirez-gustavo-vergara-asegura-que-cobra-menos-que-edelmiro-kramer\/\" \/>\n<meta property=\"og:locale\" content=\"es_ES\" \/>\n<meta property=\"og:type\" content=\"article\" \/>\n<meta property=\"og:title\" content=\"Ram\u00edrez: Gustavo Vergara asegura que cobra menos que Edelmiro Kr\u00e4mer - Informe Litoral\" \/>\n<meta property=\"og:description\" content=\"Desde la localidad de General Ram&iacute;rez trascendieron cr&iacute;ticas a la dieta salarial del jefe comunal Gustavo Vergara. &Eacute;l sostiene que la cifra ignora los descuentos legales correspondientes y se compara con su antecesor Edelmiro Kr&auml;mer. El municipio de General Ram&iacute;rez estableci&oacute; mediante ordenanza en diciembre pasado la Emergencia Econ&oacute;mica y le pidi&oacute; prestados unos $2 [&hellip;]\" \/>\n<meta property=\"og:url\" content=\"https:\/\/informelitoral.com.ar\/ramirez-gustavo-vergara-asegura-que-cobra-menos-que-edelmiro-kramer\/\" \/>\n<meta property=\"og:site_name\" content=\"Informe Litoral\" \/>\n<meta property=\"article:publisher\" content=\"https:\/\/www.facebook.com\/informelitoral\/\" \/>\n<meta property=\"article:published_time\" content=\"2016-02-02T18:40:36+00:00\" \/>\n<meta property=\"og:image\" content=\"https:\/\/informelitoral.com.ar\/%77%70%2d%63%6f%6e%74%65%6e%74\/uploads\/2013\/08\/muni1.jpg\" \/>\n\t<meta property=\"og:image:width\" content=\"750\" \/>\n\t<meta property=\"og:image:height\" content=\"563\" \/>\n\t<meta property=\"og:image:type\" content=\"image\/jpeg\" \/>\n<meta name=\"author\" content=\"Gonzalo Schmidt\" \/>\n<meta name=\"twitter:card\" content=\"summary_large_image\" \/>\n<meta name=\"twitter:creator\" content=\"@InformeLitoral\" \/>\n<meta name=\"twitter:site\" content=\"@InformeLitoral\" \/>\n<meta name=\"twitter:label1\" content=\"Escrito por\" \/>\n\t<meta name=\"twitter:data1\" content=\"Gonzalo Schmidt\" \/>\n\t<meta name=\"twitter:label2\" content=\"Tiempo de lectura\" \/>\n\t<meta name=\"twitter:data2\" content=\"3 minutos\" \/>\n<script type=\"application\/ld+json\" class=\"yoast-schema-graph\">{\"@context\":\"https:\\\/\\\/schema.org\",\"@graph\":[{\"@type\":\"Article\",\"@id\":\"https:\\\/\\\/informelitoral.com.ar\\\/ramirez-gustavo-vergara-asegura-que-cobra-menos-que-edelmiro-kramer\\\/#article\",\"isPartOf\":{\"@id\":\"https:\\\/\\\/informelitoral.com.ar\\\/ramirez-gustavo-vergara-asegura-que-cobra-menos-que-edelmiro-kramer\\\/\"},\"author\":{\"name\":\"Gonzalo Schmidt\",\"@id\":\"https:\\\/\\\/informelitoral.com.ar\\\/#\\\/schema\\\/person\\\/b9d00407c836482871ef1d57bf8e3180\"},\"headline\":\"Ram\u00edrez: Gustavo Vergara asegura que cobra menos que Edelmiro Kr\u00e4mer\",\"datePublished\":\"2016-02-02T18:40:36+00:00\",\"mainEntityOfPage\":{\"@id\":\"https:\\\/\\\/informelitoral.com.ar\\\/ramirez-gustavo-vergara-asegura-que-cobra-menos-que-edelmiro-kramer\\\/\"},\"wordCount\":520,\"commentCount\":0,\"publisher\":{\"@id\":\"https:\\\/\\\/informelitoral.com.ar\\\/#organization\"},\"image\":{\"@id\":\"https:\\\/\\\/informelitoral.com.ar\\\/ramirez-gustavo-vergara-asegura-que-cobra-menos-que-edelmiro-kramer\\\/#primaryimage\"},\"thumbnailUrl\":\"http:\\\/\\\/www.isletasnoticias.com.ar\\\/%77%70%2d%63%6f%6e%74%65%6e%74\\\/uploads\\\/2013\\\/08\\\/muni1.jpg\",\"articleSection\":[\"Departamento Diamante\",\"Politica\"],\"inLanguage\":\"es\",\"potentialAction\":[{\"@type\":\"CommentAction\",\"name\":\"Comment\",\"target\":[\"https:\\\/\\\/informelitoral.com.ar\\\/ramirez-gustavo-vergara-asegura-que-cobra-menos-que-edelmiro-kramer\\\/#respond\"]}]},{\"@type\":\"WebPage\",\"@id\":\"https:\\\/\\\/informelitoral.com.ar\\\/ramirez-gustavo-vergara-asegura-que-cobra-menos-que-edelmiro-kramer\\\/\",\"url\":\"https:\\\/\\\/informelitoral.com.ar\\\/ramirez-gustavo-vergara-asegura-que-cobra-menos-que-edelmiro-kramer\\\/\",\"name\":\"Ram\u00edrez: Gustavo Vergara asegura que cobra menos que Edelmiro Kr\u00e4mer - Informe Litoral\",\"isPartOf\":{\"@id\":\"https:\\\/\\\/informelitoral.com.ar\\\/#website\"},\"primaryImageOfPage\":{\"@id\":\"https:\\\/\\\/informelitoral.com.ar\\\/ramirez-gustavo-vergara-asegura-que-cobra-menos-que-edelmiro-kramer\\\/#primaryimage\"},\"image\":{\"@id\":\"https:\\\/\\\/informelitoral.com.ar\\\/ramirez-gustavo-vergara-asegura-que-cobra-menos-que-edelmiro-kramer\\\/#primaryimage\"},\"thumbnailUrl\":\"http:\\\/\\\/www.isletasnoticias.com.ar\\\/%77%70%2d%63%6f%6e%74%65%6e%74\\\/uploads\\\/2013\\\/08\\\/muni1.jpg\",\"datePublished\":\"2016-02-02T18:40:36+00:00\",\"breadcrumb\":{\"@id\":\"https:\\\/\\\/informelitoral.com.ar\\\/ramirez-gustavo-vergara-asegura-que-cobra-menos-que-edelmiro-kramer\\\/#breadcrumb\"},\"inLanguage\":\"es\",\"potentialAction\":[{\"@type\":\"ReadAction\",\"target\":[\"https:\\\/\\\/informelitoral.com.ar\\\/ramirez-gustavo-vergara-asegura-que-cobra-menos-que-edelmiro-kramer\\\/\"]}]},{\"@type\":\"ImageObject\",\"inLanguage\":\"es\",\"@id\":\"https:\\\/\\\/informelitoral.com.ar\\\/ramirez-gustavo-vergara-asegura-que-cobra-menos-que-edelmiro-kramer\\\/#primaryimage\",\"url\":\"http:\\\/\\\/www.isletasnoticias.com.ar\\\/%77%70%2d%63%6f%6e%74%65%6e%74\\\/uploads\\\/2013\\\/08\\\/muni1.jpg\",\"contentUrl\":\"http:\\\/\\\/www.isletasnoticias.com.ar\\\/%77%70%2d%63%6f%6e%74%65%6e%74\\\/uploads\\\/2013\\\/08\\\/muni1.jpg\"},{\"@type\":\"BreadcrumbList\",\"@id\":\"https:\\\/\\\/informelitoral.com.ar\\\/ramirez-gustavo-vergara-asegura-que-cobra-menos-que-edelmiro-kramer\\\/#breadcrumb\",\"itemListElement\":[{\"@type\":\"ListItem\",\"position\":1,\"name\":\"Portada\",\"item\":\"https:\\\/\\\/informelitoral.com.ar\\\/\"},{\"@type\":\"ListItem\",\"position\":2,\"name\":\"Ram\u00edrez: Gustavo Vergara asegura que cobra menos que Edelmiro Kr\u00e4mer\"}]},{\"@type\":\"WebSite\",\"@id\":\"https:\\\/\\\/informelitoral.com.ar\\\/#website\",\"url\":\"https:\\\/\\\/informelitoral.com.ar\\\/\",\"name\":\"Informe Litoral\",\"description\":\"&quot;Nos informamos&quot; \",\"publisher\":{\"@id\":\"https:\\\/\\\/informelitoral.com.ar\\\/#organization\"},\"potentialAction\":[{\"@type\":\"SearchAction\",\"target\":{\"@type\":\"EntryPoint\",\"urlTemplate\":\"https:\\\/\\\/informelitoral.com.ar\\\/?s={search_term_string}\"},\"query-input\":{\"@type\":\"PropertyValueSpecification\",\"valueRequired\":true,\"valueName\":\"search_term_string\"}}],\"inLanguage\":\"es\"},{\"@type\":\"Organization\",\"@id\":\"https:\\\/\\\/informelitoral.com.ar\\\/#organization\",\"name\":\"Informe Litoral\",\"url\":\"https:\\\/\\\/informelitoral.com.ar\\\/\",\"logo\":{\"@type\":\"ImageObject\",\"inLanguage\":\"es\",\"@id\":\"https:\\\/\\\/informelitoral.com.ar\\\/#\\\/schema\\\/logo\\\/image\\\/\",\"url\":\"https:\\\/\\\/informelitoral.com.ar\\\/%77%70%2d%63%6f%6e%74%65%6e%74\\\/uploads\\\/2021\\\/01\\\/circulo.png\",\"contentUrl\":\"https:\\\/\\\/informelitoral.com.ar\\\/%77%70%2d%63%6f%6e%74%65%6e%74\\\/uploads\\\/2021\\\/01\\\/circulo.png\",\"width\":723,\"height\":731,\"caption\":\"Informe Litoral\"},\"image\":{\"@id\":\"https:\\\/\\\/informelitoral.com.ar\\\/#\\\/schema\\\/logo\\\/image\\\/\"},\"sameAs\":[\"https:\\\/\\\/www.facebook.com\\\/informelitoral\\\/\",\"https:\\\/\\\/x.com\\\/InformeLitoral\",\"https:\\\/\\\/www.instagram.com\\\/informelitoral\\\/\",\"https:\\\/\\\/www.youtube.com\\\/channel\\\/UCua4Qvz8Icb6MYqhoq9xLXw\"]},{\"@type\":\"Person\",\"@id\":\"https:\\\/\\\/informelitoral.com.ar\\\/#\\\/schema\\\/person\\\/b9d00407c836482871ef1d57bf8e3180\",\"name\":\"Gonzalo Schmidt\",\"image\":{\"@type\":\"ImageObject\",\"inLanguage\":\"es\",\"@id\":\"https:\\\/\\\/secure.gravatar.com\\\/avatar\\\/31a1a7b66ff2de83bd0e9fd79d026630d2d99e55e8bfe501287647b4fd9743de?s=96&d=mm&r=g\",\"url\":\"https:\\\/\\\/secure.gravatar.com\\\/avatar\\\/31a1a7b66ff2de83bd0e9fd79d026630d2d99e55e8bfe501287647b4fd9743de?s=96&d=mm&r=g\",\"contentUrl\":\"https:\\\/\\\/secure.gravatar.com\\\/avatar\\\/31a1a7b66ff2de83bd0e9fd79d026630d2d99e55e8bfe501287647b4fd9743de?s=96&d=mm&r=g\",\"caption\":\"Gonzalo Schmidt\"},\"description\":\"Sitio web de noticias de la provincia de Entre R\u00edos, Argentina. Informaci\u00f3n y entretenimiento. Informe Litoral, nos informamos.\",\"sameAs\":[\"http:\\\/\\\/www.isletasnoticias.com.ar\"],\"url\":\"https:\\\/\\\/informelitoral.com.ar\\\/author\\\/gonzalo\\\/\"}]}<\/script>","yoast_head_json":{"title":"Ram\u00edrez: Gustavo Vergara asegura que cobra menos que Edelmiro Kr\u00e4mer - Informe Litoral","robots":{"index":"index","follow":"follow","max-snippet":"max-snippet:-1","max-image-preview":"max-image-preview:large","max-video-preview":"max-video-preview:-1"},"canonical":"https:\/\/informelitoral.com.ar\/ramirez-gustavo-vergara-asegura-que-cobra-menos-que-edelmiro-kramer\/","og_locale":"es_ES","og_type":"article","og_title":"Ram\u00edrez: Gustavo Vergara asegura que cobra menos que Edelmiro Kr\u00e4mer - Informe Litoral","og_description":"Desde la localidad de General Ram&iacute;rez trascendieron cr&iacute;ticas a la dieta salarial del jefe comunal Gustavo Vergara. &Eacute;l sostiene que la cifra ignora los descuentos legales correspondientes y se compara con su antecesor Edelmiro Kr&auml;mer. El municipio de General Ram&iacute;rez estableci&oacute; mediante ordenanza en diciembre pasado la Emergencia Econ&oacute;mica y le pidi&oacute; prestados unos $2 [&hellip;]","og_url":"https:\/\/informelitoral.com.ar\/ramirez-gustavo-vergara-asegura-que-cobra-menos-que-edelmiro-kramer\/","og_site_name":"Informe Litoral","article_publisher":"https:\/\/www.facebook.com\/informelitoral\/","article_published_time":"2016-02-02T18:40:36+00:00","og_image":[{"width":750,"height":563,"url":"https:\/\/informelitoral.com.ar\/%77%70%2d%63%6f%6e%74%65%6e%74\/uploads\/2013\/08\/muni1.jpg","type":"image\/jpeg"}],"author":"Gonzalo Schmidt","twitter_card":"summary_large_image","twitter_creator":"@InformeLitoral","twitter_site":"@InformeLitoral","twitter_misc":{"Escrito por":"Gonzalo Schmidt","Tiempo de lectura":"3 minutos"},"schema":{"@context":"https:\/\/schema.org","@graph":[{"@type":"Article","@id":"https:\/\/informelitoral.com.ar\/ramirez-gustavo-vergara-asegura-que-cobra-menos-que-edelmiro-kramer\/#article","isPartOf":{"@id":"https:\/\/informelitoral.com.ar\/ramirez-gustavo-vergara-asegura-que-cobra-menos-que-edelmiro-kramer\/"},"author":{"name":"Gonzalo Schmidt","@id":"https:\/\/informelitoral.com.ar\/#\/schema\/person\/b9d00407c836482871ef1d57bf8e3180"},"headline":"Ram\u00edrez: Gustavo Vergara asegura que cobra menos que Edelmiro Kr\u00e4mer","datePublished":"2016-02-02T18:40:36+00:00","mainEntityOfPage":{"@id":"https:\/\/informelitoral.com.ar\/ramirez-gustavo-vergara-asegura-que-cobra-menos-que-edelmiro-kramer\/"},"wordCount":520,"commentCount":0,"publisher":{"@id":"https:\/\/informelitoral.com.ar\/#organization"},"image":{"@id":"https:\/\/informelitoral.com.ar\/ramirez-gustavo-vergara-asegura-que-cobra-menos-que-edelmiro-kramer\/#primaryimage"},"thumbnailUrl":"http:\/\/www.isletasnoticias.com.ar\/%77%70%2d%63%6f%6e%74%65%6e%74\/uploads\/2013\/08\/muni1.jpg","articleSection":["Departamento Diamante","Politica"],"inLanguage":"es","potentialAction":[{"@type":"CommentAction","name":"Comment","target":["https:\/\/informelitoral.com.ar\/ramirez-gustavo-vergara-asegura-que-cobra-menos-que-edelmiro-kramer\/#respond"]}]},{"@type":"WebPage","@id":"https:\/\/informelitoral.com.ar\/ramirez-gustavo-vergara-asegura-que-cobra-menos-que-edelmiro-kramer\/","url":"https:\/\/informelitoral.com.ar\/ramirez-gustavo-vergara-asegura-que-cobra-menos-que-edelmiro-kramer\/","name":"Ram\u00edrez: Gustavo Vergara asegura que cobra menos que Edelmiro Kr\u00e4mer - Informe Litoral","isPartOf":{"@id":"https:\/\/informelitoral.com.ar\/#website"},"primaryImageOfPage":{"@id":"https:\/\/informelitoral.com.ar\/ramirez-gustavo-vergara-asegura-que-cobra-menos-que-edelmiro-kramer\/#primaryimage"},"image":{"@id":"https:\/\/informelitoral.com.ar\/ramirez-gustavo-vergara-asegura-que-cobra-menos-que-edelmiro-kramer\/#primaryimage"},"thumbnailUrl":"http:\/\/www.isletasnoticias.com.ar\/%77%70%2d%63%6f%6e%74%65%6e%74\/uploads\/2013\/08\/muni1.jpg","datePublished":"2016-02-02T18:40:36+00:00","breadcrumb":{"@id":"https:\/\/informelitoral.com.ar\/ramirez-gustavo-vergara-asegura-que-cobra-menos-que-edelmiro-kramer\/#breadcrumb"},"inLanguage":"es","potentialAction":[{"@type":"ReadAction","target":["https:\/\/informelitoral.com.ar\/ramirez-gustavo-vergara-asegura-que-cobra-menos-que-edelmiro-kramer\/"]}]},{"@type":"ImageObject","inLanguage":"es","@id":"https:\/\/informelitoral.com.ar\/ramirez-gustavo-vergara-asegura-que-cobra-menos-que-edelmiro-kramer\/#primaryimage","url":"http:\/\/www.isletasnoticias.com.ar\/%77%70%2d%63%6f%6e%74%65%6e%74\/uploads\/2013\/08\/muni1.jpg","contentUrl":"http:\/\/www.isletasnoticias.com.ar\/%77%70%2d%63%6f%6e%74%65%6e%74\/uploads\/2013\/08\/muni1.jpg"},{"@type":"BreadcrumbList","@id":"https:\/\/informelitoral.com.ar\/ramirez-gustavo-vergara-asegura-que-cobra-menos-que-edelmiro-kramer\/#breadcrumb","itemListElement":[{"@type":"ListItem","position":1,"name":"Portada","item":"https:\/\/informelitoral.com.ar\/"},{"@type":"ListItem","position":2,"name":"Ram\u00edrez: Gustavo Vergara asegura que cobra menos que Edelmiro Kr\u00e4mer"}]},{"@type":"WebSite","@id":"https:\/\/informelitoral.com.ar\/#website","url":"https:\/\/informelitoral.com.ar\/","name":"Informe Litoral","description":"&quot;Nos informamos&quot; ","publisher":{"@id":"https:\/\/informelitoral.com.ar\/#organization"},"potentialAction":[{"@type":"SearchAction","target":{"@type":"EntryPoint","urlTemplate":"https:\/\/informelitoral.com.ar\/?s={search_term_string}"},"query-input":{"@type":"PropertyValueSpecification","valueRequired":true,"valueName":"search_term_string"}}],"inLanguage":"es"},{"@type":"Organization","@id":"https:\/\/informelitoral.com.ar\/#organization","name":"Informe Litoral","url":"https:\/\/informelitoral.com.ar\/","logo":{"@type":"ImageObject","inLanguage":"es","@id":"https:\/\/informelitoral.com.ar\/#\/schema\/logo\/image\/","url":"https:\/\/informelitoral.com.ar\/%77%70%2d%63%6f%6e%74%65%6e%74\/uploads\/2021\/01\/circulo.png","contentUrl":"https:\/\/informelitoral.com.ar\/%77%70%2d%63%6f%6e%74%65%6e%74\/uploads\/2021\/01\/circulo.png","width":723,"height":731,"caption":"Informe Litoral"},"image":{"@id":"https:\/\/informelitoral.com.ar\/#\/schema\/logo\/image\/"},"sameAs":["https:\/\/www.facebook.com\/informelitoral\/","https:\/\/x.com\/InformeLitoral","https:\/\/www.instagram.com\/informelitoral\/","https:\/\/www.youtube.com\/channel\/UCua4Qvz8Icb6MYqhoq9xLXw"]},{"@type":"Person","@id":"https:\/\/informelitoral.com.ar\/#\/schema\/person\/b9d00407c836482871ef1d57bf8e3180","name":"Gonzalo Schmidt","image":{"@type":"ImageObject","inLanguage":"es","@id":"https:\/\/secure.gravatar.com\/avatar\/31a1a7b66ff2de83bd0e9fd79d026630d2d99e55e8bfe501287647b4fd9743de?s=96&d=mm&r=g","url":"https:\/\/secure.gravatar.com\/avatar\/31a1a7b66ff2de83bd0e9fd79d026630d2d99e55e8bfe501287647b4fd9743de?s=96&d=mm&r=g","contentUrl":"https:\/\/secure.gravatar.com\/avatar\/31a1a7b66ff2de83bd0e9fd79d026630d2d99e55e8bfe501287647b4fd9743de?s=96&d=mm&r=g","caption":"Gonzalo Schmidt"},"description":"Sitio web de noticias de la provincia de Entre R\u00edos, Argentina. Informaci\u00f3n y entretenimiento. Informe Litoral, nos informamos.","sameAs":["http:\/\/www.isletasnoticias.com.ar"],"url":"https:\/\/informelitoral.com.ar\/author\/gonzalo\/"}]}},"_links":{"self":[{"href":"https:\/\/informelitoral.com.ar\/%77%70%2d%6a%73%6f%6e\/wp\/v2\/posts\/13570","targetHints":{"allow":["GET"]}}],"collection":[{"href":"https:\/\/informelitoral.com.ar\/%77%70%2d%6a%73%6f%6e\/wp\/v2\/posts"}],"about":[{"href":"https:\/\/informelitoral.com.ar\/%77%70%2d%6a%73%6f%6e\/wp\/v2\/types\/post"}],"author":[{"embeddable":true,"href":"https:\/\/informelitoral.com.ar\/%77%70%2d%6a%73%6f%6e\/wp\/v2\/users\/2"}],"replies":[{"embeddable":true,"href":"https:\/\/informelitoral.com.ar\/%77%70%2d%6a%73%6f%6e\/wp\/v2\/comments?post=13570"}],"version-history":[{"count":0,"href":"https:\/\/informelitoral.com.ar\/%77%70%2d%6a%73%6f%6e\/wp\/v2\/posts\/13570\/revisions"}],"wp:attachment":[{"href":"https:\/\/informelitoral.com.ar\/%77%70%2d%6a%73%6f%6e\/wp\/v2\/media?parent=13570"}],"wp:term":[{"taxonomy":"category","embeddable":true,"href":"https:\/\/informelitoral.com.ar\/%77%70%2d%6a%73%6f%6e\/wp\/v2\/categories?post=13570"},{"taxonomy":"post_tag","embeddable":true,"href":"https:\/\/informelitoral.com.ar\/%77%70%2d%6a%73%6f%6e\/wp\/v2\/tags?post=13570"}],"curies":[{"name":"wp","href":"https:\/\/api.w.org\/{rel}","templated":true}]}}