{"id":13565,"date":"2016-02-02T07:59:02","date_gmt":"2016-02-02T10:59:02","guid":{"rendered":"http:\/\/www.isletasnoticias.com.ar\/?p=13565"},"modified":"2016-02-02T08:02:03","modified_gmt":"2016-02-02T11:02:03","slug":"a-pesar-de-la-inflacion-el-gobierno-fijo-un-techo-a-las-paritarias-el-margen-de-discusion-es-de-20-a-25","status":"publish","type":"post","link":"https:\/\/informelitoral.com.ar\/a-pesar-de-la-inflacion-el-gobierno-fijo-un-techo-a-las-paritarias-el-margen-de-discusion-es-de-20-a-25\/","title":{"rendered":"A pesar de la inflaci\u00f3n, el Gobierno fij\u00f3 un techo a las paritarias: \u00abEl margen de discusi\u00f3n es de 20% a 25%\u00bb"},"content":{"rendered":"<p><strong>El ministro de Trabajo, <em>Jorge Triaca,<\/em> asegur\u00f3 que los pedidos que superen ese umbral no se condicen con la realidad.<a href=\"http:\/\/www.isletasnoticias.com.ar\/%77%70%2d%63%6f%6e%74%65%6e%74\/uploads\/2016\/02\/0013976035.jpg\"><img loading=\"lazy\" decoding=\"async\" class=\"aligncenter size-full wp-image-13566\" src=\"http:\/\/www.isletasnoticias.com.ar\/%77%70%2d%63%6f%6e%74%65%6e%74\/uploads\/2016\/02\/0013976035.jpg\" alt=\"0013976035\" width=\"770\" height=\"433\" srcset=\"https:\/\/informelitoral.com.ar\/%77%70%2d%63%6f%6e%74%65%6e%74\/uploads\/2016\/02\/0013976035.jpg 770w, https:\/\/informelitoral.com.ar\/%77%70%2d%63%6f%6e%74%65%6e%74\/uploads\/2016\/02\/0013976035-300x169.jpg 300w\" sizes=\"auto, (max-width: 770px) 100vw, 770px\" \/><\/a><\/strong>El gobierno nacional intenta ponerles l\u00edmites a las pretensiones salariales de los principales gremios en el inicio de las negociaciones paritarias. El ministro de Trabajo, Jorge Triaca, asegur\u00f3 que \u00abel margen de discusi\u00f3n\u00bb debe moverse entre el 20 y el 25 por ciento. La afirmaci\u00f3n del funcionario surge luego de que desde algunos sectores plantearan pedidos de aumento en torno al 40 por ciento.<\/p>\n<div>El titular de la cartera laboral adelant\u00f3 que el Poder Ejecutivo est\u00e1 trabajando en un paquete de medidas para contrarrestar el efecto de la inflaci\u00f3n y lograr aumentar el poder adquisitivo de los salarios. \u00abNosotros estamos trabajando en muchos temas de agenda que se van a conocer en los pr\u00f3ximos d\u00edas\u00bb, precis\u00f3.<\/div>\n<div><\/div>\n<div>Dentro de esos t\u00f3picos se encuentra la reforma del Impuesto a las Ganancias, que ser\u00e1 introducida el 1\u00b0 de marzo cuando comiencen las sesiones ordinarias del Congreso Nacional. El a\u00f1o pasado, el presidente Mauricio Macri hab\u00eda prometido que llevar\u00eda el piso para entrar al gravamen a $30.000, adem\u00e1s de modificar las discutidas escalas.<\/div>\n<div><\/div>\n<div>El secretario general de Camioneros y uno de los representantes gremiales con mayor poder de movilizaci\u00f3n, Hugo Moyano, sorprendi\u00f3 el lunes con cr\u00edticas a Macri. Triaca baj\u00f3 el tono a la pol\u00e9mica y asegur\u00f3 en di\u00e1logo con Luis Novaresio en radio <i>La Red<\/i> que la relaci\u00f3n entre el Poder Ejecutivo y el sindicalista est\u00e1 en \u00ab7 u 8 puntos\u00bb. <em>(Infobae)<\/em><\/div>\n","protected":false},"excerpt":{"rendered":"<p>El ministro de Trabajo, Jorge Triaca, asegur&oacute; que los pedidos que superen ese umbral no se condicen con la realidad.El gobierno nacional intenta ponerles l&iacute;mites a las pretensiones salariales de los principales gremios en el inicio de las negociaciones paritarias. El ministro de Trabajo, Jorge Triaca, asegur&oacute; que &laquo;el margen de discusi&oacute;n&raquo; debe moverse entre [&hellip;]<\/p>\n","protected":false},"author":2,"featured_media":0,"comment_status":"open","ping_status":"open","sticky":false,"template":"","format":"standard","meta":{"fifu_image_url":"","fifu_image_alt":"","footnotes":""},"categories":[7,16],"tags":[],"class_list":{"0":"post-13565","1":"post","2":"type-post","3":"status-publish","4":"format-standard","6":"category-nacionales","7":"category-politi"},"yoast_head":"<title>A pesar de la inflaci\u00f3n, el Gobierno fij\u00f3 un techo a las paritarias: &quot;El margen de discusi\u00f3n es de 20% a 25%&quot; - Informe Litoral<\/title>\n<meta name=\"robots\" content=\"index, follow, max-snippet:-1, max-image-preview:large, max-video-preview:-1\" \/>\n<link rel=\"canonical\" href=\"https:\/\/informelitoral.com.ar\/a-pesar-de-la-inflacion-el-gobierno-fijo-un-techo-a-las-paritarias-el-margen-de-discusion-es-de-20-a-25\/\" \/>\n<meta property=\"og:locale\" content=\"es_ES\" \/>\n<meta property=\"og:type\" content=\"article\" \/>\n<meta property=\"og:title\" content=\"A pesar de la inflaci\u00f3n, el Gobierno fij\u00f3 un techo a las paritarias: &quot;El margen de discusi\u00f3n es de 20% a 25%&quot; - Informe Litoral\" \/>\n<meta property=\"og:description\" content=\"El ministro de Trabajo, Jorge Triaca, asegur&oacute; que los pedidos que superen ese umbral no se condicen con la realidad.El gobierno nacional intenta ponerles l&iacute;mites a las pretensiones salariales de los principales gremios en el inicio de las negociaciones paritarias. El ministro de Trabajo, Jorge Triaca, asegur&oacute; que &laquo;el margen de discusi&oacute;n&raquo; debe moverse entre [&hellip;]\" \/>\n<meta property=\"og:url\" content=\"https:\/\/informelitoral.com.ar\/a-pesar-de-la-inflacion-el-gobierno-fijo-un-techo-a-las-paritarias-el-margen-de-discusion-es-de-20-a-25\/\" \/>\n<meta property=\"og:site_name\" content=\"Informe Litoral\" \/>\n<meta property=\"article:publisher\" content=\"https:\/\/www.facebook.com\/informelitoral\/\" \/>\n<meta property=\"article:published_time\" content=\"2016-02-02T10:59:02+00:00\" \/>\n<meta property=\"article:modified_time\" content=\"2016-02-02T11:02:03+00:00\" \/>\n<meta property=\"og:image\" content=\"https:\/\/informelitoral.com.ar\/%77%70%2d%63%6f%6e%74%65%6e%74\/uploads\/2016\/02\/0013976035.jpg\" \/>\n\t<meta property=\"og:image:width\" content=\"770\" \/>\n\t<meta property=\"og:image:height\" content=\"433\" \/>\n\t<meta property=\"og:image:type\" content=\"image\/jpeg\" \/>\n<meta name=\"author\" content=\"Gonzalo Schmidt\" \/>\n<meta name=\"twitter:card\" content=\"summary_large_image\" \/>\n<meta name=\"twitter:creator\" content=\"@InformeLitoral\" \/>\n<meta name=\"twitter:site\" content=\"@InformeLitoral\" \/>\n<meta name=\"twitter:label1\" content=\"Escrito por\" \/>\n\t<meta name=\"twitter:data1\" content=\"Gonzalo Schmidt\" \/>\n\t<meta name=\"twitter:label2\" content=\"Tiempo de lectura\" \/>\n\t<meta name=\"twitter:data2\" content=\"1 minuto\" \/>\n<script type=\"application\/ld+json\" class=\"yoast-schema-graph\">{\"@context\":\"https:\\\/\\\/schema.org\",\"@graph\":[{\"@type\":\"Article\",\"@id\":\"https:\\\/\\\/informelitoral.com.ar\\\/a-pesar-de-la-inflacion-el-gobierno-fijo-un-techo-a-las-paritarias-el-margen-de-discusion-es-de-20-a-25\\\/#article\",\"isPartOf\":{\"@id\":\"https:\\\/\\\/informelitoral.com.ar\\\/a-pesar-de-la-inflacion-el-gobierno-fijo-un-techo-a-las-paritarias-el-margen-de-discusion-es-de-20-a-25\\\/\"},\"author\":{\"name\":\"Gonzalo Schmidt\",\"@id\":\"https:\\\/\\\/informelitoral.com.ar\\\/#\\\/schema\\\/person\\\/b9d00407c836482871ef1d57bf8e3180\"},\"headline\":\"A pesar de la inflaci\u00f3n, el Gobierno fij\u00f3 un techo a las paritarias: \u00abEl margen de discusi\u00f3n es de 20% a 25%\u00bb\",\"datePublished\":\"2016-02-02T10:59:02+00:00\",\"dateModified\":\"2016-02-02T11:02:03+00:00\",\"mainEntityOfPage\":{\"@id\":\"https:\\\/\\\/informelitoral.com.ar\\\/a-pesar-de-la-inflacion-el-gobierno-fijo-un-techo-a-las-paritarias-el-margen-de-discusion-es-de-20-a-25\\\/\"},\"wordCount\":280,\"commentCount\":0,\"publisher\":{\"@id\":\"https:\\\/\\\/informelitoral.com.ar\\\/#organization\"},\"image\":{\"@id\":\"https:\\\/\\\/informelitoral.com.ar\\\/a-pesar-de-la-inflacion-el-gobierno-fijo-un-techo-a-las-paritarias-el-margen-de-discusion-es-de-20-a-25\\\/#primaryimage\"},\"thumbnailUrl\":\"http:\\\/\\\/www.isletasnoticias.com.ar\\\/%77%70%2d%63%6f%6e%74%65%6e%74\\\/uploads\\\/2016\\\/02\\\/0013976035.jpg\",\"articleSection\":[\"Nacionales\",\"Politica\"],\"inLanguage\":\"es\",\"potentialAction\":[{\"@type\":\"CommentAction\",\"name\":\"Comment\",\"target\":[\"https:\\\/\\\/informelitoral.com.ar\\\/a-pesar-de-la-inflacion-el-gobierno-fijo-un-techo-a-las-paritarias-el-margen-de-discusion-es-de-20-a-25\\\/#respond\"]}]},{\"@type\":\"WebPage\",\"@id\":\"https:\\\/\\\/informelitoral.com.ar\\\/a-pesar-de-la-inflacion-el-gobierno-fijo-un-techo-a-las-paritarias-el-margen-de-discusion-es-de-20-a-25\\\/\",\"url\":\"https:\\\/\\\/informelitoral.com.ar\\\/a-pesar-de-la-inflacion-el-gobierno-fijo-un-techo-a-las-paritarias-el-margen-de-discusion-es-de-20-a-25\\\/\",\"name\":\"A pesar de la inflaci\u00f3n, el Gobierno fij\u00f3 un techo a las paritarias: \\\"El margen de discusi\u00f3n es de 20% a 25%\\\" - Informe Litoral\",\"isPartOf\":{\"@id\":\"https:\\\/\\\/informelitoral.com.ar\\\/#website\"},\"primaryImageOfPage\":{\"@id\":\"https:\\\/\\\/informelitoral.com.ar\\\/a-pesar-de-la-inflacion-el-gobierno-fijo-un-techo-a-las-paritarias-el-margen-de-discusion-es-de-20-a-25\\\/#primaryimage\"},\"image\":{\"@id\":\"https:\\\/\\\/informelitoral.com.ar\\\/a-pesar-de-la-inflacion-el-gobierno-fijo-un-techo-a-las-paritarias-el-margen-de-discusion-es-de-20-a-25\\\/#primaryimage\"},\"thumbnailUrl\":\"http:\\\/\\\/www.isletasnoticias.com.ar\\\/%77%70%2d%63%6f%6e%74%65%6e%74\\\/uploads\\\/2016\\\/02\\\/0013976035.jpg\",\"datePublished\":\"2016-02-02T10:59:02+00:00\",\"dateModified\":\"2016-02-02T11:02:03+00:00\",\"breadcrumb\":{\"@id\":\"https:\\\/\\\/informelitoral.com.ar\\\/a-pesar-de-la-inflacion-el-gobierno-fijo-un-techo-a-las-paritarias-el-margen-de-discusion-es-de-20-a-25\\\/#breadcrumb\"},\"inLanguage\":\"es\",\"potentialAction\":[{\"@type\":\"ReadAction\",\"target\":[\"https:\\\/\\\/informelitoral.com.ar\\\/a-pesar-de-la-inflacion-el-gobierno-fijo-un-techo-a-las-paritarias-el-margen-de-discusion-es-de-20-a-25\\\/\"]}]},{\"@type\":\"ImageObject\",\"inLanguage\":\"es\",\"@id\":\"https:\\\/\\\/informelitoral.com.ar\\\/a-pesar-de-la-inflacion-el-gobierno-fijo-un-techo-a-las-paritarias-el-margen-de-discusion-es-de-20-a-25\\\/#primaryimage\",\"url\":\"http:\\\/\\\/www.isletasnoticias.com.ar\\\/%77%70%2d%63%6f%6e%74%65%6e%74\\\/uploads\\\/2016\\\/02\\\/0013976035.jpg\",\"contentUrl\":\"http:\\\/\\\/www.isletasnoticias.com.ar\\\/%77%70%2d%63%6f%6e%74%65%6e%74\\\/uploads\\\/2016\\\/02\\\/0013976035.jpg\"},{\"@type\":\"BreadcrumbList\",\"@id\":\"https:\\\/\\\/informelitoral.com.ar\\\/a-pesar-de-la-inflacion-el-gobierno-fijo-un-techo-a-las-paritarias-el-margen-de-discusion-es-de-20-a-25\\\/#breadcrumb\",\"itemListElement\":[{\"@type\":\"ListItem\",\"position\":1,\"name\":\"Portada\",\"item\":\"https:\\\/\\\/informelitoral.com.ar\\\/\"},{\"@type\":\"ListItem\",\"position\":2,\"name\":\"A pesar de la inflaci\u00f3n, el Gobierno fij\u00f3 un techo a las paritarias: \u00abEl margen de discusi\u00f3n es de 20% a 25%\u00bb\"}]},{\"@type\":\"WebSite\",\"@id\":\"https:\\\/\\\/informelitoral.com.ar\\\/#website\",\"url\":\"https:\\\/\\\/informelitoral.com.ar\\\/\",\"name\":\"Informe Litoral\",\"description\":\"&quot;Nos informamos&quot; \",\"publisher\":{\"@id\":\"https:\\\/\\\/informelitoral.com.ar\\\/#organization\"},\"potentialAction\":[{\"@type\":\"SearchAction\",\"target\":{\"@type\":\"EntryPoint\",\"urlTemplate\":\"https:\\\/\\\/informelitoral.com.ar\\\/?s={search_term_string}\"},\"query-input\":{\"@type\":\"PropertyValueSpecification\",\"valueRequired\":true,\"valueName\":\"search_term_string\"}}],\"inLanguage\":\"es\"},{\"@type\":\"Organization\",\"@id\":\"https:\\\/\\\/informelitoral.com.ar\\\/#organization\",\"name\":\"Informe Litoral\",\"url\":\"https:\\\/\\\/informelitoral.com.ar\\\/\",\"logo\":{\"@type\":\"ImageObject\",\"inLanguage\":\"es\",\"@id\":\"https:\\\/\\\/informelitoral.com.ar\\\/#\\\/schema\\\/logo\\\/image\\\/\",\"url\":\"https:\\\/\\\/informelitoral.com.ar\\\/%77%70%2d%63%6f%6e%74%65%6e%74\\\/uploads\\\/2021\\\/01\\\/circulo.png\",\"contentUrl\":\"https:\\\/\\\/informelitoral.com.ar\\\/%77%70%2d%63%6f%6e%74%65%6e%74\\\/uploads\\\/2021\\\/01\\\/circulo.png\",\"width\":723,\"height\":731,\"caption\":\"Informe Litoral\"},\"image\":{\"@id\":\"https:\\\/\\\/informelitoral.com.ar\\\/#\\\/schema\\\/logo\\\/image\\\/\"},\"sameAs\":[\"https:\\\/\\\/www.facebook.com\\\/informelitoral\\\/\",\"https:\\\/\\\/x.com\\\/InformeLitoral\",\"https:\\\/\\\/www.instagram.com\\\/informelitoral\\\/\",\"https:\\\/\\\/www.youtube.com\\\/channel\\\/UCua4Qvz8Icb6MYqhoq9xLXw\"]},{\"@type\":\"Person\",\"@id\":\"https:\\\/\\\/informelitoral.com.ar\\\/#\\\/schema\\\/person\\\/b9d00407c836482871ef1d57bf8e3180\",\"name\":\"Gonzalo Schmidt\",\"image\":{\"@type\":\"ImageObject\",\"inLanguage\":\"es\",\"@id\":\"https:\\\/\\\/secure.gravatar.com\\\/avatar\\\/31a1a7b66ff2de83bd0e9fd79d026630d2d99e55e8bfe501287647b4fd9743de?s=96&d=mm&r=g\",\"url\":\"https:\\\/\\\/secure.gravatar.com\\\/avatar\\\/31a1a7b66ff2de83bd0e9fd79d026630d2d99e55e8bfe501287647b4fd9743de?s=96&d=mm&r=g\",\"contentUrl\":\"https:\\\/\\\/secure.gravatar.com\\\/avatar\\\/31a1a7b66ff2de83bd0e9fd79d026630d2d99e55e8bfe501287647b4fd9743de?s=96&d=mm&r=g\",\"caption\":\"Gonzalo Schmidt\"},\"description\":\"Sitio web de noticias de la provincia de Entre R\u00edos, Argentina. Informaci\u00f3n y entretenimiento. Informe Litoral, nos informamos.\",\"sameAs\":[\"http:\\\/\\\/www.isletasnoticias.com.ar\"],\"url\":\"https:\\\/\\\/informelitoral.com.ar\\\/author\\\/gonzalo\\\/\"}]}<\/script>","yoast_head_json":{"title":"A pesar de la inflaci\u00f3n, el Gobierno fij\u00f3 un techo a las paritarias: \"El margen de discusi\u00f3n es de 20% a 25%\" - Informe Litoral","robots":{"index":"index","follow":"follow","max-snippet":"max-snippet:-1","max-image-preview":"max-image-preview:large","max-video-preview":"max-video-preview:-1"},"canonical":"https:\/\/informelitoral.com.ar\/a-pesar-de-la-inflacion-el-gobierno-fijo-un-techo-a-las-paritarias-el-margen-de-discusion-es-de-20-a-25\/","og_locale":"es_ES","og_type":"article","og_title":"A pesar de la inflaci\u00f3n, el Gobierno fij\u00f3 un techo a las paritarias: \"El margen de discusi\u00f3n es de 20% a 25%\" - Informe Litoral","og_description":"El ministro de Trabajo, Jorge Triaca, asegur&oacute; que los pedidos que superen ese umbral no se condicen con la realidad.El gobierno nacional intenta ponerles l&iacute;mites a las pretensiones salariales de los principales gremios en el inicio de las negociaciones paritarias. El ministro de Trabajo, Jorge Triaca, asegur&oacute; que &laquo;el margen de discusi&oacute;n&raquo; debe moverse entre [&hellip;]","og_url":"https:\/\/informelitoral.com.ar\/a-pesar-de-la-inflacion-el-gobierno-fijo-un-techo-a-las-paritarias-el-margen-de-discusion-es-de-20-a-25\/","og_site_name":"Informe Litoral","article_publisher":"https:\/\/www.facebook.com\/informelitoral\/","article_published_time":"2016-02-02T10:59:02+00:00","article_modified_time":"2016-02-02T11:02:03+00:00","og_image":[{"width":770,"height":433,"url":"https:\/\/informelitoral.com.ar\/%77%70%2d%63%6f%6e%74%65%6e%74\/uploads\/2016\/02\/0013976035.jpg","type":"image\/jpeg"}],"author":"Gonzalo Schmidt","twitter_card":"summary_large_image","twitter_creator":"@InformeLitoral","twitter_site":"@InformeLitoral","twitter_misc":{"Escrito por":"Gonzalo Schmidt","Tiempo de lectura":"1 minuto"},"schema":{"@context":"https:\/\/schema.org","@graph":[{"@type":"Article","@id":"https:\/\/informelitoral.com.ar\/a-pesar-de-la-inflacion-el-gobierno-fijo-un-techo-a-las-paritarias-el-margen-de-discusion-es-de-20-a-25\/#article","isPartOf":{"@id":"https:\/\/informelitoral.com.ar\/a-pesar-de-la-inflacion-el-gobierno-fijo-un-techo-a-las-paritarias-el-margen-de-discusion-es-de-20-a-25\/"},"author":{"name":"Gonzalo Schmidt","@id":"https:\/\/informelitoral.com.ar\/#\/schema\/person\/b9d00407c836482871ef1d57bf8e3180"},"headline":"A pesar de la inflaci\u00f3n, el Gobierno fij\u00f3 un techo a las paritarias: \u00abEl margen de discusi\u00f3n es de 20% a 25%\u00bb","datePublished":"2016-02-02T10:59:02+00:00","dateModified":"2016-02-02T11:02:03+00:00","mainEntityOfPage":{"@id":"https:\/\/informelitoral.com.ar\/a-pesar-de-la-inflacion-el-gobierno-fijo-un-techo-a-las-paritarias-el-margen-de-discusion-es-de-20-a-25\/"},"wordCount":280,"commentCount":0,"publisher":{"@id":"https:\/\/informelitoral.com.ar\/#organization"},"image":{"@id":"https:\/\/informelitoral.com.ar\/a-pesar-de-la-inflacion-el-gobierno-fijo-un-techo-a-las-paritarias-el-margen-de-discusion-es-de-20-a-25\/#primaryimage"},"thumbnailUrl":"http:\/\/www.isletasnoticias.com.ar\/%77%70%2d%63%6f%6e%74%65%6e%74\/uploads\/2016\/02\/0013976035.jpg","articleSection":["Nacionales","Politica"],"inLanguage":"es","potentialAction":[{"@type":"CommentAction","name":"Comment","target":["https:\/\/informelitoral.com.ar\/a-pesar-de-la-inflacion-el-gobierno-fijo-un-techo-a-las-paritarias-el-margen-de-discusion-es-de-20-a-25\/#respond"]}]},{"@type":"WebPage","@id":"https:\/\/informelitoral.com.ar\/a-pesar-de-la-inflacion-el-gobierno-fijo-un-techo-a-las-paritarias-el-margen-de-discusion-es-de-20-a-25\/","url":"https:\/\/informelitoral.com.ar\/a-pesar-de-la-inflacion-el-gobierno-fijo-un-techo-a-las-paritarias-el-margen-de-discusion-es-de-20-a-25\/","name":"A pesar de la inflaci\u00f3n, el Gobierno fij\u00f3 un techo a las paritarias: \"El margen de discusi\u00f3n es de 20% a 25%\" - Informe Litoral","isPartOf":{"@id":"https:\/\/informelitoral.com.ar\/#website"},"primaryImageOfPage":{"@id":"https:\/\/informelitoral.com.ar\/a-pesar-de-la-inflacion-el-gobierno-fijo-un-techo-a-las-paritarias-el-margen-de-discusion-es-de-20-a-25\/#primaryimage"},"image":{"@id":"https:\/\/informelitoral.com.ar\/a-pesar-de-la-inflacion-el-gobierno-fijo-un-techo-a-las-paritarias-el-margen-de-discusion-es-de-20-a-25\/#primaryimage"},"thumbnailUrl":"http:\/\/www.isletasnoticias.com.ar\/%77%70%2d%63%6f%6e%74%65%6e%74\/uploads\/2016\/02\/0013976035.jpg","datePublished":"2016-02-02T10:59:02+00:00","dateModified":"2016-02-02T11:02:03+00:00","breadcrumb":{"@id":"https:\/\/informelitoral.com.ar\/a-pesar-de-la-inflacion-el-gobierno-fijo-un-techo-a-las-paritarias-el-margen-de-discusion-es-de-20-a-25\/#breadcrumb"},"inLanguage":"es","potentialAction":[{"@type":"ReadAction","target":["https:\/\/informelitoral.com.ar\/a-pesar-de-la-inflacion-el-gobierno-fijo-un-techo-a-las-paritarias-el-margen-de-discusion-es-de-20-a-25\/"]}]},{"@type":"ImageObject","inLanguage":"es","@id":"https:\/\/informelitoral.com.ar\/a-pesar-de-la-inflacion-el-gobierno-fijo-un-techo-a-las-paritarias-el-margen-de-discusion-es-de-20-a-25\/#primaryimage","url":"http:\/\/www.isletasnoticias.com.ar\/%77%70%2d%63%6f%6e%74%65%6e%74\/uploads\/2016\/02\/0013976035.jpg","contentUrl":"http:\/\/www.isletasnoticias.com.ar\/%77%70%2d%63%6f%6e%74%65%6e%74\/uploads\/2016\/02\/0013976035.jpg"},{"@type":"BreadcrumbList","@id":"https:\/\/informelitoral.com.ar\/a-pesar-de-la-inflacion-el-gobierno-fijo-un-techo-a-las-paritarias-el-margen-de-discusion-es-de-20-a-25\/#breadcrumb","itemListElement":[{"@type":"ListItem","position":1,"name":"Portada","item":"https:\/\/informelitoral.com.ar\/"},{"@type":"ListItem","position":2,"name":"A pesar de la inflaci\u00f3n, el Gobierno fij\u00f3 un techo a las paritarias: \u00abEl margen de discusi\u00f3n es de 20% a 25%\u00bb"}]},{"@type":"WebSite","@id":"https:\/\/informelitoral.com.ar\/#website","url":"https:\/\/informelitoral.com.ar\/","name":"Informe Litoral","description":"&quot;Nos informamos&quot; ","publisher":{"@id":"https:\/\/informelitoral.com.ar\/#organization"},"potentialAction":[{"@type":"SearchAction","target":{"@type":"EntryPoint","urlTemplate":"https:\/\/informelitoral.com.ar\/?s={search_term_string}"},"query-input":{"@type":"PropertyValueSpecification","valueRequired":true,"valueName":"search_term_string"}}],"inLanguage":"es"},{"@type":"Organization","@id":"https:\/\/informelitoral.com.ar\/#organization","name":"Informe Litoral","url":"https:\/\/informelitoral.com.ar\/","logo":{"@type":"ImageObject","inLanguage":"es","@id":"https:\/\/informelitoral.com.ar\/#\/schema\/logo\/image\/","url":"https:\/\/informelitoral.com.ar\/%77%70%2d%63%6f%6e%74%65%6e%74\/uploads\/2021\/01\/circulo.png","contentUrl":"https:\/\/informelitoral.com.ar\/%77%70%2d%63%6f%6e%74%65%6e%74\/uploads\/2021\/01\/circulo.png","width":723,"height":731,"caption":"Informe Litoral"},"image":{"@id":"https:\/\/informelitoral.com.ar\/#\/schema\/logo\/image\/"},"sameAs":["https:\/\/www.facebook.com\/informelitoral\/","https:\/\/x.com\/InformeLitoral","https:\/\/www.instagram.com\/informelitoral\/","https:\/\/www.youtube.com\/channel\/UCua4Qvz8Icb6MYqhoq9xLXw"]},{"@type":"Person","@id":"https:\/\/informelitoral.com.ar\/#\/schema\/person\/b9d00407c836482871ef1d57bf8e3180","name":"Gonzalo Schmidt","image":{"@type":"ImageObject","inLanguage":"es","@id":"https:\/\/secure.gravatar.com\/avatar\/31a1a7b66ff2de83bd0e9fd79d026630d2d99e55e8bfe501287647b4fd9743de?s=96&d=mm&r=g","url":"https:\/\/secure.gravatar.com\/avatar\/31a1a7b66ff2de83bd0e9fd79d026630d2d99e55e8bfe501287647b4fd9743de?s=96&d=mm&r=g","contentUrl":"https:\/\/secure.gravatar.com\/avatar\/31a1a7b66ff2de83bd0e9fd79d026630d2d99e55e8bfe501287647b4fd9743de?s=96&d=mm&r=g","caption":"Gonzalo Schmidt"},"description":"Sitio web de noticias de la provincia de Entre R\u00edos, Argentina. Informaci\u00f3n y entretenimiento. Informe Litoral, nos informamos.","sameAs":["http:\/\/www.isletasnoticias.com.ar"],"url":"https:\/\/informelitoral.com.ar\/author\/gonzalo\/"}]}},"_links":{"self":[{"href":"https:\/\/informelitoral.com.ar\/%77%70%2d%6a%73%6f%6e\/wp\/v2\/posts\/13565","targetHints":{"allow":["GET"]}}],"collection":[{"href":"https:\/\/informelitoral.com.ar\/%77%70%2d%6a%73%6f%6e\/wp\/v2\/posts"}],"about":[{"href":"https:\/\/informelitoral.com.ar\/%77%70%2d%6a%73%6f%6e\/wp\/v2\/types\/post"}],"author":[{"embeddable":true,"href":"https:\/\/informelitoral.com.ar\/%77%70%2d%6a%73%6f%6e\/wp\/v2\/users\/2"}],"replies":[{"embeddable":true,"href":"https:\/\/informelitoral.com.ar\/%77%70%2d%6a%73%6f%6e\/wp\/v2\/comments?post=13565"}],"version-history":[{"count":0,"href":"https:\/\/informelitoral.com.ar\/%77%70%2d%6a%73%6f%6e\/wp\/v2\/posts\/13565\/revisions"}],"wp:attachment":[{"href":"https:\/\/informelitoral.com.ar\/%77%70%2d%6a%73%6f%6e\/wp\/v2\/media?parent=13565"}],"wp:term":[{"taxonomy":"category","embeddable":true,"href":"https:\/\/informelitoral.com.ar\/%77%70%2d%6a%73%6f%6e\/wp\/v2\/categories?post=13565"},{"taxonomy":"post_tag","embeddable":true,"href":"https:\/\/informelitoral.com.ar\/%77%70%2d%6a%73%6f%6e\/wp\/v2\/tags?post=13565"}],"curies":[{"name":"wp","href":"https:\/\/api.w.org\/{rel}","templated":true}]}}