{"id":135635,"date":"2023-04-07T08:44:01","date_gmt":"2023-04-07T11:44:01","guid":{"rendered":"https:\/\/www.informelitoral.com.ar\/?p=135635"},"modified":"2023-04-07T20:46:56","modified_gmt":"2023-04-07T23:46:56","slug":"isletas-asesoran-en-la-solicitud-de-la-beca-secundaria-del-institutito-becario","status":"publish","type":"post","link":"https:\/\/informelitoral.com.ar\/isletas-asesoran-en-la-solicitud-de-la-beca-secundaria-del-institutito-becario\/","title":{"rendered":"Isletas: asesoran en la solicitud de la beca secundaria del Institutito Becario"},"content":{"rendered":"<p>El titular del ente aut\u00e1rquico,<strong> Sebasti\u00e1n B\u00e9rtoli<\/strong>, dio detalles de las acciones que se realizan para acercar el tr\u00e1mite de becas a los j\u00f3venes y sus familias, y destac\u00f3: \u00abVenimos trabajando fuerte en toda la provincia, de hecho estamos teniendo al d\u00eda de la fecha n\u00fameros muy alentadores. Estamos casi triplicando la cantidad de inscriptos de lo que viene siendo a\u00f1os anteriores y para nosotros es muy importante\u00bb, dijo B\u00e9rtoli durante uno de los abordajes que se concretan en diferentes localidades entrerrianas.<\/p>\n<p>El Instituto Becario informatiz\u00f3 y agiliz\u00f3 la tramitaci\u00f3n, pero a su vez durante el per\u00edodo de inscripci\u00f3n despliega su equipo itinerante para llevar la atenci\u00f3n personalizada a los estudiantes y sus familias a cada rinc\u00f3n de la provincia. De tal manera se pueden tramitar las becas mediante estos abordajes que consisten en visitas a diferentes localidades de Entre R\u00edos, donde los estudiantes pueden evacuar dudas o directamente realizar el tr\u00e1mite para acceder a las becas. Para ello se solicita que los interesados concurran con la documentaci\u00f3n necesaria para poder efectuar la inscripci\u00f3n de manera completa y correcta.<\/p>\n<p>En lo que va del a\u00f1o se han realizado abordajes en las ciudades de Mar\u00eda Grande, Piedras Blancas, Paran\u00e1, Mansilla y Segu\u00ed, tanto para efectuar el tr\u00e1mite como para evacuar dudas y consultas. Desde el organismo se inform\u00f3 que se tiene planificadas m\u00e1s visitas a las localidades con la atenci\u00f3n m\u00f3vil, priorizando aquellos lugares donde el Becario no cuenta con delegaciones. El equipo m\u00f3vil tambi\u00e9n brinda informaci\u00f3n de todos los programas y servicios disponibles para apoyar y acompa\u00f1ar a m\u00e1s estudiantes entrerrianos en su desarrollo educativo.<\/p>\n<p><span style=\"background-color: #ffff00;\"><strong>Las inscripciones para el nivel secundario se iniciaron el 27 de febrero a trav\u00e9s de la p\u00e1gina web del ente provincial, se trata de la \u00fanica v\u00eda para efectuar la solicitud. El tr\u00e1mite se puede realizar durante las 24 horas del d\u00eda, desde cualquier dispositivo que cuente con acceso a internet.<\/strong><\/span><\/p>\n<p>\u00abEl a\u00f1o pasado otorgamos entre becas y servicios m\u00e1s de 45.000 beneficios. No son s\u00f3lo becas sino que tenemos acompa\u00f1amiento de programas como el Educando en Movimiento, que es de apoyo escolar. Tambi\u00e9n tenemos a cargo el transporte escolar rural, el cual gestionamos y administramos; la Marat\u00f3n, la feria de carreras y oficios, el Becario en Escena, con el que entregamos becas culturales, Puente al Trabajo, que son becas de contraprestaci\u00f3n de servicios, en la que estudiantes avanzados hacen sus pr\u00e1cticas profesionales en empresas, as\u00ed como tambi\u00e9n brindamos charlas y talleres de orientaci\u00f3n vocacional\u00bb, detall\u00f3 B\u00e9rtoli.<\/p>\n<h4><b>Cronograma<\/b><\/h4>\n<p>En detalle de las atenciones con los abordajes para los pr\u00f3ximos d\u00edas es el siguiente:<\/p>\n<p>Lunes 10: Concordia, en Dispositivo Integral de Abordaje Territorial (DTC) Los P\u00e1jaros, de 9 a 13.<\/p>\n<p>Viernes 14: Hernandarias, en la EET N\u00b058 de 13 a 17.<\/p>\n<p>Villa Adela (Concordia), en la Escuela N 4 Dami\u00e1n Garat, de 9 a 13.<\/p>\n<p>Mi\u00e9rcoles 19: Concordia, en la Casa del Bicentenario, de 9 a 13.<\/p>\n<h4><b>Requisitos para la inscripci\u00f3n<\/b><\/h4>\n<p><strong>Renovaciones<\/strong><\/p>\n<p>La documentaci\u00f3n requerida para la renovaci\u00f3n de becas es la siguiente:<\/p>\n<p>Constancia de alumno regular o inscripci\u00f3n al ciclo lectivo a\u00f1o 2023; y bolet\u00edn de calificaciones del a\u00f1o 2022, firmado por la autoridad del establecimiento.<\/p>\n<p>En cuanto al titular de cobro, se mantendr\u00e1 el titular vigente a\u00fan cuando el o la solicitante sea mayor de 18 a\u00f1os. En el caso de cambios de titular se debe adjuntar nota de solicitud de modificaci\u00f3n, DNI tarjeta de ambos lados y constancia de CUIL del nuevo titular, siempre mayor de edad.<\/p>\n<p><strong>Becas nuevas<\/strong><\/p>\n<p>Para el caso de la gesti\u00f3n de becas nuevas la documentaci\u00f3n requerida es la siguiente:<\/p>\n<p>DNI tarjeta ambos lados del solicitante; constancia de CUIL del solicitante; constancia de alumno regular o inscripci\u00f3n al ciclo lectivo del a\u00f1o 2023; y bolet\u00edn de calificaciones del a\u00f1o 2022 firmado por la autoridad del establecimiento (de ambos lados, ser\u00e1 v\u00e1lido con notas conceptuales).<\/p>\n<p>Tambi\u00e9n comprobantes de ingresos de padres o tutores, seg\u00fan corresponda. Si son trabajadores formalizados, los dos \u00faltimos recibos de sueldo; de jubilados, el \u00faltimo recibo de jubilaci\u00f3n; y con Asignaci\u00f3n Universal por Hijo u otros planes sociales, el ticket del \u00faltimo movimiento bancario con fecha 2023 o copia de la tarjeta (no ser\u00e1 considerado v\u00e1lido el ticket de extracci\u00f3n).<\/p>\n<p>Para el caso de trabajadores informales o changarines se requiere la declaraci\u00f3n jurada realizada en la comisar\u00eda m\u00e1s cercana. La misma debe informar qu\u00e9 actividad efect\u00faa y qu\u00e9 ingreso aproximado mensual posee; y para desocupados se debe presentar copia de Certificaci\u00f3n Negativa de Anses actualizada.<\/p>\n<p>En el caso de ser monotributistas se requiere constancia de opci\u00f3n a AFIP, donde figura la categor\u00eda.<\/p>\n<p>Los menores de 18 a\u00f1os deber\u00e1n consignar un o una titular para el cobro de la beca en el caso de resultar beneficiarios. Para ello deben adjuntar: DNI tarjeta de ambos lados del mayor responsable y constancia de CUIL, tambi\u00e9n del mayor responsable.<\/p>\n<h4><b>Atenci\u00f3n al p\u00fablico<\/b><\/h4>\n<p>B\u00e9rtoli record\u00f3 que se encuentra abierta la atenci\u00f3n al p\u00fablico tanto v\u00eda chat como en la Casa Central del organismo, ubicada en San Mart\u00edn 458 de la ciudad de Paran\u00e1. Al igual que en las delegaciones distribuidas en cada uno de los departamentos de la provincia. Las direcciones de cada una de ellas se pueden consultar en la web del Instituto: <a href=\"https:\/\/institutobecario.gov.ar\/index.php\">www.institutobec<\/a>ario.gov.ar<\/p>\n<h4><strong>Asesoramiento desde la Junta de Gobierno de Isletas\u00a0<\/strong><\/h4>\n<p><span style=\"background-color: #ffff00;\"><strong>Los estudiantes o sus familias que requieran de ayuda para realizar el tr\u00e1mite, pueden comunicarse al siguiente n\u00famero: 343 &#8211; 5301929.<\/strong><\/span><\/p>\n","protected":false},"excerpt":{"rendered":"<p>Las inscripciones para acceder al beneficio en el nivel secundario se iniciaron el 27 de febrero y se extender\u00e1n hasta mayo. El tr\u00e1mite se realiza de manera online pero tambi\u00e9n desde la Junta de Gobierno local brindan ayuda a quien la requiera. <\/p>\n","protected":false},"author":2,"featured_media":135637,"comment_status":"open","ping_status":"open","sticky":false,"template":"","format":"standard","meta":{"fifu_image_url":"","fifu_image_alt":"","footnotes":""},"categories":[6,4],"tags":[381,418],"class_list":{"0":"post-135635","1":"post","2":"type-post","3":"status-publish","4":"format-standard","5":"has-post-thumbnail","7":"category-entre-rios","8":"category-locales","9":"tag-becas","10":"tag-instituto-becario"},"yoast_head":"<title>Isletas: asesoran en la solicitud de la beca secundaria del Institutito Becario - Informe Litoral<\/title>\n<meta name=\"robots\" content=\"index, follow, max-snippet:-1, max-image-preview:large, max-video-preview:-1\" \/>\n<link rel=\"canonical\" href=\"https:\/\/informelitoral.com.ar\/isletas-asesoran-en-la-solicitud-de-la-beca-secundaria-del-institutito-becario\/\" \/>\n<meta property=\"og:locale\" content=\"es_ES\" \/>\n<meta property=\"og:type\" content=\"article\" \/>\n<meta property=\"og:title\" content=\"Isletas: asesoran en la solicitud de la beca secundaria del Institutito Becario - Informe Litoral\" \/>\n<meta property=\"og:description\" content=\"Las inscripciones para acceder al beneficio en el nivel secundario se iniciaron el 27 de febrero y se extender\u00e1n hasta mayo. El tr\u00e1mite se realiza de manera online pero tambi\u00e9n desde la Junta de Gobierno local brindan ayuda a quien la requiera.\" \/>\n<meta property=\"og:url\" content=\"https:\/\/informelitoral.com.ar\/isletas-asesoran-en-la-solicitud-de-la-beca-secundaria-del-institutito-becario\/\" \/>\n<meta property=\"og:site_name\" content=\"Informe Litoral\" \/>\n<meta property=\"article:publisher\" content=\"https:\/\/www.facebook.com\/informelitoral\/\" \/>\n<meta property=\"article:published_time\" content=\"2023-04-07T11:44:01+00:00\" \/>\n<meta property=\"article:modified_time\" content=\"2023-04-07T23:46:56+00:00\" \/>\n<meta property=\"og:image\" content=\"https:\/\/informelitoral.com.ar\/%77%70%2d%63%6f%6e%74%65%6e%74\/uploads\/2023\/04\/becas.jpg\" \/>\n\t<meta property=\"og:image:width\" content=\"1921\" \/>\n\t<meta property=\"og:image:height\" content=\"1081\" \/>\n\t<meta property=\"og:image:type\" content=\"image\/jpeg\" \/>\n<meta name=\"author\" content=\"Gonzalo Schmidt\" \/>\n<meta name=\"twitter:card\" content=\"summary_large_image\" \/>\n<meta name=\"twitter:creator\" content=\"@InformeLitoral\" \/>\n<meta name=\"twitter:site\" content=\"@InformeLitoral\" \/>\n<meta name=\"twitter:label1\" content=\"Escrito por\" \/>\n\t<meta name=\"twitter:data1\" content=\"Gonzalo Schmidt\" \/>\n\t<meta name=\"twitter:label2\" content=\"Tiempo de lectura\" \/>\n\t<meta name=\"twitter:data2\" content=\"5 minutos\" \/>\n<script type=\"application\/ld+json\" class=\"yoast-schema-graph\">{\"@context\":\"https:\\\/\\\/schema.org\",\"@graph\":[{\"@type\":\"Article\",\"@id\":\"https:\\\/\\\/informelitoral.com.ar\\\/isletas-asesoran-en-la-solicitud-de-la-beca-secundaria-del-institutito-becario\\\/#article\",\"isPartOf\":{\"@id\":\"https:\\\/\\\/informelitoral.com.ar\\\/isletas-asesoran-en-la-solicitud-de-la-beca-secundaria-del-institutito-becario\\\/\"},\"author\":{\"name\":\"Gonzalo Schmidt\",\"@id\":\"https:\\\/\\\/informelitoral.com.ar\\\/#\\\/schema\\\/person\\\/b9d00407c836482871ef1d57bf8e3180\"},\"headline\":\"Isletas: asesoran en la solicitud de la beca secundaria del Institutito Becario\",\"datePublished\":\"2023-04-07T11:44:01+00:00\",\"dateModified\":\"2023-04-07T23:46:56+00:00\",\"mainEntityOfPage\":{\"@id\":\"https:\\\/\\\/informelitoral.com.ar\\\/isletas-asesoran-en-la-solicitud-de-la-beca-secundaria-del-institutito-becario\\\/\"},\"wordCount\":975,\"commentCount\":0,\"publisher\":{\"@id\":\"https:\\\/\\\/informelitoral.com.ar\\\/#organization\"},\"image\":{\"@id\":\"https:\\\/\\\/informelitoral.com.ar\\\/isletas-asesoran-en-la-solicitud-de-la-beca-secundaria-del-institutito-becario\\\/#primaryimage\"},\"thumbnailUrl\":\"https:\\\/\\\/informelitoral.com.ar\\\/%77%70%2d%63%6f%6e%74%65%6e%74\\\/uploads\\\/2023\\\/04\\\/becas.jpg\",\"keywords\":[\"Becas\",\"Instituto Becario\"],\"articleSection\":[\"Entre R\u00edos\",\"Isletas\"],\"inLanguage\":\"es\",\"potentialAction\":[{\"@type\":\"CommentAction\",\"name\":\"Comment\",\"target\":[\"https:\\\/\\\/informelitoral.com.ar\\\/isletas-asesoran-en-la-solicitud-de-la-beca-secundaria-del-institutito-becario\\\/#respond\"]}]},{\"@type\":\"WebPage\",\"@id\":\"https:\\\/\\\/informelitoral.com.ar\\\/isletas-asesoran-en-la-solicitud-de-la-beca-secundaria-del-institutito-becario\\\/\",\"url\":\"https:\\\/\\\/informelitoral.com.ar\\\/isletas-asesoran-en-la-solicitud-de-la-beca-secundaria-del-institutito-becario\\\/\",\"name\":\"Isletas: asesoran en la solicitud de la beca secundaria del Institutito Becario - Informe Litoral\",\"isPartOf\":{\"@id\":\"https:\\\/\\\/informelitoral.com.ar\\\/#website\"},\"primaryImageOfPage\":{\"@id\":\"https:\\\/\\\/informelitoral.com.ar\\\/isletas-asesoran-en-la-solicitud-de-la-beca-secundaria-del-institutito-becario\\\/#primaryimage\"},\"image\":{\"@id\":\"https:\\\/\\\/informelitoral.com.ar\\\/isletas-asesoran-en-la-solicitud-de-la-beca-secundaria-del-institutito-becario\\\/#primaryimage\"},\"thumbnailUrl\":\"https:\\\/\\\/informelitoral.com.ar\\\/%77%70%2d%63%6f%6e%74%65%6e%74\\\/uploads\\\/2023\\\/04\\\/becas.jpg\",\"datePublished\":\"2023-04-07T11:44:01+00:00\",\"dateModified\":\"2023-04-07T23:46:56+00:00\",\"breadcrumb\":{\"@id\":\"https:\\\/\\\/informelitoral.com.ar\\\/isletas-asesoran-en-la-solicitud-de-la-beca-secundaria-del-institutito-becario\\\/#breadcrumb\"},\"inLanguage\":\"es\",\"potentialAction\":[{\"@type\":\"ReadAction\",\"target\":[\"https:\\\/\\\/informelitoral.com.ar\\\/isletas-asesoran-en-la-solicitud-de-la-beca-secundaria-del-institutito-becario\\\/\"]}]},{\"@type\":\"ImageObject\",\"inLanguage\":\"es\",\"@id\":\"https:\\\/\\\/informelitoral.com.ar\\\/isletas-asesoran-en-la-solicitud-de-la-beca-secundaria-del-institutito-becario\\\/#primaryimage\",\"url\":\"https:\\\/\\\/informelitoral.com.ar\\\/%77%70%2d%63%6f%6e%74%65%6e%74\\\/uploads\\\/2023\\\/04\\\/becas.jpg\",\"contentUrl\":\"https:\\\/\\\/informelitoral.com.ar\\\/%77%70%2d%63%6f%6e%74%65%6e%74\\\/uploads\\\/2023\\\/04\\\/becas.jpg\",\"width\":1921,\"height\":1081},{\"@type\":\"BreadcrumbList\",\"@id\":\"https:\\\/\\\/informelitoral.com.ar\\\/isletas-asesoran-en-la-solicitud-de-la-beca-secundaria-del-institutito-becario\\\/#breadcrumb\",\"itemListElement\":[{\"@type\":\"ListItem\",\"position\":1,\"name\":\"Portada\",\"item\":\"https:\\\/\\\/informelitoral.com.ar\\\/\"},{\"@type\":\"ListItem\",\"position\":2,\"name\":\"Isletas: asesoran en la solicitud de la beca secundaria del Institutito Becario\"}]},{\"@type\":\"WebSite\",\"@id\":\"https:\\\/\\\/informelitoral.com.ar\\\/#website\",\"url\":\"https:\\\/\\\/informelitoral.com.ar\\\/\",\"name\":\"Informe Litoral\",\"description\":\"&quot;Nos informamos&quot; \",\"publisher\":{\"@id\":\"https:\\\/\\\/informelitoral.com.ar\\\/#organization\"},\"potentialAction\":[{\"@type\":\"SearchAction\",\"target\":{\"@type\":\"EntryPoint\",\"urlTemplate\":\"https:\\\/\\\/informelitoral.com.ar\\\/?s={search_term_string}\"},\"query-input\":{\"@type\":\"PropertyValueSpecification\",\"valueRequired\":true,\"valueName\":\"search_term_string\"}}],\"inLanguage\":\"es\"},{\"@type\":\"Organization\",\"@id\":\"https:\\\/\\\/informelitoral.com.ar\\\/#organization\",\"name\":\"Informe Litoral\",\"url\":\"https:\\\/\\\/informelitoral.com.ar\\\/\",\"logo\":{\"@type\":\"ImageObject\",\"inLanguage\":\"es\",\"@id\":\"https:\\\/\\\/informelitoral.com.ar\\\/#\\\/schema\\\/logo\\\/image\\\/\",\"url\":\"https:\\\/\\\/informelitoral.com.ar\\\/%77%70%2d%63%6f%6e%74%65%6e%74\\\/uploads\\\/2021\\\/01\\\/circulo.png\",\"contentUrl\":\"https:\\\/\\\/informelitoral.com.ar\\\/%77%70%2d%63%6f%6e%74%65%6e%74\\\/uploads\\\/2021\\\/01\\\/circulo.png\",\"width\":723,\"height\":731,\"caption\":\"Informe Litoral\"},\"image\":{\"@id\":\"https:\\\/\\\/informelitoral.com.ar\\\/#\\\/schema\\\/logo\\\/image\\\/\"},\"sameAs\":[\"https:\\\/\\\/www.facebook.com\\\/informelitoral\\\/\",\"https:\\\/\\\/x.com\\\/InformeLitoral\",\"https:\\\/\\\/www.instagram.com\\\/informelitoral\\\/\",\"https:\\\/\\\/www.youtube.com\\\/channel\\\/UCua4Qvz8Icb6MYqhoq9xLXw\"]},{\"@type\":\"Person\",\"@id\":\"https:\\\/\\\/informelitoral.com.ar\\\/#\\\/schema\\\/person\\\/b9d00407c836482871ef1d57bf8e3180\",\"name\":\"Gonzalo Schmidt\",\"image\":{\"@type\":\"ImageObject\",\"inLanguage\":\"es\",\"@id\":\"https:\\\/\\\/secure.gravatar.com\\\/avatar\\\/31a1a7b66ff2de83bd0e9fd79d026630d2d99e55e8bfe501287647b4fd9743de?s=96&d=mm&r=g\",\"url\":\"https:\\\/\\\/secure.gravatar.com\\\/avatar\\\/31a1a7b66ff2de83bd0e9fd79d026630d2d99e55e8bfe501287647b4fd9743de?s=96&d=mm&r=g\",\"contentUrl\":\"https:\\\/\\\/secure.gravatar.com\\\/avatar\\\/31a1a7b66ff2de83bd0e9fd79d026630d2d99e55e8bfe501287647b4fd9743de?s=96&d=mm&r=g\",\"caption\":\"Gonzalo Schmidt\"},\"description\":\"Sitio web de noticias de la provincia de Entre R\u00edos, Argentina. Informaci\u00f3n y entretenimiento. Informe Litoral, nos informamos.\",\"sameAs\":[\"http:\\\/\\\/www.isletasnoticias.com.ar\"],\"url\":\"https:\\\/\\\/informelitoral.com.ar\\\/author\\\/gonzalo\\\/\"}]}<\/script>","yoast_head_json":{"title":"Isletas: asesoran en la solicitud de la beca secundaria del Institutito Becario - Informe Litoral","robots":{"index":"index","follow":"follow","max-snippet":"max-snippet:-1","max-image-preview":"max-image-preview:large","max-video-preview":"max-video-preview:-1"},"canonical":"https:\/\/informelitoral.com.ar\/isletas-asesoran-en-la-solicitud-de-la-beca-secundaria-del-institutito-becario\/","og_locale":"es_ES","og_type":"article","og_title":"Isletas: asesoran en la solicitud de la beca secundaria del Institutito Becario - Informe Litoral","og_description":"Las inscripciones para acceder al beneficio en el nivel secundario se iniciaron el 27 de febrero y se extender\u00e1n hasta mayo. El tr\u00e1mite se realiza de manera online pero tambi\u00e9n desde la Junta de Gobierno local brindan ayuda a quien la requiera.","og_url":"https:\/\/informelitoral.com.ar\/isletas-asesoran-en-la-solicitud-de-la-beca-secundaria-del-institutito-becario\/","og_site_name":"Informe Litoral","article_publisher":"https:\/\/www.facebook.com\/informelitoral\/","article_published_time":"2023-04-07T11:44:01+00:00","article_modified_time":"2023-04-07T23:46:56+00:00","og_image":[{"width":1921,"height":1081,"url":"https:\/\/informelitoral.com.ar\/%77%70%2d%63%6f%6e%74%65%6e%74\/uploads\/2023\/04\/becas.jpg","type":"image\/jpeg"}],"author":"Gonzalo Schmidt","twitter_card":"summary_large_image","twitter_creator":"@InformeLitoral","twitter_site":"@InformeLitoral","twitter_misc":{"Escrito por":"Gonzalo Schmidt","Tiempo de lectura":"5 minutos"},"schema":{"@context":"https:\/\/schema.org","@graph":[{"@type":"Article","@id":"https:\/\/informelitoral.com.ar\/isletas-asesoran-en-la-solicitud-de-la-beca-secundaria-del-institutito-becario\/#article","isPartOf":{"@id":"https:\/\/informelitoral.com.ar\/isletas-asesoran-en-la-solicitud-de-la-beca-secundaria-del-institutito-becario\/"},"author":{"name":"Gonzalo Schmidt","@id":"https:\/\/informelitoral.com.ar\/#\/schema\/person\/b9d00407c836482871ef1d57bf8e3180"},"headline":"Isletas: asesoran en la solicitud de la beca secundaria del Institutito Becario","datePublished":"2023-04-07T11:44:01+00:00","dateModified":"2023-04-07T23:46:56+00:00","mainEntityOfPage":{"@id":"https:\/\/informelitoral.com.ar\/isletas-asesoran-en-la-solicitud-de-la-beca-secundaria-del-institutito-becario\/"},"wordCount":975,"commentCount":0,"publisher":{"@id":"https:\/\/informelitoral.com.ar\/#organization"},"image":{"@id":"https:\/\/informelitoral.com.ar\/isletas-asesoran-en-la-solicitud-de-la-beca-secundaria-del-institutito-becario\/#primaryimage"},"thumbnailUrl":"https:\/\/informelitoral.com.ar\/%77%70%2d%63%6f%6e%74%65%6e%74\/uploads\/2023\/04\/becas.jpg","keywords":["Becas","Instituto Becario"],"articleSection":["Entre R\u00edos","Isletas"],"inLanguage":"es","potentialAction":[{"@type":"CommentAction","name":"Comment","target":["https:\/\/informelitoral.com.ar\/isletas-asesoran-en-la-solicitud-de-la-beca-secundaria-del-institutito-becario\/#respond"]}]},{"@type":"WebPage","@id":"https:\/\/informelitoral.com.ar\/isletas-asesoran-en-la-solicitud-de-la-beca-secundaria-del-institutito-becario\/","url":"https:\/\/informelitoral.com.ar\/isletas-asesoran-en-la-solicitud-de-la-beca-secundaria-del-institutito-becario\/","name":"Isletas: asesoran en la solicitud de la beca secundaria del Institutito Becario - Informe Litoral","isPartOf":{"@id":"https:\/\/informelitoral.com.ar\/#website"},"primaryImageOfPage":{"@id":"https:\/\/informelitoral.com.ar\/isletas-asesoran-en-la-solicitud-de-la-beca-secundaria-del-institutito-becario\/#primaryimage"},"image":{"@id":"https:\/\/informelitoral.com.ar\/isletas-asesoran-en-la-solicitud-de-la-beca-secundaria-del-institutito-becario\/#primaryimage"},"thumbnailUrl":"https:\/\/informelitoral.com.ar\/%77%70%2d%63%6f%6e%74%65%6e%74\/uploads\/2023\/04\/becas.jpg","datePublished":"2023-04-07T11:44:01+00:00","dateModified":"2023-04-07T23:46:56+00:00","breadcrumb":{"@id":"https:\/\/informelitoral.com.ar\/isletas-asesoran-en-la-solicitud-de-la-beca-secundaria-del-institutito-becario\/#breadcrumb"},"inLanguage":"es","potentialAction":[{"@type":"ReadAction","target":["https:\/\/informelitoral.com.ar\/isletas-asesoran-en-la-solicitud-de-la-beca-secundaria-del-institutito-becario\/"]}]},{"@type":"ImageObject","inLanguage":"es","@id":"https:\/\/informelitoral.com.ar\/isletas-asesoran-en-la-solicitud-de-la-beca-secundaria-del-institutito-becario\/#primaryimage","url":"https:\/\/informelitoral.com.ar\/%77%70%2d%63%6f%6e%74%65%6e%74\/uploads\/2023\/04\/becas.jpg","contentUrl":"https:\/\/informelitoral.com.ar\/%77%70%2d%63%6f%6e%74%65%6e%74\/uploads\/2023\/04\/becas.jpg","width":1921,"height":1081},{"@type":"BreadcrumbList","@id":"https:\/\/informelitoral.com.ar\/isletas-asesoran-en-la-solicitud-de-la-beca-secundaria-del-institutito-becario\/#breadcrumb","itemListElement":[{"@type":"ListItem","position":1,"name":"Portada","item":"https:\/\/informelitoral.com.ar\/"},{"@type":"ListItem","position":2,"name":"Isletas: asesoran en la solicitud de la beca secundaria del Institutito Becario"}]},{"@type":"WebSite","@id":"https:\/\/informelitoral.com.ar\/#website","url":"https:\/\/informelitoral.com.ar\/","name":"Informe Litoral","description":"&quot;Nos informamos&quot; ","publisher":{"@id":"https:\/\/informelitoral.com.ar\/#organization"},"potentialAction":[{"@type":"SearchAction","target":{"@type":"EntryPoint","urlTemplate":"https:\/\/informelitoral.com.ar\/?s={search_term_string}"},"query-input":{"@type":"PropertyValueSpecification","valueRequired":true,"valueName":"search_term_string"}}],"inLanguage":"es"},{"@type":"Organization","@id":"https:\/\/informelitoral.com.ar\/#organization","name":"Informe Litoral","url":"https:\/\/informelitoral.com.ar\/","logo":{"@type":"ImageObject","inLanguage":"es","@id":"https:\/\/informelitoral.com.ar\/#\/schema\/logo\/image\/","url":"https:\/\/informelitoral.com.ar\/%77%70%2d%63%6f%6e%74%65%6e%74\/uploads\/2021\/01\/circulo.png","contentUrl":"https:\/\/informelitoral.com.ar\/%77%70%2d%63%6f%6e%74%65%6e%74\/uploads\/2021\/01\/circulo.png","width":723,"height":731,"caption":"Informe Litoral"},"image":{"@id":"https:\/\/informelitoral.com.ar\/#\/schema\/logo\/image\/"},"sameAs":["https:\/\/www.facebook.com\/informelitoral\/","https:\/\/x.com\/InformeLitoral","https:\/\/www.instagram.com\/informelitoral\/","https:\/\/www.youtube.com\/channel\/UCua4Qvz8Icb6MYqhoq9xLXw"]},{"@type":"Person","@id":"https:\/\/informelitoral.com.ar\/#\/schema\/person\/b9d00407c836482871ef1d57bf8e3180","name":"Gonzalo Schmidt","image":{"@type":"ImageObject","inLanguage":"es","@id":"https:\/\/secure.gravatar.com\/avatar\/31a1a7b66ff2de83bd0e9fd79d026630d2d99e55e8bfe501287647b4fd9743de?s=96&d=mm&r=g","url":"https:\/\/secure.gravatar.com\/avatar\/31a1a7b66ff2de83bd0e9fd79d026630d2d99e55e8bfe501287647b4fd9743de?s=96&d=mm&r=g","contentUrl":"https:\/\/secure.gravatar.com\/avatar\/31a1a7b66ff2de83bd0e9fd79d026630d2d99e55e8bfe501287647b4fd9743de?s=96&d=mm&r=g","caption":"Gonzalo Schmidt"},"description":"Sitio web de noticias de la provincia de Entre R\u00edos, Argentina. Informaci\u00f3n y entretenimiento. Informe Litoral, nos informamos.","sameAs":["http:\/\/www.isletasnoticias.com.ar"],"url":"https:\/\/informelitoral.com.ar\/author\/gonzalo\/"}]}},"_links":{"self":[{"href":"https:\/\/informelitoral.com.ar\/%77%70%2d%6a%73%6f%6e\/wp\/v2\/posts\/135635","targetHints":{"allow":["GET"]}}],"collection":[{"href":"https:\/\/informelitoral.com.ar\/%77%70%2d%6a%73%6f%6e\/wp\/v2\/posts"}],"about":[{"href":"https:\/\/informelitoral.com.ar\/%77%70%2d%6a%73%6f%6e\/wp\/v2\/types\/post"}],"author":[{"embeddable":true,"href":"https:\/\/informelitoral.com.ar\/%77%70%2d%6a%73%6f%6e\/wp\/v2\/users\/2"}],"replies":[{"embeddable":true,"href":"https:\/\/informelitoral.com.ar\/%77%70%2d%6a%73%6f%6e\/wp\/v2\/comments?post=135635"}],"version-history":[{"count":0,"href":"https:\/\/informelitoral.com.ar\/%77%70%2d%6a%73%6f%6e\/wp\/v2\/posts\/135635\/revisions"}],"wp:featuredmedia":[{"embeddable":true,"href":"https:\/\/informelitoral.com.ar\/%77%70%2d%6a%73%6f%6e\/wp\/v2\/media\/135637"}],"wp:attachment":[{"href":"https:\/\/informelitoral.com.ar\/%77%70%2d%6a%73%6f%6e\/wp\/v2\/media?parent=135635"}],"wp:term":[{"taxonomy":"category","embeddable":true,"href":"https:\/\/informelitoral.com.ar\/%77%70%2d%6a%73%6f%6e\/wp\/v2\/categories?post=135635"},{"taxonomy":"post_tag","embeddable":true,"href":"https:\/\/informelitoral.com.ar\/%77%70%2d%6a%73%6f%6e\/wp\/v2\/tags?post=135635"}],"curies":[{"name":"wp","href":"https:\/\/api.w.org\/{rel}","templated":true}]}}