{"id":135166,"date":"2023-04-05T10:39:39","date_gmt":"2023-04-05T13:39:39","guid":{"rendered":"https:\/\/www.informelitoral.com.ar\/?p=135166"},"modified":"2023-04-05T16:51:36","modified_gmt":"2023-04-05T19:51:36","slug":"le-retiraran-a-l-gante-el-reconocimiento-de-visitante-distinguido-de-rosario","status":"publish","type":"post","link":"https:\/\/informelitoral.com.ar\/le-retiraran-a-l-gante-el-reconocimiento-de-visitante-distinguido-de-rosario\/","title":{"rendered":"Le retirar\u00e1n a L-Gante el reconocimiento de \u00abvisitante distinguido\u00bb de Rosario"},"content":{"rendered":"<p>Tras la controversia que gener\u00f3 su reconocimiento, avanza en el Concejo Municipal la posibilidad de retirarle a L-Gante el galard\u00f3n de \u201cvisitante distinguido\u201d. Los presidentes de los distintos bloques pol\u00edticos acordaron en la comisi\u00f3n de Labor Parlamentaria que la iniciativa sea tratada este mi\u00e9rcoles en el recinto por lo que se aguarda su aprobaci\u00f3n.<\/p>\n<p>La idea de Miguel \u00c1ngel Tessandori, autor del proyecto, es que la iniciativa sea aprobada por unanimidad. \u00abQuiero que cada presidente de bloque analice y fije una posici\u00f3n, incluso los que estaban a favor\u00bb, dijo a La Capital. El concejal le solicit\u00f3 a sus pares de la comisi\u00f3n de Cultura que el proyecto pase Labor Parlamentaria para tener una respuesta lo antes posible.<\/p>\n<p>El pedido obedece a la relaci\u00f3n que el creador de la cumbia 420 mantiene con distintos integrantes de la banda narcocriminal Los Monos. De hecho durante su paso por Rosario, a los pocos d\u00edas de ser distinguido, se sac\u00f3 una foto con M\u00e1ximo Ariel \u201cEl Viejo\u201d Cantero (fundador hist\u00f3rico de la organizaci\u00f3n narcocriminal).<\/p>\n<p>En los \u00faltimos d\u00edas se viralizaron audios del cantante con Cristian Nicol\u00e1s \u201cPupito\u201d Avalle, un preso de Los Monos acusado de ordenar dos cr\u00edmenes ocurridos en diciembre y la primera balacera a Televisi\u00f3n Litoral SA. Si bien estos mensajes podr\u00edan haber sido por encargue al m\u00fasico, como suele ocurrir, los fiscales los incluyeron en la causa para tratar de evidenciar que entre L-Gante y estas bandas habr\u00eda una relaci\u00f3n cotidiana.<\/p>\n<p>En los considerandos del proyecto, que firm\u00f3 junto a Valeria Schvartz, Tessandori indic\u00f3: \u201cIndependientemente de la libertad que establece nuestra Constituci\u00f3n, no parece razonable destacar institucionalmente como ejemplo para la juventud a alguien que no s\u00f3lo defiende el uso de estupefacientes, sino que propicia su abuso\u201d. Y a\u00f1adi\u00f3: \u201cLas distinciones de este Concejo deben ser usadas para destacar desempe\u00f1os, reconocer ejemplos de vida en ciudadanos de nuestra ciudad o reconocer acciones que hayan resultado en mejor calidad de vida de los rosarinos; y deben evitarse las acciones que intentan usufructuar de popularidad ef\u00edmera y ajena, con el \u00fanico prop\u00f3sito relacionado al r\u00e9dito pol\u00edtico\u201d.<\/p>\n<p>\u201cNo entendemos por qu\u00e9 debe seguir en pie este reconocimiento a quien hace alarde de su amistad con la delincuencia que padecemos los rosarinos\u201d, dijo el concejal y agreg\u00f3: \u201cEste muchacho fue protagonista de much\u00edsimos esc\u00e1ndalos. S\u00f3lo desde que fue distinguido, hace un a\u00f1o y medio aproximadamente, fue m\u00e1s que suficiente para confirmar lo poco feliz de su accionar y de la decisi\u00f3n de otorgarle un reconocimiento\u201d.<\/p>\n<p>A partir de los \u00faltimos audios que se viralizaron del cantante con Cristian Nicol\u00e1s \u201cPupito\u201d Avalle, un preso de Los Monos acusado de ordenar dos cr\u00edmenes ocurridos en diciembre y la primera balacera a Televisi\u00f3n Litoral SA (TVL), el edil volvi\u00f3 a la carga con la iniciativa que ya hab\u00eda impulsado.<\/p>\n<p>En efecto, el pasado jueves, durante la audiencia en la que fueron acusados ocho integrantes de una c\u00e9lula de la banda narco se reprodujo el saludo que envi\u00f3 el m\u00fasico a Avalle.<\/p>\n<p>\u201cQu\u00e9 onda prima, \u00bftodo piola? Te deseo pronta libertad, vos sab\u00e9s, prima, al toque. Cumbia 420 pa? los negros\u201d, le dice en un mensaje de voz que dura siete segundos. Luego, en otro audio de 27 segundos, canta a capella un tema y lo cierra con el siguiente saludo: \u201cPara vos, Pupito. De parte de L-Gante. Cumbia 420 pa? los negros\u201d.<\/p>\n<p><b>La previa<br \/>\n<\/b>La declaraci\u00f3n a L-Gante como \u00abvisitante distinguido\u00bb fue impulsada por el bloque de Ciudad Futura antes de que el creador de la cumbia 420 se presentara en el estadio cubierto de Newell&#8217;s, en el parque Independencia, en octubre de 2021.<\/p>\n<p>Entre los fundamentos que brindaron los autores de la propuesta figura el \u00abreconocimiento a su irrupci\u00f3n en la escena musical de nuestro pa\u00eds con la creaci\u00f3n del g\u00e9nero cumbia 420, la que revolucion\u00f3 la industria cultural en su conjunto, convirti\u00e9ndose as\u00ed en referencia para miles de j\u00f3venes que disfrutan su m\u00fasica y que valoran la lealtad y el orgullo que expresa L-Gante con sus or\u00edgenes y su historia de vida\u00bb.<\/p>\n<p>Tras varias idas y vueltas, el proyecto fue finalmente fue aprobado. Es m\u00e1s, el expediente contemplaba que se le otorgara el galard\u00f3n en un acto p\u00fablico, al que el artista fue por pocos minutos. Se realiz\u00f3 en el Circo Rodas, hubo gran concurrencia de gente y nunca se le pudo entregar la distinci\u00f3n porque el cantante lleg\u00f3 excesivamente tarde, la gente invadi\u00f3 el escenario y se suspendi\u00f3 la conferencia de prensa.<\/p>\n<p>\u201cY bueno, antes que nada much\u00edsimas gracias por el aguante, eso a cada lado que voy suelo agradecer. Y de mi parte contento, contento a todos lados que voy con la alegr\u00eda de los ni\u00f1os, y que lo paso siempre en familia y quiz\u00e1 me siento identificado cuando veo a la gente, \u00bfno? Y eso es lo que me llena y me da ganas de estar ah\u00ed con la energ\u00eda a mil para todos ustedes\u201d, fueron las \u00fanicas palabras que Eli\u00e1n Valenzuela le dedic\u00f3 a los rosarinos en dicho evento.<\/p>\n","protected":false},"excerpt":{"rendered":"<p>Los presidentes de bloque del Concejo acordaron el tratamiento en el recinto de la iniciativa. El pedido obedece a la relaci\u00f3n que el creador de la cumbia 420 mantiene con distintos integrantes de la banda narcocriminal Los Monos.<\/p>\n","protected":false},"author":8,"featured_media":135163,"comment_status":"open","ping_status":"open","sticky":false,"template":"","format":"standard","meta":{"fifu_image_url":"","fifu_image_alt":"","footnotes":""},"categories":[12],"tags":[816],"class_list":{"0":"post-135166","1":"post","2":"type-post","3":"status-publish","4":"format-standard","5":"has-post-thumbnail","7":"category-espectaculos","8":"tag-rosario"},"yoast_head":"<title>Le retirar\u00e1n a L-Gante el reconocimiento de &quot;visitante distinguido&quot; de Rosario - Informe Litoral<\/title>\n<meta name=\"robots\" content=\"index, follow, max-snippet:-1, max-image-preview:large, max-video-preview:-1\" \/>\n<link rel=\"canonical\" href=\"https:\/\/informelitoral.com.ar\/le-retiraran-a-l-gante-el-reconocimiento-de-visitante-distinguido-de-rosario\/\" \/>\n<meta property=\"og:locale\" content=\"es_ES\" \/>\n<meta property=\"og:type\" content=\"article\" \/>\n<meta property=\"og:title\" content=\"Le retirar\u00e1n a L-Gante el reconocimiento de &quot;visitante distinguido&quot; de Rosario - Informe Litoral\" \/>\n<meta property=\"og:description\" content=\"Los presidentes de bloque del Concejo acordaron el tratamiento en el recinto de la iniciativa. El pedido obedece a la relaci\u00f3n que el creador de la cumbia 420 mantiene con distintos integrantes de la banda narcocriminal Los Monos.\" \/>\n<meta property=\"og:url\" content=\"https:\/\/informelitoral.com.ar\/le-retiraran-a-l-gante-el-reconocimiento-de-visitante-distinguido-de-rosario\/\" \/>\n<meta property=\"og:site_name\" content=\"Informe Litoral\" \/>\n<meta property=\"article:publisher\" content=\"https:\/\/www.facebook.com\/informelitoral\/\" \/>\n<meta property=\"article:published_time\" content=\"2023-04-05T13:39:39+00:00\" \/>\n<meta property=\"article:modified_time\" content=\"2023-04-05T19:51:36+00:00\" \/>\n<meta property=\"og:image\" content=\"https:\/\/informelitoral.com.ar\/%77%70%2d%63%6f%6e%74%65%6e%74\/uploads\/2023\/04\/o_1644576666-3.jpg\" \/>\n\t<meta property=\"og:image:width\" content=\"800\" \/>\n\t<meta property=\"og:image:height\" content=\"450\" \/>\n\t<meta property=\"og:image:type\" content=\"image\/jpeg\" \/>\n<meta name=\"author\" content=\"Sebastian\" \/>\n<meta name=\"twitter:card\" content=\"summary_large_image\" \/>\n<meta name=\"twitter:creator\" content=\"@InformeLitoral\" \/>\n<meta name=\"twitter:site\" content=\"@InformeLitoral\" \/>\n<meta name=\"twitter:label1\" content=\"Escrito por\" \/>\n\t<meta name=\"twitter:data1\" content=\"Sebastian\" \/>\n\t<meta name=\"twitter:label2\" content=\"Tiempo de lectura\" \/>\n\t<meta name=\"twitter:data2\" content=\"4 minutos\" \/>\n<script type=\"application\/ld+json\" class=\"yoast-schema-graph\">{\"@context\":\"https:\\\/\\\/schema.org\",\"@graph\":[{\"@type\":\"Article\",\"@id\":\"https:\\\/\\\/informelitoral.com.ar\\\/le-retiraran-a-l-gante-el-reconocimiento-de-visitante-distinguido-de-rosario\\\/#article\",\"isPartOf\":{\"@id\":\"https:\\\/\\\/informelitoral.com.ar\\\/le-retiraran-a-l-gante-el-reconocimiento-de-visitante-distinguido-de-rosario\\\/\"},\"author\":{\"name\":\"Sebastian\",\"@id\":\"https:\\\/\\\/informelitoral.com.ar\\\/#\\\/schema\\\/person\\\/f05f9f461677119578717524b127d6d5\"},\"headline\":\"Le retirar\u00e1n a L-Gante el reconocimiento de \u00abvisitante distinguido\u00bb de Rosario\",\"datePublished\":\"2023-04-05T13:39:39+00:00\",\"dateModified\":\"2023-04-05T19:51:36+00:00\",\"mainEntityOfPage\":{\"@id\":\"https:\\\/\\\/informelitoral.com.ar\\\/le-retiraran-a-l-gante-el-reconocimiento-de-visitante-distinguido-de-rosario\\\/\"},\"wordCount\":892,\"commentCount\":0,\"publisher\":{\"@id\":\"https:\\\/\\\/informelitoral.com.ar\\\/#organization\"},\"image\":{\"@id\":\"https:\\\/\\\/informelitoral.com.ar\\\/le-retiraran-a-l-gante-el-reconocimiento-de-visitante-distinguido-de-rosario\\\/#primaryimage\"},\"thumbnailUrl\":\"https:\\\/\\\/informelitoral.com.ar\\\/%77%70%2d%63%6f%6e%74%65%6e%74\\\/uploads\\\/2023\\\/04\\\/o_1644576666-3.jpg\",\"keywords\":[\"Rosario\"],\"articleSection\":[\"Espect\u00e1culos\"],\"inLanguage\":\"es\",\"potentialAction\":[{\"@type\":\"CommentAction\",\"name\":\"Comment\",\"target\":[\"https:\\\/\\\/informelitoral.com.ar\\\/le-retiraran-a-l-gante-el-reconocimiento-de-visitante-distinguido-de-rosario\\\/#respond\"]}]},{\"@type\":\"WebPage\",\"@id\":\"https:\\\/\\\/informelitoral.com.ar\\\/le-retiraran-a-l-gante-el-reconocimiento-de-visitante-distinguido-de-rosario\\\/\",\"url\":\"https:\\\/\\\/informelitoral.com.ar\\\/le-retiraran-a-l-gante-el-reconocimiento-de-visitante-distinguido-de-rosario\\\/\",\"name\":\"Le retirar\u00e1n a L-Gante el reconocimiento de \\\"visitante distinguido\\\" de Rosario - Informe Litoral\",\"isPartOf\":{\"@id\":\"https:\\\/\\\/informelitoral.com.ar\\\/#website\"},\"primaryImageOfPage\":{\"@id\":\"https:\\\/\\\/informelitoral.com.ar\\\/le-retiraran-a-l-gante-el-reconocimiento-de-visitante-distinguido-de-rosario\\\/#primaryimage\"},\"image\":{\"@id\":\"https:\\\/\\\/informelitoral.com.ar\\\/le-retiraran-a-l-gante-el-reconocimiento-de-visitante-distinguido-de-rosario\\\/#primaryimage\"},\"thumbnailUrl\":\"https:\\\/\\\/informelitoral.com.ar\\\/%77%70%2d%63%6f%6e%74%65%6e%74\\\/uploads\\\/2023\\\/04\\\/o_1644576666-3.jpg\",\"datePublished\":\"2023-04-05T13:39:39+00:00\",\"dateModified\":\"2023-04-05T19:51:36+00:00\",\"breadcrumb\":{\"@id\":\"https:\\\/\\\/informelitoral.com.ar\\\/le-retiraran-a-l-gante-el-reconocimiento-de-visitante-distinguido-de-rosario\\\/#breadcrumb\"},\"inLanguage\":\"es\",\"potentialAction\":[{\"@type\":\"ReadAction\",\"target\":[\"https:\\\/\\\/informelitoral.com.ar\\\/le-retiraran-a-l-gante-el-reconocimiento-de-visitante-distinguido-de-rosario\\\/\"]}]},{\"@type\":\"ImageObject\",\"inLanguage\":\"es\",\"@id\":\"https:\\\/\\\/informelitoral.com.ar\\\/le-retiraran-a-l-gante-el-reconocimiento-de-visitante-distinguido-de-rosario\\\/#primaryimage\",\"url\":\"https:\\\/\\\/informelitoral.com.ar\\\/%77%70%2d%63%6f%6e%74%65%6e%74\\\/uploads\\\/2023\\\/04\\\/o_1644576666-3.jpg\",\"contentUrl\":\"https:\\\/\\\/informelitoral.com.ar\\\/%77%70%2d%63%6f%6e%74%65%6e%74\\\/uploads\\\/2023\\\/04\\\/o_1644576666-3.jpg\",\"width\":800,\"height\":450},{\"@type\":\"BreadcrumbList\",\"@id\":\"https:\\\/\\\/informelitoral.com.ar\\\/le-retiraran-a-l-gante-el-reconocimiento-de-visitante-distinguido-de-rosario\\\/#breadcrumb\",\"itemListElement\":[{\"@type\":\"ListItem\",\"position\":1,\"name\":\"Portada\",\"item\":\"https:\\\/\\\/informelitoral.com.ar\\\/\"},{\"@type\":\"ListItem\",\"position\":2,\"name\":\"Le retirar\u00e1n a L-Gante el reconocimiento de \u00abvisitante distinguido\u00bb de Rosario\"}]},{\"@type\":\"WebSite\",\"@id\":\"https:\\\/\\\/informelitoral.com.ar\\\/#website\",\"url\":\"https:\\\/\\\/informelitoral.com.ar\\\/\",\"name\":\"Informe Litoral\",\"description\":\"&quot;Nos informamos&quot; \",\"publisher\":{\"@id\":\"https:\\\/\\\/informelitoral.com.ar\\\/#organization\"},\"potentialAction\":[{\"@type\":\"SearchAction\",\"target\":{\"@type\":\"EntryPoint\",\"urlTemplate\":\"https:\\\/\\\/informelitoral.com.ar\\\/?s={search_term_string}\"},\"query-input\":{\"@type\":\"PropertyValueSpecification\",\"valueRequired\":true,\"valueName\":\"search_term_string\"}}],\"inLanguage\":\"es\"},{\"@type\":\"Organization\",\"@id\":\"https:\\\/\\\/informelitoral.com.ar\\\/#organization\",\"name\":\"Informe Litoral\",\"url\":\"https:\\\/\\\/informelitoral.com.ar\\\/\",\"logo\":{\"@type\":\"ImageObject\",\"inLanguage\":\"es\",\"@id\":\"https:\\\/\\\/informelitoral.com.ar\\\/#\\\/schema\\\/logo\\\/image\\\/\",\"url\":\"https:\\\/\\\/informelitoral.com.ar\\\/%77%70%2d%63%6f%6e%74%65%6e%74\\\/uploads\\\/2021\\\/01\\\/circulo.png\",\"contentUrl\":\"https:\\\/\\\/informelitoral.com.ar\\\/%77%70%2d%63%6f%6e%74%65%6e%74\\\/uploads\\\/2021\\\/01\\\/circulo.png\",\"width\":723,\"height\":731,\"caption\":\"Informe Litoral\"},\"image\":{\"@id\":\"https:\\\/\\\/informelitoral.com.ar\\\/#\\\/schema\\\/logo\\\/image\\\/\"},\"sameAs\":[\"https:\\\/\\\/www.facebook.com\\\/informelitoral\\\/\",\"https:\\\/\\\/x.com\\\/InformeLitoral\",\"https:\\\/\\\/www.instagram.com\\\/informelitoral\\\/\",\"https:\\\/\\\/www.youtube.com\\\/channel\\\/UCua4Qvz8Icb6MYqhoq9xLXw\"]},{\"@type\":\"Person\",\"@id\":\"https:\\\/\\\/informelitoral.com.ar\\\/#\\\/schema\\\/person\\\/f05f9f461677119578717524b127d6d5\",\"name\":\"Sebastian\",\"image\":{\"@type\":\"ImageObject\",\"inLanguage\":\"es\",\"@id\":\"https:\\\/\\\/secure.gravatar.com\\\/avatar\\\/b71bf7481d447dfb9583c7f2798e7cc64de6efb9067b74633ed8c31059a3bd82?s=96&d=mm&r=g\",\"url\":\"https:\\\/\\\/secure.gravatar.com\\\/avatar\\\/b71bf7481d447dfb9583c7f2798e7cc64de6efb9067b74633ed8c31059a3bd82?s=96&d=mm&r=g\",\"contentUrl\":\"https:\\\/\\\/secure.gravatar.com\\\/avatar\\\/b71bf7481d447dfb9583c7f2798e7cc64de6efb9067b74633ed8c31059a3bd82?s=96&d=mm&r=g\",\"caption\":\"Sebastian\"},\"url\":\"https:\\\/\\\/informelitoral.com.ar\\\/author\\\/sebastian\\\/\"}]}<\/script>","yoast_head_json":{"title":"Le retirar\u00e1n a L-Gante el reconocimiento de \"visitante distinguido\" de Rosario - Informe Litoral","robots":{"index":"index","follow":"follow","max-snippet":"max-snippet:-1","max-image-preview":"max-image-preview:large","max-video-preview":"max-video-preview:-1"},"canonical":"https:\/\/informelitoral.com.ar\/le-retiraran-a-l-gante-el-reconocimiento-de-visitante-distinguido-de-rosario\/","og_locale":"es_ES","og_type":"article","og_title":"Le retirar\u00e1n a L-Gante el reconocimiento de \"visitante distinguido\" de Rosario - Informe Litoral","og_description":"Los presidentes de bloque del Concejo acordaron el tratamiento en el recinto de la iniciativa. El pedido obedece a la relaci\u00f3n que el creador de la cumbia 420 mantiene con distintos integrantes de la banda narcocriminal Los Monos.","og_url":"https:\/\/informelitoral.com.ar\/le-retiraran-a-l-gante-el-reconocimiento-de-visitante-distinguido-de-rosario\/","og_site_name":"Informe Litoral","article_publisher":"https:\/\/www.facebook.com\/informelitoral\/","article_published_time":"2023-04-05T13:39:39+00:00","article_modified_time":"2023-04-05T19:51:36+00:00","og_image":[{"width":800,"height":450,"url":"https:\/\/informelitoral.com.ar\/%77%70%2d%63%6f%6e%74%65%6e%74\/uploads\/2023\/04\/o_1644576666-3.jpg","type":"image\/jpeg"}],"author":"Sebastian","twitter_card":"summary_large_image","twitter_creator":"@InformeLitoral","twitter_site":"@InformeLitoral","twitter_misc":{"Escrito por":"Sebastian","Tiempo de lectura":"4 minutos"},"schema":{"@context":"https:\/\/schema.org","@graph":[{"@type":"Article","@id":"https:\/\/informelitoral.com.ar\/le-retiraran-a-l-gante-el-reconocimiento-de-visitante-distinguido-de-rosario\/#article","isPartOf":{"@id":"https:\/\/informelitoral.com.ar\/le-retiraran-a-l-gante-el-reconocimiento-de-visitante-distinguido-de-rosario\/"},"author":{"name":"Sebastian","@id":"https:\/\/informelitoral.com.ar\/#\/schema\/person\/f05f9f461677119578717524b127d6d5"},"headline":"Le retirar\u00e1n a L-Gante el reconocimiento de \u00abvisitante distinguido\u00bb de Rosario","datePublished":"2023-04-05T13:39:39+00:00","dateModified":"2023-04-05T19:51:36+00:00","mainEntityOfPage":{"@id":"https:\/\/informelitoral.com.ar\/le-retiraran-a-l-gante-el-reconocimiento-de-visitante-distinguido-de-rosario\/"},"wordCount":892,"commentCount":0,"publisher":{"@id":"https:\/\/informelitoral.com.ar\/#organization"},"image":{"@id":"https:\/\/informelitoral.com.ar\/le-retiraran-a-l-gante-el-reconocimiento-de-visitante-distinguido-de-rosario\/#primaryimage"},"thumbnailUrl":"https:\/\/informelitoral.com.ar\/%77%70%2d%63%6f%6e%74%65%6e%74\/uploads\/2023\/04\/o_1644576666-3.jpg","keywords":["Rosario"],"articleSection":["Espect\u00e1culos"],"inLanguage":"es","potentialAction":[{"@type":"CommentAction","name":"Comment","target":["https:\/\/informelitoral.com.ar\/le-retiraran-a-l-gante-el-reconocimiento-de-visitante-distinguido-de-rosario\/#respond"]}]},{"@type":"WebPage","@id":"https:\/\/informelitoral.com.ar\/le-retiraran-a-l-gante-el-reconocimiento-de-visitante-distinguido-de-rosario\/","url":"https:\/\/informelitoral.com.ar\/le-retiraran-a-l-gante-el-reconocimiento-de-visitante-distinguido-de-rosario\/","name":"Le retirar\u00e1n a L-Gante el reconocimiento de \"visitante distinguido\" de Rosario - Informe Litoral","isPartOf":{"@id":"https:\/\/informelitoral.com.ar\/#website"},"primaryImageOfPage":{"@id":"https:\/\/informelitoral.com.ar\/le-retiraran-a-l-gante-el-reconocimiento-de-visitante-distinguido-de-rosario\/#primaryimage"},"image":{"@id":"https:\/\/informelitoral.com.ar\/le-retiraran-a-l-gante-el-reconocimiento-de-visitante-distinguido-de-rosario\/#primaryimage"},"thumbnailUrl":"https:\/\/informelitoral.com.ar\/%77%70%2d%63%6f%6e%74%65%6e%74\/uploads\/2023\/04\/o_1644576666-3.jpg","datePublished":"2023-04-05T13:39:39+00:00","dateModified":"2023-04-05T19:51:36+00:00","breadcrumb":{"@id":"https:\/\/informelitoral.com.ar\/le-retiraran-a-l-gante-el-reconocimiento-de-visitante-distinguido-de-rosario\/#breadcrumb"},"inLanguage":"es","potentialAction":[{"@type":"ReadAction","target":["https:\/\/informelitoral.com.ar\/le-retiraran-a-l-gante-el-reconocimiento-de-visitante-distinguido-de-rosario\/"]}]},{"@type":"ImageObject","inLanguage":"es","@id":"https:\/\/informelitoral.com.ar\/le-retiraran-a-l-gante-el-reconocimiento-de-visitante-distinguido-de-rosario\/#primaryimage","url":"https:\/\/informelitoral.com.ar\/%77%70%2d%63%6f%6e%74%65%6e%74\/uploads\/2023\/04\/o_1644576666-3.jpg","contentUrl":"https:\/\/informelitoral.com.ar\/%77%70%2d%63%6f%6e%74%65%6e%74\/uploads\/2023\/04\/o_1644576666-3.jpg","width":800,"height":450},{"@type":"BreadcrumbList","@id":"https:\/\/informelitoral.com.ar\/le-retiraran-a-l-gante-el-reconocimiento-de-visitante-distinguido-de-rosario\/#breadcrumb","itemListElement":[{"@type":"ListItem","position":1,"name":"Portada","item":"https:\/\/informelitoral.com.ar\/"},{"@type":"ListItem","position":2,"name":"Le retirar\u00e1n a L-Gante el reconocimiento de \u00abvisitante distinguido\u00bb de Rosario"}]},{"@type":"WebSite","@id":"https:\/\/informelitoral.com.ar\/#website","url":"https:\/\/informelitoral.com.ar\/","name":"Informe Litoral","description":"&quot;Nos informamos&quot; ","publisher":{"@id":"https:\/\/informelitoral.com.ar\/#organization"},"potentialAction":[{"@type":"SearchAction","target":{"@type":"EntryPoint","urlTemplate":"https:\/\/informelitoral.com.ar\/?s={search_term_string}"},"query-input":{"@type":"PropertyValueSpecification","valueRequired":true,"valueName":"search_term_string"}}],"inLanguage":"es"},{"@type":"Organization","@id":"https:\/\/informelitoral.com.ar\/#organization","name":"Informe Litoral","url":"https:\/\/informelitoral.com.ar\/","logo":{"@type":"ImageObject","inLanguage":"es","@id":"https:\/\/informelitoral.com.ar\/#\/schema\/logo\/image\/","url":"https:\/\/informelitoral.com.ar\/%77%70%2d%63%6f%6e%74%65%6e%74\/uploads\/2021\/01\/circulo.png","contentUrl":"https:\/\/informelitoral.com.ar\/%77%70%2d%63%6f%6e%74%65%6e%74\/uploads\/2021\/01\/circulo.png","width":723,"height":731,"caption":"Informe Litoral"},"image":{"@id":"https:\/\/informelitoral.com.ar\/#\/schema\/logo\/image\/"},"sameAs":["https:\/\/www.facebook.com\/informelitoral\/","https:\/\/x.com\/InformeLitoral","https:\/\/www.instagram.com\/informelitoral\/","https:\/\/www.youtube.com\/channel\/UCua4Qvz8Icb6MYqhoq9xLXw"]},{"@type":"Person","@id":"https:\/\/informelitoral.com.ar\/#\/schema\/person\/f05f9f461677119578717524b127d6d5","name":"Sebastian","image":{"@type":"ImageObject","inLanguage":"es","@id":"https:\/\/secure.gravatar.com\/avatar\/b71bf7481d447dfb9583c7f2798e7cc64de6efb9067b74633ed8c31059a3bd82?s=96&d=mm&r=g","url":"https:\/\/secure.gravatar.com\/avatar\/b71bf7481d447dfb9583c7f2798e7cc64de6efb9067b74633ed8c31059a3bd82?s=96&d=mm&r=g","contentUrl":"https:\/\/secure.gravatar.com\/avatar\/b71bf7481d447dfb9583c7f2798e7cc64de6efb9067b74633ed8c31059a3bd82?s=96&d=mm&r=g","caption":"Sebastian"},"url":"https:\/\/informelitoral.com.ar\/author\/sebastian\/"}]}},"_links":{"self":[{"href":"https:\/\/informelitoral.com.ar\/%77%70%2d%6a%73%6f%6e\/wp\/v2\/posts\/135166","targetHints":{"allow":["GET"]}}],"collection":[{"href":"https:\/\/informelitoral.com.ar\/%77%70%2d%6a%73%6f%6e\/wp\/v2\/posts"}],"about":[{"href":"https:\/\/informelitoral.com.ar\/%77%70%2d%6a%73%6f%6e\/wp\/v2\/types\/post"}],"author":[{"embeddable":true,"href":"https:\/\/informelitoral.com.ar\/%77%70%2d%6a%73%6f%6e\/wp\/v2\/users\/8"}],"replies":[{"embeddable":true,"href":"https:\/\/informelitoral.com.ar\/%77%70%2d%6a%73%6f%6e\/wp\/v2\/comments?post=135166"}],"version-history":[{"count":0,"href":"https:\/\/informelitoral.com.ar\/%77%70%2d%6a%73%6f%6e\/wp\/v2\/posts\/135166\/revisions"}],"wp:featuredmedia":[{"embeddable":true,"href":"https:\/\/informelitoral.com.ar\/%77%70%2d%6a%73%6f%6e\/wp\/v2\/media\/135163"}],"wp:attachment":[{"href":"https:\/\/informelitoral.com.ar\/%77%70%2d%6a%73%6f%6e\/wp\/v2\/media?parent=135166"}],"wp:term":[{"taxonomy":"category","embeddable":true,"href":"https:\/\/informelitoral.com.ar\/%77%70%2d%6a%73%6f%6e\/wp\/v2\/categories?post=135166"},{"taxonomy":"post_tag","embeddable":true,"href":"https:\/\/informelitoral.com.ar\/%77%70%2d%6a%73%6f%6e\/wp\/v2\/tags?post=135166"}],"curies":[{"name":"wp","href":"https:\/\/api.w.org\/{rel}","templated":true}]}}