{"id":13373,"date":"2016-01-20T10:45:59","date_gmt":"2016-01-20T13:45:59","guid":{"rendered":"http:\/\/www.isletasnoticias.com.ar\/?p=13373"},"modified":"2016-01-20T10:55:11","modified_gmt":"2016-01-20T13:55:11","slug":"macri-y-la-inflacion-fuertes-subas-de-hasta-el-60-en-los-precios-de-alimentos","status":"publish","type":"post","link":"https:\/\/informelitoral.com.ar\/macri-y-la-inflacion-fuertes-subas-de-hasta-el-60-en-los-precios-de-alimentos\/","title":{"rendered":"Macri y la inflaci\u00f3n: fuertes subas de hasta el 60% en los precios de alimentos"},"content":{"rendered":"<p><strong>La canasta alimentaria en Buenos Aires, tuvo un alza de 4,22% en diciembre, la m\u00e1s alta en casi dos a\u00f1os. Los productos que quitaron del plan Precios Cuidados, entre los que m\u00e1s se encarecieron.<a href=\"http:\/\/www.isletasnoticias.com.ar\/%77%70%2d%63%6f%6e%74%65%6e%74\/uploads\/2016\/01\/0010725985.jpg\"><img loading=\"lazy\" decoding=\"async\" class=\"aligncenter size-full wp-image-13374\" src=\"http:\/\/www.isletasnoticias.com.ar\/%77%70%2d%63%6f%6e%74%65%6e%74\/uploads\/2016\/01\/0010725985.jpg\" alt=\"0010725985\" width=\"770\" height=\"433\" srcset=\"https:\/\/informelitoral.com.ar\/%77%70%2d%63%6f%6e%74%65%6e%74\/uploads\/2016\/01\/0010725985.jpg 770w, https:\/\/informelitoral.com.ar\/%77%70%2d%63%6f%6e%74%65%6e%74\/uploads\/2016\/01\/0010725985-300x169.jpg 300w\" sizes=\"auto, (max-width: 770px) 100vw, 770px\" \/><\/a><\/strong><\/p>\n<p>La desregulaci\u00f3n de los precios impulsada por el Gobierno produjo una fuerte alza en los productos de la canasta b\u00e1sica. En diciembre, las empresas l\u00edderes de alimentos, bebidas y art\u00edculos de limpieza y perfumer\u00eda aplicaron aumentos de hasta el 60% en algunos de los cientos de productos que fueron quitados del programa Precios Cuidados.<br \/>\nEntre los art\u00edculos que m\u00e1s se encarecieron, aparecen las leches de la marca \u00abLa Seren\u00edsima\u00bb, de Mastellone, con incrementos de m\u00e1s del 40 por ciento, mientras que de 11 productos frescos que ya no forman parte del acuerdo comercial, algunos subieron un 77% (carne), 62% (frutas y verduras) y m\u00e1s de 46% (pollo), inform\u00f3 hoy el diario Clar\u00edn. Unilever increment\u00f3 un 46% el lavavajillas cremoso Ala y varios art\u00edculos de Pepsico y Arcor registraron incrementos del orden de entre 40% y 60 por ciento.<\/p>\n<p>Los precios que m\u00e1s preocupaci\u00f3n generan entre los consumidores son los de la carne, el principal alimento que encabez\u00f3 las subas. Ayer, en un hipermercado de zona norte, pod\u00eda conseguirse el kilo de colita de cuadril a $199; el ojo de bife, $ 193; el peceto de novillo, $200, y la paleta de novillo 120 pesos, public\u00f3 hoy el diario La Naci\u00f3n.<\/p>\n<p>El \u00abIndec de la Ciudad\u00bb registr\u00f3 que la canasta alimentaria porte\u00f1a para un matrimonio compuesto por una mujer y un var\u00f3n, ambos de 35 a\u00f1os, activos, con dos hijos varones de 6 y 9 a\u00f1os e inquilinos de la vivienda, tuvo un incremento de 4,22%, por encima de la canasta total (3,25%), que incluye algunos servicios, y de la inflaci\u00f3n de la ciudad, que registr\u00f3 un alza de 3,9% para ese mes. El dato configura la mayor alza en esa canasta desde enero de 2014, el mes cuando el ex ministro Axel Kicillof impuls\u00f3 una devaluaci\u00f3n del orden del 20 por ciento.<\/p>\n<p>El gobierno nacional se defiende del repunte inflacionario al afirmar que la gesti\u00f3n anterior de la Secretar\u00eda de Comercio, que encabezaba Augusto Costa, dej\u00f3 una \u00abzona liberada\u00bb para que suban los precios, cuando era fuerte el rumor de que se producir\u00eda una devaluaci\u00f3n. El kirchnerismo, en cambio, considera que fue justamente la depreciaci\u00f3n de la moneda lo que provoc\u00f3 que las empresas aumenten y armen el famoso \u00abcolch\u00f3n\u00bb para no perder rentabilidad con el ajuste del tipo de cambio.<\/p>\n<p>Las estad\u00edsticas porte\u00f1as reflejaron que tambi\u00e9n hubo incrementos generalizados en cereales y legumbres (3,77%); leche, yogures y productos l\u00e1cteos (2,2%); aceites y grasas (2,09%); az\u00facar y dulces (2,05%); bebidas (2,89%), y otros alimentos (1,5%).<\/p>\n<p>En lo que respecta a servicios, el alza en salud tuvo una suba de 12,23 por ciento. Otros servicios y bienes no alimentarios que subieron fueron: alquiler (2%), expensas (0,04%), comunicaciones (2,15%), \u00fatiles escolares (2,85%), art\u00edculos de limpieza (3,01%), esparcimiento (6,5%), cuidado personal (2,89%), indumentaria (3,47%), y electrodom\u00e9sticos (5,09%).<br \/>\nLa desregulaci\u00f3n de los precios impulsada por el Gobierno produjo una fuerte alza en los productos de la canasta b\u00e1sica. En diciembre, las empresas l\u00edderes de alimentos, bebidas y art\u00edculos de limpieza y perfumer\u00eda aplicaron aumentos de hasta el 60% en algunos de los cientos de productos que fueron quitados del programa Precios Cuidados.<\/p>\n<p>Entre los art\u00edculos que m\u00e1s se encarecieron, aparecen las leches de la marca \u00abLa Seren\u00edsima\u00bb, de Mastellone, con incrementos de m\u00e1s del 40 por ciento, mientras que de 11 productos frescos que ya no forman parte del acuerdo comercial, algunos subieron un 77% (carne), 62% (frutas y verduras) y m\u00e1s de 46% (pollo), inform\u00f3 hoy el diario Clar\u00edn. Unilever increment\u00f3 un 46% el lavavajillas cremoso Ala y varios art\u00edculos de Pepsico y Arcor registraron incrementos del orden de entre 40% y 60 por ciento.<\/p>\n<p>Los precios que m\u00e1s preocupaci\u00f3n generan entre los consumidores son los de la carne, el principal alimento que encabez\u00f3 las subas. Ayer, en un hipermercado de zona norte, pod\u00eda conseguirse el kilo de colita de cuadril a $199; el ojo de bife, $ 193; el peceto de novillo, $200, y la paleta de novillo 120 pesos, public\u00f3 hoy el diario <em>La Naci\u00f3n.<\/em><\/p>\n<p>El \u00abIndec de la Ciudad\u00bb registr\u00f3 que la canasta alimentaria porte\u00f1a para un matrimonio compuesto por una mujer y un var\u00f3n, ambos de 35 a\u00f1os, activos, con dos hijos varones de 6 y 9 a\u00f1os e inquilinos de la vivienda, tuvo un incremento de 4,22%, por encima de la canasta total (3,25%), que incluye algunos servicios, y de la inflaci\u00f3n de la ciudad, que registr\u00f3 un alza de 3,9% para ese mes. El dato configura la mayor alza en esa canasta desde enero de 2014, el mes cuando el ex ministro Axel Kicillof impuls\u00f3 una devaluaci\u00f3n del orden del 20 por ciento.<\/p>\n<p>El gobierno nacional se defiende del repunte inflacionario al afirmar que la gesti\u00f3n anterior de la Secretar\u00eda de Comercio, que encabezaba Augusto Costa, dej\u00f3 una \u00abzona liberada\u00bb para que suban los precios, cuando era fuerte el rumor de que se producir\u00eda una devaluaci\u00f3n. El kirchnerismo, en cambio, considera que fue justamente la depreciaci\u00f3n de la moneda lo que provoc\u00f3 que las empresas aumenten y armen el famoso \u00abcolch\u00f3n\u00bb para no perder rentabilidad con el ajuste del tipo de cambio.<\/p>\n<p>Las estad\u00edsticas porte\u00f1as reflejaron que tambi\u00e9n hubo incrementos generalizados en cereales y legumbres (3,77%); leche, yogures y productos l\u00e1cteos (2,2%); aceites y grasas (2,09%); az\u00facar y dulces (2,05%); bebidas (2,89%), y otros alimentos (1,5%).<\/p>\n<p>En lo que respecta a servicios, el alza en salud tuvo una suba de 12,23 por ciento. Otros servicios y bienes no alimentarios que subieron fueron: alquiler (2%), expensas (0,04%), comunicaciones (2,15%), \u00fatiles escolares (2,85%), art\u00edculos de limpieza (3,01%), esparcimiento (6,5%), cuidado personal (2,89%), indumentaria (3,47%), y electrodom\u00e9sticos (5,09%).<\/p>\n<p><strong>Tendencia alcista<\/strong><\/p>\n<p>En principio, todo parece indicar que los precios seguir\u00e1n aumentando. Si bien un informe del Ministerio de Producci\u00f3n se\u00f1al\u00f3 que hubo una desaceleraci\u00f3n del 0,3% en la tercera semana de diciembre, entidades de defensa del consumidor contradicen el optimismo oficial. La Asociaci\u00f3n de Consumidores Libres, que dirige H\u00e9ctor Polino, calcul\u00f3 que durante la primera quincena de enero los precios de los bienes de la canasta b\u00e1sica aumentaron 1,6 por ciento en lo que va del mes, mientras que diversas consultoras privadas estiman que la variaci\u00f3n de precios terminar\u00e1 entre el 3 y el 4 por ciento en enero.<\/p>\n<p>Los n\u00fameros de inflaci\u00f3n contrastan con las expectativas del ministro de Hacienda y Finanzas,Alfonso Prat-Gay, quien hab\u00eda dicho que los precios ya estaban en niveles previos a la aceleraci\u00f3n que se dispar\u00f3 con el anuncio de devaluaci\u00f3n de diciembre. \u00abEn nuestras mediciones, la inflaci\u00f3n tuvo un salto en la segunda quincena de noviembre y primera quincena de diciembre, aterrizando en la primera quincena de enero para estar en niveles parecidos a los que hab\u00eda en septiembre y octubre de 2015\u00bb, afirm\u00f3 el ministro.<\/p>\n<p>A contramano de Prat-Gay, ning\u00fan analista estima para enero una inflaci\u00f3n del orden del 1,5-1,9 por ciento. Polino midi\u00f3 1,6 por ciento s\u00f3lo en la primera quincena y estima que el mes cerrar\u00e1 con un 3,2 por ciento. Por su parte, Juan Luis Bour, de FIEL, proyect\u00f3 una inflaci\u00f3n mensual de entre el 3 y el 4 por ciento; Luciano Cohan, de Elypsis, estim\u00f3 un 2,5 por ciento para enero. Una suba de ese tipo se montar\u00e1 sobre el 2,9 por ciento de noviembre y el 3,8 por ciento de diciembre, seg\u00fan datos de Bein.<\/p>\n<p>Hasta que se celebren las paritarias, que en su mayor\u00eda arrancan en marzo-abril, se prev\u00e9 que contin\u00fae el ajuste en el bolsillo de los asalariados. El Gobierno anunci\u00f3 para el mes de febrero el comienzo de la reducci\u00f3n de los subsidios a la energ\u00eda, que terminar\u00e1 recortando 105 mil millones de pesos en todo el a\u00f1o. La decisi\u00f3n provocar\u00e1 una nueva alza sensible en las tarifas de luz y gas al consumo residencial y para las empresas, un gasto que tiene incidencia en el term\u00f3metro de la inflaci\u00f3n. <em>(Infobae)<\/em><\/p>\n<div class=\"single-content entry-content narrowcontent fleft\"><\/div>\n","protected":false},"excerpt":{"rendered":"<p>La canasta alimentaria en Buenos Aires, tuvo un alza de 4,22% en diciembre, la m&aacute;s alta en casi dos a&ntilde;os. Los productos que quitaron del plan Precios Cuidados, entre los que m&aacute;s se encarecieron. La desregulaci&oacute;n de los precios impulsada por el Gobierno produjo una fuerte alza en los productos de la canasta b&aacute;sica. En [&hellip;]<\/p>\n","protected":false},"author":2,"featured_media":0,"comment_status":"open","ping_status":"open","sticky":false,"template":"","format":"standard","meta":{"fifu_image_url":"","fifu_image_alt":"","footnotes":""},"categories":[7,16],"tags":[],"class_list":{"0":"post-13373","1":"post","2":"type-post","3":"status-publish","4":"format-standard","6":"category-nacionales","7":"category-politi"},"yoast_head":"<title>Macri y la inflaci\u00f3n: fuertes subas de hasta el 60% en los precios de alimentos - Informe Litoral<\/title>\n<meta name=\"robots\" content=\"index, follow, max-snippet:-1, max-image-preview:large, max-video-preview:-1\" \/>\n<link rel=\"canonical\" href=\"https:\/\/informelitoral.com.ar\/macri-y-la-inflacion-fuertes-subas-de-hasta-el-60-en-los-precios-de-alimentos\/\" \/>\n<meta property=\"og:locale\" content=\"es_ES\" \/>\n<meta property=\"og:type\" content=\"article\" \/>\n<meta property=\"og:title\" content=\"Macri y la inflaci\u00f3n: fuertes subas de hasta el 60% en los precios de alimentos - Informe Litoral\" \/>\n<meta property=\"og:description\" content=\"La canasta alimentaria en Buenos Aires, tuvo un alza de 4,22% en diciembre, la m&aacute;s alta en casi dos a&ntilde;os. Los productos que quitaron del plan Precios Cuidados, entre los que m&aacute;s se encarecieron. La desregulaci&oacute;n de los precios impulsada por el Gobierno produjo una fuerte alza en los productos de la canasta b&aacute;sica. En [&hellip;]\" \/>\n<meta property=\"og:url\" content=\"https:\/\/informelitoral.com.ar\/macri-y-la-inflacion-fuertes-subas-de-hasta-el-60-en-los-precios-de-alimentos\/\" \/>\n<meta property=\"og:site_name\" content=\"Informe Litoral\" \/>\n<meta property=\"article:publisher\" content=\"https:\/\/www.facebook.com\/informelitoral\/\" \/>\n<meta property=\"article:published_time\" content=\"2016-01-20T13:45:59+00:00\" \/>\n<meta property=\"article:modified_time\" content=\"2016-01-20T13:55:11+00:00\" \/>\n<meta property=\"og:image\" content=\"https:\/\/informelitoral.com.ar\/%77%70%2d%63%6f%6e%74%65%6e%74\/uploads\/2016\/01\/0010725985.jpg\" \/>\n\t<meta property=\"og:image:width\" content=\"770\" \/>\n\t<meta property=\"og:image:height\" content=\"433\" \/>\n\t<meta property=\"og:image:type\" content=\"image\/jpeg\" \/>\n<meta name=\"author\" content=\"Gonzalo Schmidt\" \/>\n<meta name=\"twitter:card\" content=\"summary_large_image\" \/>\n<meta name=\"twitter:creator\" content=\"@InformeLitoral\" \/>\n<meta name=\"twitter:site\" content=\"@InformeLitoral\" \/>\n<meta name=\"twitter:label1\" content=\"Escrito por\" \/>\n\t<meta name=\"twitter:data1\" content=\"Gonzalo Schmidt\" \/>\n\t<meta name=\"twitter:label2\" content=\"Tiempo de lectura\" \/>\n\t<meta name=\"twitter:data2\" content=\"7 minutos\" \/>\n<script type=\"application\/ld+json\" class=\"yoast-schema-graph\">{\"@context\":\"https:\\\/\\\/schema.org\",\"@graph\":[{\"@type\":\"Article\",\"@id\":\"https:\\\/\\\/informelitoral.com.ar\\\/macri-y-la-inflacion-fuertes-subas-de-hasta-el-60-en-los-precios-de-alimentos\\\/#article\",\"isPartOf\":{\"@id\":\"https:\\\/\\\/informelitoral.com.ar\\\/macri-y-la-inflacion-fuertes-subas-de-hasta-el-60-en-los-precios-de-alimentos\\\/\"},\"author\":{\"name\":\"Gonzalo Schmidt\",\"@id\":\"https:\\\/\\\/informelitoral.com.ar\\\/#\\\/schema\\\/person\\\/b9d00407c836482871ef1d57bf8e3180\"},\"headline\":\"Macri y la inflaci\u00f3n: fuertes subas de hasta el 60% en los precios de alimentos\",\"datePublished\":\"2016-01-20T13:45:59+00:00\",\"dateModified\":\"2016-01-20T13:55:11+00:00\",\"mainEntityOfPage\":{\"@id\":\"https:\\\/\\\/informelitoral.com.ar\\\/macri-y-la-inflacion-fuertes-subas-de-hasta-el-60-en-los-precios-de-alimentos\\\/\"},\"wordCount\":1356,\"commentCount\":0,\"publisher\":{\"@id\":\"https:\\\/\\\/informelitoral.com.ar\\\/#organization\"},\"image\":{\"@id\":\"https:\\\/\\\/informelitoral.com.ar\\\/macri-y-la-inflacion-fuertes-subas-de-hasta-el-60-en-los-precios-de-alimentos\\\/#primaryimage\"},\"thumbnailUrl\":\"http:\\\/\\\/www.isletasnoticias.com.ar\\\/%77%70%2d%63%6f%6e%74%65%6e%74\\\/uploads\\\/2016\\\/01\\\/0010725985.jpg\",\"articleSection\":[\"Nacionales\",\"Politica\"],\"inLanguage\":\"es\",\"potentialAction\":[{\"@type\":\"CommentAction\",\"name\":\"Comment\",\"target\":[\"https:\\\/\\\/informelitoral.com.ar\\\/macri-y-la-inflacion-fuertes-subas-de-hasta-el-60-en-los-precios-de-alimentos\\\/#respond\"]}]},{\"@type\":\"WebPage\",\"@id\":\"https:\\\/\\\/informelitoral.com.ar\\\/macri-y-la-inflacion-fuertes-subas-de-hasta-el-60-en-los-precios-de-alimentos\\\/\",\"url\":\"https:\\\/\\\/informelitoral.com.ar\\\/macri-y-la-inflacion-fuertes-subas-de-hasta-el-60-en-los-precios-de-alimentos\\\/\",\"name\":\"Macri y la inflaci\u00f3n: fuertes subas de hasta el 60% en los precios de alimentos - Informe Litoral\",\"isPartOf\":{\"@id\":\"https:\\\/\\\/informelitoral.com.ar\\\/#website\"},\"primaryImageOfPage\":{\"@id\":\"https:\\\/\\\/informelitoral.com.ar\\\/macri-y-la-inflacion-fuertes-subas-de-hasta-el-60-en-los-precios-de-alimentos\\\/#primaryimage\"},\"image\":{\"@id\":\"https:\\\/\\\/informelitoral.com.ar\\\/macri-y-la-inflacion-fuertes-subas-de-hasta-el-60-en-los-precios-de-alimentos\\\/#primaryimage\"},\"thumbnailUrl\":\"http:\\\/\\\/www.isletasnoticias.com.ar\\\/%77%70%2d%63%6f%6e%74%65%6e%74\\\/uploads\\\/2016\\\/01\\\/0010725985.jpg\",\"datePublished\":\"2016-01-20T13:45:59+00:00\",\"dateModified\":\"2016-01-20T13:55:11+00:00\",\"breadcrumb\":{\"@id\":\"https:\\\/\\\/informelitoral.com.ar\\\/macri-y-la-inflacion-fuertes-subas-de-hasta-el-60-en-los-precios-de-alimentos\\\/#breadcrumb\"},\"inLanguage\":\"es\",\"potentialAction\":[{\"@type\":\"ReadAction\",\"target\":[\"https:\\\/\\\/informelitoral.com.ar\\\/macri-y-la-inflacion-fuertes-subas-de-hasta-el-60-en-los-precios-de-alimentos\\\/\"]}]},{\"@type\":\"ImageObject\",\"inLanguage\":\"es\",\"@id\":\"https:\\\/\\\/informelitoral.com.ar\\\/macri-y-la-inflacion-fuertes-subas-de-hasta-el-60-en-los-precios-de-alimentos\\\/#primaryimage\",\"url\":\"http:\\\/\\\/www.isletasnoticias.com.ar\\\/%77%70%2d%63%6f%6e%74%65%6e%74\\\/uploads\\\/2016\\\/01\\\/0010725985.jpg\",\"contentUrl\":\"http:\\\/\\\/www.isletasnoticias.com.ar\\\/%77%70%2d%63%6f%6e%74%65%6e%74\\\/uploads\\\/2016\\\/01\\\/0010725985.jpg\"},{\"@type\":\"BreadcrumbList\",\"@id\":\"https:\\\/\\\/informelitoral.com.ar\\\/macri-y-la-inflacion-fuertes-subas-de-hasta-el-60-en-los-precios-de-alimentos\\\/#breadcrumb\",\"itemListElement\":[{\"@type\":\"ListItem\",\"position\":1,\"name\":\"Portada\",\"item\":\"https:\\\/\\\/informelitoral.com.ar\\\/\"},{\"@type\":\"ListItem\",\"position\":2,\"name\":\"Macri y la inflaci\u00f3n: fuertes subas de hasta el 60% en los precios de alimentos\"}]},{\"@type\":\"WebSite\",\"@id\":\"https:\\\/\\\/informelitoral.com.ar\\\/#website\",\"url\":\"https:\\\/\\\/informelitoral.com.ar\\\/\",\"name\":\"Informe Litoral\",\"description\":\"&quot;Nos informamos&quot; \",\"publisher\":{\"@id\":\"https:\\\/\\\/informelitoral.com.ar\\\/#organization\"},\"potentialAction\":[{\"@type\":\"SearchAction\",\"target\":{\"@type\":\"EntryPoint\",\"urlTemplate\":\"https:\\\/\\\/informelitoral.com.ar\\\/?s={search_term_string}\"},\"query-input\":{\"@type\":\"PropertyValueSpecification\",\"valueRequired\":true,\"valueName\":\"search_term_string\"}}],\"inLanguage\":\"es\"},{\"@type\":\"Organization\",\"@id\":\"https:\\\/\\\/informelitoral.com.ar\\\/#organization\",\"name\":\"Informe Litoral\",\"url\":\"https:\\\/\\\/informelitoral.com.ar\\\/\",\"logo\":{\"@type\":\"ImageObject\",\"inLanguage\":\"es\",\"@id\":\"https:\\\/\\\/informelitoral.com.ar\\\/#\\\/schema\\\/logo\\\/image\\\/\",\"url\":\"https:\\\/\\\/informelitoral.com.ar\\\/%77%70%2d%63%6f%6e%74%65%6e%74\\\/uploads\\\/2021\\\/01\\\/circulo.png\",\"contentUrl\":\"https:\\\/\\\/informelitoral.com.ar\\\/%77%70%2d%63%6f%6e%74%65%6e%74\\\/uploads\\\/2021\\\/01\\\/circulo.png\",\"width\":723,\"height\":731,\"caption\":\"Informe Litoral\"},\"image\":{\"@id\":\"https:\\\/\\\/informelitoral.com.ar\\\/#\\\/schema\\\/logo\\\/image\\\/\"},\"sameAs\":[\"https:\\\/\\\/www.facebook.com\\\/informelitoral\\\/\",\"https:\\\/\\\/x.com\\\/InformeLitoral\",\"https:\\\/\\\/www.instagram.com\\\/informelitoral\\\/\",\"https:\\\/\\\/www.youtube.com\\\/channel\\\/UCua4Qvz8Icb6MYqhoq9xLXw\"]},{\"@type\":\"Person\",\"@id\":\"https:\\\/\\\/informelitoral.com.ar\\\/#\\\/schema\\\/person\\\/b9d00407c836482871ef1d57bf8e3180\",\"name\":\"Gonzalo Schmidt\",\"image\":{\"@type\":\"ImageObject\",\"inLanguage\":\"es\",\"@id\":\"https:\\\/\\\/secure.gravatar.com\\\/avatar\\\/31a1a7b66ff2de83bd0e9fd79d026630d2d99e55e8bfe501287647b4fd9743de?s=96&d=mm&r=g\",\"url\":\"https:\\\/\\\/secure.gravatar.com\\\/avatar\\\/31a1a7b66ff2de83bd0e9fd79d026630d2d99e55e8bfe501287647b4fd9743de?s=96&d=mm&r=g\",\"contentUrl\":\"https:\\\/\\\/secure.gravatar.com\\\/avatar\\\/31a1a7b66ff2de83bd0e9fd79d026630d2d99e55e8bfe501287647b4fd9743de?s=96&d=mm&r=g\",\"caption\":\"Gonzalo Schmidt\"},\"description\":\"Sitio web de noticias de la provincia de Entre R\u00edos, Argentina. Informaci\u00f3n y entretenimiento. Informe Litoral, nos informamos.\",\"sameAs\":[\"http:\\\/\\\/www.isletasnoticias.com.ar\"],\"url\":\"https:\\\/\\\/informelitoral.com.ar\\\/author\\\/gonzalo\\\/\"}]}<\/script>","yoast_head_json":{"title":"Macri y la inflaci\u00f3n: fuertes subas de hasta el 60% en los precios de alimentos - Informe Litoral","robots":{"index":"index","follow":"follow","max-snippet":"max-snippet:-1","max-image-preview":"max-image-preview:large","max-video-preview":"max-video-preview:-1"},"canonical":"https:\/\/informelitoral.com.ar\/macri-y-la-inflacion-fuertes-subas-de-hasta-el-60-en-los-precios-de-alimentos\/","og_locale":"es_ES","og_type":"article","og_title":"Macri y la inflaci\u00f3n: fuertes subas de hasta el 60% en los precios de alimentos - Informe Litoral","og_description":"La canasta alimentaria en Buenos Aires, tuvo un alza de 4,22% en diciembre, la m&aacute;s alta en casi dos a&ntilde;os. Los productos que quitaron del plan Precios Cuidados, entre los que m&aacute;s se encarecieron. La desregulaci&oacute;n de los precios impulsada por el Gobierno produjo una fuerte alza en los productos de la canasta b&aacute;sica. En [&hellip;]","og_url":"https:\/\/informelitoral.com.ar\/macri-y-la-inflacion-fuertes-subas-de-hasta-el-60-en-los-precios-de-alimentos\/","og_site_name":"Informe Litoral","article_publisher":"https:\/\/www.facebook.com\/informelitoral\/","article_published_time":"2016-01-20T13:45:59+00:00","article_modified_time":"2016-01-20T13:55:11+00:00","og_image":[{"width":770,"height":433,"url":"https:\/\/informelitoral.com.ar\/%77%70%2d%63%6f%6e%74%65%6e%74\/uploads\/2016\/01\/0010725985.jpg","type":"image\/jpeg"}],"author":"Gonzalo Schmidt","twitter_card":"summary_large_image","twitter_creator":"@InformeLitoral","twitter_site":"@InformeLitoral","twitter_misc":{"Escrito por":"Gonzalo Schmidt","Tiempo de lectura":"7 minutos"},"schema":{"@context":"https:\/\/schema.org","@graph":[{"@type":"Article","@id":"https:\/\/informelitoral.com.ar\/macri-y-la-inflacion-fuertes-subas-de-hasta-el-60-en-los-precios-de-alimentos\/#article","isPartOf":{"@id":"https:\/\/informelitoral.com.ar\/macri-y-la-inflacion-fuertes-subas-de-hasta-el-60-en-los-precios-de-alimentos\/"},"author":{"name":"Gonzalo Schmidt","@id":"https:\/\/informelitoral.com.ar\/#\/schema\/person\/b9d00407c836482871ef1d57bf8e3180"},"headline":"Macri y la inflaci\u00f3n: fuertes subas de hasta el 60% en los precios de alimentos","datePublished":"2016-01-20T13:45:59+00:00","dateModified":"2016-01-20T13:55:11+00:00","mainEntityOfPage":{"@id":"https:\/\/informelitoral.com.ar\/macri-y-la-inflacion-fuertes-subas-de-hasta-el-60-en-los-precios-de-alimentos\/"},"wordCount":1356,"commentCount":0,"publisher":{"@id":"https:\/\/informelitoral.com.ar\/#organization"},"image":{"@id":"https:\/\/informelitoral.com.ar\/macri-y-la-inflacion-fuertes-subas-de-hasta-el-60-en-los-precios-de-alimentos\/#primaryimage"},"thumbnailUrl":"http:\/\/www.isletasnoticias.com.ar\/%77%70%2d%63%6f%6e%74%65%6e%74\/uploads\/2016\/01\/0010725985.jpg","articleSection":["Nacionales","Politica"],"inLanguage":"es","potentialAction":[{"@type":"CommentAction","name":"Comment","target":["https:\/\/informelitoral.com.ar\/macri-y-la-inflacion-fuertes-subas-de-hasta-el-60-en-los-precios-de-alimentos\/#respond"]}]},{"@type":"WebPage","@id":"https:\/\/informelitoral.com.ar\/macri-y-la-inflacion-fuertes-subas-de-hasta-el-60-en-los-precios-de-alimentos\/","url":"https:\/\/informelitoral.com.ar\/macri-y-la-inflacion-fuertes-subas-de-hasta-el-60-en-los-precios-de-alimentos\/","name":"Macri y la inflaci\u00f3n: fuertes subas de hasta el 60% en los precios de alimentos - Informe Litoral","isPartOf":{"@id":"https:\/\/informelitoral.com.ar\/#website"},"primaryImageOfPage":{"@id":"https:\/\/informelitoral.com.ar\/macri-y-la-inflacion-fuertes-subas-de-hasta-el-60-en-los-precios-de-alimentos\/#primaryimage"},"image":{"@id":"https:\/\/informelitoral.com.ar\/macri-y-la-inflacion-fuertes-subas-de-hasta-el-60-en-los-precios-de-alimentos\/#primaryimage"},"thumbnailUrl":"http:\/\/www.isletasnoticias.com.ar\/%77%70%2d%63%6f%6e%74%65%6e%74\/uploads\/2016\/01\/0010725985.jpg","datePublished":"2016-01-20T13:45:59+00:00","dateModified":"2016-01-20T13:55:11+00:00","breadcrumb":{"@id":"https:\/\/informelitoral.com.ar\/macri-y-la-inflacion-fuertes-subas-de-hasta-el-60-en-los-precios-de-alimentos\/#breadcrumb"},"inLanguage":"es","potentialAction":[{"@type":"ReadAction","target":["https:\/\/informelitoral.com.ar\/macri-y-la-inflacion-fuertes-subas-de-hasta-el-60-en-los-precios-de-alimentos\/"]}]},{"@type":"ImageObject","inLanguage":"es","@id":"https:\/\/informelitoral.com.ar\/macri-y-la-inflacion-fuertes-subas-de-hasta-el-60-en-los-precios-de-alimentos\/#primaryimage","url":"http:\/\/www.isletasnoticias.com.ar\/%77%70%2d%63%6f%6e%74%65%6e%74\/uploads\/2016\/01\/0010725985.jpg","contentUrl":"http:\/\/www.isletasnoticias.com.ar\/%77%70%2d%63%6f%6e%74%65%6e%74\/uploads\/2016\/01\/0010725985.jpg"},{"@type":"BreadcrumbList","@id":"https:\/\/informelitoral.com.ar\/macri-y-la-inflacion-fuertes-subas-de-hasta-el-60-en-los-precios-de-alimentos\/#breadcrumb","itemListElement":[{"@type":"ListItem","position":1,"name":"Portada","item":"https:\/\/informelitoral.com.ar\/"},{"@type":"ListItem","position":2,"name":"Macri y la inflaci\u00f3n: fuertes subas de hasta el 60% en los precios de alimentos"}]},{"@type":"WebSite","@id":"https:\/\/informelitoral.com.ar\/#website","url":"https:\/\/informelitoral.com.ar\/","name":"Informe Litoral","description":"&quot;Nos informamos&quot; ","publisher":{"@id":"https:\/\/informelitoral.com.ar\/#organization"},"potentialAction":[{"@type":"SearchAction","target":{"@type":"EntryPoint","urlTemplate":"https:\/\/informelitoral.com.ar\/?s={search_term_string}"},"query-input":{"@type":"PropertyValueSpecification","valueRequired":true,"valueName":"search_term_string"}}],"inLanguage":"es"},{"@type":"Organization","@id":"https:\/\/informelitoral.com.ar\/#organization","name":"Informe Litoral","url":"https:\/\/informelitoral.com.ar\/","logo":{"@type":"ImageObject","inLanguage":"es","@id":"https:\/\/informelitoral.com.ar\/#\/schema\/logo\/image\/","url":"https:\/\/informelitoral.com.ar\/%77%70%2d%63%6f%6e%74%65%6e%74\/uploads\/2021\/01\/circulo.png","contentUrl":"https:\/\/informelitoral.com.ar\/%77%70%2d%63%6f%6e%74%65%6e%74\/uploads\/2021\/01\/circulo.png","width":723,"height":731,"caption":"Informe Litoral"},"image":{"@id":"https:\/\/informelitoral.com.ar\/#\/schema\/logo\/image\/"},"sameAs":["https:\/\/www.facebook.com\/informelitoral\/","https:\/\/x.com\/InformeLitoral","https:\/\/www.instagram.com\/informelitoral\/","https:\/\/www.youtube.com\/channel\/UCua4Qvz8Icb6MYqhoq9xLXw"]},{"@type":"Person","@id":"https:\/\/informelitoral.com.ar\/#\/schema\/person\/b9d00407c836482871ef1d57bf8e3180","name":"Gonzalo Schmidt","image":{"@type":"ImageObject","inLanguage":"es","@id":"https:\/\/secure.gravatar.com\/avatar\/31a1a7b66ff2de83bd0e9fd79d026630d2d99e55e8bfe501287647b4fd9743de?s=96&d=mm&r=g","url":"https:\/\/secure.gravatar.com\/avatar\/31a1a7b66ff2de83bd0e9fd79d026630d2d99e55e8bfe501287647b4fd9743de?s=96&d=mm&r=g","contentUrl":"https:\/\/secure.gravatar.com\/avatar\/31a1a7b66ff2de83bd0e9fd79d026630d2d99e55e8bfe501287647b4fd9743de?s=96&d=mm&r=g","caption":"Gonzalo Schmidt"},"description":"Sitio web de noticias de la provincia de Entre R\u00edos, Argentina. Informaci\u00f3n y entretenimiento. Informe Litoral, nos informamos.","sameAs":["http:\/\/www.isletasnoticias.com.ar"],"url":"https:\/\/informelitoral.com.ar\/author\/gonzalo\/"}]}},"_links":{"self":[{"href":"https:\/\/informelitoral.com.ar\/%77%70%2d%6a%73%6f%6e\/wp\/v2\/posts\/13373","targetHints":{"allow":["GET"]}}],"collection":[{"href":"https:\/\/informelitoral.com.ar\/%77%70%2d%6a%73%6f%6e\/wp\/v2\/posts"}],"about":[{"href":"https:\/\/informelitoral.com.ar\/%77%70%2d%6a%73%6f%6e\/wp\/v2\/types\/post"}],"author":[{"embeddable":true,"href":"https:\/\/informelitoral.com.ar\/%77%70%2d%6a%73%6f%6e\/wp\/v2\/users\/2"}],"replies":[{"embeddable":true,"href":"https:\/\/informelitoral.com.ar\/%77%70%2d%6a%73%6f%6e\/wp\/v2\/comments?post=13373"}],"version-history":[{"count":0,"href":"https:\/\/informelitoral.com.ar\/%77%70%2d%6a%73%6f%6e\/wp\/v2\/posts\/13373\/revisions"}],"wp:attachment":[{"href":"https:\/\/informelitoral.com.ar\/%77%70%2d%6a%73%6f%6e\/wp\/v2\/media?parent=13373"}],"wp:term":[{"taxonomy":"category","embeddable":true,"href":"https:\/\/informelitoral.com.ar\/%77%70%2d%6a%73%6f%6e\/wp\/v2\/categories?post=13373"},{"taxonomy":"post_tag","embeddable":true,"href":"https:\/\/informelitoral.com.ar\/%77%70%2d%6a%73%6f%6e\/wp\/v2\/tags?post=13373"}],"curies":[{"name":"wp","href":"https:\/\/api.w.org\/{rel}","templated":true}]}}