{"id":133013,"date":"2023-03-30T10:40:07","date_gmt":"2023-03-30T13:40:07","guid":{"rendered":"https:\/\/www.informelitoral.com.ar\/?p=133013"},"modified":"2023-03-30T10:40:07","modified_gmt":"2023-03-30T13:40:07","slug":"modifican-presupuesto-para-pagar-refuerzo-previsional-y-asistencia-por-sequia","status":"publish","type":"post","link":"https:\/\/informelitoral.com.ar\/modifican-presupuesto-para-pagar-refuerzo-previsional-y-asistencia-por-sequia\/","title":{"rendered":"Modifican Presupuesto para pagar refuerzo previsional y asistencia por sequ\u00eda"},"content":{"rendered":"<p>La Jefatura de Gabinete dispuso una modificaci\u00f3n en la distribuci\u00f3n de los gastos del Presupuesto 2023 que abarca a la mayor parte de la Administraci\u00f3n Central, principalmente para la atenci\u00f3n de recursos necesarios para el pago del refuerzo de $ 15.000 en marzo, abril y mayo para jubilados, pensionados y otros beneficiarios, adem\u00e1s de afrontar los costos de la emergencia agropecuaria y el programa de fortalecimiento para productores bovinos.<\/p>\n<p>La medida se dispuso a trav\u00e9s de las decisiones administrativas 241\/2023 y 242\/2023, publicadas hoy en el Bolet\u00edn Oficial, que en conjunto establecen un incremento del gasto corriente y de capital de $ 55.708.585.326, financiado parcialmente por aumentos de fondos, financiamiento de organismos internacionales y recursos remanentes de ejercicios anteriores, adem\u00e1s de reasignaciones entre jurisdicciones por traspasos de agentes.<\/p>\n<p>En la decisi\u00f3n administrativa 241 se destinan $ 400 millones al Ministerio de Desarrollo Social para la atenci\u00f3n de los programas Acciones de Acompa\u00f1amiento para el Egreso de J\u00f3venes sin Cuidados Parentales y Acciones de Reparaci\u00f3n de Derechos de Ni\u00f1as, Ni\u00f1os y Adolescentes Hijos de V\u00edctimas de Femicidio-Ley Brisa, financiados con un recorte equivalente de transferencias para asignaciones familiares.<\/p>\n<p>En la decisi\u00f3n administrativa 242, con un anexo de 78 fojas, el principal incremento de los cr\u00e9ditos presupuestarios corresponde al pago del refuerzo de ingreso previsional de $ 15.000 en marzo, abril y mayo de este a\u00f1o para jubilados y pensionados, beneficiarios de la Pensi\u00f3n Universal para el Adulto Mayor (PUAM) y de pensiones no contributivas por vejez, invalidez, madres de siete hijos o m\u00e1s y dem\u00e1s pensiones no contributivas y graciables a cargo de la Administraci\u00f3n Nacional de la Seguridad Social (Anses).<\/p>\n<p>El total de esa partida asciende a $ 80.000 millones, distribuidos entre la Anses ($ 60.000 millones) y la Agencia Nacional de Discapacidad ($ 20.000 millones).<\/p>\n<p>Asimismo, se incrementa en $ 14.976 millones los cr\u00e9ditos de la Secretar\u00eda de Agricultura \u00abcon el fin de avanzar con las acciones inherentes al Programa de Fortalecimiento Productivo Argentino para productores bovinos &#8211; Programa En Corral y para garantizar las actividades de apoyo a la emergencia agropecuaria\u00bb.<\/p>\n<p>Entre otros \u00edtems, se destinan $ 8.255.000 a la Defensor\u00eda del P\u00fablico de Servicios de Comunicaci\u00f3n Audiovisual, financiados con transferencias externas y se incorpora un saldo remanente de un mill\u00f3n de pesos de un pr\u00e9stamo del Banco Interamericano de Desarrollo (BID) al Consejo Nacional de Coordinaci\u00f3n de Pol\u00edticas Sociales.<\/p>\n<p>Se incorporan recursos de Unicef al Ministerio de Justicia para brindar el servicio de patrocinio jur\u00eddico y acompa\u00f1amiento interdisciplinario para ni\u00f1as, ni\u00f1os y adolescentes v\u00edctimas de abuso sexual.<\/p>\n<p>Se refuerza en $ 7.444.459.196 el presupuesto del Ministerio de Seguridad para atender los subsidios a las distintas asociaciones integrantes del Sistema Nacional de Bomberos Voluntarios, con la incorporaci\u00f3n de recursos afectados y remanentes.<\/p>\n","protected":false},"excerpt":{"rendered":"<p>El dinero es para el pago del refuerzo de $ 15.000 en marzo, abril y mayo para jubilados, pensionados y otros beneficiarios, adem\u00e1s de afrontar los costos de la emergencia agropecuaria.<\/p>\n","protected":false},"author":8,"featured_media":24481,"comment_status":"open","ping_status":"open","sticky":false,"template":"","format":"standard","meta":{"fifu_image_url":"","fifu_image_alt":"","footnotes":""},"categories":[1594],"tags":[],"class_list":{"0":"post-133013","1":"post","2":"type-post","3":"status-publish","4":"format-standard","5":"has-post-thumbnail","7":"category-economia"},"yoast_head":"<title>Modifican Presupuesto para pagar refuerzo previsional y asistencia por sequ\u00eda - Informe Litoral<\/title>\n<meta name=\"robots\" content=\"index, follow, max-snippet:-1, max-image-preview:large, max-video-preview:-1\" \/>\n<link rel=\"canonical\" href=\"https:\/\/informelitoral.com.ar\/modifican-presupuesto-para-pagar-refuerzo-previsional-y-asistencia-por-sequia\/\" \/>\n<meta property=\"og:locale\" content=\"es_ES\" \/>\n<meta property=\"og:type\" content=\"article\" \/>\n<meta property=\"og:title\" content=\"Modifican Presupuesto para pagar refuerzo previsional y asistencia por sequ\u00eda - Informe Litoral\" \/>\n<meta property=\"og:description\" content=\"El dinero es para el pago del refuerzo de $ 15.000 en marzo, abril y mayo para jubilados, pensionados y otros beneficiarios, adem\u00e1s de afrontar los costos de la emergencia agropecuaria.\" \/>\n<meta property=\"og:url\" content=\"https:\/\/informelitoral.com.ar\/modifican-presupuesto-para-pagar-refuerzo-previsional-y-asistencia-por-sequia\/\" \/>\n<meta property=\"og:site_name\" content=\"Informe Litoral\" \/>\n<meta property=\"article:publisher\" content=\"https:\/\/www.facebook.com\/informelitoral\/\" \/>\n<meta property=\"article:published_time\" content=\"2023-03-30T13:40:07+00:00\" \/>\n<meta property=\"og:image\" content=\"https:\/\/informelitoral.com.ar\/%77%70%2d%63%6f%6e%74%65%6e%74\/uploads\/2018\/01\/anses_39_0_0.jpg\" \/>\n\t<meta property=\"og:image:width\" content=\"1020\" \/>\n\t<meta property=\"og:image:height\" content=\"560\" \/>\n\t<meta property=\"og:image:type\" content=\"image\/jpeg\" \/>\n<meta name=\"author\" content=\"Sebastian\" \/>\n<meta name=\"twitter:card\" content=\"summary_large_image\" \/>\n<meta name=\"twitter:creator\" content=\"@InformeLitoral\" \/>\n<meta name=\"twitter:site\" content=\"@InformeLitoral\" \/>\n<meta name=\"twitter:label1\" content=\"Escrito por\" \/>\n\t<meta name=\"twitter:data1\" content=\"Sebastian\" \/>\n\t<meta name=\"twitter:label2\" content=\"Tiempo de lectura\" \/>\n\t<meta name=\"twitter:data2\" content=\"2 minutos\" \/>\n<script type=\"application\/ld+json\" class=\"yoast-schema-graph\">{\"@context\":\"https:\\\/\\\/schema.org\",\"@graph\":[{\"@type\":\"Article\",\"@id\":\"https:\\\/\\\/informelitoral.com.ar\\\/modifican-presupuesto-para-pagar-refuerzo-previsional-y-asistencia-por-sequia\\\/#article\",\"isPartOf\":{\"@id\":\"https:\\\/\\\/informelitoral.com.ar\\\/modifican-presupuesto-para-pagar-refuerzo-previsional-y-asistencia-por-sequia\\\/\"},\"author\":{\"name\":\"Sebastian\",\"@id\":\"https:\\\/\\\/informelitoral.com.ar\\\/#\\\/schema\\\/person\\\/f05f9f461677119578717524b127d6d5\"},\"headline\":\"Modifican Presupuesto para pagar refuerzo previsional y asistencia por sequ\u00eda\",\"datePublished\":\"2023-03-30T13:40:07+00:00\",\"mainEntityOfPage\":{\"@id\":\"https:\\\/\\\/informelitoral.com.ar\\\/modifican-presupuesto-para-pagar-refuerzo-previsional-y-asistencia-por-sequia\\\/\"},\"wordCount\":477,\"commentCount\":0,\"publisher\":{\"@id\":\"https:\\\/\\\/informelitoral.com.ar\\\/#organization\"},\"image\":{\"@id\":\"https:\\\/\\\/informelitoral.com.ar\\\/modifican-presupuesto-para-pagar-refuerzo-previsional-y-asistencia-por-sequia\\\/#primaryimage\"},\"thumbnailUrl\":\"https:\\\/\\\/informelitoral.com.ar\\\/%77%70%2d%63%6f%6e%74%65%6e%74\\\/uploads\\\/2018\\\/01\\\/anses_39_0_0.jpg\",\"articleSection\":[\"Econom\u00eda\"],\"inLanguage\":\"es\",\"potentialAction\":[{\"@type\":\"CommentAction\",\"name\":\"Comment\",\"target\":[\"https:\\\/\\\/informelitoral.com.ar\\\/modifican-presupuesto-para-pagar-refuerzo-previsional-y-asistencia-por-sequia\\\/#respond\"]}]},{\"@type\":\"WebPage\",\"@id\":\"https:\\\/\\\/informelitoral.com.ar\\\/modifican-presupuesto-para-pagar-refuerzo-previsional-y-asistencia-por-sequia\\\/\",\"url\":\"https:\\\/\\\/informelitoral.com.ar\\\/modifican-presupuesto-para-pagar-refuerzo-previsional-y-asistencia-por-sequia\\\/\",\"name\":\"Modifican Presupuesto para pagar refuerzo previsional y asistencia por sequ\u00eda - Informe Litoral\",\"isPartOf\":{\"@id\":\"https:\\\/\\\/informelitoral.com.ar\\\/#website\"},\"primaryImageOfPage\":{\"@id\":\"https:\\\/\\\/informelitoral.com.ar\\\/modifican-presupuesto-para-pagar-refuerzo-previsional-y-asistencia-por-sequia\\\/#primaryimage\"},\"image\":{\"@id\":\"https:\\\/\\\/informelitoral.com.ar\\\/modifican-presupuesto-para-pagar-refuerzo-previsional-y-asistencia-por-sequia\\\/#primaryimage\"},\"thumbnailUrl\":\"https:\\\/\\\/informelitoral.com.ar\\\/%77%70%2d%63%6f%6e%74%65%6e%74\\\/uploads\\\/2018\\\/01\\\/anses_39_0_0.jpg\",\"datePublished\":\"2023-03-30T13:40:07+00:00\",\"breadcrumb\":{\"@id\":\"https:\\\/\\\/informelitoral.com.ar\\\/modifican-presupuesto-para-pagar-refuerzo-previsional-y-asistencia-por-sequia\\\/#breadcrumb\"},\"inLanguage\":\"es\",\"potentialAction\":[{\"@type\":\"ReadAction\",\"target\":[\"https:\\\/\\\/informelitoral.com.ar\\\/modifican-presupuesto-para-pagar-refuerzo-previsional-y-asistencia-por-sequia\\\/\"]}]},{\"@type\":\"ImageObject\",\"inLanguage\":\"es\",\"@id\":\"https:\\\/\\\/informelitoral.com.ar\\\/modifican-presupuesto-para-pagar-refuerzo-previsional-y-asistencia-por-sequia\\\/#primaryimage\",\"url\":\"https:\\\/\\\/informelitoral.com.ar\\\/%77%70%2d%63%6f%6e%74%65%6e%74\\\/uploads\\\/2018\\\/01\\\/anses_39_0_0.jpg\",\"contentUrl\":\"https:\\\/\\\/informelitoral.com.ar\\\/%77%70%2d%63%6f%6e%74%65%6e%74\\\/uploads\\\/2018\\\/01\\\/anses_39_0_0.jpg\",\"width\":1020,\"height\":560},{\"@type\":\"BreadcrumbList\",\"@id\":\"https:\\\/\\\/informelitoral.com.ar\\\/modifican-presupuesto-para-pagar-refuerzo-previsional-y-asistencia-por-sequia\\\/#breadcrumb\",\"itemListElement\":[{\"@type\":\"ListItem\",\"position\":1,\"name\":\"Portada\",\"item\":\"https:\\\/\\\/informelitoral.com.ar\\\/\"},{\"@type\":\"ListItem\",\"position\":2,\"name\":\"Modifican Presupuesto para pagar refuerzo previsional y asistencia por sequ\u00eda\"}]},{\"@type\":\"WebSite\",\"@id\":\"https:\\\/\\\/informelitoral.com.ar\\\/#website\",\"url\":\"https:\\\/\\\/informelitoral.com.ar\\\/\",\"name\":\"Informe Litoral\",\"description\":\"&quot;Nos informamos&quot; \",\"publisher\":{\"@id\":\"https:\\\/\\\/informelitoral.com.ar\\\/#organization\"},\"potentialAction\":[{\"@type\":\"SearchAction\",\"target\":{\"@type\":\"EntryPoint\",\"urlTemplate\":\"https:\\\/\\\/informelitoral.com.ar\\\/?s={search_term_string}\"},\"query-input\":{\"@type\":\"PropertyValueSpecification\",\"valueRequired\":true,\"valueName\":\"search_term_string\"}}],\"inLanguage\":\"es\"},{\"@type\":\"Organization\",\"@id\":\"https:\\\/\\\/informelitoral.com.ar\\\/#organization\",\"name\":\"Informe Litoral\",\"url\":\"https:\\\/\\\/informelitoral.com.ar\\\/\",\"logo\":{\"@type\":\"ImageObject\",\"inLanguage\":\"es\",\"@id\":\"https:\\\/\\\/informelitoral.com.ar\\\/#\\\/schema\\\/logo\\\/image\\\/\",\"url\":\"https:\\\/\\\/informelitoral.com.ar\\\/%77%70%2d%63%6f%6e%74%65%6e%74\\\/uploads\\\/2021\\\/01\\\/circulo.png\",\"contentUrl\":\"https:\\\/\\\/informelitoral.com.ar\\\/%77%70%2d%63%6f%6e%74%65%6e%74\\\/uploads\\\/2021\\\/01\\\/circulo.png\",\"width\":723,\"height\":731,\"caption\":\"Informe Litoral\"},\"image\":{\"@id\":\"https:\\\/\\\/informelitoral.com.ar\\\/#\\\/schema\\\/logo\\\/image\\\/\"},\"sameAs\":[\"https:\\\/\\\/www.facebook.com\\\/informelitoral\\\/\",\"https:\\\/\\\/x.com\\\/InformeLitoral\",\"https:\\\/\\\/www.instagram.com\\\/informelitoral\\\/\",\"https:\\\/\\\/www.youtube.com\\\/channel\\\/UCua4Qvz8Icb6MYqhoq9xLXw\"]},{\"@type\":\"Person\",\"@id\":\"https:\\\/\\\/informelitoral.com.ar\\\/#\\\/schema\\\/person\\\/f05f9f461677119578717524b127d6d5\",\"name\":\"Sebastian\",\"image\":{\"@type\":\"ImageObject\",\"inLanguage\":\"es\",\"@id\":\"https:\\\/\\\/secure.gravatar.com\\\/avatar\\\/b71bf7481d447dfb9583c7f2798e7cc64de6efb9067b74633ed8c31059a3bd82?s=96&d=mm&r=g\",\"url\":\"https:\\\/\\\/secure.gravatar.com\\\/avatar\\\/b71bf7481d447dfb9583c7f2798e7cc64de6efb9067b74633ed8c31059a3bd82?s=96&d=mm&r=g\",\"contentUrl\":\"https:\\\/\\\/secure.gravatar.com\\\/avatar\\\/b71bf7481d447dfb9583c7f2798e7cc64de6efb9067b74633ed8c31059a3bd82?s=96&d=mm&r=g\",\"caption\":\"Sebastian\"},\"url\":\"https:\\\/\\\/informelitoral.com.ar\\\/author\\\/sebastian\\\/\"}]}<\/script>","yoast_head_json":{"title":"Modifican Presupuesto para pagar refuerzo previsional y asistencia por sequ\u00eda - Informe Litoral","robots":{"index":"index","follow":"follow","max-snippet":"max-snippet:-1","max-image-preview":"max-image-preview:large","max-video-preview":"max-video-preview:-1"},"canonical":"https:\/\/informelitoral.com.ar\/modifican-presupuesto-para-pagar-refuerzo-previsional-y-asistencia-por-sequia\/","og_locale":"es_ES","og_type":"article","og_title":"Modifican Presupuesto para pagar refuerzo previsional y asistencia por sequ\u00eda - Informe Litoral","og_description":"El dinero es para el pago del refuerzo de $ 15.000 en marzo, abril y mayo para jubilados, pensionados y otros beneficiarios, adem\u00e1s de afrontar los costos de la emergencia agropecuaria.","og_url":"https:\/\/informelitoral.com.ar\/modifican-presupuesto-para-pagar-refuerzo-previsional-y-asistencia-por-sequia\/","og_site_name":"Informe Litoral","article_publisher":"https:\/\/www.facebook.com\/informelitoral\/","article_published_time":"2023-03-30T13:40:07+00:00","og_image":[{"width":1020,"height":560,"url":"https:\/\/informelitoral.com.ar\/%77%70%2d%63%6f%6e%74%65%6e%74\/uploads\/2018\/01\/anses_39_0_0.jpg","type":"image\/jpeg"}],"author":"Sebastian","twitter_card":"summary_large_image","twitter_creator":"@InformeLitoral","twitter_site":"@InformeLitoral","twitter_misc":{"Escrito por":"Sebastian","Tiempo de lectura":"2 minutos"},"schema":{"@context":"https:\/\/schema.org","@graph":[{"@type":"Article","@id":"https:\/\/informelitoral.com.ar\/modifican-presupuesto-para-pagar-refuerzo-previsional-y-asistencia-por-sequia\/#article","isPartOf":{"@id":"https:\/\/informelitoral.com.ar\/modifican-presupuesto-para-pagar-refuerzo-previsional-y-asistencia-por-sequia\/"},"author":{"name":"Sebastian","@id":"https:\/\/informelitoral.com.ar\/#\/schema\/person\/f05f9f461677119578717524b127d6d5"},"headline":"Modifican Presupuesto para pagar refuerzo previsional y asistencia por sequ\u00eda","datePublished":"2023-03-30T13:40:07+00:00","mainEntityOfPage":{"@id":"https:\/\/informelitoral.com.ar\/modifican-presupuesto-para-pagar-refuerzo-previsional-y-asistencia-por-sequia\/"},"wordCount":477,"commentCount":0,"publisher":{"@id":"https:\/\/informelitoral.com.ar\/#organization"},"image":{"@id":"https:\/\/informelitoral.com.ar\/modifican-presupuesto-para-pagar-refuerzo-previsional-y-asistencia-por-sequia\/#primaryimage"},"thumbnailUrl":"https:\/\/informelitoral.com.ar\/%77%70%2d%63%6f%6e%74%65%6e%74\/uploads\/2018\/01\/anses_39_0_0.jpg","articleSection":["Econom\u00eda"],"inLanguage":"es","potentialAction":[{"@type":"CommentAction","name":"Comment","target":["https:\/\/informelitoral.com.ar\/modifican-presupuesto-para-pagar-refuerzo-previsional-y-asistencia-por-sequia\/#respond"]}]},{"@type":"WebPage","@id":"https:\/\/informelitoral.com.ar\/modifican-presupuesto-para-pagar-refuerzo-previsional-y-asistencia-por-sequia\/","url":"https:\/\/informelitoral.com.ar\/modifican-presupuesto-para-pagar-refuerzo-previsional-y-asistencia-por-sequia\/","name":"Modifican Presupuesto para pagar refuerzo previsional y asistencia por sequ\u00eda - Informe Litoral","isPartOf":{"@id":"https:\/\/informelitoral.com.ar\/#website"},"primaryImageOfPage":{"@id":"https:\/\/informelitoral.com.ar\/modifican-presupuesto-para-pagar-refuerzo-previsional-y-asistencia-por-sequia\/#primaryimage"},"image":{"@id":"https:\/\/informelitoral.com.ar\/modifican-presupuesto-para-pagar-refuerzo-previsional-y-asistencia-por-sequia\/#primaryimage"},"thumbnailUrl":"https:\/\/informelitoral.com.ar\/%77%70%2d%63%6f%6e%74%65%6e%74\/uploads\/2018\/01\/anses_39_0_0.jpg","datePublished":"2023-03-30T13:40:07+00:00","breadcrumb":{"@id":"https:\/\/informelitoral.com.ar\/modifican-presupuesto-para-pagar-refuerzo-previsional-y-asistencia-por-sequia\/#breadcrumb"},"inLanguage":"es","potentialAction":[{"@type":"ReadAction","target":["https:\/\/informelitoral.com.ar\/modifican-presupuesto-para-pagar-refuerzo-previsional-y-asistencia-por-sequia\/"]}]},{"@type":"ImageObject","inLanguage":"es","@id":"https:\/\/informelitoral.com.ar\/modifican-presupuesto-para-pagar-refuerzo-previsional-y-asistencia-por-sequia\/#primaryimage","url":"https:\/\/informelitoral.com.ar\/%77%70%2d%63%6f%6e%74%65%6e%74\/uploads\/2018\/01\/anses_39_0_0.jpg","contentUrl":"https:\/\/informelitoral.com.ar\/%77%70%2d%63%6f%6e%74%65%6e%74\/uploads\/2018\/01\/anses_39_0_0.jpg","width":1020,"height":560},{"@type":"BreadcrumbList","@id":"https:\/\/informelitoral.com.ar\/modifican-presupuesto-para-pagar-refuerzo-previsional-y-asistencia-por-sequia\/#breadcrumb","itemListElement":[{"@type":"ListItem","position":1,"name":"Portada","item":"https:\/\/informelitoral.com.ar\/"},{"@type":"ListItem","position":2,"name":"Modifican Presupuesto para pagar refuerzo previsional y asistencia por sequ\u00eda"}]},{"@type":"WebSite","@id":"https:\/\/informelitoral.com.ar\/#website","url":"https:\/\/informelitoral.com.ar\/","name":"Informe Litoral","description":"&quot;Nos informamos&quot; ","publisher":{"@id":"https:\/\/informelitoral.com.ar\/#organization"},"potentialAction":[{"@type":"SearchAction","target":{"@type":"EntryPoint","urlTemplate":"https:\/\/informelitoral.com.ar\/?s={search_term_string}"},"query-input":{"@type":"PropertyValueSpecification","valueRequired":true,"valueName":"search_term_string"}}],"inLanguage":"es"},{"@type":"Organization","@id":"https:\/\/informelitoral.com.ar\/#organization","name":"Informe Litoral","url":"https:\/\/informelitoral.com.ar\/","logo":{"@type":"ImageObject","inLanguage":"es","@id":"https:\/\/informelitoral.com.ar\/#\/schema\/logo\/image\/","url":"https:\/\/informelitoral.com.ar\/%77%70%2d%63%6f%6e%74%65%6e%74\/uploads\/2021\/01\/circulo.png","contentUrl":"https:\/\/informelitoral.com.ar\/%77%70%2d%63%6f%6e%74%65%6e%74\/uploads\/2021\/01\/circulo.png","width":723,"height":731,"caption":"Informe Litoral"},"image":{"@id":"https:\/\/informelitoral.com.ar\/#\/schema\/logo\/image\/"},"sameAs":["https:\/\/www.facebook.com\/informelitoral\/","https:\/\/x.com\/InformeLitoral","https:\/\/www.instagram.com\/informelitoral\/","https:\/\/www.youtube.com\/channel\/UCua4Qvz8Icb6MYqhoq9xLXw"]},{"@type":"Person","@id":"https:\/\/informelitoral.com.ar\/#\/schema\/person\/f05f9f461677119578717524b127d6d5","name":"Sebastian","image":{"@type":"ImageObject","inLanguage":"es","@id":"https:\/\/secure.gravatar.com\/avatar\/b71bf7481d447dfb9583c7f2798e7cc64de6efb9067b74633ed8c31059a3bd82?s=96&d=mm&r=g","url":"https:\/\/secure.gravatar.com\/avatar\/b71bf7481d447dfb9583c7f2798e7cc64de6efb9067b74633ed8c31059a3bd82?s=96&d=mm&r=g","contentUrl":"https:\/\/secure.gravatar.com\/avatar\/b71bf7481d447dfb9583c7f2798e7cc64de6efb9067b74633ed8c31059a3bd82?s=96&d=mm&r=g","caption":"Sebastian"},"url":"https:\/\/informelitoral.com.ar\/author\/sebastian\/"}]}},"_links":{"self":[{"href":"https:\/\/informelitoral.com.ar\/%77%70%2d%6a%73%6f%6e\/wp\/v2\/posts\/133013","targetHints":{"allow":["GET"]}}],"collection":[{"href":"https:\/\/informelitoral.com.ar\/%77%70%2d%6a%73%6f%6e\/wp\/v2\/posts"}],"about":[{"href":"https:\/\/informelitoral.com.ar\/%77%70%2d%6a%73%6f%6e\/wp\/v2\/types\/post"}],"author":[{"embeddable":true,"href":"https:\/\/informelitoral.com.ar\/%77%70%2d%6a%73%6f%6e\/wp\/v2\/users\/8"}],"replies":[{"embeddable":true,"href":"https:\/\/informelitoral.com.ar\/%77%70%2d%6a%73%6f%6e\/wp\/v2\/comments?post=133013"}],"version-history":[{"count":0,"href":"https:\/\/informelitoral.com.ar\/%77%70%2d%6a%73%6f%6e\/wp\/v2\/posts\/133013\/revisions"}],"wp:featuredmedia":[{"embeddable":true,"href":"https:\/\/informelitoral.com.ar\/%77%70%2d%6a%73%6f%6e\/wp\/v2\/media\/24481"}],"wp:attachment":[{"href":"https:\/\/informelitoral.com.ar\/%77%70%2d%6a%73%6f%6e\/wp\/v2\/media?parent=133013"}],"wp:term":[{"taxonomy":"category","embeddable":true,"href":"https:\/\/informelitoral.com.ar\/%77%70%2d%6a%73%6f%6e\/wp\/v2\/categories?post=133013"},{"taxonomy":"post_tag","embeddable":true,"href":"https:\/\/informelitoral.com.ar\/%77%70%2d%6a%73%6f%6e\/wp\/v2\/tags?post=133013"}],"curies":[{"name":"wp","href":"https:\/\/api.w.org\/{rel}","templated":true}]}}