{"id":132941,"date":"2023-03-30T08:38:48","date_gmt":"2023-03-30T11:38:48","guid":{"rendered":"https:\/\/www.informelitoral.com.ar\/?p=132941"},"modified":"2023-03-30T08:38:48","modified_gmt":"2023-03-30T11:38:48","slug":"el-kun-aguero-sufrio-una-arritmia-en-vivo-en-un-stream-con-ibai-llanos","status":"publish","type":"post","link":"https:\/\/informelitoral.com.ar\/el-kun-aguero-sufrio-una-arritmia-en-vivo-en-un-stream-con-ibai-llanos\/","title":{"rendered":"El Kun Ag\u00fcero sufri\u00f3 una arritmia en vivo en un stream con Ibai Llanos"},"content":{"rendered":"<p>Sergio Ag\u00fcero fue protagonista de un desafortunado episodio mientras compart\u00eda una transmisi\u00f3n de Twitch junto al reconocido streamer espa\u00f1ol Ibai Llanos. El ex delantero del Barcelona sufri\u00f3 una \u201cmini arritmia\u201d, como \u00e9l mismo lo defini\u00f3, y utiliz\u00f3 su celular para chequear su salud.<\/p>\n<p>\u201cNo es mala. Estoy pensando que por ah\u00ed Clara es la picante, \u00bfSabes que s\u00ed?\u201d, le comentaba el argentino a Ibai antes de frenar su mon\u00f3logo para tomarse el pecho. \u201cEy Kuni, son las dos de la ma\u00f1ana\u201d, le replic\u00f3 su compa\u00f1ero mientras se daba cuenta que algo extra\u00f1o estaba sucediendo.<\/p>\n<p>Al ver que el \u00eddolo del Manchester City no contestaba ni segu\u00eda la conversaci\u00f3n le pregunt\u00f3 que pasaba. \u201cUff, creo que&#8230; (Chequea su celular) creo que me agarr\u00f3 una mini arritmia\u201d, le confes\u00f3. En ese momento, la cara del youtuber de 28 a\u00f1os cambi\u00f3 radicalmente: \u201c\u00bfAhora mismo? \u00bfQuieres que veamos a un m\u00e9dico?\u201d.<\/p>\n<p>\u201cNo, no\u201d, le asegur\u00f3 el Kun mientras se tomaba el pulso. \u201cNo, porque tengo un chip, y me va a detectar&#8230; mandar\u00eda la se\u00f1al, porque capaz que es algo que pienso yo\u201d, a\u00f1adi\u00f3.<\/p>\n<p>En un ambiente tenso, ambos se olvidaron que estaban transmitiendo en vivo y se quedaron chequeando los datos en el celular: \u201cFue raro, fue raro eh\u201d, consider\u00f3 Ag\u00fcero sobre lo que acababa de sentir. \u201cPuede ser que de tanto pensar en eso, se me aceler\u00f3 un poco y se baj\u00f3, no s\u00e9\u201d, continu\u00f3.<\/p>\n<p>\u201cFue raro, sent\u00ed algo raro, como fuera de circuito&#8230; mir\u00e1 si me estoy muriendo\u201d, intent\u00f3 bromear en ese momento para descontracturar. \u201c\u00bfCerramos el directo?\u201d, le propuso Ibai. \u201cAhora cerramos, no pasa nada. Pero la gente quiere esperar&#8230;\u201d. Segundos despu\u00e9s el presentador espa\u00f1ol decidi\u00f3 cortar con la transmisi\u00f3n.<\/p>\n<p>Cabe recordar que durante el Mundial de Qatar, Ag\u00fcero dio detalles del chip que lleva en su cuerpo desde que se le detect\u00f3 su problema card\u00edaco. En una transmisi\u00f3n en directo junto a Lionel Messi y el Papu G\u00f3mez, el Kun contaba: \u201cAc\u00e1 tengo el chip, me abrieron ac\u00e1 y el chip es as\u00ed de grande. Pod\u00e9s creer que el m\u00e9dico me mand\u00f3 un mensaje que tuve una arritmia ventricular el 8 de junio. \u00bfAhora me dec\u00eds? Pasaron seis meses. Empec\u00e9 a mirar los chats y ese d\u00eda jugu\u00e9 a la pelota\u201d.<\/p>\n<p>\u201c\u00bfTe controla el m\u00e9dico?\u201d, le pregunt\u00f3 La Pulga. \u201cYo tengo un polar que me marca una gr\u00e1fica y ellos ven si va bien o si hay alg\u00fan corte\u201d, contest\u00f3 el ex jugador de la selecci\u00f3n argentina mientras se levantaba la remera para mostrar la cicatriz que le qued\u00f3 por la operaci\u00f3n. Messi sigui\u00f3 averiguando sobre el tema: \u201c\u00bfContinuamente est\u00e1s con el m\u00e9dico? \u00bfO de vez en cuando?\u201d.<\/p>\n<p>Para cerrar, el Kun detall\u00f3 sobre su situaci\u00f3n. \u201cCada tanto voy a correr o a jugar a la pelota. Ahora iba a jugar y se suspendi\u00f3. Ah\u00ed me pongo el polar y despu\u00e9s le mando. Pero igual estoy bien, en alg\u00fan momento cantaremos flor. Esperemos que no sea ahora\u201d, concluy\u00f3.<\/p>\n<p>Los antecedentes de salud del Kun Ag\u00fcero<br \/>\nEl ex delantero de 34 a\u00f1os sufri\u00f3 una arritmia card\u00edaca durante el partido que se desarroll\u00f3 el pasado 30 de octubre del 2021 frente al Alaves por la liga espa\u00f1ola. En ese momento, tras saltar en una pelota dividida se tom\u00f3 el pecho y alert\u00f3 al \u00e1rbitro de lo que estaba sucediendo. Finalmente, abandon\u00f3 el campo ante la incertidumbre de todos los presentes.<\/p>\n<p>Casi tres meses despu\u00e9s, alejado de las canchas y con ex\u00e1menes m\u00e9dicos pr\u00e1cticamente diarios, el argentino anunciaba su retiro oficial del mundo del f\u00fatbol profesional. El anuncio tuvo lugar en un acto celebrado en la tribuna del Camp Nou al que asistieron, entre otros, el presidente de la entidad catalana, Joan Laporta, los jugadores de la primera plantilla del Barcelona, y Pep Guardiola, entrenador del Manchester City, club en el que Ag\u00fcero milit\u00f3 entre los a\u00f1os 2011 y 2021.<\/p>\n<p>Durante ese per\u00edodo, su m\u00e9dico cardi\u00f3logo Roberto Peidr\u00f3 neg\u00f3 que su afecci\u00f3n haya sido causada por la vacuna del coronavirus. \u201cEl COVID-19 no tuvo nada que ver, la vacuna del COVID-19 tampoco tuvo nada que ver. Absolutamente nada que ver\u201d, afirmaba el profesional de la salud que asiste al futbolista desde el 2004.<\/p>\n<p>El m\u00e9dico explic\u00f3 que despu\u00e9s de que Ag\u00fcero, de 33 a\u00f1os, se sintiera mal en la cancha el 30 de octubre, se le realizaron estudios y se le detect\u00f3 que \u201ctiene en una zonita del coraz\u00f3n una muy peque\u00f1a cicatriz, de menos de un mil\u00edmetro, por el que hace como un cortocircuito y larga esas arritmias\u201d.<\/p>\n<p>\u201cLo que se le hizo con un cateterismo es quemarle esa zona de donde sal\u00edan las arritmias, pensamos que esto va a andar muy bien y va a solucionar el tema pero la cicatriz la va a seguir teniendo\u201d, indicaba el cardi\u00f3logo, con el consentimiento del ex futbolista. \u201cLe aconsejamos que no deber\u00eda hacer un deporte de alto rendimiento que implique un estr\u00e9s f\u00edsico y mental tan importante durante varias horas al d\u00eda\u201d, coment\u00f3.<\/p>\n<p>\u201cPuede hacer deportes, va a hacer una vida normal de cualquier persona normal pero los futbolistas viven otra vida\u201d, advirti\u00f3 en di\u00e1logo con Radio Millenium.<\/p>\n<p>Infobae<\/p>\n","protected":false},"excerpt":{"rendered":"<p>Preocupado por la situaci\u00f3n, el influencer detuvo el directo mientras que los seguidores aseguraban que ve\u00edan \u201craro\u201d al ex jugador de la Selecci\u00f3n<\/p>\n","protected":false},"author":8,"featured_media":132934,"comment_status":"open","ping_status":"open","sticky":false,"template":"","format":"standard","meta":{"fifu_image_url":"","fifu_image_alt":"","footnotes":""},"categories":[13],"tags":[],"class_list":{"0":"post-132941","1":"post","2":"type-post","3":"status-publish","4":"format-standard","5":"has-post-thumbnail","7":"category-deportes"},"yoast_head":"<title>El Kun Ag\u00fcero sufri\u00f3 una arritmia en vivo en un stream con Ibai Llanos - Informe Litoral<\/title>\n<meta name=\"robots\" content=\"index, follow, max-snippet:-1, max-image-preview:large, max-video-preview:-1\" \/>\n<link rel=\"canonical\" href=\"https:\/\/informelitoral.com.ar\/el-kun-aguero-sufrio-una-arritmia-en-vivo-en-un-stream-con-ibai-llanos\/\" \/>\n<meta property=\"og:locale\" content=\"es_ES\" \/>\n<meta property=\"og:type\" content=\"article\" \/>\n<meta property=\"og:title\" content=\"El Kun Ag\u00fcero sufri\u00f3 una arritmia en vivo en un stream con Ibai Llanos - Informe Litoral\" \/>\n<meta property=\"og:description\" content=\"Preocupado por la situaci\u00f3n, el influencer detuvo el directo mientras que los seguidores aseguraban que ve\u00edan \u201craro\u201d al ex jugador de la Selecci\u00f3n\" \/>\n<meta property=\"og:url\" content=\"https:\/\/informelitoral.com.ar\/el-kun-aguero-sufrio-una-arritmia-en-vivo-en-un-stream-con-ibai-llanos\/\" \/>\n<meta property=\"og:site_name\" content=\"Informe Litoral\" \/>\n<meta property=\"article:publisher\" content=\"https:\/\/www.facebook.com\/informelitoral\/\" \/>\n<meta property=\"article:published_time\" content=\"2023-03-30T11:38:48+00:00\" \/>\n<meta property=\"og:image\" content=\"https:\/\/informelitoral.com.ar\/%77%70%2d%63%6f%6e%74%65%6e%74\/uploads\/2023\/03\/371.jpg\" \/>\n\t<meta property=\"og:image:width\" content=\"659\" \/>\n\t<meta property=\"og:image:height\" content=\"371\" \/>\n\t<meta property=\"og:image:type\" content=\"image\/jpeg\" \/>\n<meta name=\"author\" content=\"Sebastian\" \/>\n<meta name=\"twitter:card\" content=\"summary_large_image\" \/>\n<meta name=\"twitter:creator\" content=\"@InformeLitoral\" \/>\n<meta name=\"twitter:site\" content=\"@InformeLitoral\" \/>\n<meta name=\"twitter:label1\" content=\"Escrito por\" \/>\n\t<meta name=\"twitter:data1\" content=\"Sebastian\" \/>\n\t<meta name=\"twitter:label2\" content=\"Tiempo de lectura\" \/>\n\t<meta name=\"twitter:data2\" content=\"5 minutos\" \/>\n<script type=\"application\/ld+json\" class=\"yoast-schema-graph\">{\"@context\":\"https:\\\/\\\/schema.org\",\"@graph\":[{\"@type\":\"Article\",\"@id\":\"https:\\\/\\\/informelitoral.com.ar\\\/el-kun-aguero-sufrio-una-arritmia-en-vivo-en-un-stream-con-ibai-llanos\\\/#article\",\"isPartOf\":{\"@id\":\"https:\\\/\\\/informelitoral.com.ar\\\/el-kun-aguero-sufrio-una-arritmia-en-vivo-en-un-stream-con-ibai-llanos\\\/\"},\"author\":{\"name\":\"Sebastian\",\"@id\":\"https:\\\/\\\/informelitoral.com.ar\\\/#\\\/schema\\\/person\\\/f05f9f461677119578717524b127d6d5\"},\"headline\":\"El Kun Ag\u00fcero sufri\u00f3 una arritmia en vivo en un stream con Ibai Llanos\",\"datePublished\":\"2023-03-30T11:38:48+00:00\",\"mainEntityOfPage\":{\"@id\":\"https:\\\/\\\/informelitoral.com.ar\\\/el-kun-aguero-sufrio-una-arritmia-en-vivo-en-un-stream-con-ibai-llanos\\\/\"},\"wordCount\":918,\"commentCount\":0,\"publisher\":{\"@id\":\"https:\\\/\\\/informelitoral.com.ar\\\/#organization\"},\"image\":{\"@id\":\"https:\\\/\\\/informelitoral.com.ar\\\/el-kun-aguero-sufrio-una-arritmia-en-vivo-en-un-stream-con-ibai-llanos\\\/#primaryimage\"},\"thumbnailUrl\":\"https:\\\/\\\/informelitoral.com.ar\\\/%77%70%2d%63%6f%6e%74%65%6e%74\\\/uploads\\\/2023\\\/03\\\/371.jpg\",\"articleSection\":[\"Deportes\"],\"inLanguage\":\"es\",\"potentialAction\":[{\"@type\":\"CommentAction\",\"name\":\"Comment\",\"target\":[\"https:\\\/\\\/informelitoral.com.ar\\\/el-kun-aguero-sufrio-una-arritmia-en-vivo-en-un-stream-con-ibai-llanos\\\/#respond\"]}]},{\"@type\":\"WebPage\",\"@id\":\"https:\\\/\\\/informelitoral.com.ar\\\/el-kun-aguero-sufrio-una-arritmia-en-vivo-en-un-stream-con-ibai-llanos\\\/\",\"url\":\"https:\\\/\\\/informelitoral.com.ar\\\/el-kun-aguero-sufrio-una-arritmia-en-vivo-en-un-stream-con-ibai-llanos\\\/\",\"name\":\"El Kun Ag\u00fcero sufri\u00f3 una arritmia en vivo en un stream con Ibai Llanos - Informe Litoral\",\"isPartOf\":{\"@id\":\"https:\\\/\\\/informelitoral.com.ar\\\/#website\"},\"primaryImageOfPage\":{\"@id\":\"https:\\\/\\\/informelitoral.com.ar\\\/el-kun-aguero-sufrio-una-arritmia-en-vivo-en-un-stream-con-ibai-llanos\\\/#primaryimage\"},\"image\":{\"@id\":\"https:\\\/\\\/informelitoral.com.ar\\\/el-kun-aguero-sufrio-una-arritmia-en-vivo-en-un-stream-con-ibai-llanos\\\/#primaryimage\"},\"thumbnailUrl\":\"https:\\\/\\\/informelitoral.com.ar\\\/%77%70%2d%63%6f%6e%74%65%6e%74\\\/uploads\\\/2023\\\/03\\\/371.jpg\",\"datePublished\":\"2023-03-30T11:38:48+00:00\",\"breadcrumb\":{\"@id\":\"https:\\\/\\\/informelitoral.com.ar\\\/el-kun-aguero-sufrio-una-arritmia-en-vivo-en-un-stream-con-ibai-llanos\\\/#breadcrumb\"},\"inLanguage\":\"es\",\"potentialAction\":[{\"@type\":\"ReadAction\",\"target\":[\"https:\\\/\\\/informelitoral.com.ar\\\/el-kun-aguero-sufrio-una-arritmia-en-vivo-en-un-stream-con-ibai-llanos\\\/\"]}]},{\"@type\":\"ImageObject\",\"inLanguage\":\"es\",\"@id\":\"https:\\\/\\\/informelitoral.com.ar\\\/el-kun-aguero-sufrio-una-arritmia-en-vivo-en-un-stream-con-ibai-llanos\\\/#primaryimage\",\"url\":\"https:\\\/\\\/informelitoral.com.ar\\\/%77%70%2d%63%6f%6e%74%65%6e%74\\\/uploads\\\/2023\\\/03\\\/371.jpg\",\"contentUrl\":\"https:\\\/\\\/informelitoral.com.ar\\\/%77%70%2d%63%6f%6e%74%65%6e%74\\\/uploads\\\/2023\\\/03\\\/371.jpg\",\"width\":659,\"height\":371},{\"@type\":\"BreadcrumbList\",\"@id\":\"https:\\\/\\\/informelitoral.com.ar\\\/el-kun-aguero-sufrio-una-arritmia-en-vivo-en-un-stream-con-ibai-llanos\\\/#breadcrumb\",\"itemListElement\":[{\"@type\":\"ListItem\",\"position\":1,\"name\":\"Portada\",\"item\":\"https:\\\/\\\/informelitoral.com.ar\\\/\"},{\"@type\":\"ListItem\",\"position\":2,\"name\":\"El Kun Ag\u00fcero sufri\u00f3 una arritmia en vivo en un stream con Ibai Llanos\"}]},{\"@type\":\"WebSite\",\"@id\":\"https:\\\/\\\/informelitoral.com.ar\\\/#website\",\"url\":\"https:\\\/\\\/informelitoral.com.ar\\\/\",\"name\":\"Informe Litoral\",\"description\":\"&quot;Nos informamos&quot; \",\"publisher\":{\"@id\":\"https:\\\/\\\/informelitoral.com.ar\\\/#organization\"},\"potentialAction\":[{\"@type\":\"SearchAction\",\"target\":{\"@type\":\"EntryPoint\",\"urlTemplate\":\"https:\\\/\\\/informelitoral.com.ar\\\/?s={search_term_string}\"},\"query-input\":{\"@type\":\"PropertyValueSpecification\",\"valueRequired\":true,\"valueName\":\"search_term_string\"}}],\"inLanguage\":\"es\"},{\"@type\":\"Organization\",\"@id\":\"https:\\\/\\\/informelitoral.com.ar\\\/#organization\",\"name\":\"Informe Litoral\",\"url\":\"https:\\\/\\\/informelitoral.com.ar\\\/\",\"logo\":{\"@type\":\"ImageObject\",\"inLanguage\":\"es\",\"@id\":\"https:\\\/\\\/informelitoral.com.ar\\\/#\\\/schema\\\/logo\\\/image\\\/\",\"url\":\"https:\\\/\\\/informelitoral.com.ar\\\/%77%70%2d%63%6f%6e%74%65%6e%74\\\/uploads\\\/2021\\\/01\\\/circulo.png\",\"contentUrl\":\"https:\\\/\\\/informelitoral.com.ar\\\/%77%70%2d%63%6f%6e%74%65%6e%74\\\/uploads\\\/2021\\\/01\\\/circulo.png\",\"width\":723,\"height\":731,\"caption\":\"Informe Litoral\"},\"image\":{\"@id\":\"https:\\\/\\\/informelitoral.com.ar\\\/#\\\/schema\\\/logo\\\/image\\\/\"},\"sameAs\":[\"https:\\\/\\\/www.facebook.com\\\/informelitoral\\\/\",\"https:\\\/\\\/x.com\\\/InformeLitoral\",\"https:\\\/\\\/www.instagram.com\\\/informelitoral\\\/\",\"https:\\\/\\\/www.youtube.com\\\/channel\\\/UCua4Qvz8Icb6MYqhoq9xLXw\"]},{\"@type\":\"Person\",\"@id\":\"https:\\\/\\\/informelitoral.com.ar\\\/#\\\/schema\\\/person\\\/f05f9f461677119578717524b127d6d5\",\"name\":\"Sebastian\",\"image\":{\"@type\":\"ImageObject\",\"inLanguage\":\"es\",\"@id\":\"https:\\\/\\\/secure.gravatar.com\\\/avatar\\\/b71bf7481d447dfb9583c7f2798e7cc64de6efb9067b74633ed8c31059a3bd82?s=96&d=mm&r=g\",\"url\":\"https:\\\/\\\/secure.gravatar.com\\\/avatar\\\/b71bf7481d447dfb9583c7f2798e7cc64de6efb9067b74633ed8c31059a3bd82?s=96&d=mm&r=g\",\"contentUrl\":\"https:\\\/\\\/secure.gravatar.com\\\/avatar\\\/b71bf7481d447dfb9583c7f2798e7cc64de6efb9067b74633ed8c31059a3bd82?s=96&d=mm&r=g\",\"caption\":\"Sebastian\"},\"url\":\"https:\\\/\\\/informelitoral.com.ar\\\/author\\\/sebastian\\\/\"}]}<\/script>","yoast_head_json":{"title":"El Kun Ag\u00fcero sufri\u00f3 una arritmia en vivo en un stream con Ibai Llanos - Informe Litoral","robots":{"index":"index","follow":"follow","max-snippet":"max-snippet:-1","max-image-preview":"max-image-preview:large","max-video-preview":"max-video-preview:-1"},"canonical":"https:\/\/informelitoral.com.ar\/el-kun-aguero-sufrio-una-arritmia-en-vivo-en-un-stream-con-ibai-llanos\/","og_locale":"es_ES","og_type":"article","og_title":"El Kun Ag\u00fcero sufri\u00f3 una arritmia en vivo en un stream con Ibai Llanos - Informe Litoral","og_description":"Preocupado por la situaci\u00f3n, el influencer detuvo el directo mientras que los seguidores aseguraban que ve\u00edan \u201craro\u201d al ex jugador de la Selecci\u00f3n","og_url":"https:\/\/informelitoral.com.ar\/el-kun-aguero-sufrio-una-arritmia-en-vivo-en-un-stream-con-ibai-llanos\/","og_site_name":"Informe Litoral","article_publisher":"https:\/\/www.facebook.com\/informelitoral\/","article_published_time":"2023-03-30T11:38:48+00:00","og_image":[{"width":659,"height":371,"url":"https:\/\/informelitoral.com.ar\/%77%70%2d%63%6f%6e%74%65%6e%74\/uploads\/2023\/03\/371.jpg","type":"image\/jpeg"}],"author":"Sebastian","twitter_card":"summary_large_image","twitter_creator":"@InformeLitoral","twitter_site":"@InformeLitoral","twitter_misc":{"Escrito por":"Sebastian","Tiempo de lectura":"5 minutos"},"schema":{"@context":"https:\/\/schema.org","@graph":[{"@type":"Article","@id":"https:\/\/informelitoral.com.ar\/el-kun-aguero-sufrio-una-arritmia-en-vivo-en-un-stream-con-ibai-llanos\/#article","isPartOf":{"@id":"https:\/\/informelitoral.com.ar\/el-kun-aguero-sufrio-una-arritmia-en-vivo-en-un-stream-con-ibai-llanos\/"},"author":{"name":"Sebastian","@id":"https:\/\/informelitoral.com.ar\/#\/schema\/person\/f05f9f461677119578717524b127d6d5"},"headline":"El Kun Ag\u00fcero sufri\u00f3 una arritmia en vivo en un stream con Ibai Llanos","datePublished":"2023-03-30T11:38:48+00:00","mainEntityOfPage":{"@id":"https:\/\/informelitoral.com.ar\/el-kun-aguero-sufrio-una-arritmia-en-vivo-en-un-stream-con-ibai-llanos\/"},"wordCount":918,"commentCount":0,"publisher":{"@id":"https:\/\/informelitoral.com.ar\/#organization"},"image":{"@id":"https:\/\/informelitoral.com.ar\/el-kun-aguero-sufrio-una-arritmia-en-vivo-en-un-stream-con-ibai-llanos\/#primaryimage"},"thumbnailUrl":"https:\/\/informelitoral.com.ar\/%77%70%2d%63%6f%6e%74%65%6e%74\/uploads\/2023\/03\/371.jpg","articleSection":["Deportes"],"inLanguage":"es","potentialAction":[{"@type":"CommentAction","name":"Comment","target":["https:\/\/informelitoral.com.ar\/el-kun-aguero-sufrio-una-arritmia-en-vivo-en-un-stream-con-ibai-llanos\/#respond"]}]},{"@type":"WebPage","@id":"https:\/\/informelitoral.com.ar\/el-kun-aguero-sufrio-una-arritmia-en-vivo-en-un-stream-con-ibai-llanos\/","url":"https:\/\/informelitoral.com.ar\/el-kun-aguero-sufrio-una-arritmia-en-vivo-en-un-stream-con-ibai-llanos\/","name":"El Kun Ag\u00fcero sufri\u00f3 una arritmia en vivo en un stream con Ibai Llanos - Informe Litoral","isPartOf":{"@id":"https:\/\/informelitoral.com.ar\/#website"},"primaryImageOfPage":{"@id":"https:\/\/informelitoral.com.ar\/el-kun-aguero-sufrio-una-arritmia-en-vivo-en-un-stream-con-ibai-llanos\/#primaryimage"},"image":{"@id":"https:\/\/informelitoral.com.ar\/el-kun-aguero-sufrio-una-arritmia-en-vivo-en-un-stream-con-ibai-llanos\/#primaryimage"},"thumbnailUrl":"https:\/\/informelitoral.com.ar\/%77%70%2d%63%6f%6e%74%65%6e%74\/uploads\/2023\/03\/371.jpg","datePublished":"2023-03-30T11:38:48+00:00","breadcrumb":{"@id":"https:\/\/informelitoral.com.ar\/el-kun-aguero-sufrio-una-arritmia-en-vivo-en-un-stream-con-ibai-llanos\/#breadcrumb"},"inLanguage":"es","potentialAction":[{"@type":"ReadAction","target":["https:\/\/informelitoral.com.ar\/el-kun-aguero-sufrio-una-arritmia-en-vivo-en-un-stream-con-ibai-llanos\/"]}]},{"@type":"ImageObject","inLanguage":"es","@id":"https:\/\/informelitoral.com.ar\/el-kun-aguero-sufrio-una-arritmia-en-vivo-en-un-stream-con-ibai-llanos\/#primaryimage","url":"https:\/\/informelitoral.com.ar\/%77%70%2d%63%6f%6e%74%65%6e%74\/uploads\/2023\/03\/371.jpg","contentUrl":"https:\/\/informelitoral.com.ar\/%77%70%2d%63%6f%6e%74%65%6e%74\/uploads\/2023\/03\/371.jpg","width":659,"height":371},{"@type":"BreadcrumbList","@id":"https:\/\/informelitoral.com.ar\/el-kun-aguero-sufrio-una-arritmia-en-vivo-en-un-stream-con-ibai-llanos\/#breadcrumb","itemListElement":[{"@type":"ListItem","position":1,"name":"Portada","item":"https:\/\/informelitoral.com.ar\/"},{"@type":"ListItem","position":2,"name":"El Kun Ag\u00fcero sufri\u00f3 una arritmia en vivo en un stream con Ibai Llanos"}]},{"@type":"WebSite","@id":"https:\/\/informelitoral.com.ar\/#website","url":"https:\/\/informelitoral.com.ar\/","name":"Informe Litoral","description":"&quot;Nos informamos&quot; ","publisher":{"@id":"https:\/\/informelitoral.com.ar\/#organization"},"potentialAction":[{"@type":"SearchAction","target":{"@type":"EntryPoint","urlTemplate":"https:\/\/informelitoral.com.ar\/?s={search_term_string}"},"query-input":{"@type":"PropertyValueSpecification","valueRequired":true,"valueName":"search_term_string"}}],"inLanguage":"es"},{"@type":"Organization","@id":"https:\/\/informelitoral.com.ar\/#organization","name":"Informe Litoral","url":"https:\/\/informelitoral.com.ar\/","logo":{"@type":"ImageObject","inLanguage":"es","@id":"https:\/\/informelitoral.com.ar\/#\/schema\/logo\/image\/","url":"https:\/\/informelitoral.com.ar\/%77%70%2d%63%6f%6e%74%65%6e%74\/uploads\/2021\/01\/circulo.png","contentUrl":"https:\/\/informelitoral.com.ar\/%77%70%2d%63%6f%6e%74%65%6e%74\/uploads\/2021\/01\/circulo.png","width":723,"height":731,"caption":"Informe Litoral"},"image":{"@id":"https:\/\/informelitoral.com.ar\/#\/schema\/logo\/image\/"},"sameAs":["https:\/\/www.facebook.com\/informelitoral\/","https:\/\/x.com\/InformeLitoral","https:\/\/www.instagram.com\/informelitoral\/","https:\/\/www.youtube.com\/channel\/UCua4Qvz8Icb6MYqhoq9xLXw"]},{"@type":"Person","@id":"https:\/\/informelitoral.com.ar\/#\/schema\/person\/f05f9f461677119578717524b127d6d5","name":"Sebastian","image":{"@type":"ImageObject","inLanguage":"es","@id":"https:\/\/secure.gravatar.com\/avatar\/b71bf7481d447dfb9583c7f2798e7cc64de6efb9067b74633ed8c31059a3bd82?s=96&d=mm&r=g","url":"https:\/\/secure.gravatar.com\/avatar\/b71bf7481d447dfb9583c7f2798e7cc64de6efb9067b74633ed8c31059a3bd82?s=96&d=mm&r=g","contentUrl":"https:\/\/secure.gravatar.com\/avatar\/b71bf7481d447dfb9583c7f2798e7cc64de6efb9067b74633ed8c31059a3bd82?s=96&d=mm&r=g","caption":"Sebastian"},"url":"https:\/\/informelitoral.com.ar\/author\/sebastian\/"}]}},"_links":{"self":[{"href":"https:\/\/informelitoral.com.ar\/%77%70%2d%6a%73%6f%6e\/wp\/v2\/posts\/132941","targetHints":{"allow":["GET"]}}],"collection":[{"href":"https:\/\/informelitoral.com.ar\/%77%70%2d%6a%73%6f%6e\/wp\/v2\/posts"}],"about":[{"href":"https:\/\/informelitoral.com.ar\/%77%70%2d%6a%73%6f%6e\/wp\/v2\/types\/post"}],"author":[{"embeddable":true,"href":"https:\/\/informelitoral.com.ar\/%77%70%2d%6a%73%6f%6e\/wp\/v2\/users\/8"}],"replies":[{"embeddable":true,"href":"https:\/\/informelitoral.com.ar\/%77%70%2d%6a%73%6f%6e\/wp\/v2\/comments?post=132941"}],"version-history":[{"count":0,"href":"https:\/\/informelitoral.com.ar\/%77%70%2d%6a%73%6f%6e\/wp\/v2\/posts\/132941\/revisions"}],"wp:featuredmedia":[{"embeddable":true,"href":"https:\/\/informelitoral.com.ar\/%77%70%2d%6a%73%6f%6e\/wp\/v2\/media\/132934"}],"wp:attachment":[{"href":"https:\/\/informelitoral.com.ar\/%77%70%2d%6a%73%6f%6e\/wp\/v2\/media?parent=132941"}],"wp:term":[{"taxonomy":"category","embeddable":true,"href":"https:\/\/informelitoral.com.ar\/%77%70%2d%6a%73%6f%6e\/wp\/v2\/categories?post=132941"},{"taxonomy":"post_tag","embeddable":true,"href":"https:\/\/informelitoral.com.ar\/%77%70%2d%6a%73%6f%6e\/wp\/v2\/tags?post=132941"}],"curies":[{"name":"wp","href":"https:\/\/api.w.org\/{rel}","templated":true}]}}