{"id":13293,"date":"2016-01-17T21:20:07","date_gmt":"2016-01-18T00:20:07","guid":{"rendered":"http:\/\/www.isletasnoticias.com.ar\/?p=13293"},"modified":"2016-01-17T21:26:40","modified_gmt":"2016-01-18T00:26:40","slug":"ramirez-algunas-de-las-frases-mas-destacadas-del-intendente-gustavo-vergara","status":"publish","type":"post","link":"https:\/\/informelitoral.com.ar\/ramirez-algunas-de-las-frases-mas-destacadas-del-intendente-gustavo-vergara\/","title":{"rendered":"Ram\u00edrez: algunas de las frases m\u00e1s destacadas del intendente Gustavo Vergara"},"content":{"rendered":"<p><strong>Este lunes publicaremos una extensa entrevista exclusiva de <em>IN<\/em>, con el intendente de Gral. Ram\u00edrez, contador <em>Gustavo Vergara.<\/em> En esta nota, un adelanto de las frases m\u00e1s destacadas del mandatario municipal de Cambiemos.\u00a0<\/strong><\/p>\n<figure id=\"attachment_13294\" aria-describedby=\"caption-attachment-13294\" style=\"width: 573px\" class=\"wp-caption aligncenter\"><a href=\"http:\/\/www.isletasnoticias.com.ar\/%77%70%2d%63%6f%6e%74%65%6e%74\/uploads\/2016\/01\/gustavo_intendente.jpg\"><img loading=\"lazy\" decoding=\"async\" class=\"wp-image-13294 \" src=\"http:\/\/www.isletasnoticias.com.ar\/%77%70%2d%63%6f%6e%74%65%6e%74\/uploads\/2016\/01\/gustavo_intendente.jpg\" alt=\"gustavo_intendente\" width=\"573\" height=\"430\" srcset=\"https:\/\/informelitoral.com.ar\/%77%70%2d%63%6f%6e%74%65%6e%74\/uploads\/2016\/01\/gustavo_intendente.jpg 600w, https:\/\/informelitoral.com.ar\/%77%70%2d%63%6f%6e%74%65%6e%74\/uploads\/2016\/01\/gustavo_intendente-300x225.jpg 300w\" sizes=\"auto, (max-width: 573px) 100vw, 573px\" \/><\/a><figcaption id=\"caption-attachment-13294\" class=\"wp-caption-text\">Intendente de Ram\u00edrez, contador Gustavo Vergara.<\/figcaption><\/figure>\n<p><strong>Definiciones de Gustavo Vergara sobre diferentes temas:<\/strong><\/p>\n<p>-Les mostramos a los ramirenses la realidad de la Municipalidad y en ese marco, sancionamos una Ordenanza de Emergencia Econ\u00f3mica, Financiera y Edilicia.<\/p>\n<p>-Al 10 de diciembre, en base a un informe de la contadora municipal, hab\u00eda una deuda de m\u00e1s de 12 millones de pesos.<\/p>\n<p>-Estamos en esta situaci\u00f3n por un desmanejo y exceso del gasto que hubo por parte de la anterior gesti\u00f3n. Adem\u00e1s, la masa salarial se lleva el 75% del presupuesto del municipio.<\/p>\n<p>-Nos sorprendi\u00f3 el estado de la parte edilicia en general. Quedamos impactados.<\/p>\n<p>-Hasta tenemos gente que nos llama para poner a disposici\u00f3n diferentes tipos de herramientas, pero nosotros como municipio tenemos la obligaci\u00f3n de tener nuestro equipamiento.<\/p>\n<p>-Tenemos el objetivo de reequipar el parque vial y automotor para tener autonom\u00eda y cumplir con los servicios esenciales.<\/p>\n<p>-Queremos darle una se\u00f1al al sector productivo de la zona.<\/p>\n<p>-Hablamos con el Sindicato y con los trabajadores, para dejarles en claro que estamos volcando el grueso de los ingresos para pagar sueldos. Al d\u00eda de hoy no hemos terminado de pagar los sueldos de diciembre.<\/p>\n<p>-Nos comprometimos a hacer un cambio en el gasto p\u00fablico, tratando de ser m\u00e1s ahorrativos y transparentes.<\/p>\n<p>-Nosotros tenemos una obligaci\u00f3n con el vecino por cuatro a\u00f1os, vamos a ser un gobierno constante.<\/p>\n<p>-Se ve presencia en las calles porque estamos para prestar servicios y hacer obras. De gran parte del empleado municipal tenemos una muy buena colaboraci\u00f3n y estamos agradecidos por ello.<\/p>\n<p>&#8211; Nosotros estamos abiertos a escucharlos, aceptar sugerencias y corregir lo que hagamos mal. Hay un cambio en la visi\u00f3n de la gesti\u00f3n si lo comparamos con el anterior gobierno.<\/p>\n<p>-Hubo gente que no ven\u00eda a trabajar y es de p\u00fablico conocimiento.<\/p>\n<p>-Voy a tener un sueldo de bolsillo de aproximadamente $41.000.<\/p>\n<p>-Hay un mayor gasto en sueldos, pero no hubo aumentos. Si los funcionarios de la gesti\u00f3n anterior se hubieran ido a sus casas, no tendr\u00edamos este aumento del gasto en sueldos.<\/p>\n<p>-No puedo trabajar con un equipo que me deja una anterior gesti\u00f3n.<\/p>\n<p>-Los concejales saben que las puertas est\u00e1n abiertas para preguntar lo que quieran porque somos un municipio transparente y queremos tener una relaci\u00f3n madura.<\/p>\n<p>-Con el gobernador Gustavo Bordet, estuve reunido en dos oportunidades, lo invitamos para que visite la ciudad y prometi\u00f3 que en pocos d\u00edas iba a venir. Creemos que habr\u00e1 una relaci\u00f3n madura para que la ciudad salga adelante.<\/p>\n<p>-Nosotros vamos a trabajar fuertemente en la educaci\u00f3n vial y la prevenci\u00f3n. Quiero dejar en claro que no vamos a perdonar las multas que se apliquen.<\/p>\n<p>-Los inspectores tendr\u00e1n un fuerte respaldo, pero deben trabajar con responsabilidad.<\/p>\n<p>-Creemos que el futuro de la ciudad pasa por el desarrollo del Parque Industrial.<\/p>\n<p>-Vamos a llevar adelante los cambios que la Municipalidad y la ciudad requiere. Se necesita de una adecuada planificaci\u00f3n, porque hay cosas que se han dejado durante muchos a\u00f1os y no se hacen de un d\u00eda para el otro.<\/p>\n","protected":false},"excerpt":{"rendered":"<p>Este lunes publicaremos una extensa entrevista exclusiva de IN, con el intendente de Gral. Ram&iacute;rez, contador Gustavo Vergara. En esta nota, un adelanto de las frases m&aacute;s destacadas del mandatario municipal de Cambiemos.&nbsp; Definiciones de Gustavo Vergara sobre diferentes temas: -Les mostramos a los ramirenses la realidad de la Municipalidad y en ese marco, sancionamos [&hellip;]<\/p>\n","protected":false},"author":2,"featured_media":0,"comment_status":"open","ping_status":"open","sticky":false,"template":"","format":"standard","meta":{"fifu_image_url":"","fifu_image_alt":"","footnotes":""},"categories":[5,16],"tags":[],"class_list":{"0":"post-13293","1":"post","2":"type-post","3":"status-publish","4":"format-standard","6":"category-zonales","7":"category-politi"},"yoast_head":"<title>Ram\u00edrez: algunas de las frases m\u00e1s destacadas del intendente Gustavo Vergara - Informe Litoral<\/title>\n<meta name=\"robots\" content=\"index, follow, max-snippet:-1, max-image-preview:large, max-video-preview:-1\" \/>\n<link rel=\"canonical\" href=\"https:\/\/informelitoral.com.ar\/ramirez-algunas-de-las-frases-mas-destacadas-del-intendente-gustavo-vergara\/\" \/>\n<meta property=\"og:locale\" content=\"es_ES\" \/>\n<meta property=\"og:type\" content=\"article\" \/>\n<meta property=\"og:title\" content=\"Ram\u00edrez: algunas de las frases m\u00e1s destacadas del intendente Gustavo Vergara - Informe Litoral\" \/>\n<meta property=\"og:description\" content=\"Este lunes publicaremos una extensa entrevista exclusiva de IN, con el intendente de Gral. Ram&iacute;rez, contador Gustavo Vergara. En esta nota, un adelanto de las frases m&aacute;s destacadas del mandatario municipal de Cambiemos.&nbsp; Definiciones de Gustavo Vergara sobre diferentes temas: -Les mostramos a los ramirenses la realidad de la Municipalidad y en ese marco, sancionamos [&hellip;]\" \/>\n<meta property=\"og:url\" content=\"https:\/\/informelitoral.com.ar\/ramirez-algunas-de-las-frases-mas-destacadas-del-intendente-gustavo-vergara\/\" \/>\n<meta property=\"og:site_name\" content=\"Informe Litoral\" \/>\n<meta property=\"article:publisher\" content=\"https:\/\/www.facebook.com\/informelitoral\/\" \/>\n<meta property=\"article:published_time\" content=\"2016-01-18T00:20:07+00:00\" \/>\n<meta property=\"article:modified_time\" content=\"2016-01-18T00:26:40+00:00\" \/>\n<meta property=\"og:image\" content=\"https:\/\/informelitoral.com.ar\/%77%70%2d%63%6f%6e%74%65%6e%74\/uploads\/2016\/01\/gustavo_intendente.jpg\" \/>\n\t<meta property=\"og:image:width\" content=\"600\" \/>\n\t<meta property=\"og:image:height\" content=\"450\" \/>\n\t<meta property=\"og:image:type\" content=\"image\/jpeg\" \/>\n<meta name=\"author\" content=\"Gonzalo Schmidt\" \/>\n<meta name=\"twitter:card\" content=\"summary_large_image\" \/>\n<meta name=\"twitter:creator\" content=\"@InformeLitoral\" \/>\n<meta name=\"twitter:site\" content=\"@InformeLitoral\" \/>\n<meta name=\"twitter:label1\" content=\"Escrito por\" \/>\n\t<meta name=\"twitter:data1\" content=\"Gonzalo Schmidt\" \/>\n\t<meta name=\"twitter:label2\" content=\"Tiempo de lectura\" \/>\n\t<meta name=\"twitter:data2\" content=\"3 minutos\" \/>\n<script type=\"application\/ld+json\" class=\"yoast-schema-graph\">{\"@context\":\"https:\\\/\\\/schema.org\",\"@graph\":[{\"@type\":\"Article\",\"@id\":\"https:\\\/\\\/informelitoral.com.ar\\\/ramirez-algunas-de-las-frases-mas-destacadas-del-intendente-gustavo-vergara\\\/#article\",\"isPartOf\":{\"@id\":\"https:\\\/\\\/informelitoral.com.ar\\\/ramirez-algunas-de-las-frases-mas-destacadas-del-intendente-gustavo-vergara\\\/\"},\"author\":{\"name\":\"Gonzalo Schmidt\",\"@id\":\"https:\\\/\\\/informelitoral.com.ar\\\/#\\\/schema\\\/person\\\/b9d00407c836482871ef1d57bf8e3180\"},\"headline\":\"Ram\u00edrez: algunas de las frases m\u00e1s destacadas del intendente Gustavo Vergara\",\"datePublished\":\"2016-01-18T00:20:07+00:00\",\"dateModified\":\"2016-01-18T00:26:40+00:00\",\"mainEntityOfPage\":{\"@id\":\"https:\\\/\\\/informelitoral.com.ar\\\/ramirez-algunas-de-las-frases-mas-destacadas-del-intendente-gustavo-vergara\\\/\"},\"wordCount\":587,\"commentCount\":0,\"publisher\":{\"@id\":\"https:\\\/\\\/informelitoral.com.ar\\\/#organization\"},\"image\":{\"@id\":\"https:\\\/\\\/informelitoral.com.ar\\\/ramirez-algunas-de-las-frases-mas-destacadas-del-intendente-gustavo-vergara\\\/#primaryimage\"},\"thumbnailUrl\":\"http:\\\/\\\/www.isletasnoticias.com.ar\\\/%77%70%2d%63%6f%6e%74%65%6e%74\\\/uploads\\\/2016\\\/01\\\/gustavo_intendente.jpg\",\"articleSection\":[\"Departamento Diamante\",\"Politica\"],\"inLanguage\":\"es\",\"potentialAction\":[{\"@type\":\"CommentAction\",\"name\":\"Comment\",\"target\":[\"https:\\\/\\\/informelitoral.com.ar\\\/ramirez-algunas-de-las-frases-mas-destacadas-del-intendente-gustavo-vergara\\\/#respond\"]}]},{\"@type\":\"WebPage\",\"@id\":\"https:\\\/\\\/informelitoral.com.ar\\\/ramirez-algunas-de-las-frases-mas-destacadas-del-intendente-gustavo-vergara\\\/\",\"url\":\"https:\\\/\\\/informelitoral.com.ar\\\/ramirez-algunas-de-las-frases-mas-destacadas-del-intendente-gustavo-vergara\\\/\",\"name\":\"Ram\u00edrez: algunas de las frases m\u00e1s destacadas del intendente Gustavo Vergara - Informe Litoral\",\"isPartOf\":{\"@id\":\"https:\\\/\\\/informelitoral.com.ar\\\/#website\"},\"primaryImageOfPage\":{\"@id\":\"https:\\\/\\\/informelitoral.com.ar\\\/ramirez-algunas-de-las-frases-mas-destacadas-del-intendente-gustavo-vergara\\\/#primaryimage\"},\"image\":{\"@id\":\"https:\\\/\\\/informelitoral.com.ar\\\/ramirez-algunas-de-las-frases-mas-destacadas-del-intendente-gustavo-vergara\\\/#primaryimage\"},\"thumbnailUrl\":\"http:\\\/\\\/www.isletasnoticias.com.ar\\\/%77%70%2d%63%6f%6e%74%65%6e%74\\\/uploads\\\/2016\\\/01\\\/gustavo_intendente.jpg\",\"datePublished\":\"2016-01-18T00:20:07+00:00\",\"dateModified\":\"2016-01-18T00:26:40+00:00\",\"breadcrumb\":{\"@id\":\"https:\\\/\\\/informelitoral.com.ar\\\/ramirez-algunas-de-las-frases-mas-destacadas-del-intendente-gustavo-vergara\\\/#breadcrumb\"},\"inLanguage\":\"es\",\"potentialAction\":[{\"@type\":\"ReadAction\",\"target\":[\"https:\\\/\\\/informelitoral.com.ar\\\/ramirez-algunas-de-las-frases-mas-destacadas-del-intendente-gustavo-vergara\\\/\"]}]},{\"@type\":\"ImageObject\",\"inLanguage\":\"es\",\"@id\":\"https:\\\/\\\/informelitoral.com.ar\\\/ramirez-algunas-de-las-frases-mas-destacadas-del-intendente-gustavo-vergara\\\/#primaryimage\",\"url\":\"http:\\\/\\\/www.isletasnoticias.com.ar\\\/%77%70%2d%63%6f%6e%74%65%6e%74\\\/uploads\\\/2016\\\/01\\\/gustavo_intendente.jpg\",\"contentUrl\":\"http:\\\/\\\/www.isletasnoticias.com.ar\\\/%77%70%2d%63%6f%6e%74%65%6e%74\\\/uploads\\\/2016\\\/01\\\/gustavo_intendente.jpg\"},{\"@type\":\"BreadcrumbList\",\"@id\":\"https:\\\/\\\/informelitoral.com.ar\\\/ramirez-algunas-de-las-frases-mas-destacadas-del-intendente-gustavo-vergara\\\/#breadcrumb\",\"itemListElement\":[{\"@type\":\"ListItem\",\"position\":1,\"name\":\"Portada\",\"item\":\"https:\\\/\\\/informelitoral.com.ar\\\/\"},{\"@type\":\"ListItem\",\"position\":2,\"name\":\"Ram\u00edrez: algunas de las frases m\u00e1s destacadas del intendente Gustavo Vergara\"}]},{\"@type\":\"WebSite\",\"@id\":\"https:\\\/\\\/informelitoral.com.ar\\\/#website\",\"url\":\"https:\\\/\\\/informelitoral.com.ar\\\/\",\"name\":\"Informe Litoral\",\"description\":\"&quot;Nos informamos&quot; \",\"publisher\":{\"@id\":\"https:\\\/\\\/informelitoral.com.ar\\\/#organization\"},\"potentialAction\":[{\"@type\":\"SearchAction\",\"target\":{\"@type\":\"EntryPoint\",\"urlTemplate\":\"https:\\\/\\\/informelitoral.com.ar\\\/?s={search_term_string}\"},\"query-input\":{\"@type\":\"PropertyValueSpecification\",\"valueRequired\":true,\"valueName\":\"search_term_string\"}}],\"inLanguage\":\"es\"},{\"@type\":\"Organization\",\"@id\":\"https:\\\/\\\/informelitoral.com.ar\\\/#organization\",\"name\":\"Informe Litoral\",\"url\":\"https:\\\/\\\/informelitoral.com.ar\\\/\",\"logo\":{\"@type\":\"ImageObject\",\"inLanguage\":\"es\",\"@id\":\"https:\\\/\\\/informelitoral.com.ar\\\/#\\\/schema\\\/logo\\\/image\\\/\",\"url\":\"https:\\\/\\\/informelitoral.com.ar\\\/%77%70%2d%63%6f%6e%74%65%6e%74\\\/uploads\\\/2021\\\/01\\\/circulo.png\",\"contentUrl\":\"https:\\\/\\\/informelitoral.com.ar\\\/%77%70%2d%63%6f%6e%74%65%6e%74\\\/uploads\\\/2021\\\/01\\\/circulo.png\",\"width\":723,\"height\":731,\"caption\":\"Informe Litoral\"},\"image\":{\"@id\":\"https:\\\/\\\/informelitoral.com.ar\\\/#\\\/schema\\\/logo\\\/image\\\/\"},\"sameAs\":[\"https:\\\/\\\/www.facebook.com\\\/informelitoral\\\/\",\"https:\\\/\\\/x.com\\\/InformeLitoral\",\"https:\\\/\\\/www.instagram.com\\\/informelitoral\\\/\",\"https:\\\/\\\/www.youtube.com\\\/channel\\\/UCua4Qvz8Icb6MYqhoq9xLXw\"]},{\"@type\":\"Person\",\"@id\":\"https:\\\/\\\/informelitoral.com.ar\\\/#\\\/schema\\\/person\\\/b9d00407c836482871ef1d57bf8e3180\",\"name\":\"Gonzalo Schmidt\",\"image\":{\"@type\":\"ImageObject\",\"inLanguage\":\"es\",\"@id\":\"https:\\\/\\\/secure.gravatar.com\\\/avatar\\\/31a1a7b66ff2de83bd0e9fd79d026630d2d99e55e8bfe501287647b4fd9743de?s=96&d=mm&r=g\",\"url\":\"https:\\\/\\\/secure.gravatar.com\\\/avatar\\\/31a1a7b66ff2de83bd0e9fd79d026630d2d99e55e8bfe501287647b4fd9743de?s=96&d=mm&r=g\",\"contentUrl\":\"https:\\\/\\\/secure.gravatar.com\\\/avatar\\\/31a1a7b66ff2de83bd0e9fd79d026630d2d99e55e8bfe501287647b4fd9743de?s=96&d=mm&r=g\",\"caption\":\"Gonzalo Schmidt\"},\"description\":\"Sitio web de noticias de la provincia de Entre R\u00edos, Argentina. Informaci\u00f3n y entretenimiento. Informe Litoral, nos informamos.\",\"sameAs\":[\"http:\\\/\\\/www.isletasnoticias.com.ar\"],\"url\":\"https:\\\/\\\/informelitoral.com.ar\\\/author\\\/gonzalo\\\/\"}]}<\/script>","yoast_head_json":{"title":"Ram\u00edrez: algunas de las frases m\u00e1s destacadas del intendente Gustavo Vergara - Informe Litoral","robots":{"index":"index","follow":"follow","max-snippet":"max-snippet:-1","max-image-preview":"max-image-preview:large","max-video-preview":"max-video-preview:-1"},"canonical":"https:\/\/informelitoral.com.ar\/ramirez-algunas-de-las-frases-mas-destacadas-del-intendente-gustavo-vergara\/","og_locale":"es_ES","og_type":"article","og_title":"Ram\u00edrez: algunas de las frases m\u00e1s destacadas del intendente Gustavo Vergara - Informe Litoral","og_description":"Este lunes publicaremos una extensa entrevista exclusiva de IN, con el intendente de Gral. Ram&iacute;rez, contador Gustavo Vergara. En esta nota, un adelanto de las frases m&aacute;s destacadas del mandatario municipal de Cambiemos.&nbsp; Definiciones de Gustavo Vergara sobre diferentes temas: -Les mostramos a los ramirenses la realidad de la Municipalidad y en ese marco, sancionamos [&hellip;]","og_url":"https:\/\/informelitoral.com.ar\/ramirez-algunas-de-las-frases-mas-destacadas-del-intendente-gustavo-vergara\/","og_site_name":"Informe Litoral","article_publisher":"https:\/\/www.facebook.com\/informelitoral\/","article_published_time":"2016-01-18T00:20:07+00:00","article_modified_time":"2016-01-18T00:26:40+00:00","og_image":[{"width":600,"height":450,"url":"https:\/\/informelitoral.com.ar\/%77%70%2d%63%6f%6e%74%65%6e%74\/uploads\/2016\/01\/gustavo_intendente.jpg","type":"image\/jpeg"}],"author":"Gonzalo Schmidt","twitter_card":"summary_large_image","twitter_creator":"@InformeLitoral","twitter_site":"@InformeLitoral","twitter_misc":{"Escrito por":"Gonzalo Schmidt","Tiempo de lectura":"3 minutos"},"schema":{"@context":"https:\/\/schema.org","@graph":[{"@type":"Article","@id":"https:\/\/informelitoral.com.ar\/ramirez-algunas-de-las-frases-mas-destacadas-del-intendente-gustavo-vergara\/#article","isPartOf":{"@id":"https:\/\/informelitoral.com.ar\/ramirez-algunas-de-las-frases-mas-destacadas-del-intendente-gustavo-vergara\/"},"author":{"name":"Gonzalo Schmidt","@id":"https:\/\/informelitoral.com.ar\/#\/schema\/person\/b9d00407c836482871ef1d57bf8e3180"},"headline":"Ram\u00edrez: algunas de las frases m\u00e1s destacadas del intendente Gustavo Vergara","datePublished":"2016-01-18T00:20:07+00:00","dateModified":"2016-01-18T00:26:40+00:00","mainEntityOfPage":{"@id":"https:\/\/informelitoral.com.ar\/ramirez-algunas-de-las-frases-mas-destacadas-del-intendente-gustavo-vergara\/"},"wordCount":587,"commentCount":0,"publisher":{"@id":"https:\/\/informelitoral.com.ar\/#organization"},"image":{"@id":"https:\/\/informelitoral.com.ar\/ramirez-algunas-de-las-frases-mas-destacadas-del-intendente-gustavo-vergara\/#primaryimage"},"thumbnailUrl":"http:\/\/www.isletasnoticias.com.ar\/%77%70%2d%63%6f%6e%74%65%6e%74\/uploads\/2016\/01\/gustavo_intendente.jpg","articleSection":["Departamento Diamante","Politica"],"inLanguage":"es","potentialAction":[{"@type":"CommentAction","name":"Comment","target":["https:\/\/informelitoral.com.ar\/ramirez-algunas-de-las-frases-mas-destacadas-del-intendente-gustavo-vergara\/#respond"]}]},{"@type":"WebPage","@id":"https:\/\/informelitoral.com.ar\/ramirez-algunas-de-las-frases-mas-destacadas-del-intendente-gustavo-vergara\/","url":"https:\/\/informelitoral.com.ar\/ramirez-algunas-de-las-frases-mas-destacadas-del-intendente-gustavo-vergara\/","name":"Ram\u00edrez: algunas de las frases m\u00e1s destacadas del intendente Gustavo Vergara - Informe Litoral","isPartOf":{"@id":"https:\/\/informelitoral.com.ar\/#website"},"primaryImageOfPage":{"@id":"https:\/\/informelitoral.com.ar\/ramirez-algunas-de-las-frases-mas-destacadas-del-intendente-gustavo-vergara\/#primaryimage"},"image":{"@id":"https:\/\/informelitoral.com.ar\/ramirez-algunas-de-las-frases-mas-destacadas-del-intendente-gustavo-vergara\/#primaryimage"},"thumbnailUrl":"http:\/\/www.isletasnoticias.com.ar\/%77%70%2d%63%6f%6e%74%65%6e%74\/uploads\/2016\/01\/gustavo_intendente.jpg","datePublished":"2016-01-18T00:20:07+00:00","dateModified":"2016-01-18T00:26:40+00:00","breadcrumb":{"@id":"https:\/\/informelitoral.com.ar\/ramirez-algunas-de-las-frases-mas-destacadas-del-intendente-gustavo-vergara\/#breadcrumb"},"inLanguage":"es","potentialAction":[{"@type":"ReadAction","target":["https:\/\/informelitoral.com.ar\/ramirez-algunas-de-las-frases-mas-destacadas-del-intendente-gustavo-vergara\/"]}]},{"@type":"ImageObject","inLanguage":"es","@id":"https:\/\/informelitoral.com.ar\/ramirez-algunas-de-las-frases-mas-destacadas-del-intendente-gustavo-vergara\/#primaryimage","url":"http:\/\/www.isletasnoticias.com.ar\/%77%70%2d%63%6f%6e%74%65%6e%74\/uploads\/2016\/01\/gustavo_intendente.jpg","contentUrl":"http:\/\/www.isletasnoticias.com.ar\/%77%70%2d%63%6f%6e%74%65%6e%74\/uploads\/2016\/01\/gustavo_intendente.jpg"},{"@type":"BreadcrumbList","@id":"https:\/\/informelitoral.com.ar\/ramirez-algunas-de-las-frases-mas-destacadas-del-intendente-gustavo-vergara\/#breadcrumb","itemListElement":[{"@type":"ListItem","position":1,"name":"Portada","item":"https:\/\/informelitoral.com.ar\/"},{"@type":"ListItem","position":2,"name":"Ram\u00edrez: algunas de las frases m\u00e1s destacadas del intendente Gustavo Vergara"}]},{"@type":"WebSite","@id":"https:\/\/informelitoral.com.ar\/#website","url":"https:\/\/informelitoral.com.ar\/","name":"Informe Litoral","description":"&quot;Nos informamos&quot; ","publisher":{"@id":"https:\/\/informelitoral.com.ar\/#organization"},"potentialAction":[{"@type":"SearchAction","target":{"@type":"EntryPoint","urlTemplate":"https:\/\/informelitoral.com.ar\/?s={search_term_string}"},"query-input":{"@type":"PropertyValueSpecification","valueRequired":true,"valueName":"search_term_string"}}],"inLanguage":"es"},{"@type":"Organization","@id":"https:\/\/informelitoral.com.ar\/#organization","name":"Informe Litoral","url":"https:\/\/informelitoral.com.ar\/","logo":{"@type":"ImageObject","inLanguage":"es","@id":"https:\/\/informelitoral.com.ar\/#\/schema\/logo\/image\/","url":"https:\/\/informelitoral.com.ar\/%77%70%2d%63%6f%6e%74%65%6e%74\/uploads\/2021\/01\/circulo.png","contentUrl":"https:\/\/informelitoral.com.ar\/%77%70%2d%63%6f%6e%74%65%6e%74\/uploads\/2021\/01\/circulo.png","width":723,"height":731,"caption":"Informe Litoral"},"image":{"@id":"https:\/\/informelitoral.com.ar\/#\/schema\/logo\/image\/"},"sameAs":["https:\/\/www.facebook.com\/informelitoral\/","https:\/\/x.com\/InformeLitoral","https:\/\/www.instagram.com\/informelitoral\/","https:\/\/www.youtube.com\/channel\/UCua4Qvz8Icb6MYqhoq9xLXw"]},{"@type":"Person","@id":"https:\/\/informelitoral.com.ar\/#\/schema\/person\/b9d00407c836482871ef1d57bf8e3180","name":"Gonzalo Schmidt","image":{"@type":"ImageObject","inLanguage":"es","@id":"https:\/\/secure.gravatar.com\/avatar\/31a1a7b66ff2de83bd0e9fd79d026630d2d99e55e8bfe501287647b4fd9743de?s=96&d=mm&r=g","url":"https:\/\/secure.gravatar.com\/avatar\/31a1a7b66ff2de83bd0e9fd79d026630d2d99e55e8bfe501287647b4fd9743de?s=96&d=mm&r=g","contentUrl":"https:\/\/secure.gravatar.com\/avatar\/31a1a7b66ff2de83bd0e9fd79d026630d2d99e55e8bfe501287647b4fd9743de?s=96&d=mm&r=g","caption":"Gonzalo Schmidt"},"description":"Sitio web de noticias de la provincia de Entre R\u00edos, Argentina. Informaci\u00f3n y entretenimiento. Informe Litoral, nos informamos.","sameAs":["http:\/\/www.isletasnoticias.com.ar"],"url":"https:\/\/informelitoral.com.ar\/author\/gonzalo\/"}]}},"_links":{"self":[{"href":"https:\/\/informelitoral.com.ar\/%77%70%2d%6a%73%6f%6e\/wp\/v2\/posts\/13293","targetHints":{"allow":["GET"]}}],"collection":[{"href":"https:\/\/informelitoral.com.ar\/%77%70%2d%6a%73%6f%6e\/wp\/v2\/posts"}],"about":[{"href":"https:\/\/informelitoral.com.ar\/%77%70%2d%6a%73%6f%6e\/wp\/v2\/types\/post"}],"author":[{"embeddable":true,"href":"https:\/\/informelitoral.com.ar\/%77%70%2d%6a%73%6f%6e\/wp\/v2\/users\/2"}],"replies":[{"embeddable":true,"href":"https:\/\/informelitoral.com.ar\/%77%70%2d%6a%73%6f%6e\/wp\/v2\/comments?post=13293"}],"version-history":[{"count":0,"href":"https:\/\/informelitoral.com.ar\/%77%70%2d%6a%73%6f%6e\/wp\/v2\/posts\/13293\/revisions"}],"wp:attachment":[{"href":"https:\/\/informelitoral.com.ar\/%77%70%2d%6a%73%6f%6e\/wp\/v2\/media?parent=13293"}],"wp:term":[{"taxonomy":"category","embeddable":true,"href":"https:\/\/informelitoral.com.ar\/%77%70%2d%6a%73%6f%6e\/wp\/v2\/categories?post=13293"},{"taxonomy":"post_tag","embeddable":true,"href":"https:\/\/informelitoral.com.ar\/%77%70%2d%6a%73%6f%6e\/wp\/v2\/tags?post=13293"}],"curies":[{"name":"wp","href":"https:\/\/api.w.org\/{rel}","templated":true}]}}