{"id":13265,"date":"2016-01-14T09:43:37","date_gmt":"2016-01-14T12:43:37","guid":{"rendered":"http:\/\/www.isletasnoticias.com.ar\/?p=13265"},"modified":"2016-01-14T09:43:37","modified_gmt":"2016-01-14T12:43:37","slug":"dura-replica-del-gobernador-de-santa-fe-a-ritondo-el-tiene-que-dar-explicaciones","status":"publish","type":"post","link":"https:\/\/informelitoral.com.ar\/dura-replica-del-gobernador-de-santa-fe-a-ritondo-el-tiene-que-dar-explicaciones\/","title":{"rendered":"Dura r\u00e9plica del gobernador de Santa Fe a Ritondo: \u00ab\u00c9l tiene que dar explicaciones\u00bb"},"content":{"rendered":"<p><strong>El gobernador de Santa Fe arremeti\u00f3 contra el ministro de Seguridad bonaerense, luego de que el funcionario macrista responsabilizara a la polic\u00eda provincia de haber dado la informaci\u00f3n err\u00f3nea sobre la captura de los tres sicarios.<a href=\"http:\/\/www.isletasnoticias.com.ar\/%77%70%2d%63%6f%6e%74%65%6e%74\/uploads\/2016\/01\/0014080016.jpg\"><img loading=\"lazy\" decoding=\"async\" class=\"aligncenter size-full wp-image-13266\" src=\"http:\/\/www.isletasnoticias.com.ar\/%77%70%2d%63%6f%6e%74%65%6e%74\/uploads\/2016\/01\/0014080016.jpg\" alt=\"0014080016\" width=\"770\" height=\"433\" srcset=\"https:\/\/informelitoral.com.ar\/%77%70%2d%63%6f%6e%74%65%6e%74\/uploads\/2016\/01\/0014080016.jpg 770w, https:\/\/informelitoral.com.ar\/%77%70%2d%63%6f%6e%74%65%6e%74\/uploads\/2016\/01\/0014080016-300x169.jpg 300w\" sizes=\"auto, (max-width: 770px) 100vw, 770px\" \/><\/a><\/strong><\/p>\n<p>El s\u00e1bado pasado, el anuncio apresurado sobre la captura de los hermanos Lanatta y Schillaci gener\u00f3 un sismo en el gobierno nacional: la administraci\u00f3n macrista fue vapuleada por comunicar oficialmente que hab\u00edan sido apresados los tres pr\u00f3fugos, cuando dos a\u00fan estaban en libertad.<\/p>\n<p>El hecho abri\u00f3 una nueva cacer\u00eda, en este caso para determinar de d\u00f3nde hab\u00eda salido el dato inexacto que provoc\u00f3 un papel\u00f3n institucional. Y en ese contexto, el ministro de Seguridad bonaerense Cristian Ritondo asegu\u00f3 que el dato err\u00f3neo lleg\u00f3 desde Santa Fe.<\/p>\n<p>Al gobernador <strong>Miguel Lifschitz<\/strong> no le gust\u00f3 nada la acusaci\u00f3n y decidi\u00f3 responderle con dureza al funcionario macrista, al invitarlo p\u00fablicamente a que \u00abse haga cargo de las cosas que le competen\u00bb.<\/p>\n<p>\u00abRitondo tiene que explicar por qu\u00e9 se le escaparon los tres pr\u00f3fugos y por qu\u00e9 no los pudieron detener durante varios d\u00edas en la provincia de Buenos Aires\u00bb, dispar\u00f3 el mandatario provincial en declaraciones a TN. \u00abYo digo que en Santa Fe los tres (pr\u00f3fugos) fueron detenidos y entregados a la Justicia Federal\u00bb.<\/p>\n<p>Para reforzar su cr\u00edtica, el gobernador hizo un breve repaso en el que contrast\u00f3 la la ineficacia de la polic\u00eda bonaerense con la efectividad de las fuerzas de su provincia: \u00abEstos tres delincuentes se fugaron de una c\u00e1rcel de m\u00e1xima seguridad de Buenos Aires y circularon por la misma provincia durante varios d\u00edas sin que nadie los pudiera detectar\u00bb.<\/p>\n<p>\u00abPor un dato de inteligencia se los detecta en una tapera en el interior de Santa Fe, al\u00ed interviene la Gendarmer\u00eda dos veces, tampoco puede detenerlos y reci\u00e9n en ese momento, el d\u00eda jueves de la semana pasada, se le da intervenci\u00f3n a la polic\u00eda de Santa Fe y en tres o cuatro d\u00edas se logra dar con los tres pr\u00f3fugos\u00bb, record\u00f3.<\/p>\n<p>Unas horas antes, sobre el mediod\u00eda del mi\u00e9rcoles, Lifschitz hab\u00eda ofrecido una conferencia de prensa en la que se hab\u00eda desligado de la responsabilidad: \u00abNo fue de nuestras fuentes que se le brind\u00f3 informaci\u00f3n err\u00f3nea al Gobierno\u00bb, dijo ante las consultas de la prensa santafesina.<\/p>\n<p>Para cerrar el tema, el gobernador apunt\u00f3 que cuando se anunci\u00f3 la falsa captura de los tres pr\u00f3fugos, desde el gobierno de Santa Fe no lo desmintieron porque \u00absupusimos que alguien hab\u00eda detenido a los otros dos\u00bb.<\/p>\n<p>\u00abTodos pecamos de cierta falta de rigurosidad a la hora de comprobar con exactitud la situaci\u00f3n, pero a m\u00ed me consta que la polic\u00eda de Santa Fe siempre dijo que ten\u00eda un detenido\u00bb, finaliz\u00f3.<em> (Infobae)<\/em><\/p>\n","protected":false},"excerpt":{"rendered":"<p>El gobernador de Santa Fe arremeti&oacute; contra el ministro de Seguridad bonaerense, luego de que el funcionario macrista responsabilizara a la polic&iacute;a provincia de haber dado la informaci&oacute;n err&oacute;nea sobre la captura de los tres sicarios. El s&aacute;bado pasado, el anuncio apresurado sobre la captura de los hermanos Lanatta y Schillaci gener&oacute; un sismo en [&hellip;]<\/p>\n","protected":false},"author":2,"featured_media":0,"comment_status":"open","ping_status":"open","sticky":false,"template":"","format":"standard","meta":{"fifu_image_url":"","fifu_image_alt":"","footnotes":""},"categories":[7,16],"tags":[],"class_list":{"0":"post-13265","1":"post","2":"type-post","3":"status-publish","4":"format-standard","6":"category-nacionales","7":"category-politi"},"yoast_head":"<title>Dura r\u00e9plica del gobernador de Santa Fe a Ritondo: &quot;\u00c9l tiene que dar explicaciones&quot; - Informe Litoral<\/title>\n<meta name=\"robots\" content=\"index, follow, max-snippet:-1, max-image-preview:large, max-video-preview:-1\" \/>\n<link rel=\"canonical\" href=\"https:\/\/informelitoral.com.ar\/dura-replica-del-gobernador-de-santa-fe-a-ritondo-el-tiene-que-dar-explicaciones\/\" \/>\n<meta property=\"og:locale\" content=\"es_ES\" \/>\n<meta property=\"og:type\" content=\"article\" \/>\n<meta property=\"og:title\" content=\"Dura r\u00e9plica del gobernador de Santa Fe a Ritondo: &quot;\u00c9l tiene que dar explicaciones&quot; - Informe Litoral\" \/>\n<meta property=\"og:description\" content=\"El gobernador de Santa Fe arremeti&oacute; contra el ministro de Seguridad bonaerense, luego de que el funcionario macrista responsabilizara a la polic&iacute;a provincia de haber dado la informaci&oacute;n err&oacute;nea sobre la captura de los tres sicarios. El s&aacute;bado pasado, el anuncio apresurado sobre la captura de los hermanos Lanatta y Schillaci gener&oacute; un sismo en [&hellip;]\" \/>\n<meta property=\"og:url\" content=\"https:\/\/informelitoral.com.ar\/dura-replica-del-gobernador-de-santa-fe-a-ritondo-el-tiene-que-dar-explicaciones\/\" \/>\n<meta property=\"og:site_name\" content=\"Informe Litoral\" \/>\n<meta property=\"article:publisher\" content=\"https:\/\/www.facebook.com\/informelitoral\/\" \/>\n<meta property=\"article:published_time\" content=\"2016-01-14T12:43:37+00:00\" \/>\n<meta property=\"og:image\" content=\"https:\/\/informelitoral.com.ar\/%77%70%2d%63%6f%6e%74%65%6e%74\/uploads\/2016\/01\/0014080016.jpg\" \/>\n\t<meta property=\"og:image:width\" content=\"770\" \/>\n\t<meta property=\"og:image:height\" content=\"433\" \/>\n\t<meta property=\"og:image:type\" content=\"image\/jpeg\" \/>\n<meta name=\"author\" content=\"Gonzalo Schmidt\" \/>\n<meta name=\"twitter:card\" content=\"summary_large_image\" \/>\n<meta name=\"twitter:creator\" content=\"@InformeLitoral\" \/>\n<meta name=\"twitter:site\" content=\"@InformeLitoral\" \/>\n<meta name=\"twitter:label1\" content=\"Escrito por\" \/>\n\t<meta name=\"twitter:data1\" content=\"Gonzalo Schmidt\" \/>\n\t<meta name=\"twitter:label2\" content=\"Tiempo de lectura\" \/>\n\t<meta name=\"twitter:data2\" content=\"2 minutos\" \/>\n<script type=\"application\/ld+json\" class=\"yoast-schema-graph\">{\"@context\":\"https:\\\/\\\/schema.org\",\"@graph\":[{\"@type\":\"Article\",\"@id\":\"https:\\\/\\\/informelitoral.com.ar\\\/dura-replica-del-gobernador-de-santa-fe-a-ritondo-el-tiene-que-dar-explicaciones\\\/#article\",\"isPartOf\":{\"@id\":\"https:\\\/\\\/informelitoral.com.ar\\\/dura-replica-del-gobernador-de-santa-fe-a-ritondo-el-tiene-que-dar-explicaciones\\\/\"},\"author\":{\"name\":\"Gonzalo Schmidt\",\"@id\":\"https:\\\/\\\/informelitoral.com.ar\\\/#\\\/schema\\\/person\\\/b9d00407c836482871ef1d57bf8e3180\"},\"headline\":\"Dura r\u00e9plica del gobernador de Santa Fe a Ritondo: \u00ab\u00c9l tiene que dar explicaciones\u00bb\",\"datePublished\":\"2016-01-14T12:43:37+00:00\",\"mainEntityOfPage\":{\"@id\":\"https:\\\/\\\/informelitoral.com.ar\\\/dura-replica-del-gobernador-de-santa-fe-a-ritondo-el-tiene-que-dar-explicaciones\\\/\"},\"wordCount\":501,\"commentCount\":0,\"publisher\":{\"@id\":\"https:\\\/\\\/informelitoral.com.ar\\\/#organization\"},\"image\":{\"@id\":\"https:\\\/\\\/informelitoral.com.ar\\\/dura-replica-del-gobernador-de-santa-fe-a-ritondo-el-tiene-que-dar-explicaciones\\\/#primaryimage\"},\"thumbnailUrl\":\"http:\\\/\\\/www.isletasnoticias.com.ar\\\/%77%70%2d%63%6f%6e%74%65%6e%74\\\/uploads\\\/2016\\\/01\\\/0014080016.jpg\",\"articleSection\":[\"Nacionales\",\"Politica\"],\"inLanguage\":\"es\",\"potentialAction\":[{\"@type\":\"CommentAction\",\"name\":\"Comment\",\"target\":[\"https:\\\/\\\/informelitoral.com.ar\\\/dura-replica-del-gobernador-de-santa-fe-a-ritondo-el-tiene-que-dar-explicaciones\\\/#respond\"]}]},{\"@type\":\"WebPage\",\"@id\":\"https:\\\/\\\/informelitoral.com.ar\\\/dura-replica-del-gobernador-de-santa-fe-a-ritondo-el-tiene-que-dar-explicaciones\\\/\",\"url\":\"https:\\\/\\\/informelitoral.com.ar\\\/dura-replica-del-gobernador-de-santa-fe-a-ritondo-el-tiene-que-dar-explicaciones\\\/\",\"name\":\"Dura r\u00e9plica del gobernador de Santa Fe a Ritondo: \\\"\u00c9l tiene que dar explicaciones\\\" - Informe Litoral\",\"isPartOf\":{\"@id\":\"https:\\\/\\\/informelitoral.com.ar\\\/#website\"},\"primaryImageOfPage\":{\"@id\":\"https:\\\/\\\/informelitoral.com.ar\\\/dura-replica-del-gobernador-de-santa-fe-a-ritondo-el-tiene-que-dar-explicaciones\\\/#primaryimage\"},\"image\":{\"@id\":\"https:\\\/\\\/informelitoral.com.ar\\\/dura-replica-del-gobernador-de-santa-fe-a-ritondo-el-tiene-que-dar-explicaciones\\\/#primaryimage\"},\"thumbnailUrl\":\"http:\\\/\\\/www.isletasnoticias.com.ar\\\/%77%70%2d%63%6f%6e%74%65%6e%74\\\/uploads\\\/2016\\\/01\\\/0014080016.jpg\",\"datePublished\":\"2016-01-14T12:43:37+00:00\",\"breadcrumb\":{\"@id\":\"https:\\\/\\\/informelitoral.com.ar\\\/dura-replica-del-gobernador-de-santa-fe-a-ritondo-el-tiene-que-dar-explicaciones\\\/#breadcrumb\"},\"inLanguage\":\"es\",\"potentialAction\":[{\"@type\":\"ReadAction\",\"target\":[\"https:\\\/\\\/informelitoral.com.ar\\\/dura-replica-del-gobernador-de-santa-fe-a-ritondo-el-tiene-que-dar-explicaciones\\\/\"]}]},{\"@type\":\"ImageObject\",\"inLanguage\":\"es\",\"@id\":\"https:\\\/\\\/informelitoral.com.ar\\\/dura-replica-del-gobernador-de-santa-fe-a-ritondo-el-tiene-que-dar-explicaciones\\\/#primaryimage\",\"url\":\"http:\\\/\\\/www.isletasnoticias.com.ar\\\/%77%70%2d%63%6f%6e%74%65%6e%74\\\/uploads\\\/2016\\\/01\\\/0014080016.jpg\",\"contentUrl\":\"http:\\\/\\\/www.isletasnoticias.com.ar\\\/%77%70%2d%63%6f%6e%74%65%6e%74\\\/uploads\\\/2016\\\/01\\\/0014080016.jpg\"},{\"@type\":\"BreadcrumbList\",\"@id\":\"https:\\\/\\\/informelitoral.com.ar\\\/dura-replica-del-gobernador-de-santa-fe-a-ritondo-el-tiene-que-dar-explicaciones\\\/#breadcrumb\",\"itemListElement\":[{\"@type\":\"ListItem\",\"position\":1,\"name\":\"Portada\",\"item\":\"https:\\\/\\\/informelitoral.com.ar\\\/\"},{\"@type\":\"ListItem\",\"position\":2,\"name\":\"Dura r\u00e9plica del gobernador de Santa Fe a Ritondo: \u00ab\u00c9l tiene que dar explicaciones\u00bb\"}]},{\"@type\":\"WebSite\",\"@id\":\"https:\\\/\\\/informelitoral.com.ar\\\/#website\",\"url\":\"https:\\\/\\\/informelitoral.com.ar\\\/\",\"name\":\"Informe Litoral\",\"description\":\"&quot;Nos informamos&quot; \",\"publisher\":{\"@id\":\"https:\\\/\\\/informelitoral.com.ar\\\/#organization\"},\"potentialAction\":[{\"@type\":\"SearchAction\",\"target\":{\"@type\":\"EntryPoint\",\"urlTemplate\":\"https:\\\/\\\/informelitoral.com.ar\\\/?s={search_term_string}\"},\"query-input\":{\"@type\":\"PropertyValueSpecification\",\"valueRequired\":true,\"valueName\":\"search_term_string\"}}],\"inLanguage\":\"es\"},{\"@type\":\"Organization\",\"@id\":\"https:\\\/\\\/informelitoral.com.ar\\\/#organization\",\"name\":\"Informe Litoral\",\"url\":\"https:\\\/\\\/informelitoral.com.ar\\\/\",\"logo\":{\"@type\":\"ImageObject\",\"inLanguage\":\"es\",\"@id\":\"https:\\\/\\\/informelitoral.com.ar\\\/#\\\/schema\\\/logo\\\/image\\\/\",\"url\":\"https:\\\/\\\/informelitoral.com.ar\\\/%77%70%2d%63%6f%6e%74%65%6e%74\\\/uploads\\\/2021\\\/01\\\/circulo.png\",\"contentUrl\":\"https:\\\/\\\/informelitoral.com.ar\\\/%77%70%2d%63%6f%6e%74%65%6e%74\\\/uploads\\\/2021\\\/01\\\/circulo.png\",\"width\":723,\"height\":731,\"caption\":\"Informe Litoral\"},\"image\":{\"@id\":\"https:\\\/\\\/informelitoral.com.ar\\\/#\\\/schema\\\/logo\\\/image\\\/\"},\"sameAs\":[\"https:\\\/\\\/www.facebook.com\\\/informelitoral\\\/\",\"https:\\\/\\\/x.com\\\/InformeLitoral\",\"https:\\\/\\\/www.instagram.com\\\/informelitoral\\\/\",\"https:\\\/\\\/www.youtube.com\\\/channel\\\/UCua4Qvz8Icb6MYqhoq9xLXw\"]},{\"@type\":\"Person\",\"@id\":\"https:\\\/\\\/informelitoral.com.ar\\\/#\\\/schema\\\/person\\\/b9d00407c836482871ef1d57bf8e3180\",\"name\":\"Gonzalo Schmidt\",\"image\":{\"@type\":\"ImageObject\",\"inLanguage\":\"es\",\"@id\":\"https:\\\/\\\/secure.gravatar.com\\\/avatar\\\/31a1a7b66ff2de83bd0e9fd79d026630d2d99e55e8bfe501287647b4fd9743de?s=96&d=mm&r=g\",\"url\":\"https:\\\/\\\/secure.gravatar.com\\\/avatar\\\/31a1a7b66ff2de83bd0e9fd79d026630d2d99e55e8bfe501287647b4fd9743de?s=96&d=mm&r=g\",\"contentUrl\":\"https:\\\/\\\/secure.gravatar.com\\\/avatar\\\/31a1a7b66ff2de83bd0e9fd79d026630d2d99e55e8bfe501287647b4fd9743de?s=96&d=mm&r=g\",\"caption\":\"Gonzalo Schmidt\"},\"description\":\"Sitio web de noticias de la provincia de Entre R\u00edos, Argentina. Informaci\u00f3n y entretenimiento. Informe Litoral, nos informamos.\",\"sameAs\":[\"http:\\\/\\\/www.isletasnoticias.com.ar\"],\"url\":\"https:\\\/\\\/informelitoral.com.ar\\\/author\\\/gonzalo\\\/\"}]}<\/script>","yoast_head_json":{"title":"Dura r\u00e9plica del gobernador de Santa Fe a Ritondo: \"\u00c9l tiene que dar explicaciones\" - Informe Litoral","robots":{"index":"index","follow":"follow","max-snippet":"max-snippet:-1","max-image-preview":"max-image-preview:large","max-video-preview":"max-video-preview:-1"},"canonical":"https:\/\/informelitoral.com.ar\/dura-replica-del-gobernador-de-santa-fe-a-ritondo-el-tiene-que-dar-explicaciones\/","og_locale":"es_ES","og_type":"article","og_title":"Dura r\u00e9plica del gobernador de Santa Fe a Ritondo: \"\u00c9l tiene que dar explicaciones\" - Informe Litoral","og_description":"El gobernador de Santa Fe arremeti&oacute; contra el ministro de Seguridad bonaerense, luego de que el funcionario macrista responsabilizara a la polic&iacute;a provincia de haber dado la informaci&oacute;n err&oacute;nea sobre la captura de los tres sicarios. El s&aacute;bado pasado, el anuncio apresurado sobre la captura de los hermanos Lanatta y Schillaci gener&oacute; un sismo en [&hellip;]","og_url":"https:\/\/informelitoral.com.ar\/dura-replica-del-gobernador-de-santa-fe-a-ritondo-el-tiene-que-dar-explicaciones\/","og_site_name":"Informe Litoral","article_publisher":"https:\/\/www.facebook.com\/informelitoral\/","article_published_time":"2016-01-14T12:43:37+00:00","og_image":[{"width":770,"height":433,"url":"https:\/\/informelitoral.com.ar\/%77%70%2d%63%6f%6e%74%65%6e%74\/uploads\/2016\/01\/0014080016.jpg","type":"image\/jpeg"}],"author":"Gonzalo Schmidt","twitter_card":"summary_large_image","twitter_creator":"@InformeLitoral","twitter_site":"@InformeLitoral","twitter_misc":{"Escrito por":"Gonzalo Schmidt","Tiempo de lectura":"2 minutos"},"schema":{"@context":"https:\/\/schema.org","@graph":[{"@type":"Article","@id":"https:\/\/informelitoral.com.ar\/dura-replica-del-gobernador-de-santa-fe-a-ritondo-el-tiene-que-dar-explicaciones\/#article","isPartOf":{"@id":"https:\/\/informelitoral.com.ar\/dura-replica-del-gobernador-de-santa-fe-a-ritondo-el-tiene-que-dar-explicaciones\/"},"author":{"name":"Gonzalo Schmidt","@id":"https:\/\/informelitoral.com.ar\/#\/schema\/person\/b9d00407c836482871ef1d57bf8e3180"},"headline":"Dura r\u00e9plica del gobernador de Santa Fe a Ritondo: \u00ab\u00c9l tiene que dar explicaciones\u00bb","datePublished":"2016-01-14T12:43:37+00:00","mainEntityOfPage":{"@id":"https:\/\/informelitoral.com.ar\/dura-replica-del-gobernador-de-santa-fe-a-ritondo-el-tiene-que-dar-explicaciones\/"},"wordCount":501,"commentCount":0,"publisher":{"@id":"https:\/\/informelitoral.com.ar\/#organization"},"image":{"@id":"https:\/\/informelitoral.com.ar\/dura-replica-del-gobernador-de-santa-fe-a-ritondo-el-tiene-que-dar-explicaciones\/#primaryimage"},"thumbnailUrl":"http:\/\/www.isletasnoticias.com.ar\/%77%70%2d%63%6f%6e%74%65%6e%74\/uploads\/2016\/01\/0014080016.jpg","articleSection":["Nacionales","Politica"],"inLanguage":"es","potentialAction":[{"@type":"CommentAction","name":"Comment","target":["https:\/\/informelitoral.com.ar\/dura-replica-del-gobernador-de-santa-fe-a-ritondo-el-tiene-que-dar-explicaciones\/#respond"]}]},{"@type":"WebPage","@id":"https:\/\/informelitoral.com.ar\/dura-replica-del-gobernador-de-santa-fe-a-ritondo-el-tiene-que-dar-explicaciones\/","url":"https:\/\/informelitoral.com.ar\/dura-replica-del-gobernador-de-santa-fe-a-ritondo-el-tiene-que-dar-explicaciones\/","name":"Dura r\u00e9plica del gobernador de Santa Fe a Ritondo: \"\u00c9l tiene que dar explicaciones\" - Informe Litoral","isPartOf":{"@id":"https:\/\/informelitoral.com.ar\/#website"},"primaryImageOfPage":{"@id":"https:\/\/informelitoral.com.ar\/dura-replica-del-gobernador-de-santa-fe-a-ritondo-el-tiene-que-dar-explicaciones\/#primaryimage"},"image":{"@id":"https:\/\/informelitoral.com.ar\/dura-replica-del-gobernador-de-santa-fe-a-ritondo-el-tiene-que-dar-explicaciones\/#primaryimage"},"thumbnailUrl":"http:\/\/www.isletasnoticias.com.ar\/%77%70%2d%63%6f%6e%74%65%6e%74\/uploads\/2016\/01\/0014080016.jpg","datePublished":"2016-01-14T12:43:37+00:00","breadcrumb":{"@id":"https:\/\/informelitoral.com.ar\/dura-replica-del-gobernador-de-santa-fe-a-ritondo-el-tiene-que-dar-explicaciones\/#breadcrumb"},"inLanguage":"es","potentialAction":[{"@type":"ReadAction","target":["https:\/\/informelitoral.com.ar\/dura-replica-del-gobernador-de-santa-fe-a-ritondo-el-tiene-que-dar-explicaciones\/"]}]},{"@type":"ImageObject","inLanguage":"es","@id":"https:\/\/informelitoral.com.ar\/dura-replica-del-gobernador-de-santa-fe-a-ritondo-el-tiene-que-dar-explicaciones\/#primaryimage","url":"http:\/\/www.isletasnoticias.com.ar\/%77%70%2d%63%6f%6e%74%65%6e%74\/uploads\/2016\/01\/0014080016.jpg","contentUrl":"http:\/\/www.isletasnoticias.com.ar\/%77%70%2d%63%6f%6e%74%65%6e%74\/uploads\/2016\/01\/0014080016.jpg"},{"@type":"BreadcrumbList","@id":"https:\/\/informelitoral.com.ar\/dura-replica-del-gobernador-de-santa-fe-a-ritondo-el-tiene-que-dar-explicaciones\/#breadcrumb","itemListElement":[{"@type":"ListItem","position":1,"name":"Portada","item":"https:\/\/informelitoral.com.ar\/"},{"@type":"ListItem","position":2,"name":"Dura r\u00e9plica del gobernador de Santa Fe a Ritondo: \u00ab\u00c9l tiene que dar explicaciones\u00bb"}]},{"@type":"WebSite","@id":"https:\/\/informelitoral.com.ar\/#website","url":"https:\/\/informelitoral.com.ar\/","name":"Informe Litoral","description":"&quot;Nos informamos&quot; ","publisher":{"@id":"https:\/\/informelitoral.com.ar\/#organization"},"potentialAction":[{"@type":"SearchAction","target":{"@type":"EntryPoint","urlTemplate":"https:\/\/informelitoral.com.ar\/?s={search_term_string}"},"query-input":{"@type":"PropertyValueSpecification","valueRequired":true,"valueName":"search_term_string"}}],"inLanguage":"es"},{"@type":"Organization","@id":"https:\/\/informelitoral.com.ar\/#organization","name":"Informe Litoral","url":"https:\/\/informelitoral.com.ar\/","logo":{"@type":"ImageObject","inLanguage":"es","@id":"https:\/\/informelitoral.com.ar\/#\/schema\/logo\/image\/","url":"https:\/\/informelitoral.com.ar\/%77%70%2d%63%6f%6e%74%65%6e%74\/uploads\/2021\/01\/circulo.png","contentUrl":"https:\/\/informelitoral.com.ar\/%77%70%2d%63%6f%6e%74%65%6e%74\/uploads\/2021\/01\/circulo.png","width":723,"height":731,"caption":"Informe Litoral"},"image":{"@id":"https:\/\/informelitoral.com.ar\/#\/schema\/logo\/image\/"},"sameAs":["https:\/\/www.facebook.com\/informelitoral\/","https:\/\/x.com\/InformeLitoral","https:\/\/www.instagram.com\/informelitoral\/","https:\/\/www.youtube.com\/channel\/UCua4Qvz8Icb6MYqhoq9xLXw"]},{"@type":"Person","@id":"https:\/\/informelitoral.com.ar\/#\/schema\/person\/b9d00407c836482871ef1d57bf8e3180","name":"Gonzalo Schmidt","image":{"@type":"ImageObject","inLanguage":"es","@id":"https:\/\/secure.gravatar.com\/avatar\/31a1a7b66ff2de83bd0e9fd79d026630d2d99e55e8bfe501287647b4fd9743de?s=96&d=mm&r=g","url":"https:\/\/secure.gravatar.com\/avatar\/31a1a7b66ff2de83bd0e9fd79d026630d2d99e55e8bfe501287647b4fd9743de?s=96&d=mm&r=g","contentUrl":"https:\/\/secure.gravatar.com\/avatar\/31a1a7b66ff2de83bd0e9fd79d026630d2d99e55e8bfe501287647b4fd9743de?s=96&d=mm&r=g","caption":"Gonzalo Schmidt"},"description":"Sitio web de noticias de la provincia de Entre R\u00edos, Argentina. Informaci\u00f3n y entretenimiento. Informe Litoral, nos informamos.","sameAs":["http:\/\/www.isletasnoticias.com.ar"],"url":"https:\/\/informelitoral.com.ar\/author\/gonzalo\/"}]}},"_links":{"self":[{"href":"https:\/\/informelitoral.com.ar\/%77%70%2d%6a%73%6f%6e\/wp\/v2\/posts\/13265","targetHints":{"allow":["GET"]}}],"collection":[{"href":"https:\/\/informelitoral.com.ar\/%77%70%2d%6a%73%6f%6e\/wp\/v2\/posts"}],"about":[{"href":"https:\/\/informelitoral.com.ar\/%77%70%2d%6a%73%6f%6e\/wp\/v2\/types\/post"}],"author":[{"embeddable":true,"href":"https:\/\/informelitoral.com.ar\/%77%70%2d%6a%73%6f%6e\/wp\/v2\/users\/2"}],"replies":[{"embeddable":true,"href":"https:\/\/informelitoral.com.ar\/%77%70%2d%6a%73%6f%6e\/wp\/v2\/comments?post=13265"}],"version-history":[{"count":0,"href":"https:\/\/informelitoral.com.ar\/%77%70%2d%6a%73%6f%6e\/wp\/v2\/posts\/13265\/revisions"}],"wp:attachment":[{"href":"https:\/\/informelitoral.com.ar\/%77%70%2d%6a%73%6f%6e\/wp\/v2\/media?parent=13265"}],"wp:term":[{"taxonomy":"category","embeddable":true,"href":"https:\/\/informelitoral.com.ar\/%77%70%2d%6a%73%6f%6e\/wp\/v2\/categories?post=13265"},{"taxonomy":"post_tag","embeddable":true,"href":"https:\/\/informelitoral.com.ar\/%77%70%2d%6a%73%6f%6e\/wp\/v2\/tags?post=13265"}],"curies":[{"name":"wp","href":"https:\/\/api.w.org\/{rel}","templated":true}]}}