{"id":13261,"date":"2016-01-14T09:37:28","date_gmt":"2016-01-14T12:37:28","guid":{"rendered":"http:\/\/www.isletasnoticias.com.ar\/?p=13261"},"modified":"2016-01-14T09:39:33","modified_gmt":"2016-01-14T12:39:33","slug":"macri-envio-un-aporte-un-aporte-de-8-millones-de-pesos-para-concordia","status":"publish","type":"post","link":"https:\/\/informelitoral.com.ar\/macri-envio-un-aporte-un-aporte-de-8-millones-de-pesos-para-concordia\/","title":{"rendered":"Macri envi\u00f3 un aporte de 8 millones de pesos para Concordia"},"content":{"rendered":"<p><strong>El ministro de Gobierno,<em> Mauro Urribarri<\/em>, entreg\u00f3 este martes un aporte nacional para Concordia que gestion\u00f3 el gobernador <em>Gustavo Bordet<\/em> por 8 millones de pesos para cooperar con el operativo de recuperaci\u00f3n de la ciudad luego de la crecida del r\u00edo Uruguay. Fue durante un encuentro con el intendente <em>Enrique Cresto.<a href=\"http:\/\/www.isletasnoticias.com.ar\/%77%70%2d%63%6f%6e%74%65%6e%74\/uploads\/2016\/01\/b_1452691236.jpg\"><img loading=\"lazy\" decoding=\"async\" class=\"aligncenter size-full wp-image-13262\" src=\"http:\/\/www.isletasnoticias.com.ar\/%77%70%2d%63%6f%6e%74%65%6e%74\/uploads\/2016\/01\/b_1452691236.jpg\" alt=\"b_1452691236\" width=\"492\" height=\"281\" srcset=\"https:\/\/informelitoral.com.ar\/%77%70%2d%63%6f%6e%74%65%6e%74\/uploads\/2016\/01\/b_1452691236.jpg 492w, https:\/\/informelitoral.com.ar\/%77%70%2d%63%6f%6e%74%65%6e%74\/uploads\/2016\/01\/b_1452691236-300x171.jpg 300w\" sizes=\"auto, (max-width: 492px) 100vw, 492px\" \/><\/a><\/em><\/strong><\/p>\n<p>\u201cEl lunes estuvo el gobernador<strong> Gustavo Bordet<\/strong> en Concepci\u00f3n del Uruguay, entregando un ATN al intendente de esa ciudad <strong>Jos\u00e9 Eduardo Lauritto<\/strong>, y lo mismo pas\u00f3 en la ciudad de Victoria\u201d, se\u00f1al\u00f3 el ministro de Gobierno <strong>Mauro Urribarri<\/strong>. \u201cEn este caso es la segunda vez que venimos a la ciudad a entregar un Aporte del Tesoro de la Naci\u00f3n\u201d, indic\u00f3.<\/p>\n<p>Al respecto, Urribarri destac\u00f3 \u201clas obras\u201d que se realizar\u00e1n con aportes de la Naci\u00f3n en articulaci\u00f3n con el gobierno provincial. \u201cEn Villa Paranacito, las obras de la Defensa; de la Defensa Norte en Concepci\u00f3n del Uruguay; y de la Defensa Sur en Concordia\u201d, enumer\u00f3.<\/p>\n<p>Del encuentro, que se realiz\u00f3 en el despacho del presidente municipal Enrique Cresto, participaron el senador \u00c1ngel Giano y los diputados provinciales Alejandro Bahler y Alberto Rottman.<\/p>\n<p>\u201cEsto es un camino largu\u00edsimo\u201d, dijo el intendente de Concordia, Enrique Cresto. \u201cPasamos lo peor, en el sentido de lo humano, de sufrir alguna fatalidad, lo primordial fue salvaguardar la salud de la poblaci\u00f3n. Ahora viene m\u00e1s que nada lo material, la reparaci\u00f3n de la infraestructura de la ciudad, de reubicar a las familias\u201d, dijo sobre el trabajo que en conjunto municipio, provincia y Naci\u00f3n comienzan a articular.<\/p>\n<p>\u201cDe la Naci\u00f3n est\u00e1n aprobadas 350 viviendas. Es una soluci\u00f3n de fondo pero tenemos que trabajar todos en conjunto para cambiar un paradigma de much\u00edsimos a\u00f1os, donde las familias quieren volver a la margen cerca del r\u00edo, en este caso cerca del arroyo Manzores, que es la primer parte que se inunda\u201d, explic\u00f3 Enrique Cresto.<\/p>\n<p>En otro orden, el diputado Rottman volvi\u00f3 a destacar el funcionamiento del Consejo de Emergencia Social. \u201cAl Consejo de Emergencia yo lo felicit\u00e9 porque funciona muy bien\u201d, expres\u00f3 el legislador. \u201cCada vez que yo me dirig\u00ed para solicitar algo, tuve respuesta excepcional\u201d, subray\u00f3.<\/p>\n<p>Consultado por la prensa respecto al control de los aportes recibidos por el municipio, Rottman recalc\u00f3 que \u201cest\u00e1n todos los resortes legales de control del gasto\u201d.<\/p>\n","protected":false},"excerpt":{"rendered":"<p>El ministro de Gobierno, Mauro Urribarri, entreg&oacute; este martes un aporte nacional para Concordia que gestion&oacute; el gobernador Gustavo Bordet por 8 millones de pesos para cooperar con el operativo de recuperaci&oacute;n de la ciudad luego de la crecida del r&iacute;o Uruguay. Fue durante un encuentro con el intendente Enrique Cresto. &ldquo;El lunes estuvo el [&hellip;]<\/p>\n","protected":false},"author":2,"featured_media":0,"comment_status":"open","ping_status":"open","sticky":false,"template":"","format":"standard","meta":{"fifu_image_url":"","fifu_image_alt":"","footnotes":""},"categories":[6,16],"tags":[],"class_list":{"0":"post-13261","1":"post","2":"type-post","3":"status-publish","4":"format-standard","6":"category-entre-rios","7":"category-politi"},"yoast_head":"<title>Macri envi\u00f3 un aporte de 8 millones de pesos para Concordia - Informe Litoral<\/title>\n<meta name=\"robots\" content=\"index, follow, max-snippet:-1, max-image-preview:large, max-video-preview:-1\" \/>\n<link rel=\"canonical\" href=\"https:\/\/informelitoral.com.ar\/macri-envio-un-aporte-un-aporte-de-8-millones-de-pesos-para-concordia\/\" \/>\n<meta property=\"og:locale\" content=\"es_ES\" \/>\n<meta property=\"og:type\" content=\"article\" \/>\n<meta property=\"og:title\" content=\"Macri envi\u00f3 un aporte de 8 millones de pesos para Concordia - Informe Litoral\" \/>\n<meta property=\"og:description\" content=\"El ministro de Gobierno, Mauro Urribarri, entreg&oacute; este martes un aporte nacional para Concordia que gestion&oacute; el gobernador Gustavo Bordet por 8 millones de pesos para cooperar con el operativo de recuperaci&oacute;n de la ciudad luego de la crecida del r&iacute;o Uruguay. Fue durante un encuentro con el intendente Enrique Cresto. &ldquo;El lunes estuvo el [&hellip;]\" \/>\n<meta property=\"og:url\" content=\"https:\/\/informelitoral.com.ar\/macri-envio-un-aporte-un-aporte-de-8-millones-de-pesos-para-concordia\/\" \/>\n<meta property=\"og:site_name\" content=\"Informe Litoral\" \/>\n<meta property=\"article:publisher\" content=\"https:\/\/www.facebook.com\/informelitoral\/\" \/>\n<meta property=\"article:published_time\" content=\"2016-01-14T12:37:28+00:00\" \/>\n<meta property=\"article:modified_time\" content=\"2016-01-14T12:39:33+00:00\" \/>\n<meta property=\"og:image\" content=\"https:\/\/informelitoral.com.ar\/%77%70%2d%63%6f%6e%74%65%6e%74\/uploads\/2016\/01\/b_1452691236.jpg\" \/>\n\t<meta property=\"og:image:width\" content=\"492\" \/>\n\t<meta property=\"og:image:height\" content=\"281\" \/>\n\t<meta property=\"og:image:type\" content=\"image\/jpeg\" \/>\n<meta name=\"author\" content=\"Gonzalo Schmidt\" \/>\n<meta name=\"twitter:card\" content=\"summary_large_image\" \/>\n<meta name=\"twitter:creator\" content=\"@InformeLitoral\" \/>\n<meta name=\"twitter:site\" content=\"@InformeLitoral\" \/>\n<meta name=\"twitter:label1\" content=\"Escrito por\" \/>\n\t<meta name=\"twitter:data1\" content=\"Gonzalo Schmidt\" \/>\n\t<meta name=\"twitter:label2\" content=\"Tiempo de lectura\" \/>\n\t<meta name=\"twitter:data2\" content=\"2 minutos\" \/>\n<script type=\"application\/ld+json\" class=\"yoast-schema-graph\">{\"@context\":\"https:\\\/\\\/schema.org\",\"@graph\":[{\"@type\":\"Article\",\"@id\":\"https:\\\/\\\/informelitoral.com.ar\\\/macri-envio-un-aporte-un-aporte-de-8-millones-de-pesos-para-concordia\\\/#article\",\"isPartOf\":{\"@id\":\"https:\\\/\\\/informelitoral.com.ar\\\/macri-envio-un-aporte-un-aporte-de-8-millones-de-pesos-para-concordia\\\/\"},\"author\":{\"name\":\"Gonzalo Schmidt\",\"@id\":\"https:\\\/\\\/informelitoral.com.ar\\\/#\\\/schema\\\/person\\\/b9d00407c836482871ef1d57bf8e3180\"},\"headline\":\"Macri envi\u00f3 un aporte de 8 millones de pesos para Concordia\",\"datePublished\":\"2016-01-14T12:37:28+00:00\",\"dateModified\":\"2016-01-14T12:39:33+00:00\",\"mainEntityOfPage\":{\"@id\":\"https:\\\/\\\/informelitoral.com.ar\\\/macri-envio-un-aporte-un-aporte-de-8-millones-de-pesos-para-concordia\\\/\"},\"wordCount\":403,\"commentCount\":0,\"publisher\":{\"@id\":\"https:\\\/\\\/informelitoral.com.ar\\\/#organization\"},\"image\":{\"@id\":\"https:\\\/\\\/informelitoral.com.ar\\\/macri-envio-un-aporte-un-aporte-de-8-millones-de-pesos-para-concordia\\\/#primaryimage\"},\"thumbnailUrl\":\"http:\\\/\\\/www.isletasnoticias.com.ar\\\/%77%70%2d%63%6f%6e%74%65%6e%74\\\/uploads\\\/2016\\\/01\\\/b_1452691236.jpg\",\"articleSection\":[\"Entre R\u00edos\",\"Politica\"],\"inLanguage\":\"es\",\"potentialAction\":[{\"@type\":\"CommentAction\",\"name\":\"Comment\",\"target\":[\"https:\\\/\\\/informelitoral.com.ar\\\/macri-envio-un-aporte-un-aporte-de-8-millones-de-pesos-para-concordia\\\/#respond\"]}]},{\"@type\":\"WebPage\",\"@id\":\"https:\\\/\\\/informelitoral.com.ar\\\/macri-envio-un-aporte-un-aporte-de-8-millones-de-pesos-para-concordia\\\/\",\"url\":\"https:\\\/\\\/informelitoral.com.ar\\\/macri-envio-un-aporte-un-aporte-de-8-millones-de-pesos-para-concordia\\\/\",\"name\":\"Macri envi\u00f3 un aporte de 8 millones de pesos para Concordia - Informe Litoral\",\"isPartOf\":{\"@id\":\"https:\\\/\\\/informelitoral.com.ar\\\/#website\"},\"primaryImageOfPage\":{\"@id\":\"https:\\\/\\\/informelitoral.com.ar\\\/macri-envio-un-aporte-un-aporte-de-8-millones-de-pesos-para-concordia\\\/#primaryimage\"},\"image\":{\"@id\":\"https:\\\/\\\/informelitoral.com.ar\\\/macri-envio-un-aporte-un-aporte-de-8-millones-de-pesos-para-concordia\\\/#primaryimage\"},\"thumbnailUrl\":\"http:\\\/\\\/www.isletasnoticias.com.ar\\\/%77%70%2d%63%6f%6e%74%65%6e%74\\\/uploads\\\/2016\\\/01\\\/b_1452691236.jpg\",\"datePublished\":\"2016-01-14T12:37:28+00:00\",\"dateModified\":\"2016-01-14T12:39:33+00:00\",\"breadcrumb\":{\"@id\":\"https:\\\/\\\/informelitoral.com.ar\\\/macri-envio-un-aporte-un-aporte-de-8-millones-de-pesos-para-concordia\\\/#breadcrumb\"},\"inLanguage\":\"es\",\"potentialAction\":[{\"@type\":\"ReadAction\",\"target\":[\"https:\\\/\\\/informelitoral.com.ar\\\/macri-envio-un-aporte-un-aporte-de-8-millones-de-pesos-para-concordia\\\/\"]}]},{\"@type\":\"ImageObject\",\"inLanguage\":\"es\",\"@id\":\"https:\\\/\\\/informelitoral.com.ar\\\/macri-envio-un-aporte-un-aporte-de-8-millones-de-pesos-para-concordia\\\/#primaryimage\",\"url\":\"http:\\\/\\\/www.isletasnoticias.com.ar\\\/%77%70%2d%63%6f%6e%74%65%6e%74\\\/uploads\\\/2016\\\/01\\\/b_1452691236.jpg\",\"contentUrl\":\"http:\\\/\\\/www.isletasnoticias.com.ar\\\/%77%70%2d%63%6f%6e%74%65%6e%74\\\/uploads\\\/2016\\\/01\\\/b_1452691236.jpg\"},{\"@type\":\"BreadcrumbList\",\"@id\":\"https:\\\/\\\/informelitoral.com.ar\\\/macri-envio-un-aporte-un-aporte-de-8-millones-de-pesos-para-concordia\\\/#breadcrumb\",\"itemListElement\":[{\"@type\":\"ListItem\",\"position\":1,\"name\":\"Portada\",\"item\":\"https:\\\/\\\/informelitoral.com.ar\\\/\"},{\"@type\":\"ListItem\",\"position\":2,\"name\":\"Macri envi\u00f3 un aporte de 8 millones de pesos para Concordia\"}]},{\"@type\":\"WebSite\",\"@id\":\"https:\\\/\\\/informelitoral.com.ar\\\/#website\",\"url\":\"https:\\\/\\\/informelitoral.com.ar\\\/\",\"name\":\"Informe Litoral\",\"description\":\"&quot;Nos informamos&quot; \",\"publisher\":{\"@id\":\"https:\\\/\\\/informelitoral.com.ar\\\/#organization\"},\"potentialAction\":[{\"@type\":\"SearchAction\",\"target\":{\"@type\":\"EntryPoint\",\"urlTemplate\":\"https:\\\/\\\/informelitoral.com.ar\\\/?s={search_term_string}\"},\"query-input\":{\"@type\":\"PropertyValueSpecification\",\"valueRequired\":true,\"valueName\":\"search_term_string\"}}],\"inLanguage\":\"es\"},{\"@type\":\"Organization\",\"@id\":\"https:\\\/\\\/informelitoral.com.ar\\\/#organization\",\"name\":\"Informe Litoral\",\"url\":\"https:\\\/\\\/informelitoral.com.ar\\\/\",\"logo\":{\"@type\":\"ImageObject\",\"inLanguage\":\"es\",\"@id\":\"https:\\\/\\\/informelitoral.com.ar\\\/#\\\/schema\\\/logo\\\/image\\\/\",\"url\":\"https:\\\/\\\/informelitoral.com.ar\\\/%77%70%2d%63%6f%6e%74%65%6e%74\\\/uploads\\\/2021\\\/01\\\/circulo.png\",\"contentUrl\":\"https:\\\/\\\/informelitoral.com.ar\\\/%77%70%2d%63%6f%6e%74%65%6e%74\\\/uploads\\\/2021\\\/01\\\/circulo.png\",\"width\":723,\"height\":731,\"caption\":\"Informe Litoral\"},\"image\":{\"@id\":\"https:\\\/\\\/informelitoral.com.ar\\\/#\\\/schema\\\/logo\\\/image\\\/\"},\"sameAs\":[\"https:\\\/\\\/www.facebook.com\\\/informelitoral\\\/\",\"https:\\\/\\\/x.com\\\/InformeLitoral\",\"https:\\\/\\\/www.instagram.com\\\/informelitoral\\\/\",\"https:\\\/\\\/www.youtube.com\\\/channel\\\/UCua4Qvz8Icb6MYqhoq9xLXw\"]},{\"@type\":\"Person\",\"@id\":\"https:\\\/\\\/informelitoral.com.ar\\\/#\\\/schema\\\/person\\\/b9d00407c836482871ef1d57bf8e3180\",\"name\":\"Gonzalo Schmidt\",\"image\":{\"@type\":\"ImageObject\",\"inLanguage\":\"es\",\"@id\":\"https:\\\/\\\/secure.gravatar.com\\\/avatar\\\/31a1a7b66ff2de83bd0e9fd79d026630d2d99e55e8bfe501287647b4fd9743de?s=96&d=mm&r=g\",\"url\":\"https:\\\/\\\/secure.gravatar.com\\\/avatar\\\/31a1a7b66ff2de83bd0e9fd79d026630d2d99e55e8bfe501287647b4fd9743de?s=96&d=mm&r=g\",\"contentUrl\":\"https:\\\/\\\/secure.gravatar.com\\\/avatar\\\/31a1a7b66ff2de83bd0e9fd79d026630d2d99e55e8bfe501287647b4fd9743de?s=96&d=mm&r=g\",\"caption\":\"Gonzalo Schmidt\"},\"description\":\"Sitio web de noticias de la provincia de Entre R\u00edos, Argentina. Informaci\u00f3n y entretenimiento. Informe Litoral, nos informamos.\",\"sameAs\":[\"http:\\\/\\\/www.isletasnoticias.com.ar\"],\"url\":\"https:\\\/\\\/informelitoral.com.ar\\\/author\\\/gonzalo\\\/\"}]}<\/script>","yoast_head_json":{"title":"Macri envi\u00f3 un aporte de 8 millones de pesos para Concordia - Informe Litoral","robots":{"index":"index","follow":"follow","max-snippet":"max-snippet:-1","max-image-preview":"max-image-preview:large","max-video-preview":"max-video-preview:-1"},"canonical":"https:\/\/informelitoral.com.ar\/macri-envio-un-aporte-un-aporte-de-8-millones-de-pesos-para-concordia\/","og_locale":"es_ES","og_type":"article","og_title":"Macri envi\u00f3 un aporte de 8 millones de pesos para Concordia - Informe Litoral","og_description":"El ministro de Gobierno, Mauro Urribarri, entreg&oacute; este martes un aporte nacional para Concordia que gestion&oacute; el gobernador Gustavo Bordet por 8 millones de pesos para cooperar con el operativo de recuperaci&oacute;n de la ciudad luego de la crecida del r&iacute;o Uruguay. Fue durante un encuentro con el intendente Enrique Cresto. &ldquo;El lunes estuvo el [&hellip;]","og_url":"https:\/\/informelitoral.com.ar\/macri-envio-un-aporte-un-aporte-de-8-millones-de-pesos-para-concordia\/","og_site_name":"Informe Litoral","article_publisher":"https:\/\/www.facebook.com\/informelitoral\/","article_published_time":"2016-01-14T12:37:28+00:00","article_modified_time":"2016-01-14T12:39:33+00:00","og_image":[{"width":492,"height":281,"url":"https:\/\/informelitoral.com.ar\/%77%70%2d%63%6f%6e%74%65%6e%74\/uploads\/2016\/01\/b_1452691236.jpg","type":"image\/jpeg"}],"author":"Gonzalo Schmidt","twitter_card":"summary_large_image","twitter_creator":"@InformeLitoral","twitter_site":"@InformeLitoral","twitter_misc":{"Escrito por":"Gonzalo Schmidt","Tiempo de lectura":"2 minutos"},"schema":{"@context":"https:\/\/schema.org","@graph":[{"@type":"Article","@id":"https:\/\/informelitoral.com.ar\/macri-envio-un-aporte-un-aporte-de-8-millones-de-pesos-para-concordia\/#article","isPartOf":{"@id":"https:\/\/informelitoral.com.ar\/macri-envio-un-aporte-un-aporte-de-8-millones-de-pesos-para-concordia\/"},"author":{"name":"Gonzalo Schmidt","@id":"https:\/\/informelitoral.com.ar\/#\/schema\/person\/b9d00407c836482871ef1d57bf8e3180"},"headline":"Macri envi\u00f3 un aporte de 8 millones de pesos para Concordia","datePublished":"2016-01-14T12:37:28+00:00","dateModified":"2016-01-14T12:39:33+00:00","mainEntityOfPage":{"@id":"https:\/\/informelitoral.com.ar\/macri-envio-un-aporte-un-aporte-de-8-millones-de-pesos-para-concordia\/"},"wordCount":403,"commentCount":0,"publisher":{"@id":"https:\/\/informelitoral.com.ar\/#organization"},"image":{"@id":"https:\/\/informelitoral.com.ar\/macri-envio-un-aporte-un-aporte-de-8-millones-de-pesos-para-concordia\/#primaryimage"},"thumbnailUrl":"http:\/\/www.isletasnoticias.com.ar\/%77%70%2d%63%6f%6e%74%65%6e%74\/uploads\/2016\/01\/b_1452691236.jpg","articleSection":["Entre R\u00edos","Politica"],"inLanguage":"es","potentialAction":[{"@type":"CommentAction","name":"Comment","target":["https:\/\/informelitoral.com.ar\/macri-envio-un-aporte-un-aporte-de-8-millones-de-pesos-para-concordia\/#respond"]}]},{"@type":"WebPage","@id":"https:\/\/informelitoral.com.ar\/macri-envio-un-aporte-un-aporte-de-8-millones-de-pesos-para-concordia\/","url":"https:\/\/informelitoral.com.ar\/macri-envio-un-aporte-un-aporte-de-8-millones-de-pesos-para-concordia\/","name":"Macri envi\u00f3 un aporte de 8 millones de pesos para Concordia - Informe Litoral","isPartOf":{"@id":"https:\/\/informelitoral.com.ar\/#website"},"primaryImageOfPage":{"@id":"https:\/\/informelitoral.com.ar\/macri-envio-un-aporte-un-aporte-de-8-millones-de-pesos-para-concordia\/#primaryimage"},"image":{"@id":"https:\/\/informelitoral.com.ar\/macri-envio-un-aporte-un-aporte-de-8-millones-de-pesos-para-concordia\/#primaryimage"},"thumbnailUrl":"http:\/\/www.isletasnoticias.com.ar\/%77%70%2d%63%6f%6e%74%65%6e%74\/uploads\/2016\/01\/b_1452691236.jpg","datePublished":"2016-01-14T12:37:28+00:00","dateModified":"2016-01-14T12:39:33+00:00","breadcrumb":{"@id":"https:\/\/informelitoral.com.ar\/macri-envio-un-aporte-un-aporte-de-8-millones-de-pesos-para-concordia\/#breadcrumb"},"inLanguage":"es","potentialAction":[{"@type":"ReadAction","target":["https:\/\/informelitoral.com.ar\/macri-envio-un-aporte-un-aporte-de-8-millones-de-pesos-para-concordia\/"]}]},{"@type":"ImageObject","inLanguage":"es","@id":"https:\/\/informelitoral.com.ar\/macri-envio-un-aporte-un-aporte-de-8-millones-de-pesos-para-concordia\/#primaryimage","url":"http:\/\/www.isletasnoticias.com.ar\/%77%70%2d%63%6f%6e%74%65%6e%74\/uploads\/2016\/01\/b_1452691236.jpg","contentUrl":"http:\/\/www.isletasnoticias.com.ar\/%77%70%2d%63%6f%6e%74%65%6e%74\/uploads\/2016\/01\/b_1452691236.jpg"},{"@type":"BreadcrumbList","@id":"https:\/\/informelitoral.com.ar\/macri-envio-un-aporte-un-aporte-de-8-millones-de-pesos-para-concordia\/#breadcrumb","itemListElement":[{"@type":"ListItem","position":1,"name":"Portada","item":"https:\/\/informelitoral.com.ar\/"},{"@type":"ListItem","position":2,"name":"Macri envi\u00f3 un aporte de 8 millones de pesos para Concordia"}]},{"@type":"WebSite","@id":"https:\/\/informelitoral.com.ar\/#website","url":"https:\/\/informelitoral.com.ar\/","name":"Informe Litoral","description":"&quot;Nos informamos&quot; ","publisher":{"@id":"https:\/\/informelitoral.com.ar\/#organization"},"potentialAction":[{"@type":"SearchAction","target":{"@type":"EntryPoint","urlTemplate":"https:\/\/informelitoral.com.ar\/?s={search_term_string}"},"query-input":{"@type":"PropertyValueSpecification","valueRequired":true,"valueName":"search_term_string"}}],"inLanguage":"es"},{"@type":"Organization","@id":"https:\/\/informelitoral.com.ar\/#organization","name":"Informe Litoral","url":"https:\/\/informelitoral.com.ar\/","logo":{"@type":"ImageObject","inLanguage":"es","@id":"https:\/\/informelitoral.com.ar\/#\/schema\/logo\/image\/","url":"https:\/\/informelitoral.com.ar\/%77%70%2d%63%6f%6e%74%65%6e%74\/uploads\/2021\/01\/circulo.png","contentUrl":"https:\/\/informelitoral.com.ar\/%77%70%2d%63%6f%6e%74%65%6e%74\/uploads\/2021\/01\/circulo.png","width":723,"height":731,"caption":"Informe Litoral"},"image":{"@id":"https:\/\/informelitoral.com.ar\/#\/schema\/logo\/image\/"},"sameAs":["https:\/\/www.facebook.com\/informelitoral\/","https:\/\/x.com\/InformeLitoral","https:\/\/www.instagram.com\/informelitoral\/","https:\/\/www.youtube.com\/channel\/UCua4Qvz8Icb6MYqhoq9xLXw"]},{"@type":"Person","@id":"https:\/\/informelitoral.com.ar\/#\/schema\/person\/b9d00407c836482871ef1d57bf8e3180","name":"Gonzalo Schmidt","image":{"@type":"ImageObject","inLanguage":"es","@id":"https:\/\/secure.gravatar.com\/avatar\/31a1a7b66ff2de83bd0e9fd79d026630d2d99e55e8bfe501287647b4fd9743de?s=96&d=mm&r=g","url":"https:\/\/secure.gravatar.com\/avatar\/31a1a7b66ff2de83bd0e9fd79d026630d2d99e55e8bfe501287647b4fd9743de?s=96&d=mm&r=g","contentUrl":"https:\/\/secure.gravatar.com\/avatar\/31a1a7b66ff2de83bd0e9fd79d026630d2d99e55e8bfe501287647b4fd9743de?s=96&d=mm&r=g","caption":"Gonzalo Schmidt"},"description":"Sitio web de noticias de la provincia de Entre R\u00edos, Argentina. Informaci\u00f3n y entretenimiento. Informe Litoral, nos informamos.","sameAs":["http:\/\/www.isletasnoticias.com.ar"],"url":"https:\/\/informelitoral.com.ar\/author\/gonzalo\/"}]}},"_links":{"self":[{"href":"https:\/\/informelitoral.com.ar\/%77%70%2d%6a%73%6f%6e\/wp\/v2\/posts\/13261","targetHints":{"allow":["GET"]}}],"collection":[{"href":"https:\/\/informelitoral.com.ar\/%77%70%2d%6a%73%6f%6e\/wp\/v2\/posts"}],"about":[{"href":"https:\/\/informelitoral.com.ar\/%77%70%2d%6a%73%6f%6e\/wp\/v2\/types\/post"}],"author":[{"embeddable":true,"href":"https:\/\/informelitoral.com.ar\/%77%70%2d%6a%73%6f%6e\/wp\/v2\/users\/2"}],"replies":[{"embeddable":true,"href":"https:\/\/informelitoral.com.ar\/%77%70%2d%6a%73%6f%6e\/wp\/v2\/comments?post=13261"}],"version-history":[{"count":0,"href":"https:\/\/informelitoral.com.ar\/%77%70%2d%6a%73%6f%6e\/wp\/v2\/posts\/13261\/revisions"}],"wp:attachment":[{"href":"https:\/\/informelitoral.com.ar\/%77%70%2d%6a%73%6f%6e\/wp\/v2\/media?parent=13261"}],"wp:term":[{"taxonomy":"category","embeddable":true,"href":"https:\/\/informelitoral.com.ar\/%77%70%2d%6a%73%6f%6e\/wp\/v2\/categories?post=13261"},{"taxonomy":"post_tag","embeddable":true,"href":"https:\/\/informelitoral.com.ar\/%77%70%2d%6a%73%6f%6e\/wp\/v2\/tags?post=13261"}],"curies":[{"name":"wp","href":"https:\/\/api.w.org\/{rel}","templated":true}]}}