{"id":13255,"date":"2016-01-12T19:37:38","date_gmt":"2016-01-12T22:37:38","guid":{"rendered":"http:\/\/www.isletasnoticias.com.ar\/?p=13255"},"modified":"2016-01-12T19:38:12","modified_gmt":"2016-01-12T22:38:12","slug":"dakar-2016-el-podio-en-los-cuatriciclos-fue-para-los-argentinos","status":"publish","type":"post","link":"https:\/\/informelitoral.com.ar\/dakar-2016-el-podio-en-los-cuatriciclos-fue-para-los-argentinos\/","title":{"rendered":"Dakar 2016: el podio en los cuatriciclos fue para los argentinos"},"content":{"rendered":"<p><strong>El cordob\u00e9s <em>Pablo Copetti<\/em> sorprendi\u00f3 a todos al quedarse con el triunfo en la novena etapa de la categor\u00eda cuatriciclos, donde fue escoltado por los hermanos <em>Patronelli, Alejandro<\/em> lleg\u00f3 segundo y<em> Marcos<\/em>, l\u00edder de la general, tercero.<a href=\"http:\/\/www.isletasnoticias.com.ar\/%77%70%2d%63%6f%6e%74%65%6e%74\/uploads\/2016\/01\/n_1452630610.jpg\"><img loading=\"lazy\" decoding=\"async\" class=\"aligncenter size-full wp-image-13256\" src=\"http:\/\/www.isletasnoticias.com.ar\/%77%70%2d%63%6f%6e%74%65%6e%74\/uploads\/2016\/01\/n_1452630610.jpg\" alt=\"n_1452630610\" width=\"640\" height=\"360\" srcset=\"https:\/\/informelitoral.com.ar\/%77%70%2d%63%6f%6e%74%65%6e%74\/uploads\/2016\/01\/n_1452630610.jpg 640w, https:\/\/informelitoral.com.ar\/%77%70%2d%63%6f%6e%74%65%6e%74\/uploads\/2016\/01\/n_1452630610-300x169.jpg 300w\" sizes=\"auto, (max-width: 640px) 100vw, 640px\" \/><\/a><\/strong><\/p>\n<p>Luego de una octava etapa en la que Marcos Patronelli sum\u00f3 su segundo triunfo al terminar la especial en 5h4118s y relegar a su hermano mayor Alejandro, por 5m42s, la 9\u00ba etapa en la categor\u00eda cuatriciclos, con salida y llegada en la localidad catamarque\u00f1a de Bel\u00e9n, tambi\u00e9n depar\u00f3 buenas noticias para los argentinos.<\/p>\n<p>Pero quien se impuso no fue ninguno de los hermanos, si no Pablo Copetti, indic\u00f3 <em>Elonce.com<\/em><\/p>\n<p>Copetti se impuso al t\u00e1ndem Patronelli, ofreciendo as\u00ed un triplete argentino a los numerosos espectadores presentes en la meta. Alejandro qued\u00f3 en segundo lugar a 35 segundos y Marcos en tercero a 1:28 minutos.<\/p>\n<p>Tras esta novena etapa, Marcos sigue como l\u00edder de la clasificaci\u00f3n general, con una ventaja de 1:13 minutos sobre su hermano y 40:09 sobre el peruano Alexis Hern\u00e1ndez.<\/p>\n","protected":false},"excerpt":{"rendered":"<p>El cordob&eacute;s Pablo Copetti sorprendi&oacute; a todos al quedarse con el triunfo en la novena etapa de la categor&iacute;a cuatriciclos, donde fue escoltado por los hermanos Patronelli, Alejandro lleg&oacute; segundo y Marcos, l&iacute;der de la general, tercero. Luego de una octava etapa en la que Marcos Patronelli sum&oacute; su segundo triunfo al terminar la especial [&hellip;]<\/p>\n","protected":false},"author":2,"featured_media":0,"comment_status":"open","ping_status":"open","sticky":false,"template":"","format":"standard","meta":{"fifu_image_url":"","fifu_image_alt":"","footnotes":""},"categories":[13],"tags":[],"class_list":{"0":"post-13255","1":"post","2":"type-post","3":"status-publish","4":"format-standard","6":"category-deportes"},"yoast_head":"<title>Dakar 2016: el podio en los cuatriciclos fue para los argentinos - Informe Litoral<\/title>\n<meta name=\"robots\" content=\"index, follow, max-snippet:-1, max-image-preview:large, max-video-preview:-1\" \/>\n<link rel=\"canonical\" href=\"https:\/\/informelitoral.com.ar\/dakar-2016-el-podio-en-los-cuatriciclos-fue-para-los-argentinos\/\" \/>\n<meta property=\"og:locale\" content=\"es_ES\" \/>\n<meta property=\"og:type\" content=\"article\" \/>\n<meta property=\"og:title\" content=\"Dakar 2016: el podio en los cuatriciclos fue para los argentinos - Informe Litoral\" \/>\n<meta property=\"og:description\" content=\"El cordob&eacute;s Pablo Copetti sorprendi&oacute; a todos al quedarse con el triunfo en la novena etapa de la categor&iacute;a cuatriciclos, donde fue escoltado por los hermanos Patronelli, Alejandro lleg&oacute; segundo y Marcos, l&iacute;der de la general, tercero. Luego de una octava etapa en la que Marcos Patronelli sum&oacute; su segundo triunfo al terminar la especial [&hellip;]\" \/>\n<meta property=\"og:url\" content=\"https:\/\/informelitoral.com.ar\/dakar-2016-el-podio-en-los-cuatriciclos-fue-para-los-argentinos\/\" \/>\n<meta property=\"og:site_name\" content=\"Informe Litoral\" \/>\n<meta property=\"article:publisher\" content=\"https:\/\/www.facebook.com\/informelitoral\/\" \/>\n<meta property=\"article:published_time\" content=\"2016-01-12T22:37:38+00:00\" \/>\n<meta property=\"article:modified_time\" content=\"2016-01-12T22:38:12+00:00\" \/>\n<meta property=\"og:image\" content=\"https:\/\/informelitoral.com.ar\/%77%70%2d%63%6f%6e%74%65%6e%74\/uploads\/2016\/01\/n_1452630610.jpg\" \/>\n\t<meta property=\"og:image:width\" content=\"640\" \/>\n\t<meta property=\"og:image:height\" content=\"360\" \/>\n\t<meta property=\"og:image:type\" content=\"image\/jpeg\" \/>\n<meta name=\"author\" content=\"Gonzalo Schmidt\" \/>\n<meta name=\"twitter:card\" content=\"summary_large_image\" \/>\n<meta name=\"twitter:creator\" content=\"@InformeLitoral\" \/>\n<meta name=\"twitter:site\" content=\"@InformeLitoral\" \/>\n<meta name=\"twitter:label1\" content=\"Escrito por\" \/>\n\t<meta name=\"twitter:data1\" content=\"Gonzalo Schmidt\" \/>\n\t<meta name=\"twitter:label2\" content=\"Tiempo de lectura\" \/>\n\t<meta name=\"twitter:data2\" content=\"1 minuto\" \/>\n<script type=\"application\/ld+json\" class=\"yoast-schema-graph\">{\"@context\":\"https:\\\/\\\/schema.org\",\"@graph\":[{\"@type\":\"Article\",\"@id\":\"https:\\\/\\\/informelitoral.com.ar\\\/dakar-2016-el-podio-en-los-cuatriciclos-fue-para-los-argentinos\\\/#article\",\"isPartOf\":{\"@id\":\"https:\\\/\\\/informelitoral.com.ar\\\/dakar-2016-el-podio-en-los-cuatriciclos-fue-para-los-argentinos\\\/\"},\"author\":{\"name\":\"Gonzalo Schmidt\",\"@id\":\"https:\\\/\\\/informelitoral.com.ar\\\/#\\\/schema\\\/person\\\/b9d00407c836482871ef1d57bf8e3180\"},\"headline\":\"Dakar 2016: el podio en los cuatriciclos fue para los argentinos\",\"datePublished\":\"2016-01-12T22:37:38+00:00\",\"dateModified\":\"2016-01-12T22:38:12+00:00\",\"mainEntityOfPage\":{\"@id\":\"https:\\\/\\\/informelitoral.com.ar\\\/dakar-2016-el-podio-en-los-cuatriciclos-fue-para-los-argentinos\\\/\"},\"wordCount\":187,\"commentCount\":0,\"publisher\":{\"@id\":\"https:\\\/\\\/informelitoral.com.ar\\\/#organization\"},\"image\":{\"@id\":\"https:\\\/\\\/informelitoral.com.ar\\\/dakar-2016-el-podio-en-los-cuatriciclos-fue-para-los-argentinos\\\/#primaryimage\"},\"thumbnailUrl\":\"http:\\\/\\\/www.isletasnoticias.com.ar\\\/%77%70%2d%63%6f%6e%74%65%6e%74\\\/uploads\\\/2016\\\/01\\\/n_1452630610.jpg\",\"articleSection\":[\"Deportes\"],\"inLanguage\":\"es\",\"potentialAction\":[{\"@type\":\"CommentAction\",\"name\":\"Comment\",\"target\":[\"https:\\\/\\\/informelitoral.com.ar\\\/dakar-2016-el-podio-en-los-cuatriciclos-fue-para-los-argentinos\\\/#respond\"]}]},{\"@type\":\"WebPage\",\"@id\":\"https:\\\/\\\/informelitoral.com.ar\\\/dakar-2016-el-podio-en-los-cuatriciclos-fue-para-los-argentinos\\\/\",\"url\":\"https:\\\/\\\/informelitoral.com.ar\\\/dakar-2016-el-podio-en-los-cuatriciclos-fue-para-los-argentinos\\\/\",\"name\":\"Dakar 2016: el podio en los cuatriciclos fue para los argentinos - Informe Litoral\",\"isPartOf\":{\"@id\":\"https:\\\/\\\/informelitoral.com.ar\\\/#website\"},\"primaryImageOfPage\":{\"@id\":\"https:\\\/\\\/informelitoral.com.ar\\\/dakar-2016-el-podio-en-los-cuatriciclos-fue-para-los-argentinos\\\/#primaryimage\"},\"image\":{\"@id\":\"https:\\\/\\\/informelitoral.com.ar\\\/dakar-2016-el-podio-en-los-cuatriciclos-fue-para-los-argentinos\\\/#primaryimage\"},\"thumbnailUrl\":\"http:\\\/\\\/www.isletasnoticias.com.ar\\\/%77%70%2d%63%6f%6e%74%65%6e%74\\\/uploads\\\/2016\\\/01\\\/n_1452630610.jpg\",\"datePublished\":\"2016-01-12T22:37:38+00:00\",\"dateModified\":\"2016-01-12T22:38:12+00:00\",\"breadcrumb\":{\"@id\":\"https:\\\/\\\/informelitoral.com.ar\\\/dakar-2016-el-podio-en-los-cuatriciclos-fue-para-los-argentinos\\\/#breadcrumb\"},\"inLanguage\":\"es\",\"potentialAction\":[{\"@type\":\"ReadAction\",\"target\":[\"https:\\\/\\\/informelitoral.com.ar\\\/dakar-2016-el-podio-en-los-cuatriciclos-fue-para-los-argentinos\\\/\"]}]},{\"@type\":\"ImageObject\",\"inLanguage\":\"es\",\"@id\":\"https:\\\/\\\/informelitoral.com.ar\\\/dakar-2016-el-podio-en-los-cuatriciclos-fue-para-los-argentinos\\\/#primaryimage\",\"url\":\"http:\\\/\\\/www.isletasnoticias.com.ar\\\/%77%70%2d%63%6f%6e%74%65%6e%74\\\/uploads\\\/2016\\\/01\\\/n_1452630610.jpg\",\"contentUrl\":\"http:\\\/\\\/www.isletasnoticias.com.ar\\\/%77%70%2d%63%6f%6e%74%65%6e%74\\\/uploads\\\/2016\\\/01\\\/n_1452630610.jpg\"},{\"@type\":\"BreadcrumbList\",\"@id\":\"https:\\\/\\\/informelitoral.com.ar\\\/dakar-2016-el-podio-en-los-cuatriciclos-fue-para-los-argentinos\\\/#breadcrumb\",\"itemListElement\":[{\"@type\":\"ListItem\",\"position\":1,\"name\":\"Portada\",\"item\":\"https:\\\/\\\/informelitoral.com.ar\\\/\"},{\"@type\":\"ListItem\",\"position\":2,\"name\":\"Dakar 2016: el podio en los cuatriciclos fue para los argentinos\"}]},{\"@type\":\"WebSite\",\"@id\":\"https:\\\/\\\/informelitoral.com.ar\\\/#website\",\"url\":\"https:\\\/\\\/informelitoral.com.ar\\\/\",\"name\":\"Informe Litoral\",\"description\":\"&quot;Nos informamos&quot; \",\"publisher\":{\"@id\":\"https:\\\/\\\/informelitoral.com.ar\\\/#organization\"},\"potentialAction\":[{\"@type\":\"SearchAction\",\"target\":{\"@type\":\"EntryPoint\",\"urlTemplate\":\"https:\\\/\\\/informelitoral.com.ar\\\/?s={search_term_string}\"},\"query-input\":{\"@type\":\"PropertyValueSpecification\",\"valueRequired\":true,\"valueName\":\"search_term_string\"}}],\"inLanguage\":\"es\"},{\"@type\":\"Organization\",\"@id\":\"https:\\\/\\\/informelitoral.com.ar\\\/#organization\",\"name\":\"Informe Litoral\",\"url\":\"https:\\\/\\\/informelitoral.com.ar\\\/\",\"logo\":{\"@type\":\"ImageObject\",\"inLanguage\":\"es\",\"@id\":\"https:\\\/\\\/informelitoral.com.ar\\\/#\\\/schema\\\/logo\\\/image\\\/\",\"url\":\"https:\\\/\\\/informelitoral.com.ar\\\/%77%70%2d%63%6f%6e%74%65%6e%74\\\/uploads\\\/2021\\\/01\\\/circulo.png\",\"contentUrl\":\"https:\\\/\\\/informelitoral.com.ar\\\/%77%70%2d%63%6f%6e%74%65%6e%74\\\/uploads\\\/2021\\\/01\\\/circulo.png\",\"width\":723,\"height\":731,\"caption\":\"Informe Litoral\"},\"image\":{\"@id\":\"https:\\\/\\\/informelitoral.com.ar\\\/#\\\/schema\\\/logo\\\/image\\\/\"},\"sameAs\":[\"https:\\\/\\\/www.facebook.com\\\/informelitoral\\\/\",\"https:\\\/\\\/x.com\\\/InformeLitoral\",\"https:\\\/\\\/www.instagram.com\\\/informelitoral\\\/\",\"https:\\\/\\\/www.youtube.com\\\/channel\\\/UCua4Qvz8Icb6MYqhoq9xLXw\"]},{\"@type\":\"Person\",\"@id\":\"https:\\\/\\\/informelitoral.com.ar\\\/#\\\/schema\\\/person\\\/b9d00407c836482871ef1d57bf8e3180\",\"name\":\"Gonzalo Schmidt\",\"image\":{\"@type\":\"ImageObject\",\"inLanguage\":\"es\",\"@id\":\"https:\\\/\\\/secure.gravatar.com\\\/avatar\\\/31a1a7b66ff2de83bd0e9fd79d026630d2d99e55e8bfe501287647b4fd9743de?s=96&d=mm&r=g\",\"url\":\"https:\\\/\\\/secure.gravatar.com\\\/avatar\\\/31a1a7b66ff2de83bd0e9fd79d026630d2d99e55e8bfe501287647b4fd9743de?s=96&d=mm&r=g\",\"contentUrl\":\"https:\\\/\\\/secure.gravatar.com\\\/avatar\\\/31a1a7b66ff2de83bd0e9fd79d026630d2d99e55e8bfe501287647b4fd9743de?s=96&d=mm&r=g\",\"caption\":\"Gonzalo Schmidt\"},\"description\":\"Sitio web de noticias de la provincia de Entre R\u00edos, Argentina. Informaci\u00f3n y entretenimiento. Informe Litoral, nos informamos.\",\"sameAs\":[\"http:\\\/\\\/www.isletasnoticias.com.ar\"],\"url\":\"https:\\\/\\\/informelitoral.com.ar\\\/author\\\/gonzalo\\\/\"}]}<\/script>","yoast_head_json":{"title":"Dakar 2016: el podio en los cuatriciclos fue para los argentinos - Informe Litoral","robots":{"index":"index","follow":"follow","max-snippet":"max-snippet:-1","max-image-preview":"max-image-preview:large","max-video-preview":"max-video-preview:-1"},"canonical":"https:\/\/informelitoral.com.ar\/dakar-2016-el-podio-en-los-cuatriciclos-fue-para-los-argentinos\/","og_locale":"es_ES","og_type":"article","og_title":"Dakar 2016: el podio en los cuatriciclos fue para los argentinos - Informe Litoral","og_description":"El cordob&eacute;s Pablo Copetti sorprendi&oacute; a todos al quedarse con el triunfo en la novena etapa de la categor&iacute;a cuatriciclos, donde fue escoltado por los hermanos Patronelli, Alejandro lleg&oacute; segundo y Marcos, l&iacute;der de la general, tercero. Luego de una octava etapa en la que Marcos Patronelli sum&oacute; su segundo triunfo al terminar la especial [&hellip;]","og_url":"https:\/\/informelitoral.com.ar\/dakar-2016-el-podio-en-los-cuatriciclos-fue-para-los-argentinos\/","og_site_name":"Informe Litoral","article_publisher":"https:\/\/www.facebook.com\/informelitoral\/","article_published_time":"2016-01-12T22:37:38+00:00","article_modified_time":"2016-01-12T22:38:12+00:00","og_image":[{"width":640,"height":360,"url":"https:\/\/informelitoral.com.ar\/%77%70%2d%63%6f%6e%74%65%6e%74\/uploads\/2016\/01\/n_1452630610.jpg","type":"image\/jpeg"}],"author":"Gonzalo Schmidt","twitter_card":"summary_large_image","twitter_creator":"@InformeLitoral","twitter_site":"@InformeLitoral","twitter_misc":{"Escrito por":"Gonzalo Schmidt","Tiempo de lectura":"1 minuto"},"schema":{"@context":"https:\/\/schema.org","@graph":[{"@type":"Article","@id":"https:\/\/informelitoral.com.ar\/dakar-2016-el-podio-en-los-cuatriciclos-fue-para-los-argentinos\/#article","isPartOf":{"@id":"https:\/\/informelitoral.com.ar\/dakar-2016-el-podio-en-los-cuatriciclos-fue-para-los-argentinos\/"},"author":{"name":"Gonzalo Schmidt","@id":"https:\/\/informelitoral.com.ar\/#\/schema\/person\/b9d00407c836482871ef1d57bf8e3180"},"headline":"Dakar 2016: el podio en los cuatriciclos fue para los argentinos","datePublished":"2016-01-12T22:37:38+00:00","dateModified":"2016-01-12T22:38:12+00:00","mainEntityOfPage":{"@id":"https:\/\/informelitoral.com.ar\/dakar-2016-el-podio-en-los-cuatriciclos-fue-para-los-argentinos\/"},"wordCount":187,"commentCount":0,"publisher":{"@id":"https:\/\/informelitoral.com.ar\/#organization"},"image":{"@id":"https:\/\/informelitoral.com.ar\/dakar-2016-el-podio-en-los-cuatriciclos-fue-para-los-argentinos\/#primaryimage"},"thumbnailUrl":"http:\/\/www.isletasnoticias.com.ar\/%77%70%2d%63%6f%6e%74%65%6e%74\/uploads\/2016\/01\/n_1452630610.jpg","articleSection":["Deportes"],"inLanguage":"es","potentialAction":[{"@type":"CommentAction","name":"Comment","target":["https:\/\/informelitoral.com.ar\/dakar-2016-el-podio-en-los-cuatriciclos-fue-para-los-argentinos\/#respond"]}]},{"@type":"WebPage","@id":"https:\/\/informelitoral.com.ar\/dakar-2016-el-podio-en-los-cuatriciclos-fue-para-los-argentinos\/","url":"https:\/\/informelitoral.com.ar\/dakar-2016-el-podio-en-los-cuatriciclos-fue-para-los-argentinos\/","name":"Dakar 2016: el podio en los cuatriciclos fue para los argentinos - Informe Litoral","isPartOf":{"@id":"https:\/\/informelitoral.com.ar\/#website"},"primaryImageOfPage":{"@id":"https:\/\/informelitoral.com.ar\/dakar-2016-el-podio-en-los-cuatriciclos-fue-para-los-argentinos\/#primaryimage"},"image":{"@id":"https:\/\/informelitoral.com.ar\/dakar-2016-el-podio-en-los-cuatriciclos-fue-para-los-argentinos\/#primaryimage"},"thumbnailUrl":"http:\/\/www.isletasnoticias.com.ar\/%77%70%2d%63%6f%6e%74%65%6e%74\/uploads\/2016\/01\/n_1452630610.jpg","datePublished":"2016-01-12T22:37:38+00:00","dateModified":"2016-01-12T22:38:12+00:00","breadcrumb":{"@id":"https:\/\/informelitoral.com.ar\/dakar-2016-el-podio-en-los-cuatriciclos-fue-para-los-argentinos\/#breadcrumb"},"inLanguage":"es","potentialAction":[{"@type":"ReadAction","target":["https:\/\/informelitoral.com.ar\/dakar-2016-el-podio-en-los-cuatriciclos-fue-para-los-argentinos\/"]}]},{"@type":"ImageObject","inLanguage":"es","@id":"https:\/\/informelitoral.com.ar\/dakar-2016-el-podio-en-los-cuatriciclos-fue-para-los-argentinos\/#primaryimage","url":"http:\/\/www.isletasnoticias.com.ar\/%77%70%2d%63%6f%6e%74%65%6e%74\/uploads\/2016\/01\/n_1452630610.jpg","contentUrl":"http:\/\/www.isletasnoticias.com.ar\/%77%70%2d%63%6f%6e%74%65%6e%74\/uploads\/2016\/01\/n_1452630610.jpg"},{"@type":"BreadcrumbList","@id":"https:\/\/informelitoral.com.ar\/dakar-2016-el-podio-en-los-cuatriciclos-fue-para-los-argentinos\/#breadcrumb","itemListElement":[{"@type":"ListItem","position":1,"name":"Portada","item":"https:\/\/informelitoral.com.ar\/"},{"@type":"ListItem","position":2,"name":"Dakar 2016: el podio en los cuatriciclos fue para los argentinos"}]},{"@type":"WebSite","@id":"https:\/\/informelitoral.com.ar\/#website","url":"https:\/\/informelitoral.com.ar\/","name":"Informe Litoral","description":"&quot;Nos informamos&quot; ","publisher":{"@id":"https:\/\/informelitoral.com.ar\/#organization"},"potentialAction":[{"@type":"SearchAction","target":{"@type":"EntryPoint","urlTemplate":"https:\/\/informelitoral.com.ar\/?s={search_term_string}"},"query-input":{"@type":"PropertyValueSpecification","valueRequired":true,"valueName":"search_term_string"}}],"inLanguage":"es"},{"@type":"Organization","@id":"https:\/\/informelitoral.com.ar\/#organization","name":"Informe Litoral","url":"https:\/\/informelitoral.com.ar\/","logo":{"@type":"ImageObject","inLanguage":"es","@id":"https:\/\/informelitoral.com.ar\/#\/schema\/logo\/image\/","url":"https:\/\/informelitoral.com.ar\/%77%70%2d%63%6f%6e%74%65%6e%74\/uploads\/2021\/01\/circulo.png","contentUrl":"https:\/\/informelitoral.com.ar\/%77%70%2d%63%6f%6e%74%65%6e%74\/uploads\/2021\/01\/circulo.png","width":723,"height":731,"caption":"Informe Litoral"},"image":{"@id":"https:\/\/informelitoral.com.ar\/#\/schema\/logo\/image\/"},"sameAs":["https:\/\/www.facebook.com\/informelitoral\/","https:\/\/x.com\/InformeLitoral","https:\/\/www.instagram.com\/informelitoral\/","https:\/\/www.youtube.com\/channel\/UCua4Qvz8Icb6MYqhoq9xLXw"]},{"@type":"Person","@id":"https:\/\/informelitoral.com.ar\/#\/schema\/person\/b9d00407c836482871ef1d57bf8e3180","name":"Gonzalo Schmidt","image":{"@type":"ImageObject","inLanguage":"es","@id":"https:\/\/secure.gravatar.com\/avatar\/31a1a7b66ff2de83bd0e9fd79d026630d2d99e55e8bfe501287647b4fd9743de?s=96&d=mm&r=g","url":"https:\/\/secure.gravatar.com\/avatar\/31a1a7b66ff2de83bd0e9fd79d026630d2d99e55e8bfe501287647b4fd9743de?s=96&d=mm&r=g","contentUrl":"https:\/\/secure.gravatar.com\/avatar\/31a1a7b66ff2de83bd0e9fd79d026630d2d99e55e8bfe501287647b4fd9743de?s=96&d=mm&r=g","caption":"Gonzalo Schmidt"},"description":"Sitio web de noticias de la provincia de Entre R\u00edos, Argentina. Informaci\u00f3n y entretenimiento. Informe Litoral, nos informamos.","sameAs":["http:\/\/www.isletasnoticias.com.ar"],"url":"https:\/\/informelitoral.com.ar\/author\/gonzalo\/"}]}},"_links":{"self":[{"href":"https:\/\/informelitoral.com.ar\/%77%70%2d%6a%73%6f%6e\/wp\/v2\/posts\/13255","targetHints":{"allow":["GET"]}}],"collection":[{"href":"https:\/\/informelitoral.com.ar\/%77%70%2d%6a%73%6f%6e\/wp\/v2\/posts"}],"about":[{"href":"https:\/\/informelitoral.com.ar\/%77%70%2d%6a%73%6f%6e\/wp\/v2\/types\/post"}],"author":[{"embeddable":true,"href":"https:\/\/informelitoral.com.ar\/%77%70%2d%6a%73%6f%6e\/wp\/v2\/users\/2"}],"replies":[{"embeddable":true,"href":"https:\/\/informelitoral.com.ar\/%77%70%2d%6a%73%6f%6e\/wp\/v2\/comments?post=13255"}],"version-history":[{"count":0,"href":"https:\/\/informelitoral.com.ar\/%77%70%2d%6a%73%6f%6e\/wp\/v2\/posts\/13255\/revisions"}],"wp:attachment":[{"href":"https:\/\/informelitoral.com.ar\/%77%70%2d%6a%73%6f%6e\/wp\/v2\/media?parent=13255"}],"wp:term":[{"taxonomy":"category","embeddable":true,"href":"https:\/\/informelitoral.com.ar\/%77%70%2d%6a%73%6f%6e\/wp\/v2\/categories?post=13255"},{"taxonomy":"post_tag","embeddable":true,"href":"https:\/\/informelitoral.com.ar\/%77%70%2d%6a%73%6f%6e\/wp\/v2\/tags?post=13255"}],"curies":[{"name":"wp","href":"https:\/\/api.w.org\/{rel}","templated":true}]}}