{"id":13245,"date":"2016-01-11T17:55:11","date_gmt":"2016-01-11T20:55:11","guid":{"rendered":"http:\/\/www.isletasnoticias.com.ar\/?p=13245"},"modified":"2016-01-11T18:20:18","modified_gmt":"2016-01-11T21:20:18","slug":"masutti-para-nosotros-es-prioritario-que-hayan-mas-industrias-y-mas-comercios","status":"publish","type":"post","link":"https:\/\/informelitoral.com.ar\/masutti-para-nosotros-es-prioritario-que-hayan-mas-industrias-y-mas-comercios\/","title":{"rendered":"Masutti: \u201cPara nosotros es prioritario que hayan m\u00e1s industrias y m\u00e1s comercios\u201d"},"content":{"rendered":"<p><strong>As\u00ed lo manifest\u00f3 el presidente del Centro Comercial de Gral. Ram\u00edrez, quien indic\u00f3 que desean el desarrollo integral de la ciudad. En di\u00e1logo con<em> IN<\/em>, el dirigente destac\u00f3 que el sector tuvo una reuni\u00f3n con el gobernador <em>Gustavo Bordet<\/em> y a nivel local, con el intendente <em>Gustavo Vergara.<\/em> Sobre el 2015, reconoci\u00f3 que hubo un \u201camesetamiento\u201d en la actividad comercial e industrial, por lo que se mostr\u00f3 expectante con las primeras medidas del gobierno nacional.<\/strong><\/p>\n<figure id=\"attachment_13246\" aria-describedby=\"caption-attachment-13246\" style=\"width: 960px\" class=\"wp-caption aligncenter\"><a href=\"http:\/\/www.isletasnoticias.com.ar\/%77%70%2d%63%6f%6e%74%65%6e%74\/uploads\/2016\/01\/jorge-massutti.jpg\"><img loading=\"lazy\" decoding=\"async\" class=\"wp-image-13246 size-full\" src=\"http:\/\/www.isletasnoticias.com.ar\/%77%70%2d%63%6f%6e%74%65%6e%74\/uploads\/2016\/01\/jorge-massutti.jpg\" alt=\"jorge massutti\" width=\"960\" height=\"720\" srcset=\"https:\/\/informelitoral.com.ar\/%77%70%2d%63%6f%6e%74%65%6e%74\/uploads\/2016\/01\/jorge-massutti.jpg 960w, https:\/\/informelitoral.com.ar\/%77%70%2d%63%6f%6e%74%65%6e%74\/uploads\/2016\/01\/jorge-massutti-300x225.jpg 300w\" sizes=\"auto, (max-width: 960px) 100vw, 960px\" \/><\/a><figcaption id=\"caption-attachment-13246\" class=\"wp-caption-text\"><em>Jorge Masutti, presidente del Centro Comercial, Industrial, Agropecuario y de Servicios de Gral. Ram\u00edrez<\/em><\/figcaption><\/figure>\n<p>En una entrevista con <strong><em>ISLETAS NOTICIAS<\/em><\/strong>, el presidente del Centro Comercial Industrial Agropecuario y de Servicios de Gral. Ram\u00edrez, <strong>Jorge Masutti<\/strong>, repas\u00f3 diferentes temas, entre ellos, la actualidad de la actividad en la ciudad. En ese sentido sostuvo que \u201csiempre tratamos de hacer alg\u00fan sondeo entre los comercios y en el 2015 se pudo observar un amesetamiento de las ventas e inclusive una baja. Algo similar sucedi\u00f3 con la actividad industrial, salvo algunos rubros puntuales, el resto vivi\u00f3 una situaci\u00f3n bastante compleja debido a la falta de acceso al cr\u00e9dito, a esto se sum\u00f3 un a\u00f1o electoral por lo que la mayor\u00eda prefiri\u00f3 esperar para invertir o hacer otro tipo de movimientos\u201d, reconoci\u00f3 el dirigente.<\/p>\n<p>En relaci\u00f3n al rol de la entidad que preside, Masutti explic\u00f3: \u201cestamos asociados a la Federaci\u00f3n Econ\u00f3mica de Entre R\u00edos (FEDER), a la C\u00e1mara Argentina de la Mediana Empresa (CAME) y la C\u00e1mara Argentina de Comercio (CAC) y hemos tenido una importante tarea gremial empresaria, yendo a reclamar y proponer a las autoridades gubernamentales; un ejemplo de ello es el Ahora 12. En nuestro caso, desde que presentamos el plan en Ram\u00edrez, tuvimos una primera campa\u00f1a con tres o cuatro comercios adheridos, la segunda tambi\u00e9n cost\u00f3, pero despu\u00e9s comenzaron a sumarse cada vez m\u00e1s, por lo que evidentemente da resultados. No podemos garantizar que solamente ese plan aumente las ventas pero es una herramienta m\u00e1s\u201d, remarc\u00f3.<\/p>\n<p>En relaci\u00f3n al contexto nacional y local, con respecto al cambio de gobierno, el ex concejal cont\u00f3 que \u201ca nivel provincial hemos tenido una entrevista con el gobernador Gustavo Bordet y para febrero quedamos en trabajar en una agenda que consideramos importante, como la presi\u00f3n impositiva, la falta de competitividad, entre otras cuestiones que est\u00e1n plasmadas en un documento elaborado el a\u00f1o pasado pero que no perdi\u00f3 vigencia\u201d, sostuvo.<\/p>\n<p>Sobre la quita de retenciones al sector agropecuario, expres\u00f3: \u201cpor el momento se crearon expectativas y habr\u00e1 que ver qu\u00e9 impacto tendr\u00e1. Ahora hay que esperar unos meses, pero tambi\u00e9n es importante que haya un acompa\u00f1amiento con otras series de medidas que dinamice al resto de los sectores de la econom\u00eda\u201d y sobre el orden local agreg\u00f3: \u201ctuvimos una primera entrevista con el intendente (Gustavo Vergara) y parte de su equipo, charlamos sobre la realidad municipal y nos comentaron sobre algunas medidas que deben tomar. De nuestra parte siempre vamos a reclamar lo que creemos justo, pero tambi\u00e9n nos pusimos a disposici\u00f3n para tratar de ayudar dentro de nuestras posibilidades\u201d.<\/p>\n<p>Al ser consultado sobre el estado de la ampliaci\u00f3n del \u00c1rea Industrial, el presidente del Centro Comercial manifest\u00f3 que \u201ces un tema que tiene varios a\u00f1os, porque siendo concejal en el 2004 present\u00e9 un proyecto de ordenanza para declarar el predio de inter\u00e9s municipal, que a su vez facultaba al intendente a la compra o expropiaci\u00f3n del terreno. Pasaron muchos a\u00f1os y la situaci\u00f3n sigue siendo la misma, con algunas variantes en los \u00faltimos meses, donde hab\u00eda un aparente acuerdo, pero en los hechos qued\u00f3 en la nada. <strong>Para nosotros es prioritario que hayan m\u00e1s industrias y m\u00e1s comercios<\/strong> porque se generar\u00e1n m\u00e1s puestos de trabajo, por eso tambi\u00e9n abordamos ese tema con el intendente, porque creemos en el desarrollo integral de la ciudad\u201d.<\/p>\n<p><strong>En busca de mejorar los servicios<\/strong><\/p>\n<p>\u201cEl Centro Comercial es una entidad gremial empresaria, que marca los problemas pero tambi\u00e9n propone las soluciones\u201d, asegur\u00f3 Jorge Masutti. En ese sentido, hizo un repaso por algunos de los servicios que brindan a los socios y reconoci\u00f3 la principal preocupaci\u00f3n: \u201cEn su momento trabajamos mucho con la venta ambulante e ilegal. En ese tema coincid\u00edamos con el intendente (Kramer) de que hay que ampliar la base tributaria porque de nada sirve aumentarle las tasas siempre a los mismos. Adem\u00e1s, la sociedad debe saber que cada uno que venda art\u00edculos que compitan con comercios que tengan todo en regla, significa un puesto de trabajo menos. Tambi\u00e9n brindamos la atenci\u00f3n con la tarjeta Sidecreer; tenemos las instalaciones, que las alquilamos a un costo muy accesible para socios; atenci\u00f3n personalizada porque tratamos de estar siempre atento a las demandas. A veces cuesta un poco porque las instituciones como la nuestra no han tenido un acercamiento con todos los sectores, por eso es necesario que se involucren, no importa si es un comercio o industria grande o chica. De esa forma se logra que cada uno incorpore conocimientos del otro que ayuden a crecer\u201d.<\/p>\n<p>En cuanto a las instalaciones, desde el Centro Comercial quieren colocarle cielorraso a un sal\u00f3n y luego aires acondicionados, \u201cpara brindar mayor comodidad a socios y no socios y seguir siendo una instituci\u00f3n de referencia en la ciudad y la zona\u201d, cerr\u00f3 Masutti.<\/p>\n","protected":false},"excerpt":{"rendered":"<p>As&iacute; lo manifest&oacute; el presidente del Centro Comercial de Gral. Ram&iacute;rez, quien indic&oacute; que desean el desarrollo integral de la ciudad. En di&aacute;logo con IN, el dirigente destac&oacute; que el sector tuvo una reuni&oacute;n con el gobernador Gustavo Bordet y a nivel local, con el intendente Gustavo Vergara. Sobre el 2015, reconoci&oacute; que hubo un [&hellip;]<\/p>\n","protected":false},"author":2,"featured_media":0,"comment_status":"open","ping_status":"open","sticky":false,"template":"","format":"standard","meta":{"fifu_image_url":"","fifu_image_alt":"","footnotes":""},"categories":[5],"tags":[],"class_list":{"0":"post-13245","1":"post","2":"type-post","3":"status-publish","4":"format-standard","6":"category-zonales"},"yoast_head":"<title>Masutti: \u201cPara nosotros es prioritario que hayan m\u00e1s industrias y m\u00e1s comercios\u201d - Informe Litoral<\/title>\n<meta name=\"robots\" content=\"index, follow, max-snippet:-1, max-image-preview:large, max-video-preview:-1\" \/>\n<link rel=\"canonical\" href=\"https:\/\/informelitoral.com.ar\/masutti-para-nosotros-es-prioritario-que-hayan-mas-industrias-y-mas-comercios\/\" \/>\n<meta property=\"og:locale\" content=\"es_ES\" \/>\n<meta property=\"og:type\" content=\"article\" \/>\n<meta property=\"og:title\" content=\"Masutti: \u201cPara nosotros es prioritario que hayan m\u00e1s industrias y m\u00e1s comercios\u201d - Informe Litoral\" \/>\n<meta property=\"og:description\" content=\"As&iacute; lo manifest&oacute; el presidente del Centro Comercial de Gral. Ram&iacute;rez, quien indic&oacute; que desean el desarrollo integral de la ciudad. En di&aacute;logo con IN, el dirigente destac&oacute; que el sector tuvo una reuni&oacute;n con el gobernador Gustavo Bordet y a nivel local, con el intendente Gustavo Vergara. Sobre el 2015, reconoci&oacute; que hubo un [&hellip;]\" \/>\n<meta property=\"og:url\" content=\"https:\/\/informelitoral.com.ar\/masutti-para-nosotros-es-prioritario-que-hayan-mas-industrias-y-mas-comercios\/\" \/>\n<meta property=\"og:site_name\" content=\"Informe Litoral\" \/>\n<meta property=\"article:publisher\" content=\"https:\/\/www.facebook.com\/informelitoral\/\" \/>\n<meta property=\"article:published_time\" content=\"2016-01-11T20:55:11+00:00\" \/>\n<meta property=\"article:modified_time\" content=\"2016-01-11T21:20:18+00:00\" \/>\n<meta property=\"og:image\" content=\"https:\/\/informelitoral.com.ar\/%77%70%2d%63%6f%6e%74%65%6e%74\/uploads\/2016\/01\/jorge-massutti.jpg\" \/>\n\t<meta property=\"og:image:width\" content=\"960\" \/>\n\t<meta property=\"og:image:height\" content=\"720\" \/>\n\t<meta property=\"og:image:type\" content=\"image\/jpeg\" \/>\n<meta name=\"author\" content=\"Gonzalo Schmidt\" \/>\n<meta name=\"twitter:card\" content=\"summary_large_image\" \/>\n<meta name=\"twitter:creator\" content=\"@InformeLitoral\" \/>\n<meta name=\"twitter:site\" content=\"@InformeLitoral\" \/>\n<meta name=\"twitter:label1\" content=\"Escrito por\" \/>\n\t<meta name=\"twitter:data1\" content=\"Gonzalo Schmidt\" \/>\n\t<meta name=\"twitter:label2\" content=\"Tiempo de lectura\" \/>\n\t<meta name=\"twitter:data2\" content=\"5 minutos\" \/>\n<script type=\"application\/ld+json\" class=\"yoast-schema-graph\">{\"@context\":\"https:\\\/\\\/schema.org\",\"@graph\":[{\"@type\":\"Article\",\"@id\":\"https:\\\/\\\/informelitoral.com.ar\\\/masutti-para-nosotros-es-prioritario-que-hayan-mas-industrias-y-mas-comercios\\\/#article\",\"isPartOf\":{\"@id\":\"https:\\\/\\\/informelitoral.com.ar\\\/masutti-para-nosotros-es-prioritario-que-hayan-mas-industrias-y-mas-comercios\\\/\"},\"author\":{\"name\":\"Gonzalo Schmidt\",\"@id\":\"https:\\\/\\\/informelitoral.com.ar\\\/#\\\/schema\\\/person\\\/b9d00407c836482871ef1d57bf8e3180\"},\"headline\":\"Masutti: \u201cPara nosotros es prioritario que hayan m\u00e1s industrias y m\u00e1s comercios\u201d\",\"datePublished\":\"2016-01-11T20:55:11+00:00\",\"dateModified\":\"2016-01-11T21:20:18+00:00\",\"mainEntityOfPage\":{\"@id\":\"https:\\\/\\\/informelitoral.com.ar\\\/masutti-para-nosotros-es-prioritario-que-hayan-mas-industrias-y-mas-comercios\\\/\"},\"wordCount\":933,\"commentCount\":0,\"publisher\":{\"@id\":\"https:\\\/\\\/informelitoral.com.ar\\\/#organization\"},\"image\":{\"@id\":\"https:\\\/\\\/informelitoral.com.ar\\\/masutti-para-nosotros-es-prioritario-que-hayan-mas-industrias-y-mas-comercios\\\/#primaryimage\"},\"thumbnailUrl\":\"http:\\\/\\\/www.isletasnoticias.com.ar\\\/%77%70%2d%63%6f%6e%74%65%6e%74\\\/uploads\\\/2016\\\/01\\\/jorge-massutti.jpg\",\"articleSection\":[\"Departamento Diamante\"],\"inLanguage\":\"es\",\"potentialAction\":[{\"@type\":\"CommentAction\",\"name\":\"Comment\",\"target\":[\"https:\\\/\\\/informelitoral.com.ar\\\/masutti-para-nosotros-es-prioritario-que-hayan-mas-industrias-y-mas-comercios\\\/#respond\"]}]},{\"@type\":\"WebPage\",\"@id\":\"https:\\\/\\\/informelitoral.com.ar\\\/masutti-para-nosotros-es-prioritario-que-hayan-mas-industrias-y-mas-comercios\\\/\",\"url\":\"https:\\\/\\\/informelitoral.com.ar\\\/masutti-para-nosotros-es-prioritario-que-hayan-mas-industrias-y-mas-comercios\\\/\",\"name\":\"Masutti: \u201cPara nosotros es prioritario que hayan m\u00e1s industrias y m\u00e1s comercios\u201d - Informe Litoral\",\"isPartOf\":{\"@id\":\"https:\\\/\\\/informelitoral.com.ar\\\/#website\"},\"primaryImageOfPage\":{\"@id\":\"https:\\\/\\\/informelitoral.com.ar\\\/masutti-para-nosotros-es-prioritario-que-hayan-mas-industrias-y-mas-comercios\\\/#primaryimage\"},\"image\":{\"@id\":\"https:\\\/\\\/informelitoral.com.ar\\\/masutti-para-nosotros-es-prioritario-que-hayan-mas-industrias-y-mas-comercios\\\/#primaryimage\"},\"thumbnailUrl\":\"http:\\\/\\\/www.isletasnoticias.com.ar\\\/%77%70%2d%63%6f%6e%74%65%6e%74\\\/uploads\\\/2016\\\/01\\\/jorge-massutti.jpg\",\"datePublished\":\"2016-01-11T20:55:11+00:00\",\"dateModified\":\"2016-01-11T21:20:18+00:00\",\"breadcrumb\":{\"@id\":\"https:\\\/\\\/informelitoral.com.ar\\\/masutti-para-nosotros-es-prioritario-que-hayan-mas-industrias-y-mas-comercios\\\/#breadcrumb\"},\"inLanguage\":\"es\",\"potentialAction\":[{\"@type\":\"ReadAction\",\"target\":[\"https:\\\/\\\/informelitoral.com.ar\\\/masutti-para-nosotros-es-prioritario-que-hayan-mas-industrias-y-mas-comercios\\\/\"]}]},{\"@type\":\"ImageObject\",\"inLanguage\":\"es\",\"@id\":\"https:\\\/\\\/informelitoral.com.ar\\\/masutti-para-nosotros-es-prioritario-que-hayan-mas-industrias-y-mas-comercios\\\/#primaryimage\",\"url\":\"http:\\\/\\\/www.isletasnoticias.com.ar\\\/%77%70%2d%63%6f%6e%74%65%6e%74\\\/uploads\\\/2016\\\/01\\\/jorge-massutti.jpg\",\"contentUrl\":\"http:\\\/\\\/www.isletasnoticias.com.ar\\\/%77%70%2d%63%6f%6e%74%65%6e%74\\\/uploads\\\/2016\\\/01\\\/jorge-massutti.jpg\"},{\"@type\":\"BreadcrumbList\",\"@id\":\"https:\\\/\\\/informelitoral.com.ar\\\/masutti-para-nosotros-es-prioritario-que-hayan-mas-industrias-y-mas-comercios\\\/#breadcrumb\",\"itemListElement\":[{\"@type\":\"ListItem\",\"position\":1,\"name\":\"Portada\",\"item\":\"https:\\\/\\\/informelitoral.com.ar\\\/\"},{\"@type\":\"ListItem\",\"position\":2,\"name\":\"Masutti: \u201cPara nosotros es prioritario que hayan m\u00e1s industrias y m\u00e1s comercios\u201d\"}]},{\"@type\":\"WebSite\",\"@id\":\"https:\\\/\\\/informelitoral.com.ar\\\/#website\",\"url\":\"https:\\\/\\\/informelitoral.com.ar\\\/\",\"name\":\"Informe Litoral\",\"description\":\"&quot;Nos informamos&quot; \",\"publisher\":{\"@id\":\"https:\\\/\\\/informelitoral.com.ar\\\/#organization\"},\"potentialAction\":[{\"@type\":\"SearchAction\",\"target\":{\"@type\":\"EntryPoint\",\"urlTemplate\":\"https:\\\/\\\/informelitoral.com.ar\\\/?s={search_term_string}\"},\"query-input\":{\"@type\":\"PropertyValueSpecification\",\"valueRequired\":true,\"valueName\":\"search_term_string\"}}],\"inLanguage\":\"es\"},{\"@type\":\"Organization\",\"@id\":\"https:\\\/\\\/informelitoral.com.ar\\\/#organization\",\"name\":\"Informe Litoral\",\"url\":\"https:\\\/\\\/informelitoral.com.ar\\\/\",\"logo\":{\"@type\":\"ImageObject\",\"inLanguage\":\"es\",\"@id\":\"https:\\\/\\\/informelitoral.com.ar\\\/#\\\/schema\\\/logo\\\/image\\\/\",\"url\":\"https:\\\/\\\/informelitoral.com.ar\\\/%77%70%2d%63%6f%6e%74%65%6e%74\\\/uploads\\\/2021\\\/01\\\/circulo.png\",\"contentUrl\":\"https:\\\/\\\/informelitoral.com.ar\\\/%77%70%2d%63%6f%6e%74%65%6e%74\\\/uploads\\\/2021\\\/01\\\/circulo.png\",\"width\":723,\"height\":731,\"caption\":\"Informe Litoral\"},\"image\":{\"@id\":\"https:\\\/\\\/informelitoral.com.ar\\\/#\\\/schema\\\/logo\\\/image\\\/\"},\"sameAs\":[\"https:\\\/\\\/www.facebook.com\\\/informelitoral\\\/\",\"https:\\\/\\\/x.com\\\/InformeLitoral\",\"https:\\\/\\\/www.instagram.com\\\/informelitoral\\\/\",\"https:\\\/\\\/www.youtube.com\\\/channel\\\/UCua4Qvz8Icb6MYqhoq9xLXw\"]},{\"@type\":\"Person\",\"@id\":\"https:\\\/\\\/informelitoral.com.ar\\\/#\\\/schema\\\/person\\\/b9d00407c836482871ef1d57bf8e3180\",\"name\":\"Gonzalo Schmidt\",\"image\":{\"@type\":\"ImageObject\",\"inLanguage\":\"es\",\"@id\":\"https:\\\/\\\/secure.gravatar.com\\\/avatar\\\/31a1a7b66ff2de83bd0e9fd79d026630d2d99e55e8bfe501287647b4fd9743de?s=96&d=mm&r=g\",\"url\":\"https:\\\/\\\/secure.gravatar.com\\\/avatar\\\/31a1a7b66ff2de83bd0e9fd79d026630d2d99e55e8bfe501287647b4fd9743de?s=96&d=mm&r=g\",\"contentUrl\":\"https:\\\/\\\/secure.gravatar.com\\\/avatar\\\/31a1a7b66ff2de83bd0e9fd79d026630d2d99e55e8bfe501287647b4fd9743de?s=96&d=mm&r=g\",\"caption\":\"Gonzalo Schmidt\"},\"description\":\"Sitio web de noticias de la provincia de Entre R\u00edos, Argentina. Informaci\u00f3n y entretenimiento. Informe Litoral, nos informamos.\",\"sameAs\":[\"http:\\\/\\\/www.isletasnoticias.com.ar\"],\"url\":\"https:\\\/\\\/informelitoral.com.ar\\\/author\\\/gonzalo\\\/\"}]}<\/script>","yoast_head_json":{"title":"Masutti: \u201cPara nosotros es prioritario que hayan m\u00e1s industrias y m\u00e1s comercios\u201d - Informe Litoral","robots":{"index":"index","follow":"follow","max-snippet":"max-snippet:-1","max-image-preview":"max-image-preview:large","max-video-preview":"max-video-preview:-1"},"canonical":"https:\/\/informelitoral.com.ar\/masutti-para-nosotros-es-prioritario-que-hayan-mas-industrias-y-mas-comercios\/","og_locale":"es_ES","og_type":"article","og_title":"Masutti: \u201cPara nosotros es prioritario que hayan m\u00e1s industrias y m\u00e1s comercios\u201d - Informe Litoral","og_description":"As&iacute; lo manifest&oacute; el presidente del Centro Comercial de Gral. Ram&iacute;rez, quien indic&oacute; que desean el desarrollo integral de la ciudad. En di&aacute;logo con IN, el dirigente destac&oacute; que el sector tuvo una reuni&oacute;n con el gobernador Gustavo Bordet y a nivel local, con el intendente Gustavo Vergara. Sobre el 2015, reconoci&oacute; que hubo un [&hellip;]","og_url":"https:\/\/informelitoral.com.ar\/masutti-para-nosotros-es-prioritario-que-hayan-mas-industrias-y-mas-comercios\/","og_site_name":"Informe Litoral","article_publisher":"https:\/\/www.facebook.com\/informelitoral\/","article_published_time":"2016-01-11T20:55:11+00:00","article_modified_time":"2016-01-11T21:20:18+00:00","og_image":[{"width":960,"height":720,"url":"https:\/\/informelitoral.com.ar\/%77%70%2d%63%6f%6e%74%65%6e%74\/uploads\/2016\/01\/jorge-massutti.jpg","type":"image\/jpeg"}],"author":"Gonzalo Schmidt","twitter_card":"summary_large_image","twitter_creator":"@InformeLitoral","twitter_site":"@InformeLitoral","twitter_misc":{"Escrito por":"Gonzalo Schmidt","Tiempo de lectura":"5 minutos"},"schema":{"@context":"https:\/\/schema.org","@graph":[{"@type":"Article","@id":"https:\/\/informelitoral.com.ar\/masutti-para-nosotros-es-prioritario-que-hayan-mas-industrias-y-mas-comercios\/#article","isPartOf":{"@id":"https:\/\/informelitoral.com.ar\/masutti-para-nosotros-es-prioritario-que-hayan-mas-industrias-y-mas-comercios\/"},"author":{"name":"Gonzalo Schmidt","@id":"https:\/\/informelitoral.com.ar\/#\/schema\/person\/b9d00407c836482871ef1d57bf8e3180"},"headline":"Masutti: \u201cPara nosotros es prioritario que hayan m\u00e1s industrias y m\u00e1s comercios\u201d","datePublished":"2016-01-11T20:55:11+00:00","dateModified":"2016-01-11T21:20:18+00:00","mainEntityOfPage":{"@id":"https:\/\/informelitoral.com.ar\/masutti-para-nosotros-es-prioritario-que-hayan-mas-industrias-y-mas-comercios\/"},"wordCount":933,"commentCount":0,"publisher":{"@id":"https:\/\/informelitoral.com.ar\/#organization"},"image":{"@id":"https:\/\/informelitoral.com.ar\/masutti-para-nosotros-es-prioritario-que-hayan-mas-industrias-y-mas-comercios\/#primaryimage"},"thumbnailUrl":"http:\/\/www.isletasnoticias.com.ar\/%77%70%2d%63%6f%6e%74%65%6e%74\/uploads\/2016\/01\/jorge-massutti.jpg","articleSection":["Departamento Diamante"],"inLanguage":"es","potentialAction":[{"@type":"CommentAction","name":"Comment","target":["https:\/\/informelitoral.com.ar\/masutti-para-nosotros-es-prioritario-que-hayan-mas-industrias-y-mas-comercios\/#respond"]}]},{"@type":"WebPage","@id":"https:\/\/informelitoral.com.ar\/masutti-para-nosotros-es-prioritario-que-hayan-mas-industrias-y-mas-comercios\/","url":"https:\/\/informelitoral.com.ar\/masutti-para-nosotros-es-prioritario-que-hayan-mas-industrias-y-mas-comercios\/","name":"Masutti: \u201cPara nosotros es prioritario que hayan m\u00e1s industrias y m\u00e1s comercios\u201d - Informe Litoral","isPartOf":{"@id":"https:\/\/informelitoral.com.ar\/#website"},"primaryImageOfPage":{"@id":"https:\/\/informelitoral.com.ar\/masutti-para-nosotros-es-prioritario-que-hayan-mas-industrias-y-mas-comercios\/#primaryimage"},"image":{"@id":"https:\/\/informelitoral.com.ar\/masutti-para-nosotros-es-prioritario-que-hayan-mas-industrias-y-mas-comercios\/#primaryimage"},"thumbnailUrl":"http:\/\/www.isletasnoticias.com.ar\/%77%70%2d%63%6f%6e%74%65%6e%74\/uploads\/2016\/01\/jorge-massutti.jpg","datePublished":"2016-01-11T20:55:11+00:00","dateModified":"2016-01-11T21:20:18+00:00","breadcrumb":{"@id":"https:\/\/informelitoral.com.ar\/masutti-para-nosotros-es-prioritario-que-hayan-mas-industrias-y-mas-comercios\/#breadcrumb"},"inLanguage":"es","potentialAction":[{"@type":"ReadAction","target":["https:\/\/informelitoral.com.ar\/masutti-para-nosotros-es-prioritario-que-hayan-mas-industrias-y-mas-comercios\/"]}]},{"@type":"ImageObject","inLanguage":"es","@id":"https:\/\/informelitoral.com.ar\/masutti-para-nosotros-es-prioritario-que-hayan-mas-industrias-y-mas-comercios\/#primaryimage","url":"http:\/\/www.isletasnoticias.com.ar\/%77%70%2d%63%6f%6e%74%65%6e%74\/uploads\/2016\/01\/jorge-massutti.jpg","contentUrl":"http:\/\/www.isletasnoticias.com.ar\/%77%70%2d%63%6f%6e%74%65%6e%74\/uploads\/2016\/01\/jorge-massutti.jpg"},{"@type":"BreadcrumbList","@id":"https:\/\/informelitoral.com.ar\/masutti-para-nosotros-es-prioritario-que-hayan-mas-industrias-y-mas-comercios\/#breadcrumb","itemListElement":[{"@type":"ListItem","position":1,"name":"Portada","item":"https:\/\/informelitoral.com.ar\/"},{"@type":"ListItem","position":2,"name":"Masutti: \u201cPara nosotros es prioritario que hayan m\u00e1s industrias y m\u00e1s comercios\u201d"}]},{"@type":"WebSite","@id":"https:\/\/informelitoral.com.ar\/#website","url":"https:\/\/informelitoral.com.ar\/","name":"Informe Litoral","description":"&quot;Nos informamos&quot; ","publisher":{"@id":"https:\/\/informelitoral.com.ar\/#organization"},"potentialAction":[{"@type":"SearchAction","target":{"@type":"EntryPoint","urlTemplate":"https:\/\/informelitoral.com.ar\/?s={search_term_string}"},"query-input":{"@type":"PropertyValueSpecification","valueRequired":true,"valueName":"search_term_string"}}],"inLanguage":"es"},{"@type":"Organization","@id":"https:\/\/informelitoral.com.ar\/#organization","name":"Informe Litoral","url":"https:\/\/informelitoral.com.ar\/","logo":{"@type":"ImageObject","inLanguage":"es","@id":"https:\/\/informelitoral.com.ar\/#\/schema\/logo\/image\/","url":"https:\/\/informelitoral.com.ar\/%77%70%2d%63%6f%6e%74%65%6e%74\/uploads\/2021\/01\/circulo.png","contentUrl":"https:\/\/informelitoral.com.ar\/%77%70%2d%63%6f%6e%74%65%6e%74\/uploads\/2021\/01\/circulo.png","width":723,"height":731,"caption":"Informe Litoral"},"image":{"@id":"https:\/\/informelitoral.com.ar\/#\/schema\/logo\/image\/"},"sameAs":["https:\/\/www.facebook.com\/informelitoral\/","https:\/\/x.com\/InformeLitoral","https:\/\/www.instagram.com\/informelitoral\/","https:\/\/www.youtube.com\/channel\/UCua4Qvz8Icb6MYqhoq9xLXw"]},{"@type":"Person","@id":"https:\/\/informelitoral.com.ar\/#\/schema\/person\/b9d00407c836482871ef1d57bf8e3180","name":"Gonzalo Schmidt","image":{"@type":"ImageObject","inLanguage":"es","@id":"https:\/\/secure.gravatar.com\/avatar\/31a1a7b66ff2de83bd0e9fd79d026630d2d99e55e8bfe501287647b4fd9743de?s=96&d=mm&r=g","url":"https:\/\/secure.gravatar.com\/avatar\/31a1a7b66ff2de83bd0e9fd79d026630d2d99e55e8bfe501287647b4fd9743de?s=96&d=mm&r=g","contentUrl":"https:\/\/secure.gravatar.com\/avatar\/31a1a7b66ff2de83bd0e9fd79d026630d2d99e55e8bfe501287647b4fd9743de?s=96&d=mm&r=g","caption":"Gonzalo Schmidt"},"description":"Sitio web de noticias de la provincia de Entre R\u00edos, Argentina. Informaci\u00f3n y entretenimiento. Informe Litoral, nos informamos.","sameAs":["http:\/\/www.isletasnoticias.com.ar"],"url":"https:\/\/informelitoral.com.ar\/author\/gonzalo\/"}]}},"_links":{"self":[{"href":"https:\/\/informelitoral.com.ar\/%77%70%2d%6a%73%6f%6e\/wp\/v2\/posts\/13245","targetHints":{"allow":["GET"]}}],"collection":[{"href":"https:\/\/informelitoral.com.ar\/%77%70%2d%6a%73%6f%6e\/wp\/v2\/posts"}],"about":[{"href":"https:\/\/informelitoral.com.ar\/%77%70%2d%6a%73%6f%6e\/wp\/v2\/types\/post"}],"author":[{"embeddable":true,"href":"https:\/\/informelitoral.com.ar\/%77%70%2d%6a%73%6f%6e\/wp\/v2\/users\/2"}],"replies":[{"embeddable":true,"href":"https:\/\/informelitoral.com.ar\/%77%70%2d%6a%73%6f%6e\/wp\/v2\/comments?post=13245"}],"version-history":[{"count":0,"href":"https:\/\/informelitoral.com.ar\/%77%70%2d%6a%73%6f%6e\/wp\/v2\/posts\/13245\/revisions"}],"wp:attachment":[{"href":"https:\/\/informelitoral.com.ar\/%77%70%2d%6a%73%6f%6e\/wp\/v2\/media?parent=13245"}],"wp:term":[{"taxonomy":"category","embeddable":true,"href":"https:\/\/informelitoral.com.ar\/%77%70%2d%6a%73%6f%6e\/wp\/v2\/categories?post=13245"},{"taxonomy":"post_tag","embeddable":true,"href":"https:\/\/informelitoral.com.ar\/%77%70%2d%6a%73%6f%6e\/wp\/v2\/tags?post=13245"}],"curies":[{"name":"wp","href":"https:\/\/api.w.org\/{rel}","templated":true}]}}