{"id":13239,"date":"2016-01-11T17:43:52","date_gmt":"2016-01-11T20:43:52","guid":{"rendered":"http:\/\/www.isletasnoticias.com.ar\/?p=13239"},"modified":"2016-01-11T17:47:34","modified_gmt":"2016-01-11T20:47:34","slug":"lar-de-crespo-se-quedaria-con-una-cooperativa-que-tiene-sucursal-en-isletas","status":"publish","type":"post","link":"https:\/\/informelitoral.com.ar\/lar-de-crespo-se-quedaria-con-una-cooperativa-que-tiene-sucursal-en-isletas\/","title":{"rendered":"LAR de Crespo se quedar\u00eda con una cooperativa que tiene sucursal en Isletas"},"content":{"rendered":"<p><strong>La noticia hab\u00eda trascendido en diciembre, cuando algunos trabajadores de Cooperativa Federal Agr\u00edcola Ganadera (FAG) de Diamante Limitada, fueron sondeados para analizar las condiciones de su eventual retiro anticipado.<\/strong><\/p>\n<figure id=\"attachment_13241\" aria-describedby=\"caption-attachment-13241\" style=\"width: 960px\" class=\"wp-caption aligncenter\"><a href=\"http:\/\/www.isletasnoticias.com.ar\/%77%70%2d%63%6f%6e%74%65%6e%74\/uploads\/2016\/01\/Planta.jpg\"><img loading=\"lazy\" decoding=\"async\" class=\"wp-image-13241 size-full\" src=\"http:\/\/www.isletasnoticias.com.ar\/%77%70%2d%63%6f%6e%74%65%6e%74\/uploads\/2016\/01\/Planta.jpg\" alt=\"Planta\" width=\"960\" height=\"720\" srcset=\"https:\/\/informelitoral.com.ar\/%77%70%2d%63%6f%6e%74%65%6e%74\/uploads\/2016\/01\/Planta.jpg 960w, https:\/\/informelitoral.com.ar\/%77%70%2d%63%6f%6e%74%65%6e%74\/uploads\/2016\/01\/Planta-300x225.jpg 300w\" sizes=\"auto, (max-width: 960px) 100vw, 960px\" \/><\/a><figcaption id=\"caption-attachment-13241\" class=\"wp-caption-text\"><em>Sucursal de la Cooperativa en Isletas. (Foto del archivo de IN)<\/em><\/figcaption><\/figure>\n<p class=\"first\">Despu\u00e9s de varios d\u00edas de hermetismo, se supo ayer que el 22 se realizar\u00e1 la asamblea de asociados de La Agr\u00edcola Regional Cooperativa Limitada (LAR), de Crespo, para debatir la absorci\u00f3n de la Cooperativa Federal Agr\u00edcola Ganadera (FAG) de Diamante Limitada, que se encuentra en situaci\u00f3n de inviabilidad por su endeudamiento.<\/p>\n<p>La noticia hab\u00eda trascendido en diciembre, cuando algunos trabajadores de la cooperativa diamantina fueron sondeados para analizar las condiciones de su eventual retiro anticipado, public\u00f3 <em>UNO.<\/em><\/p>\n<p>Ayer se public\u00f3 la convocatoria a la asamblea de LAR en el semanario crespense Paralelo 32, con la firma del presidente Abelardo Kemerer; y del secretario, Dante Bolz\u00e1n. Igualmente ya hace algunos d\u00edas estaba consignada en la p\u00e1gina web de la entidad. Ser\u00e1 el 22 a las 17.30. Una hora despu\u00e9s ya podr\u00e1 sesionar sin importar el n\u00famero de asistentes. El punto dos de la convocatoria se\u00f1ala el tratamiento del Compromiso Previo de Fusi\u00f3n firmado el 18 de diciembre de 2015 entre integrantes de los consejos de administraci\u00f3n de ambas cooperativas.<\/p>\n<p>Obviamente la duda que se expres\u00f3 en asociados a LAR es la conveniencia de la absorci\u00f3n del pasivo de la cooperativa diamantina. Se sabe que esta entidad cancel\u00f3 parte de sus deudas con la entrega de bienes, y que su principal acreedor es la Asociaci\u00f3n de Cooperativas Argentinas, la misma que en otra oportunidad implement\u00f3 un salvataje de la FAG a ra\u00edz de su situaci\u00f3n financiera.<\/p>\n<p>En rigor, la asamblea de asociados de la FAG tambi\u00e9n debe aprobar la fusi\u00f3n, pero se descarta que ante la compleja situaci\u00f3n no habr\u00eda sorpresas en este punto. En cambio, entre los asociados a LAR existen consultas que seguramente se expresar\u00e1n en el debate del 22, especialmente dirigidas a la conveniencia de la operaci\u00f3n y a conocer si la absorci\u00f3n del pasivo de la cooperativa de Diamante dificultar\u00e1 el plan de inversi\u00f3n de la de Crespo.<\/p>\n<p>Al respecto, las asambleas de asociados solo pueden ratificar o rechazar la fusi\u00f3n, pero no pueden modificar los t\u00e9rminos de la misma, acordados el 18 de diciembre.<\/p>\n<p>Si se logra el acuerdo de ambas asambleas, el 29 de febrero se concretar\u00edan las asambleas para aprobar el acuerdo definitivo, por lo que a partir de marzo comenzar\u00eda la responsabilidad legal de LAR sobre las operaciones que concrete la excooperativa diamantina.<\/p>\n<p>A partir de marzo, LAR tomar\u00e1 la conducci\u00f3n de las unidades de negocios de la absorbida y las decisiones que considere conveniente. Cuenta con sus oficinas centrales en Diamante, al igual que un corral\u00f3n; plantas de acopio en Diamante, Isletas, Tabossi y Federal; y un semillero en Strobel.<\/p>\n","protected":false},"excerpt":{"rendered":"<p>La noticia hab&iacute;a trascendido en diciembre, cuando algunos trabajadores de Cooperativa Federal Agr&iacute;cola Ganadera (FAG) de Diamante Limitada, fueron sondeados para analizar las condiciones de su eventual retiro anticipado. Despu&eacute;s de varios d&iacute;as de hermetismo, se supo ayer que el 22 se realizar&aacute; la asamblea de asociados de La Agr&iacute;cola Regional Cooperativa Limitada (LAR), de [&hellip;]<\/p>\n","protected":false},"author":2,"featured_media":0,"comment_status":"open","ping_status":"open","sticky":false,"template":"","format":"standard","meta":{"fifu_image_url":"","fifu_image_alt":"","footnotes":""},"categories":[10,5,4],"tags":[],"class_list":{"0":"post-13239","1":"post","2":"type-post","3":"status-publish","4":"format-standard","6":"category-campo","7":"category-zonales","8":"category-locales"},"yoast_head":"<title>LAR de Crespo se quedar\u00eda con una cooperativa que tiene sucursal en Isletas - Informe Litoral<\/title>\n<meta name=\"robots\" content=\"index, follow, max-snippet:-1, max-image-preview:large, max-video-preview:-1\" \/>\n<link rel=\"canonical\" href=\"https:\/\/informelitoral.com.ar\/lar-de-crespo-se-quedaria-con-una-cooperativa-que-tiene-sucursal-en-isletas\/\" \/>\n<meta property=\"og:locale\" content=\"es_ES\" \/>\n<meta property=\"og:type\" content=\"article\" \/>\n<meta property=\"og:title\" content=\"LAR de Crespo se quedar\u00eda con una cooperativa que tiene sucursal en Isletas - Informe Litoral\" \/>\n<meta property=\"og:description\" content=\"La noticia hab&iacute;a trascendido en diciembre, cuando algunos trabajadores de Cooperativa Federal Agr&iacute;cola Ganadera (FAG) de Diamante Limitada, fueron sondeados para analizar las condiciones de su eventual retiro anticipado. Despu&eacute;s de varios d&iacute;as de hermetismo, se supo ayer que el 22 se realizar&aacute; la asamblea de asociados de La Agr&iacute;cola Regional Cooperativa Limitada (LAR), de [&hellip;]\" \/>\n<meta property=\"og:url\" content=\"https:\/\/informelitoral.com.ar\/lar-de-crespo-se-quedaria-con-una-cooperativa-que-tiene-sucursal-en-isletas\/\" \/>\n<meta property=\"og:site_name\" content=\"Informe Litoral\" \/>\n<meta property=\"article:publisher\" content=\"https:\/\/www.facebook.com\/informelitoral\/\" \/>\n<meta property=\"article:published_time\" content=\"2016-01-11T20:43:52+00:00\" \/>\n<meta property=\"article:modified_time\" content=\"2016-01-11T20:47:34+00:00\" \/>\n<meta property=\"og:image\" content=\"https:\/\/informelitoral.com.ar\/%77%70%2d%63%6f%6e%74%65%6e%74\/uploads\/2016\/01\/Planta.jpg\" \/>\n\t<meta property=\"og:image:width\" content=\"960\" \/>\n\t<meta property=\"og:image:height\" content=\"720\" \/>\n\t<meta property=\"og:image:type\" content=\"image\/jpeg\" \/>\n<meta name=\"author\" content=\"Gonzalo Schmidt\" \/>\n<meta name=\"twitter:card\" content=\"summary_large_image\" \/>\n<meta name=\"twitter:creator\" content=\"@InformeLitoral\" \/>\n<meta name=\"twitter:site\" content=\"@InformeLitoral\" \/>\n<meta name=\"twitter:label1\" content=\"Escrito por\" \/>\n\t<meta name=\"twitter:data1\" content=\"Gonzalo Schmidt\" \/>\n\t<meta name=\"twitter:label2\" content=\"Tiempo de lectura\" \/>\n\t<meta name=\"twitter:data2\" content=\"3 minutos\" \/>\n<script type=\"application\/ld+json\" class=\"yoast-schema-graph\">{\"@context\":\"https:\\\/\\\/schema.org\",\"@graph\":[{\"@type\":\"Article\",\"@id\":\"https:\\\/\\\/informelitoral.com.ar\\\/lar-de-crespo-se-quedaria-con-una-cooperativa-que-tiene-sucursal-en-isletas\\\/#article\",\"isPartOf\":{\"@id\":\"https:\\\/\\\/informelitoral.com.ar\\\/lar-de-crespo-se-quedaria-con-una-cooperativa-que-tiene-sucursal-en-isletas\\\/\"},\"author\":{\"name\":\"Gonzalo Schmidt\",\"@id\":\"https:\\\/\\\/informelitoral.com.ar\\\/#\\\/schema\\\/person\\\/b9d00407c836482871ef1d57bf8e3180\"},\"headline\":\"LAR de Crespo se quedar\u00eda con una cooperativa que tiene sucursal en Isletas\",\"datePublished\":\"2016-01-11T20:43:52+00:00\",\"dateModified\":\"2016-01-11T20:47:34+00:00\",\"mainEntityOfPage\":{\"@id\":\"https:\\\/\\\/informelitoral.com.ar\\\/lar-de-crespo-se-quedaria-con-una-cooperativa-que-tiene-sucursal-en-isletas\\\/\"},\"wordCount\":514,\"commentCount\":0,\"publisher\":{\"@id\":\"https:\\\/\\\/informelitoral.com.ar\\\/#organization\"},\"image\":{\"@id\":\"https:\\\/\\\/informelitoral.com.ar\\\/lar-de-crespo-se-quedaria-con-una-cooperativa-que-tiene-sucursal-en-isletas\\\/#primaryimage\"},\"thumbnailUrl\":\"http:\\\/\\\/www.isletasnoticias.com.ar\\\/%77%70%2d%63%6f%6e%74%65%6e%74\\\/uploads\\\/2016\\\/01\\\/Planta.jpg\",\"articleSection\":[\"Campo\",\"Departamento Diamante\",\"Isletas\"],\"inLanguage\":\"es\",\"potentialAction\":[{\"@type\":\"CommentAction\",\"name\":\"Comment\",\"target\":[\"https:\\\/\\\/informelitoral.com.ar\\\/lar-de-crespo-se-quedaria-con-una-cooperativa-que-tiene-sucursal-en-isletas\\\/#respond\"]}]},{\"@type\":\"WebPage\",\"@id\":\"https:\\\/\\\/informelitoral.com.ar\\\/lar-de-crespo-se-quedaria-con-una-cooperativa-que-tiene-sucursal-en-isletas\\\/\",\"url\":\"https:\\\/\\\/informelitoral.com.ar\\\/lar-de-crespo-se-quedaria-con-una-cooperativa-que-tiene-sucursal-en-isletas\\\/\",\"name\":\"LAR de Crespo se quedar\u00eda con una cooperativa que tiene sucursal en Isletas - Informe Litoral\",\"isPartOf\":{\"@id\":\"https:\\\/\\\/informelitoral.com.ar\\\/#website\"},\"primaryImageOfPage\":{\"@id\":\"https:\\\/\\\/informelitoral.com.ar\\\/lar-de-crespo-se-quedaria-con-una-cooperativa-que-tiene-sucursal-en-isletas\\\/#primaryimage\"},\"image\":{\"@id\":\"https:\\\/\\\/informelitoral.com.ar\\\/lar-de-crespo-se-quedaria-con-una-cooperativa-que-tiene-sucursal-en-isletas\\\/#primaryimage\"},\"thumbnailUrl\":\"http:\\\/\\\/www.isletasnoticias.com.ar\\\/%77%70%2d%63%6f%6e%74%65%6e%74\\\/uploads\\\/2016\\\/01\\\/Planta.jpg\",\"datePublished\":\"2016-01-11T20:43:52+00:00\",\"dateModified\":\"2016-01-11T20:47:34+00:00\",\"breadcrumb\":{\"@id\":\"https:\\\/\\\/informelitoral.com.ar\\\/lar-de-crespo-se-quedaria-con-una-cooperativa-que-tiene-sucursal-en-isletas\\\/#breadcrumb\"},\"inLanguage\":\"es\",\"potentialAction\":[{\"@type\":\"ReadAction\",\"target\":[\"https:\\\/\\\/informelitoral.com.ar\\\/lar-de-crespo-se-quedaria-con-una-cooperativa-que-tiene-sucursal-en-isletas\\\/\"]}]},{\"@type\":\"ImageObject\",\"inLanguage\":\"es\",\"@id\":\"https:\\\/\\\/informelitoral.com.ar\\\/lar-de-crespo-se-quedaria-con-una-cooperativa-que-tiene-sucursal-en-isletas\\\/#primaryimage\",\"url\":\"http:\\\/\\\/www.isletasnoticias.com.ar\\\/%77%70%2d%63%6f%6e%74%65%6e%74\\\/uploads\\\/2016\\\/01\\\/Planta.jpg\",\"contentUrl\":\"http:\\\/\\\/www.isletasnoticias.com.ar\\\/%77%70%2d%63%6f%6e%74%65%6e%74\\\/uploads\\\/2016\\\/01\\\/Planta.jpg\"},{\"@type\":\"BreadcrumbList\",\"@id\":\"https:\\\/\\\/informelitoral.com.ar\\\/lar-de-crespo-se-quedaria-con-una-cooperativa-que-tiene-sucursal-en-isletas\\\/#breadcrumb\",\"itemListElement\":[{\"@type\":\"ListItem\",\"position\":1,\"name\":\"Portada\",\"item\":\"https:\\\/\\\/informelitoral.com.ar\\\/\"},{\"@type\":\"ListItem\",\"position\":2,\"name\":\"LAR de Crespo se quedar\u00eda con una cooperativa que tiene sucursal en Isletas\"}]},{\"@type\":\"WebSite\",\"@id\":\"https:\\\/\\\/informelitoral.com.ar\\\/#website\",\"url\":\"https:\\\/\\\/informelitoral.com.ar\\\/\",\"name\":\"Informe Litoral\",\"description\":\"&quot;Nos informamos&quot; \",\"publisher\":{\"@id\":\"https:\\\/\\\/informelitoral.com.ar\\\/#organization\"},\"potentialAction\":[{\"@type\":\"SearchAction\",\"target\":{\"@type\":\"EntryPoint\",\"urlTemplate\":\"https:\\\/\\\/informelitoral.com.ar\\\/?s={search_term_string}\"},\"query-input\":{\"@type\":\"PropertyValueSpecification\",\"valueRequired\":true,\"valueName\":\"search_term_string\"}}],\"inLanguage\":\"es\"},{\"@type\":\"Organization\",\"@id\":\"https:\\\/\\\/informelitoral.com.ar\\\/#organization\",\"name\":\"Informe Litoral\",\"url\":\"https:\\\/\\\/informelitoral.com.ar\\\/\",\"logo\":{\"@type\":\"ImageObject\",\"inLanguage\":\"es\",\"@id\":\"https:\\\/\\\/informelitoral.com.ar\\\/#\\\/schema\\\/logo\\\/image\\\/\",\"url\":\"https:\\\/\\\/informelitoral.com.ar\\\/%77%70%2d%63%6f%6e%74%65%6e%74\\\/uploads\\\/2021\\\/01\\\/circulo.png\",\"contentUrl\":\"https:\\\/\\\/informelitoral.com.ar\\\/%77%70%2d%63%6f%6e%74%65%6e%74\\\/uploads\\\/2021\\\/01\\\/circulo.png\",\"width\":723,\"height\":731,\"caption\":\"Informe Litoral\"},\"image\":{\"@id\":\"https:\\\/\\\/informelitoral.com.ar\\\/#\\\/schema\\\/logo\\\/image\\\/\"},\"sameAs\":[\"https:\\\/\\\/www.facebook.com\\\/informelitoral\\\/\",\"https:\\\/\\\/x.com\\\/InformeLitoral\",\"https:\\\/\\\/www.instagram.com\\\/informelitoral\\\/\",\"https:\\\/\\\/www.youtube.com\\\/channel\\\/UCua4Qvz8Icb6MYqhoq9xLXw\"]},{\"@type\":\"Person\",\"@id\":\"https:\\\/\\\/informelitoral.com.ar\\\/#\\\/schema\\\/person\\\/b9d00407c836482871ef1d57bf8e3180\",\"name\":\"Gonzalo Schmidt\",\"image\":{\"@type\":\"ImageObject\",\"inLanguage\":\"es\",\"@id\":\"https:\\\/\\\/secure.gravatar.com\\\/avatar\\\/31a1a7b66ff2de83bd0e9fd79d026630d2d99e55e8bfe501287647b4fd9743de?s=96&d=mm&r=g\",\"url\":\"https:\\\/\\\/secure.gravatar.com\\\/avatar\\\/31a1a7b66ff2de83bd0e9fd79d026630d2d99e55e8bfe501287647b4fd9743de?s=96&d=mm&r=g\",\"contentUrl\":\"https:\\\/\\\/secure.gravatar.com\\\/avatar\\\/31a1a7b66ff2de83bd0e9fd79d026630d2d99e55e8bfe501287647b4fd9743de?s=96&d=mm&r=g\",\"caption\":\"Gonzalo Schmidt\"},\"description\":\"Sitio web de noticias de la provincia de Entre R\u00edos, Argentina. Informaci\u00f3n y entretenimiento. Informe Litoral, nos informamos.\",\"sameAs\":[\"http:\\\/\\\/www.isletasnoticias.com.ar\"],\"url\":\"https:\\\/\\\/informelitoral.com.ar\\\/author\\\/gonzalo\\\/\"}]}<\/script>","yoast_head_json":{"title":"LAR de Crespo se quedar\u00eda con una cooperativa que tiene sucursal en Isletas - Informe Litoral","robots":{"index":"index","follow":"follow","max-snippet":"max-snippet:-1","max-image-preview":"max-image-preview:large","max-video-preview":"max-video-preview:-1"},"canonical":"https:\/\/informelitoral.com.ar\/lar-de-crespo-se-quedaria-con-una-cooperativa-que-tiene-sucursal-en-isletas\/","og_locale":"es_ES","og_type":"article","og_title":"LAR de Crespo se quedar\u00eda con una cooperativa que tiene sucursal en Isletas - Informe Litoral","og_description":"La noticia hab&iacute;a trascendido en diciembre, cuando algunos trabajadores de Cooperativa Federal Agr&iacute;cola Ganadera (FAG) de Diamante Limitada, fueron sondeados para analizar las condiciones de su eventual retiro anticipado. Despu&eacute;s de varios d&iacute;as de hermetismo, se supo ayer que el 22 se realizar&aacute; la asamblea de asociados de La Agr&iacute;cola Regional Cooperativa Limitada (LAR), de [&hellip;]","og_url":"https:\/\/informelitoral.com.ar\/lar-de-crespo-se-quedaria-con-una-cooperativa-que-tiene-sucursal-en-isletas\/","og_site_name":"Informe Litoral","article_publisher":"https:\/\/www.facebook.com\/informelitoral\/","article_published_time":"2016-01-11T20:43:52+00:00","article_modified_time":"2016-01-11T20:47:34+00:00","og_image":[{"width":960,"height":720,"url":"https:\/\/informelitoral.com.ar\/%77%70%2d%63%6f%6e%74%65%6e%74\/uploads\/2016\/01\/Planta.jpg","type":"image\/jpeg"}],"author":"Gonzalo Schmidt","twitter_card":"summary_large_image","twitter_creator":"@InformeLitoral","twitter_site":"@InformeLitoral","twitter_misc":{"Escrito por":"Gonzalo Schmidt","Tiempo de lectura":"3 minutos"},"schema":{"@context":"https:\/\/schema.org","@graph":[{"@type":"Article","@id":"https:\/\/informelitoral.com.ar\/lar-de-crespo-se-quedaria-con-una-cooperativa-que-tiene-sucursal-en-isletas\/#article","isPartOf":{"@id":"https:\/\/informelitoral.com.ar\/lar-de-crespo-se-quedaria-con-una-cooperativa-que-tiene-sucursal-en-isletas\/"},"author":{"name":"Gonzalo Schmidt","@id":"https:\/\/informelitoral.com.ar\/#\/schema\/person\/b9d00407c836482871ef1d57bf8e3180"},"headline":"LAR de Crespo se quedar\u00eda con una cooperativa que tiene sucursal en Isletas","datePublished":"2016-01-11T20:43:52+00:00","dateModified":"2016-01-11T20:47:34+00:00","mainEntityOfPage":{"@id":"https:\/\/informelitoral.com.ar\/lar-de-crespo-se-quedaria-con-una-cooperativa-que-tiene-sucursal-en-isletas\/"},"wordCount":514,"commentCount":0,"publisher":{"@id":"https:\/\/informelitoral.com.ar\/#organization"},"image":{"@id":"https:\/\/informelitoral.com.ar\/lar-de-crespo-se-quedaria-con-una-cooperativa-que-tiene-sucursal-en-isletas\/#primaryimage"},"thumbnailUrl":"http:\/\/www.isletasnoticias.com.ar\/%77%70%2d%63%6f%6e%74%65%6e%74\/uploads\/2016\/01\/Planta.jpg","articleSection":["Campo","Departamento Diamante","Isletas"],"inLanguage":"es","potentialAction":[{"@type":"CommentAction","name":"Comment","target":["https:\/\/informelitoral.com.ar\/lar-de-crespo-se-quedaria-con-una-cooperativa-que-tiene-sucursal-en-isletas\/#respond"]}]},{"@type":"WebPage","@id":"https:\/\/informelitoral.com.ar\/lar-de-crespo-se-quedaria-con-una-cooperativa-que-tiene-sucursal-en-isletas\/","url":"https:\/\/informelitoral.com.ar\/lar-de-crespo-se-quedaria-con-una-cooperativa-que-tiene-sucursal-en-isletas\/","name":"LAR de Crespo se quedar\u00eda con una cooperativa que tiene sucursal en Isletas - Informe Litoral","isPartOf":{"@id":"https:\/\/informelitoral.com.ar\/#website"},"primaryImageOfPage":{"@id":"https:\/\/informelitoral.com.ar\/lar-de-crespo-se-quedaria-con-una-cooperativa-que-tiene-sucursal-en-isletas\/#primaryimage"},"image":{"@id":"https:\/\/informelitoral.com.ar\/lar-de-crespo-se-quedaria-con-una-cooperativa-que-tiene-sucursal-en-isletas\/#primaryimage"},"thumbnailUrl":"http:\/\/www.isletasnoticias.com.ar\/%77%70%2d%63%6f%6e%74%65%6e%74\/uploads\/2016\/01\/Planta.jpg","datePublished":"2016-01-11T20:43:52+00:00","dateModified":"2016-01-11T20:47:34+00:00","breadcrumb":{"@id":"https:\/\/informelitoral.com.ar\/lar-de-crespo-se-quedaria-con-una-cooperativa-que-tiene-sucursal-en-isletas\/#breadcrumb"},"inLanguage":"es","potentialAction":[{"@type":"ReadAction","target":["https:\/\/informelitoral.com.ar\/lar-de-crespo-se-quedaria-con-una-cooperativa-que-tiene-sucursal-en-isletas\/"]}]},{"@type":"ImageObject","inLanguage":"es","@id":"https:\/\/informelitoral.com.ar\/lar-de-crespo-se-quedaria-con-una-cooperativa-que-tiene-sucursal-en-isletas\/#primaryimage","url":"http:\/\/www.isletasnoticias.com.ar\/%77%70%2d%63%6f%6e%74%65%6e%74\/uploads\/2016\/01\/Planta.jpg","contentUrl":"http:\/\/www.isletasnoticias.com.ar\/%77%70%2d%63%6f%6e%74%65%6e%74\/uploads\/2016\/01\/Planta.jpg"},{"@type":"BreadcrumbList","@id":"https:\/\/informelitoral.com.ar\/lar-de-crespo-se-quedaria-con-una-cooperativa-que-tiene-sucursal-en-isletas\/#breadcrumb","itemListElement":[{"@type":"ListItem","position":1,"name":"Portada","item":"https:\/\/informelitoral.com.ar\/"},{"@type":"ListItem","position":2,"name":"LAR de Crespo se quedar\u00eda con una cooperativa que tiene sucursal en Isletas"}]},{"@type":"WebSite","@id":"https:\/\/informelitoral.com.ar\/#website","url":"https:\/\/informelitoral.com.ar\/","name":"Informe Litoral","description":"&quot;Nos informamos&quot; ","publisher":{"@id":"https:\/\/informelitoral.com.ar\/#organization"},"potentialAction":[{"@type":"SearchAction","target":{"@type":"EntryPoint","urlTemplate":"https:\/\/informelitoral.com.ar\/?s={search_term_string}"},"query-input":{"@type":"PropertyValueSpecification","valueRequired":true,"valueName":"search_term_string"}}],"inLanguage":"es"},{"@type":"Organization","@id":"https:\/\/informelitoral.com.ar\/#organization","name":"Informe Litoral","url":"https:\/\/informelitoral.com.ar\/","logo":{"@type":"ImageObject","inLanguage":"es","@id":"https:\/\/informelitoral.com.ar\/#\/schema\/logo\/image\/","url":"https:\/\/informelitoral.com.ar\/%77%70%2d%63%6f%6e%74%65%6e%74\/uploads\/2021\/01\/circulo.png","contentUrl":"https:\/\/informelitoral.com.ar\/%77%70%2d%63%6f%6e%74%65%6e%74\/uploads\/2021\/01\/circulo.png","width":723,"height":731,"caption":"Informe Litoral"},"image":{"@id":"https:\/\/informelitoral.com.ar\/#\/schema\/logo\/image\/"},"sameAs":["https:\/\/www.facebook.com\/informelitoral\/","https:\/\/x.com\/InformeLitoral","https:\/\/www.instagram.com\/informelitoral\/","https:\/\/www.youtube.com\/channel\/UCua4Qvz8Icb6MYqhoq9xLXw"]},{"@type":"Person","@id":"https:\/\/informelitoral.com.ar\/#\/schema\/person\/b9d00407c836482871ef1d57bf8e3180","name":"Gonzalo Schmidt","image":{"@type":"ImageObject","inLanguage":"es","@id":"https:\/\/secure.gravatar.com\/avatar\/31a1a7b66ff2de83bd0e9fd79d026630d2d99e55e8bfe501287647b4fd9743de?s=96&d=mm&r=g","url":"https:\/\/secure.gravatar.com\/avatar\/31a1a7b66ff2de83bd0e9fd79d026630d2d99e55e8bfe501287647b4fd9743de?s=96&d=mm&r=g","contentUrl":"https:\/\/secure.gravatar.com\/avatar\/31a1a7b66ff2de83bd0e9fd79d026630d2d99e55e8bfe501287647b4fd9743de?s=96&d=mm&r=g","caption":"Gonzalo Schmidt"},"description":"Sitio web de noticias de la provincia de Entre R\u00edos, Argentina. Informaci\u00f3n y entretenimiento. Informe Litoral, nos informamos.","sameAs":["http:\/\/www.isletasnoticias.com.ar"],"url":"https:\/\/informelitoral.com.ar\/author\/gonzalo\/"}]}},"_links":{"self":[{"href":"https:\/\/informelitoral.com.ar\/%77%70%2d%6a%73%6f%6e\/wp\/v2\/posts\/13239","targetHints":{"allow":["GET"]}}],"collection":[{"href":"https:\/\/informelitoral.com.ar\/%77%70%2d%6a%73%6f%6e\/wp\/v2\/posts"}],"about":[{"href":"https:\/\/informelitoral.com.ar\/%77%70%2d%6a%73%6f%6e\/wp\/v2\/types\/post"}],"author":[{"embeddable":true,"href":"https:\/\/informelitoral.com.ar\/%77%70%2d%6a%73%6f%6e\/wp\/v2\/users\/2"}],"replies":[{"embeddable":true,"href":"https:\/\/informelitoral.com.ar\/%77%70%2d%6a%73%6f%6e\/wp\/v2\/comments?post=13239"}],"version-history":[{"count":0,"href":"https:\/\/informelitoral.com.ar\/%77%70%2d%6a%73%6f%6e\/wp\/v2\/posts\/13239\/revisions"}],"wp:attachment":[{"href":"https:\/\/informelitoral.com.ar\/%77%70%2d%6a%73%6f%6e\/wp\/v2\/media?parent=13239"}],"wp:term":[{"taxonomy":"category","embeddable":true,"href":"https:\/\/informelitoral.com.ar\/%77%70%2d%6a%73%6f%6e\/wp\/v2\/categories?post=13239"},{"taxonomy":"post_tag","embeddable":true,"href":"https:\/\/informelitoral.com.ar\/%77%70%2d%6a%73%6f%6e\/wp\/v2\/tags?post=13239"}],"curies":[{"name":"wp","href":"https:\/\/api.w.org\/{rel}","templated":true}]}}