{"id":13237,"date":"2016-01-11T17:34:18","date_gmt":"2016-01-11T20:34:18","guid":{"rendered":"http:\/\/www.isletasnoticias.com.ar\/?p=13237"},"modified":"2016-01-11T17:34:18","modified_gmt":"2016-01-11T20:34:18","slug":"asi-echaron-a-victor-hugo-morales-de-la-radio","status":"publish","type":"post","link":"https:\/\/informelitoral.com.ar\/asi-echaron-a-victor-hugo-morales-de-la-radio\/","title":{"rendered":"As\u00ed echaron a V\u00edctor Hugo Morales de la radio"},"content":{"rendered":"<p><strong>Un escribano intercept\u00f3 al periodista previo al comienzo de su programa. C\u00f3mo hizo el relator para poder despedirse de su audiencia.[youtube]https:\/\/www.youtube.com\/watch?v=WWt9rvmFdeM[\/youtube]<\/strong><\/p>\n<p>\u00ab<em>Esta es una reuni\u00f3n privada<\/em>\u00ab, quiso interrumpir la filmaci\u00f3n del video uno de los representantes legales de la radio Continental, en di\u00e1logo con los periodistas y colegas de <strong>V\u00edctor Hugo Morales<\/strong>. Sin embargo, la grabaci\u00f3n de las im\u00e1genes continu\u00f3 y se pudo registrar el momento de la lectura del <strong>acta de despido<\/strong> y el instante en que el periodista kirchnerista irrumpe en el programa de Paulino Rodrigues para anunciar al aire lo que estaba pasando.<\/p>\n<p>Uno de los productores de V\u00edctor Hugo responde \u00ab<strong>esto es muy p\u00fablico<\/strong>\u00ab, lo que es apoyado por el propio periodista y hasta la semana pasada conductor de<strong> La Ma\u00f1ana<\/strong>. Tras lo cual se procedio a la lectura del acta notarial por parte del escribano.<\/p>\n<p>En momentos en que Morales escuchaba el inicio de la lectura, <strong>se dirigi\u00f3 con velocidad a uno de los estudios de radio<\/strong> que en esos momentos estaba saliendo al aire e interrumpiendo el programa La Mirada Despierta.<\/p>\n<p>\u00ab<strong>Me est\u00e1n echando de la radio en este momento<\/strong>\u00ab, intent\u00f3 anunciar VHM al aire, acompa\u00f1ado por Cynthia Garc\u00eda pero fue cortado por la emisi\u00f3n de la tanda publicitaria que <strong>censur\u00f3 <\/strong>su voz.<\/p>\n<p>Luego del corte, regres\u00f3 y explic\u00f3 la decisi\u00f3n de la radio y comenz\u00f3 a tuitear con el hashtag<strong>#VHMCensurado<\/strong> para denunciar lo acontecido. <em>(Perfil)<\/em><\/p>\n","protected":false},"excerpt":{"rendered":"<p>Un escribano intercept&oacute; al periodista previo al comienzo de su programa. C&oacute;mo hizo el relator para poder despedirse de su audiencia.[youtube]https:\/\/www.youtube.com\/watch?v=WWt9rvmFdeM[\/youtube] &laquo;Esta es una reuni&oacute;n privada&laquo;, quiso interrumpir la filmaci&oacute;n del video uno de los representantes legales de la radio Continental, en di&aacute;logo con los periodistas y colegas de V&iacute;ctor Hugo Morales. Sin embargo, la [&hellip;]<\/p>\n","protected":false},"author":2,"featured_media":0,"comment_status":"open","ping_status":"open","sticky":false,"template":"","format":"standard","meta":{"fifu_image_url":"","fifu_image_alt":"","footnotes":""},"categories":[12],"tags":[],"class_list":{"0":"post-13237","1":"post","2":"type-post","3":"status-publish","4":"format-standard","6":"category-espectaculos"},"yoast_head":"<title>As\u00ed echaron a V\u00edctor Hugo Morales de la radio - Informe Litoral<\/title>\n<meta name=\"robots\" content=\"index, follow, max-snippet:-1, max-image-preview:large, max-video-preview:-1\" \/>\n<link rel=\"canonical\" href=\"https:\/\/informelitoral.com.ar\/asi-echaron-a-victor-hugo-morales-de-la-radio\/\" \/>\n<meta property=\"og:locale\" content=\"es_ES\" \/>\n<meta property=\"og:type\" content=\"article\" \/>\n<meta property=\"og:title\" content=\"As\u00ed echaron a V\u00edctor Hugo Morales de la radio - Informe Litoral\" \/>\n<meta property=\"og:description\" content=\"Un escribano intercept&oacute; al periodista previo al comienzo de su programa. C&oacute;mo hizo el relator para poder despedirse de su audiencia.[youtube]https:\/\/www.youtube.com\/watch?v=WWt9rvmFdeM[\/youtube] &laquo;Esta es una reuni&oacute;n privada&laquo;, quiso interrumpir la filmaci&oacute;n del video uno de los representantes legales de la radio Continental, en di&aacute;logo con los periodistas y colegas de V&iacute;ctor Hugo Morales. Sin embargo, la [&hellip;]\" \/>\n<meta property=\"og:url\" content=\"https:\/\/informelitoral.com.ar\/asi-echaron-a-victor-hugo-morales-de-la-radio\/\" \/>\n<meta property=\"og:site_name\" content=\"Informe Litoral\" \/>\n<meta property=\"article:publisher\" content=\"https:\/\/www.facebook.com\/informelitoral\/\" \/>\n<meta property=\"article:published_time\" content=\"2016-01-11T20:34:18+00:00\" \/>\n<meta name=\"author\" content=\"Gonzalo Schmidt\" \/>\n<meta name=\"twitter:card\" content=\"summary_large_image\" \/>\n<meta name=\"twitter:creator\" content=\"@InformeLitoral\" \/>\n<meta name=\"twitter:site\" content=\"@InformeLitoral\" \/>\n<meta name=\"twitter:label1\" content=\"Escrito por\" \/>\n\t<meta name=\"twitter:data1\" content=\"Gonzalo Schmidt\" \/>\n\t<meta name=\"twitter:label2\" content=\"Tiempo de lectura\" \/>\n\t<meta name=\"twitter:data2\" content=\"1 minuto\" \/>\n<script type=\"application\/ld+json\" class=\"yoast-schema-graph\">{\"@context\":\"https:\\\/\\\/schema.org\",\"@graph\":[{\"@type\":\"Article\",\"@id\":\"https:\\\/\\\/informelitoral.com.ar\\\/asi-echaron-a-victor-hugo-morales-de-la-radio\\\/#article\",\"isPartOf\":{\"@id\":\"https:\\\/\\\/informelitoral.com.ar\\\/asi-echaron-a-victor-hugo-morales-de-la-radio\\\/\"},\"author\":{\"name\":\"Gonzalo Schmidt\",\"@id\":\"https:\\\/\\\/informelitoral.com.ar\\\/#\\\/schema\\\/person\\\/b9d00407c836482871ef1d57bf8e3180\"},\"headline\":\"As\u00ed echaron a V\u00edctor Hugo Morales de la radio\",\"datePublished\":\"2016-01-11T20:34:18+00:00\",\"mainEntityOfPage\":{\"@id\":\"https:\\\/\\\/informelitoral.com.ar\\\/asi-echaron-a-victor-hugo-morales-de-la-radio\\\/\"},\"wordCount\":268,\"commentCount\":0,\"publisher\":{\"@id\":\"https:\\\/\\\/informelitoral.com.ar\\\/#organization\"},\"articleSection\":[\"Espect\u00e1culos\"],\"inLanguage\":\"es\",\"potentialAction\":[{\"@type\":\"CommentAction\",\"name\":\"Comment\",\"target\":[\"https:\\\/\\\/informelitoral.com.ar\\\/asi-echaron-a-victor-hugo-morales-de-la-radio\\\/#respond\"]}]},{\"@type\":\"WebPage\",\"@id\":\"https:\\\/\\\/informelitoral.com.ar\\\/asi-echaron-a-victor-hugo-morales-de-la-radio\\\/\",\"url\":\"https:\\\/\\\/informelitoral.com.ar\\\/asi-echaron-a-victor-hugo-morales-de-la-radio\\\/\",\"name\":\"As\u00ed echaron a V\u00edctor Hugo Morales de la radio - Informe Litoral\",\"isPartOf\":{\"@id\":\"https:\\\/\\\/informelitoral.com.ar\\\/#website\"},\"datePublished\":\"2016-01-11T20:34:18+00:00\",\"breadcrumb\":{\"@id\":\"https:\\\/\\\/informelitoral.com.ar\\\/asi-echaron-a-victor-hugo-morales-de-la-radio\\\/#breadcrumb\"},\"inLanguage\":\"es\",\"potentialAction\":[{\"@type\":\"ReadAction\",\"target\":[\"https:\\\/\\\/informelitoral.com.ar\\\/asi-echaron-a-victor-hugo-morales-de-la-radio\\\/\"]}]},{\"@type\":\"BreadcrumbList\",\"@id\":\"https:\\\/\\\/informelitoral.com.ar\\\/asi-echaron-a-victor-hugo-morales-de-la-radio\\\/#breadcrumb\",\"itemListElement\":[{\"@type\":\"ListItem\",\"position\":1,\"name\":\"Portada\",\"item\":\"https:\\\/\\\/informelitoral.com.ar\\\/\"},{\"@type\":\"ListItem\",\"position\":2,\"name\":\"As\u00ed echaron a V\u00edctor Hugo Morales de la radio\"}]},{\"@type\":\"WebSite\",\"@id\":\"https:\\\/\\\/informelitoral.com.ar\\\/#website\",\"url\":\"https:\\\/\\\/informelitoral.com.ar\\\/\",\"name\":\"Informe Litoral\",\"description\":\"&quot;Nos informamos&quot; \",\"publisher\":{\"@id\":\"https:\\\/\\\/informelitoral.com.ar\\\/#organization\"},\"potentialAction\":[{\"@type\":\"SearchAction\",\"target\":{\"@type\":\"EntryPoint\",\"urlTemplate\":\"https:\\\/\\\/informelitoral.com.ar\\\/?s={search_term_string}\"},\"query-input\":{\"@type\":\"PropertyValueSpecification\",\"valueRequired\":true,\"valueName\":\"search_term_string\"}}],\"inLanguage\":\"es\"},{\"@type\":\"Organization\",\"@id\":\"https:\\\/\\\/informelitoral.com.ar\\\/#organization\",\"name\":\"Informe Litoral\",\"url\":\"https:\\\/\\\/informelitoral.com.ar\\\/\",\"logo\":{\"@type\":\"ImageObject\",\"inLanguage\":\"es\",\"@id\":\"https:\\\/\\\/informelitoral.com.ar\\\/#\\\/schema\\\/logo\\\/image\\\/\",\"url\":\"https:\\\/\\\/informelitoral.com.ar\\\/%77%70%2d%63%6f%6e%74%65%6e%74\\\/uploads\\\/2021\\\/01\\\/circulo.png\",\"contentUrl\":\"https:\\\/\\\/informelitoral.com.ar\\\/%77%70%2d%63%6f%6e%74%65%6e%74\\\/uploads\\\/2021\\\/01\\\/circulo.png\",\"width\":723,\"height\":731,\"caption\":\"Informe Litoral\"},\"image\":{\"@id\":\"https:\\\/\\\/informelitoral.com.ar\\\/#\\\/schema\\\/logo\\\/image\\\/\"},\"sameAs\":[\"https:\\\/\\\/www.facebook.com\\\/informelitoral\\\/\",\"https:\\\/\\\/x.com\\\/InformeLitoral\",\"https:\\\/\\\/www.instagram.com\\\/informelitoral\\\/\",\"https:\\\/\\\/www.youtube.com\\\/channel\\\/UCua4Qvz8Icb6MYqhoq9xLXw\"]},{\"@type\":\"Person\",\"@id\":\"https:\\\/\\\/informelitoral.com.ar\\\/#\\\/schema\\\/person\\\/b9d00407c836482871ef1d57bf8e3180\",\"name\":\"Gonzalo Schmidt\",\"image\":{\"@type\":\"ImageObject\",\"inLanguage\":\"es\",\"@id\":\"https:\\\/\\\/secure.gravatar.com\\\/avatar\\\/31a1a7b66ff2de83bd0e9fd79d026630d2d99e55e8bfe501287647b4fd9743de?s=96&d=mm&r=g\",\"url\":\"https:\\\/\\\/secure.gravatar.com\\\/avatar\\\/31a1a7b66ff2de83bd0e9fd79d026630d2d99e55e8bfe501287647b4fd9743de?s=96&d=mm&r=g\",\"contentUrl\":\"https:\\\/\\\/secure.gravatar.com\\\/avatar\\\/31a1a7b66ff2de83bd0e9fd79d026630d2d99e55e8bfe501287647b4fd9743de?s=96&d=mm&r=g\",\"caption\":\"Gonzalo Schmidt\"},\"description\":\"Sitio web de noticias de la provincia de Entre R\u00edos, Argentina. Informaci\u00f3n y entretenimiento. Informe Litoral, nos informamos.\",\"sameAs\":[\"http:\\\/\\\/www.isletasnoticias.com.ar\"],\"url\":\"https:\\\/\\\/informelitoral.com.ar\\\/author\\\/gonzalo\\\/\"}]}<\/script>","yoast_head_json":{"title":"As\u00ed echaron a V\u00edctor Hugo Morales de la radio - Informe Litoral","robots":{"index":"index","follow":"follow","max-snippet":"max-snippet:-1","max-image-preview":"max-image-preview:large","max-video-preview":"max-video-preview:-1"},"canonical":"https:\/\/informelitoral.com.ar\/asi-echaron-a-victor-hugo-morales-de-la-radio\/","og_locale":"es_ES","og_type":"article","og_title":"As\u00ed echaron a V\u00edctor Hugo Morales de la radio - Informe Litoral","og_description":"Un escribano intercept&oacute; al periodista previo al comienzo de su programa. C&oacute;mo hizo el relator para poder despedirse de su audiencia.[youtube]https:\/\/www.youtube.com\/watch?v=WWt9rvmFdeM[\/youtube] &laquo;Esta es una reuni&oacute;n privada&laquo;, quiso interrumpir la filmaci&oacute;n del video uno de los representantes legales de la radio Continental, en di&aacute;logo con los periodistas y colegas de V&iacute;ctor Hugo Morales. Sin embargo, la [&hellip;]","og_url":"https:\/\/informelitoral.com.ar\/asi-echaron-a-victor-hugo-morales-de-la-radio\/","og_site_name":"Informe Litoral","article_publisher":"https:\/\/www.facebook.com\/informelitoral\/","article_published_time":"2016-01-11T20:34:18+00:00","author":"Gonzalo Schmidt","twitter_card":"summary_large_image","twitter_creator":"@InformeLitoral","twitter_site":"@InformeLitoral","twitter_misc":{"Escrito por":"Gonzalo Schmidt","Tiempo de lectura":"1 minuto"},"schema":{"@context":"https:\/\/schema.org","@graph":[{"@type":"Article","@id":"https:\/\/informelitoral.com.ar\/asi-echaron-a-victor-hugo-morales-de-la-radio\/#article","isPartOf":{"@id":"https:\/\/informelitoral.com.ar\/asi-echaron-a-victor-hugo-morales-de-la-radio\/"},"author":{"name":"Gonzalo Schmidt","@id":"https:\/\/informelitoral.com.ar\/#\/schema\/person\/b9d00407c836482871ef1d57bf8e3180"},"headline":"As\u00ed echaron a V\u00edctor Hugo Morales de la radio","datePublished":"2016-01-11T20:34:18+00:00","mainEntityOfPage":{"@id":"https:\/\/informelitoral.com.ar\/asi-echaron-a-victor-hugo-morales-de-la-radio\/"},"wordCount":268,"commentCount":0,"publisher":{"@id":"https:\/\/informelitoral.com.ar\/#organization"},"articleSection":["Espect\u00e1culos"],"inLanguage":"es","potentialAction":[{"@type":"CommentAction","name":"Comment","target":["https:\/\/informelitoral.com.ar\/asi-echaron-a-victor-hugo-morales-de-la-radio\/#respond"]}]},{"@type":"WebPage","@id":"https:\/\/informelitoral.com.ar\/asi-echaron-a-victor-hugo-morales-de-la-radio\/","url":"https:\/\/informelitoral.com.ar\/asi-echaron-a-victor-hugo-morales-de-la-radio\/","name":"As\u00ed echaron a V\u00edctor Hugo Morales de la radio - Informe Litoral","isPartOf":{"@id":"https:\/\/informelitoral.com.ar\/#website"},"datePublished":"2016-01-11T20:34:18+00:00","breadcrumb":{"@id":"https:\/\/informelitoral.com.ar\/asi-echaron-a-victor-hugo-morales-de-la-radio\/#breadcrumb"},"inLanguage":"es","potentialAction":[{"@type":"ReadAction","target":["https:\/\/informelitoral.com.ar\/asi-echaron-a-victor-hugo-morales-de-la-radio\/"]}]},{"@type":"BreadcrumbList","@id":"https:\/\/informelitoral.com.ar\/asi-echaron-a-victor-hugo-morales-de-la-radio\/#breadcrumb","itemListElement":[{"@type":"ListItem","position":1,"name":"Portada","item":"https:\/\/informelitoral.com.ar\/"},{"@type":"ListItem","position":2,"name":"As\u00ed echaron a V\u00edctor Hugo Morales de la radio"}]},{"@type":"WebSite","@id":"https:\/\/informelitoral.com.ar\/#website","url":"https:\/\/informelitoral.com.ar\/","name":"Informe Litoral","description":"&quot;Nos informamos&quot; ","publisher":{"@id":"https:\/\/informelitoral.com.ar\/#organization"},"potentialAction":[{"@type":"SearchAction","target":{"@type":"EntryPoint","urlTemplate":"https:\/\/informelitoral.com.ar\/?s={search_term_string}"},"query-input":{"@type":"PropertyValueSpecification","valueRequired":true,"valueName":"search_term_string"}}],"inLanguage":"es"},{"@type":"Organization","@id":"https:\/\/informelitoral.com.ar\/#organization","name":"Informe Litoral","url":"https:\/\/informelitoral.com.ar\/","logo":{"@type":"ImageObject","inLanguage":"es","@id":"https:\/\/informelitoral.com.ar\/#\/schema\/logo\/image\/","url":"https:\/\/informelitoral.com.ar\/%77%70%2d%63%6f%6e%74%65%6e%74\/uploads\/2021\/01\/circulo.png","contentUrl":"https:\/\/informelitoral.com.ar\/%77%70%2d%63%6f%6e%74%65%6e%74\/uploads\/2021\/01\/circulo.png","width":723,"height":731,"caption":"Informe Litoral"},"image":{"@id":"https:\/\/informelitoral.com.ar\/#\/schema\/logo\/image\/"},"sameAs":["https:\/\/www.facebook.com\/informelitoral\/","https:\/\/x.com\/InformeLitoral","https:\/\/www.instagram.com\/informelitoral\/","https:\/\/www.youtube.com\/channel\/UCua4Qvz8Icb6MYqhoq9xLXw"]},{"@type":"Person","@id":"https:\/\/informelitoral.com.ar\/#\/schema\/person\/b9d00407c836482871ef1d57bf8e3180","name":"Gonzalo Schmidt","image":{"@type":"ImageObject","inLanguage":"es","@id":"https:\/\/secure.gravatar.com\/avatar\/31a1a7b66ff2de83bd0e9fd79d026630d2d99e55e8bfe501287647b4fd9743de?s=96&d=mm&r=g","url":"https:\/\/secure.gravatar.com\/avatar\/31a1a7b66ff2de83bd0e9fd79d026630d2d99e55e8bfe501287647b4fd9743de?s=96&d=mm&r=g","contentUrl":"https:\/\/secure.gravatar.com\/avatar\/31a1a7b66ff2de83bd0e9fd79d026630d2d99e55e8bfe501287647b4fd9743de?s=96&d=mm&r=g","caption":"Gonzalo Schmidt"},"description":"Sitio web de noticias de la provincia de Entre R\u00edos, Argentina. Informaci\u00f3n y entretenimiento. Informe Litoral, nos informamos.","sameAs":["http:\/\/www.isletasnoticias.com.ar"],"url":"https:\/\/informelitoral.com.ar\/author\/gonzalo\/"}]}},"_links":{"self":[{"href":"https:\/\/informelitoral.com.ar\/%77%70%2d%6a%73%6f%6e\/wp\/v2\/posts\/13237","targetHints":{"allow":["GET"]}}],"collection":[{"href":"https:\/\/informelitoral.com.ar\/%77%70%2d%6a%73%6f%6e\/wp\/v2\/posts"}],"about":[{"href":"https:\/\/informelitoral.com.ar\/%77%70%2d%6a%73%6f%6e\/wp\/v2\/types\/post"}],"author":[{"embeddable":true,"href":"https:\/\/informelitoral.com.ar\/%77%70%2d%6a%73%6f%6e\/wp\/v2\/users\/2"}],"replies":[{"embeddable":true,"href":"https:\/\/informelitoral.com.ar\/%77%70%2d%6a%73%6f%6e\/wp\/v2\/comments?post=13237"}],"version-history":[{"count":0,"href":"https:\/\/informelitoral.com.ar\/%77%70%2d%6a%73%6f%6e\/wp\/v2\/posts\/13237\/revisions"}],"wp:attachment":[{"href":"https:\/\/informelitoral.com.ar\/%77%70%2d%6a%73%6f%6e\/wp\/v2\/media?parent=13237"}],"wp:term":[{"taxonomy":"category","embeddable":true,"href":"https:\/\/informelitoral.com.ar\/%77%70%2d%6a%73%6f%6e\/wp\/v2\/categories?post=13237"},{"taxonomy":"post_tag","embeddable":true,"href":"https:\/\/informelitoral.com.ar\/%77%70%2d%6a%73%6f%6e\/wp\/v2\/tags?post=13237"}],"curies":[{"name":"wp","href":"https:\/\/api.w.org\/{rel}","templated":true}]}}