{"id":13233,"date":"2016-01-11T17:18:39","date_gmt":"2016-01-11T20:18:39","guid":{"rendered":"http:\/\/www.isletasnoticias.com.ar\/?p=13233"},"modified":"2016-01-11T17:18:39","modified_gmt":"2016-01-11T20:18:39","slug":"banado-en-oro-lionel-messi-recupero-el-cetro-mundial-y-sumo-el-5-balon-a-su-poblada-vitrina","status":"publish","type":"post","link":"https:\/\/informelitoral.com.ar\/banado-en-oro-lionel-messi-recupero-el-cetro-mundial-y-sumo-el-5-balon-a-su-poblada-vitrina\/","title":{"rendered":"Ba\u00f1ado en oro: Lionel Messi recuper\u00f3 el cetro mundial y sum\u00f3 el 5\u00b0 Bal\u00f3n a su poblada vitrina"},"content":{"rendered":"<p><strong>Despu\u00e9s de un 2015 de ensue\u00f1o con el Barcelona, la \u00abPulga\u00bb recuper\u00f3 el primer lugar del f\u00fatbol mundial. Dej\u00f3 atr\u00e1s dos a\u00f1os sab\u00e1ticos yestir\u00f3 la distancia con Cristiano Ronaldo, que termin\u00f3 segundo. Tercero fue Neymar.<a href=\"http:\/\/www.isletasnoticias.com.ar\/%77%70%2d%63%6f%6e%74%65%6e%74\/uploads\/2016\/01\/0014075987.jpg\"><img loading=\"lazy\" decoding=\"async\" class=\"aligncenter size-full wp-image-13234\" src=\"http:\/\/www.isletasnoticias.com.ar\/%77%70%2d%63%6f%6e%74%65%6e%74\/uploads\/2016\/01\/0014075987.jpg\" alt=\"0014075987\" width=\"770\" height=\"433\" srcset=\"https:\/\/informelitoral.com.ar\/%77%70%2d%63%6f%6e%74%65%6e%74\/uploads\/2016\/01\/0014075987.jpg 770w, https:\/\/informelitoral.com.ar\/%77%70%2d%63%6f%6e%74%65%6e%74\/uploads\/2016\/01\/0014075987-300x169.jpg 300w\" sizes=\"auto, (max-width: 770px) 100vw, 770px\" \/><\/a><\/strong><\/p>\n<p>Cuando dieron a conocer el nombre del ganador del Bal\u00f3n de Oro 2015, pr\u00e1cticamente nadie se sorprendi\u00f3 de la decisi\u00f3n. Despu\u00e9s de un 2015 estelar con la conquista de cinco t\u00edtulos de seis posibles con la camiseta del Barcelona, Lionel Messi super\u00f3 a Cristiano Ronaldo y su compa\u00f1ero Neymar para adue\u00f1arse de la m\u00e1xima distinci\u00f3n a la que puede aspirar un futbolista. Fue la quinta vez en su vida que lo logr\u00f3.<\/p>\n<p>El Palacio de Congresos de Zurich (Suiza) se rindi\u00f3 a los pies de la Pulga, quien se llev\u00f3 una tremenda ovaci\u00f3n adem\u00e1s de otra estatuilla dorada que incluir\u00e1 en una poblada vitrina. Luego de ganarlo cuatro temporadas consecutivas (2009, 2010, 2011 y 2012) y sepultar los dos \u00faltimos a\u00f1os sab\u00e1ticos (fue escolta de CR7), recuper\u00f3 el cetro internacional que nadie se atreve a discutir. Es el mejor, por esc\u00e1ndalo. As\u00ed fue el vaticinio de capitanes y entrenadores de las selecciones, como tambi\u00e9n de los periodistas involucrados en la votaci\u00f3n.<\/p>\n<p>Gracias al manifiesto poder\u00edo del rosarino, Argentina estuvo cinco veces en la c\u00faspide del f\u00fatbol por este premio tan particular, que comenz\u00f3 a entregarse en 1956 de la mano de la revista France Football y que reci\u00e9n en 2010 se unific\u00f3 con el criterio de la FIFA. As\u00ed alcanz\u00f3 a Brasil (Ronaldo -2-, Rivaldo, Ronaldinho y Kak\u00e1), mientras que qued\u00f3 a uno de Francia (seis en total) y a dos de Alemania y Holanda.<\/p>\n<p>En la cosecha individual, el quinteto de galardones del &#8217;10&#8217; estir\u00f3 la distancia respecto de Cristiano, quien lo alz\u00f3 tres veces. En la misma l\u00ednea que el luso del Real Madrid se ubican Johan Cruyff, Marco Van Basten y Michel Platini, otros fen\u00f3menos que marcaron una \u00e9poca con sus clubes y combinados nacionales.<\/p>\n<p>Con apenas 28 a\u00f1os y un largo camino por recorrer en esta actividad, a Messi le restan pocas barreras por derribar. Viene de obtener la Liga de Espa\u00f1a, la Champions League, la Copa del Rey, la Supercopa de Europa y el Mundial de Clubes que lo consolidaron como el criollo con mayor cantidad de t\u00edtulos en la historia, con el escenario preparado para seguir de parabienes en la actual temporada con el Bar\u00e7a.<\/p>\n<p>Sin rastros de la lesi\u00f3n en la rodilla que puso en vilo al pa\u00eds y a toda Catalu\u00f1a, Lio volvi\u00f3 a las canchas con su mejor versi\u00f3n y tambi\u00e9n recibi\u00f3 el 2016 con un nivel de alto vuelo, combinando goles, asistencia y lujos. Asimismo, renov\u00f3 la fe para hacer realidad la obsesi\u00f3n que lo desvela: dar una vuelta ol\u00edmpica con la Selecci\u00f3n. La Copa Am\u00e9rica del Centenario, a mediados de a\u00f1o, ser\u00e1 una oportunidad de oro para conseguirlo.<\/p>\n<p>Y la Pulga, due\u00f1o del galard\u00f3n cuatro a\u00f1os consecutivos (2009, 2010, 2011 y 2012), volvi\u00f3 a ser elegido como el mejor jugador del Mundo, cortando el predominio de CR7 (suma tres en total) de las \u00faltimas dos temporadas. As\u00ed lo certifica la producci\u00f3n en el Barcelona (campe\u00f3n en la Liga, Champions League, Copa del Rey, Supercopa de Europa y Mundial de Clubes) y los tantos premios que le entregaron en la antesala de esta espectacular celebraci\u00f3n (L&#8217;Equipe, Four Four Two y los Globe Soccer Awards).<\/p>\n<p>El jugador argentino fue determinante en estos logros colectivos, m\u00e1s all\u00e1 que tuvo un per\u00edodo prolongado lesionado (entre octubre y noviembre), por lo cual no pudo agigantar a\u00fan m\u00e1s sus n\u00fameros personales. A su vez,en lo que respecta a la Selecci\u00f3n argentina, volvi\u00f3 a comandar al equipo a una Final; aunque en este caso, el sabor fue a\u00fan m\u00e1s amargo que el que se dio en el Mundial de Brasil, considerando el poder\u00edo que tiene el combinado nacional a nivel sudamericano.<\/p>\n<p>En medio del esc\u00e1ndalo de corrupci\u00f3n por la investigaci\u00f3n que lleva adelante la Justicia de EEUU y condujo a la c\u00e1rcel a varios de los directivos m\u00e1s importantes de la Casa Madre del f\u00fatbol internacional, quien encabez\u00f3 la cita fue Issa Hayatou, el camerun\u00e9s que ejerce la presidencia interina desde la suspensi\u00f3n que el Comit\u00e9 de \u00c9tica le aplic\u00f3 a Joseph Blatter, el hist\u00f3rico mandam\u00e1s del ente. Los comicios ser\u00e1n el 26 de febrero. No obstante, el brasile\u00f1o Kak\u00e1 ser\u00e1 quien le entregar\u00e1 el premio al ganador.<\/p>\n<p>En este contexto, antes de la entrega del Bal\u00f3n de Oro se dio a conocer el &#8217;11 ideal&#8217; para la FIFA, del cualforma parte Messi, siendo el \u00fanico futbolista argentino. Luego de esto, el argentino no pudo quedarse con el premio &#8216;Puskas&#8217;, ya que m\u00e1s all\u00e1 de estar ternado por su gol ante el Athletic Bilbao, el vencedor fue Wendell Lira. <em>(PlayF\u00fatbol)<\/em><\/p>\n","protected":false},"excerpt":{"rendered":"<p>Despu&eacute;s de un 2015 de ensue&ntilde;o con el Barcelona, la &laquo;Pulga&raquo; recuper&oacute; el primer lugar del f&uacute;tbol mundial. Dej&oacute; atr&aacute;s dos a&ntilde;os sab&aacute;ticos yestir&oacute; la distancia con Cristiano Ronaldo, que termin&oacute; segundo. Tercero fue Neymar. Cuando dieron a conocer el nombre del ganador del Bal&oacute;n de Oro 2015, pr&aacute;cticamente nadie se sorprendi&oacute; de la decisi&oacute;n. [&hellip;]<\/p>\n","protected":false},"author":2,"featured_media":0,"comment_status":"open","ping_status":"open","sticky":false,"template":"","format":"standard","meta":{"fifu_image_url":"","fifu_image_alt":"","footnotes":""},"categories":[13],"tags":[],"class_list":{"0":"post-13233","1":"post","2":"type-post","3":"status-publish","4":"format-standard","6":"category-deportes"},"yoast_head":"<title>Ba\u00f1ado en oro: Lionel Messi recuper\u00f3 el cetro mundial y sum\u00f3 el 5\u00b0 Bal\u00f3n a su poblada vitrina - Informe Litoral<\/title>\n<meta name=\"robots\" content=\"index, follow, max-snippet:-1, max-image-preview:large, max-video-preview:-1\" \/>\n<link rel=\"canonical\" href=\"https:\/\/informelitoral.com.ar\/banado-en-oro-lionel-messi-recupero-el-cetro-mundial-y-sumo-el-5-balon-a-su-poblada-vitrina\/\" \/>\n<meta property=\"og:locale\" content=\"es_ES\" \/>\n<meta property=\"og:type\" content=\"article\" \/>\n<meta property=\"og:title\" content=\"Ba\u00f1ado en oro: Lionel Messi recuper\u00f3 el cetro mundial y sum\u00f3 el 5\u00b0 Bal\u00f3n a su poblada vitrina - Informe Litoral\" \/>\n<meta property=\"og:description\" content=\"Despu&eacute;s de un 2015 de ensue&ntilde;o con el Barcelona, la &laquo;Pulga&raquo; recuper&oacute; el primer lugar del f&uacute;tbol mundial. Dej&oacute; atr&aacute;s dos a&ntilde;os sab&aacute;ticos yestir&oacute; la distancia con Cristiano Ronaldo, que termin&oacute; segundo. Tercero fue Neymar. Cuando dieron a conocer el nombre del ganador del Bal&oacute;n de Oro 2015, pr&aacute;cticamente nadie se sorprendi&oacute; de la decisi&oacute;n. [&hellip;]\" \/>\n<meta property=\"og:url\" content=\"https:\/\/informelitoral.com.ar\/banado-en-oro-lionel-messi-recupero-el-cetro-mundial-y-sumo-el-5-balon-a-su-poblada-vitrina\/\" \/>\n<meta property=\"og:site_name\" content=\"Informe Litoral\" \/>\n<meta property=\"article:publisher\" content=\"https:\/\/www.facebook.com\/informelitoral\/\" \/>\n<meta property=\"article:published_time\" content=\"2016-01-11T20:18:39+00:00\" \/>\n<meta property=\"og:image\" content=\"https:\/\/informelitoral.com.ar\/%77%70%2d%63%6f%6e%74%65%6e%74\/uploads\/2016\/01\/0014075987.jpg\" \/>\n\t<meta property=\"og:image:width\" content=\"770\" \/>\n\t<meta property=\"og:image:height\" content=\"433\" \/>\n\t<meta property=\"og:image:type\" content=\"image\/jpeg\" \/>\n<meta name=\"author\" content=\"Gonzalo Schmidt\" \/>\n<meta name=\"twitter:card\" content=\"summary_large_image\" \/>\n<meta name=\"twitter:creator\" content=\"@InformeLitoral\" \/>\n<meta name=\"twitter:site\" content=\"@InformeLitoral\" \/>\n<meta name=\"twitter:label1\" content=\"Escrito por\" \/>\n\t<meta name=\"twitter:data1\" content=\"Gonzalo Schmidt\" \/>\n\t<meta name=\"twitter:label2\" content=\"Tiempo de lectura\" \/>\n\t<meta name=\"twitter:data2\" content=\"4 minutos\" \/>\n<script type=\"application\/ld+json\" class=\"yoast-schema-graph\">{\"@context\":\"https:\\\/\\\/schema.org\",\"@graph\":[{\"@type\":\"Article\",\"@id\":\"https:\\\/\\\/informelitoral.com.ar\\\/banado-en-oro-lionel-messi-recupero-el-cetro-mundial-y-sumo-el-5-balon-a-su-poblada-vitrina\\\/#article\",\"isPartOf\":{\"@id\":\"https:\\\/\\\/informelitoral.com.ar\\\/banado-en-oro-lionel-messi-recupero-el-cetro-mundial-y-sumo-el-5-balon-a-su-poblada-vitrina\\\/\"},\"author\":{\"name\":\"Gonzalo Schmidt\",\"@id\":\"https:\\\/\\\/informelitoral.com.ar\\\/#\\\/schema\\\/person\\\/b9d00407c836482871ef1d57bf8e3180\"},\"headline\":\"Ba\u00f1ado en oro: Lionel Messi recuper\u00f3 el cetro mundial y sum\u00f3 el 5\u00b0 Bal\u00f3n a su poblada vitrina\",\"datePublished\":\"2016-01-11T20:18:39+00:00\",\"mainEntityOfPage\":{\"@id\":\"https:\\\/\\\/informelitoral.com.ar\\\/banado-en-oro-lionel-messi-recupero-el-cetro-mundial-y-sumo-el-5-balon-a-su-poblada-vitrina\\\/\"},\"wordCount\":865,\"commentCount\":0,\"publisher\":{\"@id\":\"https:\\\/\\\/informelitoral.com.ar\\\/#organization\"},\"image\":{\"@id\":\"https:\\\/\\\/informelitoral.com.ar\\\/banado-en-oro-lionel-messi-recupero-el-cetro-mundial-y-sumo-el-5-balon-a-su-poblada-vitrina\\\/#primaryimage\"},\"thumbnailUrl\":\"http:\\\/\\\/www.isletasnoticias.com.ar\\\/%77%70%2d%63%6f%6e%74%65%6e%74\\\/uploads\\\/2016\\\/01\\\/0014075987.jpg\",\"articleSection\":[\"Deportes\"],\"inLanguage\":\"es\",\"potentialAction\":[{\"@type\":\"CommentAction\",\"name\":\"Comment\",\"target\":[\"https:\\\/\\\/informelitoral.com.ar\\\/banado-en-oro-lionel-messi-recupero-el-cetro-mundial-y-sumo-el-5-balon-a-su-poblada-vitrina\\\/#respond\"]}]},{\"@type\":\"WebPage\",\"@id\":\"https:\\\/\\\/informelitoral.com.ar\\\/banado-en-oro-lionel-messi-recupero-el-cetro-mundial-y-sumo-el-5-balon-a-su-poblada-vitrina\\\/\",\"url\":\"https:\\\/\\\/informelitoral.com.ar\\\/banado-en-oro-lionel-messi-recupero-el-cetro-mundial-y-sumo-el-5-balon-a-su-poblada-vitrina\\\/\",\"name\":\"Ba\u00f1ado en oro: Lionel Messi recuper\u00f3 el cetro mundial y sum\u00f3 el 5\u00b0 Bal\u00f3n a su poblada vitrina - Informe Litoral\",\"isPartOf\":{\"@id\":\"https:\\\/\\\/informelitoral.com.ar\\\/#website\"},\"primaryImageOfPage\":{\"@id\":\"https:\\\/\\\/informelitoral.com.ar\\\/banado-en-oro-lionel-messi-recupero-el-cetro-mundial-y-sumo-el-5-balon-a-su-poblada-vitrina\\\/#primaryimage\"},\"image\":{\"@id\":\"https:\\\/\\\/informelitoral.com.ar\\\/banado-en-oro-lionel-messi-recupero-el-cetro-mundial-y-sumo-el-5-balon-a-su-poblada-vitrina\\\/#primaryimage\"},\"thumbnailUrl\":\"http:\\\/\\\/www.isletasnoticias.com.ar\\\/%77%70%2d%63%6f%6e%74%65%6e%74\\\/uploads\\\/2016\\\/01\\\/0014075987.jpg\",\"datePublished\":\"2016-01-11T20:18:39+00:00\",\"breadcrumb\":{\"@id\":\"https:\\\/\\\/informelitoral.com.ar\\\/banado-en-oro-lionel-messi-recupero-el-cetro-mundial-y-sumo-el-5-balon-a-su-poblada-vitrina\\\/#breadcrumb\"},\"inLanguage\":\"es\",\"potentialAction\":[{\"@type\":\"ReadAction\",\"target\":[\"https:\\\/\\\/informelitoral.com.ar\\\/banado-en-oro-lionel-messi-recupero-el-cetro-mundial-y-sumo-el-5-balon-a-su-poblada-vitrina\\\/\"]}]},{\"@type\":\"ImageObject\",\"inLanguage\":\"es\",\"@id\":\"https:\\\/\\\/informelitoral.com.ar\\\/banado-en-oro-lionel-messi-recupero-el-cetro-mundial-y-sumo-el-5-balon-a-su-poblada-vitrina\\\/#primaryimage\",\"url\":\"http:\\\/\\\/www.isletasnoticias.com.ar\\\/%77%70%2d%63%6f%6e%74%65%6e%74\\\/uploads\\\/2016\\\/01\\\/0014075987.jpg\",\"contentUrl\":\"http:\\\/\\\/www.isletasnoticias.com.ar\\\/%77%70%2d%63%6f%6e%74%65%6e%74\\\/uploads\\\/2016\\\/01\\\/0014075987.jpg\"},{\"@type\":\"BreadcrumbList\",\"@id\":\"https:\\\/\\\/informelitoral.com.ar\\\/banado-en-oro-lionel-messi-recupero-el-cetro-mundial-y-sumo-el-5-balon-a-su-poblada-vitrina\\\/#breadcrumb\",\"itemListElement\":[{\"@type\":\"ListItem\",\"position\":1,\"name\":\"Portada\",\"item\":\"https:\\\/\\\/informelitoral.com.ar\\\/\"},{\"@type\":\"ListItem\",\"position\":2,\"name\":\"Ba\u00f1ado en oro: Lionel Messi recuper\u00f3 el cetro mundial y sum\u00f3 el 5\u00b0 Bal\u00f3n a su poblada vitrina\"}]},{\"@type\":\"WebSite\",\"@id\":\"https:\\\/\\\/informelitoral.com.ar\\\/#website\",\"url\":\"https:\\\/\\\/informelitoral.com.ar\\\/\",\"name\":\"Informe Litoral\",\"description\":\"&quot;Nos informamos&quot; \",\"publisher\":{\"@id\":\"https:\\\/\\\/informelitoral.com.ar\\\/#organization\"},\"potentialAction\":[{\"@type\":\"SearchAction\",\"target\":{\"@type\":\"EntryPoint\",\"urlTemplate\":\"https:\\\/\\\/informelitoral.com.ar\\\/?s={search_term_string}\"},\"query-input\":{\"@type\":\"PropertyValueSpecification\",\"valueRequired\":true,\"valueName\":\"search_term_string\"}}],\"inLanguage\":\"es\"},{\"@type\":\"Organization\",\"@id\":\"https:\\\/\\\/informelitoral.com.ar\\\/#organization\",\"name\":\"Informe Litoral\",\"url\":\"https:\\\/\\\/informelitoral.com.ar\\\/\",\"logo\":{\"@type\":\"ImageObject\",\"inLanguage\":\"es\",\"@id\":\"https:\\\/\\\/informelitoral.com.ar\\\/#\\\/schema\\\/logo\\\/image\\\/\",\"url\":\"https:\\\/\\\/informelitoral.com.ar\\\/%77%70%2d%63%6f%6e%74%65%6e%74\\\/uploads\\\/2021\\\/01\\\/circulo.png\",\"contentUrl\":\"https:\\\/\\\/informelitoral.com.ar\\\/%77%70%2d%63%6f%6e%74%65%6e%74\\\/uploads\\\/2021\\\/01\\\/circulo.png\",\"width\":723,\"height\":731,\"caption\":\"Informe Litoral\"},\"image\":{\"@id\":\"https:\\\/\\\/informelitoral.com.ar\\\/#\\\/schema\\\/logo\\\/image\\\/\"},\"sameAs\":[\"https:\\\/\\\/www.facebook.com\\\/informelitoral\\\/\",\"https:\\\/\\\/x.com\\\/InformeLitoral\",\"https:\\\/\\\/www.instagram.com\\\/informelitoral\\\/\",\"https:\\\/\\\/www.youtube.com\\\/channel\\\/UCua4Qvz8Icb6MYqhoq9xLXw\"]},{\"@type\":\"Person\",\"@id\":\"https:\\\/\\\/informelitoral.com.ar\\\/#\\\/schema\\\/person\\\/b9d00407c836482871ef1d57bf8e3180\",\"name\":\"Gonzalo Schmidt\",\"image\":{\"@type\":\"ImageObject\",\"inLanguage\":\"es\",\"@id\":\"https:\\\/\\\/secure.gravatar.com\\\/avatar\\\/31a1a7b66ff2de83bd0e9fd79d026630d2d99e55e8bfe501287647b4fd9743de?s=96&d=mm&r=g\",\"url\":\"https:\\\/\\\/secure.gravatar.com\\\/avatar\\\/31a1a7b66ff2de83bd0e9fd79d026630d2d99e55e8bfe501287647b4fd9743de?s=96&d=mm&r=g\",\"contentUrl\":\"https:\\\/\\\/secure.gravatar.com\\\/avatar\\\/31a1a7b66ff2de83bd0e9fd79d026630d2d99e55e8bfe501287647b4fd9743de?s=96&d=mm&r=g\",\"caption\":\"Gonzalo Schmidt\"},\"description\":\"Sitio web de noticias de la provincia de Entre R\u00edos, Argentina. Informaci\u00f3n y entretenimiento. Informe Litoral, nos informamos.\",\"sameAs\":[\"http:\\\/\\\/www.isletasnoticias.com.ar\"],\"url\":\"https:\\\/\\\/informelitoral.com.ar\\\/author\\\/gonzalo\\\/\"}]}<\/script>","yoast_head_json":{"title":"Ba\u00f1ado en oro: Lionel Messi recuper\u00f3 el cetro mundial y sum\u00f3 el 5\u00b0 Bal\u00f3n a su poblada vitrina - Informe Litoral","robots":{"index":"index","follow":"follow","max-snippet":"max-snippet:-1","max-image-preview":"max-image-preview:large","max-video-preview":"max-video-preview:-1"},"canonical":"https:\/\/informelitoral.com.ar\/banado-en-oro-lionel-messi-recupero-el-cetro-mundial-y-sumo-el-5-balon-a-su-poblada-vitrina\/","og_locale":"es_ES","og_type":"article","og_title":"Ba\u00f1ado en oro: Lionel Messi recuper\u00f3 el cetro mundial y sum\u00f3 el 5\u00b0 Bal\u00f3n a su poblada vitrina - Informe Litoral","og_description":"Despu&eacute;s de un 2015 de ensue&ntilde;o con el Barcelona, la &laquo;Pulga&raquo; recuper&oacute; el primer lugar del f&uacute;tbol mundial. Dej&oacute; atr&aacute;s dos a&ntilde;os sab&aacute;ticos yestir&oacute; la distancia con Cristiano Ronaldo, que termin&oacute; segundo. Tercero fue Neymar. Cuando dieron a conocer el nombre del ganador del Bal&oacute;n de Oro 2015, pr&aacute;cticamente nadie se sorprendi&oacute; de la decisi&oacute;n. [&hellip;]","og_url":"https:\/\/informelitoral.com.ar\/banado-en-oro-lionel-messi-recupero-el-cetro-mundial-y-sumo-el-5-balon-a-su-poblada-vitrina\/","og_site_name":"Informe Litoral","article_publisher":"https:\/\/www.facebook.com\/informelitoral\/","article_published_time":"2016-01-11T20:18:39+00:00","og_image":[{"width":770,"height":433,"url":"https:\/\/informelitoral.com.ar\/%77%70%2d%63%6f%6e%74%65%6e%74\/uploads\/2016\/01\/0014075987.jpg","type":"image\/jpeg"}],"author":"Gonzalo Schmidt","twitter_card":"summary_large_image","twitter_creator":"@InformeLitoral","twitter_site":"@InformeLitoral","twitter_misc":{"Escrito por":"Gonzalo Schmidt","Tiempo de lectura":"4 minutos"},"schema":{"@context":"https:\/\/schema.org","@graph":[{"@type":"Article","@id":"https:\/\/informelitoral.com.ar\/banado-en-oro-lionel-messi-recupero-el-cetro-mundial-y-sumo-el-5-balon-a-su-poblada-vitrina\/#article","isPartOf":{"@id":"https:\/\/informelitoral.com.ar\/banado-en-oro-lionel-messi-recupero-el-cetro-mundial-y-sumo-el-5-balon-a-su-poblada-vitrina\/"},"author":{"name":"Gonzalo Schmidt","@id":"https:\/\/informelitoral.com.ar\/#\/schema\/person\/b9d00407c836482871ef1d57bf8e3180"},"headline":"Ba\u00f1ado en oro: Lionel Messi recuper\u00f3 el cetro mundial y sum\u00f3 el 5\u00b0 Bal\u00f3n a su poblada vitrina","datePublished":"2016-01-11T20:18:39+00:00","mainEntityOfPage":{"@id":"https:\/\/informelitoral.com.ar\/banado-en-oro-lionel-messi-recupero-el-cetro-mundial-y-sumo-el-5-balon-a-su-poblada-vitrina\/"},"wordCount":865,"commentCount":0,"publisher":{"@id":"https:\/\/informelitoral.com.ar\/#organization"},"image":{"@id":"https:\/\/informelitoral.com.ar\/banado-en-oro-lionel-messi-recupero-el-cetro-mundial-y-sumo-el-5-balon-a-su-poblada-vitrina\/#primaryimage"},"thumbnailUrl":"http:\/\/www.isletasnoticias.com.ar\/%77%70%2d%63%6f%6e%74%65%6e%74\/uploads\/2016\/01\/0014075987.jpg","articleSection":["Deportes"],"inLanguage":"es","potentialAction":[{"@type":"CommentAction","name":"Comment","target":["https:\/\/informelitoral.com.ar\/banado-en-oro-lionel-messi-recupero-el-cetro-mundial-y-sumo-el-5-balon-a-su-poblada-vitrina\/#respond"]}]},{"@type":"WebPage","@id":"https:\/\/informelitoral.com.ar\/banado-en-oro-lionel-messi-recupero-el-cetro-mundial-y-sumo-el-5-balon-a-su-poblada-vitrina\/","url":"https:\/\/informelitoral.com.ar\/banado-en-oro-lionel-messi-recupero-el-cetro-mundial-y-sumo-el-5-balon-a-su-poblada-vitrina\/","name":"Ba\u00f1ado en oro: Lionel Messi recuper\u00f3 el cetro mundial y sum\u00f3 el 5\u00b0 Bal\u00f3n a su poblada vitrina - Informe Litoral","isPartOf":{"@id":"https:\/\/informelitoral.com.ar\/#website"},"primaryImageOfPage":{"@id":"https:\/\/informelitoral.com.ar\/banado-en-oro-lionel-messi-recupero-el-cetro-mundial-y-sumo-el-5-balon-a-su-poblada-vitrina\/#primaryimage"},"image":{"@id":"https:\/\/informelitoral.com.ar\/banado-en-oro-lionel-messi-recupero-el-cetro-mundial-y-sumo-el-5-balon-a-su-poblada-vitrina\/#primaryimage"},"thumbnailUrl":"http:\/\/www.isletasnoticias.com.ar\/%77%70%2d%63%6f%6e%74%65%6e%74\/uploads\/2016\/01\/0014075987.jpg","datePublished":"2016-01-11T20:18:39+00:00","breadcrumb":{"@id":"https:\/\/informelitoral.com.ar\/banado-en-oro-lionel-messi-recupero-el-cetro-mundial-y-sumo-el-5-balon-a-su-poblada-vitrina\/#breadcrumb"},"inLanguage":"es","potentialAction":[{"@type":"ReadAction","target":["https:\/\/informelitoral.com.ar\/banado-en-oro-lionel-messi-recupero-el-cetro-mundial-y-sumo-el-5-balon-a-su-poblada-vitrina\/"]}]},{"@type":"ImageObject","inLanguage":"es","@id":"https:\/\/informelitoral.com.ar\/banado-en-oro-lionel-messi-recupero-el-cetro-mundial-y-sumo-el-5-balon-a-su-poblada-vitrina\/#primaryimage","url":"http:\/\/www.isletasnoticias.com.ar\/%77%70%2d%63%6f%6e%74%65%6e%74\/uploads\/2016\/01\/0014075987.jpg","contentUrl":"http:\/\/www.isletasnoticias.com.ar\/%77%70%2d%63%6f%6e%74%65%6e%74\/uploads\/2016\/01\/0014075987.jpg"},{"@type":"BreadcrumbList","@id":"https:\/\/informelitoral.com.ar\/banado-en-oro-lionel-messi-recupero-el-cetro-mundial-y-sumo-el-5-balon-a-su-poblada-vitrina\/#breadcrumb","itemListElement":[{"@type":"ListItem","position":1,"name":"Portada","item":"https:\/\/informelitoral.com.ar\/"},{"@type":"ListItem","position":2,"name":"Ba\u00f1ado en oro: Lionel Messi recuper\u00f3 el cetro mundial y sum\u00f3 el 5\u00b0 Bal\u00f3n a su poblada vitrina"}]},{"@type":"WebSite","@id":"https:\/\/informelitoral.com.ar\/#website","url":"https:\/\/informelitoral.com.ar\/","name":"Informe Litoral","description":"&quot;Nos informamos&quot; ","publisher":{"@id":"https:\/\/informelitoral.com.ar\/#organization"},"potentialAction":[{"@type":"SearchAction","target":{"@type":"EntryPoint","urlTemplate":"https:\/\/informelitoral.com.ar\/?s={search_term_string}"},"query-input":{"@type":"PropertyValueSpecification","valueRequired":true,"valueName":"search_term_string"}}],"inLanguage":"es"},{"@type":"Organization","@id":"https:\/\/informelitoral.com.ar\/#organization","name":"Informe Litoral","url":"https:\/\/informelitoral.com.ar\/","logo":{"@type":"ImageObject","inLanguage":"es","@id":"https:\/\/informelitoral.com.ar\/#\/schema\/logo\/image\/","url":"https:\/\/informelitoral.com.ar\/%77%70%2d%63%6f%6e%74%65%6e%74\/uploads\/2021\/01\/circulo.png","contentUrl":"https:\/\/informelitoral.com.ar\/%77%70%2d%63%6f%6e%74%65%6e%74\/uploads\/2021\/01\/circulo.png","width":723,"height":731,"caption":"Informe Litoral"},"image":{"@id":"https:\/\/informelitoral.com.ar\/#\/schema\/logo\/image\/"},"sameAs":["https:\/\/www.facebook.com\/informelitoral\/","https:\/\/x.com\/InformeLitoral","https:\/\/www.instagram.com\/informelitoral\/","https:\/\/www.youtube.com\/channel\/UCua4Qvz8Icb6MYqhoq9xLXw"]},{"@type":"Person","@id":"https:\/\/informelitoral.com.ar\/#\/schema\/person\/b9d00407c836482871ef1d57bf8e3180","name":"Gonzalo Schmidt","image":{"@type":"ImageObject","inLanguage":"es","@id":"https:\/\/secure.gravatar.com\/avatar\/31a1a7b66ff2de83bd0e9fd79d026630d2d99e55e8bfe501287647b4fd9743de?s=96&d=mm&r=g","url":"https:\/\/secure.gravatar.com\/avatar\/31a1a7b66ff2de83bd0e9fd79d026630d2d99e55e8bfe501287647b4fd9743de?s=96&d=mm&r=g","contentUrl":"https:\/\/secure.gravatar.com\/avatar\/31a1a7b66ff2de83bd0e9fd79d026630d2d99e55e8bfe501287647b4fd9743de?s=96&d=mm&r=g","caption":"Gonzalo Schmidt"},"description":"Sitio web de noticias de la provincia de Entre R\u00edos, Argentina. Informaci\u00f3n y entretenimiento. Informe Litoral, nos informamos.","sameAs":["http:\/\/www.isletasnoticias.com.ar"],"url":"https:\/\/informelitoral.com.ar\/author\/gonzalo\/"}]}},"_links":{"self":[{"href":"https:\/\/informelitoral.com.ar\/%77%70%2d%6a%73%6f%6e\/wp\/v2\/posts\/13233","targetHints":{"allow":["GET"]}}],"collection":[{"href":"https:\/\/informelitoral.com.ar\/%77%70%2d%6a%73%6f%6e\/wp\/v2\/posts"}],"about":[{"href":"https:\/\/informelitoral.com.ar\/%77%70%2d%6a%73%6f%6e\/wp\/v2\/types\/post"}],"author":[{"embeddable":true,"href":"https:\/\/informelitoral.com.ar\/%77%70%2d%6a%73%6f%6e\/wp\/v2\/users\/2"}],"replies":[{"embeddable":true,"href":"https:\/\/informelitoral.com.ar\/%77%70%2d%6a%73%6f%6e\/wp\/v2\/comments?post=13233"}],"version-history":[{"count":0,"href":"https:\/\/informelitoral.com.ar\/%77%70%2d%6a%73%6f%6e\/wp\/v2\/posts\/13233\/revisions"}],"wp:attachment":[{"href":"https:\/\/informelitoral.com.ar\/%77%70%2d%6a%73%6f%6e\/wp\/v2\/media?parent=13233"}],"wp:term":[{"taxonomy":"category","embeddable":true,"href":"https:\/\/informelitoral.com.ar\/%77%70%2d%6a%73%6f%6e\/wp\/v2\/categories?post=13233"},{"taxonomy":"post_tag","embeddable":true,"href":"https:\/\/informelitoral.com.ar\/%77%70%2d%6a%73%6f%6e\/wp\/v2\/tags?post=13233"}],"curies":[{"name":"wp","href":"https:\/\/api.w.org\/{rel}","templated":true}]}}