{"id":13225,"date":"2016-01-09T10:04:32","date_gmt":"2016-01-09T13:04:32","guid":{"rendered":"http:\/\/www.isletasnoticias.com.ar\/?p=13225"},"modified":"2016-01-09T10:05:51","modified_gmt":"2016-01-09T13:05:51","slug":"mauricio-macri-se-fisuro-una-costilla-y-debera-hacer-reposo","status":"publish","type":"post","link":"https:\/\/informelitoral.com.ar\/mauricio-macri-se-fisuro-una-costilla-y-debera-hacer-reposo\/","title":{"rendered":"Mauricio Macri se fisur\u00f3 una costilla y deber\u00e1 hacer reposo"},"content":{"rendered":"<p><strong>El Presidente se lastim\u00f3 mientras jugaba con su hija Antonia en la Quinta \u00abLos Abrojos\u00bb.<a href=\"http:\/\/www.isletasnoticias.com.ar\/%77%70%2d%63%6f%6e%74%65%6e%74\/uploads\/2016\/01\/0014032539.jpg\"><img loading=\"lazy\" decoding=\"async\" class=\"aligncenter size-full wp-image-13226\" src=\"http:\/\/www.isletasnoticias.com.ar\/%77%70%2d%63%6f%6e%74%65%6e%74\/uploads\/2016\/01\/0014032539.jpg\" alt=\"0014032539\" width=\"770\" height=\"433\" srcset=\"https:\/\/informelitoral.com.ar\/%77%70%2d%63%6f%6e%74%65%6e%74\/uploads\/2016\/01\/0014032539.jpg 770w, https:\/\/informelitoral.com.ar\/%77%70%2d%63%6f%6e%74%65%6e%74\/uploads\/2016\/01\/0014032539-300x169.jpg 300w\" sizes=\"auto, (max-width: 770px) 100vw, 770px\" \/><\/a><\/strong><\/p>\n<div class=\"cuerposmart clearfix\">\n<div>\n<p>El presidente Mauricio Macri se fisur\u00f3 una costilla mientras jugaba con su hija Antonia en la quinta \u00abLos Abrojos\u00bb.<\/p>\n<p>Seg\u00fan un comunicado oficial, los m\u00e9dicos de la Unidad Presidencial le indicaron \u00abpermanecer en reposo por algunos d\u00edas\u00bb, reprodujo<em> Infobae<\/em>.<\/p>\n<p>Macri hab\u00eda llegado a la quinta luego de las 19 del viernes, donde ten\u00eda planeado pasar todo el fin de semana junto a su familia. Seg\u00fan el comunicado, \u00abmientras jugaba con su hija Antonia, el jefe de Estado perdi\u00f3 el equilibrio y cay\u00f3 haciendo peso sobre un costado del cuerpo lo que le provoc\u00f3 la fisura del arco posterior de la d\u00e9cima costilla derecha\u00bb.<\/p>\n<p>El Presidente fue atendido en una instituci\u00f3n m\u00e9dica de la zona, donde le indicaron el \u00abuso de una faja y un tratamiento sintom\u00e1tico con control evolutivo\u00bb.<\/p>\n<h3 id=\"titleCMS4ra877vtvokcsor\" class=\"tdCmsTitle1\">El comunicado oficial:<\/h3>\n<p><i>El presidente Mauricio Macri se fisur\u00f3 el arco posterior de la d\u00e9cima costilla, al sufrir esta noche un accidente mientras jugaba con su hija Antonia en la Quinta \u00abLos Abrojos\u00bb.<\/i><\/p>\n<p><i>El primer mandatario deber\u00e1 permanecer en reposo por algunos d\u00edas, seg\u00fan le indicaron los facultativos de la Unidad M\u00e9dica Presidencial.<\/i><\/p>\n<p><i>El presidente Macri tuvo actividad hoy en Santa Fe y en la Quinta de Olivos, donde mantuvo reuniones hasta pasadas las 19 cuando abord\u00f3 un helic\u00f3ptero que lo transport\u00f3 hasta Los Abrojos para pasar el fin de semana.<\/i><\/p>\n<p><i>Mientras jugaba con su hija Antonia, el jefe de Estado perdi\u00f3 el equilibrio y cay\u00f3 haciendo peso sobre un costado del cuerpo lo que le provoc\u00f3 la fisura del arco posterior de la d\u00e9cima costilla derecha.<\/i><\/p>\n<p><i>Tras el accidente, el presidente fue derivado a una instituci\u00f3n m\u00e9dica de la zona donde se constat\u00f3 la lesi\u00f3n y se le indic\u00f3 el uso de una faja y tratamiento sintom\u00e1tico con control evolutivo.<\/i><\/p>\n<p><i>El primer mandatario ya guarda reposo en su domicilio.<\/i><\/p>\n<\/div>\n<\/div>\n<div class=\"narrowcontent\"><\/div>\n","protected":false},"excerpt":{"rendered":"<p>El Presidente se lastim&oacute; mientras jugaba con su hija Antonia en la Quinta &laquo;Los Abrojos&raquo;. El presidente Mauricio Macri se fisur&oacute; una costilla mientras jugaba con su hija Antonia en la quinta &laquo;Los Abrojos&raquo;. Seg&uacute;n un comunicado oficial, los m&eacute;dicos de la Unidad Presidencial le indicaron &laquo;permanecer en reposo por algunos d&iacute;as&raquo;, reprodujo Infobae. Macri [&hellip;]<\/p>\n","protected":false},"author":2,"featured_media":0,"comment_status":"open","ping_status":"open","sticky":false,"template":"","format":"standard","meta":{"fifu_image_url":"","fifu_image_alt":"","footnotes":""},"categories":[7,16],"tags":[],"class_list":{"0":"post-13225","1":"post","2":"type-post","3":"status-publish","4":"format-standard","6":"category-nacionales","7":"category-politi"},"yoast_head":"<title>Mauricio Macri se fisur\u00f3 una costilla y deber\u00e1 hacer reposo - Informe Litoral<\/title>\n<meta name=\"robots\" content=\"index, follow, max-snippet:-1, max-image-preview:large, max-video-preview:-1\" \/>\n<link rel=\"canonical\" href=\"https:\/\/informelitoral.com.ar\/mauricio-macri-se-fisuro-una-costilla-y-debera-hacer-reposo\/\" \/>\n<meta property=\"og:locale\" content=\"es_ES\" \/>\n<meta property=\"og:type\" content=\"article\" \/>\n<meta property=\"og:title\" content=\"Mauricio Macri se fisur\u00f3 una costilla y deber\u00e1 hacer reposo - Informe Litoral\" \/>\n<meta property=\"og:description\" content=\"El Presidente se lastim&oacute; mientras jugaba con su hija Antonia en la Quinta &laquo;Los Abrojos&raquo;. El presidente Mauricio Macri se fisur&oacute; una costilla mientras jugaba con su hija Antonia en la quinta &laquo;Los Abrojos&raquo;. Seg&uacute;n un comunicado oficial, los m&eacute;dicos de la Unidad Presidencial le indicaron &laquo;permanecer en reposo por algunos d&iacute;as&raquo;, reprodujo Infobae. Macri [&hellip;]\" \/>\n<meta property=\"og:url\" content=\"https:\/\/informelitoral.com.ar\/mauricio-macri-se-fisuro-una-costilla-y-debera-hacer-reposo\/\" \/>\n<meta property=\"og:site_name\" content=\"Informe Litoral\" \/>\n<meta property=\"article:publisher\" content=\"https:\/\/www.facebook.com\/informelitoral\/\" \/>\n<meta property=\"article:published_time\" content=\"2016-01-09T13:04:32+00:00\" \/>\n<meta property=\"article:modified_time\" content=\"2016-01-09T13:05:51+00:00\" \/>\n<meta property=\"og:image\" content=\"https:\/\/informelitoral.com.ar\/%77%70%2d%63%6f%6e%74%65%6e%74\/uploads\/2016\/01\/0014032539.jpg\" \/>\n\t<meta property=\"og:image:width\" content=\"770\" \/>\n\t<meta property=\"og:image:height\" content=\"433\" \/>\n\t<meta property=\"og:image:type\" content=\"image\/jpeg\" \/>\n<meta name=\"author\" content=\"Gonzalo Schmidt\" \/>\n<meta name=\"twitter:card\" content=\"summary_large_image\" \/>\n<meta name=\"twitter:creator\" content=\"@InformeLitoral\" \/>\n<meta name=\"twitter:site\" content=\"@InformeLitoral\" \/>\n<meta name=\"twitter:label1\" content=\"Escrito por\" \/>\n\t<meta name=\"twitter:data1\" content=\"Gonzalo Schmidt\" \/>\n\t<meta name=\"twitter:label2\" content=\"Tiempo de lectura\" \/>\n\t<meta name=\"twitter:data2\" content=\"2 minutos\" \/>\n<script type=\"application\/ld+json\" class=\"yoast-schema-graph\">{\"@context\":\"https:\\\/\\\/schema.org\",\"@graph\":[{\"@type\":\"Article\",\"@id\":\"https:\\\/\\\/informelitoral.com.ar\\\/mauricio-macri-se-fisuro-una-costilla-y-debera-hacer-reposo\\\/#article\",\"isPartOf\":{\"@id\":\"https:\\\/\\\/informelitoral.com.ar\\\/mauricio-macri-se-fisuro-una-costilla-y-debera-hacer-reposo\\\/\"},\"author\":{\"name\":\"Gonzalo Schmidt\",\"@id\":\"https:\\\/\\\/informelitoral.com.ar\\\/#\\\/schema\\\/person\\\/b9d00407c836482871ef1d57bf8e3180\"},\"headline\":\"Mauricio Macri se fisur\u00f3 una costilla y deber\u00e1 hacer reposo\",\"datePublished\":\"2016-01-09T13:04:32+00:00\",\"dateModified\":\"2016-01-09T13:05:51+00:00\",\"mainEntityOfPage\":{\"@id\":\"https:\\\/\\\/informelitoral.com.ar\\\/mauricio-macri-se-fisuro-una-costilla-y-debera-hacer-reposo\\\/\"},\"wordCount\":342,\"commentCount\":0,\"publisher\":{\"@id\":\"https:\\\/\\\/informelitoral.com.ar\\\/#organization\"},\"image\":{\"@id\":\"https:\\\/\\\/informelitoral.com.ar\\\/mauricio-macri-se-fisuro-una-costilla-y-debera-hacer-reposo\\\/#primaryimage\"},\"thumbnailUrl\":\"http:\\\/\\\/www.isletasnoticias.com.ar\\\/%77%70%2d%63%6f%6e%74%65%6e%74\\\/uploads\\\/2016\\\/01\\\/0014032539.jpg\",\"articleSection\":[\"Nacionales\",\"Politica\"],\"inLanguage\":\"es\",\"potentialAction\":[{\"@type\":\"CommentAction\",\"name\":\"Comment\",\"target\":[\"https:\\\/\\\/informelitoral.com.ar\\\/mauricio-macri-se-fisuro-una-costilla-y-debera-hacer-reposo\\\/#respond\"]}]},{\"@type\":\"WebPage\",\"@id\":\"https:\\\/\\\/informelitoral.com.ar\\\/mauricio-macri-se-fisuro-una-costilla-y-debera-hacer-reposo\\\/\",\"url\":\"https:\\\/\\\/informelitoral.com.ar\\\/mauricio-macri-se-fisuro-una-costilla-y-debera-hacer-reposo\\\/\",\"name\":\"Mauricio Macri se fisur\u00f3 una costilla y deber\u00e1 hacer reposo - Informe Litoral\",\"isPartOf\":{\"@id\":\"https:\\\/\\\/informelitoral.com.ar\\\/#website\"},\"primaryImageOfPage\":{\"@id\":\"https:\\\/\\\/informelitoral.com.ar\\\/mauricio-macri-se-fisuro-una-costilla-y-debera-hacer-reposo\\\/#primaryimage\"},\"image\":{\"@id\":\"https:\\\/\\\/informelitoral.com.ar\\\/mauricio-macri-se-fisuro-una-costilla-y-debera-hacer-reposo\\\/#primaryimage\"},\"thumbnailUrl\":\"http:\\\/\\\/www.isletasnoticias.com.ar\\\/%77%70%2d%63%6f%6e%74%65%6e%74\\\/uploads\\\/2016\\\/01\\\/0014032539.jpg\",\"datePublished\":\"2016-01-09T13:04:32+00:00\",\"dateModified\":\"2016-01-09T13:05:51+00:00\",\"breadcrumb\":{\"@id\":\"https:\\\/\\\/informelitoral.com.ar\\\/mauricio-macri-se-fisuro-una-costilla-y-debera-hacer-reposo\\\/#breadcrumb\"},\"inLanguage\":\"es\",\"potentialAction\":[{\"@type\":\"ReadAction\",\"target\":[\"https:\\\/\\\/informelitoral.com.ar\\\/mauricio-macri-se-fisuro-una-costilla-y-debera-hacer-reposo\\\/\"]}]},{\"@type\":\"ImageObject\",\"inLanguage\":\"es\",\"@id\":\"https:\\\/\\\/informelitoral.com.ar\\\/mauricio-macri-se-fisuro-una-costilla-y-debera-hacer-reposo\\\/#primaryimage\",\"url\":\"http:\\\/\\\/www.isletasnoticias.com.ar\\\/%77%70%2d%63%6f%6e%74%65%6e%74\\\/uploads\\\/2016\\\/01\\\/0014032539.jpg\",\"contentUrl\":\"http:\\\/\\\/www.isletasnoticias.com.ar\\\/%77%70%2d%63%6f%6e%74%65%6e%74\\\/uploads\\\/2016\\\/01\\\/0014032539.jpg\"},{\"@type\":\"BreadcrumbList\",\"@id\":\"https:\\\/\\\/informelitoral.com.ar\\\/mauricio-macri-se-fisuro-una-costilla-y-debera-hacer-reposo\\\/#breadcrumb\",\"itemListElement\":[{\"@type\":\"ListItem\",\"position\":1,\"name\":\"Portada\",\"item\":\"https:\\\/\\\/informelitoral.com.ar\\\/\"},{\"@type\":\"ListItem\",\"position\":2,\"name\":\"Mauricio Macri se fisur\u00f3 una costilla y deber\u00e1 hacer reposo\"}]},{\"@type\":\"WebSite\",\"@id\":\"https:\\\/\\\/informelitoral.com.ar\\\/#website\",\"url\":\"https:\\\/\\\/informelitoral.com.ar\\\/\",\"name\":\"Informe Litoral\",\"description\":\"&quot;Nos informamos&quot; \",\"publisher\":{\"@id\":\"https:\\\/\\\/informelitoral.com.ar\\\/#organization\"},\"potentialAction\":[{\"@type\":\"SearchAction\",\"target\":{\"@type\":\"EntryPoint\",\"urlTemplate\":\"https:\\\/\\\/informelitoral.com.ar\\\/?s={search_term_string}\"},\"query-input\":{\"@type\":\"PropertyValueSpecification\",\"valueRequired\":true,\"valueName\":\"search_term_string\"}}],\"inLanguage\":\"es\"},{\"@type\":\"Organization\",\"@id\":\"https:\\\/\\\/informelitoral.com.ar\\\/#organization\",\"name\":\"Informe Litoral\",\"url\":\"https:\\\/\\\/informelitoral.com.ar\\\/\",\"logo\":{\"@type\":\"ImageObject\",\"inLanguage\":\"es\",\"@id\":\"https:\\\/\\\/informelitoral.com.ar\\\/#\\\/schema\\\/logo\\\/image\\\/\",\"url\":\"https:\\\/\\\/informelitoral.com.ar\\\/%77%70%2d%63%6f%6e%74%65%6e%74\\\/uploads\\\/2021\\\/01\\\/circulo.png\",\"contentUrl\":\"https:\\\/\\\/informelitoral.com.ar\\\/%77%70%2d%63%6f%6e%74%65%6e%74\\\/uploads\\\/2021\\\/01\\\/circulo.png\",\"width\":723,\"height\":731,\"caption\":\"Informe Litoral\"},\"image\":{\"@id\":\"https:\\\/\\\/informelitoral.com.ar\\\/#\\\/schema\\\/logo\\\/image\\\/\"},\"sameAs\":[\"https:\\\/\\\/www.facebook.com\\\/informelitoral\\\/\",\"https:\\\/\\\/x.com\\\/InformeLitoral\",\"https:\\\/\\\/www.instagram.com\\\/informelitoral\\\/\",\"https:\\\/\\\/www.youtube.com\\\/channel\\\/UCua4Qvz8Icb6MYqhoq9xLXw\"]},{\"@type\":\"Person\",\"@id\":\"https:\\\/\\\/informelitoral.com.ar\\\/#\\\/schema\\\/person\\\/b9d00407c836482871ef1d57bf8e3180\",\"name\":\"Gonzalo Schmidt\",\"image\":{\"@type\":\"ImageObject\",\"inLanguage\":\"es\",\"@id\":\"https:\\\/\\\/secure.gravatar.com\\\/avatar\\\/31a1a7b66ff2de83bd0e9fd79d026630d2d99e55e8bfe501287647b4fd9743de?s=96&d=mm&r=g\",\"url\":\"https:\\\/\\\/secure.gravatar.com\\\/avatar\\\/31a1a7b66ff2de83bd0e9fd79d026630d2d99e55e8bfe501287647b4fd9743de?s=96&d=mm&r=g\",\"contentUrl\":\"https:\\\/\\\/secure.gravatar.com\\\/avatar\\\/31a1a7b66ff2de83bd0e9fd79d026630d2d99e55e8bfe501287647b4fd9743de?s=96&d=mm&r=g\",\"caption\":\"Gonzalo Schmidt\"},\"description\":\"Sitio web de noticias de la provincia de Entre R\u00edos, Argentina. Informaci\u00f3n y entretenimiento. Informe Litoral, nos informamos.\",\"sameAs\":[\"http:\\\/\\\/www.isletasnoticias.com.ar\"],\"url\":\"https:\\\/\\\/informelitoral.com.ar\\\/author\\\/gonzalo\\\/\"}]}<\/script>","yoast_head_json":{"title":"Mauricio Macri se fisur\u00f3 una costilla y deber\u00e1 hacer reposo - Informe Litoral","robots":{"index":"index","follow":"follow","max-snippet":"max-snippet:-1","max-image-preview":"max-image-preview:large","max-video-preview":"max-video-preview:-1"},"canonical":"https:\/\/informelitoral.com.ar\/mauricio-macri-se-fisuro-una-costilla-y-debera-hacer-reposo\/","og_locale":"es_ES","og_type":"article","og_title":"Mauricio Macri se fisur\u00f3 una costilla y deber\u00e1 hacer reposo - Informe Litoral","og_description":"El Presidente se lastim&oacute; mientras jugaba con su hija Antonia en la Quinta &laquo;Los Abrojos&raquo;. El presidente Mauricio Macri se fisur&oacute; una costilla mientras jugaba con su hija Antonia en la quinta &laquo;Los Abrojos&raquo;. Seg&uacute;n un comunicado oficial, los m&eacute;dicos de la Unidad Presidencial le indicaron &laquo;permanecer en reposo por algunos d&iacute;as&raquo;, reprodujo Infobae. Macri [&hellip;]","og_url":"https:\/\/informelitoral.com.ar\/mauricio-macri-se-fisuro-una-costilla-y-debera-hacer-reposo\/","og_site_name":"Informe Litoral","article_publisher":"https:\/\/www.facebook.com\/informelitoral\/","article_published_time":"2016-01-09T13:04:32+00:00","article_modified_time":"2016-01-09T13:05:51+00:00","og_image":[{"width":770,"height":433,"url":"https:\/\/informelitoral.com.ar\/%77%70%2d%63%6f%6e%74%65%6e%74\/uploads\/2016\/01\/0014032539.jpg","type":"image\/jpeg"}],"author":"Gonzalo Schmidt","twitter_card":"summary_large_image","twitter_creator":"@InformeLitoral","twitter_site":"@InformeLitoral","twitter_misc":{"Escrito por":"Gonzalo Schmidt","Tiempo de lectura":"2 minutos"},"schema":{"@context":"https:\/\/schema.org","@graph":[{"@type":"Article","@id":"https:\/\/informelitoral.com.ar\/mauricio-macri-se-fisuro-una-costilla-y-debera-hacer-reposo\/#article","isPartOf":{"@id":"https:\/\/informelitoral.com.ar\/mauricio-macri-se-fisuro-una-costilla-y-debera-hacer-reposo\/"},"author":{"name":"Gonzalo Schmidt","@id":"https:\/\/informelitoral.com.ar\/#\/schema\/person\/b9d00407c836482871ef1d57bf8e3180"},"headline":"Mauricio Macri se fisur\u00f3 una costilla y deber\u00e1 hacer reposo","datePublished":"2016-01-09T13:04:32+00:00","dateModified":"2016-01-09T13:05:51+00:00","mainEntityOfPage":{"@id":"https:\/\/informelitoral.com.ar\/mauricio-macri-se-fisuro-una-costilla-y-debera-hacer-reposo\/"},"wordCount":342,"commentCount":0,"publisher":{"@id":"https:\/\/informelitoral.com.ar\/#organization"},"image":{"@id":"https:\/\/informelitoral.com.ar\/mauricio-macri-se-fisuro-una-costilla-y-debera-hacer-reposo\/#primaryimage"},"thumbnailUrl":"http:\/\/www.isletasnoticias.com.ar\/%77%70%2d%63%6f%6e%74%65%6e%74\/uploads\/2016\/01\/0014032539.jpg","articleSection":["Nacionales","Politica"],"inLanguage":"es","potentialAction":[{"@type":"CommentAction","name":"Comment","target":["https:\/\/informelitoral.com.ar\/mauricio-macri-se-fisuro-una-costilla-y-debera-hacer-reposo\/#respond"]}]},{"@type":"WebPage","@id":"https:\/\/informelitoral.com.ar\/mauricio-macri-se-fisuro-una-costilla-y-debera-hacer-reposo\/","url":"https:\/\/informelitoral.com.ar\/mauricio-macri-se-fisuro-una-costilla-y-debera-hacer-reposo\/","name":"Mauricio Macri se fisur\u00f3 una costilla y deber\u00e1 hacer reposo - Informe Litoral","isPartOf":{"@id":"https:\/\/informelitoral.com.ar\/#website"},"primaryImageOfPage":{"@id":"https:\/\/informelitoral.com.ar\/mauricio-macri-se-fisuro-una-costilla-y-debera-hacer-reposo\/#primaryimage"},"image":{"@id":"https:\/\/informelitoral.com.ar\/mauricio-macri-se-fisuro-una-costilla-y-debera-hacer-reposo\/#primaryimage"},"thumbnailUrl":"http:\/\/www.isletasnoticias.com.ar\/%77%70%2d%63%6f%6e%74%65%6e%74\/uploads\/2016\/01\/0014032539.jpg","datePublished":"2016-01-09T13:04:32+00:00","dateModified":"2016-01-09T13:05:51+00:00","breadcrumb":{"@id":"https:\/\/informelitoral.com.ar\/mauricio-macri-se-fisuro-una-costilla-y-debera-hacer-reposo\/#breadcrumb"},"inLanguage":"es","potentialAction":[{"@type":"ReadAction","target":["https:\/\/informelitoral.com.ar\/mauricio-macri-se-fisuro-una-costilla-y-debera-hacer-reposo\/"]}]},{"@type":"ImageObject","inLanguage":"es","@id":"https:\/\/informelitoral.com.ar\/mauricio-macri-se-fisuro-una-costilla-y-debera-hacer-reposo\/#primaryimage","url":"http:\/\/www.isletasnoticias.com.ar\/%77%70%2d%63%6f%6e%74%65%6e%74\/uploads\/2016\/01\/0014032539.jpg","contentUrl":"http:\/\/www.isletasnoticias.com.ar\/%77%70%2d%63%6f%6e%74%65%6e%74\/uploads\/2016\/01\/0014032539.jpg"},{"@type":"BreadcrumbList","@id":"https:\/\/informelitoral.com.ar\/mauricio-macri-se-fisuro-una-costilla-y-debera-hacer-reposo\/#breadcrumb","itemListElement":[{"@type":"ListItem","position":1,"name":"Portada","item":"https:\/\/informelitoral.com.ar\/"},{"@type":"ListItem","position":2,"name":"Mauricio Macri se fisur\u00f3 una costilla y deber\u00e1 hacer reposo"}]},{"@type":"WebSite","@id":"https:\/\/informelitoral.com.ar\/#website","url":"https:\/\/informelitoral.com.ar\/","name":"Informe Litoral","description":"&quot;Nos informamos&quot; ","publisher":{"@id":"https:\/\/informelitoral.com.ar\/#organization"},"potentialAction":[{"@type":"SearchAction","target":{"@type":"EntryPoint","urlTemplate":"https:\/\/informelitoral.com.ar\/?s={search_term_string}"},"query-input":{"@type":"PropertyValueSpecification","valueRequired":true,"valueName":"search_term_string"}}],"inLanguage":"es"},{"@type":"Organization","@id":"https:\/\/informelitoral.com.ar\/#organization","name":"Informe Litoral","url":"https:\/\/informelitoral.com.ar\/","logo":{"@type":"ImageObject","inLanguage":"es","@id":"https:\/\/informelitoral.com.ar\/#\/schema\/logo\/image\/","url":"https:\/\/informelitoral.com.ar\/%77%70%2d%63%6f%6e%74%65%6e%74\/uploads\/2021\/01\/circulo.png","contentUrl":"https:\/\/informelitoral.com.ar\/%77%70%2d%63%6f%6e%74%65%6e%74\/uploads\/2021\/01\/circulo.png","width":723,"height":731,"caption":"Informe Litoral"},"image":{"@id":"https:\/\/informelitoral.com.ar\/#\/schema\/logo\/image\/"},"sameAs":["https:\/\/www.facebook.com\/informelitoral\/","https:\/\/x.com\/InformeLitoral","https:\/\/www.instagram.com\/informelitoral\/","https:\/\/www.youtube.com\/channel\/UCua4Qvz8Icb6MYqhoq9xLXw"]},{"@type":"Person","@id":"https:\/\/informelitoral.com.ar\/#\/schema\/person\/b9d00407c836482871ef1d57bf8e3180","name":"Gonzalo Schmidt","image":{"@type":"ImageObject","inLanguage":"es","@id":"https:\/\/secure.gravatar.com\/avatar\/31a1a7b66ff2de83bd0e9fd79d026630d2d99e55e8bfe501287647b4fd9743de?s=96&d=mm&r=g","url":"https:\/\/secure.gravatar.com\/avatar\/31a1a7b66ff2de83bd0e9fd79d026630d2d99e55e8bfe501287647b4fd9743de?s=96&d=mm&r=g","contentUrl":"https:\/\/secure.gravatar.com\/avatar\/31a1a7b66ff2de83bd0e9fd79d026630d2d99e55e8bfe501287647b4fd9743de?s=96&d=mm&r=g","caption":"Gonzalo Schmidt"},"description":"Sitio web de noticias de la provincia de Entre R\u00edos, Argentina. Informaci\u00f3n y entretenimiento. Informe Litoral, nos informamos.","sameAs":["http:\/\/www.isletasnoticias.com.ar"],"url":"https:\/\/informelitoral.com.ar\/author\/gonzalo\/"}]}},"_links":{"self":[{"href":"https:\/\/informelitoral.com.ar\/%77%70%2d%6a%73%6f%6e\/wp\/v2\/posts\/13225","targetHints":{"allow":["GET"]}}],"collection":[{"href":"https:\/\/informelitoral.com.ar\/%77%70%2d%6a%73%6f%6e\/wp\/v2\/posts"}],"about":[{"href":"https:\/\/informelitoral.com.ar\/%77%70%2d%6a%73%6f%6e\/wp\/v2\/types\/post"}],"author":[{"embeddable":true,"href":"https:\/\/informelitoral.com.ar\/%77%70%2d%6a%73%6f%6e\/wp\/v2\/users\/2"}],"replies":[{"embeddable":true,"href":"https:\/\/informelitoral.com.ar\/%77%70%2d%6a%73%6f%6e\/wp\/v2\/comments?post=13225"}],"version-history":[{"count":0,"href":"https:\/\/informelitoral.com.ar\/%77%70%2d%6a%73%6f%6e\/wp\/v2\/posts\/13225\/revisions"}],"wp:attachment":[{"href":"https:\/\/informelitoral.com.ar\/%77%70%2d%6a%73%6f%6e\/wp\/v2\/media?parent=13225"}],"wp:term":[{"taxonomy":"category","embeddable":true,"href":"https:\/\/informelitoral.com.ar\/%77%70%2d%6a%73%6f%6e\/wp\/v2\/categories?post=13225"},{"taxonomy":"post_tag","embeddable":true,"href":"https:\/\/informelitoral.com.ar\/%77%70%2d%6a%73%6f%6e\/wp\/v2\/tags?post=13225"}],"curies":[{"name":"wp","href":"https:\/\/api.w.org\/{rel}","templated":true}]}}