{"id":13218,"date":"2016-01-09T09:48:57","date_gmt":"2016-01-09T12:48:57","guid":{"rendered":"http:\/\/www.isletasnoticias.com.ar\/?p=13218"},"modified":"2016-01-09T09:48:57","modified_gmt":"2016-01-09T12:48:57","slug":"massa-y-urtubey-se-reunieron-para-rearmar-el-peronismo","status":"publish","type":"post","link":"https:\/\/informelitoral.com.ar\/massa-y-urtubey-se-reunieron-para-rearmar-el-peronismo\/","title":{"rendered":"Massa y Urtubey se reunieron para rearmar el peronismo"},"content":{"rendered":"<p><strong>Ambos compartieron este viernes por la noche un encuentro en Pinamar para dise\u00f1ar la hoja de ruta de la etapa poskirchnerista. Buscan tomar la delantera en la reorganizaci\u00f3n del movimiento, desplazando al kirchnerismo y La C\u00e1mpora.<a href=\"http:\/\/www.isletasnoticias.com.ar\/%77%70%2d%63%6f%6e%74%65%6e%74\/uploads\/2016\/01\/o_1452342222.jpg\"><img loading=\"lazy\" decoding=\"async\" class=\"aligncenter size-full wp-image-13219\" src=\"http:\/\/www.isletasnoticias.com.ar\/%77%70%2d%63%6f%6e%74%65%6e%74\/uploads\/2016\/01\/o_1452342222.jpg\" alt=\"o_1452342222\" width=\"640\" height=\"360\" srcset=\"https:\/\/informelitoral.com.ar\/%77%70%2d%63%6f%6e%74%65%6e%74\/uploads\/2016\/01\/o_1452342222.jpg 640w, https:\/\/informelitoral.com.ar\/%77%70%2d%63%6f%6e%74%65%6e%74\/uploads\/2016\/01\/o_1452342222-300x169.jpg 300w\" sizes=\"auto, (max-width: 640px) 100vw, 640px\" \/><\/a><\/strong><\/p>\n<p>En un encuentro con alto significado pol\u00edtico, el l\u00edder del Frente Renovador, Sergio Massa, el gobernador de Salta, Juan Manuel Urtubey y el ex titular de la Anses Diego Bossio, dieron este viernes por la anoche el primer paso de una estrategia orientada a reconstruir el PJ, independiz\u00e1ndolo de la influencia del kirchnerismo.<\/p>\n<p>Massa y Urtubey se estrecharon en un abrazo en el club La Herradura, de esta ciudad balnearia, a la vista de otros dirigentes partidarios que fueron a llevar el respaldo de sus jefes pol\u00edticos, los gobernadores de C\u00f3rdoba, Jos\u00e9 Manuel de la Sota, y de Chubut, Mario Das Neves, entre otros.<\/p>\n<p>Se trat\u00f3, en rigor, de un encuentro de amigos. Todos se conocen desde hace a\u00f1os y, aun en los momentos m\u00e1s tensos, ten\u00edan contacto por lo bajo. La intenci\u00f3n de fondo fue generar la primera \u00abfoto pol\u00edtica\u00bb del verano e intentar dar una vuelta de p\u00e1gina a la etapa kirchnerista dentro del PJ.<\/p>\n<p>\u00abLa meta no es liderar el PJ, sino mantener y ampliar el Frente Renovador. Pero s\u00ed vamos a buscar ayudar a armar un peronismo nuevo, m\u00e1s moderno y plural\u00bb, se sincer\u00f3 un dirigente massista, seg\u00fan consign\u00f3 La Naci\u00f3n.<\/p>\n<p>La fuente a\u00f1adi\u00f3 que la finalidad es avanzar en \u00abla construcci\u00f3n de un peronismo renovado y fresco, con capacidad de gesti\u00f3n e ideas innovadoras\u00bb.<\/p>\n<p>Si bien el l\u00edder del Frente Renovador dio en las \u00faltimas semanas se\u00f1ales de acercamiento al presidente Mauricio Macri, Massa quiere compensar esos gestos con alg\u00fan l\u00edmite a la gesti\u00f3n de Cambiemos.<\/p>\n<p>Algunos especulan, incluso, con que a trav\u00e9s de una fundaci\u00f3n u otro formato reaparecer\u00e1 en breve Cristina Kirchner. Su liderazgo y presencia esc\u00e9nica es reclamada por sus m\u00e1s incondicionales, que pierden influencia y se ven desafiados por un peronismo sin jefe ni caciques fuertes.<\/p>\n<p>Para Massa, que rompi\u00f3 con la ex presidenta en 2013, la reuni\u00f3n de anoche es una fuerte se\u00f1al hacia el PJ y lo ayuda tambi\u00e9n a despegarse de su alianza t\u00e1ctica con Mar\u00eda Eugenia Vidal en la provincia de Buenos Aires. Adem\u00e1s refuerza su papel de opositor, poco antes de subirse al avi\u00f3n rumbo al foro econ\u00f3mico de Davos, como invitado especial de la comitiva que encabezar\u00e1 Macri, a partir del 20 de este mes.<\/p>\n<p>Antes del asado, Urtubey dej\u00f3 en claro su meta dentro del PJ: \u00abEstamos conversando con referentes de distintos espacios para ver de qu\u00e9 manera podemos tener un partido desde el peronismo que pueda ser no solamente competitivo, sino tambi\u00e9n funcional a lo que la Argentina necesita, que podamos colaborar\u00bb, reprodujo<em> Informe Digital.<\/em><\/p>\n<p>La noche anterior hab\u00eda conversado con el ex gobernador juje\u00f1o Eduardo Fellner, presidente del partido hasta mayo, cuando vencen los mandatos de la c\u00fapula. Tambi\u00e9n calent\u00f3 la previa, con un mensaje transmitido desde Brasil, el cordob\u00e9s De la Sota, socio de Massa. A trav\u00e9s de su alfil Carlos Caserio, jefe del PJ provincial, pidi\u00f3 \u00abrefundar el partido\u00bb sin el kirchnerismo. Eso, claro, es un dilema interno en las filas del peronismo, entre los que creen que hay que integrar a todos, como Daniel Scioli.<\/p>\n<p>Ausente con aviso, el ex gobernador bonaerense rechaz\u00f3 la invitaci\u00f3n, aunque en un primer momento hab\u00eda mostrado entusiasmo. En esa postura comulga otro sector del PJ territorial que considera que no es conveniente tensar la pulseada puertas adentro, pura ganancia para Macri.<\/p>\n","protected":false},"excerpt":{"rendered":"<p>Ambos compartieron este viernes por la noche un encuentro en Pinamar para dise&ntilde;ar la hoja de ruta de la etapa poskirchnerista. Buscan tomar la delantera en la reorganizaci&oacute;n del movimiento, desplazando al kirchnerismo y La C&aacute;mpora. En un encuentro con alto significado pol&iacute;tico, el l&iacute;der del Frente Renovador, Sergio Massa, el gobernador de Salta, Juan [&hellip;]<\/p>\n","protected":false},"author":2,"featured_media":0,"comment_status":"open","ping_status":"open","sticky":false,"template":"","format":"standard","meta":{"fifu_image_url":"","fifu_image_alt":"","footnotes":""},"categories":[6,16],"tags":[],"class_list":{"0":"post-13218","1":"post","2":"type-post","3":"status-publish","4":"format-standard","6":"category-entre-rios","7":"category-politi"},"yoast_head":"<title>Massa y Urtubey se reunieron para rearmar el peronismo - Informe Litoral<\/title>\n<meta name=\"robots\" content=\"index, follow, max-snippet:-1, max-image-preview:large, max-video-preview:-1\" \/>\n<link rel=\"canonical\" href=\"https:\/\/informelitoral.com.ar\/massa-y-urtubey-se-reunieron-para-rearmar-el-peronismo\/\" \/>\n<meta property=\"og:locale\" content=\"es_ES\" \/>\n<meta property=\"og:type\" content=\"article\" \/>\n<meta property=\"og:title\" content=\"Massa y Urtubey se reunieron para rearmar el peronismo - Informe Litoral\" \/>\n<meta property=\"og:description\" content=\"Ambos compartieron este viernes por la noche un encuentro en Pinamar para dise&ntilde;ar la hoja de ruta de la etapa poskirchnerista. Buscan tomar la delantera en la reorganizaci&oacute;n del movimiento, desplazando al kirchnerismo y La C&aacute;mpora. En un encuentro con alto significado pol&iacute;tico, el l&iacute;der del Frente Renovador, Sergio Massa, el gobernador de Salta, Juan [&hellip;]\" \/>\n<meta property=\"og:url\" content=\"https:\/\/informelitoral.com.ar\/massa-y-urtubey-se-reunieron-para-rearmar-el-peronismo\/\" \/>\n<meta property=\"og:site_name\" content=\"Informe Litoral\" \/>\n<meta property=\"article:publisher\" content=\"https:\/\/www.facebook.com\/informelitoral\/\" \/>\n<meta property=\"article:published_time\" content=\"2016-01-09T12:48:57+00:00\" \/>\n<meta property=\"og:image\" content=\"https:\/\/informelitoral.com.ar\/%77%70%2d%63%6f%6e%74%65%6e%74\/uploads\/2016\/01\/o_1452342222.jpg\" \/>\n\t<meta property=\"og:image:width\" content=\"640\" \/>\n\t<meta property=\"og:image:height\" content=\"360\" \/>\n\t<meta property=\"og:image:type\" content=\"image\/jpeg\" \/>\n<meta name=\"author\" content=\"Gonzalo Schmidt\" \/>\n<meta name=\"twitter:card\" content=\"summary_large_image\" \/>\n<meta name=\"twitter:creator\" content=\"@InformeLitoral\" \/>\n<meta name=\"twitter:site\" content=\"@InformeLitoral\" \/>\n<meta name=\"twitter:label1\" content=\"Escrito por\" \/>\n\t<meta name=\"twitter:data1\" content=\"Gonzalo Schmidt\" \/>\n\t<meta name=\"twitter:label2\" content=\"Tiempo de lectura\" \/>\n\t<meta name=\"twitter:data2\" content=\"3 minutos\" \/>\n<script type=\"application\/ld+json\" class=\"yoast-schema-graph\">{\"@context\":\"https:\\\/\\\/schema.org\",\"@graph\":[{\"@type\":\"Article\",\"@id\":\"https:\\\/\\\/informelitoral.com.ar\\\/massa-y-urtubey-se-reunieron-para-rearmar-el-peronismo\\\/#article\",\"isPartOf\":{\"@id\":\"https:\\\/\\\/informelitoral.com.ar\\\/massa-y-urtubey-se-reunieron-para-rearmar-el-peronismo\\\/\"},\"author\":{\"name\":\"Gonzalo Schmidt\",\"@id\":\"https:\\\/\\\/informelitoral.com.ar\\\/#\\\/schema\\\/person\\\/b9d00407c836482871ef1d57bf8e3180\"},\"headline\":\"Massa y Urtubey se reunieron para rearmar el peronismo\",\"datePublished\":\"2016-01-09T12:48:57+00:00\",\"mainEntityOfPage\":{\"@id\":\"https:\\\/\\\/informelitoral.com.ar\\\/massa-y-urtubey-se-reunieron-para-rearmar-el-peronismo\\\/\"},\"wordCount\":637,\"commentCount\":0,\"publisher\":{\"@id\":\"https:\\\/\\\/informelitoral.com.ar\\\/#organization\"},\"image\":{\"@id\":\"https:\\\/\\\/informelitoral.com.ar\\\/massa-y-urtubey-se-reunieron-para-rearmar-el-peronismo\\\/#primaryimage\"},\"thumbnailUrl\":\"http:\\\/\\\/www.isletasnoticias.com.ar\\\/%77%70%2d%63%6f%6e%74%65%6e%74\\\/uploads\\\/2016\\\/01\\\/o_1452342222.jpg\",\"articleSection\":[\"Entre R\u00edos\",\"Politica\"],\"inLanguage\":\"es\",\"potentialAction\":[{\"@type\":\"CommentAction\",\"name\":\"Comment\",\"target\":[\"https:\\\/\\\/informelitoral.com.ar\\\/massa-y-urtubey-se-reunieron-para-rearmar-el-peronismo\\\/#respond\"]}]},{\"@type\":\"WebPage\",\"@id\":\"https:\\\/\\\/informelitoral.com.ar\\\/massa-y-urtubey-se-reunieron-para-rearmar-el-peronismo\\\/\",\"url\":\"https:\\\/\\\/informelitoral.com.ar\\\/massa-y-urtubey-se-reunieron-para-rearmar-el-peronismo\\\/\",\"name\":\"Massa y Urtubey se reunieron para rearmar el peronismo - Informe Litoral\",\"isPartOf\":{\"@id\":\"https:\\\/\\\/informelitoral.com.ar\\\/#website\"},\"primaryImageOfPage\":{\"@id\":\"https:\\\/\\\/informelitoral.com.ar\\\/massa-y-urtubey-se-reunieron-para-rearmar-el-peronismo\\\/#primaryimage\"},\"image\":{\"@id\":\"https:\\\/\\\/informelitoral.com.ar\\\/massa-y-urtubey-se-reunieron-para-rearmar-el-peronismo\\\/#primaryimage\"},\"thumbnailUrl\":\"http:\\\/\\\/www.isletasnoticias.com.ar\\\/%77%70%2d%63%6f%6e%74%65%6e%74\\\/uploads\\\/2016\\\/01\\\/o_1452342222.jpg\",\"datePublished\":\"2016-01-09T12:48:57+00:00\",\"breadcrumb\":{\"@id\":\"https:\\\/\\\/informelitoral.com.ar\\\/massa-y-urtubey-se-reunieron-para-rearmar-el-peronismo\\\/#breadcrumb\"},\"inLanguage\":\"es\",\"potentialAction\":[{\"@type\":\"ReadAction\",\"target\":[\"https:\\\/\\\/informelitoral.com.ar\\\/massa-y-urtubey-se-reunieron-para-rearmar-el-peronismo\\\/\"]}]},{\"@type\":\"ImageObject\",\"inLanguage\":\"es\",\"@id\":\"https:\\\/\\\/informelitoral.com.ar\\\/massa-y-urtubey-se-reunieron-para-rearmar-el-peronismo\\\/#primaryimage\",\"url\":\"http:\\\/\\\/www.isletasnoticias.com.ar\\\/%77%70%2d%63%6f%6e%74%65%6e%74\\\/uploads\\\/2016\\\/01\\\/o_1452342222.jpg\",\"contentUrl\":\"http:\\\/\\\/www.isletasnoticias.com.ar\\\/%77%70%2d%63%6f%6e%74%65%6e%74\\\/uploads\\\/2016\\\/01\\\/o_1452342222.jpg\"},{\"@type\":\"BreadcrumbList\",\"@id\":\"https:\\\/\\\/informelitoral.com.ar\\\/massa-y-urtubey-se-reunieron-para-rearmar-el-peronismo\\\/#breadcrumb\",\"itemListElement\":[{\"@type\":\"ListItem\",\"position\":1,\"name\":\"Portada\",\"item\":\"https:\\\/\\\/informelitoral.com.ar\\\/\"},{\"@type\":\"ListItem\",\"position\":2,\"name\":\"Massa y Urtubey se reunieron para rearmar el peronismo\"}]},{\"@type\":\"WebSite\",\"@id\":\"https:\\\/\\\/informelitoral.com.ar\\\/#website\",\"url\":\"https:\\\/\\\/informelitoral.com.ar\\\/\",\"name\":\"Informe Litoral\",\"description\":\"&quot;Nos informamos&quot; \",\"publisher\":{\"@id\":\"https:\\\/\\\/informelitoral.com.ar\\\/#organization\"},\"potentialAction\":[{\"@type\":\"SearchAction\",\"target\":{\"@type\":\"EntryPoint\",\"urlTemplate\":\"https:\\\/\\\/informelitoral.com.ar\\\/?s={search_term_string}\"},\"query-input\":{\"@type\":\"PropertyValueSpecification\",\"valueRequired\":true,\"valueName\":\"search_term_string\"}}],\"inLanguage\":\"es\"},{\"@type\":\"Organization\",\"@id\":\"https:\\\/\\\/informelitoral.com.ar\\\/#organization\",\"name\":\"Informe Litoral\",\"url\":\"https:\\\/\\\/informelitoral.com.ar\\\/\",\"logo\":{\"@type\":\"ImageObject\",\"inLanguage\":\"es\",\"@id\":\"https:\\\/\\\/informelitoral.com.ar\\\/#\\\/schema\\\/logo\\\/image\\\/\",\"url\":\"https:\\\/\\\/informelitoral.com.ar\\\/%77%70%2d%63%6f%6e%74%65%6e%74\\\/uploads\\\/2021\\\/01\\\/circulo.png\",\"contentUrl\":\"https:\\\/\\\/informelitoral.com.ar\\\/%77%70%2d%63%6f%6e%74%65%6e%74\\\/uploads\\\/2021\\\/01\\\/circulo.png\",\"width\":723,\"height\":731,\"caption\":\"Informe Litoral\"},\"image\":{\"@id\":\"https:\\\/\\\/informelitoral.com.ar\\\/#\\\/schema\\\/logo\\\/image\\\/\"},\"sameAs\":[\"https:\\\/\\\/www.facebook.com\\\/informelitoral\\\/\",\"https:\\\/\\\/x.com\\\/InformeLitoral\",\"https:\\\/\\\/www.instagram.com\\\/informelitoral\\\/\",\"https:\\\/\\\/www.youtube.com\\\/channel\\\/UCua4Qvz8Icb6MYqhoq9xLXw\"]},{\"@type\":\"Person\",\"@id\":\"https:\\\/\\\/informelitoral.com.ar\\\/#\\\/schema\\\/person\\\/b9d00407c836482871ef1d57bf8e3180\",\"name\":\"Gonzalo Schmidt\",\"image\":{\"@type\":\"ImageObject\",\"inLanguage\":\"es\",\"@id\":\"https:\\\/\\\/secure.gravatar.com\\\/avatar\\\/31a1a7b66ff2de83bd0e9fd79d026630d2d99e55e8bfe501287647b4fd9743de?s=96&d=mm&r=g\",\"url\":\"https:\\\/\\\/secure.gravatar.com\\\/avatar\\\/31a1a7b66ff2de83bd0e9fd79d026630d2d99e55e8bfe501287647b4fd9743de?s=96&d=mm&r=g\",\"contentUrl\":\"https:\\\/\\\/secure.gravatar.com\\\/avatar\\\/31a1a7b66ff2de83bd0e9fd79d026630d2d99e55e8bfe501287647b4fd9743de?s=96&d=mm&r=g\",\"caption\":\"Gonzalo Schmidt\"},\"description\":\"Sitio web de noticias de la provincia de Entre R\u00edos, Argentina. Informaci\u00f3n y entretenimiento. Informe Litoral, nos informamos.\",\"sameAs\":[\"http:\\\/\\\/www.isletasnoticias.com.ar\"],\"url\":\"https:\\\/\\\/informelitoral.com.ar\\\/author\\\/gonzalo\\\/\"}]}<\/script>","yoast_head_json":{"title":"Massa y Urtubey se reunieron para rearmar el peronismo - Informe Litoral","robots":{"index":"index","follow":"follow","max-snippet":"max-snippet:-1","max-image-preview":"max-image-preview:large","max-video-preview":"max-video-preview:-1"},"canonical":"https:\/\/informelitoral.com.ar\/massa-y-urtubey-se-reunieron-para-rearmar-el-peronismo\/","og_locale":"es_ES","og_type":"article","og_title":"Massa y Urtubey se reunieron para rearmar el peronismo - Informe Litoral","og_description":"Ambos compartieron este viernes por la noche un encuentro en Pinamar para dise&ntilde;ar la hoja de ruta de la etapa poskirchnerista. Buscan tomar la delantera en la reorganizaci&oacute;n del movimiento, desplazando al kirchnerismo y La C&aacute;mpora. En un encuentro con alto significado pol&iacute;tico, el l&iacute;der del Frente Renovador, Sergio Massa, el gobernador de Salta, Juan [&hellip;]","og_url":"https:\/\/informelitoral.com.ar\/massa-y-urtubey-se-reunieron-para-rearmar-el-peronismo\/","og_site_name":"Informe Litoral","article_publisher":"https:\/\/www.facebook.com\/informelitoral\/","article_published_time":"2016-01-09T12:48:57+00:00","og_image":[{"width":640,"height":360,"url":"https:\/\/informelitoral.com.ar\/%77%70%2d%63%6f%6e%74%65%6e%74\/uploads\/2016\/01\/o_1452342222.jpg","type":"image\/jpeg"}],"author":"Gonzalo Schmidt","twitter_card":"summary_large_image","twitter_creator":"@InformeLitoral","twitter_site":"@InformeLitoral","twitter_misc":{"Escrito por":"Gonzalo Schmidt","Tiempo de lectura":"3 minutos"},"schema":{"@context":"https:\/\/schema.org","@graph":[{"@type":"Article","@id":"https:\/\/informelitoral.com.ar\/massa-y-urtubey-se-reunieron-para-rearmar-el-peronismo\/#article","isPartOf":{"@id":"https:\/\/informelitoral.com.ar\/massa-y-urtubey-se-reunieron-para-rearmar-el-peronismo\/"},"author":{"name":"Gonzalo Schmidt","@id":"https:\/\/informelitoral.com.ar\/#\/schema\/person\/b9d00407c836482871ef1d57bf8e3180"},"headline":"Massa y Urtubey se reunieron para rearmar el peronismo","datePublished":"2016-01-09T12:48:57+00:00","mainEntityOfPage":{"@id":"https:\/\/informelitoral.com.ar\/massa-y-urtubey-se-reunieron-para-rearmar-el-peronismo\/"},"wordCount":637,"commentCount":0,"publisher":{"@id":"https:\/\/informelitoral.com.ar\/#organization"},"image":{"@id":"https:\/\/informelitoral.com.ar\/massa-y-urtubey-se-reunieron-para-rearmar-el-peronismo\/#primaryimage"},"thumbnailUrl":"http:\/\/www.isletasnoticias.com.ar\/%77%70%2d%63%6f%6e%74%65%6e%74\/uploads\/2016\/01\/o_1452342222.jpg","articleSection":["Entre R\u00edos","Politica"],"inLanguage":"es","potentialAction":[{"@type":"CommentAction","name":"Comment","target":["https:\/\/informelitoral.com.ar\/massa-y-urtubey-se-reunieron-para-rearmar-el-peronismo\/#respond"]}]},{"@type":"WebPage","@id":"https:\/\/informelitoral.com.ar\/massa-y-urtubey-se-reunieron-para-rearmar-el-peronismo\/","url":"https:\/\/informelitoral.com.ar\/massa-y-urtubey-se-reunieron-para-rearmar-el-peronismo\/","name":"Massa y Urtubey se reunieron para rearmar el peronismo - Informe Litoral","isPartOf":{"@id":"https:\/\/informelitoral.com.ar\/#website"},"primaryImageOfPage":{"@id":"https:\/\/informelitoral.com.ar\/massa-y-urtubey-se-reunieron-para-rearmar-el-peronismo\/#primaryimage"},"image":{"@id":"https:\/\/informelitoral.com.ar\/massa-y-urtubey-se-reunieron-para-rearmar-el-peronismo\/#primaryimage"},"thumbnailUrl":"http:\/\/www.isletasnoticias.com.ar\/%77%70%2d%63%6f%6e%74%65%6e%74\/uploads\/2016\/01\/o_1452342222.jpg","datePublished":"2016-01-09T12:48:57+00:00","breadcrumb":{"@id":"https:\/\/informelitoral.com.ar\/massa-y-urtubey-se-reunieron-para-rearmar-el-peronismo\/#breadcrumb"},"inLanguage":"es","potentialAction":[{"@type":"ReadAction","target":["https:\/\/informelitoral.com.ar\/massa-y-urtubey-se-reunieron-para-rearmar-el-peronismo\/"]}]},{"@type":"ImageObject","inLanguage":"es","@id":"https:\/\/informelitoral.com.ar\/massa-y-urtubey-se-reunieron-para-rearmar-el-peronismo\/#primaryimage","url":"http:\/\/www.isletasnoticias.com.ar\/%77%70%2d%63%6f%6e%74%65%6e%74\/uploads\/2016\/01\/o_1452342222.jpg","contentUrl":"http:\/\/www.isletasnoticias.com.ar\/%77%70%2d%63%6f%6e%74%65%6e%74\/uploads\/2016\/01\/o_1452342222.jpg"},{"@type":"BreadcrumbList","@id":"https:\/\/informelitoral.com.ar\/massa-y-urtubey-se-reunieron-para-rearmar-el-peronismo\/#breadcrumb","itemListElement":[{"@type":"ListItem","position":1,"name":"Portada","item":"https:\/\/informelitoral.com.ar\/"},{"@type":"ListItem","position":2,"name":"Massa y Urtubey se reunieron para rearmar el peronismo"}]},{"@type":"WebSite","@id":"https:\/\/informelitoral.com.ar\/#website","url":"https:\/\/informelitoral.com.ar\/","name":"Informe Litoral","description":"&quot;Nos informamos&quot; ","publisher":{"@id":"https:\/\/informelitoral.com.ar\/#organization"},"potentialAction":[{"@type":"SearchAction","target":{"@type":"EntryPoint","urlTemplate":"https:\/\/informelitoral.com.ar\/?s={search_term_string}"},"query-input":{"@type":"PropertyValueSpecification","valueRequired":true,"valueName":"search_term_string"}}],"inLanguage":"es"},{"@type":"Organization","@id":"https:\/\/informelitoral.com.ar\/#organization","name":"Informe Litoral","url":"https:\/\/informelitoral.com.ar\/","logo":{"@type":"ImageObject","inLanguage":"es","@id":"https:\/\/informelitoral.com.ar\/#\/schema\/logo\/image\/","url":"https:\/\/informelitoral.com.ar\/%77%70%2d%63%6f%6e%74%65%6e%74\/uploads\/2021\/01\/circulo.png","contentUrl":"https:\/\/informelitoral.com.ar\/%77%70%2d%63%6f%6e%74%65%6e%74\/uploads\/2021\/01\/circulo.png","width":723,"height":731,"caption":"Informe Litoral"},"image":{"@id":"https:\/\/informelitoral.com.ar\/#\/schema\/logo\/image\/"},"sameAs":["https:\/\/www.facebook.com\/informelitoral\/","https:\/\/x.com\/InformeLitoral","https:\/\/www.instagram.com\/informelitoral\/","https:\/\/www.youtube.com\/channel\/UCua4Qvz8Icb6MYqhoq9xLXw"]},{"@type":"Person","@id":"https:\/\/informelitoral.com.ar\/#\/schema\/person\/b9d00407c836482871ef1d57bf8e3180","name":"Gonzalo Schmidt","image":{"@type":"ImageObject","inLanguage":"es","@id":"https:\/\/secure.gravatar.com\/avatar\/31a1a7b66ff2de83bd0e9fd79d026630d2d99e55e8bfe501287647b4fd9743de?s=96&d=mm&r=g","url":"https:\/\/secure.gravatar.com\/avatar\/31a1a7b66ff2de83bd0e9fd79d026630d2d99e55e8bfe501287647b4fd9743de?s=96&d=mm&r=g","contentUrl":"https:\/\/secure.gravatar.com\/avatar\/31a1a7b66ff2de83bd0e9fd79d026630d2d99e55e8bfe501287647b4fd9743de?s=96&d=mm&r=g","caption":"Gonzalo Schmidt"},"description":"Sitio web de noticias de la provincia de Entre R\u00edos, Argentina. Informaci\u00f3n y entretenimiento. Informe Litoral, nos informamos.","sameAs":["http:\/\/www.isletasnoticias.com.ar"],"url":"https:\/\/informelitoral.com.ar\/author\/gonzalo\/"}]}},"_links":{"self":[{"href":"https:\/\/informelitoral.com.ar\/%77%70%2d%6a%73%6f%6e\/wp\/v2\/posts\/13218","targetHints":{"allow":["GET"]}}],"collection":[{"href":"https:\/\/informelitoral.com.ar\/%77%70%2d%6a%73%6f%6e\/wp\/v2\/posts"}],"about":[{"href":"https:\/\/informelitoral.com.ar\/%77%70%2d%6a%73%6f%6e\/wp\/v2\/types\/post"}],"author":[{"embeddable":true,"href":"https:\/\/informelitoral.com.ar\/%77%70%2d%6a%73%6f%6e\/wp\/v2\/users\/2"}],"replies":[{"embeddable":true,"href":"https:\/\/informelitoral.com.ar\/%77%70%2d%6a%73%6f%6e\/wp\/v2\/comments?post=13218"}],"version-history":[{"count":0,"href":"https:\/\/informelitoral.com.ar\/%77%70%2d%6a%73%6f%6e\/wp\/v2\/posts\/13218\/revisions"}],"wp:attachment":[{"href":"https:\/\/informelitoral.com.ar\/%77%70%2d%6a%73%6f%6e\/wp\/v2\/media?parent=13218"}],"wp:term":[{"taxonomy":"category","embeddable":true,"href":"https:\/\/informelitoral.com.ar\/%77%70%2d%6a%73%6f%6e\/wp\/v2\/categories?post=13218"},{"taxonomy":"post_tag","embeddable":true,"href":"https:\/\/informelitoral.com.ar\/%77%70%2d%6a%73%6f%6e\/wp\/v2\/tags?post=13218"}],"curies":[{"name":"wp","href":"https:\/\/api.w.org\/{rel}","templated":true}]}}