{"id":13215,"date":"2016-01-09T09:43:23","date_gmt":"2016-01-09T12:43:23","guid":{"rendered":"http:\/\/www.isletasnoticias.com.ar\/?p=13215"},"modified":"2016-01-09T09:43:23","modified_gmt":"2016-01-09T12:43:23","slug":"joaquin-el-chapo-guzman-escapo-otra-vez-bajo-tierra-pero-cayo-en-la-carretera","status":"publish","type":"post","link":"https:\/\/informelitoral.com.ar\/joaquin-el-chapo-guzman-escapo-otra-vez-bajo-tierra-pero-cayo-en-la-carretera\/","title":{"rendered":"Joaqu\u00edn \u00abEl Chapo\u00bb Guzm\u00e1n escap\u00f3 otra vez bajo tierra, pero cay\u00f3 en la carretera"},"content":{"rendered":"<p><strong>Las autoridades revelaron que \u00abel rey de los t\u00faneles\u00bb huy\u00f3 por las alcantarillas de Los Mochis y accedi\u00f3 a un veh\u00edculo. Pero no lleg\u00f3 muy lejos. Por qu\u00e9 decidieron llevarlo esposado a un motel.<a href=\"http:\/\/www.isletasnoticias.com.ar\/%77%70%2d%63%6f%6e%74%65%6e%74\/uploads\/2016\/01\/0014065033.jpg\"><img loading=\"lazy\" decoding=\"async\" class=\"aligncenter size-full wp-image-13216\" src=\"http:\/\/www.isletasnoticias.com.ar\/%77%70%2d%63%6f%6e%74%65%6e%74\/uploads\/2016\/01\/0014065033.jpg\" alt=\"0014065033\" width=\"770\" height=\"433\" srcset=\"https:\/\/informelitoral.com.ar\/%77%70%2d%63%6f%6e%74%65%6e%74\/uploads\/2016\/01\/0014065033.jpg 770w, https:\/\/informelitoral.com.ar\/%77%70%2d%63%6f%6e%74%65%6e%74\/uploads\/2016\/01\/0014065033-300x169.jpg 300w\" sizes=\"auto, (max-width: 770px) 100vw, 770px\" \/><\/a><\/strong><\/p>\n<p>Durante la comparecencia ante la prensa sobre la captura del capo narco <strong>Joaqu\u00edn Guzm\u00e1n Loera<\/strong>, la fiscal general de M\u00e9xico, Arely G\u00f3mez, pas\u00f3 en limpio la versi\u00f3n oficial de los hechos acontecidos en la madrugada del viernes 8 de enero de 2016.<\/p>\n<p>Adem\u00e1s de precisar que Guzm\u00e1n estaba en etapa de preproducci\u00f3n de una pel\u00edcula sobre su vida, G\u00f3mez detall\u00f3 paso a paso c\u00f3mo fue el operativo en la guarida de \u00abEl Chapo\u00bb en Los Mochis.<\/p>\n<p>Tras seguir su pista, el fugitivo fue localizado en Pueblo Nuevo, estado norte\u00f1o de Durango, donde en octubre, antes de que lograra huir por una ca\u00f1ada, el capo fue avistado desde un helic\u00f3ptero, pero no fue abatido porque iba acompa\u00f1ado de dos mujeres y una ni\u00f1a.<\/p>\n<p>\u00abLas instituciones de seguridad intensificaron las acciones de inteligencia, permitiendo conocer hacia fines de diciembre pasado la intenci\u00f3n del delincuente de trasladarse a la zona urbana\u00bb, relat\u00f3.<\/p>\n<p>El seguimiento de los integrantes del c\u00edrculo cercano de Guzm\u00e1n permiti\u00f3 identificar a un individuo especializado en la construcci\u00f3n de t\u00faneles, quien estaba acondicionando varias viviendas en Sinaloa y Sonora.<\/p>\n<p>As\u00ed se pudo ubicar un domicilio en Los Mochis, Sinaloa, sobre el que se mont\u00f3 un operativo de vigilancia durante un mes.<\/p>\n<p><strong>Se cierra el cerco<\/strong><\/p>\n<p>A partir del 6 de enero se observaron movimientos inusuales, destacando la llegada de un veh\u00edculo la madrugada del 7 de enero. De acuerdo con la fiscal general, los trabajos de campo e inteligencia dieron la certeza de que Guzm\u00e1n se encontraba all\u00ed.<\/p>\n<p>Tras una planificaci\u00f3n \u00aboportuna y eficaz, la madrugada de este viernes se puso en marcha un operativo de fuerzas federales que al llegar al domicilio fueron agredidas con armas de grueso calibre, lo que dio origen a un enfrentamiento en el que un marino result\u00f3 herido y cinco agresores murieron\u00bb, afirm\u00f3 G\u00f3mez.<\/p>\n<p>Adem\u00e1s, seis personas fueron detenidas, pero Guzm\u00e1n logr\u00f3 escapar por el sistema de drenaje de la ciudad en compa\u00f1\u00eda de su jefe de seguridad, Jorge Iv\u00e1n Gastelum \u00c1vila u Orso Iv\u00e1n Gastelum Cruz, \u00abdelincuente de alta peligrosidad que tambi\u00e9n forma parte de los 122 objetivos prioritarios\u00bb del Gobierno federal.<\/p>\n<p>Personal de la Marina persigui\u00f3 por los t\u00faneles de drenaje a los criminales, que abrieron una alcantarilla para salir a una avenida y huir en veh\u00edculos, narr\u00f3 G\u00f3mez.<\/p>\n<p>Gracias a la alerta por robos de autom\u00f3viles en las inmediaciones de la zona de operaci\u00f3n, efectivos de las fuerzas federales iniciaron la b\u00fasqueda de las unidades, ubicando una de ellas en la carretera Los Mochis-Navojoa, donde los delincuentes fueron detenidos.<\/p>\n<p>\u00abEl Chapo\u00bb Guzm\u00e1n logr\u00f3 salir de Los Mochis por la carretera que va hacia Navojoa, pero all\u00ed fue capturado y trasladado al motel Doux<\/p>\n<p>La fiscal indic\u00f3 que \u00abcon el objetivo de asegurar a los delincuentes y proteger la integridad de los elementos (federales), \u00e9stos se trasladaron (con los detenidos) a un motel cercano para esperar refuerzos\u00bb, de ah\u00ed que en un principio se manejara la versi\u00f3n de que hab\u00edan sido capturados en ese establecimiento.<\/p>\n<p>Poco despu\u00e9s los detenidos fueron trasladados a la terminal a\u00e9rea de Los Mochis y de all\u00ed al Aeropuerto Internacional de la Ciudad de M\u00e9xico.<\/p>\n<p>\u00abQuiero hacer de su conocimiento que hace unos minutos les fueron practicados a los detenidos los ex\u00e1menes necesarios para la identificaci\u00f3n y valoraci\u00f3n de su integridad f\u00edsica en materia de fisonom\u00eda, dactiloscopia, gen\u00e9tica, voz, fotograf\u00eda, v\u00eddeo, grafoscopia y medicina forense\u00bb, indic\u00f3 G\u00f3mez.<\/p>\n<p>A continuaci\u00f3n, la fiscal anunci\u00f3 que Guzm\u00e1n iba a ser \u00abtrasladado nuevamente al Centro Federal de Readaptaci\u00f3n N\u00famero Uno del Altiplano\u00bb, en el municipio de Almoloya de Ju\u00e1rez, en el central Estado de M\u00e9xico, vecino de la capital del pa\u00eds.<\/p>\n<p>Guzm\u00e1n fue mostrado a los medios de comunicaci\u00f3n en el hangar de la PGR bajando de un veh\u00edculo militar y siendo trasladado por marinos hasta un helic\u00f3ptero en el que parti\u00f3 hacia esa c\u00e1rcel, de la que se hab\u00eda fugado el 11 de julio pasado. <em>(Infobae)<\/em><\/p>\n","protected":false},"excerpt":{"rendered":"<p>Las autoridades revelaron que &laquo;el rey de los t&uacute;neles&raquo; huy&oacute; por las alcantarillas de Los Mochis y accedi&oacute; a un veh&iacute;culo. Pero no lleg&oacute; muy lejos. Por qu&eacute; decidieron llevarlo esposado a un motel. Durante la comparecencia ante la prensa sobre la captura del capo narco Joaqu&iacute;n Guzm&aacute;n Loera, la fiscal general de M&eacute;xico, Arely [&hellip;]<\/p>\n","protected":false},"author":2,"featured_media":0,"comment_status":"open","ping_status":"open","sticky":false,"template":"","format":"standard","meta":{"fifu_image_url":"","fifu_image_alt":"","footnotes":""},"categories":[8],"tags":[],"class_list":{"0":"post-13215","1":"post","2":"type-post","3":"status-publish","4":"format-standard","6":"category-internacionales"},"yoast_head":"<title>Joaqu\u00edn &quot;El Chapo&quot; Guzm\u00e1n escap\u00f3 otra vez bajo tierra, pero cay\u00f3 en la carretera - Informe Litoral<\/title>\n<meta name=\"robots\" content=\"index, follow, max-snippet:-1, max-image-preview:large, max-video-preview:-1\" \/>\n<link rel=\"canonical\" href=\"https:\/\/informelitoral.com.ar\/joaquin-el-chapo-guzman-escapo-otra-vez-bajo-tierra-pero-cayo-en-la-carretera\/\" \/>\n<meta property=\"og:locale\" content=\"es_ES\" \/>\n<meta property=\"og:type\" content=\"article\" \/>\n<meta property=\"og:title\" content=\"Joaqu\u00edn &quot;El Chapo&quot; Guzm\u00e1n escap\u00f3 otra vez bajo tierra, pero cay\u00f3 en la carretera - Informe Litoral\" \/>\n<meta property=\"og:description\" content=\"Las autoridades revelaron que &laquo;el rey de los t&uacute;neles&raquo; huy&oacute; por las alcantarillas de Los Mochis y accedi&oacute; a un veh&iacute;culo. Pero no lleg&oacute; muy lejos. Por qu&eacute; decidieron llevarlo esposado a un motel. Durante la comparecencia ante la prensa sobre la captura del capo narco Joaqu&iacute;n Guzm&aacute;n Loera, la fiscal general de M&eacute;xico, Arely [&hellip;]\" \/>\n<meta property=\"og:url\" content=\"https:\/\/informelitoral.com.ar\/joaquin-el-chapo-guzman-escapo-otra-vez-bajo-tierra-pero-cayo-en-la-carretera\/\" \/>\n<meta property=\"og:site_name\" content=\"Informe Litoral\" \/>\n<meta property=\"article:publisher\" content=\"https:\/\/www.facebook.com\/informelitoral\/\" \/>\n<meta property=\"article:published_time\" content=\"2016-01-09T12:43:23+00:00\" \/>\n<meta property=\"og:image\" content=\"https:\/\/informelitoral.com.ar\/%77%70%2d%63%6f%6e%74%65%6e%74\/uploads\/2016\/01\/0014065033.jpg\" \/>\n\t<meta property=\"og:image:width\" content=\"770\" \/>\n\t<meta property=\"og:image:height\" content=\"433\" \/>\n\t<meta property=\"og:image:type\" content=\"image\/jpeg\" \/>\n<meta name=\"author\" content=\"Gonzalo Schmidt\" \/>\n<meta name=\"twitter:card\" content=\"summary_large_image\" \/>\n<meta name=\"twitter:creator\" content=\"@InformeLitoral\" \/>\n<meta name=\"twitter:site\" content=\"@InformeLitoral\" \/>\n<meta name=\"twitter:label1\" content=\"Escrito por\" \/>\n\t<meta name=\"twitter:data1\" content=\"Gonzalo Schmidt\" \/>\n\t<meta name=\"twitter:label2\" content=\"Tiempo de lectura\" \/>\n\t<meta name=\"twitter:data2\" content=\"4 minutos\" \/>\n<script type=\"application\/ld+json\" class=\"yoast-schema-graph\">{\"@context\":\"https:\\\/\\\/schema.org\",\"@graph\":[{\"@type\":\"Article\",\"@id\":\"https:\\\/\\\/informelitoral.com.ar\\\/joaquin-el-chapo-guzman-escapo-otra-vez-bajo-tierra-pero-cayo-en-la-carretera\\\/#article\",\"isPartOf\":{\"@id\":\"https:\\\/\\\/informelitoral.com.ar\\\/joaquin-el-chapo-guzman-escapo-otra-vez-bajo-tierra-pero-cayo-en-la-carretera\\\/\"},\"author\":{\"name\":\"Gonzalo Schmidt\",\"@id\":\"https:\\\/\\\/informelitoral.com.ar\\\/#\\\/schema\\\/person\\\/b9d00407c836482871ef1d57bf8e3180\"},\"headline\":\"Joaqu\u00edn \u00abEl Chapo\u00bb Guzm\u00e1n escap\u00f3 otra vez bajo tierra, pero cay\u00f3 en la carretera\",\"datePublished\":\"2016-01-09T12:43:23+00:00\",\"mainEntityOfPage\":{\"@id\":\"https:\\\/\\\/informelitoral.com.ar\\\/joaquin-el-chapo-guzman-escapo-otra-vez-bajo-tierra-pero-cayo-en-la-carretera\\\/\"},\"wordCount\":756,\"commentCount\":0,\"publisher\":{\"@id\":\"https:\\\/\\\/informelitoral.com.ar\\\/#organization\"},\"image\":{\"@id\":\"https:\\\/\\\/informelitoral.com.ar\\\/joaquin-el-chapo-guzman-escapo-otra-vez-bajo-tierra-pero-cayo-en-la-carretera\\\/#primaryimage\"},\"thumbnailUrl\":\"http:\\\/\\\/www.isletasnoticias.com.ar\\\/%77%70%2d%63%6f%6e%74%65%6e%74\\\/uploads\\\/2016\\\/01\\\/0014065033.jpg\",\"articleSection\":[\"Internacionales\"],\"inLanguage\":\"es\",\"potentialAction\":[{\"@type\":\"CommentAction\",\"name\":\"Comment\",\"target\":[\"https:\\\/\\\/informelitoral.com.ar\\\/joaquin-el-chapo-guzman-escapo-otra-vez-bajo-tierra-pero-cayo-en-la-carretera\\\/#respond\"]}]},{\"@type\":\"WebPage\",\"@id\":\"https:\\\/\\\/informelitoral.com.ar\\\/joaquin-el-chapo-guzman-escapo-otra-vez-bajo-tierra-pero-cayo-en-la-carretera\\\/\",\"url\":\"https:\\\/\\\/informelitoral.com.ar\\\/joaquin-el-chapo-guzman-escapo-otra-vez-bajo-tierra-pero-cayo-en-la-carretera\\\/\",\"name\":\"Joaqu\u00edn \\\"El Chapo\\\" Guzm\u00e1n escap\u00f3 otra vez bajo tierra, pero cay\u00f3 en la carretera - Informe Litoral\",\"isPartOf\":{\"@id\":\"https:\\\/\\\/informelitoral.com.ar\\\/#website\"},\"primaryImageOfPage\":{\"@id\":\"https:\\\/\\\/informelitoral.com.ar\\\/joaquin-el-chapo-guzman-escapo-otra-vez-bajo-tierra-pero-cayo-en-la-carretera\\\/#primaryimage\"},\"image\":{\"@id\":\"https:\\\/\\\/informelitoral.com.ar\\\/joaquin-el-chapo-guzman-escapo-otra-vez-bajo-tierra-pero-cayo-en-la-carretera\\\/#primaryimage\"},\"thumbnailUrl\":\"http:\\\/\\\/www.isletasnoticias.com.ar\\\/%77%70%2d%63%6f%6e%74%65%6e%74\\\/uploads\\\/2016\\\/01\\\/0014065033.jpg\",\"datePublished\":\"2016-01-09T12:43:23+00:00\",\"breadcrumb\":{\"@id\":\"https:\\\/\\\/informelitoral.com.ar\\\/joaquin-el-chapo-guzman-escapo-otra-vez-bajo-tierra-pero-cayo-en-la-carretera\\\/#breadcrumb\"},\"inLanguage\":\"es\",\"potentialAction\":[{\"@type\":\"ReadAction\",\"target\":[\"https:\\\/\\\/informelitoral.com.ar\\\/joaquin-el-chapo-guzman-escapo-otra-vez-bajo-tierra-pero-cayo-en-la-carretera\\\/\"]}]},{\"@type\":\"ImageObject\",\"inLanguage\":\"es\",\"@id\":\"https:\\\/\\\/informelitoral.com.ar\\\/joaquin-el-chapo-guzman-escapo-otra-vez-bajo-tierra-pero-cayo-en-la-carretera\\\/#primaryimage\",\"url\":\"http:\\\/\\\/www.isletasnoticias.com.ar\\\/%77%70%2d%63%6f%6e%74%65%6e%74\\\/uploads\\\/2016\\\/01\\\/0014065033.jpg\",\"contentUrl\":\"http:\\\/\\\/www.isletasnoticias.com.ar\\\/%77%70%2d%63%6f%6e%74%65%6e%74\\\/uploads\\\/2016\\\/01\\\/0014065033.jpg\"},{\"@type\":\"BreadcrumbList\",\"@id\":\"https:\\\/\\\/informelitoral.com.ar\\\/joaquin-el-chapo-guzman-escapo-otra-vez-bajo-tierra-pero-cayo-en-la-carretera\\\/#breadcrumb\",\"itemListElement\":[{\"@type\":\"ListItem\",\"position\":1,\"name\":\"Portada\",\"item\":\"https:\\\/\\\/informelitoral.com.ar\\\/\"},{\"@type\":\"ListItem\",\"position\":2,\"name\":\"Joaqu\u00edn \u00abEl Chapo\u00bb Guzm\u00e1n escap\u00f3 otra vez bajo tierra, pero cay\u00f3 en la carretera\"}]},{\"@type\":\"WebSite\",\"@id\":\"https:\\\/\\\/informelitoral.com.ar\\\/#website\",\"url\":\"https:\\\/\\\/informelitoral.com.ar\\\/\",\"name\":\"Informe Litoral\",\"description\":\"&quot;Nos informamos&quot; \",\"publisher\":{\"@id\":\"https:\\\/\\\/informelitoral.com.ar\\\/#organization\"},\"potentialAction\":[{\"@type\":\"SearchAction\",\"target\":{\"@type\":\"EntryPoint\",\"urlTemplate\":\"https:\\\/\\\/informelitoral.com.ar\\\/?s={search_term_string}\"},\"query-input\":{\"@type\":\"PropertyValueSpecification\",\"valueRequired\":true,\"valueName\":\"search_term_string\"}}],\"inLanguage\":\"es\"},{\"@type\":\"Organization\",\"@id\":\"https:\\\/\\\/informelitoral.com.ar\\\/#organization\",\"name\":\"Informe Litoral\",\"url\":\"https:\\\/\\\/informelitoral.com.ar\\\/\",\"logo\":{\"@type\":\"ImageObject\",\"inLanguage\":\"es\",\"@id\":\"https:\\\/\\\/informelitoral.com.ar\\\/#\\\/schema\\\/logo\\\/image\\\/\",\"url\":\"https:\\\/\\\/informelitoral.com.ar\\\/%77%70%2d%63%6f%6e%74%65%6e%74\\\/uploads\\\/2021\\\/01\\\/circulo.png\",\"contentUrl\":\"https:\\\/\\\/informelitoral.com.ar\\\/%77%70%2d%63%6f%6e%74%65%6e%74\\\/uploads\\\/2021\\\/01\\\/circulo.png\",\"width\":723,\"height\":731,\"caption\":\"Informe Litoral\"},\"image\":{\"@id\":\"https:\\\/\\\/informelitoral.com.ar\\\/#\\\/schema\\\/logo\\\/image\\\/\"},\"sameAs\":[\"https:\\\/\\\/www.facebook.com\\\/informelitoral\\\/\",\"https:\\\/\\\/x.com\\\/InformeLitoral\",\"https:\\\/\\\/www.instagram.com\\\/informelitoral\\\/\",\"https:\\\/\\\/www.youtube.com\\\/channel\\\/UCua4Qvz8Icb6MYqhoq9xLXw\"]},{\"@type\":\"Person\",\"@id\":\"https:\\\/\\\/informelitoral.com.ar\\\/#\\\/schema\\\/person\\\/b9d00407c836482871ef1d57bf8e3180\",\"name\":\"Gonzalo Schmidt\",\"image\":{\"@type\":\"ImageObject\",\"inLanguage\":\"es\",\"@id\":\"https:\\\/\\\/secure.gravatar.com\\\/avatar\\\/31a1a7b66ff2de83bd0e9fd79d026630d2d99e55e8bfe501287647b4fd9743de?s=96&d=mm&r=g\",\"url\":\"https:\\\/\\\/secure.gravatar.com\\\/avatar\\\/31a1a7b66ff2de83bd0e9fd79d026630d2d99e55e8bfe501287647b4fd9743de?s=96&d=mm&r=g\",\"contentUrl\":\"https:\\\/\\\/secure.gravatar.com\\\/avatar\\\/31a1a7b66ff2de83bd0e9fd79d026630d2d99e55e8bfe501287647b4fd9743de?s=96&d=mm&r=g\",\"caption\":\"Gonzalo Schmidt\"},\"description\":\"Sitio web de noticias de la provincia de Entre R\u00edos, Argentina. Informaci\u00f3n y entretenimiento. Informe Litoral, nos informamos.\",\"sameAs\":[\"http:\\\/\\\/www.isletasnoticias.com.ar\"],\"url\":\"https:\\\/\\\/informelitoral.com.ar\\\/author\\\/gonzalo\\\/\"}]}<\/script>","yoast_head_json":{"title":"Joaqu\u00edn \"El Chapo\" Guzm\u00e1n escap\u00f3 otra vez bajo tierra, pero cay\u00f3 en la carretera - Informe Litoral","robots":{"index":"index","follow":"follow","max-snippet":"max-snippet:-1","max-image-preview":"max-image-preview:large","max-video-preview":"max-video-preview:-1"},"canonical":"https:\/\/informelitoral.com.ar\/joaquin-el-chapo-guzman-escapo-otra-vez-bajo-tierra-pero-cayo-en-la-carretera\/","og_locale":"es_ES","og_type":"article","og_title":"Joaqu\u00edn \"El Chapo\" Guzm\u00e1n escap\u00f3 otra vez bajo tierra, pero cay\u00f3 en la carretera - Informe Litoral","og_description":"Las autoridades revelaron que &laquo;el rey de los t&uacute;neles&raquo; huy&oacute; por las alcantarillas de Los Mochis y accedi&oacute; a un veh&iacute;culo. Pero no lleg&oacute; muy lejos. Por qu&eacute; decidieron llevarlo esposado a un motel. Durante la comparecencia ante la prensa sobre la captura del capo narco Joaqu&iacute;n Guzm&aacute;n Loera, la fiscal general de M&eacute;xico, Arely [&hellip;]","og_url":"https:\/\/informelitoral.com.ar\/joaquin-el-chapo-guzman-escapo-otra-vez-bajo-tierra-pero-cayo-en-la-carretera\/","og_site_name":"Informe Litoral","article_publisher":"https:\/\/www.facebook.com\/informelitoral\/","article_published_time":"2016-01-09T12:43:23+00:00","og_image":[{"width":770,"height":433,"url":"https:\/\/informelitoral.com.ar\/%77%70%2d%63%6f%6e%74%65%6e%74\/uploads\/2016\/01\/0014065033.jpg","type":"image\/jpeg"}],"author":"Gonzalo Schmidt","twitter_card":"summary_large_image","twitter_creator":"@InformeLitoral","twitter_site":"@InformeLitoral","twitter_misc":{"Escrito por":"Gonzalo Schmidt","Tiempo de lectura":"4 minutos"},"schema":{"@context":"https:\/\/schema.org","@graph":[{"@type":"Article","@id":"https:\/\/informelitoral.com.ar\/joaquin-el-chapo-guzman-escapo-otra-vez-bajo-tierra-pero-cayo-en-la-carretera\/#article","isPartOf":{"@id":"https:\/\/informelitoral.com.ar\/joaquin-el-chapo-guzman-escapo-otra-vez-bajo-tierra-pero-cayo-en-la-carretera\/"},"author":{"name":"Gonzalo Schmidt","@id":"https:\/\/informelitoral.com.ar\/#\/schema\/person\/b9d00407c836482871ef1d57bf8e3180"},"headline":"Joaqu\u00edn \u00abEl Chapo\u00bb Guzm\u00e1n escap\u00f3 otra vez bajo tierra, pero cay\u00f3 en la carretera","datePublished":"2016-01-09T12:43:23+00:00","mainEntityOfPage":{"@id":"https:\/\/informelitoral.com.ar\/joaquin-el-chapo-guzman-escapo-otra-vez-bajo-tierra-pero-cayo-en-la-carretera\/"},"wordCount":756,"commentCount":0,"publisher":{"@id":"https:\/\/informelitoral.com.ar\/#organization"},"image":{"@id":"https:\/\/informelitoral.com.ar\/joaquin-el-chapo-guzman-escapo-otra-vez-bajo-tierra-pero-cayo-en-la-carretera\/#primaryimage"},"thumbnailUrl":"http:\/\/www.isletasnoticias.com.ar\/%77%70%2d%63%6f%6e%74%65%6e%74\/uploads\/2016\/01\/0014065033.jpg","articleSection":["Internacionales"],"inLanguage":"es","potentialAction":[{"@type":"CommentAction","name":"Comment","target":["https:\/\/informelitoral.com.ar\/joaquin-el-chapo-guzman-escapo-otra-vez-bajo-tierra-pero-cayo-en-la-carretera\/#respond"]}]},{"@type":"WebPage","@id":"https:\/\/informelitoral.com.ar\/joaquin-el-chapo-guzman-escapo-otra-vez-bajo-tierra-pero-cayo-en-la-carretera\/","url":"https:\/\/informelitoral.com.ar\/joaquin-el-chapo-guzman-escapo-otra-vez-bajo-tierra-pero-cayo-en-la-carretera\/","name":"Joaqu\u00edn \"El Chapo\" Guzm\u00e1n escap\u00f3 otra vez bajo tierra, pero cay\u00f3 en la carretera - Informe Litoral","isPartOf":{"@id":"https:\/\/informelitoral.com.ar\/#website"},"primaryImageOfPage":{"@id":"https:\/\/informelitoral.com.ar\/joaquin-el-chapo-guzman-escapo-otra-vez-bajo-tierra-pero-cayo-en-la-carretera\/#primaryimage"},"image":{"@id":"https:\/\/informelitoral.com.ar\/joaquin-el-chapo-guzman-escapo-otra-vez-bajo-tierra-pero-cayo-en-la-carretera\/#primaryimage"},"thumbnailUrl":"http:\/\/www.isletasnoticias.com.ar\/%77%70%2d%63%6f%6e%74%65%6e%74\/uploads\/2016\/01\/0014065033.jpg","datePublished":"2016-01-09T12:43:23+00:00","breadcrumb":{"@id":"https:\/\/informelitoral.com.ar\/joaquin-el-chapo-guzman-escapo-otra-vez-bajo-tierra-pero-cayo-en-la-carretera\/#breadcrumb"},"inLanguage":"es","potentialAction":[{"@type":"ReadAction","target":["https:\/\/informelitoral.com.ar\/joaquin-el-chapo-guzman-escapo-otra-vez-bajo-tierra-pero-cayo-en-la-carretera\/"]}]},{"@type":"ImageObject","inLanguage":"es","@id":"https:\/\/informelitoral.com.ar\/joaquin-el-chapo-guzman-escapo-otra-vez-bajo-tierra-pero-cayo-en-la-carretera\/#primaryimage","url":"http:\/\/www.isletasnoticias.com.ar\/%77%70%2d%63%6f%6e%74%65%6e%74\/uploads\/2016\/01\/0014065033.jpg","contentUrl":"http:\/\/www.isletasnoticias.com.ar\/%77%70%2d%63%6f%6e%74%65%6e%74\/uploads\/2016\/01\/0014065033.jpg"},{"@type":"BreadcrumbList","@id":"https:\/\/informelitoral.com.ar\/joaquin-el-chapo-guzman-escapo-otra-vez-bajo-tierra-pero-cayo-en-la-carretera\/#breadcrumb","itemListElement":[{"@type":"ListItem","position":1,"name":"Portada","item":"https:\/\/informelitoral.com.ar\/"},{"@type":"ListItem","position":2,"name":"Joaqu\u00edn \u00abEl Chapo\u00bb Guzm\u00e1n escap\u00f3 otra vez bajo tierra, pero cay\u00f3 en la carretera"}]},{"@type":"WebSite","@id":"https:\/\/informelitoral.com.ar\/#website","url":"https:\/\/informelitoral.com.ar\/","name":"Informe Litoral","description":"&quot;Nos informamos&quot; ","publisher":{"@id":"https:\/\/informelitoral.com.ar\/#organization"},"potentialAction":[{"@type":"SearchAction","target":{"@type":"EntryPoint","urlTemplate":"https:\/\/informelitoral.com.ar\/?s={search_term_string}"},"query-input":{"@type":"PropertyValueSpecification","valueRequired":true,"valueName":"search_term_string"}}],"inLanguage":"es"},{"@type":"Organization","@id":"https:\/\/informelitoral.com.ar\/#organization","name":"Informe Litoral","url":"https:\/\/informelitoral.com.ar\/","logo":{"@type":"ImageObject","inLanguage":"es","@id":"https:\/\/informelitoral.com.ar\/#\/schema\/logo\/image\/","url":"https:\/\/informelitoral.com.ar\/%77%70%2d%63%6f%6e%74%65%6e%74\/uploads\/2021\/01\/circulo.png","contentUrl":"https:\/\/informelitoral.com.ar\/%77%70%2d%63%6f%6e%74%65%6e%74\/uploads\/2021\/01\/circulo.png","width":723,"height":731,"caption":"Informe Litoral"},"image":{"@id":"https:\/\/informelitoral.com.ar\/#\/schema\/logo\/image\/"},"sameAs":["https:\/\/www.facebook.com\/informelitoral\/","https:\/\/x.com\/InformeLitoral","https:\/\/www.instagram.com\/informelitoral\/","https:\/\/www.youtube.com\/channel\/UCua4Qvz8Icb6MYqhoq9xLXw"]},{"@type":"Person","@id":"https:\/\/informelitoral.com.ar\/#\/schema\/person\/b9d00407c836482871ef1d57bf8e3180","name":"Gonzalo Schmidt","image":{"@type":"ImageObject","inLanguage":"es","@id":"https:\/\/secure.gravatar.com\/avatar\/31a1a7b66ff2de83bd0e9fd79d026630d2d99e55e8bfe501287647b4fd9743de?s=96&d=mm&r=g","url":"https:\/\/secure.gravatar.com\/avatar\/31a1a7b66ff2de83bd0e9fd79d026630d2d99e55e8bfe501287647b4fd9743de?s=96&d=mm&r=g","contentUrl":"https:\/\/secure.gravatar.com\/avatar\/31a1a7b66ff2de83bd0e9fd79d026630d2d99e55e8bfe501287647b4fd9743de?s=96&d=mm&r=g","caption":"Gonzalo Schmidt"},"description":"Sitio web de noticias de la provincia de Entre R\u00edos, Argentina. Informaci\u00f3n y entretenimiento. Informe Litoral, nos informamos.","sameAs":["http:\/\/www.isletasnoticias.com.ar"],"url":"https:\/\/informelitoral.com.ar\/author\/gonzalo\/"}]}},"_links":{"self":[{"href":"https:\/\/informelitoral.com.ar\/%77%70%2d%6a%73%6f%6e\/wp\/v2\/posts\/13215","targetHints":{"allow":["GET"]}}],"collection":[{"href":"https:\/\/informelitoral.com.ar\/%77%70%2d%6a%73%6f%6e\/wp\/v2\/posts"}],"about":[{"href":"https:\/\/informelitoral.com.ar\/%77%70%2d%6a%73%6f%6e\/wp\/v2\/types\/post"}],"author":[{"embeddable":true,"href":"https:\/\/informelitoral.com.ar\/%77%70%2d%6a%73%6f%6e\/wp\/v2\/users\/2"}],"replies":[{"embeddable":true,"href":"https:\/\/informelitoral.com.ar\/%77%70%2d%6a%73%6f%6e\/wp\/v2\/comments?post=13215"}],"version-history":[{"count":0,"href":"https:\/\/informelitoral.com.ar\/%77%70%2d%6a%73%6f%6e\/wp\/v2\/posts\/13215\/revisions"}],"wp:attachment":[{"href":"https:\/\/informelitoral.com.ar\/%77%70%2d%6a%73%6f%6e\/wp\/v2\/media?parent=13215"}],"wp:term":[{"taxonomy":"category","embeddable":true,"href":"https:\/\/informelitoral.com.ar\/%77%70%2d%6a%73%6f%6e\/wp\/v2\/categories?post=13215"},{"taxonomy":"post_tag","embeddable":true,"href":"https:\/\/informelitoral.com.ar\/%77%70%2d%6a%73%6f%6e\/wp\/v2\/tags?post=13215"}],"curies":[{"name":"wp","href":"https:\/\/api.w.org\/{rel}","templated":true}]}}