{"id":13212,"date":"2016-01-07T09:40:08","date_gmt":"2016-01-07T12:40:08","guid":{"rendered":"http:\/\/www.isletasnoticias.com.ar\/?p=13212"},"modified":"2016-01-07T09:40:08","modified_gmt":"2016-01-07T12:40:08","slug":"la-tarifa-electrica-en-entre-rios-aumentara-alrededor-del-30","status":"publish","type":"post","link":"https:\/\/informelitoral.com.ar\/la-tarifa-electrica-en-entre-rios-aumentara-alrededor-del-30\/","title":{"rendered":"La tarifa el\u00e9ctrica en Entre R\u00edos aumentar\u00e1 alrededor del 30%"},"content":{"rendered":"<p><strong>El interventor del EPRE inform\u00f3 que, en uso de las facultades y atribuciones que le otorga el marco regulatorio del servicio el\u00e9ctrico en la provincia autorizar\u00e1 una suba que \u00aboscilar\u00e1 en un 30% aproximadamente\u00bb.<a href=\"http:\/\/www.isletasnoticias.com.ar\/%77%70%2d%63%6f%6e%74%65%6e%74\/uploads\/2016\/01\/energia_electrica_venezuela_colombia.jpg\"><img loading=\"lazy\" decoding=\"async\" class=\"aligncenter size-full wp-image-13213\" src=\"http:\/\/www.isletasnoticias.com.ar\/%77%70%2d%63%6f%6e%74%65%6e%74\/uploads\/2016\/01\/energia_electrica_venezuela_colombia.jpg\" alt=\"energia_electrica_venezuela_colombia\" width=\"1100\" height=\"740\" srcset=\"https:\/\/informelitoral.com.ar\/%77%70%2d%63%6f%6e%74%65%6e%74\/uploads\/2016\/01\/energia_electrica_venezuela_colombia.jpg 1100w, https:\/\/informelitoral.com.ar\/%77%70%2d%63%6f%6e%74%65%6e%74\/uploads\/2016\/01\/energia_electrica_venezuela_colombia-300x202.jpg 300w, https:\/\/informelitoral.com.ar\/%77%70%2d%63%6f%6e%74%65%6e%74\/uploads\/2016\/01\/energia_electrica_venezuela_colombia-1024x689.jpg 1024w\" sizes=\"auto, (max-width: 1100px) 100vw, 1100px\" \/><\/a><\/strong><\/p>\n<p>El Ente Provincial Regulador de la Energ\u00eda (EPRE) decidi\u00f3 readecuar la tarifa el\u00e9ctrica en la provincia a partir de este a\u00f1o. Desde el organismo se detall\u00f3 que para sectores mayoritarios del sector residencial el aumento no ser\u00e1 superior a los 35 pesos, apuntando que se da juntamente con el incremento de otros servicios. Se precis\u00f3 que en lo que concierne al servicio el\u00e9ctrico el aumento oscilar\u00e1 en un 30%, apuntando que la tarifa en Entre R\u00edos estaba congelada desde 2014 por la adhesi\u00f3n de la provincia al Plan de Convergencia Energ\u00e9tica que determin\u00f3 Naci\u00f3n.<\/p>\n<p>El interventor del EPRE, Marcos Rodr\u00edguez Allende, inform\u00f3 que, en uso de las facultades y atribuciones que le otorga el marco regulatorio del servicio el\u00e9ctrico en la provincia por la Ley N\u00ba 8.916 que cre\u00f3 el Fondo de Desarrollo Energ\u00e9tico de Entre R\u00edos, desde el Ente se estableci\u00f3 que la tarifa el\u00e9ctrica en Entre R\u00edos debe necesariamente readecuarse y reacomodarse a los nuevos \u00edndices de incremento respecto de otros servicios. En este sentido, destac\u00f3 que \u00abla diferencia de los dem\u00e1s servicios con el servicio el\u00e9ctrico es que la reacomodaci\u00f3n oscilar\u00e1 en un 30% aproximadamente\u00bb.<\/p>\n<p>El interventor explic\u00f3 a <em>El Diario<\/em> que se debe \u00abrealizar un recorrido de lo ocurrido en los \u00faltimos a\u00f1os hasta hoy en materia energ\u00e9tica, para poder entender por qu\u00e9 llegamos a este reacomodamiento. Primero recordar que al inicio de 2014, luego de un proceso de audiencias p\u00fablicas, donde no s\u00f3lo participaron las distribuidoras del servicio el\u00e9ctrico provincial sino los usuarios a trav\u00e9s de sus representantes, se estableci\u00f3 en ese proceso de audiencias p\u00fablicas un aumento del servicio por parte del EPRE. A los pocos d\u00edas de la audiencia se firm\u00f3 entre la Naci\u00f3n y las provincias el Plan de Convergencia Energ\u00e9tica nacional que determin\u00f3 que la Resoluci\u00f3n que aumentaba las tarifas en 2014 se suspendiera autom\u00e1ticamente. Por dicha regulaci\u00f3n, desde 2014 al 31 de diciembre de 2015, es decir dos a\u00f1os, no hubo aumento ni retoques en las tarifas\u00bb. En este sentido, Rodr\u00edguez Allende se\u00f1al\u00f3 que \u00abEntre R\u00edos respet\u00f3 el congelamiento tarifario en su totalidad y en todos sus t\u00e9rminos\u00bb.<\/p>\n<p>Rodr\u00edguez Allende a\u00f1adi\u00f3 que \u00abante este panorama, y a los fines de cumplir con la Resoluci\u00f3n suspendida en 2014, y con el objeto de mantener un verdadero equilibrio entre el deber de las distribuidoras, que es prestar un servicio el\u00e9ctrico de calidad \u00f3ptima con tarifas justas y razonables, se determin\u00f3 a partir de esto la necesidad de readecuar las tarifas a partir de 2016, reprodujo <em>Elonce.com.<\/em><\/p>\n<p>Se\u00f1al\u00f3 adem\u00e1s que \u00absi a este reacomodamiento lo traducimos en valores significa, por ejemplo, que m\u00e1s de la mitad de los usuarios que consumen aproximadamente 200 kilowatt-hora ver\u00e1n que la readecuaci\u00f3n ser\u00e1 una suma que no superar\u00e1 los 35 pesos\u00bb. Por \u00faltimo, resalt\u00f3 que \u00aben este contexto, el EPRE tiene el deber de cumplir con los objetivos trazados por el gobernador de la provincia, Gustavo Bordet, que son siempre mantener un equilibrio para exigir a las distribuidoras un mejor servicio el\u00e9ctrico con tarifas justas y razonables para los usuarios\u00bb.<\/p>\n","protected":false},"excerpt":{"rendered":"<p>El interventor del EPRE inform&oacute; que, en uso de las facultades y atribuciones que le otorga el marco regulatorio del servicio el&eacute;ctrico en la provincia autorizar&aacute; una suba que &laquo;oscilar&aacute; en un 30% aproximadamente&raquo;. El Ente Provincial Regulador de la Energ&iacute;a (EPRE) decidi&oacute; readecuar la tarifa el&eacute;ctrica en la provincia a partir de este a&ntilde;o. [&hellip;]<\/p>\n","protected":false},"author":2,"featured_media":0,"comment_status":"open","ping_status":"open","sticky":false,"template":"","format":"standard","meta":{"fifu_image_url":"","fifu_image_alt":"","footnotes":""},"categories":[6],"tags":[],"class_list":{"0":"post-13212","1":"post","2":"type-post","3":"status-publish","4":"format-standard","6":"category-entre-rios"},"yoast_head":"<title>La tarifa el\u00e9ctrica en Entre R\u00edos aumentar\u00e1 alrededor del 30% - Informe Litoral<\/title>\n<meta name=\"robots\" content=\"index, follow, max-snippet:-1, max-image-preview:large, max-video-preview:-1\" \/>\n<link rel=\"canonical\" href=\"https:\/\/informelitoral.com.ar\/la-tarifa-electrica-en-entre-rios-aumentara-alrededor-del-30\/\" \/>\n<meta property=\"og:locale\" content=\"es_ES\" \/>\n<meta property=\"og:type\" content=\"article\" \/>\n<meta property=\"og:title\" content=\"La tarifa el\u00e9ctrica en Entre R\u00edos aumentar\u00e1 alrededor del 30% - Informe Litoral\" \/>\n<meta property=\"og:description\" content=\"El interventor del EPRE inform&oacute; que, en uso de las facultades y atribuciones que le otorga el marco regulatorio del servicio el&eacute;ctrico en la provincia autorizar&aacute; una suba que &laquo;oscilar&aacute; en un 30% aproximadamente&raquo;. El Ente Provincial Regulador de la Energ&iacute;a (EPRE) decidi&oacute; readecuar la tarifa el&eacute;ctrica en la provincia a partir de este a&ntilde;o. [&hellip;]\" \/>\n<meta property=\"og:url\" content=\"https:\/\/informelitoral.com.ar\/la-tarifa-electrica-en-entre-rios-aumentara-alrededor-del-30\/\" \/>\n<meta property=\"og:site_name\" content=\"Informe Litoral\" \/>\n<meta property=\"article:publisher\" content=\"https:\/\/www.facebook.com\/informelitoral\/\" \/>\n<meta property=\"article:published_time\" content=\"2016-01-07T12:40:08+00:00\" \/>\n<meta property=\"og:image\" content=\"https:\/\/informelitoral.com.ar\/%77%70%2d%63%6f%6e%74%65%6e%74\/uploads\/2016\/01\/energia_electrica_venezuela_colombia.jpg\" \/>\n\t<meta property=\"og:image:width\" content=\"1100\" \/>\n\t<meta property=\"og:image:height\" content=\"740\" \/>\n\t<meta property=\"og:image:type\" content=\"image\/jpeg\" \/>\n<meta name=\"author\" content=\"Gonzalo Schmidt\" \/>\n<meta name=\"twitter:card\" content=\"summary_large_image\" \/>\n<meta name=\"twitter:creator\" content=\"@InformeLitoral\" \/>\n<meta name=\"twitter:site\" content=\"@InformeLitoral\" \/>\n<meta name=\"twitter:label1\" content=\"Escrito por\" \/>\n\t<meta name=\"twitter:data1\" content=\"Gonzalo Schmidt\" \/>\n\t<meta name=\"twitter:label2\" content=\"Tiempo de lectura\" \/>\n\t<meta name=\"twitter:data2\" content=\"3 minutos\" \/>\n<script type=\"application\/ld+json\" class=\"yoast-schema-graph\">{\"@context\":\"https:\\\/\\\/schema.org\",\"@graph\":[{\"@type\":\"Article\",\"@id\":\"https:\\\/\\\/informelitoral.com.ar\\\/la-tarifa-electrica-en-entre-rios-aumentara-alrededor-del-30\\\/#article\",\"isPartOf\":{\"@id\":\"https:\\\/\\\/informelitoral.com.ar\\\/la-tarifa-electrica-en-entre-rios-aumentara-alrededor-del-30\\\/\"},\"author\":{\"name\":\"Gonzalo Schmidt\",\"@id\":\"https:\\\/\\\/informelitoral.com.ar\\\/#\\\/schema\\\/person\\\/b9d00407c836482871ef1d57bf8e3180\"},\"headline\":\"La tarifa el\u00e9ctrica en Entre R\u00edos aumentar\u00e1 alrededor del 30%\",\"datePublished\":\"2016-01-07T12:40:08+00:00\",\"mainEntityOfPage\":{\"@id\":\"https:\\\/\\\/informelitoral.com.ar\\\/la-tarifa-electrica-en-entre-rios-aumentara-alrededor-del-30\\\/\"},\"wordCount\":580,\"commentCount\":0,\"publisher\":{\"@id\":\"https:\\\/\\\/informelitoral.com.ar\\\/#organization\"},\"image\":{\"@id\":\"https:\\\/\\\/informelitoral.com.ar\\\/la-tarifa-electrica-en-entre-rios-aumentara-alrededor-del-30\\\/#primaryimage\"},\"thumbnailUrl\":\"http:\\\/\\\/www.isletasnoticias.com.ar\\\/%77%70%2d%63%6f%6e%74%65%6e%74\\\/uploads\\\/2016\\\/01\\\/energia_electrica_venezuela_colombia.jpg\",\"articleSection\":[\"Entre R\u00edos\"],\"inLanguage\":\"es\",\"potentialAction\":[{\"@type\":\"CommentAction\",\"name\":\"Comment\",\"target\":[\"https:\\\/\\\/informelitoral.com.ar\\\/la-tarifa-electrica-en-entre-rios-aumentara-alrededor-del-30\\\/#respond\"]}]},{\"@type\":\"WebPage\",\"@id\":\"https:\\\/\\\/informelitoral.com.ar\\\/la-tarifa-electrica-en-entre-rios-aumentara-alrededor-del-30\\\/\",\"url\":\"https:\\\/\\\/informelitoral.com.ar\\\/la-tarifa-electrica-en-entre-rios-aumentara-alrededor-del-30\\\/\",\"name\":\"La tarifa el\u00e9ctrica en Entre R\u00edos aumentar\u00e1 alrededor del 30% - Informe Litoral\",\"isPartOf\":{\"@id\":\"https:\\\/\\\/informelitoral.com.ar\\\/#website\"},\"primaryImageOfPage\":{\"@id\":\"https:\\\/\\\/informelitoral.com.ar\\\/la-tarifa-electrica-en-entre-rios-aumentara-alrededor-del-30\\\/#primaryimage\"},\"image\":{\"@id\":\"https:\\\/\\\/informelitoral.com.ar\\\/la-tarifa-electrica-en-entre-rios-aumentara-alrededor-del-30\\\/#primaryimage\"},\"thumbnailUrl\":\"http:\\\/\\\/www.isletasnoticias.com.ar\\\/%77%70%2d%63%6f%6e%74%65%6e%74\\\/uploads\\\/2016\\\/01\\\/energia_electrica_venezuela_colombia.jpg\",\"datePublished\":\"2016-01-07T12:40:08+00:00\",\"breadcrumb\":{\"@id\":\"https:\\\/\\\/informelitoral.com.ar\\\/la-tarifa-electrica-en-entre-rios-aumentara-alrededor-del-30\\\/#breadcrumb\"},\"inLanguage\":\"es\",\"potentialAction\":[{\"@type\":\"ReadAction\",\"target\":[\"https:\\\/\\\/informelitoral.com.ar\\\/la-tarifa-electrica-en-entre-rios-aumentara-alrededor-del-30\\\/\"]}]},{\"@type\":\"ImageObject\",\"inLanguage\":\"es\",\"@id\":\"https:\\\/\\\/informelitoral.com.ar\\\/la-tarifa-electrica-en-entre-rios-aumentara-alrededor-del-30\\\/#primaryimage\",\"url\":\"http:\\\/\\\/www.isletasnoticias.com.ar\\\/%77%70%2d%63%6f%6e%74%65%6e%74\\\/uploads\\\/2016\\\/01\\\/energia_electrica_venezuela_colombia.jpg\",\"contentUrl\":\"http:\\\/\\\/www.isletasnoticias.com.ar\\\/%77%70%2d%63%6f%6e%74%65%6e%74\\\/uploads\\\/2016\\\/01\\\/energia_electrica_venezuela_colombia.jpg\"},{\"@type\":\"BreadcrumbList\",\"@id\":\"https:\\\/\\\/informelitoral.com.ar\\\/la-tarifa-electrica-en-entre-rios-aumentara-alrededor-del-30\\\/#breadcrumb\",\"itemListElement\":[{\"@type\":\"ListItem\",\"position\":1,\"name\":\"Portada\",\"item\":\"https:\\\/\\\/informelitoral.com.ar\\\/\"},{\"@type\":\"ListItem\",\"position\":2,\"name\":\"La tarifa el\u00e9ctrica en Entre R\u00edos aumentar\u00e1 alrededor del 30%\"}]},{\"@type\":\"WebSite\",\"@id\":\"https:\\\/\\\/informelitoral.com.ar\\\/#website\",\"url\":\"https:\\\/\\\/informelitoral.com.ar\\\/\",\"name\":\"Informe Litoral\",\"description\":\"&quot;Nos informamos&quot; \",\"publisher\":{\"@id\":\"https:\\\/\\\/informelitoral.com.ar\\\/#organization\"},\"potentialAction\":[{\"@type\":\"SearchAction\",\"target\":{\"@type\":\"EntryPoint\",\"urlTemplate\":\"https:\\\/\\\/informelitoral.com.ar\\\/?s={search_term_string}\"},\"query-input\":{\"@type\":\"PropertyValueSpecification\",\"valueRequired\":true,\"valueName\":\"search_term_string\"}}],\"inLanguage\":\"es\"},{\"@type\":\"Organization\",\"@id\":\"https:\\\/\\\/informelitoral.com.ar\\\/#organization\",\"name\":\"Informe Litoral\",\"url\":\"https:\\\/\\\/informelitoral.com.ar\\\/\",\"logo\":{\"@type\":\"ImageObject\",\"inLanguage\":\"es\",\"@id\":\"https:\\\/\\\/informelitoral.com.ar\\\/#\\\/schema\\\/logo\\\/image\\\/\",\"url\":\"https:\\\/\\\/informelitoral.com.ar\\\/%77%70%2d%63%6f%6e%74%65%6e%74\\\/uploads\\\/2021\\\/01\\\/circulo.png\",\"contentUrl\":\"https:\\\/\\\/informelitoral.com.ar\\\/%77%70%2d%63%6f%6e%74%65%6e%74\\\/uploads\\\/2021\\\/01\\\/circulo.png\",\"width\":723,\"height\":731,\"caption\":\"Informe Litoral\"},\"image\":{\"@id\":\"https:\\\/\\\/informelitoral.com.ar\\\/#\\\/schema\\\/logo\\\/image\\\/\"},\"sameAs\":[\"https:\\\/\\\/www.facebook.com\\\/informelitoral\\\/\",\"https:\\\/\\\/x.com\\\/InformeLitoral\",\"https:\\\/\\\/www.instagram.com\\\/informelitoral\\\/\",\"https:\\\/\\\/www.youtube.com\\\/channel\\\/UCua4Qvz8Icb6MYqhoq9xLXw\"]},{\"@type\":\"Person\",\"@id\":\"https:\\\/\\\/informelitoral.com.ar\\\/#\\\/schema\\\/person\\\/b9d00407c836482871ef1d57bf8e3180\",\"name\":\"Gonzalo Schmidt\",\"image\":{\"@type\":\"ImageObject\",\"inLanguage\":\"es\",\"@id\":\"https:\\\/\\\/secure.gravatar.com\\\/avatar\\\/31a1a7b66ff2de83bd0e9fd79d026630d2d99e55e8bfe501287647b4fd9743de?s=96&d=mm&r=g\",\"url\":\"https:\\\/\\\/secure.gravatar.com\\\/avatar\\\/31a1a7b66ff2de83bd0e9fd79d026630d2d99e55e8bfe501287647b4fd9743de?s=96&d=mm&r=g\",\"contentUrl\":\"https:\\\/\\\/secure.gravatar.com\\\/avatar\\\/31a1a7b66ff2de83bd0e9fd79d026630d2d99e55e8bfe501287647b4fd9743de?s=96&d=mm&r=g\",\"caption\":\"Gonzalo Schmidt\"},\"description\":\"Sitio web de noticias de la provincia de Entre R\u00edos, Argentina. Informaci\u00f3n y entretenimiento. Informe Litoral, nos informamos.\",\"sameAs\":[\"http:\\\/\\\/www.isletasnoticias.com.ar\"],\"url\":\"https:\\\/\\\/informelitoral.com.ar\\\/author\\\/gonzalo\\\/\"}]}<\/script>","yoast_head_json":{"title":"La tarifa el\u00e9ctrica en Entre R\u00edos aumentar\u00e1 alrededor del 30% - Informe Litoral","robots":{"index":"index","follow":"follow","max-snippet":"max-snippet:-1","max-image-preview":"max-image-preview:large","max-video-preview":"max-video-preview:-1"},"canonical":"https:\/\/informelitoral.com.ar\/la-tarifa-electrica-en-entre-rios-aumentara-alrededor-del-30\/","og_locale":"es_ES","og_type":"article","og_title":"La tarifa el\u00e9ctrica en Entre R\u00edos aumentar\u00e1 alrededor del 30% - Informe Litoral","og_description":"El interventor del EPRE inform&oacute; que, en uso de las facultades y atribuciones que le otorga el marco regulatorio del servicio el&eacute;ctrico en la provincia autorizar&aacute; una suba que &laquo;oscilar&aacute; en un 30% aproximadamente&raquo;. El Ente Provincial Regulador de la Energ&iacute;a (EPRE) decidi&oacute; readecuar la tarifa el&eacute;ctrica en la provincia a partir de este a&ntilde;o. [&hellip;]","og_url":"https:\/\/informelitoral.com.ar\/la-tarifa-electrica-en-entre-rios-aumentara-alrededor-del-30\/","og_site_name":"Informe Litoral","article_publisher":"https:\/\/www.facebook.com\/informelitoral\/","article_published_time":"2016-01-07T12:40:08+00:00","og_image":[{"width":1100,"height":740,"url":"https:\/\/informelitoral.com.ar\/%77%70%2d%63%6f%6e%74%65%6e%74\/uploads\/2016\/01\/energia_electrica_venezuela_colombia.jpg","type":"image\/jpeg"}],"author":"Gonzalo Schmidt","twitter_card":"summary_large_image","twitter_creator":"@InformeLitoral","twitter_site":"@InformeLitoral","twitter_misc":{"Escrito por":"Gonzalo Schmidt","Tiempo de lectura":"3 minutos"},"schema":{"@context":"https:\/\/schema.org","@graph":[{"@type":"Article","@id":"https:\/\/informelitoral.com.ar\/la-tarifa-electrica-en-entre-rios-aumentara-alrededor-del-30\/#article","isPartOf":{"@id":"https:\/\/informelitoral.com.ar\/la-tarifa-electrica-en-entre-rios-aumentara-alrededor-del-30\/"},"author":{"name":"Gonzalo Schmidt","@id":"https:\/\/informelitoral.com.ar\/#\/schema\/person\/b9d00407c836482871ef1d57bf8e3180"},"headline":"La tarifa el\u00e9ctrica en Entre R\u00edos aumentar\u00e1 alrededor del 30%","datePublished":"2016-01-07T12:40:08+00:00","mainEntityOfPage":{"@id":"https:\/\/informelitoral.com.ar\/la-tarifa-electrica-en-entre-rios-aumentara-alrededor-del-30\/"},"wordCount":580,"commentCount":0,"publisher":{"@id":"https:\/\/informelitoral.com.ar\/#organization"},"image":{"@id":"https:\/\/informelitoral.com.ar\/la-tarifa-electrica-en-entre-rios-aumentara-alrededor-del-30\/#primaryimage"},"thumbnailUrl":"http:\/\/www.isletasnoticias.com.ar\/%77%70%2d%63%6f%6e%74%65%6e%74\/uploads\/2016\/01\/energia_electrica_venezuela_colombia.jpg","articleSection":["Entre R\u00edos"],"inLanguage":"es","potentialAction":[{"@type":"CommentAction","name":"Comment","target":["https:\/\/informelitoral.com.ar\/la-tarifa-electrica-en-entre-rios-aumentara-alrededor-del-30\/#respond"]}]},{"@type":"WebPage","@id":"https:\/\/informelitoral.com.ar\/la-tarifa-electrica-en-entre-rios-aumentara-alrededor-del-30\/","url":"https:\/\/informelitoral.com.ar\/la-tarifa-electrica-en-entre-rios-aumentara-alrededor-del-30\/","name":"La tarifa el\u00e9ctrica en Entre R\u00edos aumentar\u00e1 alrededor del 30% - Informe Litoral","isPartOf":{"@id":"https:\/\/informelitoral.com.ar\/#website"},"primaryImageOfPage":{"@id":"https:\/\/informelitoral.com.ar\/la-tarifa-electrica-en-entre-rios-aumentara-alrededor-del-30\/#primaryimage"},"image":{"@id":"https:\/\/informelitoral.com.ar\/la-tarifa-electrica-en-entre-rios-aumentara-alrededor-del-30\/#primaryimage"},"thumbnailUrl":"http:\/\/www.isletasnoticias.com.ar\/%77%70%2d%63%6f%6e%74%65%6e%74\/uploads\/2016\/01\/energia_electrica_venezuela_colombia.jpg","datePublished":"2016-01-07T12:40:08+00:00","breadcrumb":{"@id":"https:\/\/informelitoral.com.ar\/la-tarifa-electrica-en-entre-rios-aumentara-alrededor-del-30\/#breadcrumb"},"inLanguage":"es","potentialAction":[{"@type":"ReadAction","target":["https:\/\/informelitoral.com.ar\/la-tarifa-electrica-en-entre-rios-aumentara-alrededor-del-30\/"]}]},{"@type":"ImageObject","inLanguage":"es","@id":"https:\/\/informelitoral.com.ar\/la-tarifa-electrica-en-entre-rios-aumentara-alrededor-del-30\/#primaryimage","url":"http:\/\/www.isletasnoticias.com.ar\/%77%70%2d%63%6f%6e%74%65%6e%74\/uploads\/2016\/01\/energia_electrica_venezuela_colombia.jpg","contentUrl":"http:\/\/www.isletasnoticias.com.ar\/%77%70%2d%63%6f%6e%74%65%6e%74\/uploads\/2016\/01\/energia_electrica_venezuela_colombia.jpg"},{"@type":"BreadcrumbList","@id":"https:\/\/informelitoral.com.ar\/la-tarifa-electrica-en-entre-rios-aumentara-alrededor-del-30\/#breadcrumb","itemListElement":[{"@type":"ListItem","position":1,"name":"Portada","item":"https:\/\/informelitoral.com.ar\/"},{"@type":"ListItem","position":2,"name":"La tarifa el\u00e9ctrica en Entre R\u00edos aumentar\u00e1 alrededor del 30%"}]},{"@type":"WebSite","@id":"https:\/\/informelitoral.com.ar\/#website","url":"https:\/\/informelitoral.com.ar\/","name":"Informe Litoral","description":"&quot;Nos informamos&quot; ","publisher":{"@id":"https:\/\/informelitoral.com.ar\/#organization"},"potentialAction":[{"@type":"SearchAction","target":{"@type":"EntryPoint","urlTemplate":"https:\/\/informelitoral.com.ar\/?s={search_term_string}"},"query-input":{"@type":"PropertyValueSpecification","valueRequired":true,"valueName":"search_term_string"}}],"inLanguage":"es"},{"@type":"Organization","@id":"https:\/\/informelitoral.com.ar\/#organization","name":"Informe Litoral","url":"https:\/\/informelitoral.com.ar\/","logo":{"@type":"ImageObject","inLanguage":"es","@id":"https:\/\/informelitoral.com.ar\/#\/schema\/logo\/image\/","url":"https:\/\/informelitoral.com.ar\/%77%70%2d%63%6f%6e%74%65%6e%74\/uploads\/2021\/01\/circulo.png","contentUrl":"https:\/\/informelitoral.com.ar\/%77%70%2d%63%6f%6e%74%65%6e%74\/uploads\/2021\/01\/circulo.png","width":723,"height":731,"caption":"Informe Litoral"},"image":{"@id":"https:\/\/informelitoral.com.ar\/#\/schema\/logo\/image\/"},"sameAs":["https:\/\/www.facebook.com\/informelitoral\/","https:\/\/x.com\/InformeLitoral","https:\/\/www.instagram.com\/informelitoral\/","https:\/\/www.youtube.com\/channel\/UCua4Qvz8Icb6MYqhoq9xLXw"]},{"@type":"Person","@id":"https:\/\/informelitoral.com.ar\/#\/schema\/person\/b9d00407c836482871ef1d57bf8e3180","name":"Gonzalo Schmidt","image":{"@type":"ImageObject","inLanguage":"es","@id":"https:\/\/secure.gravatar.com\/avatar\/31a1a7b66ff2de83bd0e9fd79d026630d2d99e55e8bfe501287647b4fd9743de?s=96&d=mm&r=g","url":"https:\/\/secure.gravatar.com\/avatar\/31a1a7b66ff2de83bd0e9fd79d026630d2d99e55e8bfe501287647b4fd9743de?s=96&d=mm&r=g","contentUrl":"https:\/\/secure.gravatar.com\/avatar\/31a1a7b66ff2de83bd0e9fd79d026630d2d99e55e8bfe501287647b4fd9743de?s=96&d=mm&r=g","caption":"Gonzalo Schmidt"},"description":"Sitio web de noticias de la provincia de Entre R\u00edos, Argentina. Informaci\u00f3n y entretenimiento. Informe Litoral, nos informamos.","sameAs":["http:\/\/www.isletasnoticias.com.ar"],"url":"https:\/\/informelitoral.com.ar\/author\/gonzalo\/"}]}},"_links":{"self":[{"href":"https:\/\/informelitoral.com.ar\/%77%70%2d%6a%73%6f%6e\/wp\/v2\/posts\/13212","targetHints":{"allow":["GET"]}}],"collection":[{"href":"https:\/\/informelitoral.com.ar\/%77%70%2d%6a%73%6f%6e\/wp\/v2\/posts"}],"about":[{"href":"https:\/\/informelitoral.com.ar\/%77%70%2d%6a%73%6f%6e\/wp\/v2\/types\/post"}],"author":[{"embeddable":true,"href":"https:\/\/informelitoral.com.ar\/%77%70%2d%6a%73%6f%6e\/wp\/v2\/users\/2"}],"replies":[{"embeddable":true,"href":"https:\/\/informelitoral.com.ar\/%77%70%2d%6a%73%6f%6e\/wp\/v2\/comments?post=13212"}],"version-history":[{"count":0,"href":"https:\/\/informelitoral.com.ar\/%77%70%2d%6a%73%6f%6e\/wp\/v2\/posts\/13212\/revisions"}],"wp:attachment":[{"href":"https:\/\/informelitoral.com.ar\/%77%70%2d%6a%73%6f%6e\/wp\/v2\/media?parent=13212"}],"wp:term":[{"taxonomy":"category","embeddable":true,"href":"https:\/\/informelitoral.com.ar\/%77%70%2d%6a%73%6f%6e\/wp\/v2\/categories?post=13212"},{"taxonomy":"post_tag","embeddable":true,"href":"https:\/\/informelitoral.com.ar\/%77%70%2d%6a%73%6f%6e\/wp\/v2\/tags?post=13212"}],"curies":[{"name":"wp","href":"https:\/\/api.w.org\/{rel}","templated":true}]}}