{"id":13197,"date":"2016-01-05T09:04:03","date_gmt":"2016-01-05T12:04:03","guid":{"rendered":"http:\/\/www.isletasnoticias.com.ar\/?p=13197"},"modified":"2016-01-05T09:04:03","modified_gmt":"2016-01-05T12:04:03","slug":"cooperativas-piden-aumento-del-50-en-la-tarifa-electrica","status":"publish","type":"post","link":"https:\/\/informelitoral.com.ar\/cooperativas-piden-aumento-del-50-en-la-tarifa-electrica\/","title":{"rendered":"Cooperativas piden aumento del 50 % en la tarifa el\u00e9ctrica"},"content":{"rendered":"<p><strong>El presidente de la empresa estatal de energ\u00eda Enersa, <em>Alfredo Muzachiodi<\/em>, dijo que \u00abes necesario\u00bb un incremento de la tarifa el\u00e9ctrica en la provincia para \u00abmantener los niveles\u00bb del servicio. Las cooperativas pretenden 50%.<a href=\"http:\/\/www.isletasnoticias.com.ar\/%77%70%2d%63%6f%6e%74%65%6e%74\/uploads\/2016\/01\/o_1434680672.jpg\"><img loading=\"lazy\" decoding=\"async\" class=\"aligncenter size-full wp-image-13198\" src=\"http:\/\/www.isletasnoticias.com.ar\/%77%70%2d%63%6f%6e%74%65%6e%74\/uploads\/2016\/01\/o_1434680672.jpg\" alt=\"o_1434680672\" width=\"800\" height=\"450\" srcset=\"https:\/\/informelitoral.com.ar\/%77%70%2d%63%6f%6e%74%65%6e%74\/uploads\/2016\/01\/o_1434680672.jpg 800w, https:\/\/informelitoral.com.ar\/%77%70%2d%63%6f%6e%74%65%6e%74\/uploads\/2016\/01\/o_1434680672-300x169.jpg 300w\" sizes=\"auto, (max-width: 800px) 100vw, 800px\" \/><\/a><\/strong><\/p>\n<p>Autoridades de Enersa y de las cooperativas el\u00e9ctricas entrerrianas coincidieron en que es necesario un ajuste de los precios que paga el usuario en la provincia, despu\u00e9s de dos a\u00f1os de tarifas congeladas.<\/p>\n<p>\u00abLas distribuidoras requerimos un incremento\u00bb, sostuvo el presidente de Enersa, aunque prefiri\u00f3 no arriesgar un porcentaje, porque su determinaci\u00f3n \u00abdepende de muchos factores\u00bb.<\/p>\n<p>Si bien asegur\u00f3 que el estado de la principal distribuidora el\u00e9ctrica de la provincia \u00abes bueno\u00bb y que se podr\u00e1n afrontar sin inconvenientes los picos de consumo del verano, el funcionario advirti\u00f3 que \u00absi no se prev\u00e9 un ajuste de tarifas para seguir manteniendo el nivel del servicio\u00bb, podr\u00edan producirse problemas \u00aben a\u00f1os futuros\u00bb. Al respecto agreg\u00f3: \u00abEn el sistema el\u00e9ctrico toda obra tarda largo tiempo. Por eso se necesita previsibilidad\u00bb.<\/p>\n<p>Muzachiodi se\u00f1al\u00f3 que en Entre R\u00edos las tarifas el\u00e9ctricas son bajas en comparaci\u00f3n con otras provincias de la regi\u00f3n. \u00abSanta Fe y C\u00f3rdoba tienen valores mucho m\u00e1s altos que nosotros. A nivel regional estamos en un buen precio de tarifas. Y adem\u00e1s hay una serie de beneficios, tenemos estructurada una asistencia para los sectores con menor capacidad de pago\u00bb, subray\u00f3.<\/p>\n<p>Adem\u00e1s hizo una diferenciaci\u00f3n entre el valor porcentual de incremento y lo que ese guarismo significar\u00eda para el bolsillo del usuario. En ese sentido, entendi\u00f3 que una posible suba podr\u00eda representar s\u00f3lo 30 pesos, \u00ablo mismo que cuesta un paquete de cigarrillos\u00bb, ejemplific\u00f3.<\/p>\n<p><strong>\u00abPor lo menos un 50 por ciento\u00bb<\/strong><\/p>\n<p>Por su parte, las cooperativas el\u00e9ctricas entrerrianas se\u00f1alaron que el incremento tarifario deber\u00eda ser \u00abmuy superior\u00bb al 19,8 por ciento autorizado por el EPRE en 2014 y suspendido por el Programa Nacional de Convergencia Tarifaria.<\/p>\n<p>Fuentes del sector aseguraron que la suba tendr\u00eda que al menos rondar el 50 por ciento. Este guarismo surge de la suma del 19,8 por ciento suspendido en 2014, m\u00e1s un 3 por ciento por trimestre durante los dos \u00faltimos a\u00f1os. Remarcaron que ese ajuste trimestral es el previsto por los contratos vigentes entre las distribuidoras y el Gobierno provincial.<\/p>\n<p>Incluso sostuvieron que ese 50 por ciento ser\u00eda \u00abpoco\u00bb teniendo en cuenta la situaci\u00f3n financiera \u00aben rojo\u00bb de las cooperativas, y recordaron que en la \u00faltima audiencia p\u00fablica para la revisi\u00f3n integral el servicio el\u00e9ctrico entrerriano -realizada en febrero de 2014- las cooperativas hab\u00edan solicitado incrementos superiores al 120 por ciento. <em>(APF &#8211; Elonce)<\/em><\/p>\n","protected":false},"excerpt":{"rendered":"<p>El presidente de la empresa estatal de energ&iacute;a Enersa, Alfredo Muzachiodi, dijo que &laquo;es necesario&raquo; un incremento de la tarifa el&eacute;ctrica en la provincia para &laquo;mantener los niveles&raquo; del servicio. Las cooperativas pretenden 50%. Autoridades de Enersa y de las cooperativas el&eacute;ctricas entrerrianas coincidieron en que es necesario un ajuste de los precios que paga [&hellip;]<\/p>\n","protected":false},"author":2,"featured_media":0,"comment_status":"open","ping_status":"open","sticky":false,"template":"","format":"standard","meta":{"fifu_image_url":"","fifu_image_alt":"","footnotes":""},"categories":[6],"tags":[],"class_list":{"0":"post-13197","1":"post","2":"type-post","3":"status-publish","4":"format-standard","6":"category-entre-rios"},"yoast_head":"<title>Cooperativas piden aumento del 50 % en la tarifa el\u00e9ctrica - Informe Litoral<\/title>\n<meta name=\"robots\" content=\"index, follow, max-snippet:-1, max-image-preview:large, max-video-preview:-1\" \/>\n<link rel=\"canonical\" href=\"https:\/\/informelitoral.com.ar\/cooperativas-piden-aumento-del-50-en-la-tarifa-electrica\/\" \/>\n<meta property=\"og:locale\" content=\"es_ES\" \/>\n<meta property=\"og:type\" content=\"article\" \/>\n<meta property=\"og:title\" content=\"Cooperativas piden aumento del 50 % en la tarifa el\u00e9ctrica - Informe Litoral\" \/>\n<meta property=\"og:description\" content=\"El presidente de la empresa estatal de energ&iacute;a Enersa, Alfredo Muzachiodi, dijo que &laquo;es necesario&raquo; un incremento de la tarifa el&eacute;ctrica en la provincia para &laquo;mantener los niveles&raquo; del servicio. Las cooperativas pretenden 50%. Autoridades de Enersa y de las cooperativas el&eacute;ctricas entrerrianas coincidieron en que es necesario un ajuste de los precios que paga [&hellip;]\" \/>\n<meta property=\"og:url\" content=\"https:\/\/informelitoral.com.ar\/cooperativas-piden-aumento-del-50-en-la-tarifa-electrica\/\" \/>\n<meta property=\"og:site_name\" content=\"Informe Litoral\" \/>\n<meta property=\"article:publisher\" content=\"https:\/\/www.facebook.com\/informelitoral\/\" \/>\n<meta property=\"article:published_time\" content=\"2016-01-05T12:04:03+00:00\" \/>\n<meta property=\"og:image\" content=\"https:\/\/informelitoral.com.ar\/%77%70%2d%63%6f%6e%74%65%6e%74\/uploads\/2016\/01\/o_1434680672.jpg\" \/>\n\t<meta property=\"og:image:width\" content=\"800\" \/>\n\t<meta property=\"og:image:height\" content=\"450\" \/>\n\t<meta property=\"og:image:type\" content=\"image\/jpeg\" \/>\n<meta name=\"author\" content=\"Gonzalo Schmidt\" \/>\n<meta name=\"twitter:card\" content=\"summary_large_image\" \/>\n<meta name=\"twitter:creator\" content=\"@InformeLitoral\" \/>\n<meta name=\"twitter:site\" content=\"@InformeLitoral\" \/>\n<meta name=\"twitter:label1\" content=\"Escrito por\" \/>\n\t<meta name=\"twitter:data1\" content=\"Gonzalo Schmidt\" \/>\n\t<meta name=\"twitter:label2\" content=\"Tiempo de lectura\" \/>\n\t<meta name=\"twitter:data2\" content=\"2 minutos\" \/>\n<script type=\"application\/ld+json\" class=\"yoast-schema-graph\">{\"@context\":\"https:\\\/\\\/schema.org\",\"@graph\":[{\"@type\":\"Article\",\"@id\":\"https:\\\/\\\/informelitoral.com.ar\\\/cooperativas-piden-aumento-del-50-en-la-tarifa-electrica\\\/#article\",\"isPartOf\":{\"@id\":\"https:\\\/\\\/informelitoral.com.ar\\\/cooperativas-piden-aumento-del-50-en-la-tarifa-electrica\\\/\"},\"author\":{\"name\":\"Gonzalo Schmidt\",\"@id\":\"https:\\\/\\\/informelitoral.com.ar\\\/#\\\/schema\\\/person\\\/b9d00407c836482871ef1d57bf8e3180\"},\"headline\":\"Cooperativas piden aumento del 50 % en la tarifa el\u00e9ctrica\",\"datePublished\":\"2016-01-05T12:04:03+00:00\",\"mainEntityOfPage\":{\"@id\":\"https:\\\/\\\/informelitoral.com.ar\\\/cooperativas-piden-aumento-del-50-en-la-tarifa-electrica\\\/\"},\"wordCount\":454,\"commentCount\":0,\"publisher\":{\"@id\":\"https:\\\/\\\/informelitoral.com.ar\\\/#organization\"},\"image\":{\"@id\":\"https:\\\/\\\/informelitoral.com.ar\\\/cooperativas-piden-aumento-del-50-en-la-tarifa-electrica\\\/#primaryimage\"},\"thumbnailUrl\":\"http:\\\/\\\/www.isletasnoticias.com.ar\\\/%77%70%2d%63%6f%6e%74%65%6e%74\\\/uploads\\\/2016\\\/01\\\/o_1434680672.jpg\",\"articleSection\":[\"Entre R\u00edos\"],\"inLanguage\":\"es\",\"potentialAction\":[{\"@type\":\"CommentAction\",\"name\":\"Comment\",\"target\":[\"https:\\\/\\\/informelitoral.com.ar\\\/cooperativas-piden-aumento-del-50-en-la-tarifa-electrica\\\/#respond\"]}]},{\"@type\":\"WebPage\",\"@id\":\"https:\\\/\\\/informelitoral.com.ar\\\/cooperativas-piden-aumento-del-50-en-la-tarifa-electrica\\\/\",\"url\":\"https:\\\/\\\/informelitoral.com.ar\\\/cooperativas-piden-aumento-del-50-en-la-tarifa-electrica\\\/\",\"name\":\"Cooperativas piden aumento del 50 % en la tarifa el\u00e9ctrica - Informe Litoral\",\"isPartOf\":{\"@id\":\"https:\\\/\\\/informelitoral.com.ar\\\/#website\"},\"primaryImageOfPage\":{\"@id\":\"https:\\\/\\\/informelitoral.com.ar\\\/cooperativas-piden-aumento-del-50-en-la-tarifa-electrica\\\/#primaryimage\"},\"image\":{\"@id\":\"https:\\\/\\\/informelitoral.com.ar\\\/cooperativas-piden-aumento-del-50-en-la-tarifa-electrica\\\/#primaryimage\"},\"thumbnailUrl\":\"http:\\\/\\\/www.isletasnoticias.com.ar\\\/%77%70%2d%63%6f%6e%74%65%6e%74\\\/uploads\\\/2016\\\/01\\\/o_1434680672.jpg\",\"datePublished\":\"2016-01-05T12:04:03+00:00\",\"breadcrumb\":{\"@id\":\"https:\\\/\\\/informelitoral.com.ar\\\/cooperativas-piden-aumento-del-50-en-la-tarifa-electrica\\\/#breadcrumb\"},\"inLanguage\":\"es\",\"potentialAction\":[{\"@type\":\"ReadAction\",\"target\":[\"https:\\\/\\\/informelitoral.com.ar\\\/cooperativas-piden-aumento-del-50-en-la-tarifa-electrica\\\/\"]}]},{\"@type\":\"ImageObject\",\"inLanguage\":\"es\",\"@id\":\"https:\\\/\\\/informelitoral.com.ar\\\/cooperativas-piden-aumento-del-50-en-la-tarifa-electrica\\\/#primaryimage\",\"url\":\"http:\\\/\\\/www.isletasnoticias.com.ar\\\/%77%70%2d%63%6f%6e%74%65%6e%74\\\/uploads\\\/2016\\\/01\\\/o_1434680672.jpg\",\"contentUrl\":\"http:\\\/\\\/www.isletasnoticias.com.ar\\\/%77%70%2d%63%6f%6e%74%65%6e%74\\\/uploads\\\/2016\\\/01\\\/o_1434680672.jpg\"},{\"@type\":\"BreadcrumbList\",\"@id\":\"https:\\\/\\\/informelitoral.com.ar\\\/cooperativas-piden-aumento-del-50-en-la-tarifa-electrica\\\/#breadcrumb\",\"itemListElement\":[{\"@type\":\"ListItem\",\"position\":1,\"name\":\"Portada\",\"item\":\"https:\\\/\\\/informelitoral.com.ar\\\/\"},{\"@type\":\"ListItem\",\"position\":2,\"name\":\"Cooperativas piden aumento del 50 % en la tarifa el\u00e9ctrica\"}]},{\"@type\":\"WebSite\",\"@id\":\"https:\\\/\\\/informelitoral.com.ar\\\/#website\",\"url\":\"https:\\\/\\\/informelitoral.com.ar\\\/\",\"name\":\"Informe Litoral\",\"description\":\"&quot;Nos informamos&quot; \",\"publisher\":{\"@id\":\"https:\\\/\\\/informelitoral.com.ar\\\/#organization\"},\"potentialAction\":[{\"@type\":\"SearchAction\",\"target\":{\"@type\":\"EntryPoint\",\"urlTemplate\":\"https:\\\/\\\/informelitoral.com.ar\\\/?s={search_term_string}\"},\"query-input\":{\"@type\":\"PropertyValueSpecification\",\"valueRequired\":true,\"valueName\":\"search_term_string\"}}],\"inLanguage\":\"es\"},{\"@type\":\"Organization\",\"@id\":\"https:\\\/\\\/informelitoral.com.ar\\\/#organization\",\"name\":\"Informe Litoral\",\"url\":\"https:\\\/\\\/informelitoral.com.ar\\\/\",\"logo\":{\"@type\":\"ImageObject\",\"inLanguage\":\"es\",\"@id\":\"https:\\\/\\\/informelitoral.com.ar\\\/#\\\/schema\\\/logo\\\/image\\\/\",\"url\":\"https:\\\/\\\/informelitoral.com.ar\\\/%77%70%2d%63%6f%6e%74%65%6e%74\\\/uploads\\\/2021\\\/01\\\/circulo.png\",\"contentUrl\":\"https:\\\/\\\/informelitoral.com.ar\\\/%77%70%2d%63%6f%6e%74%65%6e%74\\\/uploads\\\/2021\\\/01\\\/circulo.png\",\"width\":723,\"height\":731,\"caption\":\"Informe Litoral\"},\"image\":{\"@id\":\"https:\\\/\\\/informelitoral.com.ar\\\/#\\\/schema\\\/logo\\\/image\\\/\"},\"sameAs\":[\"https:\\\/\\\/www.facebook.com\\\/informelitoral\\\/\",\"https:\\\/\\\/x.com\\\/InformeLitoral\",\"https:\\\/\\\/www.instagram.com\\\/informelitoral\\\/\",\"https:\\\/\\\/www.youtube.com\\\/channel\\\/UCua4Qvz8Icb6MYqhoq9xLXw\"]},{\"@type\":\"Person\",\"@id\":\"https:\\\/\\\/informelitoral.com.ar\\\/#\\\/schema\\\/person\\\/b9d00407c836482871ef1d57bf8e3180\",\"name\":\"Gonzalo Schmidt\",\"image\":{\"@type\":\"ImageObject\",\"inLanguage\":\"es\",\"@id\":\"https:\\\/\\\/secure.gravatar.com\\\/avatar\\\/31a1a7b66ff2de83bd0e9fd79d026630d2d99e55e8bfe501287647b4fd9743de?s=96&d=mm&r=g\",\"url\":\"https:\\\/\\\/secure.gravatar.com\\\/avatar\\\/31a1a7b66ff2de83bd0e9fd79d026630d2d99e55e8bfe501287647b4fd9743de?s=96&d=mm&r=g\",\"contentUrl\":\"https:\\\/\\\/secure.gravatar.com\\\/avatar\\\/31a1a7b66ff2de83bd0e9fd79d026630d2d99e55e8bfe501287647b4fd9743de?s=96&d=mm&r=g\",\"caption\":\"Gonzalo Schmidt\"},\"description\":\"Sitio web de noticias de la provincia de Entre R\u00edos, Argentina. Informaci\u00f3n y entretenimiento. Informe Litoral, nos informamos.\",\"sameAs\":[\"http:\\\/\\\/www.isletasnoticias.com.ar\"],\"url\":\"https:\\\/\\\/informelitoral.com.ar\\\/author\\\/gonzalo\\\/\"}]}<\/script>","yoast_head_json":{"title":"Cooperativas piden aumento del 50 % en la tarifa el\u00e9ctrica - Informe Litoral","robots":{"index":"index","follow":"follow","max-snippet":"max-snippet:-1","max-image-preview":"max-image-preview:large","max-video-preview":"max-video-preview:-1"},"canonical":"https:\/\/informelitoral.com.ar\/cooperativas-piden-aumento-del-50-en-la-tarifa-electrica\/","og_locale":"es_ES","og_type":"article","og_title":"Cooperativas piden aumento del 50 % en la tarifa el\u00e9ctrica - Informe Litoral","og_description":"El presidente de la empresa estatal de energ&iacute;a Enersa, Alfredo Muzachiodi, dijo que &laquo;es necesario&raquo; un incremento de la tarifa el&eacute;ctrica en la provincia para &laquo;mantener los niveles&raquo; del servicio. Las cooperativas pretenden 50%. Autoridades de Enersa y de las cooperativas el&eacute;ctricas entrerrianas coincidieron en que es necesario un ajuste de los precios que paga [&hellip;]","og_url":"https:\/\/informelitoral.com.ar\/cooperativas-piden-aumento-del-50-en-la-tarifa-electrica\/","og_site_name":"Informe Litoral","article_publisher":"https:\/\/www.facebook.com\/informelitoral\/","article_published_time":"2016-01-05T12:04:03+00:00","og_image":[{"width":800,"height":450,"url":"https:\/\/informelitoral.com.ar\/%77%70%2d%63%6f%6e%74%65%6e%74\/uploads\/2016\/01\/o_1434680672.jpg","type":"image\/jpeg"}],"author":"Gonzalo Schmidt","twitter_card":"summary_large_image","twitter_creator":"@InformeLitoral","twitter_site":"@InformeLitoral","twitter_misc":{"Escrito por":"Gonzalo Schmidt","Tiempo de lectura":"2 minutos"},"schema":{"@context":"https:\/\/schema.org","@graph":[{"@type":"Article","@id":"https:\/\/informelitoral.com.ar\/cooperativas-piden-aumento-del-50-en-la-tarifa-electrica\/#article","isPartOf":{"@id":"https:\/\/informelitoral.com.ar\/cooperativas-piden-aumento-del-50-en-la-tarifa-electrica\/"},"author":{"name":"Gonzalo Schmidt","@id":"https:\/\/informelitoral.com.ar\/#\/schema\/person\/b9d00407c836482871ef1d57bf8e3180"},"headline":"Cooperativas piden aumento del 50 % en la tarifa el\u00e9ctrica","datePublished":"2016-01-05T12:04:03+00:00","mainEntityOfPage":{"@id":"https:\/\/informelitoral.com.ar\/cooperativas-piden-aumento-del-50-en-la-tarifa-electrica\/"},"wordCount":454,"commentCount":0,"publisher":{"@id":"https:\/\/informelitoral.com.ar\/#organization"},"image":{"@id":"https:\/\/informelitoral.com.ar\/cooperativas-piden-aumento-del-50-en-la-tarifa-electrica\/#primaryimage"},"thumbnailUrl":"http:\/\/www.isletasnoticias.com.ar\/%77%70%2d%63%6f%6e%74%65%6e%74\/uploads\/2016\/01\/o_1434680672.jpg","articleSection":["Entre R\u00edos"],"inLanguage":"es","potentialAction":[{"@type":"CommentAction","name":"Comment","target":["https:\/\/informelitoral.com.ar\/cooperativas-piden-aumento-del-50-en-la-tarifa-electrica\/#respond"]}]},{"@type":"WebPage","@id":"https:\/\/informelitoral.com.ar\/cooperativas-piden-aumento-del-50-en-la-tarifa-electrica\/","url":"https:\/\/informelitoral.com.ar\/cooperativas-piden-aumento-del-50-en-la-tarifa-electrica\/","name":"Cooperativas piden aumento del 50 % en la tarifa el\u00e9ctrica - Informe Litoral","isPartOf":{"@id":"https:\/\/informelitoral.com.ar\/#website"},"primaryImageOfPage":{"@id":"https:\/\/informelitoral.com.ar\/cooperativas-piden-aumento-del-50-en-la-tarifa-electrica\/#primaryimage"},"image":{"@id":"https:\/\/informelitoral.com.ar\/cooperativas-piden-aumento-del-50-en-la-tarifa-electrica\/#primaryimage"},"thumbnailUrl":"http:\/\/www.isletasnoticias.com.ar\/%77%70%2d%63%6f%6e%74%65%6e%74\/uploads\/2016\/01\/o_1434680672.jpg","datePublished":"2016-01-05T12:04:03+00:00","breadcrumb":{"@id":"https:\/\/informelitoral.com.ar\/cooperativas-piden-aumento-del-50-en-la-tarifa-electrica\/#breadcrumb"},"inLanguage":"es","potentialAction":[{"@type":"ReadAction","target":["https:\/\/informelitoral.com.ar\/cooperativas-piden-aumento-del-50-en-la-tarifa-electrica\/"]}]},{"@type":"ImageObject","inLanguage":"es","@id":"https:\/\/informelitoral.com.ar\/cooperativas-piden-aumento-del-50-en-la-tarifa-electrica\/#primaryimage","url":"http:\/\/www.isletasnoticias.com.ar\/%77%70%2d%63%6f%6e%74%65%6e%74\/uploads\/2016\/01\/o_1434680672.jpg","contentUrl":"http:\/\/www.isletasnoticias.com.ar\/%77%70%2d%63%6f%6e%74%65%6e%74\/uploads\/2016\/01\/o_1434680672.jpg"},{"@type":"BreadcrumbList","@id":"https:\/\/informelitoral.com.ar\/cooperativas-piden-aumento-del-50-en-la-tarifa-electrica\/#breadcrumb","itemListElement":[{"@type":"ListItem","position":1,"name":"Portada","item":"https:\/\/informelitoral.com.ar\/"},{"@type":"ListItem","position":2,"name":"Cooperativas piden aumento del 50 % en la tarifa el\u00e9ctrica"}]},{"@type":"WebSite","@id":"https:\/\/informelitoral.com.ar\/#website","url":"https:\/\/informelitoral.com.ar\/","name":"Informe Litoral","description":"&quot;Nos informamos&quot; ","publisher":{"@id":"https:\/\/informelitoral.com.ar\/#organization"},"potentialAction":[{"@type":"SearchAction","target":{"@type":"EntryPoint","urlTemplate":"https:\/\/informelitoral.com.ar\/?s={search_term_string}"},"query-input":{"@type":"PropertyValueSpecification","valueRequired":true,"valueName":"search_term_string"}}],"inLanguage":"es"},{"@type":"Organization","@id":"https:\/\/informelitoral.com.ar\/#organization","name":"Informe Litoral","url":"https:\/\/informelitoral.com.ar\/","logo":{"@type":"ImageObject","inLanguage":"es","@id":"https:\/\/informelitoral.com.ar\/#\/schema\/logo\/image\/","url":"https:\/\/informelitoral.com.ar\/%77%70%2d%63%6f%6e%74%65%6e%74\/uploads\/2021\/01\/circulo.png","contentUrl":"https:\/\/informelitoral.com.ar\/%77%70%2d%63%6f%6e%74%65%6e%74\/uploads\/2021\/01\/circulo.png","width":723,"height":731,"caption":"Informe Litoral"},"image":{"@id":"https:\/\/informelitoral.com.ar\/#\/schema\/logo\/image\/"},"sameAs":["https:\/\/www.facebook.com\/informelitoral\/","https:\/\/x.com\/InformeLitoral","https:\/\/www.instagram.com\/informelitoral\/","https:\/\/www.youtube.com\/channel\/UCua4Qvz8Icb6MYqhoq9xLXw"]},{"@type":"Person","@id":"https:\/\/informelitoral.com.ar\/#\/schema\/person\/b9d00407c836482871ef1d57bf8e3180","name":"Gonzalo Schmidt","image":{"@type":"ImageObject","inLanguage":"es","@id":"https:\/\/secure.gravatar.com\/avatar\/31a1a7b66ff2de83bd0e9fd79d026630d2d99e55e8bfe501287647b4fd9743de?s=96&d=mm&r=g","url":"https:\/\/secure.gravatar.com\/avatar\/31a1a7b66ff2de83bd0e9fd79d026630d2d99e55e8bfe501287647b4fd9743de?s=96&d=mm&r=g","contentUrl":"https:\/\/secure.gravatar.com\/avatar\/31a1a7b66ff2de83bd0e9fd79d026630d2d99e55e8bfe501287647b4fd9743de?s=96&d=mm&r=g","caption":"Gonzalo Schmidt"},"description":"Sitio web de noticias de la provincia de Entre R\u00edos, Argentina. Informaci\u00f3n y entretenimiento. Informe Litoral, nos informamos.","sameAs":["http:\/\/www.isletasnoticias.com.ar"],"url":"https:\/\/informelitoral.com.ar\/author\/gonzalo\/"}]}},"_links":{"self":[{"href":"https:\/\/informelitoral.com.ar\/%77%70%2d%6a%73%6f%6e\/wp\/v2\/posts\/13197","targetHints":{"allow":["GET"]}}],"collection":[{"href":"https:\/\/informelitoral.com.ar\/%77%70%2d%6a%73%6f%6e\/wp\/v2\/posts"}],"about":[{"href":"https:\/\/informelitoral.com.ar\/%77%70%2d%6a%73%6f%6e\/wp\/v2\/types\/post"}],"author":[{"embeddable":true,"href":"https:\/\/informelitoral.com.ar\/%77%70%2d%6a%73%6f%6e\/wp\/v2\/users\/2"}],"replies":[{"embeddable":true,"href":"https:\/\/informelitoral.com.ar\/%77%70%2d%6a%73%6f%6e\/wp\/v2\/comments?post=13197"}],"version-history":[{"count":0,"href":"https:\/\/informelitoral.com.ar\/%77%70%2d%6a%73%6f%6e\/wp\/v2\/posts\/13197\/revisions"}],"wp:attachment":[{"href":"https:\/\/informelitoral.com.ar\/%77%70%2d%6a%73%6f%6e\/wp\/v2\/media?parent=13197"}],"wp:term":[{"taxonomy":"category","embeddable":true,"href":"https:\/\/informelitoral.com.ar\/%77%70%2d%6a%73%6f%6e\/wp\/v2\/categories?post=13197"},{"taxonomy":"post_tag","embeddable":true,"href":"https:\/\/informelitoral.com.ar\/%77%70%2d%6a%73%6f%6e\/wp\/v2\/tags?post=13197"}],"curies":[{"name":"wp","href":"https:\/\/api.w.org\/{rel}","templated":true}]}}