{"id":13193,"date":"2016-01-05T08:54:47","date_gmt":"2016-01-05T11:54:47","guid":{"rendered":"http:\/\/www.isletasnoticias.com.ar\/?p=13193"},"modified":"2016-01-05T08:56:41","modified_gmt":"2016-01-05T11:56:41","slug":"ramirez-en-2016-el-programa-radial-de-la-colectividad-alemana-tendra-nuevos-integrantes","status":"publish","type":"post","link":"https:\/\/informelitoral.com.ar\/ramirez-en-2016-el-programa-radial-de-la-colectividad-alemana-tendra-nuevos-integrantes\/","title":{"rendered":"Ram\u00edrez: en 2016 el programa radial de la Colectividad Alemana tendr\u00e1 nuevos integrantes"},"content":{"rendered":"<p><strong>Luego de conducirlo m\u00e1s de dos a\u00f1os, <em>Gonzalo Schmidt<\/em> dej\u00f3 el ciclo radial el domingo 27 de diciembre. No se descarta la vuelta de un ex conductor y por el momento, est\u00e1 en duda la continuidad de <em>C\u00e9sar Erhardt. <\/em>El particular pedido al aire al presidente de la Colectividad.\u00a0<\/strong><\/p>\n<figure id=\"attachment_13194\" aria-describedby=\"caption-attachment-13194\" style=\"width: 960px\" class=\"wp-caption aligncenter\"><a href=\"http:\/\/www.isletasnoticias.com.ar\/%77%70%2d%63%6f%6e%74%65%6e%74\/uploads\/2016\/01\/12508706_755773821232989_354276964103116880_n.jpg\"><img loading=\"lazy\" decoding=\"async\" class=\"wp-image-13194 size-full\" src=\"http:\/\/www.isletasnoticias.com.ar\/%77%70%2d%63%6f%6e%74%65%6e%74\/uploads\/2016\/01\/12508706_755773821232989_354276964103116880_n.jpg\" alt=\"12508706_755773821232989_354276964103116880_n\" width=\"960\" height=\"720\" srcset=\"https:\/\/informelitoral.com.ar\/%77%70%2d%63%6f%6e%74%65%6e%74\/uploads\/2016\/01\/12508706_755773821232989_354276964103116880_n.jpg 960w, https:\/\/informelitoral.com.ar\/%77%70%2d%63%6f%6e%74%65%6e%74\/uploads\/2016\/01\/12508706_755773821232989_354276964103116880_n-300x225.jpg 300w\" sizes=\"auto, (max-width: 960px) 100vw, 960px\" \/><\/a><figcaption id=\"caption-attachment-13194\" class=\"wp-caption-text\"><em>El presidente de la Colectividad Alemana, entrega un obsequio al conductor saliente<\/em><\/figcaption><\/figure>\n<p>El domingo 27 de diciembre, tal como se ven\u00eda anunciando, <strong>Gonzalo Schmidt<\/strong>, dej\u00f3 la conducci\u00f3n del programa radial de la Colectividad Alemana de General Ram\u00edrez, tras estar al frente del ciclo durante algo m\u00e1s de dos a\u00f1os. Seg\u00fan explic\u00f3, los motivos de la decisi\u00f3n se debieron b\u00e1sicamente \u00abpara tener un d\u00eda libre en la semana\u00bb.<\/p>\n<p>Es por ello, que ahora buscan un reemplazante para el ciclo radial que se emite los domingos de 10.30 a 13.00 por FM Eco 100.3 y es uno de los m\u00e1s escuchados de la emisora ramirense.<\/p>\n<p>Por el momento, el nombre que m\u00e1s suena es el del ex conductor, <strong>Ariel Hayman<\/strong>, aunque no est\u00e1 confirmado. Tampoco se sabe sobre la continuidad de <strong>C\u00e9sar Erhardt<\/strong>, que seg\u00fan pudo conocer <em><strong>IN<\/strong><\/em>, tambi\u00e9n podr\u00eda dejar su lugar para que se conforme un nuevo equipo. Todo se ver\u00e1 el domingo 7 de febrero, d\u00eda en que deber\u00eda volver al aire el programa.<\/p>\n<p><strong>El pedido del ex conductor<\/strong><\/p>\n<p>Tras recibir un obsequio por parte del presidente de la Colectividad, <strong>H\u00e9ctor \u00abPuia\u00bb Hayman<\/strong> y agradecer a la misma, a los oyentes y auspiciantes, Schimidt le hizo un particular pedido al aire: le solicit\u00f3 que quien se haga cargo del programa \u00abcuide la casa. Desde los elementos de trabajo hasta lo que sale al aire, porque a la radio la sentimos como nuestra y la cuidamos entre todos\u00bb. Ante ello, Hayman respondi\u00f3 que \u00absiempre se elige al conductor mediante consenso con el director\u00bb de la emisora de la calle Eva Per\u00f3n. <em>(IN)<\/em><\/p>\n","protected":false},"excerpt":{"rendered":"<p>Luego de conducirlo m&aacute;s de dos a&ntilde;os, Gonzalo Schmidt dej&oacute; el ciclo radial el domingo 27 de diciembre. No se descarta la vuelta de un ex conductor y por el momento, est&aacute; en duda la continuidad de C&eacute;sar Erhardt. El particular pedido al aire al presidente de la Colectividad.&nbsp; El domingo 27 de diciembre, tal [&hellip;]<\/p>\n","protected":false},"author":2,"featured_media":0,"comment_status":"open","ping_status":"open","sticky":false,"template":"","format":"standard","meta":{"fifu_image_url":"","fifu_image_alt":"","footnotes":""},"categories":[5,9],"tags":[],"class_list":{"0":"post-13193","1":"post","2":"type-post","3":"status-publish","4":"format-standard","6":"category-zonales","7":"category-sociedad"},"yoast_head":"<title>Ram\u00edrez: en 2016 el programa radial de la Colectividad Alemana tendr\u00e1 nuevos integrantes - Informe Litoral<\/title>\n<meta name=\"robots\" content=\"index, follow, max-snippet:-1, max-image-preview:large, max-video-preview:-1\" \/>\n<link rel=\"canonical\" href=\"https:\/\/informelitoral.com.ar\/ramirez-en-2016-el-programa-radial-de-la-colectividad-alemana-tendra-nuevos-integrantes\/\" \/>\n<meta property=\"og:locale\" content=\"es_ES\" \/>\n<meta property=\"og:type\" content=\"article\" \/>\n<meta property=\"og:title\" content=\"Ram\u00edrez: en 2016 el programa radial de la Colectividad Alemana tendr\u00e1 nuevos integrantes - Informe Litoral\" \/>\n<meta property=\"og:description\" content=\"Luego de conducirlo m&aacute;s de dos a&ntilde;os, Gonzalo Schmidt dej&oacute; el ciclo radial el domingo 27 de diciembre. No se descarta la vuelta de un ex conductor y por el momento, est&aacute; en duda la continuidad de C&eacute;sar Erhardt. El particular pedido al aire al presidente de la Colectividad.&nbsp; El domingo 27 de diciembre, tal [&hellip;]\" \/>\n<meta property=\"og:url\" content=\"https:\/\/informelitoral.com.ar\/ramirez-en-2016-el-programa-radial-de-la-colectividad-alemana-tendra-nuevos-integrantes\/\" \/>\n<meta property=\"og:site_name\" content=\"Informe Litoral\" \/>\n<meta property=\"article:publisher\" content=\"https:\/\/www.facebook.com\/informelitoral\/\" \/>\n<meta property=\"article:published_time\" content=\"2016-01-05T11:54:47+00:00\" \/>\n<meta property=\"article:modified_time\" content=\"2016-01-05T11:56:41+00:00\" \/>\n<meta property=\"og:image\" content=\"https:\/\/informelitoral.com.ar\/%77%70%2d%63%6f%6e%74%65%6e%74\/uploads\/2016\/01\/12508706_755773821232989_354276964103116880_n.jpg\" \/>\n\t<meta property=\"og:image:width\" content=\"960\" \/>\n\t<meta property=\"og:image:height\" content=\"720\" \/>\n\t<meta property=\"og:image:type\" content=\"image\/jpeg\" \/>\n<meta name=\"author\" content=\"Gonzalo Schmidt\" \/>\n<meta name=\"twitter:card\" content=\"summary_large_image\" \/>\n<meta name=\"twitter:creator\" content=\"@InformeLitoral\" \/>\n<meta name=\"twitter:site\" content=\"@InformeLitoral\" \/>\n<meta name=\"twitter:label1\" content=\"Escrito por\" \/>\n\t<meta name=\"twitter:data1\" content=\"Gonzalo Schmidt\" \/>\n\t<meta name=\"twitter:label2\" content=\"Tiempo de lectura\" \/>\n\t<meta name=\"twitter:data2\" content=\"2 minutos\" \/>\n<script type=\"application\/ld+json\" class=\"yoast-schema-graph\">{\"@context\":\"https:\\\/\\\/schema.org\",\"@graph\":[{\"@type\":\"Article\",\"@id\":\"https:\\\/\\\/informelitoral.com.ar\\\/ramirez-en-2016-el-programa-radial-de-la-colectividad-alemana-tendra-nuevos-integrantes\\\/#article\",\"isPartOf\":{\"@id\":\"https:\\\/\\\/informelitoral.com.ar\\\/ramirez-en-2016-el-programa-radial-de-la-colectividad-alemana-tendra-nuevos-integrantes\\\/\"},\"author\":{\"name\":\"Gonzalo Schmidt\",\"@id\":\"https:\\\/\\\/informelitoral.com.ar\\\/#\\\/schema\\\/person\\\/b9d00407c836482871ef1d57bf8e3180\"},\"headline\":\"Ram\u00edrez: en 2016 el programa radial de la Colectividad Alemana tendr\u00e1 nuevos integrantes\",\"datePublished\":\"2016-01-05T11:54:47+00:00\",\"dateModified\":\"2016-01-05T11:56:41+00:00\",\"mainEntityOfPage\":{\"@id\":\"https:\\\/\\\/informelitoral.com.ar\\\/ramirez-en-2016-el-programa-radial-de-la-colectividad-alemana-tendra-nuevos-integrantes\\\/\"},\"wordCount\":347,\"commentCount\":0,\"publisher\":{\"@id\":\"https:\\\/\\\/informelitoral.com.ar\\\/#organization\"},\"image\":{\"@id\":\"https:\\\/\\\/informelitoral.com.ar\\\/ramirez-en-2016-el-programa-radial-de-la-colectividad-alemana-tendra-nuevos-integrantes\\\/#primaryimage\"},\"thumbnailUrl\":\"http:\\\/\\\/www.isletasnoticias.com.ar\\\/%77%70%2d%63%6f%6e%74%65%6e%74\\\/uploads\\\/2016\\\/01\\\/12508706_755773821232989_354276964103116880_n.jpg\",\"articleSection\":[\"Departamento Diamante\",\"Sociedad\"],\"inLanguage\":\"es\",\"potentialAction\":[{\"@type\":\"CommentAction\",\"name\":\"Comment\",\"target\":[\"https:\\\/\\\/informelitoral.com.ar\\\/ramirez-en-2016-el-programa-radial-de-la-colectividad-alemana-tendra-nuevos-integrantes\\\/#respond\"]}]},{\"@type\":\"WebPage\",\"@id\":\"https:\\\/\\\/informelitoral.com.ar\\\/ramirez-en-2016-el-programa-radial-de-la-colectividad-alemana-tendra-nuevos-integrantes\\\/\",\"url\":\"https:\\\/\\\/informelitoral.com.ar\\\/ramirez-en-2016-el-programa-radial-de-la-colectividad-alemana-tendra-nuevos-integrantes\\\/\",\"name\":\"Ram\u00edrez: en 2016 el programa radial de la Colectividad Alemana tendr\u00e1 nuevos integrantes - Informe Litoral\",\"isPartOf\":{\"@id\":\"https:\\\/\\\/informelitoral.com.ar\\\/#website\"},\"primaryImageOfPage\":{\"@id\":\"https:\\\/\\\/informelitoral.com.ar\\\/ramirez-en-2016-el-programa-radial-de-la-colectividad-alemana-tendra-nuevos-integrantes\\\/#primaryimage\"},\"image\":{\"@id\":\"https:\\\/\\\/informelitoral.com.ar\\\/ramirez-en-2016-el-programa-radial-de-la-colectividad-alemana-tendra-nuevos-integrantes\\\/#primaryimage\"},\"thumbnailUrl\":\"http:\\\/\\\/www.isletasnoticias.com.ar\\\/%77%70%2d%63%6f%6e%74%65%6e%74\\\/uploads\\\/2016\\\/01\\\/12508706_755773821232989_354276964103116880_n.jpg\",\"datePublished\":\"2016-01-05T11:54:47+00:00\",\"dateModified\":\"2016-01-05T11:56:41+00:00\",\"breadcrumb\":{\"@id\":\"https:\\\/\\\/informelitoral.com.ar\\\/ramirez-en-2016-el-programa-radial-de-la-colectividad-alemana-tendra-nuevos-integrantes\\\/#breadcrumb\"},\"inLanguage\":\"es\",\"potentialAction\":[{\"@type\":\"ReadAction\",\"target\":[\"https:\\\/\\\/informelitoral.com.ar\\\/ramirez-en-2016-el-programa-radial-de-la-colectividad-alemana-tendra-nuevos-integrantes\\\/\"]}]},{\"@type\":\"ImageObject\",\"inLanguage\":\"es\",\"@id\":\"https:\\\/\\\/informelitoral.com.ar\\\/ramirez-en-2016-el-programa-radial-de-la-colectividad-alemana-tendra-nuevos-integrantes\\\/#primaryimage\",\"url\":\"http:\\\/\\\/www.isletasnoticias.com.ar\\\/%77%70%2d%63%6f%6e%74%65%6e%74\\\/uploads\\\/2016\\\/01\\\/12508706_755773821232989_354276964103116880_n.jpg\",\"contentUrl\":\"http:\\\/\\\/www.isletasnoticias.com.ar\\\/%77%70%2d%63%6f%6e%74%65%6e%74\\\/uploads\\\/2016\\\/01\\\/12508706_755773821232989_354276964103116880_n.jpg\"},{\"@type\":\"BreadcrumbList\",\"@id\":\"https:\\\/\\\/informelitoral.com.ar\\\/ramirez-en-2016-el-programa-radial-de-la-colectividad-alemana-tendra-nuevos-integrantes\\\/#breadcrumb\",\"itemListElement\":[{\"@type\":\"ListItem\",\"position\":1,\"name\":\"Portada\",\"item\":\"https:\\\/\\\/informelitoral.com.ar\\\/\"},{\"@type\":\"ListItem\",\"position\":2,\"name\":\"Ram\u00edrez: en 2016 el programa radial de la Colectividad Alemana tendr\u00e1 nuevos integrantes\"}]},{\"@type\":\"WebSite\",\"@id\":\"https:\\\/\\\/informelitoral.com.ar\\\/#website\",\"url\":\"https:\\\/\\\/informelitoral.com.ar\\\/\",\"name\":\"Informe Litoral\",\"description\":\"&quot;Nos informamos&quot; \",\"publisher\":{\"@id\":\"https:\\\/\\\/informelitoral.com.ar\\\/#organization\"},\"potentialAction\":[{\"@type\":\"SearchAction\",\"target\":{\"@type\":\"EntryPoint\",\"urlTemplate\":\"https:\\\/\\\/informelitoral.com.ar\\\/?s={search_term_string}\"},\"query-input\":{\"@type\":\"PropertyValueSpecification\",\"valueRequired\":true,\"valueName\":\"search_term_string\"}}],\"inLanguage\":\"es\"},{\"@type\":\"Organization\",\"@id\":\"https:\\\/\\\/informelitoral.com.ar\\\/#organization\",\"name\":\"Informe Litoral\",\"url\":\"https:\\\/\\\/informelitoral.com.ar\\\/\",\"logo\":{\"@type\":\"ImageObject\",\"inLanguage\":\"es\",\"@id\":\"https:\\\/\\\/informelitoral.com.ar\\\/#\\\/schema\\\/logo\\\/image\\\/\",\"url\":\"https:\\\/\\\/informelitoral.com.ar\\\/%77%70%2d%63%6f%6e%74%65%6e%74\\\/uploads\\\/2021\\\/01\\\/circulo.png\",\"contentUrl\":\"https:\\\/\\\/informelitoral.com.ar\\\/%77%70%2d%63%6f%6e%74%65%6e%74\\\/uploads\\\/2021\\\/01\\\/circulo.png\",\"width\":723,\"height\":731,\"caption\":\"Informe Litoral\"},\"image\":{\"@id\":\"https:\\\/\\\/informelitoral.com.ar\\\/#\\\/schema\\\/logo\\\/image\\\/\"},\"sameAs\":[\"https:\\\/\\\/www.facebook.com\\\/informelitoral\\\/\",\"https:\\\/\\\/x.com\\\/InformeLitoral\",\"https:\\\/\\\/www.instagram.com\\\/informelitoral\\\/\",\"https:\\\/\\\/www.youtube.com\\\/channel\\\/UCua4Qvz8Icb6MYqhoq9xLXw\"]},{\"@type\":\"Person\",\"@id\":\"https:\\\/\\\/informelitoral.com.ar\\\/#\\\/schema\\\/person\\\/b9d00407c836482871ef1d57bf8e3180\",\"name\":\"Gonzalo Schmidt\",\"image\":{\"@type\":\"ImageObject\",\"inLanguage\":\"es\",\"@id\":\"https:\\\/\\\/secure.gravatar.com\\\/avatar\\\/31a1a7b66ff2de83bd0e9fd79d026630d2d99e55e8bfe501287647b4fd9743de?s=96&d=mm&r=g\",\"url\":\"https:\\\/\\\/secure.gravatar.com\\\/avatar\\\/31a1a7b66ff2de83bd0e9fd79d026630d2d99e55e8bfe501287647b4fd9743de?s=96&d=mm&r=g\",\"contentUrl\":\"https:\\\/\\\/secure.gravatar.com\\\/avatar\\\/31a1a7b66ff2de83bd0e9fd79d026630d2d99e55e8bfe501287647b4fd9743de?s=96&d=mm&r=g\",\"caption\":\"Gonzalo Schmidt\"},\"description\":\"Sitio web de noticias de la provincia de Entre R\u00edos, Argentina. Informaci\u00f3n y entretenimiento. Informe Litoral, nos informamos.\",\"sameAs\":[\"http:\\\/\\\/www.isletasnoticias.com.ar\"],\"url\":\"https:\\\/\\\/informelitoral.com.ar\\\/author\\\/gonzalo\\\/\"}]}<\/script>","yoast_head_json":{"title":"Ram\u00edrez: en 2016 el programa radial de la Colectividad Alemana tendr\u00e1 nuevos integrantes - Informe Litoral","robots":{"index":"index","follow":"follow","max-snippet":"max-snippet:-1","max-image-preview":"max-image-preview:large","max-video-preview":"max-video-preview:-1"},"canonical":"https:\/\/informelitoral.com.ar\/ramirez-en-2016-el-programa-radial-de-la-colectividad-alemana-tendra-nuevos-integrantes\/","og_locale":"es_ES","og_type":"article","og_title":"Ram\u00edrez: en 2016 el programa radial de la Colectividad Alemana tendr\u00e1 nuevos integrantes - Informe Litoral","og_description":"Luego de conducirlo m&aacute;s de dos a&ntilde;os, Gonzalo Schmidt dej&oacute; el ciclo radial el domingo 27 de diciembre. No se descarta la vuelta de un ex conductor y por el momento, est&aacute; en duda la continuidad de C&eacute;sar Erhardt. El particular pedido al aire al presidente de la Colectividad.&nbsp; El domingo 27 de diciembre, tal [&hellip;]","og_url":"https:\/\/informelitoral.com.ar\/ramirez-en-2016-el-programa-radial-de-la-colectividad-alemana-tendra-nuevos-integrantes\/","og_site_name":"Informe Litoral","article_publisher":"https:\/\/www.facebook.com\/informelitoral\/","article_published_time":"2016-01-05T11:54:47+00:00","article_modified_time":"2016-01-05T11:56:41+00:00","og_image":[{"width":960,"height":720,"url":"https:\/\/informelitoral.com.ar\/%77%70%2d%63%6f%6e%74%65%6e%74\/uploads\/2016\/01\/12508706_755773821232989_354276964103116880_n.jpg","type":"image\/jpeg"}],"author":"Gonzalo Schmidt","twitter_card":"summary_large_image","twitter_creator":"@InformeLitoral","twitter_site":"@InformeLitoral","twitter_misc":{"Escrito por":"Gonzalo Schmidt","Tiempo de lectura":"2 minutos"},"schema":{"@context":"https:\/\/schema.org","@graph":[{"@type":"Article","@id":"https:\/\/informelitoral.com.ar\/ramirez-en-2016-el-programa-radial-de-la-colectividad-alemana-tendra-nuevos-integrantes\/#article","isPartOf":{"@id":"https:\/\/informelitoral.com.ar\/ramirez-en-2016-el-programa-radial-de-la-colectividad-alemana-tendra-nuevos-integrantes\/"},"author":{"name":"Gonzalo Schmidt","@id":"https:\/\/informelitoral.com.ar\/#\/schema\/person\/b9d00407c836482871ef1d57bf8e3180"},"headline":"Ram\u00edrez: en 2016 el programa radial de la Colectividad Alemana tendr\u00e1 nuevos integrantes","datePublished":"2016-01-05T11:54:47+00:00","dateModified":"2016-01-05T11:56:41+00:00","mainEntityOfPage":{"@id":"https:\/\/informelitoral.com.ar\/ramirez-en-2016-el-programa-radial-de-la-colectividad-alemana-tendra-nuevos-integrantes\/"},"wordCount":347,"commentCount":0,"publisher":{"@id":"https:\/\/informelitoral.com.ar\/#organization"},"image":{"@id":"https:\/\/informelitoral.com.ar\/ramirez-en-2016-el-programa-radial-de-la-colectividad-alemana-tendra-nuevos-integrantes\/#primaryimage"},"thumbnailUrl":"http:\/\/www.isletasnoticias.com.ar\/%77%70%2d%63%6f%6e%74%65%6e%74\/uploads\/2016\/01\/12508706_755773821232989_354276964103116880_n.jpg","articleSection":["Departamento Diamante","Sociedad"],"inLanguage":"es","potentialAction":[{"@type":"CommentAction","name":"Comment","target":["https:\/\/informelitoral.com.ar\/ramirez-en-2016-el-programa-radial-de-la-colectividad-alemana-tendra-nuevos-integrantes\/#respond"]}]},{"@type":"WebPage","@id":"https:\/\/informelitoral.com.ar\/ramirez-en-2016-el-programa-radial-de-la-colectividad-alemana-tendra-nuevos-integrantes\/","url":"https:\/\/informelitoral.com.ar\/ramirez-en-2016-el-programa-radial-de-la-colectividad-alemana-tendra-nuevos-integrantes\/","name":"Ram\u00edrez: en 2016 el programa radial de la Colectividad Alemana tendr\u00e1 nuevos integrantes - Informe Litoral","isPartOf":{"@id":"https:\/\/informelitoral.com.ar\/#website"},"primaryImageOfPage":{"@id":"https:\/\/informelitoral.com.ar\/ramirez-en-2016-el-programa-radial-de-la-colectividad-alemana-tendra-nuevos-integrantes\/#primaryimage"},"image":{"@id":"https:\/\/informelitoral.com.ar\/ramirez-en-2016-el-programa-radial-de-la-colectividad-alemana-tendra-nuevos-integrantes\/#primaryimage"},"thumbnailUrl":"http:\/\/www.isletasnoticias.com.ar\/%77%70%2d%63%6f%6e%74%65%6e%74\/uploads\/2016\/01\/12508706_755773821232989_354276964103116880_n.jpg","datePublished":"2016-01-05T11:54:47+00:00","dateModified":"2016-01-05T11:56:41+00:00","breadcrumb":{"@id":"https:\/\/informelitoral.com.ar\/ramirez-en-2016-el-programa-radial-de-la-colectividad-alemana-tendra-nuevos-integrantes\/#breadcrumb"},"inLanguage":"es","potentialAction":[{"@type":"ReadAction","target":["https:\/\/informelitoral.com.ar\/ramirez-en-2016-el-programa-radial-de-la-colectividad-alemana-tendra-nuevos-integrantes\/"]}]},{"@type":"ImageObject","inLanguage":"es","@id":"https:\/\/informelitoral.com.ar\/ramirez-en-2016-el-programa-radial-de-la-colectividad-alemana-tendra-nuevos-integrantes\/#primaryimage","url":"http:\/\/www.isletasnoticias.com.ar\/%77%70%2d%63%6f%6e%74%65%6e%74\/uploads\/2016\/01\/12508706_755773821232989_354276964103116880_n.jpg","contentUrl":"http:\/\/www.isletasnoticias.com.ar\/%77%70%2d%63%6f%6e%74%65%6e%74\/uploads\/2016\/01\/12508706_755773821232989_354276964103116880_n.jpg"},{"@type":"BreadcrumbList","@id":"https:\/\/informelitoral.com.ar\/ramirez-en-2016-el-programa-radial-de-la-colectividad-alemana-tendra-nuevos-integrantes\/#breadcrumb","itemListElement":[{"@type":"ListItem","position":1,"name":"Portada","item":"https:\/\/informelitoral.com.ar\/"},{"@type":"ListItem","position":2,"name":"Ram\u00edrez: en 2016 el programa radial de la Colectividad Alemana tendr\u00e1 nuevos integrantes"}]},{"@type":"WebSite","@id":"https:\/\/informelitoral.com.ar\/#website","url":"https:\/\/informelitoral.com.ar\/","name":"Informe Litoral","description":"&quot;Nos informamos&quot; ","publisher":{"@id":"https:\/\/informelitoral.com.ar\/#organization"},"potentialAction":[{"@type":"SearchAction","target":{"@type":"EntryPoint","urlTemplate":"https:\/\/informelitoral.com.ar\/?s={search_term_string}"},"query-input":{"@type":"PropertyValueSpecification","valueRequired":true,"valueName":"search_term_string"}}],"inLanguage":"es"},{"@type":"Organization","@id":"https:\/\/informelitoral.com.ar\/#organization","name":"Informe Litoral","url":"https:\/\/informelitoral.com.ar\/","logo":{"@type":"ImageObject","inLanguage":"es","@id":"https:\/\/informelitoral.com.ar\/#\/schema\/logo\/image\/","url":"https:\/\/informelitoral.com.ar\/%77%70%2d%63%6f%6e%74%65%6e%74\/uploads\/2021\/01\/circulo.png","contentUrl":"https:\/\/informelitoral.com.ar\/%77%70%2d%63%6f%6e%74%65%6e%74\/uploads\/2021\/01\/circulo.png","width":723,"height":731,"caption":"Informe Litoral"},"image":{"@id":"https:\/\/informelitoral.com.ar\/#\/schema\/logo\/image\/"},"sameAs":["https:\/\/www.facebook.com\/informelitoral\/","https:\/\/x.com\/InformeLitoral","https:\/\/www.instagram.com\/informelitoral\/","https:\/\/www.youtube.com\/channel\/UCua4Qvz8Icb6MYqhoq9xLXw"]},{"@type":"Person","@id":"https:\/\/informelitoral.com.ar\/#\/schema\/person\/b9d00407c836482871ef1d57bf8e3180","name":"Gonzalo Schmidt","image":{"@type":"ImageObject","inLanguage":"es","@id":"https:\/\/secure.gravatar.com\/avatar\/31a1a7b66ff2de83bd0e9fd79d026630d2d99e55e8bfe501287647b4fd9743de?s=96&d=mm&r=g","url":"https:\/\/secure.gravatar.com\/avatar\/31a1a7b66ff2de83bd0e9fd79d026630d2d99e55e8bfe501287647b4fd9743de?s=96&d=mm&r=g","contentUrl":"https:\/\/secure.gravatar.com\/avatar\/31a1a7b66ff2de83bd0e9fd79d026630d2d99e55e8bfe501287647b4fd9743de?s=96&d=mm&r=g","caption":"Gonzalo Schmidt"},"description":"Sitio web de noticias de la provincia de Entre R\u00edos, Argentina. Informaci\u00f3n y entretenimiento. Informe Litoral, nos informamos.","sameAs":["http:\/\/www.isletasnoticias.com.ar"],"url":"https:\/\/informelitoral.com.ar\/author\/gonzalo\/"}]}},"_links":{"self":[{"href":"https:\/\/informelitoral.com.ar\/%77%70%2d%6a%73%6f%6e\/wp\/v2\/posts\/13193","targetHints":{"allow":["GET"]}}],"collection":[{"href":"https:\/\/informelitoral.com.ar\/%77%70%2d%6a%73%6f%6e\/wp\/v2\/posts"}],"about":[{"href":"https:\/\/informelitoral.com.ar\/%77%70%2d%6a%73%6f%6e\/wp\/v2\/types\/post"}],"author":[{"embeddable":true,"href":"https:\/\/informelitoral.com.ar\/%77%70%2d%6a%73%6f%6e\/wp\/v2\/users\/2"}],"replies":[{"embeddable":true,"href":"https:\/\/informelitoral.com.ar\/%77%70%2d%6a%73%6f%6e\/wp\/v2\/comments?post=13193"}],"version-history":[{"count":0,"href":"https:\/\/informelitoral.com.ar\/%77%70%2d%6a%73%6f%6e\/wp\/v2\/posts\/13193\/revisions"}],"wp:attachment":[{"href":"https:\/\/informelitoral.com.ar\/%77%70%2d%6a%73%6f%6e\/wp\/v2\/media?parent=13193"}],"wp:term":[{"taxonomy":"category","embeddable":true,"href":"https:\/\/informelitoral.com.ar\/%77%70%2d%6a%73%6f%6e\/wp\/v2\/categories?post=13193"},{"taxonomy":"post_tag","embeddable":true,"href":"https:\/\/informelitoral.com.ar\/%77%70%2d%6a%73%6f%6e\/wp\/v2\/tags?post=13193"}],"curies":[{"name":"wp","href":"https:\/\/api.w.org\/{rel}","templated":true}]}}