{"id":131382,"date":"2023-03-27T06:24:44","date_gmt":"2023-03-27T09:24:44","guid":{"rendered":"https:\/\/www.informelitoral.com.ar\/?p=131382"},"modified":"2023-03-27T07:28:04","modified_gmt":"2023-03-27T10:28:04","slug":"mauricio-macri-anuncio-que-no-sera-candidato-en-las-proximas-elecciones","status":"publish","type":"post","link":"https:\/\/informelitoral.com.ar\/mauricio-macri-anuncio-que-no-sera-candidato-en-las-proximas-elecciones\/","title":{"rendered":"Mauricio Macri anunci\u00f3 que no ser\u00e1 candidato en las pr\u00f3ximas elecciones"},"content":{"rendered":"<p class=\"paragraph\" data-mrf-recirculation=\"Links inline\">El ex presidente\u00a0<b>Mauricio Macri<\/b>\u00a0afirm\u00f3 que no ser\u00e1 candidato en las pr\u00f3ximas elecciones nacionales. \u201cLo hago convencido de que\u00a0<b>hay que agrandar el espacio pol\u00edtico<\/b>\u00a0que iniciamos\u201d, afirm\u00f3 en un video publicado esta ma\u00f1ana en las redes sociales.<\/p>\n<p class=\"paragraph\" data-mrf-recirculation=\"Links inline\"><b>\u201cConf\u00edo en que van a elegir al que mejor nos represente\u201d,\u00a0<\/b>dijo, tras lo cual advirti\u00f3: \u201cNunca m\u00e1s vamos a tener una marioneta que nos represente\u201d.<\/p>\n<p class=\"paragraph\" data-mrf-recirculation=\"Links inline\">La noticia sorprendi\u00f3 e impact\u00f3 en todo el mundo pol\u00edtico. Macri\u00a0<b>no adelant\u00f3\u00a0<\/b>su anuncio en la fiesta de casamiento de\u00a0<b>Mar\u00eda Eugenia Vidal,<\/b>\u00a0que se hizo anoche en San Antonio de Areco. Su decisi\u00f3n\u00a0<b>permitir\u00e1 ordenar la interna del PRO,<\/b>\u00a0trabada por la sensaci\u00f3n de que pod\u00eda postularse y competir en las PASO con Horacio Rodr\u00edguez Larreta y Patricia Bullrich. Vidal ya hab\u00eda anticipado que iba a desistir de su candidatura si el ex mandatario se lanzaba para volver a la Casa Rosada.<\/p>\n<p class=\"paragraph\" data-mrf-recirculation=\"Links inline\">En su mensaje, Macri insisti\u00f3 en sus cr\u00edticas contra el Gobierno al apuntar que \u201cestamos a la deriva, sin conducci\u00f3n, aislados del mundo, solos\u201d y destac\u00f3: \u201cTenemos que estar muy atentos porque en situaciones dif\u00edciles enseguida salimos a buscar una\u00a0<b>personalidad mesi\u00e1nica<\/b>\u00a0que nos d\u00e9 seguridad.\u00a0<b>Juntos por el Cambio ha logrado superar esa falsa ilusi\u00f3n del individuo salvador.<\/b>\u00a0Lo hemos hecho siempre manteniendo la unidad, a pesar de los momentos complejos que hemos transitado. Lo estamos demostrando con<b>\u00a0la gran cantidad de dirigentes nuevos, competitivos y diferentes<\/b>\u00a0que tenemos hoy. Estoy convencido de que ese es el\u00a0<b>equipo\u00a0<\/b>que la Argentina necesita para comenzar el nuevo ciclo\u201d.<\/p>\n<p class=\"paragraph\" data-mrf-recirculation=\"Links inline\">El ex presidente fue insistente en cuestionar \u201cel liderazgo paternalista\u201d que se instal\u00f3 en la Argentina \u201cdesde hace 80 a\u00f1os\u201d y asegur\u00f3:<b>\u00a0\u201cNunca cre\u00ed en ese modelo porque se fundamenta en el caudillismo,<\/b>\u00a0se fundamenta en el capitalismo de amigos y en una forma autoritaria de gobernar. Yo creo en los individuos, en ustedes, trabajando en conjunto\u201d.<\/p>\n<p class=\"paragraph\" data-mrf-recirculation=\"Links inline\">\u201cS\u00e9 que millones de personas tienen el deseo de que volvamos a trabajar juntos en la direcci\u00f3n que comenzamos all\u00e1 por 2015, una direcci\u00f3n que tristemente se interrumpi\u00f3 en 2019, pero\u00a0<b>\u00bfc\u00f3mo llegamos a estar as\u00ed?\u00a0<\/b>-se pregunt\u00f3 Macri-. Son muchas las razones, pero quiero plantear una que venimos repitiendo hace d\u00e9cadas.\u00a0<b>Hace casi 80 a\u00f1os una parte importante de la sociedad argentina elegi\u00f3 creer en l\u00edderes messi\u00e1nicos,\u00a0<\/b>personajes que supuestamente nos salvar\u00edan y nos llevar\u00edan a una vida mejor. Muchos argentinos de una fe depositaron sus esperanzas en ellos y les dieron la responsabilidad de producir los cambios que se necesitaban. Pero este tipo de liderazgo termin\u00f3 siendo\u00a0<b>muy danino<\/b>\u00a0para el pa\u00eds. Les dio un<b>\u00a0poder desproporcionado<\/b>\u00a0a personas tan falibles como cualquiera\u201d.<\/p>\n<p class=\"paragraph\" data-mrf-recirculation=\"Links inline\">Tras elogiar el trabajo en equipo que demostr\u00f3 la Selecci\u00f3n Argentina en el Mundial de Qatar, Macri dijo que \u201ccada uno de los jugadores asumi\u00f3 por completo el desaf\u00edo; todos brillaron, todos sufrieron, todos lucharon al final, todos ganaron\u201d. Por eso resalt\u00f3:\u00a0<b>\u201cNo gan\u00f3 el l\u00edder, gan\u00f3 el equipo y as\u00ed ganamos todos los argentinos.\u00a0<\/b>Este \u00e9xito fue producto de una responsabilidad compartida y yo creo en esa forma de gobernar.\u00a0<b>As\u00ed gobernamos entre el 2015 y el 2019.\u00a0<\/b>No hubo personalismos, hubo un verdadero trabajo en equipo entre el gobierno y los ciudadanos\u201d.<\/p>\n<p class=\"paragraph\" data-mrf-recirculation=\"Links inline\">El ex presidente elogi\u00f3 a la dirigencia de JxC y consider\u00f3 que \u201cese es el equipo que la Argentina necesita para comenzar el nuevo ciclo\u201d. Enseguida, dijo las palabras que reacomodar\u00e1n el mapa pol\u00edtico del pa\u00eds: \u201cPor todo esto,\u00a0<b>quiero ratificar la decisi\u00f3n de que no ser\u00e9 candidato en la pr\u00f3xima elecci\u00f3n.<\/b>\u00a0Y lo digo convencido de que hay que\u00a0<b>agrandar\u00a0<\/b>el espacio pol\u00edtico del cambio que iniciamos y que tenemos que inspirar a los dem\u00e1s con nuestras acciones\u201d.<\/p>\n<p class=\"paragraph\" data-mrf-recirculation=\"Links inline\">\u201cPero voy a seguir defendiendo la libertad, la democracia y los valores que compartimos como siempre lo he hecho y lo har\u00e9 siempre al lado de ustedes -agreg\u00f3-, con la seguridad de que los argentinos hemos madurado y\u00a0<b>no nos vamos a dejar pisotear m\u00e1s por el populismo\u201d.<\/b><\/p>\n<p class=\"paragraph\" data-mrf-recirculation=\"Links inline\">El fundador del PRO se\u00f1al\u00f3 a continuaci\u00f3n: \u201cConf\u00edo mucho en el\u00a0<b>aprendizaje<\/b>\u00a0de estos a\u00f1os. Conf\u00edo en que van a elegir a quien mejor nos represente y que esa persona va a contar con el apoyo de todos. Nunca m\u00e1s,\u00a0<b>nunca m\u00e1s vamos a tener una marioneta como presidente\u201d.<\/b><\/p>\n<p class=\"paragraph\" data-mrf-recirculation=\"Links inline\">Para finalizar, Macri hizo una serie de<b>\u00a0agradecimientos:\u00a0<\/b>\u201cGracias por la madurez de avanzar en la elecci\u00f3n correcta, sabiendo que era un camino dif\u00edcil. Gracias por las veces que salieron espont\u00e1neamente a la calle para defender pac\u00edficamente lo que cre\u00edan. Gracias por la valent\u00eda y la determinaci\u00f3n que compartimos en esas inolvidables marchas de s\u00ed se puede. Gracias por el valor de expresar p\u00fablicamente su apoyo cuando era mucho m\u00e1s f\u00e1cil callarse que mostrarse. y gracias por el cari\u00f1o que me muestran en todo el pa\u00eds y por el respeto que tienen por mi familia\u201d.<\/p>\n<p class=\"paragraph\" data-mrf-recirculation=\"Links inline\">\u201cSepan que<b>\u00a0estuve, estoy y estar\u00e9 siempre para ustedes.\u00a0<\/b>Esta relaci\u00f3n de cari\u00f1o y respeto que que nos une es para toda la vida. Los quiero, los quiero, los quiero\u201d, fueron sus \u00faltimas palabras. <em>(Infobae)<\/em><\/p>\n","protected":false},"excerpt":{"rendered":"<p>El ex presidente public\u00f3 un video en las redes sociales. \u201cHay que agrandar el espacio pol\u00edtico que iniciamos\u201d, dijo. Elogi\u00f3 a la dirigencia de JxC: \u201cEse es el equipo que la Argentina necesita para comenzar el nuevo ciclo\u201d.<\/p>\n","protected":false},"author":2,"featured_media":131383,"comment_status":"open","ping_status":"open","sticky":false,"template":"","format":"standard","meta":{"fifu_image_url":"","fifu_image_alt":"","footnotes":""},"categories":[16],"tags":[3401,80],"class_list":{"0":"post-131382","1":"post","2":"type-post","3":"status-publish","4":"format-standard","5":"has-post-thumbnail","7":"category-politi","8":"tag-elecciones-2023","9":"tag-mauricio-macri"},"yoast_head":"<title>Mauricio Macri anunci\u00f3 que no ser\u00e1 candidato en las pr\u00f3ximas elecciones - Informe Litoral<\/title>\n<meta name=\"robots\" content=\"index, follow, max-snippet:-1, max-image-preview:large, max-video-preview:-1\" \/>\n<link rel=\"canonical\" href=\"https:\/\/informelitoral.com.ar\/mauricio-macri-anuncio-que-no-sera-candidato-en-las-proximas-elecciones\/\" \/>\n<meta property=\"og:locale\" content=\"es_ES\" \/>\n<meta property=\"og:type\" content=\"article\" \/>\n<meta property=\"og:title\" content=\"Mauricio Macri anunci\u00f3 que no ser\u00e1 candidato en las pr\u00f3ximas elecciones - Informe Litoral\" \/>\n<meta property=\"og:description\" content=\"El ex presidente public\u00f3 un video en las redes sociales. \u201cHay que agrandar el espacio pol\u00edtico que iniciamos\u201d, dijo. Elogi\u00f3 a la dirigencia de JxC: \u201cEse es el equipo que la Argentina necesita para comenzar el nuevo ciclo\u201d.\" \/>\n<meta property=\"og:url\" content=\"https:\/\/informelitoral.com.ar\/mauricio-macri-anuncio-que-no-sera-candidato-en-las-proximas-elecciones\/\" \/>\n<meta property=\"og:site_name\" content=\"Informe Litoral\" \/>\n<meta property=\"article:publisher\" content=\"https:\/\/www.facebook.com\/informelitoral\/\" \/>\n<meta property=\"article:published_time\" content=\"2023-03-27T09:24:44+00:00\" \/>\n<meta property=\"article:modified_time\" content=\"2023-03-27T10:28:04+00:00\" \/>\n<meta property=\"og:image\" content=\"https:\/\/informelitoral.com.ar\/%77%70%2d%63%6f%6e%74%65%6e%74\/uploads\/2023\/03\/mauricio-macri.jpg\" \/>\n\t<meta property=\"og:image:width\" content=\"853\" \/>\n\t<meta property=\"og:image:height\" content=\"568\" \/>\n\t<meta property=\"og:image:type\" content=\"image\/jpeg\" \/>\n<meta name=\"author\" content=\"Gonzalo Schmidt\" \/>\n<meta name=\"twitter:card\" content=\"summary_large_image\" \/>\n<meta name=\"twitter:creator\" content=\"@InformeLitoral\" \/>\n<meta name=\"twitter:site\" content=\"@InformeLitoral\" \/>\n<meta name=\"twitter:label1\" content=\"Escrito por\" \/>\n\t<meta name=\"twitter:data1\" content=\"Gonzalo Schmidt\" \/>\n\t<meta name=\"twitter:label2\" content=\"Tiempo de lectura\" \/>\n\t<meta name=\"twitter:data2\" content=\"4 minutos\" \/>\n<script type=\"application\/ld+json\" class=\"yoast-schema-graph\">{\"@context\":\"https:\\\/\\\/schema.org\",\"@graph\":[{\"@type\":\"Article\",\"@id\":\"https:\\\/\\\/informelitoral.com.ar\\\/mauricio-macri-anuncio-que-no-sera-candidato-en-las-proximas-elecciones\\\/#article\",\"isPartOf\":{\"@id\":\"https:\\\/\\\/informelitoral.com.ar\\\/mauricio-macri-anuncio-que-no-sera-candidato-en-las-proximas-elecciones\\\/\"},\"author\":{\"name\":\"Gonzalo Schmidt\",\"@id\":\"https:\\\/\\\/informelitoral.com.ar\\\/#\\\/schema\\\/person\\\/b9d00407c836482871ef1d57bf8e3180\"},\"headline\":\"Mauricio Macri anunci\u00f3 que no ser\u00e1 candidato en las pr\u00f3ximas elecciones\",\"datePublished\":\"2023-03-27T09:24:44+00:00\",\"dateModified\":\"2023-03-27T10:28:04+00:00\",\"mainEntityOfPage\":{\"@id\":\"https:\\\/\\\/informelitoral.com.ar\\\/mauricio-macri-anuncio-que-no-sera-candidato-en-las-proximas-elecciones\\\/\"},\"wordCount\":907,\"commentCount\":0,\"publisher\":{\"@id\":\"https:\\\/\\\/informelitoral.com.ar\\\/#organization\"},\"image\":{\"@id\":\"https:\\\/\\\/informelitoral.com.ar\\\/mauricio-macri-anuncio-que-no-sera-candidato-en-las-proximas-elecciones\\\/#primaryimage\"},\"thumbnailUrl\":\"https:\\\/\\\/informelitoral.com.ar\\\/%77%70%2d%63%6f%6e%74%65%6e%74\\\/uploads\\\/2023\\\/03\\\/mauricio-macri.jpg\",\"keywords\":[\"Elecciones 2023\",\"Mauricio Macri\"],\"articleSection\":[\"Politica\"],\"inLanguage\":\"es\",\"potentialAction\":[{\"@type\":\"CommentAction\",\"name\":\"Comment\",\"target\":[\"https:\\\/\\\/informelitoral.com.ar\\\/mauricio-macri-anuncio-que-no-sera-candidato-en-las-proximas-elecciones\\\/#respond\"]}]},{\"@type\":\"WebPage\",\"@id\":\"https:\\\/\\\/informelitoral.com.ar\\\/mauricio-macri-anuncio-que-no-sera-candidato-en-las-proximas-elecciones\\\/\",\"url\":\"https:\\\/\\\/informelitoral.com.ar\\\/mauricio-macri-anuncio-que-no-sera-candidato-en-las-proximas-elecciones\\\/\",\"name\":\"Mauricio Macri anunci\u00f3 que no ser\u00e1 candidato en las pr\u00f3ximas elecciones - Informe Litoral\",\"isPartOf\":{\"@id\":\"https:\\\/\\\/informelitoral.com.ar\\\/#website\"},\"primaryImageOfPage\":{\"@id\":\"https:\\\/\\\/informelitoral.com.ar\\\/mauricio-macri-anuncio-que-no-sera-candidato-en-las-proximas-elecciones\\\/#primaryimage\"},\"image\":{\"@id\":\"https:\\\/\\\/informelitoral.com.ar\\\/mauricio-macri-anuncio-que-no-sera-candidato-en-las-proximas-elecciones\\\/#primaryimage\"},\"thumbnailUrl\":\"https:\\\/\\\/informelitoral.com.ar\\\/%77%70%2d%63%6f%6e%74%65%6e%74\\\/uploads\\\/2023\\\/03\\\/mauricio-macri.jpg\",\"datePublished\":\"2023-03-27T09:24:44+00:00\",\"dateModified\":\"2023-03-27T10:28:04+00:00\",\"breadcrumb\":{\"@id\":\"https:\\\/\\\/informelitoral.com.ar\\\/mauricio-macri-anuncio-que-no-sera-candidato-en-las-proximas-elecciones\\\/#breadcrumb\"},\"inLanguage\":\"es\",\"potentialAction\":[{\"@type\":\"ReadAction\",\"target\":[\"https:\\\/\\\/informelitoral.com.ar\\\/mauricio-macri-anuncio-que-no-sera-candidato-en-las-proximas-elecciones\\\/\"]}]},{\"@type\":\"ImageObject\",\"inLanguage\":\"es\",\"@id\":\"https:\\\/\\\/informelitoral.com.ar\\\/mauricio-macri-anuncio-que-no-sera-candidato-en-las-proximas-elecciones\\\/#primaryimage\",\"url\":\"https:\\\/\\\/informelitoral.com.ar\\\/%77%70%2d%63%6f%6e%74%65%6e%74\\\/uploads\\\/2023\\\/03\\\/mauricio-macri.jpg\",\"contentUrl\":\"https:\\\/\\\/informelitoral.com.ar\\\/%77%70%2d%63%6f%6e%74%65%6e%74\\\/uploads\\\/2023\\\/03\\\/mauricio-macri.jpg\",\"width\":853,\"height\":568},{\"@type\":\"BreadcrumbList\",\"@id\":\"https:\\\/\\\/informelitoral.com.ar\\\/mauricio-macri-anuncio-que-no-sera-candidato-en-las-proximas-elecciones\\\/#breadcrumb\",\"itemListElement\":[{\"@type\":\"ListItem\",\"position\":1,\"name\":\"Portada\",\"item\":\"https:\\\/\\\/informelitoral.com.ar\\\/\"},{\"@type\":\"ListItem\",\"position\":2,\"name\":\"Mauricio Macri anunci\u00f3 que no ser\u00e1 candidato en las pr\u00f3ximas elecciones\"}]},{\"@type\":\"WebSite\",\"@id\":\"https:\\\/\\\/informelitoral.com.ar\\\/#website\",\"url\":\"https:\\\/\\\/informelitoral.com.ar\\\/\",\"name\":\"Informe Litoral\",\"description\":\"&quot;Nos informamos&quot; \",\"publisher\":{\"@id\":\"https:\\\/\\\/informelitoral.com.ar\\\/#organization\"},\"potentialAction\":[{\"@type\":\"SearchAction\",\"target\":{\"@type\":\"EntryPoint\",\"urlTemplate\":\"https:\\\/\\\/informelitoral.com.ar\\\/?s={search_term_string}\"},\"query-input\":{\"@type\":\"PropertyValueSpecification\",\"valueRequired\":true,\"valueName\":\"search_term_string\"}}],\"inLanguage\":\"es\"},{\"@type\":\"Organization\",\"@id\":\"https:\\\/\\\/informelitoral.com.ar\\\/#organization\",\"name\":\"Informe Litoral\",\"url\":\"https:\\\/\\\/informelitoral.com.ar\\\/\",\"logo\":{\"@type\":\"ImageObject\",\"inLanguage\":\"es\",\"@id\":\"https:\\\/\\\/informelitoral.com.ar\\\/#\\\/schema\\\/logo\\\/image\\\/\",\"url\":\"https:\\\/\\\/informelitoral.com.ar\\\/%77%70%2d%63%6f%6e%74%65%6e%74\\\/uploads\\\/2021\\\/01\\\/circulo.png\",\"contentUrl\":\"https:\\\/\\\/informelitoral.com.ar\\\/%77%70%2d%63%6f%6e%74%65%6e%74\\\/uploads\\\/2021\\\/01\\\/circulo.png\",\"width\":723,\"height\":731,\"caption\":\"Informe Litoral\"},\"image\":{\"@id\":\"https:\\\/\\\/informelitoral.com.ar\\\/#\\\/schema\\\/logo\\\/image\\\/\"},\"sameAs\":[\"https:\\\/\\\/www.facebook.com\\\/informelitoral\\\/\",\"https:\\\/\\\/x.com\\\/InformeLitoral\",\"https:\\\/\\\/www.instagram.com\\\/informelitoral\\\/\",\"https:\\\/\\\/www.youtube.com\\\/channel\\\/UCua4Qvz8Icb6MYqhoq9xLXw\"]},{\"@type\":\"Person\",\"@id\":\"https:\\\/\\\/informelitoral.com.ar\\\/#\\\/schema\\\/person\\\/b9d00407c836482871ef1d57bf8e3180\",\"name\":\"Gonzalo Schmidt\",\"image\":{\"@type\":\"ImageObject\",\"inLanguage\":\"es\",\"@id\":\"https:\\\/\\\/secure.gravatar.com\\\/avatar\\\/31a1a7b66ff2de83bd0e9fd79d026630d2d99e55e8bfe501287647b4fd9743de?s=96&d=mm&r=g\",\"url\":\"https:\\\/\\\/secure.gravatar.com\\\/avatar\\\/31a1a7b66ff2de83bd0e9fd79d026630d2d99e55e8bfe501287647b4fd9743de?s=96&d=mm&r=g\",\"contentUrl\":\"https:\\\/\\\/secure.gravatar.com\\\/avatar\\\/31a1a7b66ff2de83bd0e9fd79d026630d2d99e55e8bfe501287647b4fd9743de?s=96&d=mm&r=g\",\"caption\":\"Gonzalo Schmidt\"},\"description\":\"Sitio web de noticias de la provincia de Entre R\u00edos, Argentina. Informaci\u00f3n y entretenimiento. Informe Litoral, nos informamos.\",\"sameAs\":[\"http:\\\/\\\/www.isletasnoticias.com.ar\"],\"url\":\"https:\\\/\\\/informelitoral.com.ar\\\/author\\\/gonzalo\\\/\"}]}<\/script>","yoast_head_json":{"title":"Mauricio Macri anunci\u00f3 que no ser\u00e1 candidato en las pr\u00f3ximas elecciones - Informe Litoral","robots":{"index":"index","follow":"follow","max-snippet":"max-snippet:-1","max-image-preview":"max-image-preview:large","max-video-preview":"max-video-preview:-1"},"canonical":"https:\/\/informelitoral.com.ar\/mauricio-macri-anuncio-que-no-sera-candidato-en-las-proximas-elecciones\/","og_locale":"es_ES","og_type":"article","og_title":"Mauricio Macri anunci\u00f3 que no ser\u00e1 candidato en las pr\u00f3ximas elecciones - Informe Litoral","og_description":"El ex presidente public\u00f3 un video en las redes sociales. \u201cHay que agrandar el espacio pol\u00edtico que iniciamos\u201d, dijo. Elogi\u00f3 a la dirigencia de JxC: \u201cEse es el equipo que la Argentina necesita para comenzar el nuevo ciclo\u201d.","og_url":"https:\/\/informelitoral.com.ar\/mauricio-macri-anuncio-que-no-sera-candidato-en-las-proximas-elecciones\/","og_site_name":"Informe Litoral","article_publisher":"https:\/\/www.facebook.com\/informelitoral\/","article_published_time":"2023-03-27T09:24:44+00:00","article_modified_time":"2023-03-27T10:28:04+00:00","og_image":[{"width":853,"height":568,"url":"https:\/\/informelitoral.com.ar\/%77%70%2d%63%6f%6e%74%65%6e%74\/uploads\/2023\/03\/mauricio-macri.jpg","type":"image\/jpeg"}],"author":"Gonzalo Schmidt","twitter_card":"summary_large_image","twitter_creator":"@InformeLitoral","twitter_site":"@InformeLitoral","twitter_misc":{"Escrito por":"Gonzalo Schmidt","Tiempo de lectura":"4 minutos"},"schema":{"@context":"https:\/\/schema.org","@graph":[{"@type":"Article","@id":"https:\/\/informelitoral.com.ar\/mauricio-macri-anuncio-que-no-sera-candidato-en-las-proximas-elecciones\/#article","isPartOf":{"@id":"https:\/\/informelitoral.com.ar\/mauricio-macri-anuncio-que-no-sera-candidato-en-las-proximas-elecciones\/"},"author":{"name":"Gonzalo Schmidt","@id":"https:\/\/informelitoral.com.ar\/#\/schema\/person\/b9d00407c836482871ef1d57bf8e3180"},"headline":"Mauricio Macri anunci\u00f3 que no ser\u00e1 candidato en las pr\u00f3ximas elecciones","datePublished":"2023-03-27T09:24:44+00:00","dateModified":"2023-03-27T10:28:04+00:00","mainEntityOfPage":{"@id":"https:\/\/informelitoral.com.ar\/mauricio-macri-anuncio-que-no-sera-candidato-en-las-proximas-elecciones\/"},"wordCount":907,"commentCount":0,"publisher":{"@id":"https:\/\/informelitoral.com.ar\/#organization"},"image":{"@id":"https:\/\/informelitoral.com.ar\/mauricio-macri-anuncio-que-no-sera-candidato-en-las-proximas-elecciones\/#primaryimage"},"thumbnailUrl":"https:\/\/informelitoral.com.ar\/%77%70%2d%63%6f%6e%74%65%6e%74\/uploads\/2023\/03\/mauricio-macri.jpg","keywords":["Elecciones 2023","Mauricio Macri"],"articleSection":["Politica"],"inLanguage":"es","potentialAction":[{"@type":"CommentAction","name":"Comment","target":["https:\/\/informelitoral.com.ar\/mauricio-macri-anuncio-que-no-sera-candidato-en-las-proximas-elecciones\/#respond"]}]},{"@type":"WebPage","@id":"https:\/\/informelitoral.com.ar\/mauricio-macri-anuncio-que-no-sera-candidato-en-las-proximas-elecciones\/","url":"https:\/\/informelitoral.com.ar\/mauricio-macri-anuncio-que-no-sera-candidato-en-las-proximas-elecciones\/","name":"Mauricio Macri anunci\u00f3 que no ser\u00e1 candidato en las pr\u00f3ximas elecciones - Informe Litoral","isPartOf":{"@id":"https:\/\/informelitoral.com.ar\/#website"},"primaryImageOfPage":{"@id":"https:\/\/informelitoral.com.ar\/mauricio-macri-anuncio-que-no-sera-candidato-en-las-proximas-elecciones\/#primaryimage"},"image":{"@id":"https:\/\/informelitoral.com.ar\/mauricio-macri-anuncio-que-no-sera-candidato-en-las-proximas-elecciones\/#primaryimage"},"thumbnailUrl":"https:\/\/informelitoral.com.ar\/%77%70%2d%63%6f%6e%74%65%6e%74\/uploads\/2023\/03\/mauricio-macri.jpg","datePublished":"2023-03-27T09:24:44+00:00","dateModified":"2023-03-27T10:28:04+00:00","breadcrumb":{"@id":"https:\/\/informelitoral.com.ar\/mauricio-macri-anuncio-que-no-sera-candidato-en-las-proximas-elecciones\/#breadcrumb"},"inLanguage":"es","potentialAction":[{"@type":"ReadAction","target":["https:\/\/informelitoral.com.ar\/mauricio-macri-anuncio-que-no-sera-candidato-en-las-proximas-elecciones\/"]}]},{"@type":"ImageObject","inLanguage":"es","@id":"https:\/\/informelitoral.com.ar\/mauricio-macri-anuncio-que-no-sera-candidato-en-las-proximas-elecciones\/#primaryimage","url":"https:\/\/informelitoral.com.ar\/%77%70%2d%63%6f%6e%74%65%6e%74\/uploads\/2023\/03\/mauricio-macri.jpg","contentUrl":"https:\/\/informelitoral.com.ar\/%77%70%2d%63%6f%6e%74%65%6e%74\/uploads\/2023\/03\/mauricio-macri.jpg","width":853,"height":568},{"@type":"BreadcrumbList","@id":"https:\/\/informelitoral.com.ar\/mauricio-macri-anuncio-que-no-sera-candidato-en-las-proximas-elecciones\/#breadcrumb","itemListElement":[{"@type":"ListItem","position":1,"name":"Portada","item":"https:\/\/informelitoral.com.ar\/"},{"@type":"ListItem","position":2,"name":"Mauricio Macri anunci\u00f3 que no ser\u00e1 candidato en las pr\u00f3ximas elecciones"}]},{"@type":"WebSite","@id":"https:\/\/informelitoral.com.ar\/#website","url":"https:\/\/informelitoral.com.ar\/","name":"Informe Litoral","description":"&quot;Nos informamos&quot; ","publisher":{"@id":"https:\/\/informelitoral.com.ar\/#organization"},"potentialAction":[{"@type":"SearchAction","target":{"@type":"EntryPoint","urlTemplate":"https:\/\/informelitoral.com.ar\/?s={search_term_string}"},"query-input":{"@type":"PropertyValueSpecification","valueRequired":true,"valueName":"search_term_string"}}],"inLanguage":"es"},{"@type":"Organization","@id":"https:\/\/informelitoral.com.ar\/#organization","name":"Informe Litoral","url":"https:\/\/informelitoral.com.ar\/","logo":{"@type":"ImageObject","inLanguage":"es","@id":"https:\/\/informelitoral.com.ar\/#\/schema\/logo\/image\/","url":"https:\/\/informelitoral.com.ar\/%77%70%2d%63%6f%6e%74%65%6e%74\/uploads\/2021\/01\/circulo.png","contentUrl":"https:\/\/informelitoral.com.ar\/%77%70%2d%63%6f%6e%74%65%6e%74\/uploads\/2021\/01\/circulo.png","width":723,"height":731,"caption":"Informe Litoral"},"image":{"@id":"https:\/\/informelitoral.com.ar\/#\/schema\/logo\/image\/"},"sameAs":["https:\/\/www.facebook.com\/informelitoral\/","https:\/\/x.com\/InformeLitoral","https:\/\/www.instagram.com\/informelitoral\/","https:\/\/www.youtube.com\/channel\/UCua4Qvz8Icb6MYqhoq9xLXw"]},{"@type":"Person","@id":"https:\/\/informelitoral.com.ar\/#\/schema\/person\/b9d00407c836482871ef1d57bf8e3180","name":"Gonzalo Schmidt","image":{"@type":"ImageObject","inLanguage":"es","@id":"https:\/\/secure.gravatar.com\/avatar\/31a1a7b66ff2de83bd0e9fd79d026630d2d99e55e8bfe501287647b4fd9743de?s=96&d=mm&r=g","url":"https:\/\/secure.gravatar.com\/avatar\/31a1a7b66ff2de83bd0e9fd79d026630d2d99e55e8bfe501287647b4fd9743de?s=96&d=mm&r=g","contentUrl":"https:\/\/secure.gravatar.com\/avatar\/31a1a7b66ff2de83bd0e9fd79d026630d2d99e55e8bfe501287647b4fd9743de?s=96&d=mm&r=g","caption":"Gonzalo Schmidt"},"description":"Sitio web de noticias de la provincia de Entre R\u00edos, Argentina. Informaci\u00f3n y entretenimiento. Informe Litoral, nos informamos.","sameAs":["http:\/\/www.isletasnoticias.com.ar"],"url":"https:\/\/informelitoral.com.ar\/author\/gonzalo\/"}]}},"_links":{"self":[{"href":"https:\/\/informelitoral.com.ar\/%77%70%2d%6a%73%6f%6e\/wp\/v2\/posts\/131382","targetHints":{"allow":["GET"]}}],"collection":[{"href":"https:\/\/informelitoral.com.ar\/%77%70%2d%6a%73%6f%6e\/wp\/v2\/posts"}],"about":[{"href":"https:\/\/informelitoral.com.ar\/%77%70%2d%6a%73%6f%6e\/wp\/v2\/types\/post"}],"author":[{"embeddable":true,"href":"https:\/\/informelitoral.com.ar\/%77%70%2d%6a%73%6f%6e\/wp\/v2\/users\/2"}],"replies":[{"embeddable":true,"href":"https:\/\/informelitoral.com.ar\/%77%70%2d%6a%73%6f%6e\/wp\/v2\/comments?post=131382"}],"version-history":[{"count":0,"href":"https:\/\/informelitoral.com.ar\/%77%70%2d%6a%73%6f%6e\/wp\/v2\/posts\/131382\/revisions"}],"wp:featuredmedia":[{"embeddable":true,"href":"https:\/\/informelitoral.com.ar\/%77%70%2d%6a%73%6f%6e\/wp\/v2\/media\/131383"}],"wp:attachment":[{"href":"https:\/\/informelitoral.com.ar\/%77%70%2d%6a%73%6f%6e\/wp\/v2\/media?parent=131382"}],"wp:term":[{"taxonomy":"category","embeddable":true,"href":"https:\/\/informelitoral.com.ar\/%77%70%2d%6a%73%6f%6e\/wp\/v2\/categories?post=131382"},{"taxonomy":"post_tag","embeddable":true,"href":"https:\/\/informelitoral.com.ar\/%77%70%2d%6a%73%6f%6e\/wp\/v2\/tags?post=131382"}],"curies":[{"name":"wp","href":"https:\/\/api.w.org\/{rel}","templated":true}]}}