{"id":13079,"date":"2015-12-21T16:25:06","date_gmt":"2015-12-21T19:25:06","guid":{"rendered":"http:\/\/www.isletasnoticias.com.ar\/?p=13079"},"modified":"2015-12-21T16:28:03","modified_gmt":"2015-12-21T19:28:03","slug":"claro-vendera-todos-sus-celulares-desbloqueados","status":"publish","type":"post","link":"https:\/\/informelitoral.com.ar\/claro-vendera-todos-sus-celulares-desbloqueados\/","title":{"rendered":"Claro vender\u00e1 todos sus celulares desbloqueados"},"content":{"rendered":"<p><strong>La operadora anunci\u00f3 que los tel\u00e9fonos que los clientes adquieran podr\u00e1n ser empleados en otras compa\u00f1\u00edas.<a href=\"http:\/\/www.isletasnoticias.com.ar\/%77%70%2d%63%6f%6e%74%65%6e%74\/uploads\/2015\/12\/0013078850.jpg\"><img loading=\"lazy\" decoding=\"async\" class=\"aligncenter size-full wp-image-13080\" src=\"http:\/\/www.isletasnoticias.com.ar\/%77%70%2d%63%6f%6e%74%65%6e%74\/uploads\/2015\/12\/0013078850.jpg\" alt=\"0013078850\" width=\"770\" height=\"433\" srcset=\"https:\/\/informelitoral.com.ar\/%77%70%2d%63%6f%6e%74%65%6e%74\/uploads\/2015\/12\/0013078850.jpg 770w, https:\/\/informelitoral.com.ar\/%77%70%2d%63%6f%6e%74%65%6e%74\/uploads\/2015\/12\/0013078850-300x169.jpg 300w\" sizes=\"auto, (max-width: 770px) 100vw, 770px\" \/><\/a><\/strong><\/p>\n<p>Claro se despidi\u00f3 de los tel\u00e9fonos celulares bloqueados. Desde hoy, todos los equipos que venda no estar\u00e1n limitados para ser empleados solo con SIM de la empresa.<\/p>\n<p>\u00abEste anuncio se enmarca dentro de la decisi\u00f3n de Claro de lograr la simplicidad que busca como forma de relaci\u00f3n con sus m\u00e1s de 21 millones de clientes\u00bb, dijo la empresa y de inmediato agreg\u00f3 que los tel\u00e9fonos ya vendidos, es decir, bloqueados, podr\u00e1n ser liberados con una simple consulta v\u00eda telef\u00f3nica, en persona o por internet.<\/p>\n<p>La compa\u00f1\u00eda planea mantener las subvenciones a los equipos, por lo que seguir\u00eda adelante la ecuaci\u00f3n actual que establece que, cuanto m\u00e1s caro se paga el abono, m\u00e1s barato es el dispositivo, reprodujo <em>Infobae.<\/em><\/p>\n<p>La medida de Claro de comenzar a vender desbloqueados todos los equipos tom\u00f3 por sorpresa al resto de las operadoras.<\/p>\n<p>La decisi\u00f3n se conoce en medio de la creciente oferta por equipos liberados (sobre todo de marcas nacionales) y una baja en las subvenciones de las operadoras, que hace que la diferencia de precios entre uno y otro esquema sea cada vez menor.<\/p>\n<p>En la actualidad, con la portabilidad num\u00e9rica, los usuarios pueden reclamar a las operadoras que le desbloqueen el equipo para pasarse a otra empresa.<\/p>\n","protected":false},"excerpt":{"rendered":"<p>La operadora anunci&oacute; que los tel&eacute;fonos que los clientes adquieran podr&aacute;n ser empleados en otras compa&ntilde;&iacute;as. Claro se despidi&oacute; de los tel&eacute;fonos celulares bloqueados. Desde hoy, todos los equipos que venda no estar&aacute;n limitados para ser empleados solo con SIM de la empresa. &laquo;Este anuncio se enmarca dentro de la decisi&oacute;n de Claro de lograr [&hellip;]<\/p>\n","protected":false},"author":2,"featured_media":0,"comment_status":"open","ping_status":"open","sticky":false,"template":"","format":"standard","meta":{"fifu_image_url":"","fifu_image_alt":"","footnotes":""},"categories":[15],"tags":[],"class_list":{"0":"post-13079","1":"post","2":"type-post","3":"status-publish","4":"format-standard","6":"category-tecnologia"},"yoast_head":"<title>Claro vender\u00e1 todos sus celulares desbloqueados - Informe Litoral<\/title>\n<meta name=\"robots\" content=\"index, follow, max-snippet:-1, max-image-preview:large, max-video-preview:-1\" \/>\n<link rel=\"canonical\" href=\"https:\/\/informelitoral.com.ar\/claro-vendera-todos-sus-celulares-desbloqueados\/\" \/>\n<meta property=\"og:locale\" content=\"es_ES\" \/>\n<meta property=\"og:type\" content=\"article\" \/>\n<meta property=\"og:title\" content=\"Claro vender\u00e1 todos sus celulares desbloqueados - Informe Litoral\" \/>\n<meta property=\"og:description\" content=\"La operadora anunci&oacute; que los tel&eacute;fonos que los clientes adquieran podr&aacute;n ser empleados en otras compa&ntilde;&iacute;as. Claro se despidi&oacute; de los tel&eacute;fonos celulares bloqueados. Desde hoy, todos los equipos que venda no estar&aacute;n limitados para ser empleados solo con SIM de la empresa. &laquo;Este anuncio se enmarca dentro de la decisi&oacute;n de Claro de lograr [&hellip;]\" \/>\n<meta property=\"og:url\" content=\"https:\/\/informelitoral.com.ar\/claro-vendera-todos-sus-celulares-desbloqueados\/\" \/>\n<meta property=\"og:site_name\" content=\"Informe Litoral\" \/>\n<meta property=\"article:publisher\" content=\"https:\/\/www.facebook.com\/informelitoral\/\" \/>\n<meta property=\"article:published_time\" content=\"2015-12-21T19:25:06+00:00\" \/>\n<meta property=\"article:modified_time\" content=\"2015-12-21T19:28:03+00:00\" \/>\n<meta property=\"og:image\" content=\"https:\/\/informelitoral.com.ar\/%77%70%2d%63%6f%6e%74%65%6e%74\/uploads\/2015\/12\/0013078850.jpg\" \/>\n\t<meta property=\"og:image:width\" content=\"770\" \/>\n\t<meta property=\"og:image:height\" content=\"433\" \/>\n\t<meta property=\"og:image:type\" content=\"image\/jpeg\" \/>\n<meta name=\"author\" content=\"Gonzalo Schmidt\" \/>\n<meta name=\"twitter:card\" content=\"summary_large_image\" \/>\n<meta name=\"twitter:creator\" content=\"@InformeLitoral\" \/>\n<meta name=\"twitter:site\" content=\"@InformeLitoral\" \/>\n<meta name=\"twitter:label1\" content=\"Escrito por\" \/>\n\t<meta name=\"twitter:data1\" content=\"Gonzalo Schmidt\" \/>\n\t<meta name=\"twitter:label2\" content=\"Tiempo de lectura\" \/>\n\t<meta name=\"twitter:data2\" content=\"1 minuto\" \/>\n<script type=\"application\/ld+json\" class=\"yoast-schema-graph\">{\"@context\":\"https:\\\/\\\/schema.org\",\"@graph\":[{\"@type\":\"Article\",\"@id\":\"https:\\\/\\\/informelitoral.com.ar\\\/claro-vendera-todos-sus-celulares-desbloqueados\\\/#article\",\"isPartOf\":{\"@id\":\"https:\\\/\\\/informelitoral.com.ar\\\/claro-vendera-todos-sus-celulares-desbloqueados\\\/\"},\"author\":{\"name\":\"Gonzalo Schmidt\",\"@id\":\"https:\\\/\\\/informelitoral.com.ar\\\/#\\\/schema\\\/person\\\/b9d00407c836482871ef1d57bf8e3180\"},\"headline\":\"Claro vender\u00e1 todos sus celulares desbloqueados\",\"datePublished\":\"2015-12-21T19:25:06+00:00\",\"dateModified\":\"2015-12-21T19:28:03+00:00\",\"mainEntityOfPage\":{\"@id\":\"https:\\\/\\\/informelitoral.com.ar\\\/claro-vendera-todos-sus-celulares-desbloqueados\\\/\"},\"wordCount\":245,\"commentCount\":0,\"publisher\":{\"@id\":\"https:\\\/\\\/informelitoral.com.ar\\\/#organization\"},\"image\":{\"@id\":\"https:\\\/\\\/informelitoral.com.ar\\\/claro-vendera-todos-sus-celulares-desbloqueados\\\/#primaryimage\"},\"thumbnailUrl\":\"http:\\\/\\\/www.isletasnoticias.com.ar\\\/%77%70%2d%63%6f%6e%74%65%6e%74\\\/uploads\\\/2015\\\/12\\\/0013078850.jpg\",\"articleSection\":[\"Tecnolog\u00eda\"],\"inLanguage\":\"es\",\"potentialAction\":[{\"@type\":\"CommentAction\",\"name\":\"Comment\",\"target\":[\"https:\\\/\\\/informelitoral.com.ar\\\/claro-vendera-todos-sus-celulares-desbloqueados\\\/#respond\"]}]},{\"@type\":\"WebPage\",\"@id\":\"https:\\\/\\\/informelitoral.com.ar\\\/claro-vendera-todos-sus-celulares-desbloqueados\\\/\",\"url\":\"https:\\\/\\\/informelitoral.com.ar\\\/claro-vendera-todos-sus-celulares-desbloqueados\\\/\",\"name\":\"Claro vender\u00e1 todos sus celulares desbloqueados - Informe Litoral\",\"isPartOf\":{\"@id\":\"https:\\\/\\\/informelitoral.com.ar\\\/#website\"},\"primaryImageOfPage\":{\"@id\":\"https:\\\/\\\/informelitoral.com.ar\\\/claro-vendera-todos-sus-celulares-desbloqueados\\\/#primaryimage\"},\"image\":{\"@id\":\"https:\\\/\\\/informelitoral.com.ar\\\/claro-vendera-todos-sus-celulares-desbloqueados\\\/#primaryimage\"},\"thumbnailUrl\":\"http:\\\/\\\/www.isletasnoticias.com.ar\\\/%77%70%2d%63%6f%6e%74%65%6e%74\\\/uploads\\\/2015\\\/12\\\/0013078850.jpg\",\"datePublished\":\"2015-12-21T19:25:06+00:00\",\"dateModified\":\"2015-12-21T19:28:03+00:00\",\"breadcrumb\":{\"@id\":\"https:\\\/\\\/informelitoral.com.ar\\\/claro-vendera-todos-sus-celulares-desbloqueados\\\/#breadcrumb\"},\"inLanguage\":\"es\",\"potentialAction\":[{\"@type\":\"ReadAction\",\"target\":[\"https:\\\/\\\/informelitoral.com.ar\\\/claro-vendera-todos-sus-celulares-desbloqueados\\\/\"]}]},{\"@type\":\"ImageObject\",\"inLanguage\":\"es\",\"@id\":\"https:\\\/\\\/informelitoral.com.ar\\\/claro-vendera-todos-sus-celulares-desbloqueados\\\/#primaryimage\",\"url\":\"http:\\\/\\\/www.isletasnoticias.com.ar\\\/%77%70%2d%63%6f%6e%74%65%6e%74\\\/uploads\\\/2015\\\/12\\\/0013078850.jpg\",\"contentUrl\":\"http:\\\/\\\/www.isletasnoticias.com.ar\\\/%77%70%2d%63%6f%6e%74%65%6e%74\\\/uploads\\\/2015\\\/12\\\/0013078850.jpg\"},{\"@type\":\"BreadcrumbList\",\"@id\":\"https:\\\/\\\/informelitoral.com.ar\\\/claro-vendera-todos-sus-celulares-desbloqueados\\\/#breadcrumb\",\"itemListElement\":[{\"@type\":\"ListItem\",\"position\":1,\"name\":\"Portada\",\"item\":\"https:\\\/\\\/informelitoral.com.ar\\\/\"},{\"@type\":\"ListItem\",\"position\":2,\"name\":\"Claro vender\u00e1 todos sus celulares desbloqueados\"}]},{\"@type\":\"WebSite\",\"@id\":\"https:\\\/\\\/informelitoral.com.ar\\\/#website\",\"url\":\"https:\\\/\\\/informelitoral.com.ar\\\/\",\"name\":\"Informe Litoral\",\"description\":\"&quot;Nos informamos&quot; \",\"publisher\":{\"@id\":\"https:\\\/\\\/informelitoral.com.ar\\\/#organization\"},\"potentialAction\":[{\"@type\":\"SearchAction\",\"target\":{\"@type\":\"EntryPoint\",\"urlTemplate\":\"https:\\\/\\\/informelitoral.com.ar\\\/?s={search_term_string}\"},\"query-input\":{\"@type\":\"PropertyValueSpecification\",\"valueRequired\":true,\"valueName\":\"search_term_string\"}}],\"inLanguage\":\"es\"},{\"@type\":\"Organization\",\"@id\":\"https:\\\/\\\/informelitoral.com.ar\\\/#organization\",\"name\":\"Informe Litoral\",\"url\":\"https:\\\/\\\/informelitoral.com.ar\\\/\",\"logo\":{\"@type\":\"ImageObject\",\"inLanguage\":\"es\",\"@id\":\"https:\\\/\\\/informelitoral.com.ar\\\/#\\\/schema\\\/logo\\\/image\\\/\",\"url\":\"https:\\\/\\\/informelitoral.com.ar\\\/%77%70%2d%63%6f%6e%74%65%6e%74\\\/uploads\\\/2021\\\/01\\\/circulo.png\",\"contentUrl\":\"https:\\\/\\\/informelitoral.com.ar\\\/%77%70%2d%63%6f%6e%74%65%6e%74\\\/uploads\\\/2021\\\/01\\\/circulo.png\",\"width\":723,\"height\":731,\"caption\":\"Informe Litoral\"},\"image\":{\"@id\":\"https:\\\/\\\/informelitoral.com.ar\\\/#\\\/schema\\\/logo\\\/image\\\/\"},\"sameAs\":[\"https:\\\/\\\/www.facebook.com\\\/informelitoral\\\/\",\"https:\\\/\\\/x.com\\\/InformeLitoral\",\"https:\\\/\\\/www.instagram.com\\\/informelitoral\\\/\",\"https:\\\/\\\/www.youtube.com\\\/channel\\\/UCua4Qvz8Icb6MYqhoq9xLXw\"]},{\"@type\":\"Person\",\"@id\":\"https:\\\/\\\/informelitoral.com.ar\\\/#\\\/schema\\\/person\\\/b9d00407c836482871ef1d57bf8e3180\",\"name\":\"Gonzalo Schmidt\",\"image\":{\"@type\":\"ImageObject\",\"inLanguage\":\"es\",\"@id\":\"https:\\\/\\\/secure.gravatar.com\\\/avatar\\\/31a1a7b66ff2de83bd0e9fd79d026630d2d99e55e8bfe501287647b4fd9743de?s=96&d=mm&r=g\",\"url\":\"https:\\\/\\\/secure.gravatar.com\\\/avatar\\\/31a1a7b66ff2de83bd0e9fd79d026630d2d99e55e8bfe501287647b4fd9743de?s=96&d=mm&r=g\",\"contentUrl\":\"https:\\\/\\\/secure.gravatar.com\\\/avatar\\\/31a1a7b66ff2de83bd0e9fd79d026630d2d99e55e8bfe501287647b4fd9743de?s=96&d=mm&r=g\",\"caption\":\"Gonzalo Schmidt\"},\"description\":\"Sitio web de noticias de la provincia de Entre R\u00edos, Argentina. Informaci\u00f3n y entretenimiento. Informe Litoral, nos informamos.\",\"sameAs\":[\"http:\\\/\\\/www.isletasnoticias.com.ar\"],\"url\":\"https:\\\/\\\/informelitoral.com.ar\\\/author\\\/gonzalo\\\/\"}]}<\/script>","yoast_head_json":{"title":"Claro vender\u00e1 todos sus celulares desbloqueados - Informe Litoral","robots":{"index":"index","follow":"follow","max-snippet":"max-snippet:-1","max-image-preview":"max-image-preview:large","max-video-preview":"max-video-preview:-1"},"canonical":"https:\/\/informelitoral.com.ar\/claro-vendera-todos-sus-celulares-desbloqueados\/","og_locale":"es_ES","og_type":"article","og_title":"Claro vender\u00e1 todos sus celulares desbloqueados - Informe Litoral","og_description":"La operadora anunci&oacute; que los tel&eacute;fonos que los clientes adquieran podr&aacute;n ser empleados en otras compa&ntilde;&iacute;as. Claro se despidi&oacute; de los tel&eacute;fonos celulares bloqueados. Desde hoy, todos los equipos que venda no estar&aacute;n limitados para ser empleados solo con SIM de la empresa. &laquo;Este anuncio se enmarca dentro de la decisi&oacute;n de Claro de lograr [&hellip;]","og_url":"https:\/\/informelitoral.com.ar\/claro-vendera-todos-sus-celulares-desbloqueados\/","og_site_name":"Informe Litoral","article_publisher":"https:\/\/www.facebook.com\/informelitoral\/","article_published_time":"2015-12-21T19:25:06+00:00","article_modified_time":"2015-12-21T19:28:03+00:00","og_image":[{"width":770,"height":433,"url":"https:\/\/informelitoral.com.ar\/%77%70%2d%63%6f%6e%74%65%6e%74\/uploads\/2015\/12\/0013078850.jpg","type":"image\/jpeg"}],"author":"Gonzalo Schmidt","twitter_card":"summary_large_image","twitter_creator":"@InformeLitoral","twitter_site":"@InformeLitoral","twitter_misc":{"Escrito por":"Gonzalo Schmidt","Tiempo de lectura":"1 minuto"},"schema":{"@context":"https:\/\/schema.org","@graph":[{"@type":"Article","@id":"https:\/\/informelitoral.com.ar\/claro-vendera-todos-sus-celulares-desbloqueados\/#article","isPartOf":{"@id":"https:\/\/informelitoral.com.ar\/claro-vendera-todos-sus-celulares-desbloqueados\/"},"author":{"name":"Gonzalo Schmidt","@id":"https:\/\/informelitoral.com.ar\/#\/schema\/person\/b9d00407c836482871ef1d57bf8e3180"},"headline":"Claro vender\u00e1 todos sus celulares desbloqueados","datePublished":"2015-12-21T19:25:06+00:00","dateModified":"2015-12-21T19:28:03+00:00","mainEntityOfPage":{"@id":"https:\/\/informelitoral.com.ar\/claro-vendera-todos-sus-celulares-desbloqueados\/"},"wordCount":245,"commentCount":0,"publisher":{"@id":"https:\/\/informelitoral.com.ar\/#organization"},"image":{"@id":"https:\/\/informelitoral.com.ar\/claro-vendera-todos-sus-celulares-desbloqueados\/#primaryimage"},"thumbnailUrl":"http:\/\/www.isletasnoticias.com.ar\/%77%70%2d%63%6f%6e%74%65%6e%74\/uploads\/2015\/12\/0013078850.jpg","articleSection":["Tecnolog\u00eda"],"inLanguage":"es","potentialAction":[{"@type":"CommentAction","name":"Comment","target":["https:\/\/informelitoral.com.ar\/claro-vendera-todos-sus-celulares-desbloqueados\/#respond"]}]},{"@type":"WebPage","@id":"https:\/\/informelitoral.com.ar\/claro-vendera-todos-sus-celulares-desbloqueados\/","url":"https:\/\/informelitoral.com.ar\/claro-vendera-todos-sus-celulares-desbloqueados\/","name":"Claro vender\u00e1 todos sus celulares desbloqueados - Informe Litoral","isPartOf":{"@id":"https:\/\/informelitoral.com.ar\/#website"},"primaryImageOfPage":{"@id":"https:\/\/informelitoral.com.ar\/claro-vendera-todos-sus-celulares-desbloqueados\/#primaryimage"},"image":{"@id":"https:\/\/informelitoral.com.ar\/claro-vendera-todos-sus-celulares-desbloqueados\/#primaryimage"},"thumbnailUrl":"http:\/\/www.isletasnoticias.com.ar\/%77%70%2d%63%6f%6e%74%65%6e%74\/uploads\/2015\/12\/0013078850.jpg","datePublished":"2015-12-21T19:25:06+00:00","dateModified":"2015-12-21T19:28:03+00:00","breadcrumb":{"@id":"https:\/\/informelitoral.com.ar\/claro-vendera-todos-sus-celulares-desbloqueados\/#breadcrumb"},"inLanguage":"es","potentialAction":[{"@type":"ReadAction","target":["https:\/\/informelitoral.com.ar\/claro-vendera-todos-sus-celulares-desbloqueados\/"]}]},{"@type":"ImageObject","inLanguage":"es","@id":"https:\/\/informelitoral.com.ar\/claro-vendera-todos-sus-celulares-desbloqueados\/#primaryimage","url":"http:\/\/www.isletasnoticias.com.ar\/%77%70%2d%63%6f%6e%74%65%6e%74\/uploads\/2015\/12\/0013078850.jpg","contentUrl":"http:\/\/www.isletasnoticias.com.ar\/%77%70%2d%63%6f%6e%74%65%6e%74\/uploads\/2015\/12\/0013078850.jpg"},{"@type":"BreadcrumbList","@id":"https:\/\/informelitoral.com.ar\/claro-vendera-todos-sus-celulares-desbloqueados\/#breadcrumb","itemListElement":[{"@type":"ListItem","position":1,"name":"Portada","item":"https:\/\/informelitoral.com.ar\/"},{"@type":"ListItem","position":2,"name":"Claro vender\u00e1 todos sus celulares desbloqueados"}]},{"@type":"WebSite","@id":"https:\/\/informelitoral.com.ar\/#website","url":"https:\/\/informelitoral.com.ar\/","name":"Informe Litoral","description":"&quot;Nos informamos&quot; ","publisher":{"@id":"https:\/\/informelitoral.com.ar\/#organization"},"potentialAction":[{"@type":"SearchAction","target":{"@type":"EntryPoint","urlTemplate":"https:\/\/informelitoral.com.ar\/?s={search_term_string}"},"query-input":{"@type":"PropertyValueSpecification","valueRequired":true,"valueName":"search_term_string"}}],"inLanguage":"es"},{"@type":"Organization","@id":"https:\/\/informelitoral.com.ar\/#organization","name":"Informe Litoral","url":"https:\/\/informelitoral.com.ar\/","logo":{"@type":"ImageObject","inLanguage":"es","@id":"https:\/\/informelitoral.com.ar\/#\/schema\/logo\/image\/","url":"https:\/\/informelitoral.com.ar\/%77%70%2d%63%6f%6e%74%65%6e%74\/uploads\/2021\/01\/circulo.png","contentUrl":"https:\/\/informelitoral.com.ar\/%77%70%2d%63%6f%6e%74%65%6e%74\/uploads\/2021\/01\/circulo.png","width":723,"height":731,"caption":"Informe Litoral"},"image":{"@id":"https:\/\/informelitoral.com.ar\/#\/schema\/logo\/image\/"},"sameAs":["https:\/\/www.facebook.com\/informelitoral\/","https:\/\/x.com\/InformeLitoral","https:\/\/www.instagram.com\/informelitoral\/","https:\/\/www.youtube.com\/channel\/UCua4Qvz8Icb6MYqhoq9xLXw"]},{"@type":"Person","@id":"https:\/\/informelitoral.com.ar\/#\/schema\/person\/b9d00407c836482871ef1d57bf8e3180","name":"Gonzalo Schmidt","image":{"@type":"ImageObject","inLanguage":"es","@id":"https:\/\/secure.gravatar.com\/avatar\/31a1a7b66ff2de83bd0e9fd79d026630d2d99e55e8bfe501287647b4fd9743de?s=96&d=mm&r=g","url":"https:\/\/secure.gravatar.com\/avatar\/31a1a7b66ff2de83bd0e9fd79d026630d2d99e55e8bfe501287647b4fd9743de?s=96&d=mm&r=g","contentUrl":"https:\/\/secure.gravatar.com\/avatar\/31a1a7b66ff2de83bd0e9fd79d026630d2d99e55e8bfe501287647b4fd9743de?s=96&d=mm&r=g","caption":"Gonzalo Schmidt"},"description":"Sitio web de noticias de la provincia de Entre R\u00edos, Argentina. Informaci\u00f3n y entretenimiento. Informe Litoral, nos informamos.","sameAs":["http:\/\/www.isletasnoticias.com.ar"],"url":"https:\/\/informelitoral.com.ar\/author\/gonzalo\/"}]}},"_links":{"self":[{"href":"https:\/\/informelitoral.com.ar\/%77%70%2d%6a%73%6f%6e\/wp\/v2\/posts\/13079","targetHints":{"allow":["GET"]}}],"collection":[{"href":"https:\/\/informelitoral.com.ar\/%77%70%2d%6a%73%6f%6e\/wp\/v2\/posts"}],"about":[{"href":"https:\/\/informelitoral.com.ar\/%77%70%2d%6a%73%6f%6e\/wp\/v2\/types\/post"}],"author":[{"embeddable":true,"href":"https:\/\/informelitoral.com.ar\/%77%70%2d%6a%73%6f%6e\/wp\/v2\/users\/2"}],"replies":[{"embeddable":true,"href":"https:\/\/informelitoral.com.ar\/%77%70%2d%6a%73%6f%6e\/wp\/v2\/comments?post=13079"}],"version-history":[{"count":0,"href":"https:\/\/informelitoral.com.ar\/%77%70%2d%6a%73%6f%6e\/wp\/v2\/posts\/13079\/revisions"}],"wp:attachment":[{"href":"https:\/\/informelitoral.com.ar\/%77%70%2d%6a%73%6f%6e\/wp\/v2\/media?parent=13079"}],"wp:term":[{"taxonomy":"category","embeddable":true,"href":"https:\/\/informelitoral.com.ar\/%77%70%2d%6a%73%6f%6e\/wp\/v2\/categories?post=13079"},{"taxonomy":"post_tag","embeddable":true,"href":"https:\/\/informelitoral.com.ar\/%77%70%2d%6a%73%6f%6e\/wp\/v2\/tags?post=13079"}],"curies":[{"name":"wp","href":"https:\/\/api.w.org\/{rel}","templated":true}]}}