{"id":13076,"date":"2015-12-21T16:20:50","date_gmt":"2015-12-21T19:20:50","guid":{"rendered":"http:\/\/www.isletasnoticias.com.ar\/?p=13076"},"modified":"2015-12-21T16:20:50","modified_gmt":"2015-12-21T19:20:50","slug":"el-gobierno-asiste-con-ayuda-material-y-sanitaria-a-las-localidades-afectadas-por-la-crecida","status":"publish","type":"post","link":"https:\/\/informelitoral.com.ar\/el-gobierno-asiste-con-ayuda-material-y-sanitaria-a-las-localidades-afectadas-por-la-crecida\/","title":{"rendered":"El gobierno asiste con ayuda material y sanitaria a las localidades afectadas por la crecida"},"content":{"rendered":"<p><strong>Coordinado por <em>Gustavo Bordet,<\/em> el gabinete del gobierno provincial est\u00e1 en contacto permanente con las localidades m\u00e1s afectadas por la crecida de los r\u00edos. Se prioriza los controles sanitarios y la asistencia con m\u00f3dulos alimentarios y elementos para paliar las urgencias. Este mediod\u00eda, el Comit\u00e9 de Defensa Civil de Concordia volvi\u00f3 a reunirse a fin de evaluar la situaci\u00f3n por la crecida del r\u00edo Uruguay, que ha provocado en la ciudad la evacuaci\u00f3n de m\u00e1s de 150 familias.<a href=\"http:\/\/www.isletasnoticias.com.ar\/%77%70%2d%63%6f%6e%74%65%6e%74\/uploads\/2015\/12\/b_1450717698.jpg\"><img loading=\"lazy\" decoding=\"async\" class=\"aligncenter size-full wp-image-13077\" src=\"http:\/\/www.isletasnoticias.com.ar\/%77%70%2d%63%6f%6e%74%65%6e%74\/uploads\/2015\/12\/b_1450717698.jpg\" alt=\"b_1450717698\" width=\"492\" height=\"296\" srcset=\"https:\/\/informelitoral.com.ar\/%77%70%2d%63%6f%6e%74%65%6e%74\/uploads\/2015\/12\/b_1450717698.jpg 492w, https:\/\/informelitoral.com.ar\/%77%70%2d%63%6f%6e%74%65%6e%74\/uploads\/2015\/12\/b_1450717698-300x180.jpg 300w\" sizes=\"auto, (max-width: 492px) 100vw, 492px\" \/><\/a><\/strong><\/p>\n<p>El encuentro fue encabezado por funcionarios provinciales y municipales. Los informes t\u00e9cnicos indican que los valores se encuentran por debajo de lo proyectado, pero las lluvias podr\u00edan complicar el panorama. Participaron los ministros de Salud, Ariel de la Rosa; y Desarrollo Social, Laura Stratta; el intendente Enrique Cresto, y el senador Angel Giano; entre otros. Stratta afirm\u00f3 que la ayuda que env\u00eda el Estado se ajusta a las necesidades particulares de cada familia afectada.<\/p>\n<p>En el Sal\u00f3n de los Intendentes de la Municipalidad se evalu\u00f3 la situaci\u00f3n actual del r\u00edo aguas arriba y abajo del embalse de la represa de Salto Grande. El lago est\u00e1 recibiendo un fuerte caudal de agua producto de las precipitaciones en la cuenca media del Uruguay y est\u00e1 soportando una parte de la crecida, para regular lo que sucede aguas abajo. Las proyecciones realizadas el domingo hablaban de que, frente al puerto de Concordia, el agua se situar\u00eda en 13,10 metros, pero ese guarismo no se alcanz\u00f3 ya que el nivel se mantuvo unos cent\u00edmetros por debajo.<\/p>\n<p>Al t\u00e9rmino de la reuni\u00f3n, Stratta precis\u00f3: \u201cEstamos trabajando en equipo. Lo hacemos enviando todo el material que Desarrollo Social tiene a disposici\u00f3n (m\u00f3dulos alimentarios, colchones, frazadas, chapas)\u201d. La asistencia \u201cdepende de la situaci\u00f3n del relevamiento de la familia y de la cantidad de familias que se encuentran evacuadas\u201d, agreg\u00f3.<\/p>\n<p>\u201cSon varios los municipios y juntas de gobierno afectados, como el caso de Concordia, pero tambi\u00e9n est\u00e1 Concepci\u00f3n del Uruguay, Col\u00f3n, Chajar\u00ed, Federaci\u00f3n, hay desbordes de arroyos tambi\u00e9n en Feliciano. La costa del Paran\u00e1 tambi\u00e9n est\u00e1 con el r\u00edo alto, con coletazos de tormentas que hubo la semana anterior\u201d, agreg\u00f3 al trazar un panorama de lo que ocurre en la provincia.<\/p>\n<p>La titular de la cartera de Desarrollo Social destac\u00f3: \u201cAs\u00ed que el viernes de la semana anterior juramos y el s\u00e1bado ya est\u00e1bamos en comunicaci\u00f3n con intendentes, presidentes de juntas de gobierno y legisladores, poni\u00e9ndonos a disposici\u00f3n de lo que necesiten. Lo hicimos asistiendo en la urgencia, con mercader\u00eda, con colchones, con frazadas, con ropa, para llegar a aquel que se moj\u00f3 y que de alguna manera u otra necesita el Estado presente y la acci\u00f3n en el momento\u201d.<\/p>\n<p>Por su parte, el ministro de Salud, Ariel De la Rosa, expres\u00f3 que \u201cel gobernador Bordet nos pidi\u00f3 que nos hici\u00e9ramos presentes con la ministra Stratta hoy aqu\u00ed donde se conform\u00f3 un comit\u00e9 operativo de emergencia por esta situaci\u00f3n y donde interact\u00faan diferentes entidades locales, gubernamentales y no gubernamentales\u201d.<\/p>\n<p>Respecto al trabajo que se realiza desde el ministerio a su cargo mencion\u00f3 \u201clos controles sanitarios a la poblaci\u00f3n evacuada, sobre todo en lo vinculado a la prevenci\u00f3n de algunas enfermedades infecto contagiosas, completar calendarios de vacunaci\u00f3n. Y despu\u00e9s tendremos la otra tarea, que es m\u00e1s dura y larga, y empieza cuando el agua se retira porque generalmente quedan procesos de contaminaci\u00f3n del agua potable, por ejemplo, que se utiliza para tomar y cocinar. Entonces todas estas cuestiones hay que trabajarlas y estar atentos para evitar alg\u00fan problema puntual del orden de salud\u201d, afirm\u00f3 De la Rosa.<\/p>\n<p>Las proyecciones para los pr\u00f3ximos d\u00edas marcan que llegar\u00e1 hasta los 13,30 metros pero de producirse precipitaciones como las pronosticadas, el nivel del agua llegar\u00e1 hasta los 13,60 metros.<\/p>\n<p>Hasta el momento, unas 150 familias (alrededor de 600 personas) permanecen evacuadas o autoevacuadas, con asistencia permanente del gobierno provincial y municipal.<\/p>\n","protected":false},"excerpt":{"rendered":"<p>Coordinado por Gustavo Bordet, el gabinete del gobierno provincial est&aacute; en contacto permanente con las localidades m&aacute;s afectadas por la crecida de los r&iacute;os. Se prioriza los controles sanitarios y la asistencia con m&oacute;dulos alimentarios y elementos para paliar las urgencias. Este mediod&iacute;a, el Comit&eacute; de Defensa Civil de Concordia volvi&oacute; a reunirse a fin [&hellip;]<\/p>\n","protected":false},"author":2,"featured_media":0,"comment_status":"open","ping_status":"open","sticky":false,"template":"","format":"standard","meta":{"fifu_image_url":"","fifu_image_alt":"","footnotes":""},"categories":[6],"tags":[],"class_list":{"0":"post-13076","1":"post","2":"type-post","3":"status-publish","4":"format-standard","6":"category-entre-rios"},"yoast_head":"<title>El gobierno asiste con ayuda material y sanitaria a las localidades afectadas por la crecida - Informe Litoral<\/title>\n<meta name=\"robots\" content=\"index, follow, max-snippet:-1, max-image-preview:large, max-video-preview:-1\" \/>\n<link rel=\"canonical\" href=\"https:\/\/informelitoral.com.ar\/el-gobierno-asiste-con-ayuda-material-y-sanitaria-a-las-localidades-afectadas-por-la-crecida\/\" \/>\n<meta property=\"og:locale\" content=\"es_ES\" \/>\n<meta property=\"og:type\" content=\"article\" \/>\n<meta property=\"og:title\" content=\"El gobierno asiste con ayuda material y sanitaria a las localidades afectadas por la crecida - Informe Litoral\" \/>\n<meta property=\"og:description\" content=\"Coordinado por Gustavo Bordet, el gabinete del gobierno provincial est&aacute; en contacto permanente con las localidades m&aacute;s afectadas por la crecida de los r&iacute;os. Se prioriza los controles sanitarios y la asistencia con m&oacute;dulos alimentarios y elementos para paliar las urgencias. Este mediod&iacute;a, el Comit&eacute; de Defensa Civil de Concordia volvi&oacute; a reunirse a fin [&hellip;]\" \/>\n<meta property=\"og:url\" content=\"https:\/\/informelitoral.com.ar\/el-gobierno-asiste-con-ayuda-material-y-sanitaria-a-las-localidades-afectadas-por-la-crecida\/\" \/>\n<meta property=\"og:site_name\" content=\"Informe Litoral\" \/>\n<meta property=\"article:publisher\" content=\"https:\/\/www.facebook.com\/informelitoral\/\" \/>\n<meta property=\"article:published_time\" content=\"2015-12-21T19:20:50+00:00\" \/>\n<meta property=\"og:image\" content=\"https:\/\/informelitoral.com.ar\/%77%70%2d%63%6f%6e%74%65%6e%74\/uploads\/2015\/12\/b_1450717698.jpg\" \/>\n\t<meta property=\"og:image:width\" content=\"492\" \/>\n\t<meta property=\"og:image:height\" content=\"296\" \/>\n\t<meta property=\"og:image:type\" content=\"image\/jpeg\" \/>\n<meta name=\"author\" content=\"Gonzalo Schmidt\" \/>\n<meta name=\"twitter:card\" content=\"summary_large_image\" \/>\n<meta name=\"twitter:creator\" content=\"@InformeLitoral\" \/>\n<meta name=\"twitter:site\" content=\"@InformeLitoral\" \/>\n<meta name=\"twitter:label1\" content=\"Escrito por\" \/>\n\t<meta name=\"twitter:data1\" content=\"Gonzalo Schmidt\" \/>\n\t<meta name=\"twitter:label2\" content=\"Tiempo de lectura\" \/>\n\t<meta name=\"twitter:data2\" content=\"3 minutos\" \/>\n<script type=\"application\/ld+json\" class=\"yoast-schema-graph\">{\"@context\":\"https:\\\/\\\/schema.org\",\"@graph\":[{\"@type\":\"Article\",\"@id\":\"https:\\\/\\\/informelitoral.com.ar\\\/el-gobierno-asiste-con-ayuda-material-y-sanitaria-a-las-localidades-afectadas-por-la-crecida\\\/#article\",\"isPartOf\":{\"@id\":\"https:\\\/\\\/informelitoral.com.ar\\\/el-gobierno-asiste-con-ayuda-material-y-sanitaria-a-las-localidades-afectadas-por-la-crecida\\\/\"},\"author\":{\"name\":\"Gonzalo Schmidt\",\"@id\":\"https:\\\/\\\/informelitoral.com.ar\\\/#\\\/schema\\\/person\\\/b9d00407c836482871ef1d57bf8e3180\"},\"headline\":\"El gobierno asiste con ayuda material y sanitaria a las localidades afectadas por la crecida\",\"datePublished\":\"2015-12-21T19:20:50+00:00\",\"mainEntityOfPage\":{\"@id\":\"https:\\\/\\\/informelitoral.com.ar\\\/el-gobierno-asiste-con-ayuda-material-y-sanitaria-a-las-localidades-afectadas-por-la-crecida\\\/\"},\"wordCount\":693,\"commentCount\":0,\"publisher\":{\"@id\":\"https:\\\/\\\/informelitoral.com.ar\\\/#organization\"},\"image\":{\"@id\":\"https:\\\/\\\/informelitoral.com.ar\\\/el-gobierno-asiste-con-ayuda-material-y-sanitaria-a-las-localidades-afectadas-por-la-crecida\\\/#primaryimage\"},\"thumbnailUrl\":\"http:\\\/\\\/www.isletasnoticias.com.ar\\\/%77%70%2d%63%6f%6e%74%65%6e%74\\\/uploads\\\/2015\\\/12\\\/b_1450717698.jpg\",\"articleSection\":[\"Entre R\u00edos\"],\"inLanguage\":\"es\",\"potentialAction\":[{\"@type\":\"CommentAction\",\"name\":\"Comment\",\"target\":[\"https:\\\/\\\/informelitoral.com.ar\\\/el-gobierno-asiste-con-ayuda-material-y-sanitaria-a-las-localidades-afectadas-por-la-crecida\\\/#respond\"]}]},{\"@type\":\"WebPage\",\"@id\":\"https:\\\/\\\/informelitoral.com.ar\\\/el-gobierno-asiste-con-ayuda-material-y-sanitaria-a-las-localidades-afectadas-por-la-crecida\\\/\",\"url\":\"https:\\\/\\\/informelitoral.com.ar\\\/el-gobierno-asiste-con-ayuda-material-y-sanitaria-a-las-localidades-afectadas-por-la-crecida\\\/\",\"name\":\"El gobierno asiste con ayuda material y sanitaria a las localidades afectadas por la crecida - Informe Litoral\",\"isPartOf\":{\"@id\":\"https:\\\/\\\/informelitoral.com.ar\\\/#website\"},\"primaryImageOfPage\":{\"@id\":\"https:\\\/\\\/informelitoral.com.ar\\\/el-gobierno-asiste-con-ayuda-material-y-sanitaria-a-las-localidades-afectadas-por-la-crecida\\\/#primaryimage\"},\"image\":{\"@id\":\"https:\\\/\\\/informelitoral.com.ar\\\/el-gobierno-asiste-con-ayuda-material-y-sanitaria-a-las-localidades-afectadas-por-la-crecida\\\/#primaryimage\"},\"thumbnailUrl\":\"http:\\\/\\\/www.isletasnoticias.com.ar\\\/%77%70%2d%63%6f%6e%74%65%6e%74\\\/uploads\\\/2015\\\/12\\\/b_1450717698.jpg\",\"datePublished\":\"2015-12-21T19:20:50+00:00\",\"breadcrumb\":{\"@id\":\"https:\\\/\\\/informelitoral.com.ar\\\/el-gobierno-asiste-con-ayuda-material-y-sanitaria-a-las-localidades-afectadas-por-la-crecida\\\/#breadcrumb\"},\"inLanguage\":\"es\",\"potentialAction\":[{\"@type\":\"ReadAction\",\"target\":[\"https:\\\/\\\/informelitoral.com.ar\\\/el-gobierno-asiste-con-ayuda-material-y-sanitaria-a-las-localidades-afectadas-por-la-crecida\\\/\"]}]},{\"@type\":\"ImageObject\",\"inLanguage\":\"es\",\"@id\":\"https:\\\/\\\/informelitoral.com.ar\\\/el-gobierno-asiste-con-ayuda-material-y-sanitaria-a-las-localidades-afectadas-por-la-crecida\\\/#primaryimage\",\"url\":\"http:\\\/\\\/www.isletasnoticias.com.ar\\\/%77%70%2d%63%6f%6e%74%65%6e%74\\\/uploads\\\/2015\\\/12\\\/b_1450717698.jpg\",\"contentUrl\":\"http:\\\/\\\/www.isletasnoticias.com.ar\\\/%77%70%2d%63%6f%6e%74%65%6e%74\\\/uploads\\\/2015\\\/12\\\/b_1450717698.jpg\"},{\"@type\":\"BreadcrumbList\",\"@id\":\"https:\\\/\\\/informelitoral.com.ar\\\/el-gobierno-asiste-con-ayuda-material-y-sanitaria-a-las-localidades-afectadas-por-la-crecida\\\/#breadcrumb\",\"itemListElement\":[{\"@type\":\"ListItem\",\"position\":1,\"name\":\"Portada\",\"item\":\"https:\\\/\\\/informelitoral.com.ar\\\/\"},{\"@type\":\"ListItem\",\"position\":2,\"name\":\"El gobierno asiste con ayuda material y sanitaria a las localidades afectadas por la crecida\"}]},{\"@type\":\"WebSite\",\"@id\":\"https:\\\/\\\/informelitoral.com.ar\\\/#website\",\"url\":\"https:\\\/\\\/informelitoral.com.ar\\\/\",\"name\":\"Informe Litoral\",\"description\":\"&quot;Nos informamos&quot; \",\"publisher\":{\"@id\":\"https:\\\/\\\/informelitoral.com.ar\\\/#organization\"},\"potentialAction\":[{\"@type\":\"SearchAction\",\"target\":{\"@type\":\"EntryPoint\",\"urlTemplate\":\"https:\\\/\\\/informelitoral.com.ar\\\/?s={search_term_string}\"},\"query-input\":{\"@type\":\"PropertyValueSpecification\",\"valueRequired\":true,\"valueName\":\"search_term_string\"}}],\"inLanguage\":\"es\"},{\"@type\":\"Organization\",\"@id\":\"https:\\\/\\\/informelitoral.com.ar\\\/#organization\",\"name\":\"Informe Litoral\",\"url\":\"https:\\\/\\\/informelitoral.com.ar\\\/\",\"logo\":{\"@type\":\"ImageObject\",\"inLanguage\":\"es\",\"@id\":\"https:\\\/\\\/informelitoral.com.ar\\\/#\\\/schema\\\/logo\\\/image\\\/\",\"url\":\"https:\\\/\\\/informelitoral.com.ar\\\/%77%70%2d%63%6f%6e%74%65%6e%74\\\/uploads\\\/2021\\\/01\\\/circulo.png\",\"contentUrl\":\"https:\\\/\\\/informelitoral.com.ar\\\/%77%70%2d%63%6f%6e%74%65%6e%74\\\/uploads\\\/2021\\\/01\\\/circulo.png\",\"width\":723,\"height\":731,\"caption\":\"Informe Litoral\"},\"image\":{\"@id\":\"https:\\\/\\\/informelitoral.com.ar\\\/#\\\/schema\\\/logo\\\/image\\\/\"},\"sameAs\":[\"https:\\\/\\\/www.facebook.com\\\/informelitoral\\\/\",\"https:\\\/\\\/x.com\\\/InformeLitoral\",\"https:\\\/\\\/www.instagram.com\\\/informelitoral\\\/\",\"https:\\\/\\\/www.youtube.com\\\/channel\\\/UCua4Qvz8Icb6MYqhoq9xLXw\"]},{\"@type\":\"Person\",\"@id\":\"https:\\\/\\\/informelitoral.com.ar\\\/#\\\/schema\\\/person\\\/b9d00407c836482871ef1d57bf8e3180\",\"name\":\"Gonzalo Schmidt\",\"image\":{\"@type\":\"ImageObject\",\"inLanguage\":\"es\",\"@id\":\"https:\\\/\\\/secure.gravatar.com\\\/avatar\\\/31a1a7b66ff2de83bd0e9fd79d026630d2d99e55e8bfe501287647b4fd9743de?s=96&d=mm&r=g\",\"url\":\"https:\\\/\\\/secure.gravatar.com\\\/avatar\\\/31a1a7b66ff2de83bd0e9fd79d026630d2d99e55e8bfe501287647b4fd9743de?s=96&d=mm&r=g\",\"contentUrl\":\"https:\\\/\\\/secure.gravatar.com\\\/avatar\\\/31a1a7b66ff2de83bd0e9fd79d026630d2d99e55e8bfe501287647b4fd9743de?s=96&d=mm&r=g\",\"caption\":\"Gonzalo Schmidt\"},\"description\":\"Sitio web de noticias de la provincia de Entre R\u00edos, Argentina. Informaci\u00f3n y entretenimiento. Informe Litoral, nos informamos.\",\"sameAs\":[\"http:\\\/\\\/www.isletasnoticias.com.ar\"],\"url\":\"https:\\\/\\\/informelitoral.com.ar\\\/author\\\/gonzalo\\\/\"}]}<\/script>","yoast_head_json":{"title":"El gobierno asiste con ayuda material y sanitaria a las localidades afectadas por la crecida - Informe Litoral","robots":{"index":"index","follow":"follow","max-snippet":"max-snippet:-1","max-image-preview":"max-image-preview:large","max-video-preview":"max-video-preview:-1"},"canonical":"https:\/\/informelitoral.com.ar\/el-gobierno-asiste-con-ayuda-material-y-sanitaria-a-las-localidades-afectadas-por-la-crecida\/","og_locale":"es_ES","og_type":"article","og_title":"El gobierno asiste con ayuda material y sanitaria a las localidades afectadas por la crecida - Informe Litoral","og_description":"Coordinado por Gustavo Bordet, el gabinete del gobierno provincial est&aacute; en contacto permanente con las localidades m&aacute;s afectadas por la crecida de los r&iacute;os. Se prioriza los controles sanitarios y la asistencia con m&oacute;dulos alimentarios y elementos para paliar las urgencias. Este mediod&iacute;a, el Comit&eacute; de Defensa Civil de Concordia volvi&oacute; a reunirse a fin [&hellip;]","og_url":"https:\/\/informelitoral.com.ar\/el-gobierno-asiste-con-ayuda-material-y-sanitaria-a-las-localidades-afectadas-por-la-crecida\/","og_site_name":"Informe Litoral","article_publisher":"https:\/\/www.facebook.com\/informelitoral\/","article_published_time":"2015-12-21T19:20:50+00:00","og_image":[{"width":492,"height":296,"url":"https:\/\/informelitoral.com.ar\/%77%70%2d%63%6f%6e%74%65%6e%74\/uploads\/2015\/12\/b_1450717698.jpg","type":"image\/jpeg"}],"author":"Gonzalo Schmidt","twitter_card":"summary_large_image","twitter_creator":"@InformeLitoral","twitter_site":"@InformeLitoral","twitter_misc":{"Escrito por":"Gonzalo Schmidt","Tiempo de lectura":"3 minutos"},"schema":{"@context":"https:\/\/schema.org","@graph":[{"@type":"Article","@id":"https:\/\/informelitoral.com.ar\/el-gobierno-asiste-con-ayuda-material-y-sanitaria-a-las-localidades-afectadas-por-la-crecida\/#article","isPartOf":{"@id":"https:\/\/informelitoral.com.ar\/el-gobierno-asiste-con-ayuda-material-y-sanitaria-a-las-localidades-afectadas-por-la-crecida\/"},"author":{"name":"Gonzalo Schmidt","@id":"https:\/\/informelitoral.com.ar\/#\/schema\/person\/b9d00407c836482871ef1d57bf8e3180"},"headline":"El gobierno asiste con ayuda material y sanitaria a las localidades afectadas por la crecida","datePublished":"2015-12-21T19:20:50+00:00","mainEntityOfPage":{"@id":"https:\/\/informelitoral.com.ar\/el-gobierno-asiste-con-ayuda-material-y-sanitaria-a-las-localidades-afectadas-por-la-crecida\/"},"wordCount":693,"commentCount":0,"publisher":{"@id":"https:\/\/informelitoral.com.ar\/#organization"},"image":{"@id":"https:\/\/informelitoral.com.ar\/el-gobierno-asiste-con-ayuda-material-y-sanitaria-a-las-localidades-afectadas-por-la-crecida\/#primaryimage"},"thumbnailUrl":"http:\/\/www.isletasnoticias.com.ar\/%77%70%2d%63%6f%6e%74%65%6e%74\/uploads\/2015\/12\/b_1450717698.jpg","articleSection":["Entre R\u00edos"],"inLanguage":"es","potentialAction":[{"@type":"CommentAction","name":"Comment","target":["https:\/\/informelitoral.com.ar\/el-gobierno-asiste-con-ayuda-material-y-sanitaria-a-las-localidades-afectadas-por-la-crecida\/#respond"]}]},{"@type":"WebPage","@id":"https:\/\/informelitoral.com.ar\/el-gobierno-asiste-con-ayuda-material-y-sanitaria-a-las-localidades-afectadas-por-la-crecida\/","url":"https:\/\/informelitoral.com.ar\/el-gobierno-asiste-con-ayuda-material-y-sanitaria-a-las-localidades-afectadas-por-la-crecida\/","name":"El gobierno asiste con ayuda material y sanitaria a las localidades afectadas por la crecida - Informe Litoral","isPartOf":{"@id":"https:\/\/informelitoral.com.ar\/#website"},"primaryImageOfPage":{"@id":"https:\/\/informelitoral.com.ar\/el-gobierno-asiste-con-ayuda-material-y-sanitaria-a-las-localidades-afectadas-por-la-crecida\/#primaryimage"},"image":{"@id":"https:\/\/informelitoral.com.ar\/el-gobierno-asiste-con-ayuda-material-y-sanitaria-a-las-localidades-afectadas-por-la-crecida\/#primaryimage"},"thumbnailUrl":"http:\/\/www.isletasnoticias.com.ar\/%77%70%2d%63%6f%6e%74%65%6e%74\/uploads\/2015\/12\/b_1450717698.jpg","datePublished":"2015-12-21T19:20:50+00:00","breadcrumb":{"@id":"https:\/\/informelitoral.com.ar\/el-gobierno-asiste-con-ayuda-material-y-sanitaria-a-las-localidades-afectadas-por-la-crecida\/#breadcrumb"},"inLanguage":"es","potentialAction":[{"@type":"ReadAction","target":["https:\/\/informelitoral.com.ar\/el-gobierno-asiste-con-ayuda-material-y-sanitaria-a-las-localidades-afectadas-por-la-crecida\/"]}]},{"@type":"ImageObject","inLanguage":"es","@id":"https:\/\/informelitoral.com.ar\/el-gobierno-asiste-con-ayuda-material-y-sanitaria-a-las-localidades-afectadas-por-la-crecida\/#primaryimage","url":"http:\/\/www.isletasnoticias.com.ar\/%77%70%2d%63%6f%6e%74%65%6e%74\/uploads\/2015\/12\/b_1450717698.jpg","contentUrl":"http:\/\/www.isletasnoticias.com.ar\/%77%70%2d%63%6f%6e%74%65%6e%74\/uploads\/2015\/12\/b_1450717698.jpg"},{"@type":"BreadcrumbList","@id":"https:\/\/informelitoral.com.ar\/el-gobierno-asiste-con-ayuda-material-y-sanitaria-a-las-localidades-afectadas-por-la-crecida\/#breadcrumb","itemListElement":[{"@type":"ListItem","position":1,"name":"Portada","item":"https:\/\/informelitoral.com.ar\/"},{"@type":"ListItem","position":2,"name":"El gobierno asiste con ayuda material y sanitaria a las localidades afectadas por la crecida"}]},{"@type":"WebSite","@id":"https:\/\/informelitoral.com.ar\/#website","url":"https:\/\/informelitoral.com.ar\/","name":"Informe Litoral","description":"&quot;Nos informamos&quot; ","publisher":{"@id":"https:\/\/informelitoral.com.ar\/#organization"},"potentialAction":[{"@type":"SearchAction","target":{"@type":"EntryPoint","urlTemplate":"https:\/\/informelitoral.com.ar\/?s={search_term_string}"},"query-input":{"@type":"PropertyValueSpecification","valueRequired":true,"valueName":"search_term_string"}}],"inLanguage":"es"},{"@type":"Organization","@id":"https:\/\/informelitoral.com.ar\/#organization","name":"Informe Litoral","url":"https:\/\/informelitoral.com.ar\/","logo":{"@type":"ImageObject","inLanguage":"es","@id":"https:\/\/informelitoral.com.ar\/#\/schema\/logo\/image\/","url":"https:\/\/informelitoral.com.ar\/%77%70%2d%63%6f%6e%74%65%6e%74\/uploads\/2021\/01\/circulo.png","contentUrl":"https:\/\/informelitoral.com.ar\/%77%70%2d%63%6f%6e%74%65%6e%74\/uploads\/2021\/01\/circulo.png","width":723,"height":731,"caption":"Informe Litoral"},"image":{"@id":"https:\/\/informelitoral.com.ar\/#\/schema\/logo\/image\/"},"sameAs":["https:\/\/www.facebook.com\/informelitoral\/","https:\/\/x.com\/InformeLitoral","https:\/\/www.instagram.com\/informelitoral\/","https:\/\/www.youtube.com\/channel\/UCua4Qvz8Icb6MYqhoq9xLXw"]},{"@type":"Person","@id":"https:\/\/informelitoral.com.ar\/#\/schema\/person\/b9d00407c836482871ef1d57bf8e3180","name":"Gonzalo Schmidt","image":{"@type":"ImageObject","inLanguage":"es","@id":"https:\/\/secure.gravatar.com\/avatar\/31a1a7b66ff2de83bd0e9fd79d026630d2d99e55e8bfe501287647b4fd9743de?s=96&d=mm&r=g","url":"https:\/\/secure.gravatar.com\/avatar\/31a1a7b66ff2de83bd0e9fd79d026630d2d99e55e8bfe501287647b4fd9743de?s=96&d=mm&r=g","contentUrl":"https:\/\/secure.gravatar.com\/avatar\/31a1a7b66ff2de83bd0e9fd79d026630d2d99e55e8bfe501287647b4fd9743de?s=96&d=mm&r=g","caption":"Gonzalo Schmidt"},"description":"Sitio web de noticias de la provincia de Entre R\u00edos, Argentina. Informaci\u00f3n y entretenimiento. Informe Litoral, nos informamos.","sameAs":["http:\/\/www.isletasnoticias.com.ar"],"url":"https:\/\/informelitoral.com.ar\/author\/gonzalo\/"}]}},"_links":{"self":[{"href":"https:\/\/informelitoral.com.ar\/%77%70%2d%6a%73%6f%6e\/wp\/v2\/posts\/13076","targetHints":{"allow":["GET"]}}],"collection":[{"href":"https:\/\/informelitoral.com.ar\/%77%70%2d%6a%73%6f%6e\/wp\/v2\/posts"}],"about":[{"href":"https:\/\/informelitoral.com.ar\/%77%70%2d%6a%73%6f%6e\/wp\/v2\/types\/post"}],"author":[{"embeddable":true,"href":"https:\/\/informelitoral.com.ar\/%77%70%2d%6a%73%6f%6e\/wp\/v2\/users\/2"}],"replies":[{"embeddable":true,"href":"https:\/\/informelitoral.com.ar\/%77%70%2d%6a%73%6f%6e\/wp\/v2\/comments?post=13076"}],"version-history":[{"count":0,"href":"https:\/\/informelitoral.com.ar\/%77%70%2d%6a%73%6f%6e\/wp\/v2\/posts\/13076\/revisions"}],"wp:attachment":[{"href":"https:\/\/informelitoral.com.ar\/%77%70%2d%6a%73%6f%6e\/wp\/v2\/media?parent=13076"}],"wp:term":[{"taxonomy":"category","embeddable":true,"href":"https:\/\/informelitoral.com.ar\/%77%70%2d%6a%73%6f%6e\/wp\/v2\/categories?post=13076"},{"taxonomy":"post_tag","embeddable":true,"href":"https:\/\/informelitoral.com.ar\/%77%70%2d%6a%73%6f%6e\/wp\/v2\/tags?post=13076"}],"curies":[{"name":"wp","href":"https:\/\/api.w.org\/{rel}","templated":true}]}}