{"id":13070,"date":"2015-12-18T13:59:01","date_gmt":"2015-12-18T16:59:01","guid":{"rendered":"http:\/\/www.isletasnoticias.com.ar\/?p=13070"},"modified":"2015-12-18T13:59:01","modified_gmt":"2015-12-18T16:59:01","slug":"quienes-ganan-y-pierden-con-la-devaluacion-que-dicen-economistas-y-empresarios","status":"publish","type":"post","link":"https:\/\/informelitoral.com.ar\/quienes-ganan-y-pierden-con-la-devaluacion-que-dicen-economistas-y-empresarios\/","title":{"rendered":"Qui\u00e9nes ganan y pierden con la devaluaci\u00f3n: Qu\u00e9 dicen economistas y empresarios"},"content":{"rendered":"<header>\n<section class=\"bajada\"><strong>La correcci\u00f3n cambiaria tiene un impacto heterog\u00e9neo y reorientar\u00e1 los incentivos e inversiones a las actividades exportadoras. Los ganadores y los perdedores de la devaluaci\u00f3n. L<\/strong><strong>a visi\u00f3n de econo<\/strong><strong>mistas y empresarios.<a href=\"http:\/\/www.isletasnoticias.com.ar\/%77%70%2d%63%6f%6e%74%65%6e%74\/uploads\/2015\/12\/o_1450439784.jpg\"><img loading=\"lazy\" decoding=\"async\" class=\"aligncenter size-full wp-image-13071\" src=\"http:\/\/www.isletasnoticias.com.ar\/%77%70%2d%63%6f%6e%74%65%6e%74\/uploads\/2015\/12\/o_1450439784.jpg\" alt=\"o_1450439784\" width=\"800\" height=\"450\" srcset=\"https:\/\/informelitoral.com.ar\/%77%70%2d%63%6f%6e%74%65%6e%74\/uploads\/2015\/12\/o_1450439784.jpg 800w, https:\/\/informelitoral.com.ar\/%77%70%2d%63%6f%6e%74%65%6e%74\/uploads\/2015\/12\/o_1450439784-300x169.jpg 300w\" sizes=\"auto, (max-width: 800px) 100vw, 800px\" \/><\/a><\/strong><\/section>\n<\/header>\n<section class=\"bajada\">El nuevo ciclo econ\u00f3mico que llega con un ajuste del tipo de cambio oficial, afectar\u00e1 en forma diferenciada a los distintos sectores productivos de la Argentina. El impacto depender\u00e1 tanto de la magnitud de la devaluaci\u00f3n, como de otras medidas de pol\u00edtica fiscal, comercial y de regulaciones que la acompa\u00f1en, coinciden los economistas. Sin embargo, hay sectores claramente ganadores, como aquellos orientados a la exportaci\u00f3n, y otros que -al menos durante un tiempo- llevar\u00e1n las de perder, como los asalariados y la industria enfocada en el mercado interno.<\/section>\n<section class=\"bajada\">\u00abAnte todo, ajustar el tipo de cambio era una necesidad, m\u00e1s que una elecci\u00f3n\u00bb, destaca Mart\u00edn Polo, economista jefe de la consultora Analytica. \u00abLa clave est\u00e1 en que no puede ser una medida aislada, de lo contrario s\u00f3lo servir\u00e1 para el beneficio transitorio de algunos pocos y el perjuicio de muchos. Si se logra minimizar el traslado a precios y se reduce la incertidumbre, generar\u00e1 el envi\u00f3n necesario para que ingresen capitales y repunte la inversi\u00f3n\u00bb.<\/p>\n<p>Para Soledad P\u00e9rez Duhalde, de la consultora Abeceb, \u00abel cambio en el esquema de precios relativos reorientar\u00e1 los incentivos a las inversiones y producci\u00f3n hacia sectores transables y con capacidad de generar d\u00f3lares por exportaciones\u00bb. M\u00e1s entusiasta, Fausto Spotorno, de Orlando Ferreres y Asociados, afirma que \u00abcon la devaluaci\u00f3n, casi todos los sectores ganan. Los que exportan, como el agro y los bancos. Tambi\u00e9n los sectores que utilizan insumos importados, porque al levantarse las trabas, van a poder conseguirlos con mayor facilidad\u00bb. Los especialistas consultados coinciden en que en el nuevo mercado de cambios unificado, \u00abun valor razonable del d\u00f3lar deber\u00eda situarse en alrededor de 15 pesos\u00bb.<br \/>\nEn relaci\u00f3n al traslado a los precios que comenz\u00f3 a acelerarse a\u00fan antes de la asunci\u00f3n del nuevo presidente, Spotorno se\u00f1ala que \u00abno ser\u00e1 lineal. Entre enero de 2012 y hoy, el d\u00f3lar paralelo subi\u00f3 un 230% y el oficial 120%. Y los precios se situaron en un rango intermedio, con subas del 170%. Hay precios que ya se ajustaron un 200%, y otros, como los de aceites y grasas, que aumentaron 127% y est\u00e1n rezagados, por eso est\u00e1n subiendo ahora\u00bb.<\/p>\n<p><strong>Ganadores<\/strong><br \/>\n\u00abEl primer beneficiado con la devaluaci\u00f3n es el Banco Central -asegura Polo, de Analytica-, ya que dejar\u00e1 de regalar d\u00f3lares que no tiene\u00bb. El sector financiero, especialmente los bancos que est\u00e1n posicionados en d\u00f3lares, tambi\u00e9n se anotan entre los ganadores. A nivel de la econom\u00eda real, los productores de bienes transables (que se pueden exportar) acusar\u00e1n asimismo un impacto positivo. Especialmente el agro, que parte de niveles de rentabilidad deteriorados y precios internacionales en baja. \u00abTanto el aumento del d\u00f3lar como la eliminaci\u00f3n o reducci\u00f3n de los derechos de exportaci\u00f3n y retenciones, incentivar\u00e1n a liquidar unas 17 millones de toneladas de soja acumuladas en stock\u00bb, augura P\u00e9rez Duhalde, de Abeceb.<br \/>\nEl nuevo contexto tambi\u00e9n brindar\u00e1 impulso a actividades como la ganader\u00eda bovina y el trigo, y en menor medida la carne aviar y leche en polvo, que tendr\u00e1n un despegue exportador. Esta reactivaci\u00f3n impactar\u00e1 sobre sectores eslabonados, como agroqu\u00edmicos y maquinaria agr\u00edcola. \u00abEl mayor desaf\u00edo del nuevo gobierno ser\u00e1 atenuar el impacto de los mayores precios en la mesa de los argentinos, monitoreando los m\u00e1rgenes en la cadena de distribuci\u00f3n y comercializaci\u00f3n\u00bb.<\/p>\n<p>Las actividades extractivas, como miner\u00eda, petr\u00f3leo y gas, inician con una buena expectativa el nuevo ciclo. \u00abLa unificaci\u00f3n del mercado de cambios, una mayor previsibilidad en el flujos de divisas y regulaciones y mecanismos de tributaci\u00f3n m\u00e1s competitivos ser\u00e1n clave para el arribo de inversiones\u00bb, analiza un informe de Abeceb. Este clima de negocios acelerar\u00e1 algunos proyectos. Aunque la crisis en los mercados internacionales podr\u00eda demorar otros.<br \/>\nEn cuanto a la actividad inmobiliaria, se espera una reactivaci\u00f3n a partir de la unificaci\u00f3n cambiaria. El fin del \u00abcepo\u00bb facilitar\u00e1 la compra-venta de inmuebles, al tiempo que se reducir\u00e1n los costos de la construcci\u00f3n en d\u00f3lares, favoreciendo las inversiones.<\/p>\n<p>Las expectativas favorables para el 2016 generaron compras anticipadas de insumos y materiales para la construcci\u00f3n desde el segundo semestre de 2015. Este repunte ser\u00e1 financiado por los ahorros dolarizados que muchos argentinos tienen \u00abbajo el colch\u00f3n\u00bb, que por efecto de un d\u00f3lar m\u00e1s caro, se volcar\u00e1n a los ladrillos. Por otro lado, autoridades del nuevo Gobierno manifestaron la intenci\u00f3n de continuar con el programa Procrear, que moviliz\u00f3 la construcci\u00f3n en los \u00faltimos a\u00f1os.<br \/>\nEl desaf\u00edo a futuro ser\u00e1 promover cr\u00e9ditos hipotecarios con mayor inversi\u00f3n privada, y generar instrumentos de ahorro confiables a largo plazo y en pesos. En cuanto a las industrias, ser\u00e1n beneficiadas aquellas enfocadas al mercado externo, como los alimentos y bebidas. A la correcci\u00f3n del atraso cambiario y la reducci\u00f3n o eliminaci\u00f3n de los derechos de exportaci\u00f3n, podr\u00edan sumarse acuerdos comerciales que faciliten la llegada a nuevos mercados. La lista de sectores beneficiados tambi\u00e9n incluye a las sider\u00fargicas, ya que obtienen ingresos en moneda extranjera, y la exportaci\u00f3n de servicios de alto valor agregado, como el software.<\/p>\n<p><strong>En alerta<\/strong><br \/>\nEn consonancia con la heterogeneidad de la industria, el impacto de la devaluaci\u00f3n ser\u00e1 diferenciado. Para el sector automotriz y las industrias met\u00e1licas b\u00e1sicas, los efectos ser\u00e1n ambivalentes. \u00abEn 2015, estos sectores compensaron la ca\u00edda de exportaciones con mayores ventas al mercado dom\u00e9stico. Pero en 2016, la demanda interna ser\u00e1 d\u00e9bil, al tiempo que la externa seguir\u00e1 en baja por la crisis brasile\u00f1a y la contracci\u00f3n del negocio petrolero a escala global\u00bb, destaca el informe de Abeceb.<\/p>\n<p>En el caso automotriz, la normalizaci\u00f3n del acceso al mercado de cambios y a las importaciones, y una modificaci\u00f3n de los impuestos internos podr\u00edan dinamizar las ventas, que vienen sufriendo fuertes restricciones en oferta desde 2015.<br \/>\nLos sectores m\u00e1s vulnerables son los vinculados al mercado interno (que perder\u00e1 poder adquisitivo en t\u00e9rminos de d\u00f3lar), y que actualmente gozan de protecci\u00f3n comercial: textiles, calzado, juguetes, madera y muebles, electrodom\u00e9sticos, entre otras industrias, podr\u00edan verse afectadas por una mayor apertura comercial que facilite el ingreso de productos importados a menor precio.<\/p>\n<p><strong>Pymes, del aplauso al reclamo<\/strong><br \/>\nA diferencia de otros momentos hist\u00f3ricos, hoy el endeudamiento en d\u00f3lares de las peque\u00f1as y medianas empresas es casi nulo, lo que reduce el impacto de un ajuste cambiario. \u00abAlgunos sectores, como el turismo receptivo, ganar\u00e1n competitividad, pero el 80% de las pymes viven del mercado interno, y si baja el poder adquisitivo del salario y se reduce el consumo, la producci\u00f3n y el empleo se resentir\u00e1n\u00bb, analiza Vicente Lourenzo, de la Confederaci\u00f3n Argentina de la Mediana Empresa (CAME).<br \/>\n\u00abLa mayor\u00eda de los empresarios pyme ya tienen calculados sus costos a un valor del d\u00f3lar cercano a los 15 pesos, por lo que no deber\u00eda producirse una estampida de precios\u00bb, se\u00f1ala por su parte Aladino Benasi, de la Confederaci\u00f3n Econ\u00f3mica de la Provincia de Buenos Aires (CEPBA).<\/p>\n<p>Al dirigente empresarial, m\u00e1s que el d\u00f3lar y el cepo, le preocupa \u00abel no saber a\u00fan si los programas de apoyo a las pymes y algunos subsidios del ministerio de Trabajo van a continuar\u00bb. En el caso de la industria del juguete, \u00abla devaluaci\u00f3n representa un aumento en nuestros costos, pero por otro lado ayuda a que las f\u00e1bricas exportadoras recuperen competitividad y mercados externos perdidos\u00bb, destaca Mat\u00edas Furi\u00f3, presidente de la C\u00e1mara Argentina del Juguete.<br \/>\n\u00abEsperamos que el nuevo gobierno anuncie medidas econ\u00f3micas que lleven tranquilidad y corten la especulaci\u00f3n por parte de algunos proveedores de insumos. Ser\u00eda saludable un tipo de cambio con flotaci\u00f3n administrada, para que la devaluaci\u00f3n sea gradual y no frene la actividad. Nuestra industria es intensiva en mano de obra y requiere personal calificado, por lo que debemos cuidar el empleo. Nos lleva a\u00f1os formar operarios especializados\u00bb, destaca Furi\u00f3.<\/p>\n<p>\u00abHoy el juguete argentino se destaca por su calidad y dise\u00f1o, y esperamos que la coyuntura econ\u00f3mica no afecte las ventas de Navidad y Reyes, que son las m\u00e1s fuertes del a\u00f1o\u00bb. En la industria alimenticia, \u00abno s\u00f3lo impacta la devaluaci\u00f3n, sino otras medidas que se est\u00e1n tomando como la quita de retenciones a insumos como el trigo, que terminar\u00e1n encareciendo esta materia prima en el mercado inteno\u00bb, afirma Juan Airoldes, de la Uni\u00f3n de Industriales Fideeros (UIFRA). \u00abLa harina representa un 50% de los costos para la mayor\u00eda de las f\u00e1bricas, por lo que una suba de precios nos har\u00e1 menos competitivos para exportar, por m\u00e1s que hoy tenemos un excedente. Producimos unas 330 mil toneladas de fideos y podr\u00edamos llegar a 550 mil, ya que hay sobreoferta de trigo y de capacidad instalada\u00bb, destaca.<\/p>\n<p>En la C\u00e1mara de la Industria Electr\u00f3nica y Luminot\u00e9cnica, CADIELL, afirman que \u00abparte de la devaluaci\u00f3n ya est\u00e1 asumida en los costos\u00bb. Jorge Cavanna, presidente de la entidad, se\u00f1ala que \u00abmuchas operaciones se pasaron del d\u00f3lar comercial al d\u00f3lar bono, m\u00e1s cercano a los $ 15\u00bb. El sector perdi\u00f3 competitividad \u00abno s\u00f3lo por el tipo de cambio, sino por el pago de derechos de exportaci\u00f3n del 5%, y la demora en devolver los reintegros y el IVA, que llega a los seis meses.<\/p>\n<p>Tambi\u00e9n hay costos encubiertos, como log\u00edstica, transporte y leyes laborales que resultan una carga adicional\u00bb, detalla. La entidad trabaja en una propuesta para impulsar a las pymes exportadoras, que incluye una simplificaci\u00f3n de los tr\u00e1mites, facilitar las importaciones temporales de partes e insumos y el cr\u00e9dito mediante un banco de desarrollo, a semejanza del BNDEs, de Brasil.<br \/>\n\u00abEn 2011, las exportaciones pymes representaban un 11% del total y hoy retrocedieron al 8,3%, tenemos que recuperar el terreno perdido\u00bb, destaca el presidente de CADIEEL, al tiempo que se esperanza con el arranque de la Presidencia de Mauricio Macri, y con la continuidad del ministro de Ciencia, Lino Bara\u00f1ao, ya que \u00absin innovaci\u00f3n y sin desarrollos nuevos, no podremos competir, as\u00ed tengamos el mejor tipo de cambio\u00bb, concluye. <em>(Cronista Comercial)<\/em><\/p>\n<\/section>\n<div class=\"herramientas\"><\/div>\n","protected":false},"excerpt":{"rendered":"<p>La correcci&oacute;n cambiaria tiene un impacto heterog&eacute;neo y reorientar&aacute; los incentivos e inversiones a las actividades exportadoras. Los ganadores y los perdedores de la devaluaci&oacute;n. La visi&oacute;n de economistas y empresarios. El nuevo ciclo econ&oacute;mico que llega con un ajuste del tipo de cambio oficial, afectar&aacute; en forma diferenciada a los distintos sectores productivos de [&hellip;]<\/p>\n","protected":false},"author":2,"featured_media":0,"comment_status":"open","ping_status":"open","sticky":false,"template":"","format":"standard","meta":{"fifu_image_url":"","fifu_image_alt":"","footnotes":""},"categories":[7],"tags":[],"class_list":{"0":"post-13070","1":"post","2":"type-post","3":"status-publish","4":"format-standard","6":"category-nacionales"},"yoast_head":"<title>Qui\u00e9nes ganan y pierden con la devaluaci\u00f3n: Qu\u00e9 dicen economistas y empresarios - Informe Litoral<\/title>\n<meta name=\"robots\" content=\"index, follow, max-snippet:-1, max-image-preview:large, max-video-preview:-1\" \/>\n<link rel=\"canonical\" href=\"https:\/\/informelitoral.com.ar\/quienes-ganan-y-pierden-con-la-devaluacion-que-dicen-economistas-y-empresarios\/\" \/>\n<meta property=\"og:locale\" content=\"es_ES\" \/>\n<meta property=\"og:type\" content=\"article\" \/>\n<meta property=\"og:title\" content=\"Qui\u00e9nes ganan y pierden con la devaluaci\u00f3n: Qu\u00e9 dicen economistas y empresarios - Informe Litoral\" \/>\n<meta property=\"og:description\" content=\"La correcci&oacute;n cambiaria tiene un impacto heterog&eacute;neo y reorientar&aacute; los incentivos e inversiones a las actividades exportadoras. Los ganadores y los perdedores de la devaluaci&oacute;n. La visi&oacute;n de economistas y empresarios. El nuevo ciclo econ&oacute;mico que llega con un ajuste del tipo de cambio oficial, afectar&aacute; en forma diferenciada a los distintos sectores productivos de [&hellip;]\" \/>\n<meta property=\"og:url\" content=\"https:\/\/informelitoral.com.ar\/quienes-ganan-y-pierden-con-la-devaluacion-que-dicen-economistas-y-empresarios\/\" \/>\n<meta property=\"og:site_name\" content=\"Informe Litoral\" \/>\n<meta property=\"article:publisher\" content=\"https:\/\/www.facebook.com\/informelitoral\/\" \/>\n<meta property=\"article:published_time\" content=\"2015-12-18T16:59:01+00:00\" \/>\n<meta property=\"og:image\" content=\"https:\/\/informelitoral.com.ar\/%77%70%2d%63%6f%6e%74%65%6e%74\/uploads\/2015\/12\/o_1450439784.jpg\" \/>\n\t<meta property=\"og:image:width\" content=\"800\" \/>\n\t<meta property=\"og:image:height\" content=\"450\" \/>\n\t<meta property=\"og:image:type\" content=\"image\/jpeg\" \/>\n<meta name=\"author\" content=\"Gonzalo Schmidt\" \/>\n<meta name=\"twitter:card\" content=\"summary_large_image\" \/>\n<meta name=\"twitter:creator\" content=\"@InformeLitoral\" \/>\n<meta name=\"twitter:site\" content=\"@InformeLitoral\" \/>\n<meta name=\"twitter:label1\" content=\"Escrito por\" \/>\n\t<meta name=\"twitter:data1\" content=\"Gonzalo Schmidt\" \/>\n\t<meta name=\"twitter:label2\" content=\"Tiempo de lectura\" \/>\n\t<meta name=\"twitter:data2\" content=\"9 minutos\" \/>\n<script type=\"application\/ld+json\" class=\"yoast-schema-graph\">{\"@context\":\"https:\\\/\\\/schema.org\",\"@graph\":[{\"@type\":\"Article\",\"@id\":\"https:\\\/\\\/informelitoral.com.ar\\\/quienes-ganan-y-pierden-con-la-devaluacion-que-dicen-economistas-y-empresarios\\\/#article\",\"isPartOf\":{\"@id\":\"https:\\\/\\\/informelitoral.com.ar\\\/quienes-ganan-y-pierden-con-la-devaluacion-que-dicen-economistas-y-empresarios\\\/\"},\"author\":{\"name\":\"Gonzalo Schmidt\",\"@id\":\"https:\\\/\\\/informelitoral.com.ar\\\/#\\\/schema\\\/person\\\/b9d00407c836482871ef1d57bf8e3180\"},\"headline\":\"Qui\u00e9nes ganan y pierden con la devaluaci\u00f3n: Qu\u00e9 dicen economistas y empresarios\",\"datePublished\":\"2015-12-18T16:59:01+00:00\",\"mainEntityOfPage\":{\"@id\":\"https:\\\/\\\/informelitoral.com.ar\\\/quienes-ganan-y-pierden-con-la-devaluacion-que-dicen-economistas-y-empresarios\\\/\"},\"wordCount\":1788,\"commentCount\":0,\"publisher\":{\"@id\":\"https:\\\/\\\/informelitoral.com.ar\\\/#organization\"},\"image\":{\"@id\":\"https:\\\/\\\/informelitoral.com.ar\\\/quienes-ganan-y-pierden-con-la-devaluacion-que-dicen-economistas-y-empresarios\\\/#primaryimage\"},\"thumbnailUrl\":\"http:\\\/\\\/www.isletasnoticias.com.ar\\\/%77%70%2d%63%6f%6e%74%65%6e%74\\\/uploads\\\/2015\\\/12\\\/o_1450439784.jpg\",\"articleSection\":[\"Nacionales\"],\"inLanguage\":\"es\",\"potentialAction\":[{\"@type\":\"CommentAction\",\"name\":\"Comment\",\"target\":[\"https:\\\/\\\/informelitoral.com.ar\\\/quienes-ganan-y-pierden-con-la-devaluacion-que-dicen-economistas-y-empresarios\\\/#respond\"]}]},{\"@type\":\"WebPage\",\"@id\":\"https:\\\/\\\/informelitoral.com.ar\\\/quienes-ganan-y-pierden-con-la-devaluacion-que-dicen-economistas-y-empresarios\\\/\",\"url\":\"https:\\\/\\\/informelitoral.com.ar\\\/quienes-ganan-y-pierden-con-la-devaluacion-que-dicen-economistas-y-empresarios\\\/\",\"name\":\"Qui\u00e9nes ganan y pierden con la devaluaci\u00f3n: Qu\u00e9 dicen economistas y empresarios - Informe Litoral\",\"isPartOf\":{\"@id\":\"https:\\\/\\\/informelitoral.com.ar\\\/#website\"},\"primaryImageOfPage\":{\"@id\":\"https:\\\/\\\/informelitoral.com.ar\\\/quienes-ganan-y-pierden-con-la-devaluacion-que-dicen-economistas-y-empresarios\\\/#primaryimage\"},\"image\":{\"@id\":\"https:\\\/\\\/informelitoral.com.ar\\\/quienes-ganan-y-pierden-con-la-devaluacion-que-dicen-economistas-y-empresarios\\\/#primaryimage\"},\"thumbnailUrl\":\"http:\\\/\\\/www.isletasnoticias.com.ar\\\/%77%70%2d%63%6f%6e%74%65%6e%74\\\/uploads\\\/2015\\\/12\\\/o_1450439784.jpg\",\"datePublished\":\"2015-12-18T16:59:01+00:00\",\"breadcrumb\":{\"@id\":\"https:\\\/\\\/informelitoral.com.ar\\\/quienes-ganan-y-pierden-con-la-devaluacion-que-dicen-economistas-y-empresarios\\\/#breadcrumb\"},\"inLanguage\":\"es\",\"potentialAction\":[{\"@type\":\"ReadAction\",\"target\":[\"https:\\\/\\\/informelitoral.com.ar\\\/quienes-ganan-y-pierden-con-la-devaluacion-que-dicen-economistas-y-empresarios\\\/\"]}]},{\"@type\":\"ImageObject\",\"inLanguage\":\"es\",\"@id\":\"https:\\\/\\\/informelitoral.com.ar\\\/quienes-ganan-y-pierden-con-la-devaluacion-que-dicen-economistas-y-empresarios\\\/#primaryimage\",\"url\":\"http:\\\/\\\/www.isletasnoticias.com.ar\\\/%77%70%2d%63%6f%6e%74%65%6e%74\\\/uploads\\\/2015\\\/12\\\/o_1450439784.jpg\",\"contentUrl\":\"http:\\\/\\\/www.isletasnoticias.com.ar\\\/%77%70%2d%63%6f%6e%74%65%6e%74\\\/uploads\\\/2015\\\/12\\\/o_1450439784.jpg\"},{\"@type\":\"BreadcrumbList\",\"@id\":\"https:\\\/\\\/informelitoral.com.ar\\\/quienes-ganan-y-pierden-con-la-devaluacion-que-dicen-economistas-y-empresarios\\\/#breadcrumb\",\"itemListElement\":[{\"@type\":\"ListItem\",\"position\":1,\"name\":\"Portada\",\"item\":\"https:\\\/\\\/informelitoral.com.ar\\\/\"},{\"@type\":\"ListItem\",\"position\":2,\"name\":\"Qui\u00e9nes ganan y pierden con la devaluaci\u00f3n: Qu\u00e9 dicen economistas y empresarios\"}]},{\"@type\":\"WebSite\",\"@id\":\"https:\\\/\\\/informelitoral.com.ar\\\/#website\",\"url\":\"https:\\\/\\\/informelitoral.com.ar\\\/\",\"name\":\"Informe Litoral\",\"description\":\"&quot;Nos informamos&quot; \",\"publisher\":{\"@id\":\"https:\\\/\\\/informelitoral.com.ar\\\/#organization\"},\"potentialAction\":[{\"@type\":\"SearchAction\",\"target\":{\"@type\":\"EntryPoint\",\"urlTemplate\":\"https:\\\/\\\/informelitoral.com.ar\\\/?s={search_term_string}\"},\"query-input\":{\"@type\":\"PropertyValueSpecification\",\"valueRequired\":true,\"valueName\":\"search_term_string\"}}],\"inLanguage\":\"es\"},{\"@type\":\"Organization\",\"@id\":\"https:\\\/\\\/informelitoral.com.ar\\\/#organization\",\"name\":\"Informe Litoral\",\"url\":\"https:\\\/\\\/informelitoral.com.ar\\\/\",\"logo\":{\"@type\":\"ImageObject\",\"inLanguage\":\"es\",\"@id\":\"https:\\\/\\\/informelitoral.com.ar\\\/#\\\/schema\\\/logo\\\/image\\\/\",\"url\":\"https:\\\/\\\/informelitoral.com.ar\\\/%77%70%2d%63%6f%6e%74%65%6e%74\\\/uploads\\\/2021\\\/01\\\/circulo.png\",\"contentUrl\":\"https:\\\/\\\/informelitoral.com.ar\\\/%77%70%2d%63%6f%6e%74%65%6e%74\\\/uploads\\\/2021\\\/01\\\/circulo.png\",\"width\":723,\"height\":731,\"caption\":\"Informe Litoral\"},\"image\":{\"@id\":\"https:\\\/\\\/informelitoral.com.ar\\\/#\\\/schema\\\/logo\\\/image\\\/\"},\"sameAs\":[\"https:\\\/\\\/www.facebook.com\\\/informelitoral\\\/\",\"https:\\\/\\\/x.com\\\/InformeLitoral\",\"https:\\\/\\\/www.instagram.com\\\/informelitoral\\\/\",\"https:\\\/\\\/www.youtube.com\\\/channel\\\/UCua4Qvz8Icb6MYqhoq9xLXw\"]},{\"@type\":\"Person\",\"@id\":\"https:\\\/\\\/informelitoral.com.ar\\\/#\\\/schema\\\/person\\\/b9d00407c836482871ef1d57bf8e3180\",\"name\":\"Gonzalo Schmidt\",\"image\":{\"@type\":\"ImageObject\",\"inLanguage\":\"es\",\"@id\":\"https:\\\/\\\/secure.gravatar.com\\\/avatar\\\/31a1a7b66ff2de83bd0e9fd79d026630d2d99e55e8bfe501287647b4fd9743de?s=96&d=mm&r=g\",\"url\":\"https:\\\/\\\/secure.gravatar.com\\\/avatar\\\/31a1a7b66ff2de83bd0e9fd79d026630d2d99e55e8bfe501287647b4fd9743de?s=96&d=mm&r=g\",\"contentUrl\":\"https:\\\/\\\/secure.gravatar.com\\\/avatar\\\/31a1a7b66ff2de83bd0e9fd79d026630d2d99e55e8bfe501287647b4fd9743de?s=96&d=mm&r=g\",\"caption\":\"Gonzalo Schmidt\"},\"description\":\"Sitio web de noticias de la provincia de Entre R\u00edos, Argentina. Informaci\u00f3n y entretenimiento. Informe Litoral, nos informamos.\",\"sameAs\":[\"http:\\\/\\\/www.isletasnoticias.com.ar\"],\"url\":\"https:\\\/\\\/informelitoral.com.ar\\\/author\\\/gonzalo\\\/\"}]}<\/script>","yoast_head_json":{"title":"Qui\u00e9nes ganan y pierden con la devaluaci\u00f3n: Qu\u00e9 dicen economistas y empresarios - Informe Litoral","robots":{"index":"index","follow":"follow","max-snippet":"max-snippet:-1","max-image-preview":"max-image-preview:large","max-video-preview":"max-video-preview:-1"},"canonical":"https:\/\/informelitoral.com.ar\/quienes-ganan-y-pierden-con-la-devaluacion-que-dicen-economistas-y-empresarios\/","og_locale":"es_ES","og_type":"article","og_title":"Qui\u00e9nes ganan y pierden con la devaluaci\u00f3n: Qu\u00e9 dicen economistas y empresarios - Informe Litoral","og_description":"La correcci&oacute;n cambiaria tiene un impacto heterog&eacute;neo y reorientar&aacute; los incentivos e inversiones a las actividades exportadoras. Los ganadores y los perdedores de la devaluaci&oacute;n. La visi&oacute;n de economistas y empresarios. El nuevo ciclo econ&oacute;mico que llega con un ajuste del tipo de cambio oficial, afectar&aacute; en forma diferenciada a los distintos sectores productivos de [&hellip;]","og_url":"https:\/\/informelitoral.com.ar\/quienes-ganan-y-pierden-con-la-devaluacion-que-dicen-economistas-y-empresarios\/","og_site_name":"Informe Litoral","article_publisher":"https:\/\/www.facebook.com\/informelitoral\/","article_published_time":"2015-12-18T16:59:01+00:00","og_image":[{"width":800,"height":450,"url":"https:\/\/informelitoral.com.ar\/%77%70%2d%63%6f%6e%74%65%6e%74\/uploads\/2015\/12\/o_1450439784.jpg","type":"image\/jpeg"}],"author":"Gonzalo Schmidt","twitter_card":"summary_large_image","twitter_creator":"@InformeLitoral","twitter_site":"@InformeLitoral","twitter_misc":{"Escrito por":"Gonzalo Schmidt","Tiempo de lectura":"9 minutos"},"schema":{"@context":"https:\/\/schema.org","@graph":[{"@type":"Article","@id":"https:\/\/informelitoral.com.ar\/quienes-ganan-y-pierden-con-la-devaluacion-que-dicen-economistas-y-empresarios\/#article","isPartOf":{"@id":"https:\/\/informelitoral.com.ar\/quienes-ganan-y-pierden-con-la-devaluacion-que-dicen-economistas-y-empresarios\/"},"author":{"name":"Gonzalo Schmidt","@id":"https:\/\/informelitoral.com.ar\/#\/schema\/person\/b9d00407c836482871ef1d57bf8e3180"},"headline":"Qui\u00e9nes ganan y pierden con la devaluaci\u00f3n: Qu\u00e9 dicen economistas y empresarios","datePublished":"2015-12-18T16:59:01+00:00","mainEntityOfPage":{"@id":"https:\/\/informelitoral.com.ar\/quienes-ganan-y-pierden-con-la-devaluacion-que-dicen-economistas-y-empresarios\/"},"wordCount":1788,"commentCount":0,"publisher":{"@id":"https:\/\/informelitoral.com.ar\/#organization"},"image":{"@id":"https:\/\/informelitoral.com.ar\/quienes-ganan-y-pierden-con-la-devaluacion-que-dicen-economistas-y-empresarios\/#primaryimage"},"thumbnailUrl":"http:\/\/www.isletasnoticias.com.ar\/%77%70%2d%63%6f%6e%74%65%6e%74\/uploads\/2015\/12\/o_1450439784.jpg","articleSection":["Nacionales"],"inLanguage":"es","potentialAction":[{"@type":"CommentAction","name":"Comment","target":["https:\/\/informelitoral.com.ar\/quienes-ganan-y-pierden-con-la-devaluacion-que-dicen-economistas-y-empresarios\/#respond"]}]},{"@type":"WebPage","@id":"https:\/\/informelitoral.com.ar\/quienes-ganan-y-pierden-con-la-devaluacion-que-dicen-economistas-y-empresarios\/","url":"https:\/\/informelitoral.com.ar\/quienes-ganan-y-pierden-con-la-devaluacion-que-dicen-economistas-y-empresarios\/","name":"Qui\u00e9nes ganan y pierden con la devaluaci\u00f3n: Qu\u00e9 dicen economistas y empresarios - Informe Litoral","isPartOf":{"@id":"https:\/\/informelitoral.com.ar\/#website"},"primaryImageOfPage":{"@id":"https:\/\/informelitoral.com.ar\/quienes-ganan-y-pierden-con-la-devaluacion-que-dicen-economistas-y-empresarios\/#primaryimage"},"image":{"@id":"https:\/\/informelitoral.com.ar\/quienes-ganan-y-pierden-con-la-devaluacion-que-dicen-economistas-y-empresarios\/#primaryimage"},"thumbnailUrl":"http:\/\/www.isletasnoticias.com.ar\/%77%70%2d%63%6f%6e%74%65%6e%74\/uploads\/2015\/12\/o_1450439784.jpg","datePublished":"2015-12-18T16:59:01+00:00","breadcrumb":{"@id":"https:\/\/informelitoral.com.ar\/quienes-ganan-y-pierden-con-la-devaluacion-que-dicen-economistas-y-empresarios\/#breadcrumb"},"inLanguage":"es","potentialAction":[{"@type":"ReadAction","target":["https:\/\/informelitoral.com.ar\/quienes-ganan-y-pierden-con-la-devaluacion-que-dicen-economistas-y-empresarios\/"]}]},{"@type":"ImageObject","inLanguage":"es","@id":"https:\/\/informelitoral.com.ar\/quienes-ganan-y-pierden-con-la-devaluacion-que-dicen-economistas-y-empresarios\/#primaryimage","url":"http:\/\/www.isletasnoticias.com.ar\/%77%70%2d%63%6f%6e%74%65%6e%74\/uploads\/2015\/12\/o_1450439784.jpg","contentUrl":"http:\/\/www.isletasnoticias.com.ar\/%77%70%2d%63%6f%6e%74%65%6e%74\/uploads\/2015\/12\/o_1450439784.jpg"},{"@type":"BreadcrumbList","@id":"https:\/\/informelitoral.com.ar\/quienes-ganan-y-pierden-con-la-devaluacion-que-dicen-economistas-y-empresarios\/#breadcrumb","itemListElement":[{"@type":"ListItem","position":1,"name":"Portada","item":"https:\/\/informelitoral.com.ar\/"},{"@type":"ListItem","position":2,"name":"Qui\u00e9nes ganan y pierden con la devaluaci\u00f3n: Qu\u00e9 dicen economistas y empresarios"}]},{"@type":"WebSite","@id":"https:\/\/informelitoral.com.ar\/#website","url":"https:\/\/informelitoral.com.ar\/","name":"Informe Litoral","description":"&quot;Nos informamos&quot; ","publisher":{"@id":"https:\/\/informelitoral.com.ar\/#organization"},"potentialAction":[{"@type":"SearchAction","target":{"@type":"EntryPoint","urlTemplate":"https:\/\/informelitoral.com.ar\/?s={search_term_string}"},"query-input":{"@type":"PropertyValueSpecification","valueRequired":true,"valueName":"search_term_string"}}],"inLanguage":"es"},{"@type":"Organization","@id":"https:\/\/informelitoral.com.ar\/#organization","name":"Informe Litoral","url":"https:\/\/informelitoral.com.ar\/","logo":{"@type":"ImageObject","inLanguage":"es","@id":"https:\/\/informelitoral.com.ar\/#\/schema\/logo\/image\/","url":"https:\/\/informelitoral.com.ar\/%77%70%2d%63%6f%6e%74%65%6e%74\/uploads\/2021\/01\/circulo.png","contentUrl":"https:\/\/informelitoral.com.ar\/%77%70%2d%63%6f%6e%74%65%6e%74\/uploads\/2021\/01\/circulo.png","width":723,"height":731,"caption":"Informe Litoral"},"image":{"@id":"https:\/\/informelitoral.com.ar\/#\/schema\/logo\/image\/"},"sameAs":["https:\/\/www.facebook.com\/informelitoral\/","https:\/\/x.com\/InformeLitoral","https:\/\/www.instagram.com\/informelitoral\/","https:\/\/www.youtube.com\/channel\/UCua4Qvz8Icb6MYqhoq9xLXw"]},{"@type":"Person","@id":"https:\/\/informelitoral.com.ar\/#\/schema\/person\/b9d00407c836482871ef1d57bf8e3180","name":"Gonzalo Schmidt","image":{"@type":"ImageObject","inLanguage":"es","@id":"https:\/\/secure.gravatar.com\/avatar\/31a1a7b66ff2de83bd0e9fd79d026630d2d99e55e8bfe501287647b4fd9743de?s=96&d=mm&r=g","url":"https:\/\/secure.gravatar.com\/avatar\/31a1a7b66ff2de83bd0e9fd79d026630d2d99e55e8bfe501287647b4fd9743de?s=96&d=mm&r=g","contentUrl":"https:\/\/secure.gravatar.com\/avatar\/31a1a7b66ff2de83bd0e9fd79d026630d2d99e55e8bfe501287647b4fd9743de?s=96&d=mm&r=g","caption":"Gonzalo Schmidt"},"description":"Sitio web de noticias de la provincia de Entre R\u00edos, Argentina. Informaci\u00f3n y entretenimiento. Informe Litoral, nos informamos.","sameAs":["http:\/\/www.isletasnoticias.com.ar"],"url":"https:\/\/informelitoral.com.ar\/author\/gonzalo\/"}]}},"_links":{"self":[{"href":"https:\/\/informelitoral.com.ar\/%77%70%2d%6a%73%6f%6e\/wp\/v2\/posts\/13070","targetHints":{"allow":["GET"]}}],"collection":[{"href":"https:\/\/informelitoral.com.ar\/%77%70%2d%6a%73%6f%6e\/wp\/v2\/posts"}],"about":[{"href":"https:\/\/informelitoral.com.ar\/%77%70%2d%6a%73%6f%6e\/wp\/v2\/types\/post"}],"author":[{"embeddable":true,"href":"https:\/\/informelitoral.com.ar\/%77%70%2d%6a%73%6f%6e\/wp\/v2\/users\/2"}],"replies":[{"embeddable":true,"href":"https:\/\/informelitoral.com.ar\/%77%70%2d%6a%73%6f%6e\/wp\/v2\/comments?post=13070"}],"version-history":[{"count":0,"href":"https:\/\/informelitoral.com.ar\/%77%70%2d%6a%73%6f%6e\/wp\/v2\/posts\/13070\/revisions"}],"wp:attachment":[{"href":"https:\/\/informelitoral.com.ar\/%77%70%2d%6a%73%6f%6e\/wp\/v2\/media?parent=13070"}],"wp:term":[{"taxonomy":"category","embeddable":true,"href":"https:\/\/informelitoral.com.ar\/%77%70%2d%6a%73%6f%6e\/wp\/v2\/categories?post=13070"},{"taxonomy":"post_tag","embeddable":true,"href":"https:\/\/informelitoral.com.ar\/%77%70%2d%6a%73%6f%6e\/wp\/v2\/tags?post=13070"}],"curies":[{"name":"wp","href":"https:\/\/api.w.org\/{rel}","templated":true}]}}