{"id":13064,"date":"2015-12-18T13:45:45","date_gmt":"2015-12-18T16:45:45","guid":{"rendered":"http:\/\/www.isletasnoticias.com.ar\/?p=13064"},"modified":"2015-12-18T13:45:45","modified_gmt":"2015-12-18T16:45:45","slug":"despues-del-despilfarro-de-urribarri-el-silencio-de-los-helicopteros","status":"publish","type":"post","link":"https:\/\/informelitoral.com.ar\/despues-del-despilfarro-de-urribarri-el-silencio-de-los-helicopteros\/","title":{"rendered":"Despu\u00e9s del despilfarro de Urribarri, el silencio de los helic\u00f3pteros"},"content":{"rendered":"<p><strong>Fue todo un s\u00edmbolo de la gesti\u00f3n de <em>Sergio Urribarri<\/em>: el ruido de un helic\u00f3ptero anunciaba su llegada.<a href=\"http:\/\/www.isletasnoticias.com.ar\/%77%70%2d%63%6f%6e%74%65%6e%74\/uploads\/2015\/12\/o_1382018267.jpg\"><img loading=\"lazy\" decoding=\"async\" class=\"aligncenter size-full wp-image-13065\" src=\"http:\/\/www.isletasnoticias.com.ar\/%77%70%2d%63%6f%6e%74%65%6e%74\/uploads\/2015\/12\/o_1382018267.jpg\" alt=\"o_1382018267\" width=\"640\" height=\"360\" srcset=\"https:\/\/informelitoral.com.ar\/%77%70%2d%63%6f%6e%74%65%6e%74\/uploads\/2015\/12\/o_1382018267.jpg 640w, https:\/\/informelitoral.com.ar\/%77%70%2d%63%6f%6e%74%65%6e%74\/uploads\/2015\/12\/o_1382018267-300x169.jpg 300w\" sizes=\"auto, (max-width: 640px) 100vw, 640px\" \/><\/a><\/strong><\/p>\n<p>El exgobernador se manej\u00f3 en aeronaves de modo permanente y sin reparar en gastos: nada m\u00e1s que en el mantenimiento de los dos helic\u00f3pteros de la Polic\u00eda que utilizaba el entonces gobernador, la provincia gast\u00f3 310 mil d\u00f3lares en 2015, eso sin contar 1 mill\u00f3n de pesos en combustible y el alquiler de un avi\u00f3n para el Ejecutivo, que cost\u00f3 otros 321 mil d\u00f3lares.<\/p>\n<p>\u201cAhora est\u00e1 m\u00e1s silencioso el barrio, no se escucha nada\u201d, comentaba esta ma\u00f1ana un vecino de la Toma Vieja. Los viajes en helic\u00f3ptero del exgobernador Urribarri fueron tema de conversaci\u00f3n en los \u00faltimos a\u00f1os para los habitantes de la zona de la Escuela de Polic\u00eda, a tal punto que el humorista Ricardo Legu\u00edzamo incluy\u00f3 en su m\u00e1s reciente espect\u00e1culo un fragmento que refer\u00eda al permanente trajinar del helic\u00f3ptero que transportaba al ahora diputado provincial.<\/p>\n<p><a class=\"cboxElement\" href=\"http:\/\/entreriosahora.com\/%77%70%2d%63%6f%6e%74%65%6e%74\/uploads\/2015\/12\/HELICOP1.jpg\"><img loading=\"lazy\" decoding=\"async\" class=\"size-medium wp-image-18427 colorbox-18425 alignright\" src=\"http:\/\/entreriosahora.com\/%77%70%2d%63%6f%6e%74%65%6e%74\/uploads\/2015\/12\/HELICOP1-300x200.jpg\" alt=\"HELICOP1\" width=\"300\" height=\"200\" \/><\/a><\/p>\n<p>\u201c\u00a1Pato, decile a Blanca que mande a juntar la basura!\u201d, aseguraba el humorista que gritaba al cielo, cada vez que la nave pasaba por encima de su casa.<\/p>\n<p>\u201cAh\u00ed va el Pato, otra vez\u201d, era la frase repetida cuando el helic\u00f3ptero romp\u00eda el silencio en el noroeste de la ciudad: la Escuela de Polic\u00eda era el punto de partida y de regreso de las dos aeronaves que usaba el exgobernador a discreci\u00f3n: un Bell 427 y un Bell 429. Este \u00faltimo fue adquirido en el \u00fatimo per\u00edodo de Urribarri a un costo de 3,6 millones de d\u00f3lares.<\/p>\n<p>\u201cAhora no se escucha nada, ya no vuela el helic\u00f3ptero\u201d, hac\u00eda notar el vecino. Y es cierto. Desde que concluy\u00f3 el mandato de Sergio Urribarri, las aeronaves de la Polic\u00eda de Entre R\u00edos cejaron en su incesante actividad, y quedaron depositadas en el helipuerto de la Escuela de Polic\u00eda Salvador Maci\u00e1.<\/p>\n<p>El flamante gobernador de la provincia, Gustavo Bordet, al menos por ahora, elige otros modos de transporte.<\/p>\n<p>La ausencia de Urribarri, de movida, se hace notar: en el cielo y tambi\u00e9n en las cuentas p\u00fablicas.<\/p>\n<p>A la provincia le sali\u00f3 cara la afici\u00f3n del exmandatario por los helic\u00f3pteros.<\/p>\n<p><a class=\"cboxElement\" href=\"http:\/\/entreriosahora.com\/%77%70%2d%63%6f%6e%74%65%6e%74\/uploads\/2015\/12\/HELICOP3.jpg\"><img loading=\"lazy\" decoding=\"async\" class=\"size-medium wp-image-18429 colorbox-18425 alignright\" src=\"http:\/\/entreriosahora.com\/%77%70%2d%63%6f%6e%74%65%6e%74\/uploads\/2015\/12\/HELICOP3-300x199.jpg\" alt=\"HELICOP3\" width=\"300\" height=\"199\" \/><\/a><\/p>\n<p>Nada m\u00e1s que en mantenimiento, en 2015, el Gobierno necesit\u00f3 invertir unos 310 mil d\u00f3lares, sin contar la hora hombre del trabajo (100 d\u00f3lares la hora) y el mill\u00f3n de pesos gastado en combustibles para ambas m\u00e1quinas. Todo eso, s\u00f3lo en un a\u00f1o.<\/p>\n<p>Concretamente, el decreto 94\/2015, con fecha 30 de enero de 2015, autoriz\u00f3 el gasto de 310 mil d\u00f3lares a pagar a la firma Servicios Helicenter S.A. para el \u201dservicio de mantenimiento programado\u201d de los dos helic\u00f3pteros, as\u00ed como tambi\u00e9n el pago de 100 d\u00f3lares la hora hombre por \u201cservicio de mantenimiento y reparaci\u00f3n\u201d.<\/p>\n<p>Otro decreto \u2013el N\u00b0 784\/2015, con fecha 1\u00b0 de abril de 2015- aprob\u00f3 el gasto de un mill\u00f3n de pesos para combustibles de ambos helic\u00f3pteros.<\/p>\n<p>Al mismo tiempo, el Gobierno de Entre R\u00edos, invirti\u00f3 este a\u00f1o en la capacitaci\u00f3n de ocho pilotos en una Comisi\u00f3n de Servicios, realizada en Texas, Estados Unidos, una cifra estimada en unos 20 mil d\u00f3lares por cada uno.<\/p>\n<p><a class=\"cboxElement\" href=\"http:\/\/entreriosahora.com\/%77%70%2d%63%6f%6e%74%65%6e%74\/uploads\/2015\/12\/HELICOP5.jpg\"><img loading=\"lazy\" decoding=\"async\" class=\"size-medium wp-image-18430 colorbox-18425 alignright\" src=\"http:\/\/entreriosahora.com\/%77%70%2d%63%6f%6e%74%65%6e%74\/uploads\/2015\/12\/HELICOP5-300x200.jpg\" alt=\"HELICOP5\" width=\"300\" height=\"200\" \/><\/a><\/p>\n<p><strong>TAMBI\u00c9N EN AVI\u00d3N.<\/strong><\/p>\n<p>L\u00edneas A\u00e9res de Entre R\u00edos (Laer) no vuela desde marzo de 2014. Desde hace un a\u00f1o y medio Laer es una ficci\u00f3n: una aerol\u00ednea sin aviones y que, adem\u00e1s, no vuela.<\/p>\n<p>La aerol\u00ednea estatal no ofrece servicios, cuenta con una planta de 35 empleados que sostiene con los subsidios recibidos de Gobierno.<\/p>\n<p>Sin Laer en el aire, en la gesti\u00f3n de Urribarri el Gobierno de Entre R\u00edos contrat\u00f3 los servicios de Pacific Ocean, una firma del grupo London Supply, investigado en el marco de la causa abierta tras la estatizaci\u00f3n de Ciccone Calcogr\u00e1fica SA.<\/p>\n<p>Por 60.000 kil\u00f3metros de recorrido para ofrecer \u201cservicio de traslado a\u00e9reo para el titular del Poder Ejecutivo o funcionarios que designe\u201d, la firma cobr\u00f3\u00a0 321.555 d\u00f3lares.<\/p>\n<p><a class=\"cboxElement\" href=\"http:\/\/entreriosahora.com\/%77%70%2d%63%6f%6e%74%65%6e%74\/uploads\/2015\/12\/HILICOPOTRA1.jpg\"><img loading=\"lazy\" decoding=\"async\" class=\"size-medium wp-image-18428 colorbox-18425 alignright\" src=\"http:\/\/entreriosahora.com\/%77%70%2d%63%6f%6e%74%65%6e%74\/uploads\/2015\/12\/HILICOPOTRA1-300x200.jpg\" alt=\"HILICOPOTRA1\" width=\"300\" height=\"200\" \/><\/a><\/p>\n<p>En muy poco tiempo, para cumplir con su ajetreada agenda el exgobernador gast\u00f3 m\u00e1s de 700 mil d\u00f3lares de las abatidas arcas provinciales.<\/p>\n<p>Ahora, sin embargo, retorn\u00f3 el silencio y la quietud: los vecinos no oyen los viajes de Urribarri, ni miran al cielo para hacer sus reclamos.<\/p>\n<p>\u201cOjo, que ahora no empiece a volar Mauro\u201d, advert\u00eda otro vecino, en clara alusi\u00f3n al hijo del exgobernador, designado ministro de Gobierno de Bordet.\u00a0<em>(Redacci\u00f3n de Entre R\u00edos Ahora)<\/em><\/p>\n","protected":false},"excerpt":{"rendered":"<p>Fue todo un s&iacute;mbolo de la gesti&oacute;n de Sergio Urribarri: el ruido de un helic&oacute;ptero anunciaba su llegada. El exgobernador se manej&oacute; en aeronaves de modo permanente y sin reparar en gastos: nada m&aacute;s que en el mantenimiento de los dos helic&oacute;pteros de la Polic&iacute;a que utilizaba el entonces gobernador, la provincia gast&oacute; 310 mil [&hellip;]<\/p>\n","protected":false},"author":2,"featured_media":0,"comment_status":"open","ping_status":"open","sticky":false,"template":"","format":"standard","meta":{"fifu_image_url":"","fifu_image_alt":"","footnotes":""},"categories":[6,16],"tags":[],"class_list":{"0":"post-13064","1":"post","2":"type-post","3":"status-publish","4":"format-standard","6":"category-entre-rios","7":"category-politi"},"yoast_head":"<title>Despu\u00e9s del despilfarro de Urribarri, el silencio de los helic\u00f3pteros - Informe Litoral<\/title>\n<meta name=\"robots\" content=\"index, follow, max-snippet:-1, max-image-preview:large, max-video-preview:-1\" \/>\n<link rel=\"canonical\" href=\"https:\/\/informelitoral.com.ar\/despues-del-despilfarro-de-urribarri-el-silencio-de-los-helicopteros\/\" \/>\n<meta property=\"og:locale\" content=\"es_ES\" \/>\n<meta property=\"og:type\" content=\"article\" \/>\n<meta property=\"og:title\" content=\"Despu\u00e9s del despilfarro de Urribarri, el silencio de los helic\u00f3pteros - Informe Litoral\" \/>\n<meta property=\"og:description\" content=\"Fue todo un s&iacute;mbolo de la gesti&oacute;n de Sergio Urribarri: el ruido de un helic&oacute;ptero anunciaba su llegada. El exgobernador se manej&oacute; en aeronaves de modo permanente y sin reparar en gastos: nada m&aacute;s que en el mantenimiento de los dos helic&oacute;pteros de la Polic&iacute;a que utilizaba el entonces gobernador, la provincia gast&oacute; 310 mil [&hellip;]\" \/>\n<meta property=\"og:url\" content=\"https:\/\/informelitoral.com.ar\/despues-del-despilfarro-de-urribarri-el-silencio-de-los-helicopteros\/\" \/>\n<meta property=\"og:site_name\" content=\"Informe Litoral\" \/>\n<meta property=\"article:publisher\" content=\"https:\/\/www.facebook.com\/informelitoral\/\" \/>\n<meta property=\"article:published_time\" content=\"2015-12-18T16:45:45+00:00\" \/>\n<meta property=\"og:image\" content=\"https:\/\/informelitoral.com.ar\/%77%70%2d%63%6f%6e%74%65%6e%74\/uploads\/2015\/12\/o_1382018267.jpg\" \/>\n\t<meta property=\"og:image:width\" content=\"640\" \/>\n\t<meta property=\"og:image:height\" content=\"360\" \/>\n\t<meta property=\"og:image:type\" content=\"image\/jpeg\" \/>\n<meta name=\"author\" content=\"Gonzalo Schmidt\" \/>\n<meta name=\"twitter:card\" content=\"summary_large_image\" \/>\n<meta name=\"twitter:creator\" content=\"@InformeLitoral\" \/>\n<meta name=\"twitter:site\" content=\"@InformeLitoral\" \/>\n<meta name=\"twitter:label1\" content=\"Escrito por\" \/>\n\t<meta name=\"twitter:data1\" content=\"Gonzalo Schmidt\" \/>\n\t<meta name=\"twitter:label2\" content=\"Tiempo de lectura\" \/>\n\t<meta name=\"twitter:data2\" content=\"4 minutos\" \/>\n<script type=\"application\/ld+json\" class=\"yoast-schema-graph\">{\"@context\":\"https:\\\/\\\/schema.org\",\"@graph\":[{\"@type\":\"Article\",\"@id\":\"https:\\\/\\\/informelitoral.com.ar\\\/despues-del-despilfarro-de-urribarri-el-silencio-de-los-helicopteros\\\/#article\",\"isPartOf\":{\"@id\":\"https:\\\/\\\/informelitoral.com.ar\\\/despues-del-despilfarro-de-urribarri-el-silencio-de-los-helicopteros\\\/\"},\"author\":{\"name\":\"Gonzalo Schmidt\",\"@id\":\"https:\\\/\\\/informelitoral.com.ar\\\/#\\\/schema\\\/person\\\/b9d00407c836482871ef1d57bf8e3180\"},\"headline\":\"Despu\u00e9s del despilfarro de Urribarri, el silencio de los helic\u00f3pteros\",\"datePublished\":\"2015-12-18T16:45:45+00:00\",\"mainEntityOfPage\":{\"@id\":\"https:\\\/\\\/informelitoral.com.ar\\\/despues-del-despilfarro-de-urribarri-el-silencio-de-los-helicopteros\\\/\"},\"wordCount\":779,\"commentCount\":0,\"publisher\":{\"@id\":\"https:\\\/\\\/informelitoral.com.ar\\\/#organization\"},\"image\":{\"@id\":\"https:\\\/\\\/informelitoral.com.ar\\\/despues-del-despilfarro-de-urribarri-el-silencio-de-los-helicopteros\\\/#primaryimage\"},\"thumbnailUrl\":\"http:\\\/\\\/www.isletasnoticias.com.ar\\\/%77%70%2d%63%6f%6e%74%65%6e%74\\\/uploads\\\/2015\\\/12\\\/o_1382018267.jpg\",\"articleSection\":[\"Entre R\u00edos\",\"Politica\"],\"inLanguage\":\"es\",\"potentialAction\":[{\"@type\":\"CommentAction\",\"name\":\"Comment\",\"target\":[\"https:\\\/\\\/informelitoral.com.ar\\\/despues-del-despilfarro-de-urribarri-el-silencio-de-los-helicopteros\\\/#respond\"]}]},{\"@type\":\"WebPage\",\"@id\":\"https:\\\/\\\/informelitoral.com.ar\\\/despues-del-despilfarro-de-urribarri-el-silencio-de-los-helicopteros\\\/\",\"url\":\"https:\\\/\\\/informelitoral.com.ar\\\/despues-del-despilfarro-de-urribarri-el-silencio-de-los-helicopteros\\\/\",\"name\":\"Despu\u00e9s del despilfarro de Urribarri, el silencio de los helic\u00f3pteros - Informe Litoral\",\"isPartOf\":{\"@id\":\"https:\\\/\\\/informelitoral.com.ar\\\/#website\"},\"primaryImageOfPage\":{\"@id\":\"https:\\\/\\\/informelitoral.com.ar\\\/despues-del-despilfarro-de-urribarri-el-silencio-de-los-helicopteros\\\/#primaryimage\"},\"image\":{\"@id\":\"https:\\\/\\\/informelitoral.com.ar\\\/despues-del-despilfarro-de-urribarri-el-silencio-de-los-helicopteros\\\/#primaryimage\"},\"thumbnailUrl\":\"http:\\\/\\\/www.isletasnoticias.com.ar\\\/%77%70%2d%63%6f%6e%74%65%6e%74\\\/uploads\\\/2015\\\/12\\\/o_1382018267.jpg\",\"datePublished\":\"2015-12-18T16:45:45+00:00\",\"breadcrumb\":{\"@id\":\"https:\\\/\\\/informelitoral.com.ar\\\/despues-del-despilfarro-de-urribarri-el-silencio-de-los-helicopteros\\\/#breadcrumb\"},\"inLanguage\":\"es\",\"potentialAction\":[{\"@type\":\"ReadAction\",\"target\":[\"https:\\\/\\\/informelitoral.com.ar\\\/despues-del-despilfarro-de-urribarri-el-silencio-de-los-helicopteros\\\/\"]}]},{\"@type\":\"ImageObject\",\"inLanguage\":\"es\",\"@id\":\"https:\\\/\\\/informelitoral.com.ar\\\/despues-del-despilfarro-de-urribarri-el-silencio-de-los-helicopteros\\\/#primaryimage\",\"url\":\"http:\\\/\\\/www.isletasnoticias.com.ar\\\/%77%70%2d%63%6f%6e%74%65%6e%74\\\/uploads\\\/2015\\\/12\\\/o_1382018267.jpg\",\"contentUrl\":\"http:\\\/\\\/www.isletasnoticias.com.ar\\\/%77%70%2d%63%6f%6e%74%65%6e%74\\\/uploads\\\/2015\\\/12\\\/o_1382018267.jpg\"},{\"@type\":\"BreadcrumbList\",\"@id\":\"https:\\\/\\\/informelitoral.com.ar\\\/despues-del-despilfarro-de-urribarri-el-silencio-de-los-helicopteros\\\/#breadcrumb\",\"itemListElement\":[{\"@type\":\"ListItem\",\"position\":1,\"name\":\"Portada\",\"item\":\"https:\\\/\\\/informelitoral.com.ar\\\/\"},{\"@type\":\"ListItem\",\"position\":2,\"name\":\"Despu\u00e9s del despilfarro de Urribarri, el silencio de los helic\u00f3pteros\"}]},{\"@type\":\"WebSite\",\"@id\":\"https:\\\/\\\/informelitoral.com.ar\\\/#website\",\"url\":\"https:\\\/\\\/informelitoral.com.ar\\\/\",\"name\":\"Informe Litoral\",\"description\":\"&quot;Nos informamos&quot; \",\"publisher\":{\"@id\":\"https:\\\/\\\/informelitoral.com.ar\\\/#organization\"},\"potentialAction\":[{\"@type\":\"SearchAction\",\"target\":{\"@type\":\"EntryPoint\",\"urlTemplate\":\"https:\\\/\\\/informelitoral.com.ar\\\/?s={search_term_string}\"},\"query-input\":{\"@type\":\"PropertyValueSpecification\",\"valueRequired\":true,\"valueName\":\"search_term_string\"}}],\"inLanguage\":\"es\"},{\"@type\":\"Organization\",\"@id\":\"https:\\\/\\\/informelitoral.com.ar\\\/#organization\",\"name\":\"Informe Litoral\",\"url\":\"https:\\\/\\\/informelitoral.com.ar\\\/\",\"logo\":{\"@type\":\"ImageObject\",\"inLanguage\":\"es\",\"@id\":\"https:\\\/\\\/informelitoral.com.ar\\\/#\\\/schema\\\/logo\\\/image\\\/\",\"url\":\"https:\\\/\\\/informelitoral.com.ar\\\/%77%70%2d%63%6f%6e%74%65%6e%74\\\/uploads\\\/2021\\\/01\\\/circulo.png\",\"contentUrl\":\"https:\\\/\\\/informelitoral.com.ar\\\/%77%70%2d%63%6f%6e%74%65%6e%74\\\/uploads\\\/2021\\\/01\\\/circulo.png\",\"width\":723,\"height\":731,\"caption\":\"Informe Litoral\"},\"image\":{\"@id\":\"https:\\\/\\\/informelitoral.com.ar\\\/#\\\/schema\\\/logo\\\/image\\\/\"},\"sameAs\":[\"https:\\\/\\\/www.facebook.com\\\/informelitoral\\\/\",\"https:\\\/\\\/x.com\\\/InformeLitoral\",\"https:\\\/\\\/www.instagram.com\\\/informelitoral\\\/\",\"https:\\\/\\\/www.youtube.com\\\/channel\\\/UCua4Qvz8Icb6MYqhoq9xLXw\"]},{\"@type\":\"Person\",\"@id\":\"https:\\\/\\\/informelitoral.com.ar\\\/#\\\/schema\\\/person\\\/b9d00407c836482871ef1d57bf8e3180\",\"name\":\"Gonzalo Schmidt\",\"image\":{\"@type\":\"ImageObject\",\"inLanguage\":\"es\",\"@id\":\"https:\\\/\\\/secure.gravatar.com\\\/avatar\\\/31a1a7b66ff2de83bd0e9fd79d026630d2d99e55e8bfe501287647b4fd9743de?s=96&d=mm&r=g\",\"url\":\"https:\\\/\\\/secure.gravatar.com\\\/avatar\\\/31a1a7b66ff2de83bd0e9fd79d026630d2d99e55e8bfe501287647b4fd9743de?s=96&d=mm&r=g\",\"contentUrl\":\"https:\\\/\\\/secure.gravatar.com\\\/avatar\\\/31a1a7b66ff2de83bd0e9fd79d026630d2d99e55e8bfe501287647b4fd9743de?s=96&d=mm&r=g\",\"caption\":\"Gonzalo Schmidt\"},\"description\":\"Sitio web de noticias de la provincia de Entre R\u00edos, Argentina. Informaci\u00f3n y entretenimiento. Informe Litoral, nos informamos.\",\"sameAs\":[\"http:\\\/\\\/www.isletasnoticias.com.ar\"],\"url\":\"https:\\\/\\\/informelitoral.com.ar\\\/author\\\/gonzalo\\\/\"}]}<\/script>","yoast_head_json":{"title":"Despu\u00e9s del despilfarro de Urribarri, el silencio de los helic\u00f3pteros - Informe Litoral","robots":{"index":"index","follow":"follow","max-snippet":"max-snippet:-1","max-image-preview":"max-image-preview:large","max-video-preview":"max-video-preview:-1"},"canonical":"https:\/\/informelitoral.com.ar\/despues-del-despilfarro-de-urribarri-el-silencio-de-los-helicopteros\/","og_locale":"es_ES","og_type":"article","og_title":"Despu\u00e9s del despilfarro de Urribarri, el silencio de los helic\u00f3pteros - Informe Litoral","og_description":"Fue todo un s&iacute;mbolo de la gesti&oacute;n de Sergio Urribarri: el ruido de un helic&oacute;ptero anunciaba su llegada. El exgobernador se manej&oacute; en aeronaves de modo permanente y sin reparar en gastos: nada m&aacute;s que en el mantenimiento de los dos helic&oacute;pteros de la Polic&iacute;a que utilizaba el entonces gobernador, la provincia gast&oacute; 310 mil [&hellip;]","og_url":"https:\/\/informelitoral.com.ar\/despues-del-despilfarro-de-urribarri-el-silencio-de-los-helicopteros\/","og_site_name":"Informe Litoral","article_publisher":"https:\/\/www.facebook.com\/informelitoral\/","article_published_time":"2015-12-18T16:45:45+00:00","og_image":[{"width":640,"height":360,"url":"https:\/\/informelitoral.com.ar\/%77%70%2d%63%6f%6e%74%65%6e%74\/uploads\/2015\/12\/o_1382018267.jpg","type":"image\/jpeg"}],"author":"Gonzalo Schmidt","twitter_card":"summary_large_image","twitter_creator":"@InformeLitoral","twitter_site":"@InformeLitoral","twitter_misc":{"Escrito por":"Gonzalo Schmidt","Tiempo de lectura":"4 minutos"},"schema":{"@context":"https:\/\/schema.org","@graph":[{"@type":"Article","@id":"https:\/\/informelitoral.com.ar\/despues-del-despilfarro-de-urribarri-el-silencio-de-los-helicopteros\/#article","isPartOf":{"@id":"https:\/\/informelitoral.com.ar\/despues-del-despilfarro-de-urribarri-el-silencio-de-los-helicopteros\/"},"author":{"name":"Gonzalo Schmidt","@id":"https:\/\/informelitoral.com.ar\/#\/schema\/person\/b9d00407c836482871ef1d57bf8e3180"},"headline":"Despu\u00e9s del despilfarro de Urribarri, el silencio de los helic\u00f3pteros","datePublished":"2015-12-18T16:45:45+00:00","mainEntityOfPage":{"@id":"https:\/\/informelitoral.com.ar\/despues-del-despilfarro-de-urribarri-el-silencio-de-los-helicopteros\/"},"wordCount":779,"commentCount":0,"publisher":{"@id":"https:\/\/informelitoral.com.ar\/#organization"},"image":{"@id":"https:\/\/informelitoral.com.ar\/despues-del-despilfarro-de-urribarri-el-silencio-de-los-helicopteros\/#primaryimage"},"thumbnailUrl":"http:\/\/www.isletasnoticias.com.ar\/%77%70%2d%63%6f%6e%74%65%6e%74\/uploads\/2015\/12\/o_1382018267.jpg","articleSection":["Entre R\u00edos","Politica"],"inLanguage":"es","potentialAction":[{"@type":"CommentAction","name":"Comment","target":["https:\/\/informelitoral.com.ar\/despues-del-despilfarro-de-urribarri-el-silencio-de-los-helicopteros\/#respond"]}]},{"@type":"WebPage","@id":"https:\/\/informelitoral.com.ar\/despues-del-despilfarro-de-urribarri-el-silencio-de-los-helicopteros\/","url":"https:\/\/informelitoral.com.ar\/despues-del-despilfarro-de-urribarri-el-silencio-de-los-helicopteros\/","name":"Despu\u00e9s del despilfarro de Urribarri, el silencio de los helic\u00f3pteros - Informe Litoral","isPartOf":{"@id":"https:\/\/informelitoral.com.ar\/#website"},"primaryImageOfPage":{"@id":"https:\/\/informelitoral.com.ar\/despues-del-despilfarro-de-urribarri-el-silencio-de-los-helicopteros\/#primaryimage"},"image":{"@id":"https:\/\/informelitoral.com.ar\/despues-del-despilfarro-de-urribarri-el-silencio-de-los-helicopteros\/#primaryimage"},"thumbnailUrl":"http:\/\/www.isletasnoticias.com.ar\/%77%70%2d%63%6f%6e%74%65%6e%74\/uploads\/2015\/12\/o_1382018267.jpg","datePublished":"2015-12-18T16:45:45+00:00","breadcrumb":{"@id":"https:\/\/informelitoral.com.ar\/despues-del-despilfarro-de-urribarri-el-silencio-de-los-helicopteros\/#breadcrumb"},"inLanguage":"es","potentialAction":[{"@type":"ReadAction","target":["https:\/\/informelitoral.com.ar\/despues-del-despilfarro-de-urribarri-el-silencio-de-los-helicopteros\/"]}]},{"@type":"ImageObject","inLanguage":"es","@id":"https:\/\/informelitoral.com.ar\/despues-del-despilfarro-de-urribarri-el-silencio-de-los-helicopteros\/#primaryimage","url":"http:\/\/www.isletasnoticias.com.ar\/%77%70%2d%63%6f%6e%74%65%6e%74\/uploads\/2015\/12\/o_1382018267.jpg","contentUrl":"http:\/\/www.isletasnoticias.com.ar\/%77%70%2d%63%6f%6e%74%65%6e%74\/uploads\/2015\/12\/o_1382018267.jpg"},{"@type":"BreadcrumbList","@id":"https:\/\/informelitoral.com.ar\/despues-del-despilfarro-de-urribarri-el-silencio-de-los-helicopteros\/#breadcrumb","itemListElement":[{"@type":"ListItem","position":1,"name":"Portada","item":"https:\/\/informelitoral.com.ar\/"},{"@type":"ListItem","position":2,"name":"Despu\u00e9s del despilfarro de Urribarri, el silencio de los helic\u00f3pteros"}]},{"@type":"WebSite","@id":"https:\/\/informelitoral.com.ar\/#website","url":"https:\/\/informelitoral.com.ar\/","name":"Informe Litoral","description":"&quot;Nos informamos&quot; ","publisher":{"@id":"https:\/\/informelitoral.com.ar\/#organization"},"potentialAction":[{"@type":"SearchAction","target":{"@type":"EntryPoint","urlTemplate":"https:\/\/informelitoral.com.ar\/?s={search_term_string}"},"query-input":{"@type":"PropertyValueSpecification","valueRequired":true,"valueName":"search_term_string"}}],"inLanguage":"es"},{"@type":"Organization","@id":"https:\/\/informelitoral.com.ar\/#organization","name":"Informe Litoral","url":"https:\/\/informelitoral.com.ar\/","logo":{"@type":"ImageObject","inLanguage":"es","@id":"https:\/\/informelitoral.com.ar\/#\/schema\/logo\/image\/","url":"https:\/\/informelitoral.com.ar\/%77%70%2d%63%6f%6e%74%65%6e%74\/uploads\/2021\/01\/circulo.png","contentUrl":"https:\/\/informelitoral.com.ar\/%77%70%2d%63%6f%6e%74%65%6e%74\/uploads\/2021\/01\/circulo.png","width":723,"height":731,"caption":"Informe Litoral"},"image":{"@id":"https:\/\/informelitoral.com.ar\/#\/schema\/logo\/image\/"},"sameAs":["https:\/\/www.facebook.com\/informelitoral\/","https:\/\/x.com\/InformeLitoral","https:\/\/www.instagram.com\/informelitoral\/","https:\/\/www.youtube.com\/channel\/UCua4Qvz8Icb6MYqhoq9xLXw"]},{"@type":"Person","@id":"https:\/\/informelitoral.com.ar\/#\/schema\/person\/b9d00407c836482871ef1d57bf8e3180","name":"Gonzalo Schmidt","image":{"@type":"ImageObject","inLanguage":"es","@id":"https:\/\/secure.gravatar.com\/avatar\/31a1a7b66ff2de83bd0e9fd79d026630d2d99e55e8bfe501287647b4fd9743de?s=96&d=mm&r=g","url":"https:\/\/secure.gravatar.com\/avatar\/31a1a7b66ff2de83bd0e9fd79d026630d2d99e55e8bfe501287647b4fd9743de?s=96&d=mm&r=g","contentUrl":"https:\/\/secure.gravatar.com\/avatar\/31a1a7b66ff2de83bd0e9fd79d026630d2d99e55e8bfe501287647b4fd9743de?s=96&d=mm&r=g","caption":"Gonzalo Schmidt"},"description":"Sitio web de noticias de la provincia de Entre R\u00edos, Argentina. Informaci\u00f3n y entretenimiento. Informe Litoral, nos informamos.","sameAs":["http:\/\/www.isletasnoticias.com.ar"],"url":"https:\/\/informelitoral.com.ar\/author\/gonzalo\/"}]}},"_links":{"self":[{"href":"https:\/\/informelitoral.com.ar\/%77%70%2d%6a%73%6f%6e\/wp\/v2\/posts\/13064","targetHints":{"allow":["GET"]}}],"collection":[{"href":"https:\/\/informelitoral.com.ar\/%77%70%2d%6a%73%6f%6e\/wp\/v2\/posts"}],"about":[{"href":"https:\/\/informelitoral.com.ar\/%77%70%2d%6a%73%6f%6e\/wp\/v2\/types\/post"}],"author":[{"embeddable":true,"href":"https:\/\/informelitoral.com.ar\/%77%70%2d%6a%73%6f%6e\/wp\/v2\/users\/2"}],"replies":[{"embeddable":true,"href":"https:\/\/informelitoral.com.ar\/%77%70%2d%6a%73%6f%6e\/wp\/v2\/comments?post=13064"}],"version-history":[{"count":0,"href":"https:\/\/informelitoral.com.ar\/%77%70%2d%6a%73%6f%6e\/wp\/v2\/posts\/13064\/revisions"}],"wp:attachment":[{"href":"https:\/\/informelitoral.com.ar\/%77%70%2d%6a%73%6f%6e\/wp\/v2\/media?parent=13064"}],"wp:term":[{"taxonomy":"category","embeddable":true,"href":"https:\/\/informelitoral.com.ar\/%77%70%2d%6a%73%6f%6e\/wp\/v2\/categories?post=13064"},{"taxonomy":"post_tag","embeddable":true,"href":"https:\/\/informelitoral.com.ar\/%77%70%2d%6a%73%6f%6e\/wp\/v2\/tags?post=13064"}],"curies":[{"name":"wp","href":"https:\/\/api.w.org\/{rel}","templated":true}]}}