{"id":13061,"date":"2015-12-18T13:41:10","date_gmt":"2015-12-18T16:41:10","guid":{"rendered":"http:\/\/www.isletasnoticias.com.ar\/?p=13061"},"modified":"2015-12-18T13:41:10","modified_gmt":"2015-12-18T16:41:10","slug":"ultimatum-de-la-gobernadora-vidal-a-cresta-roja-paguen-la-deuda-o-vendan-la-empresa","status":"publish","type":"post","link":"https:\/\/informelitoral.com.ar\/ultimatum-de-la-gobernadora-vidal-a-cresta-roja-paguen-la-deuda-o-vendan-la-empresa\/","title":{"rendered":"Ultim\u00e1tum de la gobernadora Vidal a Cresta Roja: \u00abPaguen la deuda o vendan la empresa\u00bb"},"content":{"rendered":"<p><strong>Los trabajadores de la compa\u00f1\u00eda av\u00edcola realizan un corte en la autopista Ricchieri por salarios impagos. La mandataria dijo adem\u00e1s que Techint se comprometi\u00f3 a reincorporar a los asalariados despedidos.<a href=\"http:\/\/www.isletasnoticias.com.ar\/%77%70%2d%63%6f%6e%74%65%6e%74\/uploads\/2015\/12\/vidalconferencia001.jpg\"><img loading=\"lazy\" decoding=\"async\" class=\"aligncenter size-full wp-image-13062\" src=\"http:\/\/www.isletasnoticias.com.ar\/%77%70%2d%63%6f%6e%74%65%6e%74\/uploads\/2015\/12\/vidalconferencia001.jpg\" alt=\"vidalconferencia001\" width=\"976\" height=\"549\" srcset=\"https:\/\/informelitoral.com.ar\/%77%70%2d%63%6f%6e%74%65%6e%74\/uploads\/2015\/12\/vidalconferencia001.jpg 976w, https:\/\/informelitoral.com.ar\/%77%70%2d%63%6f%6e%74%65%6e%74\/uploads\/2015\/12\/vidalconferencia001-300x169.jpg 300w\" sizes=\"auto, (max-width: 976px) 100vw, 976px\" \/><\/a><\/strong><\/p>\n<p>La gobernadora de la provincia de Buenos Aires, <strong>Mar\u00eda Eugenia Vidal<\/strong>, abandon\u00f3 por unos instantes la sonrisa y el tono apacible que la suelen distinguir para intimar a los due\u00f1os de Cresta Roja a que cumplan con un fallo judicial que los inst\u00f3 a buscar una salida a un prolongado conflicto gremial.<\/p>\n<p>\u00abHay una responsabilidad de los due\u00f1os de Cresta Roja. La jueza los intim\u00f3 para que paguen la deuda o en caso contrario que pongan en venta la empresa. Es un sector al que no le va mal y ha recibido much\u00edsimo apoyo del gobierno nacional. Es momento de que tomen una decisi\u00f3n: o hacen frente a sus obligaciones o buscan otra empresa que se haga cargo\u00bb, declar\u00f3 Vidal durante una conferencia de prensa que comparti\u00f3 con Marcos Pe\u00f1a en Casa Rosada.<\/p>\n<p>La gobernadora y el jefe de Gabinete nacional anunciaron este viernes que el gobierno nacional asisti\u00f3 a la Provincia con $5.000 millones que ser\u00e1n utilizados para hacer frente al pago de salarios y aguinaldo.<\/p>\n<p>El mensaje de Vidal coincidi\u00f3 con una protesta que se realiza en la autopista Ricchieri de los trabajadores de Cresta Roja que exigen el pago de los salarios adeudados. Este piquete complica el acceso de cientos de pasajeros que quieren llegar al Aeropuerto de Ezeiza.<\/p>\n<p>La mandataria bonaerense revel\u00f3, adem\u00e1s, que en las \u00faltimas horas llegaron a un acuerdo con la empresa Techint para que los trabajadores que fueron despedidos esta semana sean reincorporados a las proveedoras de la multinacional. Este conflicto provoc\u00f3 una movilizaci\u00f3n de la Uni\u00f3n Obrera Metal\u00fargica al Ministerio de Trabajo de la Naci\u00f3n. <em>(Infobae)<\/em><\/p>\n","protected":false},"excerpt":{"rendered":"<p>Los trabajadores de la compa&ntilde;&iacute;a av&iacute;cola realizan un corte en la autopista Ricchieri por salarios impagos. La mandataria dijo adem&aacute;s que Techint se comprometi&oacute; a reincorporar a los asalariados despedidos. La gobernadora de la provincia de Buenos Aires, Mar&iacute;a Eugenia Vidal, abandon&oacute; por unos instantes la sonrisa y el tono apacible que la suelen distinguir [&hellip;]<\/p>\n","protected":false},"author":2,"featured_media":0,"comment_status":"open","ping_status":"open","sticky":false,"template":"","format":"standard","meta":{"fifu_image_url":"","fifu_image_alt":"","footnotes":""},"categories":[7,16],"tags":[],"class_list":{"0":"post-13061","1":"post","2":"type-post","3":"status-publish","4":"format-standard","6":"category-nacionales","7":"category-politi"},"yoast_head":"<title>Ultim\u00e1tum de la gobernadora Vidal a Cresta Roja: &quot;Paguen la deuda o vendan la empresa&quot; - Informe Litoral<\/title>\n<meta name=\"robots\" content=\"index, follow, max-snippet:-1, max-image-preview:large, max-video-preview:-1\" \/>\n<link rel=\"canonical\" href=\"https:\/\/informelitoral.com.ar\/ultimatum-de-la-gobernadora-vidal-a-cresta-roja-paguen-la-deuda-o-vendan-la-empresa\/\" \/>\n<meta property=\"og:locale\" content=\"es_ES\" \/>\n<meta property=\"og:type\" content=\"article\" \/>\n<meta property=\"og:title\" content=\"Ultim\u00e1tum de la gobernadora Vidal a Cresta Roja: &quot;Paguen la deuda o vendan la empresa&quot; - Informe Litoral\" \/>\n<meta property=\"og:description\" content=\"Los trabajadores de la compa&ntilde;&iacute;a av&iacute;cola realizan un corte en la autopista Ricchieri por salarios impagos. La mandataria dijo adem&aacute;s que Techint se comprometi&oacute; a reincorporar a los asalariados despedidos. La gobernadora de la provincia de Buenos Aires, Mar&iacute;a Eugenia Vidal, abandon&oacute; por unos instantes la sonrisa y el tono apacible que la suelen distinguir [&hellip;]\" \/>\n<meta property=\"og:url\" content=\"https:\/\/informelitoral.com.ar\/ultimatum-de-la-gobernadora-vidal-a-cresta-roja-paguen-la-deuda-o-vendan-la-empresa\/\" \/>\n<meta property=\"og:site_name\" content=\"Informe Litoral\" \/>\n<meta property=\"article:publisher\" content=\"https:\/\/www.facebook.com\/informelitoral\/\" \/>\n<meta property=\"article:published_time\" content=\"2015-12-18T16:41:10+00:00\" \/>\n<meta property=\"og:image\" content=\"https:\/\/informelitoral.com.ar\/%77%70%2d%63%6f%6e%74%65%6e%74\/uploads\/2015\/12\/vidalconferencia001.jpg\" \/>\n\t<meta property=\"og:image:width\" content=\"976\" \/>\n\t<meta property=\"og:image:height\" content=\"549\" \/>\n\t<meta property=\"og:image:type\" content=\"image\/jpeg\" \/>\n<meta name=\"author\" content=\"Gonzalo Schmidt\" \/>\n<meta name=\"twitter:card\" content=\"summary_large_image\" \/>\n<meta name=\"twitter:creator\" content=\"@InformeLitoral\" \/>\n<meta name=\"twitter:site\" content=\"@InformeLitoral\" \/>\n<meta name=\"twitter:label1\" content=\"Escrito por\" \/>\n\t<meta name=\"twitter:data1\" content=\"Gonzalo Schmidt\" \/>\n\t<meta name=\"twitter:label2\" content=\"Tiempo de lectura\" \/>\n\t<meta name=\"twitter:data2\" content=\"2 minutos\" \/>\n<script type=\"application\/ld+json\" class=\"yoast-schema-graph\">{\"@context\":\"https:\\\/\\\/schema.org\",\"@graph\":[{\"@type\":\"Article\",\"@id\":\"https:\\\/\\\/informelitoral.com.ar\\\/ultimatum-de-la-gobernadora-vidal-a-cresta-roja-paguen-la-deuda-o-vendan-la-empresa\\\/#article\",\"isPartOf\":{\"@id\":\"https:\\\/\\\/informelitoral.com.ar\\\/ultimatum-de-la-gobernadora-vidal-a-cresta-roja-paguen-la-deuda-o-vendan-la-empresa\\\/\"},\"author\":{\"name\":\"Gonzalo Schmidt\",\"@id\":\"https:\\\/\\\/informelitoral.com.ar\\\/#\\\/schema\\\/person\\\/b9d00407c836482871ef1d57bf8e3180\"},\"headline\":\"Ultim\u00e1tum de la gobernadora Vidal a Cresta Roja: \u00abPaguen la deuda o vendan la empresa\u00bb\",\"datePublished\":\"2015-12-18T16:41:10+00:00\",\"mainEntityOfPage\":{\"@id\":\"https:\\\/\\\/informelitoral.com.ar\\\/ultimatum-de-la-gobernadora-vidal-a-cresta-roja-paguen-la-deuda-o-vendan-la-empresa\\\/\"},\"wordCount\":325,\"commentCount\":0,\"publisher\":{\"@id\":\"https:\\\/\\\/informelitoral.com.ar\\\/#organization\"},\"image\":{\"@id\":\"https:\\\/\\\/informelitoral.com.ar\\\/ultimatum-de-la-gobernadora-vidal-a-cresta-roja-paguen-la-deuda-o-vendan-la-empresa\\\/#primaryimage\"},\"thumbnailUrl\":\"http:\\\/\\\/www.isletasnoticias.com.ar\\\/%77%70%2d%63%6f%6e%74%65%6e%74\\\/uploads\\\/2015\\\/12\\\/vidalconferencia001.jpg\",\"articleSection\":[\"Nacionales\",\"Politica\"],\"inLanguage\":\"es\",\"potentialAction\":[{\"@type\":\"CommentAction\",\"name\":\"Comment\",\"target\":[\"https:\\\/\\\/informelitoral.com.ar\\\/ultimatum-de-la-gobernadora-vidal-a-cresta-roja-paguen-la-deuda-o-vendan-la-empresa\\\/#respond\"]}]},{\"@type\":\"WebPage\",\"@id\":\"https:\\\/\\\/informelitoral.com.ar\\\/ultimatum-de-la-gobernadora-vidal-a-cresta-roja-paguen-la-deuda-o-vendan-la-empresa\\\/\",\"url\":\"https:\\\/\\\/informelitoral.com.ar\\\/ultimatum-de-la-gobernadora-vidal-a-cresta-roja-paguen-la-deuda-o-vendan-la-empresa\\\/\",\"name\":\"Ultim\u00e1tum de la gobernadora Vidal a Cresta Roja: \\\"Paguen la deuda o vendan la empresa\\\" - Informe Litoral\",\"isPartOf\":{\"@id\":\"https:\\\/\\\/informelitoral.com.ar\\\/#website\"},\"primaryImageOfPage\":{\"@id\":\"https:\\\/\\\/informelitoral.com.ar\\\/ultimatum-de-la-gobernadora-vidal-a-cresta-roja-paguen-la-deuda-o-vendan-la-empresa\\\/#primaryimage\"},\"image\":{\"@id\":\"https:\\\/\\\/informelitoral.com.ar\\\/ultimatum-de-la-gobernadora-vidal-a-cresta-roja-paguen-la-deuda-o-vendan-la-empresa\\\/#primaryimage\"},\"thumbnailUrl\":\"http:\\\/\\\/www.isletasnoticias.com.ar\\\/%77%70%2d%63%6f%6e%74%65%6e%74\\\/uploads\\\/2015\\\/12\\\/vidalconferencia001.jpg\",\"datePublished\":\"2015-12-18T16:41:10+00:00\",\"breadcrumb\":{\"@id\":\"https:\\\/\\\/informelitoral.com.ar\\\/ultimatum-de-la-gobernadora-vidal-a-cresta-roja-paguen-la-deuda-o-vendan-la-empresa\\\/#breadcrumb\"},\"inLanguage\":\"es\",\"potentialAction\":[{\"@type\":\"ReadAction\",\"target\":[\"https:\\\/\\\/informelitoral.com.ar\\\/ultimatum-de-la-gobernadora-vidal-a-cresta-roja-paguen-la-deuda-o-vendan-la-empresa\\\/\"]}]},{\"@type\":\"ImageObject\",\"inLanguage\":\"es\",\"@id\":\"https:\\\/\\\/informelitoral.com.ar\\\/ultimatum-de-la-gobernadora-vidal-a-cresta-roja-paguen-la-deuda-o-vendan-la-empresa\\\/#primaryimage\",\"url\":\"http:\\\/\\\/www.isletasnoticias.com.ar\\\/%77%70%2d%63%6f%6e%74%65%6e%74\\\/uploads\\\/2015\\\/12\\\/vidalconferencia001.jpg\",\"contentUrl\":\"http:\\\/\\\/www.isletasnoticias.com.ar\\\/%77%70%2d%63%6f%6e%74%65%6e%74\\\/uploads\\\/2015\\\/12\\\/vidalconferencia001.jpg\"},{\"@type\":\"BreadcrumbList\",\"@id\":\"https:\\\/\\\/informelitoral.com.ar\\\/ultimatum-de-la-gobernadora-vidal-a-cresta-roja-paguen-la-deuda-o-vendan-la-empresa\\\/#breadcrumb\",\"itemListElement\":[{\"@type\":\"ListItem\",\"position\":1,\"name\":\"Portada\",\"item\":\"https:\\\/\\\/informelitoral.com.ar\\\/\"},{\"@type\":\"ListItem\",\"position\":2,\"name\":\"Ultim\u00e1tum de la gobernadora Vidal a Cresta Roja: \u00abPaguen la deuda o vendan la empresa\u00bb\"}]},{\"@type\":\"WebSite\",\"@id\":\"https:\\\/\\\/informelitoral.com.ar\\\/#website\",\"url\":\"https:\\\/\\\/informelitoral.com.ar\\\/\",\"name\":\"Informe Litoral\",\"description\":\"&quot;Nos informamos&quot; \",\"publisher\":{\"@id\":\"https:\\\/\\\/informelitoral.com.ar\\\/#organization\"},\"potentialAction\":[{\"@type\":\"SearchAction\",\"target\":{\"@type\":\"EntryPoint\",\"urlTemplate\":\"https:\\\/\\\/informelitoral.com.ar\\\/?s={search_term_string}\"},\"query-input\":{\"@type\":\"PropertyValueSpecification\",\"valueRequired\":true,\"valueName\":\"search_term_string\"}}],\"inLanguage\":\"es\"},{\"@type\":\"Organization\",\"@id\":\"https:\\\/\\\/informelitoral.com.ar\\\/#organization\",\"name\":\"Informe Litoral\",\"url\":\"https:\\\/\\\/informelitoral.com.ar\\\/\",\"logo\":{\"@type\":\"ImageObject\",\"inLanguage\":\"es\",\"@id\":\"https:\\\/\\\/informelitoral.com.ar\\\/#\\\/schema\\\/logo\\\/image\\\/\",\"url\":\"https:\\\/\\\/informelitoral.com.ar\\\/%77%70%2d%63%6f%6e%74%65%6e%74\\\/uploads\\\/2021\\\/01\\\/circulo.png\",\"contentUrl\":\"https:\\\/\\\/informelitoral.com.ar\\\/%77%70%2d%63%6f%6e%74%65%6e%74\\\/uploads\\\/2021\\\/01\\\/circulo.png\",\"width\":723,\"height\":731,\"caption\":\"Informe Litoral\"},\"image\":{\"@id\":\"https:\\\/\\\/informelitoral.com.ar\\\/#\\\/schema\\\/logo\\\/image\\\/\"},\"sameAs\":[\"https:\\\/\\\/www.facebook.com\\\/informelitoral\\\/\",\"https:\\\/\\\/x.com\\\/InformeLitoral\",\"https:\\\/\\\/www.instagram.com\\\/informelitoral\\\/\",\"https:\\\/\\\/www.youtube.com\\\/channel\\\/UCua4Qvz8Icb6MYqhoq9xLXw\"]},{\"@type\":\"Person\",\"@id\":\"https:\\\/\\\/informelitoral.com.ar\\\/#\\\/schema\\\/person\\\/b9d00407c836482871ef1d57bf8e3180\",\"name\":\"Gonzalo Schmidt\",\"image\":{\"@type\":\"ImageObject\",\"inLanguage\":\"es\",\"@id\":\"https:\\\/\\\/secure.gravatar.com\\\/avatar\\\/31a1a7b66ff2de83bd0e9fd79d026630d2d99e55e8bfe501287647b4fd9743de?s=96&d=mm&r=g\",\"url\":\"https:\\\/\\\/secure.gravatar.com\\\/avatar\\\/31a1a7b66ff2de83bd0e9fd79d026630d2d99e55e8bfe501287647b4fd9743de?s=96&d=mm&r=g\",\"contentUrl\":\"https:\\\/\\\/secure.gravatar.com\\\/avatar\\\/31a1a7b66ff2de83bd0e9fd79d026630d2d99e55e8bfe501287647b4fd9743de?s=96&d=mm&r=g\",\"caption\":\"Gonzalo Schmidt\"},\"description\":\"Sitio web de noticias de la provincia de Entre R\u00edos, Argentina. Informaci\u00f3n y entretenimiento. Informe Litoral, nos informamos.\",\"sameAs\":[\"http:\\\/\\\/www.isletasnoticias.com.ar\"],\"url\":\"https:\\\/\\\/informelitoral.com.ar\\\/author\\\/gonzalo\\\/\"}]}<\/script>","yoast_head_json":{"title":"Ultim\u00e1tum de la gobernadora Vidal a Cresta Roja: \"Paguen la deuda o vendan la empresa\" - Informe Litoral","robots":{"index":"index","follow":"follow","max-snippet":"max-snippet:-1","max-image-preview":"max-image-preview:large","max-video-preview":"max-video-preview:-1"},"canonical":"https:\/\/informelitoral.com.ar\/ultimatum-de-la-gobernadora-vidal-a-cresta-roja-paguen-la-deuda-o-vendan-la-empresa\/","og_locale":"es_ES","og_type":"article","og_title":"Ultim\u00e1tum de la gobernadora Vidal a Cresta Roja: \"Paguen la deuda o vendan la empresa\" - Informe Litoral","og_description":"Los trabajadores de la compa&ntilde;&iacute;a av&iacute;cola realizan un corte en la autopista Ricchieri por salarios impagos. La mandataria dijo adem&aacute;s que Techint se comprometi&oacute; a reincorporar a los asalariados despedidos. La gobernadora de la provincia de Buenos Aires, Mar&iacute;a Eugenia Vidal, abandon&oacute; por unos instantes la sonrisa y el tono apacible que la suelen distinguir [&hellip;]","og_url":"https:\/\/informelitoral.com.ar\/ultimatum-de-la-gobernadora-vidal-a-cresta-roja-paguen-la-deuda-o-vendan-la-empresa\/","og_site_name":"Informe Litoral","article_publisher":"https:\/\/www.facebook.com\/informelitoral\/","article_published_time":"2015-12-18T16:41:10+00:00","og_image":[{"width":976,"height":549,"url":"https:\/\/informelitoral.com.ar\/%77%70%2d%63%6f%6e%74%65%6e%74\/uploads\/2015\/12\/vidalconferencia001.jpg","type":"image\/jpeg"}],"author":"Gonzalo Schmidt","twitter_card":"summary_large_image","twitter_creator":"@InformeLitoral","twitter_site":"@InformeLitoral","twitter_misc":{"Escrito por":"Gonzalo Schmidt","Tiempo de lectura":"2 minutos"},"schema":{"@context":"https:\/\/schema.org","@graph":[{"@type":"Article","@id":"https:\/\/informelitoral.com.ar\/ultimatum-de-la-gobernadora-vidal-a-cresta-roja-paguen-la-deuda-o-vendan-la-empresa\/#article","isPartOf":{"@id":"https:\/\/informelitoral.com.ar\/ultimatum-de-la-gobernadora-vidal-a-cresta-roja-paguen-la-deuda-o-vendan-la-empresa\/"},"author":{"name":"Gonzalo Schmidt","@id":"https:\/\/informelitoral.com.ar\/#\/schema\/person\/b9d00407c836482871ef1d57bf8e3180"},"headline":"Ultim\u00e1tum de la gobernadora Vidal a Cresta Roja: \u00abPaguen la deuda o vendan la empresa\u00bb","datePublished":"2015-12-18T16:41:10+00:00","mainEntityOfPage":{"@id":"https:\/\/informelitoral.com.ar\/ultimatum-de-la-gobernadora-vidal-a-cresta-roja-paguen-la-deuda-o-vendan-la-empresa\/"},"wordCount":325,"commentCount":0,"publisher":{"@id":"https:\/\/informelitoral.com.ar\/#organization"},"image":{"@id":"https:\/\/informelitoral.com.ar\/ultimatum-de-la-gobernadora-vidal-a-cresta-roja-paguen-la-deuda-o-vendan-la-empresa\/#primaryimage"},"thumbnailUrl":"http:\/\/www.isletasnoticias.com.ar\/%77%70%2d%63%6f%6e%74%65%6e%74\/uploads\/2015\/12\/vidalconferencia001.jpg","articleSection":["Nacionales","Politica"],"inLanguage":"es","potentialAction":[{"@type":"CommentAction","name":"Comment","target":["https:\/\/informelitoral.com.ar\/ultimatum-de-la-gobernadora-vidal-a-cresta-roja-paguen-la-deuda-o-vendan-la-empresa\/#respond"]}]},{"@type":"WebPage","@id":"https:\/\/informelitoral.com.ar\/ultimatum-de-la-gobernadora-vidal-a-cresta-roja-paguen-la-deuda-o-vendan-la-empresa\/","url":"https:\/\/informelitoral.com.ar\/ultimatum-de-la-gobernadora-vidal-a-cresta-roja-paguen-la-deuda-o-vendan-la-empresa\/","name":"Ultim\u00e1tum de la gobernadora Vidal a Cresta Roja: \"Paguen la deuda o vendan la empresa\" - Informe Litoral","isPartOf":{"@id":"https:\/\/informelitoral.com.ar\/#website"},"primaryImageOfPage":{"@id":"https:\/\/informelitoral.com.ar\/ultimatum-de-la-gobernadora-vidal-a-cresta-roja-paguen-la-deuda-o-vendan-la-empresa\/#primaryimage"},"image":{"@id":"https:\/\/informelitoral.com.ar\/ultimatum-de-la-gobernadora-vidal-a-cresta-roja-paguen-la-deuda-o-vendan-la-empresa\/#primaryimage"},"thumbnailUrl":"http:\/\/www.isletasnoticias.com.ar\/%77%70%2d%63%6f%6e%74%65%6e%74\/uploads\/2015\/12\/vidalconferencia001.jpg","datePublished":"2015-12-18T16:41:10+00:00","breadcrumb":{"@id":"https:\/\/informelitoral.com.ar\/ultimatum-de-la-gobernadora-vidal-a-cresta-roja-paguen-la-deuda-o-vendan-la-empresa\/#breadcrumb"},"inLanguage":"es","potentialAction":[{"@type":"ReadAction","target":["https:\/\/informelitoral.com.ar\/ultimatum-de-la-gobernadora-vidal-a-cresta-roja-paguen-la-deuda-o-vendan-la-empresa\/"]}]},{"@type":"ImageObject","inLanguage":"es","@id":"https:\/\/informelitoral.com.ar\/ultimatum-de-la-gobernadora-vidal-a-cresta-roja-paguen-la-deuda-o-vendan-la-empresa\/#primaryimage","url":"http:\/\/www.isletasnoticias.com.ar\/%77%70%2d%63%6f%6e%74%65%6e%74\/uploads\/2015\/12\/vidalconferencia001.jpg","contentUrl":"http:\/\/www.isletasnoticias.com.ar\/%77%70%2d%63%6f%6e%74%65%6e%74\/uploads\/2015\/12\/vidalconferencia001.jpg"},{"@type":"BreadcrumbList","@id":"https:\/\/informelitoral.com.ar\/ultimatum-de-la-gobernadora-vidal-a-cresta-roja-paguen-la-deuda-o-vendan-la-empresa\/#breadcrumb","itemListElement":[{"@type":"ListItem","position":1,"name":"Portada","item":"https:\/\/informelitoral.com.ar\/"},{"@type":"ListItem","position":2,"name":"Ultim\u00e1tum de la gobernadora Vidal a Cresta Roja: \u00abPaguen la deuda o vendan la empresa\u00bb"}]},{"@type":"WebSite","@id":"https:\/\/informelitoral.com.ar\/#website","url":"https:\/\/informelitoral.com.ar\/","name":"Informe Litoral","description":"&quot;Nos informamos&quot; ","publisher":{"@id":"https:\/\/informelitoral.com.ar\/#organization"},"potentialAction":[{"@type":"SearchAction","target":{"@type":"EntryPoint","urlTemplate":"https:\/\/informelitoral.com.ar\/?s={search_term_string}"},"query-input":{"@type":"PropertyValueSpecification","valueRequired":true,"valueName":"search_term_string"}}],"inLanguage":"es"},{"@type":"Organization","@id":"https:\/\/informelitoral.com.ar\/#organization","name":"Informe Litoral","url":"https:\/\/informelitoral.com.ar\/","logo":{"@type":"ImageObject","inLanguage":"es","@id":"https:\/\/informelitoral.com.ar\/#\/schema\/logo\/image\/","url":"https:\/\/informelitoral.com.ar\/%77%70%2d%63%6f%6e%74%65%6e%74\/uploads\/2021\/01\/circulo.png","contentUrl":"https:\/\/informelitoral.com.ar\/%77%70%2d%63%6f%6e%74%65%6e%74\/uploads\/2021\/01\/circulo.png","width":723,"height":731,"caption":"Informe Litoral"},"image":{"@id":"https:\/\/informelitoral.com.ar\/#\/schema\/logo\/image\/"},"sameAs":["https:\/\/www.facebook.com\/informelitoral\/","https:\/\/x.com\/InformeLitoral","https:\/\/www.instagram.com\/informelitoral\/","https:\/\/www.youtube.com\/channel\/UCua4Qvz8Icb6MYqhoq9xLXw"]},{"@type":"Person","@id":"https:\/\/informelitoral.com.ar\/#\/schema\/person\/b9d00407c836482871ef1d57bf8e3180","name":"Gonzalo Schmidt","image":{"@type":"ImageObject","inLanguage":"es","@id":"https:\/\/secure.gravatar.com\/avatar\/31a1a7b66ff2de83bd0e9fd79d026630d2d99e55e8bfe501287647b4fd9743de?s=96&d=mm&r=g","url":"https:\/\/secure.gravatar.com\/avatar\/31a1a7b66ff2de83bd0e9fd79d026630d2d99e55e8bfe501287647b4fd9743de?s=96&d=mm&r=g","contentUrl":"https:\/\/secure.gravatar.com\/avatar\/31a1a7b66ff2de83bd0e9fd79d026630d2d99e55e8bfe501287647b4fd9743de?s=96&d=mm&r=g","caption":"Gonzalo Schmidt"},"description":"Sitio web de noticias de la provincia de Entre R\u00edos, Argentina. Informaci\u00f3n y entretenimiento. Informe Litoral, nos informamos.","sameAs":["http:\/\/www.isletasnoticias.com.ar"],"url":"https:\/\/informelitoral.com.ar\/author\/gonzalo\/"}]}},"_links":{"self":[{"href":"https:\/\/informelitoral.com.ar\/%77%70%2d%6a%73%6f%6e\/wp\/v2\/posts\/13061","targetHints":{"allow":["GET"]}}],"collection":[{"href":"https:\/\/informelitoral.com.ar\/%77%70%2d%6a%73%6f%6e\/wp\/v2\/posts"}],"about":[{"href":"https:\/\/informelitoral.com.ar\/%77%70%2d%6a%73%6f%6e\/wp\/v2\/types\/post"}],"author":[{"embeddable":true,"href":"https:\/\/informelitoral.com.ar\/%77%70%2d%6a%73%6f%6e\/wp\/v2\/users\/2"}],"replies":[{"embeddable":true,"href":"https:\/\/informelitoral.com.ar\/%77%70%2d%6a%73%6f%6e\/wp\/v2\/comments?post=13061"}],"version-history":[{"count":0,"href":"https:\/\/informelitoral.com.ar\/%77%70%2d%6a%73%6f%6e\/wp\/v2\/posts\/13061\/revisions"}],"wp:attachment":[{"href":"https:\/\/informelitoral.com.ar\/%77%70%2d%6a%73%6f%6e\/wp\/v2\/media?parent=13061"}],"wp:term":[{"taxonomy":"category","embeddable":true,"href":"https:\/\/informelitoral.com.ar\/%77%70%2d%6a%73%6f%6e\/wp\/v2\/categories?post=13061"},{"taxonomy":"post_tag","embeddable":true,"href":"https:\/\/informelitoral.com.ar\/%77%70%2d%6a%73%6f%6e\/wp\/v2\/tags?post=13061"}],"curies":[{"name":"wp","href":"https:\/\/api.w.org\/{rel}","templated":true}]}}