{"id":12975,"date":"2015-12-13T21:50:38","date_gmt":"2015-12-14T00:50:38","guid":{"rendered":"http:\/\/www.isletasnoticias.com.ar\/?p=12975"},"modified":"2015-12-13T21:53:17","modified_gmt":"2015-12-14T00:53:17","slug":"temporal-del-sabado-cooperativa-quebracho-restablecio-la-luz-a-sus-usuarios","status":"publish","type":"post","link":"https:\/\/informelitoral.com.ar\/temporal-del-sabado-cooperativa-quebracho-restablecio-la-luz-a-sus-usuarios\/","title":{"rendered":"Temporal del s\u00e1bado: Cooperativa Quebracho restableci\u00f3 la luz a sus usuarios"},"content":{"rendered":"<p><strong>Gracias al r\u00e1pido trabajo de la prestadora del servicio, los usuarios de una zona de Isletas, Costa Grande y Distrito Doll volvieron a tener luz luego del medio d\u00eda de este domingo. El temporal hab\u00eda provocado la ca\u00edda de varios postes.\u00a0<a href=\"http:\/\/www.isletasnoticias.com.ar\/%77%70%2d%63%6f%6e%74%65%6e%74\/uploads\/2015\/12\/ID-100406551.jpg\"><img loading=\"lazy\" decoding=\"async\" class=\"aligncenter size-full wp-image-12976\" src=\"http:\/\/www.isletasnoticias.com.ar\/%77%70%2d%63%6f%6e%74%65%6e%74\/uploads\/2015\/12\/ID-100406551.jpg\" alt=\"ID-100406551\" width=\"600\" height=\"396\" srcset=\"https:\/\/informelitoral.com.ar\/%77%70%2d%63%6f%6e%74%65%6e%74\/uploads\/2015\/12\/ID-100406551.jpg 600w, https:\/\/informelitoral.com.ar\/%77%70%2d%63%6f%6e%74%65%6e%74\/uploads\/2015\/12\/ID-100406551-300x198.jpg 300w\" sizes=\"auto, (max-width: 600px) 100vw, 600px\" \/><\/a><\/strong><\/p>\n<p>Desde la Cooperativa de Servicios P\u00fablicos Quebracho Limitada, trabajaron intensamente tras el temporal del s\u00e1bado por la tarde, por lo que se restableci\u00f3 el servicio de energ\u00eda el\u00e9ctrica en horas del medio d\u00eda de este domingo.<\/p>\n<p>Recordemos que usuarios de Isletas, Costa Grande y Distrito Doll, estaban sin luz desde la tarde del s\u00e1bado, ya que el fuerte temporal de lluvia y viento provoc\u00f3 la ca\u00edda de varios postes en la zona de la Ruta N\u00b0 11 y otros sectores.<\/p>\n<p>Si bien se gener\u00f3 preocupaci\u00f3n entre los usuarios, debido a las altas temperaturas, lo que hubiese provocado la p\u00e9rdida de alimentos y afectado el normal desarrollo de las tareas cotidianas, gracias al r\u00e1pido accionar de la Cooperativa, el servicio se presta con normalidad. <em>(IN)<\/em><\/p>\n","protected":false},"excerpt":{"rendered":"<p>Gracias al r&aacute;pido trabajo de la prestadora del servicio, los usuarios de una zona de Isletas, Costa Grande y Distrito Doll volvieron a tener luz luego del medio d&iacute;a de este domingo. El temporal hab&iacute;a provocado la ca&iacute;da de varios postes.&nbsp; Desde la Cooperativa de Servicios P&uacute;blicos Quebracho Limitada, trabajaron intensamente tras el temporal del [&hellip;]<\/p>\n","protected":false},"author":2,"featured_media":0,"comment_status":"open","ping_status":"open","sticky":false,"template":"","format":"standard","meta":{"fifu_image_url":"","fifu_image_alt":"","footnotes":""},"categories":[5,4],"tags":[],"class_list":{"0":"post-12975","1":"post","2":"type-post","3":"status-publish","4":"format-standard","6":"category-zonales","7":"category-locales"},"yoast_head":"<title>Temporal del s\u00e1bado: Cooperativa Quebracho restableci\u00f3 la luz a sus usuarios - Informe Litoral<\/title>\n<meta name=\"robots\" content=\"index, follow, max-snippet:-1, max-image-preview:large, max-video-preview:-1\" \/>\n<link rel=\"canonical\" href=\"https:\/\/informelitoral.com.ar\/temporal-del-sabado-cooperativa-quebracho-restablecio-la-luz-a-sus-usuarios\/\" \/>\n<meta property=\"og:locale\" content=\"es_ES\" \/>\n<meta property=\"og:type\" content=\"article\" \/>\n<meta property=\"og:title\" content=\"Temporal del s\u00e1bado: Cooperativa Quebracho restableci\u00f3 la luz a sus usuarios - Informe Litoral\" \/>\n<meta property=\"og:description\" content=\"Gracias al r&aacute;pido trabajo de la prestadora del servicio, los usuarios de una zona de Isletas, Costa Grande y Distrito Doll volvieron a tener luz luego del medio d&iacute;a de este domingo. El temporal hab&iacute;a provocado la ca&iacute;da de varios postes.&nbsp; Desde la Cooperativa de Servicios P&uacute;blicos Quebracho Limitada, trabajaron intensamente tras el temporal del [&hellip;]\" \/>\n<meta property=\"og:url\" content=\"https:\/\/informelitoral.com.ar\/temporal-del-sabado-cooperativa-quebracho-restablecio-la-luz-a-sus-usuarios\/\" \/>\n<meta property=\"og:site_name\" content=\"Informe Litoral\" \/>\n<meta property=\"article:publisher\" content=\"https:\/\/www.facebook.com\/informelitoral\/\" \/>\n<meta property=\"article:published_time\" content=\"2015-12-14T00:50:38+00:00\" \/>\n<meta property=\"article:modified_time\" content=\"2015-12-14T00:53:17+00:00\" \/>\n<meta property=\"og:image\" content=\"https:\/\/informelitoral.com.ar\/%77%70%2d%63%6f%6e%74%65%6e%74\/uploads\/2015\/12\/ID-100406551.jpg\" \/>\n\t<meta property=\"og:image:width\" content=\"600\" \/>\n\t<meta property=\"og:image:height\" content=\"396\" \/>\n\t<meta property=\"og:image:type\" content=\"image\/jpeg\" \/>\n<meta name=\"author\" content=\"Gonzalo Schmidt\" \/>\n<meta name=\"twitter:card\" content=\"summary_large_image\" \/>\n<meta name=\"twitter:creator\" content=\"@InformeLitoral\" \/>\n<meta name=\"twitter:site\" content=\"@InformeLitoral\" \/>\n<meta name=\"twitter:label1\" content=\"Escrito por\" \/>\n\t<meta name=\"twitter:data1\" content=\"Gonzalo Schmidt\" \/>\n\t<meta name=\"twitter:label2\" content=\"Tiempo de lectura\" \/>\n\t<meta name=\"twitter:data2\" content=\"1 minuto\" \/>\n<script type=\"application\/ld+json\" class=\"yoast-schema-graph\">{\"@context\":\"https:\\\/\\\/schema.org\",\"@graph\":[{\"@type\":\"Article\",\"@id\":\"https:\\\/\\\/informelitoral.com.ar\\\/temporal-del-sabado-cooperativa-quebracho-restablecio-la-luz-a-sus-usuarios\\\/#article\",\"isPartOf\":{\"@id\":\"https:\\\/\\\/informelitoral.com.ar\\\/temporal-del-sabado-cooperativa-quebracho-restablecio-la-luz-a-sus-usuarios\\\/\"},\"author\":{\"name\":\"Gonzalo Schmidt\",\"@id\":\"https:\\\/\\\/informelitoral.com.ar\\\/#\\\/schema\\\/person\\\/b9d00407c836482871ef1d57bf8e3180\"},\"headline\":\"Temporal del s\u00e1bado: Cooperativa Quebracho restableci\u00f3 la luz a sus usuarios\",\"datePublished\":\"2015-12-14T00:50:38+00:00\",\"dateModified\":\"2015-12-14T00:53:17+00:00\",\"mainEntityOfPage\":{\"@id\":\"https:\\\/\\\/informelitoral.com.ar\\\/temporal-del-sabado-cooperativa-quebracho-restablecio-la-luz-a-sus-usuarios\\\/\"},\"wordCount\":190,\"commentCount\":0,\"publisher\":{\"@id\":\"https:\\\/\\\/informelitoral.com.ar\\\/#organization\"},\"image\":{\"@id\":\"https:\\\/\\\/informelitoral.com.ar\\\/temporal-del-sabado-cooperativa-quebracho-restablecio-la-luz-a-sus-usuarios\\\/#primaryimage\"},\"thumbnailUrl\":\"http:\\\/\\\/www.isletasnoticias.com.ar\\\/%77%70%2d%63%6f%6e%74%65%6e%74\\\/uploads\\\/2015\\\/12\\\/ID-100406551.jpg\",\"articleSection\":[\"Departamento Diamante\",\"Isletas\"],\"inLanguage\":\"es\",\"potentialAction\":[{\"@type\":\"CommentAction\",\"name\":\"Comment\",\"target\":[\"https:\\\/\\\/informelitoral.com.ar\\\/temporal-del-sabado-cooperativa-quebracho-restablecio-la-luz-a-sus-usuarios\\\/#respond\"]}]},{\"@type\":\"WebPage\",\"@id\":\"https:\\\/\\\/informelitoral.com.ar\\\/temporal-del-sabado-cooperativa-quebracho-restablecio-la-luz-a-sus-usuarios\\\/\",\"url\":\"https:\\\/\\\/informelitoral.com.ar\\\/temporal-del-sabado-cooperativa-quebracho-restablecio-la-luz-a-sus-usuarios\\\/\",\"name\":\"Temporal del s\u00e1bado: Cooperativa Quebracho restableci\u00f3 la luz a sus usuarios - Informe Litoral\",\"isPartOf\":{\"@id\":\"https:\\\/\\\/informelitoral.com.ar\\\/#website\"},\"primaryImageOfPage\":{\"@id\":\"https:\\\/\\\/informelitoral.com.ar\\\/temporal-del-sabado-cooperativa-quebracho-restablecio-la-luz-a-sus-usuarios\\\/#primaryimage\"},\"image\":{\"@id\":\"https:\\\/\\\/informelitoral.com.ar\\\/temporal-del-sabado-cooperativa-quebracho-restablecio-la-luz-a-sus-usuarios\\\/#primaryimage\"},\"thumbnailUrl\":\"http:\\\/\\\/www.isletasnoticias.com.ar\\\/%77%70%2d%63%6f%6e%74%65%6e%74\\\/uploads\\\/2015\\\/12\\\/ID-100406551.jpg\",\"datePublished\":\"2015-12-14T00:50:38+00:00\",\"dateModified\":\"2015-12-14T00:53:17+00:00\",\"breadcrumb\":{\"@id\":\"https:\\\/\\\/informelitoral.com.ar\\\/temporal-del-sabado-cooperativa-quebracho-restablecio-la-luz-a-sus-usuarios\\\/#breadcrumb\"},\"inLanguage\":\"es\",\"potentialAction\":[{\"@type\":\"ReadAction\",\"target\":[\"https:\\\/\\\/informelitoral.com.ar\\\/temporal-del-sabado-cooperativa-quebracho-restablecio-la-luz-a-sus-usuarios\\\/\"]}]},{\"@type\":\"ImageObject\",\"inLanguage\":\"es\",\"@id\":\"https:\\\/\\\/informelitoral.com.ar\\\/temporal-del-sabado-cooperativa-quebracho-restablecio-la-luz-a-sus-usuarios\\\/#primaryimage\",\"url\":\"http:\\\/\\\/www.isletasnoticias.com.ar\\\/%77%70%2d%63%6f%6e%74%65%6e%74\\\/uploads\\\/2015\\\/12\\\/ID-100406551.jpg\",\"contentUrl\":\"http:\\\/\\\/www.isletasnoticias.com.ar\\\/%77%70%2d%63%6f%6e%74%65%6e%74\\\/uploads\\\/2015\\\/12\\\/ID-100406551.jpg\"},{\"@type\":\"BreadcrumbList\",\"@id\":\"https:\\\/\\\/informelitoral.com.ar\\\/temporal-del-sabado-cooperativa-quebracho-restablecio-la-luz-a-sus-usuarios\\\/#breadcrumb\",\"itemListElement\":[{\"@type\":\"ListItem\",\"position\":1,\"name\":\"Portada\",\"item\":\"https:\\\/\\\/informelitoral.com.ar\\\/\"},{\"@type\":\"ListItem\",\"position\":2,\"name\":\"Temporal del s\u00e1bado: Cooperativa Quebracho restableci\u00f3 la luz a sus usuarios\"}]},{\"@type\":\"WebSite\",\"@id\":\"https:\\\/\\\/informelitoral.com.ar\\\/#website\",\"url\":\"https:\\\/\\\/informelitoral.com.ar\\\/\",\"name\":\"Informe Litoral\",\"description\":\"&quot;Nos informamos&quot; \",\"publisher\":{\"@id\":\"https:\\\/\\\/informelitoral.com.ar\\\/#organization\"},\"potentialAction\":[{\"@type\":\"SearchAction\",\"target\":{\"@type\":\"EntryPoint\",\"urlTemplate\":\"https:\\\/\\\/informelitoral.com.ar\\\/?s={search_term_string}\"},\"query-input\":{\"@type\":\"PropertyValueSpecification\",\"valueRequired\":true,\"valueName\":\"search_term_string\"}}],\"inLanguage\":\"es\"},{\"@type\":\"Organization\",\"@id\":\"https:\\\/\\\/informelitoral.com.ar\\\/#organization\",\"name\":\"Informe Litoral\",\"url\":\"https:\\\/\\\/informelitoral.com.ar\\\/\",\"logo\":{\"@type\":\"ImageObject\",\"inLanguage\":\"es\",\"@id\":\"https:\\\/\\\/informelitoral.com.ar\\\/#\\\/schema\\\/logo\\\/image\\\/\",\"url\":\"https:\\\/\\\/informelitoral.com.ar\\\/%77%70%2d%63%6f%6e%74%65%6e%74\\\/uploads\\\/2021\\\/01\\\/circulo.png\",\"contentUrl\":\"https:\\\/\\\/informelitoral.com.ar\\\/%77%70%2d%63%6f%6e%74%65%6e%74\\\/uploads\\\/2021\\\/01\\\/circulo.png\",\"width\":723,\"height\":731,\"caption\":\"Informe Litoral\"},\"image\":{\"@id\":\"https:\\\/\\\/informelitoral.com.ar\\\/#\\\/schema\\\/logo\\\/image\\\/\"},\"sameAs\":[\"https:\\\/\\\/www.facebook.com\\\/informelitoral\\\/\",\"https:\\\/\\\/x.com\\\/InformeLitoral\",\"https:\\\/\\\/www.instagram.com\\\/informelitoral\\\/\",\"https:\\\/\\\/www.youtube.com\\\/channel\\\/UCua4Qvz8Icb6MYqhoq9xLXw\"]},{\"@type\":\"Person\",\"@id\":\"https:\\\/\\\/informelitoral.com.ar\\\/#\\\/schema\\\/person\\\/b9d00407c836482871ef1d57bf8e3180\",\"name\":\"Gonzalo Schmidt\",\"image\":{\"@type\":\"ImageObject\",\"inLanguage\":\"es\",\"@id\":\"https:\\\/\\\/secure.gravatar.com\\\/avatar\\\/31a1a7b66ff2de83bd0e9fd79d026630d2d99e55e8bfe501287647b4fd9743de?s=96&d=mm&r=g\",\"url\":\"https:\\\/\\\/secure.gravatar.com\\\/avatar\\\/31a1a7b66ff2de83bd0e9fd79d026630d2d99e55e8bfe501287647b4fd9743de?s=96&d=mm&r=g\",\"contentUrl\":\"https:\\\/\\\/secure.gravatar.com\\\/avatar\\\/31a1a7b66ff2de83bd0e9fd79d026630d2d99e55e8bfe501287647b4fd9743de?s=96&d=mm&r=g\",\"caption\":\"Gonzalo Schmidt\"},\"description\":\"Sitio web de noticias de la provincia de Entre R\u00edos, Argentina. Informaci\u00f3n y entretenimiento. Informe Litoral, nos informamos.\",\"sameAs\":[\"http:\\\/\\\/www.isletasnoticias.com.ar\"],\"url\":\"https:\\\/\\\/informelitoral.com.ar\\\/author\\\/gonzalo\\\/\"}]}<\/script>","yoast_head_json":{"title":"Temporal del s\u00e1bado: Cooperativa Quebracho restableci\u00f3 la luz a sus usuarios - Informe Litoral","robots":{"index":"index","follow":"follow","max-snippet":"max-snippet:-1","max-image-preview":"max-image-preview:large","max-video-preview":"max-video-preview:-1"},"canonical":"https:\/\/informelitoral.com.ar\/temporal-del-sabado-cooperativa-quebracho-restablecio-la-luz-a-sus-usuarios\/","og_locale":"es_ES","og_type":"article","og_title":"Temporal del s\u00e1bado: Cooperativa Quebracho restableci\u00f3 la luz a sus usuarios - Informe Litoral","og_description":"Gracias al r&aacute;pido trabajo de la prestadora del servicio, los usuarios de una zona de Isletas, Costa Grande y Distrito Doll volvieron a tener luz luego del medio d&iacute;a de este domingo. El temporal hab&iacute;a provocado la ca&iacute;da de varios postes.&nbsp; Desde la Cooperativa de Servicios P&uacute;blicos Quebracho Limitada, trabajaron intensamente tras el temporal del [&hellip;]","og_url":"https:\/\/informelitoral.com.ar\/temporal-del-sabado-cooperativa-quebracho-restablecio-la-luz-a-sus-usuarios\/","og_site_name":"Informe Litoral","article_publisher":"https:\/\/www.facebook.com\/informelitoral\/","article_published_time":"2015-12-14T00:50:38+00:00","article_modified_time":"2015-12-14T00:53:17+00:00","og_image":[{"width":600,"height":396,"url":"https:\/\/informelitoral.com.ar\/%77%70%2d%63%6f%6e%74%65%6e%74\/uploads\/2015\/12\/ID-100406551.jpg","type":"image\/jpeg"}],"author":"Gonzalo Schmidt","twitter_card":"summary_large_image","twitter_creator":"@InformeLitoral","twitter_site":"@InformeLitoral","twitter_misc":{"Escrito por":"Gonzalo Schmidt","Tiempo de lectura":"1 minuto"},"schema":{"@context":"https:\/\/schema.org","@graph":[{"@type":"Article","@id":"https:\/\/informelitoral.com.ar\/temporal-del-sabado-cooperativa-quebracho-restablecio-la-luz-a-sus-usuarios\/#article","isPartOf":{"@id":"https:\/\/informelitoral.com.ar\/temporal-del-sabado-cooperativa-quebracho-restablecio-la-luz-a-sus-usuarios\/"},"author":{"name":"Gonzalo Schmidt","@id":"https:\/\/informelitoral.com.ar\/#\/schema\/person\/b9d00407c836482871ef1d57bf8e3180"},"headline":"Temporal del s\u00e1bado: Cooperativa Quebracho restableci\u00f3 la luz a sus usuarios","datePublished":"2015-12-14T00:50:38+00:00","dateModified":"2015-12-14T00:53:17+00:00","mainEntityOfPage":{"@id":"https:\/\/informelitoral.com.ar\/temporal-del-sabado-cooperativa-quebracho-restablecio-la-luz-a-sus-usuarios\/"},"wordCount":190,"commentCount":0,"publisher":{"@id":"https:\/\/informelitoral.com.ar\/#organization"},"image":{"@id":"https:\/\/informelitoral.com.ar\/temporal-del-sabado-cooperativa-quebracho-restablecio-la-luz-a-sus-usuarios\/#primaryimage"},"thumbnailUrl":"http:\/\/www.isletasnoticias.com.ar\/%77%70%2d%63%6f%6e%74%65%6e%74\/uploads\/2015\/12\/ID-100406551.jpg","articleSection":["Departamento Diamante","Isletas"],"inLanguage":"es","potentialAction":[{"@type":"CommentAction","name":"Comment","target":["https:\/\/informelitoral.com.ar\/temporal-del-sabado-cooperativa-quebracho-restablecio-la-luz-a-sus-usuarios\/#respond"]}]},{"@type":"WebPage","@id":"https:\/\/informelitoral.com.ar\/temporal-del-sabado-cooperativa-quebracho-restablecio-la-luz-a-sus-usuarios\/","url":"https:\/\/informelitoral.com.ar\/temporal-del-sabado-cooperativa-quebracho-restablecio-la-luz-a-sus-usuarios\/","name":"Temporal del s\u00e1bado: Cooperativa Quebracho restableci\u00f3 la luz a sus usuarios - Informe Litoral","isPartOf":{"@id":"https:\/\/informelitoral.com.ar\/#website"},"primaryImageOfPage":{"@id":"https:\/\/informelitoral.com.ar\/temporal-del-sabado-cooperativa-quebracho-restablecio-la-luz-a-sus-usuarios\/#primaryimage"},"image":{"@id":"https:\/\/informelitoral.com.ar\/temporal-del-sabado-cooperativa-quebracho-restablecio-la-luz-a-sus-usuarios\/#primaryimage"},"thumbnailUrl":"http:\/\/www.isletasnoticias.com.ar\/%77%70%2d%63%6f%6e%74%65%6e%74\/uploads\/2015\/12\/ID-100406551.jpg","datePublished":"2015-12-14T00:50:38+00:00","dateModified":"2015-12-14T00:53:17+00:00","breadcrumb":{"@id":"https:\/\/informelitoral.com.ar\/temporal-del-sabado-cooperativa-quebracho-restablecio-la-luz-a-sus-usuarios\/#breadcrumb"},"inLanguage":"es","potentialAction":[{"@type":"ReadAction","target":["https:\/\/informelitoral.com.ar\/temporal-del-sabado-cooperativa-quebracho-restablecio-la-luz-a-sus-usuarios\/"]}]},{"@type":"ImageObject","inLanguage":"es","@id":"https:\/\/informelitoral.com.ar\/temporal-del-sabado-cooperativa-quebracho-restablecio-la-luz-a-sus-usuarios\/#primaryimage","url":"http:\/\/www.isletasnoticias.com.ar\/%77%70%2d%63%6f%6e%74%65%6e%74\/uploads\/2015\/12\/ID-100406551.jpg","contentUrl":"http:\/\/www.isletasnoticias.com.ar\/%77%70%2d%63%6f%6e%74%65%6e%74\/uploads\/2015\/12\/ID-100406551.jpg"},{"@type":"BreadcrumbList","@id":"https:\/\/informelitoral.com.ar\/temporal-del-sabado-cooperativa-quebracho-restablecio-la-luz-a-sus-usuarios\/#breadcrumb","itemListElement":[{"@type":"ListItem","position":1,"name":"Portada","item":"https:\/\/informelitoral.com.ar\/"},{"@type":"ListItem","position":2,"name":"Temporal del s\u00e1bado: Cooperativa Quebracho restableci\u00f3 la luz a sus usuarios"}]},{"@type":"WebSite","@id":"https:\/\/informelitoral.com.ar\/#website","url":"https:\/\/informelitoral.com.ar\/","name":"Informe Litoral","description":"&quot;Nos informamos&quot; ","publisher":{"@id":"https:\/\/informelitoral.com.ar\/#organization"},"potentialAction":[{"@type":"SearchAction","target":{"@type":"EntryPoint","urlTemplate":"https:\/\/informelitoral.com.ar\/?s={search_term_string}"},"query-input":{"@type":"PropertyValueSpecification","valueRequired":true,"valueName":"search_term_string"}}],"inLanguage":"es"},{"@type":"Organization","@id":"https:\/\/informelitoral.com.ar\/#organization","name":"Informe Litoral","url":"https:\/\/informelitoral.com.ar\/","logo":{"@type":"ImageObject","inLanguage":"es","@id":"https:\/\/informelitoral.com.ar\/#\/schema\/logo\/image\/","url":"https:\/\/informelitoral.com.ar\/%77%70%2d%63%6f%6e%74%65%6e%74\/uploads\/2021\/01\/circulo.png","contentUrl":"https:\/\/informelitoral.com.ar\/%77%70%2d%63%6f%6e%74%65%6e%74\/uploads\/2021\/01\/circulo.png","width":723,"height":731,"caption":"Informe Litoral"},"image":{"@id":"https:\/\/informelitoral.com.ar\/#\/schema\/logo\/image\/"},"sameAs":["https:\/\/www.facebook.com\/informelitoral\/","https:\/\/x.com\/InformeLitoral","https:\/\/www.instagram.com\/informelitoral\/","https:\/\/www.youtube.com\/channel\/UCua4Qvz8Icb6MYqhoq9xLXw"]},{"@type":"Person","@id":"https:\/\/informelitoral.com.ar\/#\/schema\/person\/b9d00407c836482871ef1d57bf8e3180","name":"Gonzalo Schmidt","image":{"@type":"ImageObject","inLanguage":"es","@id":"https:\/\/secure.gravatar.com\/avatar\/31a1a7b66ff2de83bd0e9fd79d026630d2d99e55e8bfe501287647b4fd9743de?s=96&d=mm&r=g","url":"https:\/\/secure.gravatar.com\/avatar\/31a1a7b66ff2de83bd0e9fd79d026630d2d99e55e8bfe501287647b4fd9743de?s=96&d=mm&r=g","contentUrl":"https:\/\/secure.gravatar.com\/avatar\/31a1a7b66ff2de83bd0e9fd79d026630d2d99e55e8bfe501287647b4fd9743de?s=96&d=mm&r=g","caption":"Gonzalo Schmidt"},"description":"Sitio web de noticias de la provincia de Entre R\u00edos, Argentina. Informaci\u00f3n y entretenimiento. Informe Litoral, nos informamos.","sameAs":["http:\/\/www.isletasnoticias.com.ar"],"url":"https:\/\/informelitoral.com.ar\/author\/gonzalo\/"}]}},"_links":{"self":[{"href":"https:\/\/informelitoral.com.ar\/%77%70%2d%6a%73%6f%6e\/wp\/v2\/posts\/12975","targetHints":{"allow":["GET"]}}],"collection":[{"href":"https:\/\/informelitoral.com.ar\/%77%70%2d%6a%73%6f%6e\/wp\/v2\/posts"}],"about":[{"href":"https:\/\/informelitoral.com.ar\/%77%70%2d%6a%73%6f%6e\/wp\/v2\/types\/post"}],"author":[{"embeddable":true,"href":"https:\/\/informelitoral.com.ar\/%77%70%2d%6a%73%6f%6e\/wp\/v2\/users\/2"}],"replies":[{"embeddable":true,"href":"https:\/\/informelitoral.com.ar\/%77%70%2d%6a%73%6f%6e\/wp\/v2\/comments?post=12975"}],"version-history":[{"count":0,"href":"https:\/\/informelitoral.com.ar\/%77%70%2d%6a%73%6f%6e\/wp\/v2\/posts\/12975\/revisions"}],"wp:attachment":[{"href":"https:\/\/informelitoral.com.ar\/%77%70%2d%6a%73%6f%6e\/wp\/v2\/media?parent=12975"}],"wp:term":[{"taxonomy":"category","embeddable":true,"href":"https:\/\/informelitoral.com.ar\/%77%70%2d%6a%73%6f%6e\/wp\/v2\/categories?post=12975"},{"taxonomy":"post_tag","embeddable":true,"href":"https:\/\/informelitoral.com.ar\/%77%70%2d%6a%73%6f%6e\/wp\/v2\/tags?post=12975"}],"curies":[{"name":"wp","href":"https:\/\/api.w.org\/{rel}","templated":true}]}}