{"id":12967,"date":"2015-12-13T10:16:41","date_gmt":"2015-12-13T13:16:41","guid":{"rendered":"http:\/\/www.isletasnoticias.com.ar\/?p=12967"},"modified":"2015-12-13T10:18:31","modified_gmt":"2015-12-13T13:18:31","slug":"urtubey-quiere-disputarle-el-liderazgo-del-pj-a-cristina","status":"publish","type":"post","link":"https:\/\/informelitoral.com.ar\/urtubey-quiere-disputarle-el-liderazgo-del-pj-a-cristina\/","title":{"rendered":"Urtubey quiere disputarle el liderazgo del PJ a Cristina"},"content":{"rendered":"<div class=\"bajada\"><strong>El salte\u00f1o quiere internas en el PJ el a\u00f1o que viene. Quiere que voten los afiliados. \u201cQue la gente elija al mejor\u201d, desaf\u00edo. La otra opci\u00f3n es que voten los congresales, muchos elegidos por CFK, quien tambi\u00e9n aspira a dirigir al partido.<a href=\"http:\/\/www.isletasnoticias.com.ar\/%77%70%2d%63%6f%6e%74%65%6e%74\/uploads\/2015\/12\/o_1431901824.jpg\"><img loading=\"lazy\" decoding=\"async\" class=\"aligncenter size-full wp-image-12968\" src=\"http:\/\/www.isletasnoticias.com.ar\/%77%70%2d%63%6f%6e%74%65%6e%74\/uploads\/2015\/12\/o_1431901824.jpg\" alt=\"o_1431901824\" width=\"640\" height=\"360\" srcset=\"https:\/\/informelitoral.com.ar\/%77%70%2d%63%6f%6e%74%65%6e%74\/uploads\/2015\/12\/o_1431901824.jpg 640w, https:\/\/informelitoral.com.ar\/%77%70%2d%63%6f%6e%74%65%6e%74\/uploads\/2015\/12\/o_1431901824-300x169.jpg 300w\" sizes=\"auto, (max-width: 640px) 100vw, 640px\" \/><\/a><\/strong><\/div>\n<div class=\"bajada\">El gobernador de Salta, <strong>Juan Manuel Urtubey<\/strong>, reclam\u00f3 internas en el Partido Justicialista para el a\u00f1o que viene, con la expectativa de reemplazar a Eduardo Fellner y posicionarse como una alternativa presidencial.<\/div>\n<div class=\"bajada\"><\/div>\n<div class=\"bajada\">\u00abEl peronismo hoy tiene un presidente, que se llama Eduardo Fellner, hasta que convoquemos a elecciones, que espero que esto se haga el a\u00f1o que viene\u00bb, sostuvo Urtubey.<\/div>\n<div class=\"bajada\">\n<p>Los mandatos actuales vencen en mayo y la idea del salte\u00f1o es que la pr\u00f3xima elecci\u00f3n sea por voto directo de los afiliados, tal como adelant\u00f3 el jueves el diputado salte\u00f1o Pablo Kosiner.<\/p>\n<p>\u201cUrtubey tiene mucha experiencia, est\u00e1 iniciando su tercer mandato como gobernador y ha manifestado claramente esta vocaci\u00f3n de presidir el PJ. Esperemos que las futuras discusiones sean con participaci\u00f3n directa de los afiliados\u201d, exigi\u00f3, seg\u00fan consign\u00f3 La Pol\u00edtica Online.<\/p>\n<p>No es un detalle menor: la otra opci\u00f3n ser\u00eda que voten los congresales, elegidos en muchos casos por el dedo de Cristina, en la \u00faltima renovaci\u00f3n de autoridades.<\/p>\n<p>Justamente, La C\u00e1mpora y el kirchnerismo duro busca que la ex presidenta se posicione como presidente del PJ, tal vez para ungirla con el voto indirecto.<\/p>\n<p>Uno de los m\u00e1s interesados es Carlos Kunkel, diputado nacional y amigo de la presidenta. La pelea se traslad\u00f3 al bloque de diputados del FpV, donde Cristina impuso como titular a H\u00e9ctor Recalde y pidi\u00f3 no asistir a la asamblea de apertura de sesiones ordinarias. Los gobernadores y sus legisladores fueron.<\/p>\n<p>La otra figura que puede representar ese espacio es Jorge Capitanich, intendente de Resistencia y ajeno a la liga de gobernadores.\u201cLo mejor es ir a una elecci\u00f3n interna el a\u00f1o que viene y que la gente elija al mejor\u00bb, cerr\u00f3 Urtubey. <em>(IN)<\/em><\/p>\n<\/div>\n","protected":false},"excerpt":{"rendered":"<p>El salte&ntilde;o quiere internas en el PJ el a&ntilde;o que viene. Quiere que voten los afiliados. &ldquo;Que la gente elija al mejor&rdquo;, desaf&iacute;o. La otra opci&oacute;n es que voten los congresales, muchos elegidos por CFK, quien tambi&eacute;n aspira a dirigir al partido. El gobernador de Salta, Juan Manuel Urtubey, reclam&oacute; internas en el Partido Justicialista [&hellip;]<\/p>\n","protected":false},"author":2,"featured_media":0,"comment_status":"open","ping_status":"open","sticky":false,"template":"","format":"standard","meta":{"fifu_image_url":"","fifu_image_alt":"","footnotes":""},"categories":[7,16],"tags":[],"class_list":{"0":"post-12967","1":"post","2":"type-post","3":"status-publish","4":"format-standard","6":"category-nacionales","7":"category-politi"},"yoast_head":"<title>Urtubey quiere disputarle el liderazgo del PJ a Cristina - Informe Litoral<\/title>\n<meta name=\"robots\" content=\"index, follow, max-snippet:-1, max-image-preview:large, max-video-preview:-1\" \/>\n<link rel=\"canonical\" href=\"https:\/\/informelitoral.com.ar\/urtubey-quiere-disputarle-el-liderazgo-del-pj-a-cristina\/\" \/>\n<meta property=\"og:locale\" content=\"es_ES\" \/>\n<meta property=\"og:type\" content=\"article\" \/>\n<meta property=\"og:title\" content=\"Urtubey quiere disputarle el liderazgo del PJ a Cristina - Informe Litoral\" \/>\n<meta property=\"og:description\" content=\"El salte&ntilde;o quiere internas en el PJ el a&ntilde;o que viene. Quiere que voten los afiliados. &ldquo;Que la gente elija al mejor&rdquo;, desaf&iacute;o. La otra opci&oacute;n es que voten los congresales, muchos elegidos por CFK, quien tambi&eacute;n aspira a dirigir al partido. El gobernador de Salta, Juan Manuel Urtubey, reclam&oacute; internas en el Partido Justicialista [&hellip;]\" \/>\n<meta property=\"og:url\" content=\"https:\/\/informelitoral.com.ar\/urtubey-quiere-disputarle-el-liderazgo-del-pj-a-cristina\/\" \/>\n<meta property=\"og:site_name\" content=\"Informe Litoral\" \/>\n<meta property=\"article:publisher\" content=\"https:\/\/www.facebook.com\/informelitoral\/\" \/>\n<meta property=\"article:published_time\" content=\"2015-12-13T13:16:41+00:00\" \/>\n<meta property=\"article:modified_time\" content=\"2015-12-13T13:18:31+00:00\" \/>\n<meta property=\"og:image\" content=\"https:\/\/informelitoral.com.ar\/%77%70%2d%63%6f%6e%74%65%6e%74\/uploads\/2015\/12\/o_1431901824.jpg\" \/>\n\t<meta property=\"og:image:width\" content=\"640\" \/>\n\t<meta property=\"og:image:height\" content=\"360\" \/>\n\t<meta property=\"og:image:type\" content=\"image\/jpeg\" \/>\n<meta name=\"author\" content=\"Gonzalo Schmidt\" \/>\n<meta name=\"twitter:card\" content=\"summary_large_image\" \/>\n<meta name=\"twitter:creator\" content=\"@InformeLitoral\" \/>\n<meta name=\"twitter:site\" content=\"@InformeLitoral\" \/>\n<meta name=\"twitter:label1\" content=\"Escrito por\" \/>\n\t<meta name=\"twitter:data1\" content=\"Gonzalo Schmidt\" \/>\n\t<meta name=\"twitter:label2\" content=\"Tiempo de lectura\" \/>\n\t<meta name=\"twitter:data2\" content=\"2 minutos\" \/>\n<script type=\"application\/ld+json\" class=\"yoast-schema-graph\">{\"@context\":\"https:\\\/\\\/schema.org\",\"@graph\":[{\"@type\":\"Article\",\"@id\":\"https:\\\/\\\/informelitoral.com.ar\\\/urtubey-quiere-disputarle-el-liderazgo-del-pj-a-cristina\\\/#article\",\"isPartOf\":{\"@id\":\"https:\\\/\\\/informelitoral.com.ar\\\/urtubey-quiere-disputarle-el-liderazgo-del-pj-a-cristina\\\/\"},\"author\":{\"name\":\"Gonzalo Schmidt\",\"@id\":\"https:\\\/\\\/informelitoral.com.ar\\\/#\\\/schema\\\/person\\\/b9d00407c836482871ef1d57bf8e3180\"},\"headline\":\"Urtubey quiere disputarle el liderazgo del PJ a Cristina\",\"datePublished\":\"2015-12-13T13:16:41+00:00\",\"dateModified\":\"2015-12-13T13:18:31+00:00\",\"mainEntityOfPage\":{\"@id\":\"https:\\\/\\\/informelitoral.com.ar\\\/urtubey-quiere-disputarle-el-liderazgo-del-pj-a-cristina\\\/\"},\"wordCount\":354,\"commentCount\":0,\"publisher\":{\"@id\":\"https:\\\/\\\/informelitoral.com.ar\\\/#organization\"},\"image\":{\"@id\":\"https:\\\/\\\/informelitoral.com.ar\\\/urtubey-quiere-disputarle-el-liderazgo-del-pj-a-cristina\\\/#primaryimage\"},\"thumbnailUrl\":\"http:\\\/\\\/www.isletasnoticias.com.ar\\\/%77%70%2d%63%6f%6e%74%65%6e%74\\\/uploads\\\/2015\\\/12\\\/o_1431901824.jpg\",\"articleSection\":[\"Nacionales\",\"Politica\"],\"inLanguage\":\"es\",\"potentialAction\":[{\"@type\":\"CommentAction\",\"name\":\"Comment\",\"target\":[\"https:\\\/\\\/informelitoral.com.ar\\\/urtubey-quiere-disputarle-el-liderazgo-del-pj-a-cristina\\\/#respond\"]}]},{\"@type\":\"WebPage\",\"@id\":\"https:\\\/\\\/informelitoral.com.ar\\\/urtubey-quiere-disputarle-el-liderazgo-del-pj-a-cristina\\\/\",\"url\":\"https:\\\/\\\/informelitoral.com.ar\\\/urtubey-quiere-disputarle-el-liderazgo-del-pj-a-cristina\\\/\",\"name\":\"Urtubey quiere disputarle el liderazgo del PJ a Cristina - Informe Litoral\",\"isPartOf\":{\"@id\":\"https:\\\/\\\/informelitoral.com.ar\\\/#website\"},\"primaryImageOfPage\":{\"@id\":\"https:\\\/\\\/informelitoral.com.ar\\\/urtubey-quiere-disputarle-el-liderazgo-del-pj-a-cristina\\\/#primaryimage\"},\"image\":{\"@id\":\"https:\\\/\\\/informelitoral.com.ar\\\/urtubey-quiere-disputarle-el-liderazgo-del-pj-a-cristina\\\/#primaryimage\"},\"thumbnailUrl\":\"http:\\\/\\\/www.isletasnoticias.com.ar\\\/%77%70%2d%63%6f%6e%74%65%6e%74\\\/uploads\\\/2015\\\/12\\\/o_1431901824.jpg\",\"datePublished\":\"2015-12-13T13:16:41+00:00\",\"dateModified\":\"2015-12-13T13:18:31+00:00\",\"breadcrumb\":{\"@id\":\"https:\\\/\\\/informelitoral.com.ar\\\/urtubey-quiere-disputarle-el-liderazgo-del-pj-a-cristina\\\/#breadcrumb\"},\"inLanguage\":\"es\",\"potentialAction\":[{\"@type\":\"ReadAction\",\"target\":[\"https:\\\/\\\/informelitoral.com.ar\\\/urtubey-quiere-disputarle-el-liderazgo-del-pj-a-cristina\\\/\"]}]},{\"@type\":\"ImageObject\",\"inLanguage\":\"es\",\"@id\":\"https:\\\/\\\/informelitoral.com.ar\\\/urtubey-quiere-disputarle-el-liderazgo-del-pj-a-cristina\\\/#primaryimage\",\"url\":\"http:\\\/\\\/www.isletasnoticias.com.ar\\\/%77%70%2d%63%6f%6e%74%65%6e%74\\\/uploads\\\/2015\\\/12\\\/o_1431901824.jpg\",\"contentUrl\":\"http:\\\/\\\/www.isletasnoticias.com.ar\\\/%77%70%2d%63%6f%6e%74%65%6e%74\\\/uploads\\\/2015\\\/12\\\/o_1431901824.jpg\"},{\"@type\":\"BreadcrumbList\",\"@id\":\"https:\\\/\\\/informelitoral.com.ar\\\/urtubey-quiere-disputarle-el-liderazgo-del-pj-a-cristina\\\/#breadcrumb\",\"itemListElement\":[{\"@type\":\"ListItem\",\"position\":1,\"name\":\"Portada\",\"item\":\"https:\\\/\\\/informelitoral.com.ar\\\/\"},{\"@type\":\"ListItem\",\"position\":2,\"name\":\"Urtubey quiere disputarle el liderazgo del PJ a Cristina\"}]},{\"@type\":\"WebSite\",\"@id\":\"https:\\\/\\\/informelitoral.com.ar\\\/#website\",\"url\":\"https:\\\/\\\/informelitoral.com.ar\\\/\",\"name\":\"Informe Litoral\",\"description\":\"&quot;Nos informamos&quot; \",\"publisher\":{\"@id\":\"https:\\\/\\\/informelitoral.com.ar\\\/#organization\"},\"potentialAction\":[{\"@type\":\"SearchAction\",\"target\":{\"@type\":\"EntryPoint\",\"urlTemplate\":\"https:\\\/\\\/informelitoral.com.ar\\\/?s={search_term_string}\"},\"query-input\":{\"@type\":\"PropertyValueSpecification\",\"valueRequired\":true,\"valueName\":\"search_term_string\"}}],\"inLanguage\":\"es\"},{\"@type\":\"Organization\",\"@id\":\"https:\\\/\\\/informelitoral.com.ar\\\/#organization\",\"name\":\"Informe Litoral\",\"url\":\"https:\\\/\\\/informelitoral.com.ar\\\/\",\"logo\":{\"@type\":\"ImageObject\",\"inLanguage\":\"es\",\"@id\":\"https:\\\/\\\/informelitoral.com.ar\\\/#\\\/schema\\\/logo\\\/image\\\/\",\"url\":\"https:\\\/\\\/informelitoral.com.ar\\\/%77%70%2d%63%6f%6e%74%65%6e%74\\\/uploads\\\/2021\\\/01\\\/circulo.png\",\"contentUrl\":\"https:\\\/\\\/informelitoral.com.ar\\\/%77%70%2d%63%6f%6e%74%65%6e%74\\\/uploads\\\/2021\\\/01\\\/circulo.png\",\"width\":723,\"height\":731,\"caption\":\"Informe Litoral\"},\"image\":{\"@id\":\"https:\\\/\\\/informelitoral.com.ar\\\/#\\\/schema\\\/logo\\\/image\\\/\"},\"sameAs\":[\"https:\\\/\\\/www.facebook.com\\\/informelitoral\\\/\",\"https:\\\/\\\/x.com\\\/InformeLitoral\",\"https:\\\/\\\/www.instagram.com\\\/informelitoral\\\/\",\"https:\\\/\\\/www.youtube.com\\\/channel\\\/UCua4Qvz8Icb6MYqhoq9xLXw\"]},{\"@type\":\"Person\",\"@id\":\"https:\\\/\\\/informelitoral.com.ar\\\/#\\\/schema\\\/person\\\/b9d00407c836482871ef1d57bf8e3180\",\"name\":\"Gonzalo Schmidt\",\"image\":{\"@type\":\"ImageObject\",\"inLanguage\":\"es\",\"@id\":\"https:\\\/\\\/secure.gravatar.com\\\/avatar\\\/31a1a7b66ff2de83bd0e9fd79d026630d2d99e55e8bfe501287647b4fd9743de?s=96&d=mm&r=g\",\"url\":\"https:\\\/\\\/secure.gravatar.com\\\/avatar\\\/31a1a7b66ff2de83bd0e9fd79d026630d2d99e55e8bfe501287647b4fd9743de?s=96&d=mm&r=g\",\"contentUrl\":\"https:\\\/\\\/secure.gravatar.com\\\/avatar\\\/31a1a7b66ff2de83bd0e9fd79d026630d2d99e55e8bfe501287647b4fd9743de?s=96&d=mm&r=g\",\"caption\":\"Gonzalo Schmidt\"},\"description\":\"Sitio web de noticias de la provincia de Entre R\u00edos, Argentina. Informaci\u00f3n y entretenimiento. Informe Litoral, nos informamos.\",\"sameAs\":[\"http:\\\/\\\/www.isletasnoticias.com.ar\"],\"url\":\"https:\\\/\\\/informelitoral.com.ar\\\/author\\\/gonzalo\\\/\"}]}<\/script>","yoast_head_json":{"title":"Urtubey quiere disputarle el liderazgo del PJ a Cristina - Informe Litoral","robots":{"index":"index","follow":"follow","max-snippet":"max-snippet:-1","max-image-preview":"max-image-preview:large","max-video-preview":"max-video-preview:-1"},"canonical":"https:\/\/informelitoral.com.ar\/urtubey-quiere-disputarle-el-liderazgo-del-pj-a-cristina\/","og_locale":"es_ES","og_type":"article","og_title":"Urtubey quiere disputarle el liderazgo del PJ a Cristina - Informe Litoral","og_description":"El salte&ntilde;o quiere internas en el PJ el a&ntilde;o que viene. Quiere que voten los afiliados. &ldquo;Que la gente elija al mejor&rdquo;, desaf&iacute;o. La otra opci&oacute;n es que voten los congresales, muchos elegidos por CFK, quien tambi&eacute;n aspira a dirigir al partido. El gobernador de Salta, Juan Manuel Urtubey, reclam&oacute; internas en el Partido Justicialista [&hellip;]","og_url":"https:\/\/informelitoral.com.ar\/urtubey-quiere-disputarle-el-liderazgo-del-pj-a-cristina\/","og_site_name":"Informe Litoral","article_publisher":"https:\/\/www.facebook.com\/informelitoral\/","article_published_time":"2015-12-13T13:16:41+00:00","article_modified_time":"2015-12-13T13:18:31+00:00","og_image":[{"width":640,"height":360,"url":"https:\/\/informelitoral.com.ar\/%77%70%2d%63%6f%6e%74%65%6e%74\/uploads\/2015\/12\/o_1431901824.jpg","type":"image\/jpeg"}],"author":"Gonzalo Schmidt","twitter_card":"summary_large_image","twitter_creator":"@InformeLitoral","twitter_site":"@InformeLitoral","twitter_misc":{"Escrito por":"Gonzalo Schmidt","Tiempo de lectura":"2 minutos"},"schema":{"@context":"https:\/\/schema.org","@graph":[{"@type":"Article","@id":"https:\/\/informelitoral.com.ar\/urtubey-quiere-disputarle-el-liderazgo-del-pj-a-cristina\/#article","isPartOf":{"@id":"https:\/\/informelitoral.com.ar\/urtubey-quiere-disputarle-el-liderazgo-del-pj-a-cristina\/"},"author":{"name":"Gonzalo Schmidt","@id":"https:\/\/informelitoral.com.ar\/#\/schema\/person\/b9d00407c836482871ef1d57bf8e3180"},"headline":"Urtubey quiere disputarle el liderazgo del PJ a Cristina","datePublished":"2015-12-13T13:16:41+00:00","dateModified":"2015-12-13T13:18:31+00:00","mainEntityOfPage":{"@id":"https:\/\/informelitoral.com.ar\/urtubey-quiere-disputarle-el-liderazgo-del-pj-a-cristina\/"},"wordCount":354,"commentCount":0,"publisher":{"@id":"https:\/\/informelitoral.com.ar\/#organization"},"image":{"@id":"https:\/\/informelitoral.com.ar\/urtubey-quiere-disputarle-el-liderazgo-del-pj-a-cristina\/#primaryimage"},"thumbnailUrl":"http:\/\/www.isletasnoticias.com.ar\/%77%70%2d%63%6f%6e%74%65%6e%74\/uploads\/2015\/12\/o_1431901824.jpg","articleSection":["Nacionales","Politica"],"inLanguage":"es","potentialAction":[{"@type":"CommentAction","name":"Comment","target":["https:\/\/informelitoral.com.ar\/urtubey-quiere-disputarle-el-liderazgo-del-pj-a-cristina\/#respond"]}]},{"@type":"WebPage","@id":"https:\/\/informelitoral.com.ar\/urtubey-quiere-disputarle-el-liderazgo-del-pj-a-cristina\/","url":"https:\/\/informelitoral.com.ar\/urtubey-quiere-disputarle-el-liderazgo-del-pj-a-cristina\/","name":"Urtubey quiere disputarle el liderazgo del PJ a Cristina - Informe Litoral","isPartOf":{"@id":"https:\/\/informelitoral.com.ar\/#website"},"primaryImageOfPage":{"@id":"https:\/\/informelitoral.com.ar\/urtubey-quiere-disputarle-el-liderazgo-del-pj-a-cristina\/#primaryimage"},"image":{"@id":"https:\/\/informelitoral.com.ar\/urtubey-quiere-disputarle-el-liderazgo-del-pj-a-cristina\/#primaryimage"},"thumbnailUrl":"http:\/\/www.isletasnoticias.com.ar\/%77%70%2d%63%6f%6e%74%65%6e%74\/uploads\/2015\/12\/o_1431901824.jpg","datePublished":"2015-12-13T13:16:41+00:00","dateModified":"2015-12-13T13:18:31+00:00","breadcrumb":{"@id":"https:\/\/informelitoral.com.ar\/urtubey-quiere-disputarle-el-liderazgo-del-pj-a-cristina\/#breadcrumb"},"inLanguage":"es","potentialAction":[{"@type":"ReadAction","target":["https:\/\/informelitoral.com.ar\/urtubey-quiere-disputarle-el-liderazgo-del-pj-a-cristina\/"]}]},{"@type":"ImageObject","inLanguage":"es","@id":"https:\/\/informelitoral.com.ar\/urtubey-quiere-disputarle-el-liderazgo-del-pj-a-cristina\/#primaryimage","url":"http:\/\/www.isletasnoticias.com.ar\/%77%70%2d%63%6f%6e%74%65%6e%74\/uploads\/2015\/12\/o_1431901824.jpg","contentUrl":"http:\/\/www.isletasnoticias.com.ar\/%77%70%2d%63%6f%6e%74%65%6e%74\/uploads\/2015\/12\/o_1431901824.jpg"},{"@type":"BreadcrumbList","@id":"https:\/\/informelitoral.com.ar\/urtubey-quiere-disputarle-el-liderazgo-del-pj-a-cristina\/#breadcrumb","itemListElement":[{"@type":"ListItem","position":1,"name":"Portada","item":"https:\/\/informelitoral.com.ar\/"},{"@type":"ListItem","position":2,"name":"Urtubey quiere disputarle el liderazgo del PJ a Cristina"}]},{"@type":"WebSite","@id":"https:\/\/informelitoral.com.ar\/#website","url":"https:\/\/informelitoral.com.ar\/","name":"Informe Litoral","description":"&quot;Nos informamos&quot; ","publisher":{"@id":"https:\/\/informelitoral.com.ar\/#organization"},"potentialAction":[{"@type":"SearchAction","target":{"@type":"EntryPoint","urlTemplate":"https:\/\/informelitoral.com.ar\/?s={search_term_string}"},"query-input":{"@type":"PropertyValueSpecification","valueRequired":true,"valueName":"search_term_string"}}],"inLanguage":"es"},{"@type":"Organization","@id":"https:\/\/informelitoral.com.ar\/#organization","name":"Informe Litoral","url":"https:\/\/informelitoral.com.ar\/","logo":{"@type":"ImageObject","inLanguage":"es","@id":"https:\/\/informelitoral.com.ar\/#\/schema\/logo\/image\/","url":"https:\/\/informelitoral.com.ar\/%77%70%2d%63%6f%6e%74%65%6e%74\/uploads\/2021\/01\/circulo.png","contentUrl":"https:\/\/informelitoral.com.ar\/%77%70%2d%63%6f%6e%74%65%6e%74\/uploads\/2021\/01\/circulo.png","width":723,"height":731,"caption":"Informe Litoral"},"image":{"@id":"https:\/\/informelitoral.com.ar\/#\/schema\/logo\/image\/"},"sameAs":["https:\/\/www.facebook.com\/informelitoral\/","https:\/\/x.com\/InformeLitoral","https:\/\/www.instagram.com\/informelitoral\/","https:\/\/www.youtube.com\/channel\/UCua4Qvz8Icb6MYqhoq9xLXw"]},{"@type":"Person","@id":"https:\/\/informelitoral.com.ar\/#\/schema\/person\/b9d00407c836482871ef1d57bf8e3180","name":"Gonzalo Schmidt","image":{"@type":"ImageObject","inLanguage":"es","@id":"https:\/\/secure.gravatar.com\/avatar\/31a1a7b66ff2de83bd0e9fd79d026630d2d99e55e8bfe501287647b4fd9743de?s=96&d=mm&r=g","url":"https:\/\/secure.gravatar.com\/avatar\/31a1a7b66ff2de83bd0e9fd79d026630d2d99e55e8bfe501287647b4fd9743de?s=96&d=mm&r=g","contentUrl":"https:\/\/secure.gravatar.com\/avatar\/31a1a7b66ff2de83bd0e9fd79d026630d2d99e55e8bfe501287647b4fd9743de?s=96&d=mm&r=g","caption":"Gonzalo Schmidt"},"description":"Sitio web de noticias de la provincia de Entre R\u00edos, Argentina. Informaci\u00f3n y entretenimiento. Informe Litoral, nos informamos.","sameAs":["http:\/\/www.isletasnoticias.com.ar"],"url":"https:\/\/informelitoral.com.ar\/author\/gonzalo\/"}]}},"_links":{"self":[{"href":"https:\/\/informelitoral.com.ar\/%77%70%2d%6a%73%6f%6e\/wp\/v2\/posts\/12967","targetHints":{"allow":["GET"]}}],"collection":[{"href":"https:\/\/informelitoral.com.ar\/%77%70%2d%6a%73%6f%6e\/wp\/v2\/posts"}],"about":[{"href":"https:\/\/informelitoral.com.ar\/%77%70%2d%6a%73%6f%6e\/wp\/v2\/types\/post"}],"author":[{"embeddable":true,"href":"https:\/\/informelitoral.com.ar\/%77%70%2d%6a%73%6f%6e\/wp\/v2\/users\/2"}],"replies":[{"embeddable":true,"href":"https:\/\/informelitoral.com.ar\/%77%70%2d%6a%73%6f%6e\/wp\/v2\/comments?post=12967"}],"version-history":[{"count":0,"href":"https:\/\/informelitoral.com.ar\/%77%70%2d%6a%73%6f%6e\/wp\/v2\/posts\/12967\/revisions"}],"wp:attachment":[{"href":"https:\/\/informelitoral.com.ar\/%77%70%2d%6a%73%6f%6e\/wp\/v2\/media?parent=12967"}],"wp:term":[{"taxonomy":"category","embeddable":true,"href":"https:\/\/informelitoral.com.ar\/%77%70%2d%6a%73%6f%6e\/wp\/v2\/categories?post=12967"},{"taxonomy":"post_tag","embeddable":true,"href":"https:\/\/informelitoral.com.ar\/%77%70%2d%6a%73%6f%6e\/wp\/v2\/tags?post=12967"}],"curies":[{"name":"wp","href":"https:\/\/api.w.org\/{rel}","templated":true}]}}