{"id":129641,"date":"2023-03-21T19:11:43","date_gmt":"2023-03-21T22:11:43","guid":{"rendered":"https:\/\/www.informelitoral.com.ar\/?p=129641"},"modified":"2023-03-21T19:11:43","modified_gmt":"2023-03-21T22:11:43","slug":"tamberos-se-concentraran-en-colonia-merou-para-visibilizar-la-crisis","status":"publish","type":"post","link":"https:\/\/informelitoral.com.ar\/tamberos-se-concentraran-en-colonia-merou-para-visibilizar-la-crisis\/","title":{"rendered":"Tamberos se concentrar\u00e1n en Colonia Merou para visibilizar la crisis"},"content":{"rendered":"<p><strong>Bajo la denominaci\u00f3n de \u00abTamberos familiares y Productores autoconvocados\u00bb, se lanz\u00f3 por redes sociales una convocatoria para llevar adelante una concentraci\u00f3n p\u00fablica, en el kil\u00f3metros 414 de la Ruta Nacional 12, a la altura del acceso a Colonia Merou. La propuesta surgi\u00f3 en horas de la siesta de este lunes, despu\u00e9s que se barajaran algunas opciones de c\u00f3mo hacer conocer p\u00fablicamente el reclamo.<\/strong><\/p>\n<p>El productor <strong>Fabio Schneider,<\/strong> anticip\u00f3 a <em>FM Estaci\u00f3n Plus Crespo<\/em>: \u00abEste mi\u00e9rcoles nos estaremos reuniendo a las 9:00, en ese punto. Estaremos al costado de la ruta, no queremos interrumpir el tr\u00e1nsito, pero l\u00f3gicamente se relentizar\u00e1 un poco, mientras se realice la Asamblea y como para que quienes circulan conozcan de nuestro reclamo. La idea es visibilizar el problema y llamar la atenci\u00f3n de los pol\u00edticos, porque no vemos presidentes comunales, intendentes o gobernadores, golpeando las puertas que deben tocarse para que lleguen las soluciones. Ese lugar es un poco emblem\u00e1tico, nos ha tra\u00eddo suerte en movidas anteriores, por eso volvemos. Estamos invitando no s\u00f3lo al tambero, sino al agricultor, al avicultor, al apicultor, a todos. Los tamberos estamos liderando el reclamo, porque estamos en la urgencia, se nos mueren seres vivos que son nuestro sustento\u00bb.<\/p>\n<p><a href=\"http:\/\/www.informelitoral.com.ar\/%77%70%2d%63%6f%6e%74%65%6e%74\/uploads\/2023\/03\/concentracion-tamberos-ccolonia-merou.jpg\"><img loading=\"lazy\" decoding=\"async\" class=\"aligncenter wp-image-129642 size-full\" src=\"http:\/\/www.informelitoral.com.ar\/%77%70%2d%63%6f%6e%74%65%6e%74\/uploads\/2023\/03\/concentracion-tamberos-ccolonia-merou.jpg\" alt=\"\" width=\"768\" height=\"374\" srcset=\"https:\/\/informelitoral.com.ar\/%77%70%2d%63%6f%6e%74%65%6e%74\/uploads\/2023\/03\/concentracion-tamberos-ccolonia-merou.jpg 768w, https:\/\/informelitoral.com.ar\/%77%70%2d%63%6f%6e%74%65%6e%74\/uploads\/2023\/03\/concentracion-tamberos-ccolonia-merou-300x146.jpg 300w, https:\/\/informelitoral.com.ar\/%77%70%2d%63%6f%6e%74%65%6e%74\/uploads\/2023\/03\/concentracion-tamberos-ccolonia-merou-696x339.jpg 696w, https:\/\/informelitoral.com.ar\/%77%70%2d%63%6f%6e%74%65%6e%74\/uploads\/2023\/03\/concentracion-tamberos-ccolonia-merou-533x261.jpg 533w\" sizes=\"auto, (max-width: 768px) 100vw, 768px\" \/><\/a><\/p>\n<p>\u00abLa situaci\u00f3n de la sequ\u00eda que se mantiene, las vacas ya vienen sufridas y todo lleva a achicar rodeo para bajar costos. Pero si sigue as\u00ed, hay que cerrar el tambo\u00bb, coment\u00f3 el ruralista y agreg\u00f3: \u00abLa crisis est\u00e1 sacando a la luz el abandono de 40 a\u00f1os de pol\u00edticas de Estado, porque lo que pasa ahora es grave, pero si lo agarrara a un productor con mejor espalda econ\u00f3mica, se puede atenuar. Por eso es tan importante que la ayuda prometida por el gobierno est\u00e9 ya mismo en manos de los productores y que se sienten en una mesa de di\u00e1logo sincero y sin hipocres\u00edas, a organizar c\u00f3mo van a levantar a los productores despu\u00e9s que llueva. La mayor\u00eda est\u00e1 pensando en irse a la ciudad\u00bb, sentenci\u00f3.<\/p>\n<p>\u00abTenemos que negociar con los pol\u00edticos que est\u00e1n y con los que van a venir, porque estamos en un a\u00f1o de elecciones y los productores estamos a la deriva. Se pasan de unos a otros, pero la soluci\u00f3n no llega. Esto se arregla con plata, que es lo que hace falta para comprar el alimento y que las vacas no se mueran\u00bb, coment\u00f3.<\/p>\n<p>Pensando en quienes han mostrado adhesi\u00f3n desde otros sectores econ\u00f3micos, pero no podr\u00e1n asistir, sostuvo: \u00abA la sociedad le pido que rece por los productores, porque es desesperante, ver que no hay pasto, que no tienen alimento y se mueren. Para las familias de la ciudad s\u00f3lo producen leche, pero para los tamberos, es nuestro medio de vida\u00bb.<\/p>\n","protected":false},"excerpt":{"rendered":"<p>El objetivo es mostrar lo que viven producto de la sequ\u00eda y exigir ayudas econ\u00f3micas al oficialismo y a quienes se postulan por la oposici\u00f3n. \u00abLa mayor\u00eda de los productores est\u00e1 pensando en irse a la ciudad\u00bb, sentenci\u00f3 uno de los autoconvocados. <\/p>\n","protected":false},"author":2,"featured_media":129643,"comment_status":"open","ping_status":"open","sticky":false,"template":"","format":"standard","meta":{"fifu_image_url":"","fifu_image_alt":"","footnotes":""},"categories":[10],"tags":[3483,730],"class_list":{"0":"post-129641","1":"post","2":"type-post","3":"status-publish","4":"format-standard","5":"has-post-thumbnail","7":"category-campo","8":"tag-productores-tamberos","9":"tag-tamberos"},"yoast_head":"<title>Tamberos se concentrar\u00e1n en Colonia Merou para visibilizar la crisis - Informe Litoral<\/title>\n<meta name=\"robots\" content=\"index, follow, max-snippet:-1, max-image-preview:large, max-video-preview:-1\" \/>\n<link rel=\"canonical\" href=\"https:\/\/informelitoral.com.ar\/tamberos-se-concentraran-en-colonia-merou-para-visibilizar-la-crisis\/\" \/>\n<meta property=\"og:locale\" content=\"es_ES\" \/>\n<meta property=\"og:type\" content=\"article\" \/>\n<meta property=\"og:title\" content=\"Tamberos se concentrar\u00e1n en Colonia Merou para visibilizar la crisis - Informe Litoral\" \/>\n<meta property=\"og:description\" content=\"El objetivo es mostrar lo que viven producto de la sequ\u00eda y exigir ayudas econ\u00f3micas al oficialismo y a quienes se postulan por la oposici\u00f3n. &quot;La mayor\u00eda de los productores est\u00e1 pensando en irse a la ciudad&quot;, sentenci\u00f3 uno de los autoconvocados.\" \/>\n<meta property=\"og:url\" content=\"https:\/\/informelitoral.com.ar\/tamberos-se-concentraran-en-colonia-merou-para-visibilizar-la-crisis\/\" \/>\n<meta property=\"og:site_name\" content=\"Informe Litoral\" \/>\n<meta property=\"article:publisher\" content=\"https:\/\/www.facebook.com\/informelitoral\/\" \/>\n<meta property=\"article:published_time\" content=\"2023-03-21T22:11:43+00:00\" \/>\n<meta property=\"og:image\" content=\"https:\/\/informelitoral.com.ar\/%77%70%2d%63%6f%6e%74%65%6e%74\/uploads\/2023\/03\/WhatsApp-Image-2023-03-20-at-9.36.45-PM.jpg\" \/>\n\t<meta property=\"og:image:width\" content=\"940\" \/>\n\t<meta property=\"og:image:height\" content=\"490\" \/>\n\t<meta property=\"og:image:type\" content=\"image\/jpeg\" \/>\n<meta name=\"author\" content=\"Gonzalo Schmidt\" \/>\n<meta name=\"twitter:card\" content=\"summary_large_image\" \/>\n<meta name=\"twitter:creator\" content=\"@InformeLitoral\" \/>\n<meta name=\"twitter:site\" content=\"@InformeLitoral\" \/>\n<meta name=\"twitter:label1\" content=\"Escrito por\" \/>\n\t<meta name=\"twitter:data1\" content=\"Gonzalo Schmidt\" \/>\n\t<meta name=\"twitter:label2\" content=\"Tiempo de lectura\" \/>\n\t<meta name=\"twitter:data2\" content=\"2 minutos\" \/>\n<script type=\"application\/ld+json\" class=\"yoast-schema-graph\">{\"@context\":\"https:\\\/\\\/schema.org\",\"@graph\":[{\"@type\":\"Article\",\"@id\":\"https:\\\/\\\/informelitoral.com.ar\\\/tamberos-se-concentraran-en-colonia-merou-para-visibilizar-la-crisis\\\/#article\",\"isPartOf\":{\"@id\":\"https:\\\/\\\/informelitoral.com.ar\\\/tamberos-se-concentraran-en-colonia-merou-para-visibilizar-la-crisis\\\/\"},\"author\":{\"name\":\"Gonzalo Schmidt\",\"@id\":\"https:\\\/\\\/informelitoral.com.ar\\\/#\\\/schema\\\/person\\\/b9d00407c836482871ef1d57bf8e3180\"},\"headline\":\"Tamberos se concentrar\u00e1n en Colonia Merou para visibilizar la crisis\",\"datePublished\":\"2023-03-21T22:11:43+00:00\",\"mainEntityOfPage\":{\"@id\":\"https:\\\/\\\/informelitoral.com.ar\\\/tamberos-se-concentraran-en-colonia-merou-para-visibilizar-la-crisis\\\/\"},\"wordCount\":489,\"commentCount\":0,\"publisher\":{\"@id\":\"https:\\\/\\\/informelitoral.com.ar\\\/#organization\"},\"image\":{\"@id\":\"https:\\\/\\\/informelitoral.com.ar\\\/tamberos-se-concentraran-en-colonia-merou-para-visibilizar-la-crisis\\\/#primaryimage\"},\"thumbnailUrl\":\"https:\\\/\\\/informelitoral.com.ar\\\/%77%70%2d%63%6f%6e%74%65%6e%74\\\/uploads\\\/2023\\\/03\\\/WhatsApp-Image-2023-03-20-at-9.36.45-PM.jpg\",\"keywords\":[\"Productores tamberos\",\"Tamberos\"],\"articleSection\":[\"Campo\"],\"inLanguage\":\"es\",\"potentialAction\":[{\"@type\":\"CommentAction\",\"name\":\"Comment\",\"target\":[\"https:\\\/\\\/informelitoral.com.ar\\\/tamberos-se-concentraran-en-colonia-merou-para-visibilizar-la-crisis\\\/#respond\"]}]},{\"@type\":\"WebPage\",\"@id\":\"https:\\\/\\\/informelitoral.com.ar\\\/tamberos-se-concentraran-en-colonia-merou-para-visibilizar-la-crisis\\\/\",\"url\":\"https:\\\/\\\/informelitoral.com.ar\\\/tamberos-se-concentraran-en-colonia-merou-para-visibilizar-la-crisis\\\/\",\"name\":\"Tamberos se concentrar\u00e1n en Colonia Merou para visibilizar la crisis - Informe Litoral\",\"isPartOf\":{\"@id\":\"https:\\\/\\\/informelitoral.com.ar\\\/#website\"},\"primaryImageOfPage\":{\"@id\":\"https:\\\/\\\/informelitoral.com.ar\\\/tamberos-se-concentraran-en-colonia-merou-para-visibilizar-la-crisis\\\/#primaryimage\"},\"image\":{\"@id\":\"https:\\\/\\\/informelitoral.com.ar\\\/tamberos-se-concentraran-en-colonia-merou-para-visibilizar-la-crisis\\\/#primaryimage\"},\"thumbnailUrl\":\"https:\\\/\\\/informelitoral.com.ar\\\/%77%70%2d%63%6f%6e%74%65%6e%74\\\/uploads\\\/2023\\\/03\\\/WhatsApp-Image-2023-03-20-at-9.36.45-PM.jpg\",\"datePublished\":\"2023-03-21T22:11:43+00:00\",\"breadcrumb\":{\"@id\":\"https:\\\/\\\/informelitoral.com.ar\\\/tamberos-se-concentraran-en-colonia-merou-para-visibilizar-la-crisis\\\/#breadcrumb\"},\"inLanguage\":\"es\",\"potentialAction\":[{\"@type\":\"ReadAction\",\"target\":[\"https:\\\/\\\/informelitoral.com.ar\\\/tamberos-se-concentraran-en-colonia-merou-para-visibilizar-la-crisis\\\/\"]}]},{\"@type\":\"ImageObject\",\"inLanguage\":\"es\",\"@id\":\"https:\\\/\\\/informelitoral.com.ar\\\/tamberos-se-concentraran-en-colonia-merou-para-visibilizar-la-crisis\\\/#primaryimage\",\"url\":\"https:\\\/\\\/informelitoral.com.ar\\\/%77%70%2d%63%6f%6e%74%65%6e%74\\\/uploads\\\/2023\\\/03\\\/WhatsApp-Image-2023-03-20-at-9.36.45-PM.jpg\",\"contentUrl\":\"https:\\\/\\\/informelitoral.com.ar\\\/%77%70%2d%63%6f%6e%74%65%6e%74\\\/uploads\\\/2023\\\/03\\\/WhatsApp-Image-2023-03-20-at-9.36.45-PM.jpg\",\"width\":940,\"height\":490},{\"@type\":\"BreadcrumbList\",\"@id\":\"https:\\\/\\\/informelitoral.com.ar\\\/tamberos-se-concentraran-en-colonia-merou-para-visibilizar-la-crisis\\\/#breadcrumb\",\"itemListElement\":[{\"@type\":\"ListItem\",\"position\":1,\"name\":\"Portada\",\"item\":\"https:\\\/\\\/informelitoral.com.ar\\\/\"},{\"@type\":\"ListItem\",\"position\":2,\"name\":\"Tamberos se concentrar\u00e1n en Colonia Merou para visibilizar la crisis\"}]},{\"@type\":\"WebSite\",\"@id\":\"https:\\\/\\\/informelitoral.com.ar\\\/#website\",\"url\":\"https:\\\/\\\/informelitoral.com.ar\\\/\",\"name\":\"Informe Litoral\",\"description\":\"&quot;Nos informamos&quot; \",\"publisher\":{\"@id\":\"https:\\\/\\\/informelitoral.com.ar\\\/#organization\"},\"potentialAction\":[{\"@type\":\"SearchAction\",\"target\":{\"@type\":\"EntryPoint\",\"urlTemplate\":\"https:\\\/\\\/informelitoral.com.ar\\\/?s={search_term_string}\"},\"query-input\":{\"@type\":\"PropertyValueSpecification\",\"valueRequired\":true,\"valueName\":\"search_term_string\"}}],\"inLanguage\":\"es\"},{\"@type\":\"Organization\",\"@id\":\"https:\\\/\\\/informelitoral.com.ar\\\/#organization\",\"name\":\"Informe Litoral\",\"url\":\"https:\\\/\\\/informelitoral.com.ar\\\/\",\"logo\":{\"@type\":\"ImageObject\",\"inLanguage\":\"es\",\"@id\":\"https:\\\/\\\/informelitoral.com.ar\\\/#\\\/schema\\\/logo\\\/image\\\/\",\"url\":\"https:\\\/\\\/informelitoral.com.ar\\\/%77%70%2d%63%6f%6e%74%65%6e%74\\\/uploads\\\/2021\\\/01\\\/circulo.png\",\"contentUrl\":\"https:\\\/\\\/informelitoral.com.ar\\\/%77%70%2d%63%6f%6e%74%65%6e%74\\\/uploads\\\/2021\\\/01\\\/circulo.png\",\"width\":723,\"height\":731,\"caption\":\"Informe Litoral\"},\"image\":{\"@id\":\"https:\\\/\\\/informelitoral.com.ar\\\/#\\\/schema\\\/logo\\\/image\\\/\"},\"sameAs\":[\"https:\\\/\\\/www.facebook.com\\\/informelitoral\\\/\",\"https:\\\/\\\/x.com\\\/InformeLitoral\",\"https:\\\/\\\/www.instagram.com\\\/informelitoral\\\/\",\"https:\\\/\\\/www.youtube.com\\\/channel\\\/UCua4Qvz8Icb6MYqhoq9xLXw\"]},{\"@type\":\"Person\",\"@id\":\"https:\\\/\\\/informelitoral.com.ar\\\/#\\\/schema\\\/person\\\/b9d00407c836482871ef1d57bf8e3180\",\"name\":\"Gonzalo Schmidt\",\"image\":{\"@type\":\"ImageObject\",\"inLanguage\":\"es\",\"@id\":\"https:\\\/\\\/secure.gravatar.com\\\/avatar\\\/31a1a7b66ff2de83bd0e9fd79d026630d2d99e55e8bfe501287647b4fd9743de?s=96&d=mm&r=g\",\"url\":\"https:\\\/\\\/secure.gravatar.com\\\/avatar\\\/31a1a7b66ff2de83bd0e9fd79d026630d2d99e55e8bfe501287647b4fd9743de?s=96&d=mm&r=g\",\"contentUrl\":\"https:\\\/\\\/secure.gravatar.com\\\/avatar\\\/31a1a7b66ff2de83bd0e9fd79d026630d2d99e55e8bfe501287647b4fd9743de?s=96&d=mm&r=g\",\"caption\":\"Gonzalo Schmidt\"},\"description\":\"Sitio web de noticias de la provincia de Entre R\u00edos, Argentina. Informaci\u00f3n y entretenimiento. Informe Litoral, nos informamos.\",\"sameAs\":[\"http:\\\/\\\/www.isletasnoticias.com.ar\"],\"url\":\"https:\\\/\\\/informelitoral.com.ar\\\/author\\\/gonzalo\\\/\"}]}<\/script>","yoast_head_json":{"title":"Tamberos se concentrar\u00e1n en Colonia Merou para visibilizar la crisis - Informe Litoral","robots":{"index":"index","follow":"follow","max-snippet":"max-snippet:-1","max-image-preview":"max-image-preview:large","max-video-preview":"max-video-preview:-1"},"canonical":"https:\/\/informelitoral.com.ar\/tamberos-se-concentraran-en-colonia-merou-para-visibilizar-la-crisis\/","og_locale":"es_ES","og_type":"article","og_title":"Tamberos se concentrar\u00e1n en Colonia Merou para visibilizar la crisis - Informe Litoral","og_description":"El objetivo es mostrar lo que viven producto de la sequ\u00eda y exigir ayudas econ\u00f3micas al oficialismo y a quienes se postulan por la oposici\u00f3n. \"La mayor\u00eda de los productores est\u00e1 pensando en irse a la ciudad\", sentenci\u00f3 uno de los autoconvocados.","og_url":"https:\/\/informelitoral.com.ar\/tamberos-se-concentraran-en-colonia-merou-para-visibilizar-la-crisis\/","og_site_name":"Informe Litoral","article_publisher":"https:\/\/www.facebook.com\/informelitoral\/","article_published_time":"2023-03-21T22:11:43+00:00","og_image":[{"width":940,"height":490,"url":"https:\/\/informelitoral.com.ar\/%77%70%2d%63%6f%6e%74%65%6e%74\/uploads\/2023\/03\/WhatsApp-Image-2023-03-20-at-9.36.45-PM.jpg","type":"image\/jpeg"}],"author":"Gonzalo Schmidt","twitter_card":"summary_large_image","twitter_creator":"@InformeLitoral","twitter_site":"@InformeLitoral","twitter_misc":{"Escrito por":"Gonzalo Schmidt","Tiempo de lectura":"2 minutos"},"schema":{"@context":"https:\/\/schema.org","@graph":[{"@type":"Article","@id":"https:\/\/informelitoral.com.ar\/tamberos-se-concentraran-en-colonia-merou-para-visibilizar-la-crisis\/#article","isPartOf":{"@id":"https:\/\/informelitoral.com.ar\/tamberos-se-concentraran-en-colonia-merou-para-visibilizar-la-crisis\/"},"author":{"name":"Gonzalo Schmidt","@id":"https:\/\/informelitoral.com.ar\/#\/schema\/person\/b9d00407c836482871ef1d57bf8e3180"},"headline":"Tamberos se concentrar\u00e1n en Colonia Merou para visibilizar la crisis","datePublished":"2023-03-21T22:11:43+00:00","mainEntityOfPage":{"@id":"https:\/\/informelitoral.com.ar\/tamberos-se-concentraran-en-colonia-merou-para-visibilizar-la-crisis\/"},"wordCount":489,"commentCount":0,"publisher":{"@id":"https:\/\/informelitoral.com.ar\/#organization"},"image":{"@id":"https:\/\/informelitoral.com.ar\/tamberos-se-concentraran-en-colonia-merou-para-visibilizar-la-crisis\/#primaryimage"},"thumbnailUrl":"https:\/\/informelitoral.com.ar\/%77%70%2d%63%6f%6e%74%65%6e%74\/uploads\/2023\/03\/WhatsApp-Image-2023-03-20-at-9.36.45-PM.jpg","keywords":["Productores tamberos","Tamberos"],"articleSection":["Campo"],"inLanguage":"es","potentialAction":[{"@type":"CommentAction","name":"Comment","target":["https:\/\/informelitoral.com.ar\/tamberos-se-concentraran-en-colonia-merou-para-visibilizar-la-crisis\/#respond"]}]},{"@type":"WebPage","@id":"https:\/\/informelitoral.com.ar\/tamberos-se-concentraran-en-colonia-merou-para-visibilizar-la-crisis\/","url":"https:\/\/informelitoral.com.ar\/tamberos-se-concentraran-en-colonia-merou-para-visibilizar-la-crisis\/","name":"Tamberos se concentrar\u00e1n en Colonia Merou para visibilizar la crisis - Informe Litoral","isPartOf":{"@id":"https:\/\/informelitoral.com.ar\/#website"},"primaryImageOfPage":{"@id":"https:\/\/informelitoral.com.ar\/tamberos-se-concentraran-en-colonia-merou-para-visibilizar-la-crisis\/#primaryimage"},"image":{"@id":"https:\/\/informelitoral.com.ar\/tamberos-se-concentraran-en-colonia-merou-para-visibilizar-la-crisis\/#primaryimage"},"thumbnailUrl":"https:\/\/informelitoral.com.ar\/%77%70%2d%63%6f%6e%74%65%6e%74\/uploads\/2023\/03\/WhatsApp-Image-2023-03-20-at-9.36.45-PM.jpg","datePublished":"2023-03-21T22:11:43+00:00","breadcrumb":{"@id":"https:\/\/informelitoral.com.ar\/tamberos-se-concentraran-en-colonia-merou-para-visibilizar-la-crisis\/#breadcrumb"},"inLanguage":"es","potentialAction":[{"@type":"ReadAction","target":["https:\/\/informelitoral.com.ar\/tamberos-se-concentraran-en-colonia-merou-para-visibilizar-la-crisis\/"]}]},{"@type":"ImageObject","inLanguage":"es","@id":"https:\/\/informelitoral.com.ar\/tamberos-se-concentraran-en-colonia-merou-para-visibilizar-la-crisis\/#primaryimage","url":"https:\/\/informelitoral.com.ar\/%77%70%2d%63%6f%6e%74%65%6e%74\/uploads\/2023\/03\/WhatsApp-Image-2023-03-20-at-9.36.45-PM.jpg","contentUrl":"https:\/\/informelitoral.com.ar\/%77%70%2d%63%6f%6e%74%65%6e%74\/uploads\/2023\/03\/WhatsApp-Image-2023-03-20-at-9.36.45-PM.jpg","width":940,"height":490},{"@type":"BreadcrumbList","@id":"https:\/\/informelitoral.com.ar\/tamberos-se-concentraran-en-colonia-merou-para-visibilizar-la-crisis\/#breadcrumb","itemListElement":[{"@type":"ListItem","position":1,"name":"Portada","item":"https:\/\/informelitoral.com.ar\/"},{"@type":"ListItem","position":2,"name":"Tamberos se concentrar\u00e1n en Colonia Merou para visibilizar la crisis"}]},{"@type":"WebSite","@id":"https:\/\/informelitoral.com.ar\/#website","url":"https:\/\/informelitoral.com.ar\/","name":"Informe Litoral","description":"&quot;Nos informamos&quot; ","publisher":{"@id":"https:\/\/informelitoral.com.ar\/#organization"},"potentialAction":[{"@type":"SearchAction","target":{"@type":"EntryPoint","urlTemplate":"https:\/\/informelitoral.com.ar\/?s={search_term_string}"},"query-input":{"@type":"PropertyValueSpecification","valueRequired":true,"valueName":"search_term_string"}}],"inLanguage":"es"},{"@type":"Organization","@id":"https:\/\/informelitoral.com.ar\/#organization","name":"Informe Litoral","url":"https:\/\/informelitoral.com.ar\/","logo":{"@type":"ImageObject","inLanguage":"es","@id":"https:\/\/informelitoral.com.ar\/#\/schema\/logo\/image\/","url":"https:\/\/informelitoral.com.ar\/%77%70%2d%63%6f%6e%74%65%6e%74\/uploads\/2021\/01\/circulo.png","contentUrl":"https:\/\/informelitoral.com.ar\/%77%70%2d%63%6f%6e%74%65%6e%74\/uploads\/2021\/01\/circulo.png","width":723,"height":731,"caption":"Informe Litoral"},"image":{"@id":"https:\/\/informelitoral.com.ar\/#\/schema\/logo\/image\/"},"sameAs":["https:\/\/www.facebook.com\/informelitoral\/","https:\/\/x.com\/InformeLitoral","https:\/\/www.instagram.com\/informelitoral\/","https:\/\/www.youtube.com\/channel\/UCua4Qvz8Icb6MYqhoq9xLXw"]},{"@type":"Person","@id":"https:\/\/informelitoral.com.ar\/#\/schema\/person\/b9d00407c836482871ef1d57bf8e3180","name":"Gonzalo Schmidt","image":{"@type":"ImageObject","inLanguage":"es","@id":"https:\/\/secure.gravatar.com\/avatar\/31a1a7b66ff2de83bd0e9fd79d026630d2d99e55e8bfe501287647b4fd9743de?s=96&d=mm&r=g","url":"https:\/\/secure.gravatar.com\/avatar\/31a1a7b66ff2de83bd0e9fd79d026630d2d99e55e8bfe501287647b4fd9743de?s=96&d=mm&r=g","contentUrl":"https:\/\/secure.gravatar.com\/avatar\/31a1a7b66ff2de83bd0e9fd79d026630d2d99e55e8bfe501287647b4fd9743de?s=96&d=mm&r=g","caption":"Gonzalo Schmidt"},"description":"Sitio web de noticias de la provincia de Entre R\u00edos, Argentina. Informaci\u00f3n y entretenimiento. Informe Litoral, nos informamos.","sameAs":["http:\/\/www.isletasnoticias.com.ar"],"url":"https:\/\/informelitoral.com.ar\/author\/gonzalo\/"}]}},"_links":{"self":[{"href":"https:\/\/informelitoral.com.ar\/%77%70%2d%6a%73%6f%6e\/wp\/v2\/posts\/129641","targetHints":{"allow":["GET"]}}],"collection":[{"href":"https:\/\/informelitoral.com.ar\/%77%70%2d%6a%73%6f%6e\/wp\/v2\/posts"}],"about":[{"href":"https:\/\/informelitoral.com.ar\/%77%70%2d%6a%73%6f%6e\/wp\/v2\/types\/post"}],"author":[{"embeddable":true,"href":"https:\/\/informelitoral.com.ar\/%77%70%2d%6a%73%6f%6e\/wp\/v2\/users\/2"}],"replies":[{"embeddable":true,"href":"https:\/\/informelitoral.com.ar\/%77%70%2d%6a%73%6f%6e\/wp\/v2\/comments?post=129641"}],"version-history":[{"count":0,"href":"https:\/\/informelitoral.com.ar\/%77%70%2d%6a%73%6f%6e\/wp\/v2\/posts\/129641\/revisions"}],"wp:featuredmedia":[{"embeddable":true,"href":"https:\/\/informelitoral.com.ar\/%77%70%2d%6a%73%6f%6e\/wp\/v2\/media\/129643"}],"wp:attachment":[{"href":"https:\/\/informelitoral.com.ar\/%77%70%2d%6a%73%6f%6e\/wp\/v2\/media?parent=129641"}],"wp:term":[{"taxonomy":"category","embeddable":true,"href":"https:\/\/informelitoral.com.ar\/%77%70%2d%6a%73%6f%6e\/wp\/v2\/categories?post=129641"},{"taxonomy":"post_tag","embeddable":true,"href":"https:\/\/informelitoral.com.ar\/%77%70%2d%6a%73%6f%6e\/wp\/v2\/tags?post=129641"}],"curies":[{"name":"wp","href":"https:\/\/api.w.org\/{rel}","templated":true}]}}