{"id":129631,"date":"2023-03-21T18:10:29","date_gmt":"2023-03-21T21:10:29","guid":{"rendered":"https:\/\/www.informelitoral.com.ar\/?p=129631"},"modified":"2023-03-21T18:10:29","modified_gmt":"2023-03-21T21:10:29","slug":"la-uier-analizo-la-reglamentacion-de-la-ley-de-energia-electrica-sostenible","status":"publish","type":"post","link":"https:\/\/informelitoral.com.ar\/la-uier-analizo-la-reglamentacion-de-la-ley-de-energia-electrica-sostenible\/","title":{"rendered":"La UIER analiz\u00f3 la reglamentaci\u00f3n de la Ley de Energ\u00eda El\u00e9ctrica Sostenible"},"content":{"rendered":"<p>El Departamento Medioambiente de la Uni\u00f3n Industrial de Entre R\u00edos (UIER) mantuvo este jueves un encuentro en modalidad h\u00edbrida dando inicio a su agenda de trabajo para 2023, con el foco puesto en el an\u00e1lisis de la Reglamentaci\u00f3n de la Ley de Energ\u00eda El\u00e9ctrica Sostenible de Entre R\u00edos. Del encuentro particip\u00f3 Silvina Guerra, secretaria de Energ\u00eda de la Provincia, Germ\u00e1n Rearte, coordinador de Energ\u00edas Renovables, adem\u00e1s de representantes de empresas socias y profesionales especializados.<\/p>\n<p>Durante la charla se indic\u00f3 que el principal objetivo de la ley es actualizar la normativa provincial en relaci\u00f3n a las conexiones de generaci\u00f3n renovable, ampliando y flexibilizando las potencias y tecnolog\u00edas con el objetivo estrat\u00e9gico del Estado provincial de alcanzar un m\u00ednimo de 30% de la energ\u00eda el\u00e9ctrica proveniente de fuentes renovables para 2030. Entre los puntos m\u00e1s importantes se incluyen reducciones impositivas para centrales el\u00e9ctricas de gran escala que se instalen en la provincia, la creaci\u00f3n de la mesa de energ\u00eda sostenible, el Plan Provincial de Energ\u00eda Renovable, el aumento de la potencia, la quita del medidor adicional para usuarios T1, la posibilidad de la generaci\u00f3n remota y compartida, el Programa de Medici\u00f3n Inteligente, la adhesi\u00f3n a la ley nacional 27424 que permite obtener un certificado fiscal por cada kW instalado entre otros puntos.<\/p>\n<p>Durante el encuentro se abordaron los alcances que tendr\u00e1 la reglamentaci\u00f3n para las industrias y los beneficios impositivos, que contemplan una excepci\u00f3n o reducci\u00f3n del impuesto FDEER de la boleta de luz por tres a\u00f1os a quienes instalen energ\u00edas provenientes de fuentes renovables.<\/p>\n<p>Al respecto, se se\u00f1al\u00f3 que el Ente Provincial Regulador de la Energ\u00eda de Entre R\u00edos (EPRE) es el ente que regula la aplicaci\u00f3n de la ley y que tiene a su cargo la reglamentaci\u00f3n t\u00e9cnica. En este sentido se remarc\u00f3 que es fundamental contar con su resoluci\u00f3n a los fines de finalizar este importante proceso normativo, tan esperado por las empresas de la provincia.<\/p>\n<p>En ese marco, desde UIER se reafirm\u00f3 el compromiso de continuar potenciando la vinculaci\u00f3n p\u00fablico-privada para avanzar en normas y acciones que colaboren con el desarrollo sustentable de la provincia y al mismo tiempo generen beneficios para la industria.<\/p>\n","protected":false},"excerpt":{"rendered":"<p>Durante la charla se indic\u00f3 que el principal objetivo de la ley es actualizar la normativa provincial en relaci\u00f3n a las conexiones de generaci\u00f3n renovable, ampliando y flexibilizando las potencias y tecnolog\u00edas.<\/p>\n","protected":false},"author":2,"featured_media":129632,"comment_status":"open","ping_status":"open","sticky":false,"template":"","format":"standard","meta":{"fifu_image_url":"","fifu_image_alt":"","footnotes":""},"categories":[6],"tags":[933,1598],"class_list":{"0":"post-129631","1":"post","2":"type-post","3":"status-publish","4":"format-standard","5":"has-post-thumbnail","7":"category-entre-rios","8":"tag-industria","9":"tag-uier"},"yoast_head":"<title>La UIER analiz\u00f3 la reglamentaci\u00f3n de la Ley de Energ\u00eda El\u00e9ctrica Sostenible - Informe Litoral<\/title>\n<meta name=\"robots\" content=\"index, follow, max-snippet:-1, max-image-preview:large, max-video-preview:-1\" \/>\n<link rel=\"canonical\" href=\"https:\/\/informelitoral.com.ar\/la-uier-analizo-la-reglamentacion-de-la-ley-de-energia-electrica-sostenible\/\" \/>\n<meta property=\"og:locale\" content=\"es_ES\" \/>\n<meta property=\"og:type\" content=\"article\" \/>\n<meta property=\"og:title\" content=\"La UIER analiz\u00f3 la reglamentaci\u00f3n de la Ley de Energ\u00eda El\u00e9ctrica Sostenible - Informe Litoral\" \/>\n<meta property=\"og:description\" content=\"Durante la charla se indic\u00f3 que el principal objetivo de la ley es actualizar la normativa provincial en relaci\u00f3n a las conexiones de generaci\u00f3n renovable, ampliando y flexibilizando las potencias y tecnolog\u00edas.\" \/>\n<meta property=\"og:url\" content=\"https:\/\/informelitoral.com.ar\/la-uier-analizo-la-reglamentacion-de-la-ley-de-energia-electrica-sostenible\/\" \/>\n<meta property=\"og:site_name\" content=\"Informe Litoral\" \/>\n<meta property=\"article:publisher\" content=\"https:\/\/www.facebook.com\/informelitoral\/\" \/>\n<meta property=\"article:published_time\" content=\"2023-03-21T21:10:29+00:00\" \/>\n<meta property=\"og:image\" content=\"https:\/\/informelitoral.com.ar\/%77%70%2d%63%6f%6e%74%65%6e%74\/uploads\/2023\/03\/5ff9c5f2-71a0-3ecd-36e1-54937c8da87e.jpeg\" \/>\n\t<meta property=\"og:image:width\" content=\"1200\" \/>\n\t<meta property=\"og:image:height\" content=\"758\" \/>\n\t<meta property=\"og:image:type\" content=\"image\/jpeg\" \/>\n<meta name=\"author\" content=\"Gonzalo Schmidt\" \/>\n<meta name=\"twitter:card\" content=\"summary_large_image\" \/>\n<meta name=\"twitter:creator\" content=\"@InformeLitoral\" \/>\n<meta name=\"twitter:site\" content=\"@InformeLitoral\" \/>\n<meta name=\"twitter:label1\" content=\"Escrito por\" \/>\n\t<meta name=\"twitter:data1\" content=\"Gonzalo Schmidt\" \/>\n\t<meta name=\"twitter:label2\" content=\"Tiempo de lectura\" \/>\n\t<meta name=\"twitter:data2\" content=\"2 minutos\" \/>\n<script type=\"application\/ld+json\" class=\"yoast-schema-graph\">{\"@context\":\"https:\\\/\\\/schema.org\",\"@graph\":[{\"@type\":\"Article\",\"@id\":\"https:\\\/\\\/informelitoral.com.ar\\\/la-uier-analizo-la-reglamentacion-de-la-ley-de-energia-electrica-sostenible\\\/#article\",\"isPartOf\":{\"@id\":\"https:\\\/\\\/informelitoral.com.ar\\\/la-uier-analizo-la-reglamentacion-de-la-ley-de-energia-electrica-sostenible\\\/\"},\"author\":{\"name\":\"Gonzalo Schmidt\",\"@id\":\"https:\\\/\\\/informelitoral.com.ar\\\/#\\\/schema\\\/person\\\/b9d00407c836482871ef1d57bf8e3180\"},\"headline\":\"La UIER analiz\u00f3 la reglamentaci\u00f3n de la Ley de Energ\u00eda El\u00e9ctrica Sostenible\",\"datePublished\":\"2023-03-21T21:10:29+00:00\",\"mainEntityOfPage\":{\"@id\":\"https:\\\/\\\/informelitoral.com.ar\\\/la-uier-analizo-la-reglamentacion-de-la-ley-de-energia-electrica-sostenible\\\/\"},\"wordCount\":408,\"commentCount\":0,\"publisher\":{\"@id\":\"https:\\\/\\\/informelitoral.com.ar\\\/#organization\"},\"image\":{\"@id\":\"https:\\\/\\\/informelitoral.com.ar\\\/la-uier-analizo-la-reglamentacion-de-la-ley-de-energia-electrica-sostenible\\\/#primaryimage\"},\"thumbnailUrl\":\"https:\\\/\\\/informelitoral.com.ar\\\/%77%70%2d%63%6f%6e%74%65%6e%74\\\/uploads\\\/2023\\\/03\\\/5ff9c5f2-71a0-3ecd-36e1-54937c8da87e.jpeg\",\"keywords\":[\"Industria\",\"Uier\"],\"articleSection\":[\"Entre R\u00edos\"],\"inLanguage\":\"es\",\"potentialAction\":[{\"@type\":\"CommentAction\",\"name\":\"Comment\",\"target\":[\"https:\\\/\\\/informelitoral.com.ar\\\/la-uier-analizo-la-reglamentacion-de-la-ley-de-energia-electrica-sostenible\\\/#respond\"]}]},{\"@type\":\"WebPage\",\"@id\":\"https:\\\/\\\/informelitoral.com.ar\\\/la-uier-analizo-la-reglamentacion-de-la-ley-de-energia-electrica-sostenible\\\/\",\"url\":\"https:\\\/\\\/informelitoral.com.ar\\\/la-uier-analizo-la-reglamentacion-de-la-ley-de-energia-electrica-sostenible\\\/\",\"name\":\"La UIER analiz\u00f3 la reglamentaci\u00f3n de la Ley de Energ\u00eda El\u00e9ctrica Sostenible - Informe Litoral\",\"isPartOf\":{\"@id\":\"https:\\\/\\\/informelitoral.com.ar\\\/#website\"},\"primaryImageOfPage\":{\"@id\":\"https:\\\/\\\/informelitoral.com.ar\\\/la-uier-analizo-la-reglamentacion-de-la-ley-de-energia-electrica-sostenible\\\/#primaryimage\"},\"image\":{\"@id\":\"https:\\\/\\\/informelitoral.com.ar\\\/la-uier-analizo-la-reglamentacion-de-la-ley-de-energia-electrica-sostenible\\\/#primaryimage\"},\"thumbnailUrl\":\"https:\\\/\\\/informelitoral.com.ar\\\/%77%70%2d%63%6f%6e%74%65%6e%74\\\/uploads\\\/2023\\\/03\\\/5ff9c5f2-71a0-3ecd-36e1-54937c8da87e.jpeg\",\"datePublished\":\"2023-03-21T21:10:29+00:00\",\"breadcrumb\":{\"@id\":\"https:\\\/\\\/informelitoral.com.ar\\\/la-uier-analizo-la-reglamentacion-de-la-ley-de-energia-electrica-sostenible\\\/#breadcrumb\"},\"inLanguage\":\"es\",\"potentialAction\":[{\"@type\":\"ReadAction\",\"target\":[\"https:\\\/\\\/informelitoral.com.ar\\\/la-uier-analizo-la-reglamentacion-de-la-ley-de-energia-electrica-sostenible\\\/\"]}]},{\"@type\":\"ImageObject\",\"inLanguage\":\"es\",\"@id\":\"https:\\\/\\\/informelitoral.com.ar\\\/la-uier-analizo-la-reglamentacion-de-la-ley-de-energia-electrica-sostenible\\\/#primaryimage\",\"url\":\"https:\\\/\\\/informelitoral.com.ar\\\/%77%70%2d%63%6f%6e%74%65%6e%74\\\/uploads\\\/2023\\\/03\\\/5ff9c5f2-71a0-3ecd-36e1-54937c8da87e.jpeg\",\"contentUrl\":\"https:\\\/\\\/informelitoral.com.ar\\\/%77%70%2d%63%6f%6e%74%65%6e%74\\\/uploads\\\/2023\\\/03\\\/5ff9c5f2-71a0-3ecd-36e1-54937c8da87e.jpeg\",\"width\":1200,\"height\":758},{\"@type\":\"BreadcrumbList\",\"@id\":\"https:\\\/\\\/informelitoral.com.ar\\\/la-uier-analizo-la-reglamentacion-de-la-ley-de-energia-electrica-sostenible\\\/#breadcrumb\",\"itemListElement\":[{\"@type\":\"ListItem\",\"position\":1,\"name\":\"Portada\",\"item\":\"https:\\\/\\\/informelitoral.com.ar\\\/\"},{\"@type\":\"ListItem\",\"position\":2,\"name\":\"La UIER analiz\u00f3 la reglamentaci\u00f3n de la Ley de Energ\u00eda El\u00e9ctrica Sostenible\"}]},{\"@type\":\"WebSite\",\"@id\":\"https:\\\/\\\/informelitoral.com.ar\\\/#website\",\"url\":\"https:\\\/\\\/informelitoral.com.ar\\\/\",\"name\":\"Informe Litoral\",\"description\":\"&quot;Nos informamos&quot; \",\"publisher\":{\"@id\":\"https:\\\/\\\/informelitoral.com.ar\\\/#organization\"},\"potentialAction\":[{\"@type\":\"SearchAction\",\"target\":{\"@type\":\"EntryPoint\",\"urlTemplate\":\"https:\\\/\\\/informelitoral.com.ar\\\/?s={search_term_string}\"},\"query-input\":{\"@type\":\"PropertyValueSpecification\",\"valueRequired\":true,\"valueName\":\"search_term_string\"}}],\"inLanguage\":\"es\"},{\"@type\":\"Organization\",\"@id\":\"https:\\\/\\\/informelitoral.com.ar\\\/#organization\",\"name\":\"Informe Litoral\",\"url\":\"https:\\\/\\\/informelitoral.com.ar\\\/\",\"logo\":{\"@type\":\"ImageObject\",\"inLanguage\":\"es\",\"@id\":\"https:\\\/\\\/informelitoral.com.ar\\\/#\\\/schema\\\/logo\\\/image\\\/\",\"url\":\"https:\\\/\\\/informelitoral.com.ar\\\/%77%70%2d%63%6f%6e%74%65%6e%74\\\/uploads\\\/2021\\\/01\\\/circulo.png\",\"contentUrl\":\"https:\\\/\\\/informelitoral.com.ar\\\/%77%70%2d%63%6f%6e%74%65%6e%74\\\/uploads\\\/2021\\\/01\\\/circulo.png\",\"width\":723,\"height\":731,\"caption\":\"Informe Litoral\"},\"image\":{\"@id\":\"https:\\\/\\\/informelitoral.com.ar\\\/#\\\/schema\\\/logo\\\/image\\\/\"},\"sameAs\":[\"https:\\\/\\\/www.facebook.com\\\/informelitoral\\\/\",\"https:\\\/\\\/x.com\\\/InformeLitoral\",\"https:\\\/\\\/www.instagram.com\\\/informelitoral\\\/\",\"https:\\\/\\\/www.youtube.com\\\/channel\\\/UCua4Qvz8Icb6MYqhoq9xLXw\"]},{\"@type\":\"Person\",\"@id\":\"https:\\\/\\\/informelitoral.com.ar\\\/#\\\/schema\\\/person\\\/b9d00407c836482871ef1d57bf8e3180\",\"name\":\"Gonzalo Schmidt\",\"image\":{\"@type\":\"ImageObject\",\"inLanguage\":\"es\",\"@id\":\"https:\\\/\\\/secure.gravatar.com\\\/avatar\\\/31a1a7b66ff2de83bd0e9fd79d026630d2d99e55e8bfe501287647b4fd9743de?s=96&d=mm&r=g\",\"url\":\"https:\\\/\\\/secure.gravatar.com\\\/avatar\\\/31a1a7b66ff2de83bd0e9fd79d026630d2d99e55e8bfe501287647b4fd9743de?s=96&d=mm&r=g\",\"contentUrl\":\"https:\\\/\\\/secure.gravatar.com\\\/avatar\\\/31a1a7b66ff2de83bd0e9fd79d026630d2d99e55e8bfe501287647b4fd9743de?s=96&d=mm&r=g\",\"caption\":\"Gonzalo Schmidt\"},\"description\":\"Sitio web de noticias de la provincia de Entre R\u00edos, Argentina. Informaci\u00f3n y entretenimiento. Informe Litoral, nos informamos.\",\"sameAs\":[\"http:\\\/\\\/www.isletasnoticias.com.ar\"],\"url\":\"https:\\\/\\\/informelitoral.com.ar\\\/author\\\/gonzalo\\\/\"}]}<\/script>","yoast_head_json":{"title":"La UIER analiz\u00f3 la reglamentaci\u00f3n de la Ley de Energ\u00eda El\u00e9ctrica Sostenible - Informe Litoral","robots":{"index":"index","follow":"follow","max-snippet":"max-snippet:-1","max-image-preview":"max-image-preview:large","max-video-preview":"max-video-preview:-1"},"canonical":"https:\/\/informelitoral.com.ar\/la-uier-analizo-la-reglamentacion-de-la-ley-de-energia-electrica-sostenible\/","og_locale":"es_ES","og_type":"article","og_title":"La UIER analiz\u00f3 la reglamentaci\u00f3n de la Ley de Energ\u00eda El\u00e9ctrica Sostenible - Informe Litoral","og_description":"Durante la charla se indic\u00f3 que el principal objetivo de la ley es actualizar la normativa provincial en relaci\u00f3n a las conexiones de generaci\u00f3n renovable, ampliando y flexibilizando las potencias y tecnolog\u00edas.","og_url":"https:\/\/informelitoral.com.ar\/la-uier-analizo-la-reglamentacion-de-la-ley-de-energia-electrica-sostenible\/","og_site_name":"Informe Litoral","article_publisher":"https:\/\/www.facebook.com\/informelitoral\/","article_published_time":"2023-03-21T21:10:29+00:00","og_image":[{"width":1200,"height":758,"url":"https:\/\/informelitoral.com.ar\/%77%70%2d%63%6f%6e%74%65%6e%74\/uploads\/2023\/03\/5ff9c5f2-71a0-3ecd-36e1-54937c8da87e.jpeg","type":"image\/jpeg"}],"author":"Gonzalo Schmidt","twitter_card":"summary_large_image","twitter_creator":"@InformeLitoral","twitter_site":"@InformeLitoral","twitter_misc":{"Escrito por":"Gonzalo Schmidt","Tiempo de lectura":"2 minutos"},"schema":{"@context":"https:\/\/schema.org","@graph":[{"@type":"Article","@id":"https:\/\/informelitoral.com.ar\/la-uier-analizo-la-reglamentacion-de-la-ley-de-energia-electrica-sostenible\/#article","isPartOf":{"@id":"https:\/\/informelitoral.com.ar\/la-uier-analizo-la-reglamentacion-de-la-ley-de-energia-electrica-sostenible\/"},"author":{"name":"Gonzalo Schmidt","@id":"https:\/\/informelitoral.com.ar\/#\/schema\/person\/b9d00407c836482871ef1d57bf8e3180"},"headline":"La UIER analiz\u00f3 la reglamentaci\u00f3n de la Ley de Energ\u00eda El\u00e9ctrica Sostenible","datePublished":"2023-03-21T21:10:29+00:00","mainEntityOfPage":{"@id":"https:\/\/informelitoral.com.ar\/la-uier-analizo-la-reglamentacion-de-la-ley-de-energia-electrica-sostenible\/"},"wordCount":408,"commentCount":0,"publisher":{"@id":"https:\/\/informelitoral.com.ar\/#organization"},"image":{"@id":"https:\/\/informelitoral.com.ar\/la-uier-analizo-la-reglamentacion-de-la-ley-de-energia-electrica-sostenible\/#primaryimage"},"thumbnailUrl":"https:\/\/informelitoral.com.ar\/%77%70%2d%63%6f%6e%74%65%6e%74\/uploads\/2023\/03\/5ff9c5f2-71a0-3ecd-36e1-54937c8da87e.jpeg","keywords":["Industria","Uier"],"articleSection":["Entre R\u00edos"],"inLanguage":"es","potentialAction":[{"@type":"CommentAction","name":"Comment","target":["https:\/\/informelitoral.com.ar\/la-uier-analizo-la-reglamentacion-de-la-ley-de-energia-electrica-sostenible\/#respond"]}]},{"@type":"WebPage","@id":"https:\/\/informelitoral.com.ar\/la-uier-analizo-la-reglamentacion-de-la-ley-de-energia-electrica-sostenible\/","url":"https:\/\/informelitoral.com.ar\/la-uier-analizo-la-reglamentacion-de-la-ley-de-energia-electrica-sostenible\/","name":"La UIER analiz\u00f3 la reglamentaci\u00f3n de la Ley de Energ\u00eda El\u00e9ctrica Sostenible - Informe Litoral","isPartOf":{"@id":"https:\/\/informelitoral.com.ar\/#website"},"primaryImageOfPage":{"@id":"https:\/\/informelitoral.com.ar\/la-uier-analizo-la-reglamentacion-de-la-ley-de-energia-electrica-sostenible\/#primaryimage"},"image":{"@id":"https:\/\/informelitoral.com.ar\/la-uier-analizo-la-reglamentacion-de-la-ley-de-energia-electrica-sostenible\/#primaryimage"},"thumbnailUrl":"https:\/\/informelitoral.com.ar\/%77%70%2d%63%6f%6e%74%65%6e%74\/uploads\/2023\/03\/5ff9c5f2-71a0-3ecd-36e1-54937c8da87e.jpeg","datePublished":"2023-03-21T21:10:29+00:00","breadcrumb":{"@id":"https:\/\/informelitoral.com.ar\/la-uier-analizo-la-reglamentacion-de-la-ley-de-energia-electrica-sostenible\/#breadcrumb"},"inLanguage":"es","potentialAction":[{"@type":"ReadAction","target":["https:\/\/informelitoral.com.ar\/la-uier-analizo-la-reglamentacion-de-la-ley-de-energia-electrica-sostenible\/"]}]},{"@type":"ImageObject","inLanguage":"es","@id":"https:\/\/informelitoral.com.ar\/la-uier-analizo-la-reglamentacion-de-la-ley-de-energia-electrica-sostenible\/#primaryimage","url":"https:\/\/informelitoral.com.ar\/%77%70%2d%63%6f%6e%74%65%6e%74\/uploads\/2023\/03\/5ff9c5f2-71a0-3ecd-36e1-54937c8da87e.jpeg","contentUrl":"https:\/\/informelitoral.com.ar\/%77%70%2d%63%6f%6e%74%65%6e%74\/uploads\/2023\/03\/5ff9c5f2-71a0-3ecd-36e1-54937c8da87e.jpeg","width":1200,"height":758},{"@type":"BreadcrumbList","@id":"https:\/\/informelitoral.com.ar\/la-uier-analizo-la-reglamentacion-de-la-ley-de-energia-electrica-sostenible\/#breadcrumb","itemListElement":[{"@type":"ListItem","position":1,"name":"Portada","item":"https:\/\/informelitoral.com.ar\/"},{"@type":"ListItem","position":2,"name":"La UIER analiz\u00f3 la reglamentaci\u00f3n de la Ley de Energ\u00eda El\u00e9ctrica Sostenible"}]},{"@type":"WebSite","@id":"https:\/\/informelitoral.com.ar\/#website","url":"https:\/\/informelitoral.com.ar\/","name":"Informe Litoral","description":"&quot;Nos informamos&quot; ","publisher":{"@id":"https:\/\/informelitoral.com.ar\/#organization"},"potentialAction":[{"@type":"SearchAction","target":{"@type":"EntryPoint","urlTemplate":"https:\/\/informelitoral.com.ar\/?s={search_term_string}"},"query-input":{"@type":"PropertyValueSpecification","valueRequired":true,"valueName":"search_term_string"}}],"inLanguage":"es"},{"@type":"Organization","@id":"https:\/\/informelitoral.com.ar\/#organization","name":"Informe Litoral","url":"https:\/\/informelitoral.com.ar\/","logo":{"@type":"ImageObject","inLanguage":"es","@id":"https:\/\/informelitoral.com.ar\/#\/schema\/logo\/image\/","url":"https:\/\/informelitoral.com.ar\/%77%70%2d%63%6f%6e%74%65%6e%74\/uploads\/2021\/01\/circulo.png","contentUrl":"https:\/\/informelitoral.com.ar\/%77%70%2d%63%6f%6e%74%65%6e%74\/uploads\/2021\/01\/circulo.png","width":723,"height":731,"caption":"Informe Litoral"},"image":{"@id":"https:\/\/informelitoral.com.ar\/#\/schema\/logo\/image\/"},"sameAs":["https:\/\/www.facebook.com\/informelitoral\/","https:\/\/x.com\/InformeLitoral","https:\/\/www.instagram.com\/informelitoral\/","https:\/\/www.youtube.com\/channel\/UCua4Qvz8Icb6MYqhoq9xLXw"]},{"@type":"Person","@id":"https:\/\/informelitoral.com.ar\/#\/schema\/person\/b9d00407c836482871ef1d57bf8e3180","name":"Gonzalo Schmidt","image":{"@type":"ImageObject","inLanguage":"es","@id":"https:\/\/secure.gravatar.com\/avatar\/31a1a7b66ff2de83bd0e9fd79d026630d2d99e55e8bfe501287647b4fd9743de?s=96&d=mm&r=g","url":"https:\/\/secure.gravatar.com\/avatar\/31a1a7b66ff2de83bd0e9fd79d026630d2d99e55e8bfe501287647b4fd9743de?s=96&d=mm&r=g","contentUrl":"https:\/\/secure.gravatar.com\/avatar\/31a1a7b66ff2de83bd0e9fd79d026630d2d99e55e8bfe501287647b4fd9743de?s=96&d=mm&r=g","caption":"Gonzalo Schmidt"},"description":"Sitio web de noticias de la provincia de Entre R\u00edos, Argentina. Informaci\u00f3n y entretenimiento. Informe Litoral, nos informamos.","sameAs":["http:\/\/www.isletasnoticias.com.ar"],"url":"https:\/\/informelitoral.com.ar\/author\/gonzalo\/"}]}},"_links":{"self":[{"href":"https:\/\/informelitoral.com.ar\/%77%70%2d%6a%73%6f%6e\/wp\/v2\/posts\/129631","targetHints":{"allow":["GET"]}}],"collection":[{"href":"https:\/\/informelitoral.com.ar\/%77%70%2d%6a%73%6f%6e\/wp\/v2\/posts"}],"about":[{"href":"https:\/\/informelitoral.com.ar\/%77%70%2d%6a%73%6f%6e\/wp\/v2\/types\/post"}],"author":[{"embeddable":true,"href":"https:\/\/informelitoral.com.ar\/%77%70%2d%6a%73%6f%6e\/wp\/v2\/users\/2"}],"replies":[{"embeddable":true,"href":"https:\/\/informelitoral.com.ar\/%77%70%2d%6a%73%6f%6e\/wp\/v2\/comments?post=129631"}],"version-history":[{"count":0,"href":"https:\/\/informelitoral.com.ar\/%77%70%2d%6a%73%6f%6e\/wp\/v2\/posts\/129631\/revisions"}],"wp:featuredmedia":[{"embeddable":true,"href":"https:\/\/informelitoral.com.ar\/%77%70%2d%6a%73%6f%6e\/wp\/v2\/media\/129632"}],"wp:attachment":[{"href":"https:\/\/informelitoral.com.ar\/%77%70%2d%6a%73%6f%6e\/wp\/v2\/media?parent=129631"}],"wp:term":[{"taxonomy":"category","embeddable":true,"href":"https:\/\/informelitoral.com.ar\/%77%70%2d%6a%73%6f%6e\/wp\/v2\/categories?post=129631"},{"taxonomy":"post_tag","embeddable":true,"href":"https:\/\/informelitoral.com.ar\/%77%70%2d%6a%73%6f%6e\/wp\/v2\/tags?post=129631"}],"curies":[{"name":"wp","href":"https:\/\/api.w.org\/{rel}","templated":true}]}}