{"id":12961,"date":"2015-12-13T10:07:52","date_gmt":"2015-12-13T13:07:52","guid":{"rendered":"http:\/\/www.isletasnoticias.com.ar\/?p=12961"},"modified":"2015-12-13T10:09:49","modified_gmt":"2015-12-13T13:09:49","slug":"temporal-del-sabado-una-amplia-zona-rural-continua-sin-luz","status":"publish","type":"post","link":"https:\/\/informelitoral.com.ar\/temporal-del-sabado-una-amplia-zona-rural-continua-sin-luz\/","title":{"rendered":"Temporal del s\u00e1bado: una amplia zona rural contin\u00faa sin luz"},"content":{"rendered":"<p><strong>Son usuarios de Cooperativa Quebracho de Isletas, Costa Grande y Distrito Doll. Adem\u00e1s, el viento y granizo provocaron diferentes da\u00f1os materiales.<\/strong><\/p>\n<figure id=\"attachment_12962\" aria-describedby=\"caption-attachment-12962\" style=\"width: 650px\" class=\"wp-caption aligncenter\"><a href=\"http:\/\/www.isletasnoticias.com.ar\/%77%70%2d%63%6f%6e%74%65%6e%74\/uploads\/2015\/12\/LUZ.jpg\"><img loading=\"lazy\" decoding=\"async\" class=\"wp-image-12962 size-full\" src=\"http:\/\/www.isletasnoticias.com.ar\/%77%70%2d%63%6f%6e%74%65%6e%74\/uploads\/2015\/12\/LUZ.jpg\" alt=\"LUZ\" width=\"650\" height=\"350\" srcset=\"https:\/\/informelitoral.com.ar\/%77%70%2d%63%6f%6e%74%65%6e%74\/uploads\/2015\/12\/LUZ.jpg 650w, https:\/\/informelitoral.com.ar\/%77%70%2d%63%6f%6e%74%65%6e%74\/uploads\/2015\/12\/LUZ-300x162.jpg 300w\" sizes=\"auto, (max-width: 650px) 100vw, 650px\" \/><\/a><figcaption id=\"caption-attachment-12962\" class=\"wp-caption-text\"><em>(Imagen ilustrativa)<\/em><\/figcaption><\/figure>\n<p>Nuevamente usuarios de Cooperativa Quebracho de Isletas, Costa Grande y Distrito Doll se encuentran sin luz desde la tarde del s\u00e1bado, tras el fuerte temporal de lluvia, viento y granizo, que provoc\u00f3 la ca\u00edda de postes.<\/p>\n<p>Debido a las altas temperaturas, hay preocupaci\u00f3n entre los usuarios, que esperan que se reestablezca el servicio \u00ablo antes posible\u00bb, ya que de lo contrario podr\u00eda provocar la p\u00e9rdida de alimentos, adem\u00e1s de afectar el normal desarrollo de las actividades diarias.<\/p>\n<p>Por otra parte, el fuerte viento provoc\u00f3 da\u00f1os menores en algunas viviendas y voladura de techos de galpones. Adem\u00e1s, el granizo afect\u00f3 diferentes cultivos en Isletas y la zona. <em>(IN)<\/em><\/p>\n","protected":false},"excerpt":{"rendered":"<p>Son usuarios de Cooperativa Quebracho de Isletas, Costa Grande y Distrito Doll. Adem&aacute;s, el viento y granizo provocaron diferentes da&ntilde;os materiales. Nuevamente usuarios de Cooperativa Quebracho de Isletas, Costa Grande y Distrito Doll se encuentran sin luz desde la tarde del s&aacute;bado, tras el fuerte temporal de lluvia, viento y granizo, que provoc&oacute; la ca&iacute;da [&hellip;]<\/p>\n","protected":false},"author":2,"featured_media":0,"comment_status":"open","ping_status":"open","sticky":false,"template":"","format":"standard","meta":{"fifu_image_url":"","fifu_image_alt":"","footnotes":""},"categories":[5,4],"tags":[],"class_list":{"0":"post-12961","1":"post","2":"type-post","3":"status-publish","4":"format-standard","6":"category-zonales","7":"category-locales"},"yoast_head":"<title>Temporal del s\u00e1bado: una amplia zona rural contin\u00faa sin luz - Informe Litoral<\/title>\n<meta name=\"robots\" content=\"index, follow, max-snippet:-1, max-image-preview:large, max-video-preview:-1\" \/>\n<link rel=\"canonical\" href=\"https:\/\/informelitoral.com.ar\/temporal-del-sabado-una-amplia-zona-rural-continua-sin-luz\/\" \/>\n<meta property=\"og:locale\" content=\"es_ES\" \/>\n<meta property=\"og:type\" content=\"article\" \/>\n<meta property=\"og:title\" content=\"Temporal del s\u00e1bado: una amplia zona rural contin\u00faa sin luz - Informe Litoral\" \/>\n<meta property=\"og:description\" content=\"Son usuarios de Cooperativa Quebracho de Isletas, Costa Grande y Distrito Doll. Adem&aacute;s, el viento y granizo provocaron diferentes da&ntilde;os materiales. Nuevamente usuarios de Cooperativa Quebracho de Isletas, Costa Grande y Distrito Doll se encuentran sin luz desde la tarde del s&aacute;bado, tras el fuerte temporal de lluvia, viento y granizo, que provoc&oacute; la ca&iacute;da [&hellip;]\" \/>\n<meta property=\"og:url\" content=\"https:\/\/informelitoral.com.ar\/temporal-del-sabado-una-amplia-zona-rural-continua-sin-luz\/\" \/>\n<meta property=\"og:site_name\" content=\"Informe Litoral\" \/>\n<meta property=\"article:publisher\" content=\"https:\/\/www.facebook.com\/informelitoral\/\" \/>\n<meta property=\"article:published_time\" content=\"2015-12-13T13:07:52+00:00\" \/>\n<meta property=\"article:modified_time\" content=\"2015-12-13T13:09:49+00:00\" \/>\n<meta property=\"og:image\" content=\"https:\/\/informelitoral.com.ar\/%77%70%2d%63%6f%6e%74%65%6e%74\/uploads\/2015\/12\/LUZ.jpg\" \/>\n\t<meta property=\"og:image:width\" content=\"650\" \/>\n\t<meta property=\"og:image:height\" content=\"350\" \/>\n\t<meta property=\"og:image:type\" content=\"image\/jpeg\" \/>\n<meta name=\"author\" content=\"Gonzalo Schmidt\" \/>\n<meta name=\"twitter:card\" content=\"summary_large_image\" \/>\n<meta name=\"twitter:creator\" content=\"@InformeLitoral\" \/>\n<meta name=\"twitter:site\" content=\"@InformeLitoral\" \/>\n<meta name=\"twitter:label1\" content=\"Escrito por\" \/>\n\t<meta name=\"twitter:data1\" content=\"Gonzalo Schmidt\" \/>\n\t<meta name=\"twitter:label2\" content=\"Tiempo de lectura\" \/>\n\t<meta name=\"twitter:data2\" content=\"1 minuto\" \/>\n<script type=\"application\/ld+json\" class=\"yoast-schema-graph\">{\"@context\":\"https:\\\/\\\/schema.org\",\"@graph\":[{\"@type\":\"Article\",\"@id\":\"https:\\\/\\\/informelitoral.com.ar\\\/temporal-del-sabado-una-amplia-zona-rural-continua-sin-luz\\\/#article\",\"isPartOf\":{\"@id\":\"https:\\\/\\\/informelitoral.com.ar\\\/temporal-del-sabado-una-amplia-zona-rural-continua-sin-luz\\\/\"},\"author\":{\"name\":\"Gonzalo Schmidt\",\"@id\":\"https:\\\/\\\/informelitoral.com.ar\\\/#\\\/schema\\\/person\\\/b9d00407c836482871ef1d57bf8e3180\"},\"headline\":\"Temporal del s\u00e1bado: una amplia zona rural contin\u00faa sin luz\",\"datePublished\":\"2015-12-13T13:07:52+00:00\",\"dateModified\":\"2015-12-13T13:09:49+00:00\",\"mainEntityOfPage\":{\"@id\":\"https:\\\/\\\/informelitoral.com.ar\\\/temporal-del-sabado-una-amplia-zona-rural-continua-sin-luz\\\/\"},\"wordCount\":159,\"commentCount\":0,\"publisher\":{\"@id\":\"https:\\\/\\\/informelitoral.com.ar\\\/#organization\"},\"image\":{\"@id\":\"https:\\\/\\\/informelitoral.com.ar\\\/temporal-del-sabado-una-amplia-zona-rural-continua-sin-luz\\\/#primaryimage\"},\"thumbnailUrl\":\"http:\\\/\\\/www.isletasnoticias.com.ar\\\/%77%70%2d%63%6f%6e%74%65%6e%74\\\/uploads\\\/2015\\\/12\\\/LUZ.jpg\",\"articleSection\":[\"Departamento Diamante\",\"Isletas\"],\"inLanguage\":\"es\",\"potentialAction\":[{\"@type\":\"CommentAction\",\"name\":\"Comment\",\"target\":[\"https:\\\/\\\/informelitoral.com.ar\\\/temporal-del-sabado-una-amplia-zona-rural-continua-sin-luz\\\/#respond\"]}]},{\"@type\":\"WebPage\",\"@id\":\"https:\\\/\\\/informelitoral.com.ar\\\/temporal-del-sabado-una-amplia-zona-rural-continua-sin-luz\\\/\",\"url\":\"https:\\\/\\\/informelitoral.com.ar\\\/temporal-del-sabado-una-amplia-zona-rural-continua-sin-luz\\\/\",\"name\":\"Temporal del s\u00e1bado: una amplia zona rural contin\u00faa sin luz - Informe Litoral\",\"isPartOf\":{\"@id\":\"https:\\\/\\\/informelitoral.com.ar\\\/#website\"},\"primaryImageOfPage\":{\"@id\":\"https:\\\/\\\/informelitoral.com.ar\\\/temporal-del-sabado-una-amplia-zona-rural-continua-sin-luz\\\/#primaryimage\"},\"image\":{\"@id\":\"https:\\\/\\\/informelitoral.com.ar\\\/temporal-del-sabado-una-amplia-zona-rural-continua-sin-luz\\\/#primaryimage\"},\"thumbnailUrl\":\"http:\\\/\\\/www.isletasnoticias.com.ar\\\/%77%70%2d%63%6f%6e%74%65%6e%74\\\/uploads\\\/2015\\\/12\\\/LUZ.jpg\",\"datePublished\":\"2015-12-13T13:07:52+00:00\",\"dateModified\":\"2015-12-13T13:09:49+00:00\",\"breadcrumb\":{\"@id\":\"https:\\\/\\\/informelitoral.com.ar\\\/temporal-del-sabado-una-amplia-zona-rural-continua-sin-luz\\\/#breadcrumb\"},\"inLanguage\":\"es\",\"potentialAction\":[{\"@type\":\"ReadAction\",\"target\":[\"https:\\\/\\\/informelitoral.com.ar\\\/temporal-del-sabado-una-amplia-zona-rural-continua-sin-luz\\\/\"]}]},{\"@type\":\"ImageObject\",\"inLanguage\":\"es\",\"@id\":\"https:\\\/\\\/informelitoral.com.ar\\\/temporal-del-sabado-una-amplia-zona-rural-continua-sin-luz\\\/#primaryimage\",\"url\":\"http:\\\/\\\/www.isletasnoticias.com.ar\\\/%77%70%2d%63%6f%6e%74%65%6e%74\\\/uploads\\\/2015\\\/12\\\/LUZ.jpg\",\"contentUrl\":\"http:\\\/\\\/www.isletasnoticias.com.ar\\\/%77%70%2d%63%6f%6e%74%65%6e%74\\\/uploads\\\/2015\\\/12\\\/LUZ.jpg\"},{\"@type\":\"BreadcrumbList\",\"@id\":\"https:\\\/\\\/informelitoral.com.ar\\\/temporal-del-sabado-una-amplia-zona-rural-continua-sin-luz\\\/#breadcrumb\",\"itemListElement\":[{\"@type\":\"ListItem\",\"position\":1,\"name\":\"Portada\",\"item\":\"https:\\\/\\\/informelitoral.com.ar\\\/\"},{\"@type\":\"ListItem\",\"position\":2,\"name\":\"Temporal del s\u00e1bado: una amplia zona rural contin\u00faa sin luz\"}]},{\"@type\":\"WebSite\",\"@id\":\"https:\\\/\\\/informelitoral.com.ar\\\/#website\",\"url\":\"https:\\\/\\\/informelitoral.com.ar\\\/\",\"name\":\"Informe Litoral\",\"description\":\"&quot;Nos informamos&quot; \",\"publisher\":{\"@id\":\"https:\\\/\\\/informelitoral.com.ar\\\/#organization\"},\"potentialAction\":[{\"@type\":\"SearchAction\",\"target\":{\"@type\":\"EntryPoint\",\"urlTemplate\":\"https:\\\/\\\/informelitoral.com.ar\\\/?s={search_term_string}\"},\"query-input\":{\"@type\":\"PropertyValueSpecification\",\"valueRequired\":true,\"valueName\":\"search_term_string\"}}],\"inLanguage\":\"es\"},{\"@type\":\"Organization\",\"@id\":\"https:\\\/\\\/informelitoral.com.ar\\\/#organization\",\"name\":\"Informe Litoral\",\"url\":\"https:\\\/\\\/informelitoral.com.ar\\\/\",\"logo\":{\"@type\":\"ImageObject\",\"inLanguage\":\"es\",\"@id\":\"https:\\\/\\\/informelitoral.com.ar\\\/#\\\/schema\\\/logo\\\/image\\\/\",\"url\":\"https:\\\/\\\/informelitoral.com.ar\\\/%77%70%2d%63%6f%6e%74%65%6e%74\\\/uploads\\\/2021\\\/01\\\/circulo.png\",\"contentUrl\":\"https:\\\/\\\/informelitoral.com.ar\\\/%77%70%2d%63%6f%6e%74%65%6e%74\\\/uploads\\\/2021\\\/01\\\/circulo.png\",\"width\":723,\"height\":731,\"caption\":\"Informe Litoral\"},\"image\":{\"@id\":\"https:\\\/\\\/informelitoral.com.ar\\\/#\\\/schema\\\/logo\\\/image\\\/\"},\"sameAs\":[\"https:\\\/\\\/www.facebook.com\\\/informelitoral\\\/\",\"https:\\\/\\\/x.com\\\/InformeLitoral\",\"https:\\\/\\\/www.instagram.com\\\/informelitoral\\\/\",\"https:\\\/\\\/www.youtube.com\\\/channel\\\/UCua4Qvz8Icb6MYqhoq9xLXw\"]},{\"@type\":\"Person\",\"@id\":\"https:\\\/\\\/informelitoral.com.ar\\\/#\\\/schema\\\/person\\\/b9d00407c836482871ef1d57bf8e3180\",\"name\":\"Gonzalo Schmidt\",\"image\":{\"@type\":\"ImageObject\",\"inLanguage\":\"es\",\"@id\":\"https:\\\/\\\/secure.gravatar.com\\\/avatar\\\/31a1a7b66ff2de83bd0e9fd79d026630d2d99e55e8bfe501287647b4fd9743de?s=96&d=mm&r=g\",\"url\":\"https:\\\/\\\/secure.gravatar.com\\\/avatar\\\/31a1a7b66ff2de83bd0e9fd79d026630d2d99e55e8bfe501287647b4fd9743de?s=96&d=mm&r=g\",\"contentUrl\":\"https:\\\/\\\/secure.gravatar.com\\\/avatar\\\/31a1a7b66ff2de83bd0e9fd79d026630d2d99e55e8bfe501287647b4fd9743de?s=96&d=mm&r=g\",\"caption\":\"Gonzalo Schmidt\"},\"description\":\"Sitio web de noticias de la provincia de Entre R\u00edos, Argentina. Informaci\u00f3n y entretenimiento. Informe Litoral, nos informamos.\",\"sameAs\":[\"http:\\\/\\\/www.isletasnoticias.com.ar\"],\"url\":\"https:\\\/\\\/informelitoral.com.ar\\\/author\\\/gonzalo\\\/\"}]}<\/script>","yoast_head_json":{"title":"Temporal del s\u00e1bado: una amplia zona rural contin\u00faa sin luz - Informe Litoral","robots":{"index":"index","follow":"follow","max-snippet":"max-snippet:-1","max-image-preview":"max-image-preview:large","max-video-preview":"max-video-preview:-1"},"canonical":"https:\/\/informelitoral.com.ar\/temporal-del-sabado-una-amplia-zona-rural-continua-sin-luz\/","og_locale":"es_ES","og_type":"article","og_title":"Temporal del s\u00e1bado: una amplia zona rural contin\u00faa sin luz - Informe Litoral","og_description":"Son usuarios de Cooperativa Quebracho de Isletas, Costa Grande y Distrito Doll. Adem&aacute;s, el viento y granizo provocaron diferentes da&ntilde;os materiales. Nuevamente usuarios de Cooperativa Quebracho de Isletas, Costa Grande y Distrito Doll se encuentran sin luz desde la tarde del s&aacute;bado, tras el fuerte temporal de lluvia, viento y granizo, que provoc&oacute; la ca&iacute;da [&hellip;]","og_url":"https:\/\/informelitoral.com.ar\/temporal-del-sabado-una-amplia-zona-rural-continua-sin-luz\/","og_site_name":"Informe Litoral","article_publisher":"https:\/\/www.facebook.com\/informelitoral\/","article_published_time":"2015-12-13T13:07:52+00:00","article_modified_time":"2015-12-13T13:09:49+00:00","og_image":[{"width":650,"height":350,"url":"https:\/\/informelitoral.com.ar\/%77%70%2d%63%6f%6e%74%65%6e%74\/uploads\/2015\/12\/LUZ.jpg","type":"image\/jpeg"}],"author":"Gonzalo Schmidt","twitter_card":"summary_large_image","twitter_creator":"@InformeLitoral","twitter_site":"@InformeLitoral","twitter_misc":{"Escrito por":"Gonzalo Schmidt","Tiempo de lectura":"1 minuto"},"schema":{"@context":"https:\/\/schema.org","@graph":[{"@type":"Article","@id":"https:\/\/informelitoral.com.ar\/temporal-del-sabado-una-amplia-zona-rural-continua-sin-luz\/#article","isPartOf":{"@id":"https:\/\/informelitoral.com.ar\/temporal-del-sabado-una-amplia-zona-rural-continua-sin-luz\/"},"author":{"name":"Gonzalo Schmidt","@id":"https:\/\/informelitoral.com.ar\/#\/schema\/person\/b9d00407c836482871ef1d57bf8e3180"},"headline":"Temporal del s\u00e1bado: una amplia zona rural contin\u00faa sin luz","datePublished":"2015-12-13T13:07:52+00:00","dateModified":"2015-12-13T13:09:49+00:00","mainEntityOfPage":{"@id":"https:\/\/informelitoral.com.ar\/temporal-del-sabado-una-amplia-zona-rural-continua-sin-luz\/"},"wordCount":159,"commentCount":0,"publisher":{"@id":"https:\/\/informelitoral.com.ar\/#organization"},"image":{"@id":"https:\/\/informelitoral.com.ar\/temporal-del-sabado-una-amplia-zona-rural-continua-sin-luz\/#primaryimage"},"thumbnailUrl":"http:\/\/www.isletasnoticias.com.ar\/%77%70%2d%63%6f%6e%74%65%6e%74\/uploads\/2015\/12\/LUZ.jpg","articleSection":["Departamento Diamante","Isletas"],"inLanguage":"es","potentialAction":[{"@type":"CommentAction","name":"Comment","target":["https:\/\/informelitoral.com.ar\/temporal-del-sabado-una-amplia-zona-rural-continua-sin-luz\/#respond"]}]},{"@type":"WebPage","@id":"https:\/\/informelitoral.com.ar\/temporal-del-sabado-una-amplia-zona-rural-continua-sin-luz\/","url":"https:\/\/informelitoral.com.ar\/temporal-del-sabado-una-amplia-zona-rural-continua-sin-luz\/","name":"Temporal del s\u00e1bado: una amplia zona rural contin\u00faa sin luz - Informe Litoral","isPartOf":{"@id":"https:\/\/informelitoral.com.ar\/#website"},"primaryImageOfPage":{"@id":"https:\/\/informelitoral.com.ar\/temporal-del-sabado-una-amplia-zona-rural-continua-sin-luz\/#primaryimage"},"image":{"@id":"https:\/\/informelitoral.com.ar\/temporal-del-sabado-una-amplia-zona-rural-continua-sin-luz\/#primaryimage"},"thumbnailUrl":"http:\/\/www.isletasnoticias.com.ar\/%77%70%2d%63%6f%6e%74%65%6e%74\/uploads\/2015\/12\/LUZ.jpg","datePublished":"2015-12-13T13:07:52+00:00","dateModified":"2015-12-13T13:09:49+00:00","breadcrumb":{"@id":"https:\/\/informelitoral.com.ar\/temporal-del-sabado-una-amplia-zona-rural-continua-sin-luz\/#breadcrumb"},"inLanguage":"es","potentialAction":[{"@type":"ReadAction","target":["https:\/\/informelitoral.com.ar\/temporal-del-sabado-una-amplia-zona-rural-continua-sin-luz\/"]}]},{"@type":"ImageObject","inLanguage":"es","@id":"https:\/\/informelitoral.com.ar\/temporal-del-sabado-una-amplia-zona-rural-continua-sin-luz\/#primaryimage","url":"http:\/\/www.isletasnoticias.com.ar\/%77%70%2d%63%6f%6e%74%65%6e%74\/uploads\/2015\/12\/LUZ.jpg","contentUrl":"http:\/\/www.isletasnoticias.com.ar\/%77%70%2d%63%6f%6e%74%65%6e%74\/uploads\/2015\/12\/LUZ.jpg"},{"@type":"BreadcrumbList","@id":"https:\/\/informelitoral.com.ar\/temporal-del-sabado-una-amplia-zona-rural-continua-sin-luz\/#breadcrumb","itemListElement":[{"@type":"ListItem","position":1,"name":"Portada","item":"https:\/\/informelitoral.com.ar\/"},{"@type":"ListItem","position":2,"name":"Temporal del s\u00e1bado: una amplia zona rural contin\u00faa sin luz"}]},{"@type":"WebSite","@id":"https:\/\/informelitoral.com.ar\/#website","url":"https:\/\/informelitoral.com.ar\/","name":"Informe Litoral","description":"&quot;Nos informamos&quot; ","publisher":{"@id":"https:\/\/informelitoral.com.ar\/#organization"},"potentialAction":[{"@type":"SearchAction","target":{"@type":"EntryPoint","urlTemplate":"https:\/\/informelitoral.com.ar\/?s={search_term_string}"},"query-input":{"@type":"PropertyValueSpecification","valueRequired":true,"valueName":"search_term_string"}}],"inLanguage":"es"},{"@type":"Organization","@id":"https:\/\/informelitoral.com.ar\/#organization","name":"Informe Litoral","url":"https:\/\/informelitoral.com.ar\/","logo":{"@type":"ImageObject","inLanguage":"es","@id":"https:\/\/informelitoral.com.ar\/#\/schema\/logo\/image\/","url":"https:\/\/informelitoral.com.ar\/%77%70%2d%63%6f%6e%74%65%6e%74\/uploads\/2021\/01\/circulo.png","contentUrl":"https:\/\/informelitoral.com.ar\/%77%70%2d%63%6f%6e%74%65%6e%74\/uploads\/2021\/01\/circulo.png","width":723,"height":731,"caption":"Informe Litoral"},"image":{"@id":"https:\/\/informelitoral.com.ar\/#\/schema\/logo\/image\/"},"sameAs":["https:\/\/www.facebook.com\/informelitoral\/","https:\/\/x.com\/InformeLitoral","https:\/\/www.instagram.com\/informelitoral\/","https:\/\/www.youtube.com\/channel\/UCua4Qvz8Icb6MYqhoq9xLXw"]},{"@type":"Person","@id":"https:\/\/informelitoral.com.ar\/#\/schema\/person\/b9d00407c836482871ef1d57bf8e3180","name":"Gonzalo Schmidt","image":{"@type":"ImageObject","inLanguage":"es","@id":"https:\/\/secure.gravatar.com\/avatar\/31a1a7b66ff2de83bd0e9fd79d026630d2d99e55e8bfe501287647b4fd9743de?s=96&d=mm&r=g","url":"https:\/\/secure.gravatar.com\/avatar\/31a1a7b66ff2de83bd0e9fd79d026630d2d99e55e8bfe501287647b4fd9743de?s=96&d=mm&r=g","contentUrl":"https:\/\/secure.gravatar.com\/avatar\/31a1a7b66ff2de83bd0e9fd79d026630d2d99e55e8bfe501287647b4fd9743de?s=96&d=mm&r=g","caption":"Gonzalo Schmidt"},"description":"Sitio web de noticias de la provincia de Entre R\u00edos, Argentina. Informaci\u00f3n y entretenimiento. Informe Litoral, nos informamos.","sameAs":["http:\/\/www.isletasnoticias.com.ar"],"url":"https:\/\/informelitoral.com.ar\/author\/gonzalo\/"}]}},"_links":{"self":[{"href":"https:\/\/informelitoral.com.ar\/%77%70%2d%6a%73%6f%6e\/wp\/v2\/posts\/12961","targetHints":{"allow":["GET"]}}],"collection":[{"href":"https:\/\/informelitoral.com.ar\/%77%70%2d%6a%73%6f%6e\/wp\/v2\/posts"}],"about":[{"href":"https:\/\/informelitoral.com.ar\/%77%70%2d%6a%73%6f%6e\/wp\/v2\/types\/post"}],"author":[{"embeddable":true,"href":"https:\/\/informelitoral.com.ar\/%77%70%2d%6a%73%6f%6e\/wp\/v2\/users\/2"}],"replies":[{"embeddable":true,"href":"https:\/\/informelitoral.com.ar\/%77%70%2d%6a%73%6f%6e\/wp\/v2\/comments?post=12961"}],"version-history":[{"count":0,"href":"https:\/\/informelitoral.com.ar\/%77%70%2d%6a%73%6f%6e\/wp\/v2\/posts\/12961\/revisions"}],"wp:attachment":[{"href":"https:\/\/informelitoral.com.ar\/%77%70%2d%6a%73%6f%6e\/wp\/v2\/media?parent=12961"}],"wp:term":[{"taxonomy":"category","embeddable":true,"href":"https:\/\/informelitoral.com.ar\/%77%70%2d%6a%73%6f%6e\/wp\/v2\/categories?post=12961"},{"taxonomy":"post_tag","embeddable":true,"href":"https:\/\/informelitoral.com.ar\/%77%70%2d%6a%73%6f%6e\/wp\/v2\/tags?post=12961"}],"curies":[{"name":"wp","href":"https:\/\/api.w.org\/{rel}","templated":true}]}}