{"id":12959,"date":"2015-12-13T09:48:13","date_gmt":"2015-12-13T12:48:13","guid":{"rendered":"http:\/\/www.isletasnoticias.com.ar\/?p=12959"},"modified":"2015-12-13T09:48:13","modified_gmt":"2015-12-13T12:48:13","slug":"isletas-se-reprogramo-para-el-lunes-la-asuncion-del-presidente-de-la-junta-de-gobierno-alcides-wolf","status":"publish","type":"post","link":"https:\/\/informelitoral.com.ar\/isletas-se-reprogramo-para-el-lunes-la-asuncion-del-presidente-de-la-junta-de-gobierno-alcides-wolf\/","title":{"rendered":"Isletas: se reprogram\u00f3 para el lunes la asunci\u00f3n del presidente de la Junta de Gobierno, Alcides Wolf"},"content":{"rendered":"<p><strong>El acto se realizar\u00e1 a partir de las 17.00, en el Sal\u00f3n Comunitario. A trav\u00e9s de <em>IN,<\/em> las nuevas autoridades invitan a la comunidad a participar.\u00a0<a href=\"http:\/\/www.isletasnoticias.com.ar\/%77%70%2d%63%6f%6e%74%65%6e%74\/uploads\/2015\/10\/WOLF.jpg\"><img loading=\"lazy\" decoding=\"async\" class=\"aligncenter size-full wp-image-12310\" src=\"http:\/\/www.isletasnoticias.com.ar\/%77%70%2d%63%6f%6e%74%65%6e%74\/uploads\/2015\/10\/WOLF.jpg\" alt=\"WOLF\" width=\"960\" height=\"639\" srcset=\"https:\/\/informelitoral.com.ar\/%77%70%2d%63%6f%6e%74%65%6e%74\/uploads\/2015\/10\/WOLF.jpg 960w, https:\/\/informelitoral.com.ar\/%77%70%2d%63%6f%6e%74%65%6e%74\/uploads\/2015\/10\/WOLF-300x200.jpg 300w\" sizes=\"auto, (max-width: 960px) 100vw, 960px\" \/><\/a><\/strong><\/p>\n<p>El lunes 14, a partir de las 17.00, asumir\u00e1n formalmente las nuevas autoridades de la Junta de Gobierno de esta localidad del departamento Diamante. El acto estaba previsto para este s\u00e1bado pero se debi\u00f3 suspender por el temporal de lluvia, viento y granizo que afecto a la regi\u00f3n.<\/p>\n<p>En la oportunidad, <strong>Ra\u00fal Eichman (UCR)<\/strong> dejar\u00e1 formalmente el cargo de presidente de la Junta y se har\u00e1 cargo <strong>Alcides Wolf<\/strong>, del mismo partido, integrante del Frente Cambiemos.<\/p>\n<p>Wolf se comunic\u00f3 telef\u00f3nicamente con <strong><em>ISLETAS NOTICIAS<\/em><\/strong> y si bien indic\u00f3 que \u00abser\u00e1 un acto sencillo\u00bb, aprovech\u00f3 para \u00abinvitar a toda la comunidad, sin importar el partido pol\u00edtico al que pertenezcan\u00bb.<\/p>\n","protected":false},"excerpt":{"rendered":"<p>El acto se realizar&aacute; a partir de las 17.00, en el Sal&oacute;n Comunitario. A trav&eacute;s de IN, las nuevas autoridades invitan a la comunidad a participar.&nbsp; El lunes 14, a partir de las 17.00, asumir&aacute;n formalmente las nuevas autoridades de la Junta de Gobierno de esta localidad del departamento Diamante. El acto estaba previsto para [&hellip;]<\/p>\n","protected":false},"author":2,"featured_media":0,"comment_status":"open","ping_status":"open","sticky":false,"template":"","format":"standard","meta":{"fifu_image_url":"","fifu_image_alt":"","footnotes":""},"categories":[4,16],"tags":[],"class_list":{"0":"post-12959","1":"post","2":"type-post","3":"status-publish","4":"format-standard","6":"category-locales","7":"category-politi"},"yoast_head":"<title>Isletas: se reprogram\u00f3 para el lunes la asunci\u00f3n del presidente de la Junta de Gobierno, Alcides Wolf - Informe Litoral<\/title>\n<meta name=\"robots\" content=\"index, follow, max-snippet:-1, max-image-preview:large, max-video-preview:-1\" \/>\n<link rel=\"canonical\" href=\"https:\/\/informelitoral.com.ar\/isletas-se-reprogramo-para-el-lunes-la-asuncion-del-presidente-de-la-junta-de-gobierno-alcides-wolf\/\" \/>\n<meta property=\"og:locale\" content=\"es_ES\" \/>\n<meta property=\"og:type\" content=\"article\" \/>\n<meta property=\"og:title\" content=\"Isletas: se reprogram\u00f3 para el lunes la asunci\u00f3n del presidente de la Junta de Gobierno, Alcides Wolf - Informe Litoral\" \/>\n<meta property=\"og:description\" content=\"El acto se realizar&aacute; a partir de las 17.00, en el Sal&oacute;n Comunitario. A trav&eacute;s de IN, las nuevas autoridades invitan a la comunidad a participar.&nbsp; El lunes 14, a partir de las 17.00, asumir&aacute;n formalmente las nuevas autoridades de la Junta de Gobierno de esta localidad del departamento Diamante. El acto estaba previsto para [&hellip;]\" \/>\n<meta property=\"og:url\" content=\"https:\/\/informelitoral.com.ar\/isletas-se-reprogramo-para-el-lunes-la-asuncion-del-presidente-de-la-junta-de-gobierno-alcides-wolf\/\" \/>\n<meta property=\"og:site_name\" content=\"Informe Litoral\" \/>\n<meta property=\"article:publisher\" content=\"https:\/\/www.facebook.com\/informelitoral\/\" \/>\n<meta property=\"article:published_time\" content=\"2015-12-13T12:48:13+00:00\" \/>\n<meta property=\"og:image\" content=\"https:\/\/informelitoral.com.ar\/%77%70%2d%63%6f%6e%74%65%6e%74\/uploads\/2015\/10\/WOLF.jpg\" \/>\n\t<meta property=\"og:image:width\" content=\"960\" \/>\n\t<meta property=\"og:image:height\" content=\"639\" \/>\n\t<meta property=\"og:image:type\" content=\"image\/jpeg\" \/>\n<meta name=\"author\" content=\"Gonzalo Schmidt\" \/>\n<meta name=\"twitter:card\" content=\"summary_large_image\" \/>\n<meta name=\"twitter:creator\" content=\"@InformeLitoral\" \/>\n<meta name=\"twitter:site\" content=\"@InformeLitoral\" \/>\n<meta name=\"twitter:label1\" content=\"Escrito por\" \/>\n\t<meta name=\"twitter:data1\" content=\"Gonzalo Schmidt\" \/>\n\t<meta name=\"twitter:label2\" content=\"Tiempo de lectura\" \/>\n\t<meta name=\"twitter:data2\" content=\"1 minuto\" \/>\n<script type=\"application\/ld+json\" class=\"yoast-schema-graph\">{\"@context\":\"https:\\\/\\\/schema.org\",\"@graph\":[{\"@type\":\"Article\",\"@id\":\"https:\\\/\\\/informelitoral.com.ar\\\/isletas-se-reprogramo-para-el-lunes-la-asuncion-del-presidente-de-la-junta-de-gobierno-alcides-wolf\\\/#article\",\"isPartOf\":{\"@id\":\"https:\\\/\\\/informelitoral.com.ar\\\/isletas-se-reprogramo-para-el-lunes-la-asuncion-del-presidente-de-la-junta-de-gobierno-alcides-wolf\\\/\"},\"author\":{\"name\":\"Gonzalo Schmidt\",\"@id\":\"https:\\\/\\\/informelitoral.com.ar\\\/#\\\/schema\\\/person\\\/b9d00407c836482871ef1d57bf8e3180\"},\"headline\":\"Isletas: se reprogram\u00f3 para el lunes la asunci\u00f3n del presidente de la Junta de Gobierno, Alcides Wolf\",\"datePublished\":\"2015-12-13T12:48:13+00:00\",\"mainEntityOfPage\":{\"@id\":\"https:\\\/\\\/informelitoral.com.ar\\\/isletas-se-reprogramo-para-el-lunes-la-asuncion-del-presidente-de-la-junta-de-gobierno-alcides-wolf\\\/\"},\"wordCount\":156,\"commentCount\":0,\"publisher\":{\"@id\":\"https:\\\/\\\/informelitoral.com.ar\\\/#organization\"},\"image\":{\"@id\":\"https:\\\/\\\/informelitoral.com.ar\\\/isletas-se-reprogramo-para-el-lunes-la-asuncion-del-presidente-de-la-junta-de-gobierno-alcides-wolf\\\/#primaryimage\"},\"thumbnailUrl\":\"http:\\\/\\\/www.isletasnoticias.com.ar\\\/%77%70%2d%63%6f%6e%74%65%6e%74\\\/uploads\\\/2015\\\/10\\\/WOLF.jpg\",\"articleSection\":[\"Isletas\",\"Politica\"],\"inLanguage\":\"es\",\"potentialAction\":[{\"@type\":\"CommentAction\",\"name\":\"Comment\",\"target\":[\"https:\\\/\\\/informelitoral.com.ar\\\/isletas-se-reprogramo-para-el-lunes-la-asuncion-del-presidente-de-la-junta-de-gobierno-alcides-wolf\\\/#respond\"]}]},{\"@type\":\"WebPage\",\"@id\":\"https:\\\/\\\/informelitoral.com.ar\\\/isletas-se-reprogramo-para-el-lunes-la-asuncion-del-presidente-de-la-junta-de-gobierno-alcides-wolf\\\/\",\"url\":\"https:\\\/\\\/informelitoral.com.ar\\\/isletas-se-reprogramo-para-el-lunes-la-asuncion-del-presidente-de-la-junta-de-gobierno-alcides-wolf\\\/\",\"name\":\"Isletas: se reprogram\u00f3 para el lunes la asunci\u00f3n del presidente de la Junta de Gobierno, Alcides Wolf - Informe Litoral\",\"isPartOf\":{\"@id\":\"https:\\\/\\\/informelitoral.com.ar\\\/#website\"},\"primaryImageOfPage\":{\"@id\":\"https:\\\/\\\/informelitoral.com.ar\\\/isletas-se-reprogramo-para-el-lunes-la-asuncion-del-presidente-de-la-junta-de-gobierno-alcides-wolf\\\/#primaryimage\"},\"image\":{\"@id\":\"https:\\\/\\\/informelitoral.com.ar\\\/isletas-se-reprogramo-para-el-lunes-la-asuncion-del-presidente-de-la-junta-de-gobierno-alcides-wolf\\\/#primaryimage\"},\"thumbnailUrl\":\"http:\\\/\\\/www.isletasnoticias.com.ar\\\/%77%70%2d%63%6f%6e%74%65%6e%74\\\/uploads\\\/2015\\\/10\\\/WOLF.jpg\",\"datePublished\":\"2015-12-13T12:48:13+00:00\",\"breadcrumb\":{\"@id\":\"https:\\\/\\\/informelitoral.com.ar\\\/isletas-se-reprogramo-para-el-lunes-la-asuncion-del-presidente-de-la-junta-de-gobierno-alcides-wolf\\\/#breadcrumb\"},\"inLanguage\":\"es\",\"potentialAction\":[{\"@type\":\"ReadAction\",\"target\":[\"https:\\\/\\\/informelitoral.com.ar\\\/isletas-se-reprogramo-para-el-lunes-la-asuncion-del-presidente-de-la-junta-de-gobierno-alcides-wolf\\\/\"]}]},{\"@type\":\"ImageObject\",\"inLanguage\":\"es\",\"@id\":\"https:\\\/\\\/informelitoral.com.ar\\\/isletas-se-reprogramo-para-el-lunes-la-asuncion-del-presidente-de-la-junta-de-gobierno-alcides-wolf\\\/#primaryimage\",\"url\":\"http:\\\/\\\/www.isletasnoticias.com.ar\\\/%77%70%2d%63%6f%6e%74%65%6e%74\\\/uploads\\\/2015\\\/10\\\/WOLF.jpg\",\"contentUrl\":\"http:\\\/\\\/www.isletasnoticias.com.ar\\\/%77%70%2d%63%6f%6e%74%65%6e%74\\\/uploads\\\/2015\\\/10\\\/WOLF.jpg\"},{\"@type\":\"BreadcrumbList\",\"@id\":\"https:\\\/\\\/informelitoral.com.ar\\\/isletas-se-reprogramo-para-el-lunes-la-asuncion-del-presidente-de-la-junta-de-gobierno-alcides-wolf\\\/#breadcrumb\",\"itemListElement\":[{\"@type\":\"ListItem\",\"position\":1,\"name\":\"Portada\",\"item\":\"https:\\\/\\\/informelitoral.com.ar\\\/\"},{\"@type\":\"ListItem\",\"position\":2,\"name\":\"Isletas: se reprogram\u00f3 para el lunes la asunci\u00f3n del presidente de la Junta de Gobierno, Alcides Wolf\"}]},{\"@type\":\"WebSite\",\"@id\":\"https:\\\/\\\/informelitoral.com.ar\\\/#website\",\"url\":\"https:\\\/\\\/informelitoral.com.ar\\\/\",\"name\":\"Informe Litoral\",\"description\":\"&quot;Nos informamos&quot; \",\"publisher\":{\"@id\":\"https:\\\/\\\/informelitoral.com.ar\\\/#organization\"},\"potentialAction\":[{\"@type\":\"SearchAction\",\"target\":{\"@type\":\"EntryPoint\",\"urlTemplate\":\"https:\\\/\\\/informelitoral.com.ar\\\/?s={search_term_string}\"},\"query-input\":{\"@type\":\"PropertyValueSpecification\",\"valueRequired\":true,\"valueName\":\"search_term_string\"}}],\"inLanguage\":\"es\"},{\"@type\":\"Organization\",\"@id\":\"https:\\\/\\\/informelitoral.com.ar\\\/#organization\",\"name\":\"Informe Litoral\",\"url\":\"https:\\\/\\\/informelitoral.com.ar\\\/\",\"logo\":{\"@type\":\"ImageObject\",\"inLanguage\":\"es\",\"@id\":\"https:\\\/\\\/informelitoral.com.ar\\\/#\\\/schema\\\/logo\\\/image\\\/\",\"url\":\"https:\\\/\\\/informelitoral.com.ar\\\/%77%70%2d%63%6f%6e%74%65%6e%74\\\/uploads\\\/2021\\\/01\\\/circulo.png\",\"contentUrl\":\"https:\\\/\\\/informelitoral.com.ar\\\/%77%70%2d%63%6f%6e%74%65%6e%74\\\/uploads\\\/2021\\\/01\\\/circulo.png\",\"width\":723,\"height\":731,\"caption\":\"Informe Litoral\"},\"image\":{\"@id\":\"https:\\\/\\\/informelitoral.com.ar\\\/#\\\/schema\\\/logo\\\/image\\\/\"},\"sameAs\":[\"https:\\\/\\\/www.facebook.com\\\/informelitoral\\\/\",\"https:\\\/\\\/x.com\\\/InformeLitoral\",\"https:\\\/\\\/www.instagram.com\\\/informelitoral\\\/\",\"https:\\\/\\\/www.youtube.com\\\/channel\\\/UCua4Qvz8Icb6MYqhoq9xLXw\"]},{\"@type\":\"Person\",\"@id\":\"https:\\\/\\\/informelitoral.com.ar\\\/#\\\/schema\\\/person\\\/b9d00407c836482871ef1d57bf8e3180\",\"name\":\"Gonzalo Schmidt\",\"image\":{\"@type\":\"ImageObject\",\"inLanguage\":\"es\",\"@id\":\"https:\\\/\\\/secure.gravatar.com\\\/avatar\\\/31a1a7b66ff2de83bd0e9fd79d026630d2d99e55e8bfe501287647b4fd9743de?s=96&d=mm&r=g\",\"url\":\"https:\\\/\\\/secure.gravatar.com\\\/avatar\\\/31a1a7b66ff2de83bd0e9fd79d026630d2d99e55e8bfe501287647b4fd9743de?s=96&d=mm&r=g\",\"contentUrl\":\"https:\\\/\\\/secure.gravatar.com\\\/avatar\\\/31a1a7b66ff2de83bd0e9fd79d026630d2d99e55e8bfe501287647b4fd9743de?s=96&d=mm&r=g\",\"caption\":\"Gonzalo Schmidt\"},\"description\":\"Sitio web de noticias de la provincia de Entre R\u00edos, Argentina. Informaci\u00f3n y entretenimiento. Informe Litoral, nos informamos.\",\"sameAs\":[\"http:\\\/\\\/www.isletasnoticias.com.ar\"],\"url\":\"https:\\\/\\\/informelitoral.com.ar\\\/author\\\/gonzalo\\\/\"}]}<\/script>","yoast_head_json":{"title":"Isletas: se reprogram\u00f3 para el lunes la asunci\u00f3n del presidente de la Junta de Gobierno, Alcides Wolf - Informe Litoral","robots":{"index":"index","follow":"follow","max-snippet":"max-snippet:-1","max-image-preview":"max-image-preview:large","max-video-preview":"max-video-preview:-1"},"canonical":"https:\/\/informelitoral.com.ar\/isletas-se-reprogramo-para-el-lunes-la-asuncion-del-presidente-de-la-junta-de-gobierno-alcides-wolf\/","og_locale":"es_ES","og_type":"article","og_title":"Isletas: se reprogram\u00f3 para el lunes la asunci\u00f3n del presidente de la Junta de Gobierno, Alcides Wolf - Informe Litoral","og_description":"El acto se realizar&aacute; a partir de las 17.00, en el Sal&oacute;n Comunitario. A trav&eacute;s de IN, las nuevas autoridades invitan a la comunidad a participar.&nbsp; El lunes 14, a partir de las 17.00, asumir&aacute;n formalmente las nuevas autoridades de la Junta de Gobierno de esta localidad del departamento Diamante. El acto estaba previsto para [&hellip;]","og_url":"https:\/\/informelitoral.com.ar\/isletas-se-reprogramo-para-el-lunes-la-asuncion-del-presidente-de-la-junta-de-gobierno-alcides-wolf\/","og_site_name":"Informe Litoral","article_publisher":"https:\/\/www.facebook.com\/informelitoral\/","article_published_time":"2015-12-13T12:48:13+00:00","og_image":[{"width":960,"height":639,"url":"https:\/\/informelitoral.com.ar\/%77%70%2d%63%6f%6e%74%65%6e%74\/uploads\/2015\/10\/WOLF.jpg","type":"image\/jpeg"}],"author":"Gonzalo Schmidt","twitter_card":"summary_large_image","twitter_creator":"@InformeLitoral","twitter_site":"@InformeLitoral","twitter_misc":{"Escrito por":"Gonzalo Schmidt","Tiempo de lectura":"1 minuto"},"schema":{"@context":"https:\/\/schema.org","@graph":[{"@type":"Article","@id":"https:\/\/informelitoral.com.ar\/isletas-se-reprogramo-para-el-lunes-la-asuncion-del-presidente-de-la-junta-de-gobierno-alcides-wolf\/#article","isPartOf":{"@id":"https:\/\/informelitoral.com.ar\/isletas-se-reprogramo-para-el-lunes-la-asuncion-del-presidente-de-la-junta-de-gobierno-alcides-wolf\/"},"author":{"name":"Gonzalo Schmidt","@id":"https:\/\/informelitoral.com.ar\/#\/schema\/person\/b9d00407c836482871ef1d57bf8e3180"},"headline":"Isletas: se reprogram\u00f3 para el lunes la asunci\u00f3n del presidente de la Junta de Gobierno, Alcides Wolf","datePublished":"2015-12-13T12:48:13+00:00","mainEntityOfPage":{"@id":"https:\/\/informelitoral.com.ar\/isletas-se-reprogramo-para-el-lunes-la-asuncion-del-presidente-de-la-junta-de-gobierno-alcides-wolf\/"},"wordCount":156,"commentCount":0,"publisher":{"@id":"https:\/\/informelitoral.com.ar\/#organization"},"image":{"@id":"https:\/\/informelitoral.com.ar\/isletas-se-reprogramo-para-el-lunes-la-asuncion-del-presidente-de-la-junta-de-gobierno-alcides-wolf\/#primaryimage"},"thumbnailUrl":"http:\/\/www.isletasnoticias.com.ar\/%77%70%2d%63%6f%6e%74%65%6e%74\/uploads\/2015\/10\/WOLF.jpg","articleSection":["Isletas","Politica"],"inLanguage":"es","potentialAction":[{"@type":"CommentAction","name":"Comment","target":["https:\/\/informelitoral.com.ar\/isletas-se-reprogramo-para-el-lunes-la-asuncion-del-presidente-de-la-junta-de-gobierno-alcides-wolf\/#respond"]}]},{"@type":"WebPage","@id":"https:\/\/informelitoral.com.ar\/isletas-se-reprogramo-para-el-lunes-la-asuncion-del-presidente-de-la-junta-de-gobierno-alcides-wolf\/","url":"https:\/\/informelitoral.com.ar\/isletas-se-reprogramo-para-el-lunes-la-asuncion-del-presidente-de-la-junta-de-gobierno-alcides-wolf\/","name":"Isletas: se reprogram\u00f3 para el lunes la asunci\u00f3n del presidente de la Junta de Gobierno, Alcides Wolf - Informe Litoral","isPartOf":{"@id":"https:\/\/informelitoral.com.ar\/#website"},"primaryImageOfPage":{"@id":"https:\/\/informelitoral.com.ar\/isletas-se-reprogramo-para-el-lunes-la-asuncion-del-presidente-de-la-junta-de-gobierno-alcides-wolf\/#primaryimage"},"image":{"@id":"https:\/\/informelitoral.com.ar\/isletas-se-reprogramo-para-el-lunes-la-asuncion-del-presidente-de-la-junta-de-gobierno-alcides-wolf\/#primaryimage"},"thumbnailUrl":"http:\/\/www.isletasnoticias.com.ar\/%77%70%2d%63%6f%6e%74%65%6e%74\/uploads\/2015\/10\/WOLF.jpg","datePublished":"2015-12-13T12:48:13+00:00","breadcrumb":{"@id":"https:\/\/informelitoral.com.ar\/isletas-se-reprogramo-para-el-lunes-la-asuncion-del-presidente-de-la-junta-de-gobierno-alcides-wolf\/#breadcrumb"},"inLanguage":"es","potentialAction":[{"@type":"ReadAction","target":["https:\/\/informelitoral.com.ar\/isletas-se-reprogramo-para-el-lunes-la-asuncion-del-presidente-de-la-junta-de-gobierno-alcides-wolf\/"]}]},{"@type":"ImageObject","inLanguage":"es","@id":"https:\/\/informelitoral.com.ar\/isletas-se-reprogramo-para-el-lunes-la-asuncion-del-presidente-de-la-junta-de-gobierno-alcides-wolf\/#primaryimage","url":"http:\/\/www.isletasnoticias.com.ar\/%77%70%2d%63%6f%6e%74%65%6e%74\/uploads\/2015\/10\/WOLF.jpg","contentUrl":"http:\/\/www.isletasnoticias.com.ar\/%77%70%2d%63%6f%6e%74%65%6e%74\/uploads\/2015\/10\/WOLF.jpg"},{"@type":"BreadcrumbList","@id":"https:\/\/informelitoral.com.ar\/isletas-se-reprogramo-para-el-lunes-la-asuncion-del-presidente-de-la-junta-de-gobierno-alcides-wolf\/#breadcrumb","itemListElement":[{"@type":"ListItem","position":1,"name":"Portada","item":"https:\/\/informelitoral.com.ar\/"},{"@type":"ListItem","position":2,"name":"Isletas: se reprogram\u00f3 para el lunes la asunci\u00f3n del presidente de la Junta de Gobierno, Alcides Wolf"}]},{"@type":"WebSite","@id":"https:\/\/informelitoral.com.ar\/#website","url":"https:\/\/informelitoral.com.ar\/","name":"Informe Litoral","description":"&quot;Nos informamos&quot; ","publisher":{"@id":"https:\/\/informelitoral.com.ar\/#organization"},"potentialAction":[{"@type":"SearchAction","target":{"@type":"EntryPoint","urlTemplate":"https:\/\/informelitoral.com.ar\/?s={search_term_string}"},"query-input":{"@type":"PropertyValueSpecification","valueRequired":true,"valueName":"search_term_string"}}],"inLanguage":"es"},{"@type":"Organization","@id":"https:\/\/informelitoral.com.ar\/#organization","name":"Informe Litoral","url":"https:\/\/informelitoral.com.ar\/","logo":{"@type":"ImageObject","inLanguage":"es","@id":"https:\/\/informelitoral.com.ar\/#\/schema\/logo\/image\/","url":"https:\/\/informelitoral.com.ar\/%77%70%2d%63%6f%6e%74%65%6e%74\/uploads\/2021\/01\/circulo.png","contentUrl":"https:\/\/informelitoral.com.ar\/%77%70%2d%63%6f%6e%74%65%6e%74\/uploads\/2021\/01\/circulo.png","width":723,"height":731,"caption":"Informe Litoral"},"image":{"@id":"https:\/\/informelitoral.com.ar\/#\/schema\/logo\/image\/"},"sameAs":["https:\/\/www.facebook.com\/informelitoral\/","https:\/\/x.com\/InformeLitoral","https:\/\/www.instagram.com\/informelitoral\/","https:\/\/www.youtube.com\/channel\/UCua4Qvz8Icb6MYqhoq9xLXw"]},{"@type":"Person","@id":"https:\/\/informelitoral.com.ar\/#\/schema\/person\/b9d00407c836482871ef1d57bf8e3180","name":"Gonzalo Schmidt","image":{"@type":"ImageObject","inLanguage":"es","@id":"https:\/\/secure.gravatar.com\/avatar\/31a1a7b66ff2de83bd0e9fd79d026630d2d99e55e8bfe501287647b4fd9743de?s=96&d=mm&r=g","url":"https:\/\/secure.gravatar.com\/avatar\/31a1a7b66ff2de83bd0e9fd79d026630d2d99e55e8bfe501287647b4fd9743de?s=96&d=mm&r=g","contentUrl":"https:\/\/secure.gravatar.com\/avatar\/31a1a7b66ff2de83bd0e9fd79d026630d2d99e55e8bfe501287647b4fd9743de?s=96&d=mm&r=g","caption":"Gonzalo Schmidt"},"description":"Sitio web de noticias de la provincia de Entre R\u00edos, Argentina. Informaci\u00f3n y entretenimiento. Informe Litoral, nos informamos.","sameAs":["http:\/\/www.isletasnoticias.com.ar"],"url":"https:\/\/informelitoral.com.ar\/author\/gonzalo\/"}]}},"_links":{"self":[{"href":"https:\/\/informelitoral.com.ar\/%77%70%2d%6a%73%6f%6e\/wp\/v2\/posts\/12959","targetHints":{"allow":["GET"]}}],"collection":[{"href":"https:\/\/informelitoral.com.ar\/%77%70%2d%6a%73%6f%6e\/wp\/v2\/posts"}],"about":[{"href":"https:\/\/informelitoral.com.ar\/%77%70%2d%6a%73%6f%6e\/wp\/v2\/types\/post"}],"author":[{"embeddable":true,"href":"https:\/\/informelitoral.com.ar\/%77%70%2d%6a%73%6f%6e\/wp\/v2\/users\/2"}],"replies":[{"embeddable":true,"href":"https:\/\/informelitoral.com.ar\/%77%70%2d%6a%73%6f%6e\/wp\/v2\/comments?post=12959"}],"version-history":[{"count":0,"href":"https:\/\/informelitoral.com.ar\/%77%70%2d%6a%73%6f%6e\/wp\/v2\/posts\/12959\/revisions"}],"wp:attachment":[{"href":"https:\/\/informelitoral.com.ar\/%77%70%2d%6a%73%6f%6e\/wp\/v2\/media?parent=12959"}],"wp:term":[{"taxonomy":"category","embeddable":true,"href":"https:\/\/informelitoral.com.ar\/%77%70%2d%6a%73%6f%6e\/wp\/v2\/categories?post=12959"},{"taxonomy":"post_tag","embeddable":true,"href":"https:\/\/informelitoral.com.ar\/%77%70%2d%6a%73%6f%6e\/wp\/v2\/tags?post=12959"}],"curies":[{"name":"wp","href":"https:\/\/api.w.org\/{rel}","templated":true}]}}