{"id":12925,"date":"2015-12-11T08:22:54","date_gmt":"2015-12-11T11:22:54","guid":{"rendered":"http:\/\/www.isletasnoticias.com.ar\/?p=12925"},"modified":"2015-12-11T08:22:54","modified_gmt":"2015-12-11T11:22:54","slug":"el-fixture-del-verano-afa-confirmo-los-dias-y-horarios-de-los-partidos","status":"publish","type":"post","link":"https:\/\/informelitoral.com.ar\/el-fixture-del-verano-afa-confirmo-los-dias-y-horarios-de-los-partidos\/","title":{"rendered":"El fixture del verano: AFA confirm\u00f3 los d\u00edas y horarios de los partidos"},"content":{"rendered":"<p><strong>Los primeros Supercl\u00e1sicos entre Boca y River del 2016 ya tienen programaci\u00f3n oficial. Adem\u00e1s, Independiente, Racing, San Lorenzo, Hurac\u00e1n, Gimnasia, Estudiantes y Aldosivi conocen su calendario. <em>Todos los partidos.<a href=\"http:\/\/www.isletasnoticias.com.ar\/%77%70%2d%63%6f%6e%74%65%6e%74\/uploads\/2015\/12\/n_1449802743.jpg\"><img loading=\"lazy\" decoding=\"async\" class=\"aligncenter size-full wp-image-12926\" src=\"http:\/\/www.isletasnoticias.com.ar\/%77%70%2d%63%6f%6e%74%65%6e%74\/uploads\/2015\/12\/n_1449802743.jpg\" alt=\"n_1449802743\" width=\"640\" height=\"360\" srcset=\"https:\/\/informelitoral.com.ar\/%77%70%2d%63%6f%6e%74%65%6e%74\/uploads\/2015\/12\/n_1449802743.jpg 640w, https:\/\/informelitoral.com.ar\/%77%70%2d%63%6f%6e%74%65%6e%74\/uploads\/2015\/12\/n_1449802743-300x169.jpg 300w\" sizes=\"auto, (max-width: 640px) 100vw, 640px\" \/><\/a><\/em><\/strong>El 20 de diciembre se jugar\u00e1 en Jap\u00f3n el \u00faltimo partido oficial del a\u00f1o que puede involucrar a un equipo argentino. Hasta all\u00ed, pretende llegar River para buscar su primer t\u00edtulo en el Mundial de Clubes, seguramente en una final ante Barcelona, indic\u00f3 <em>Superdeportivo.<\/em><\/p>\n<p>Luego, llegar\u00e1n las fiestas y la espera eterna hasta el martes 12 de enero, fecha en la que comenzar\u00e1n los torneos de verano en Mar del Plata. El programa oficial confirm\u00f3 que se jugar\u00e1n once partidos en el Estadio Jos\u00e9 Mar\u00eda Minella de la ciudad balnearia.<\/p>\n<p><b>El calendario completo, todos los partidos comenzar\u00e1n a las 22.10<\/b><\/p>\n<p>Martes 12\/1: San Lorenzo vs. Independiente, Copa Ciudad de Mar del Plata<\/p>\n<p>Jueves 14\/1: Racing vs. Estudiantes, Copa de Oro<\/p>\n<p>S\u00e1bado 16\/1: San Lorenzo vs. Hurac\u00e1n, Copa Ciudad de Buenos Aires<\/p>\n<p>Lunes 18\/1: River vs. Independiente, Copa Ciudad de Mar del Plata<\/p>\n<p><b>Mi\u00e9rcoles de 20\/1: Boca vs. Racing, Copa de Oro<\/b><\/p>\n<p><b>S\u00e1bado 23\/1: Boca vs. River, Copa Luis B. Nofal (Mar del Plata).<\/b><\/p>\n<p>Domingo 24\/1: Aldosivi vs. Gimnasia LP, Copa Amistad<\/p>\n<p>Martes 26\/1: River vs. San Lorenzo, Copa Ciudad de Mar del Plata<\/p>\n<p>Mi\u00e9rcoles 27\/1: Boca vs. Estudiantes LP, Copa de Oro<\/p>\n<p>Viernes 29\/1: Racing vs. Independiente, Copa Ciudad de Avellaneda<\/p>\n<p><b>S\u00e1bado 30\/1: Boca vs. River, Copa Luis B. Nofal (Mendoza).<\/b><\/p>\n<p>Domingo 31\/1: Estudiantes vs. Gimnasia, Copa Ciudad de La Plata.<\/p>\n","protected":false},"excerpt":{"rendered":"<p>Los primeros Supercl&aacute;sicos entre Boca y River del 2016 ya tienen programaci&oacute;n oficial. Adem&aacute;s, Independiente, Racing, San Lorenzo, Hurac&aacute;n, Gimnasia, Estudiantes y Aldosivi conocen su calendario. Todos los partidos.El 20 de diciembre se jugar&aacute; en Jap&oacute;n el &uacute;ltimo partido oficial del a&ntilde;o que puede involucrar a un equipo argentino. Hasta all&iacute;, pretende llegar River para [&hellip;]<\/p>\n","protected":false},"author":2,"featured_media":0,"comment_status":"open","ping_status":"open","sticky":false,"template":"","format":"standard","meta":{"fifu_image_url":"","fifu_image_alt":"","footnotes":""},"categories":[13],"tags":[],"class_list":{"0":"post-12925","1":"post","2":"type-post","3":"status-publish","4":"format-standard","6":"category-deportes"},"yoast_head":"<title>El fixture del verano: AFA confirm\u00f3 los d\u00edas y horarios de los partidos - Informe Litoral<\/title>\n<meta name=\"robots\" content=\"index, follow, max-snippet:-1, max-image-preview:large, max-video-preview:-1\" \/>\n<link rel=\"canonical\" href=\"https:\/\/informelitoral.com.ar\/el-fixture-del-verano-afa-confirmo-los-dias-y-horarios-de-los-partidos\/\" \/>\n<meta property=\"og:locale\" content=\"es_ES\" \/>\n<meta property=\"og:type\" content=\"article\" \/>\n<meta property=\"og:title\" content=\"El fixture del verano: AFA confirm\u00f3 los d\u00edas y horarios de los partidos - Informe Litoral\" \/>\n<meta property=\"og:description\" content=\"Los primeros Supercl&aacute;sicos entre Boca y River del 2016 ya tienen programaci&oacute;n oficial. Adem&aacute;s, Independiente, Racing, San Lorenzo, Hurac&aacute;n, Gimnasia, Estudiantes y Aldosivi conocen su calendario. Todos los partidos.El 20 de diciembre se jugar&aacute; en Jap&oacute;n el &uacute;ltimo partido oficial del a&ntilde;o que puede involucrar a un equipo argentino. Hasta all&iacute;, pretende llegar River para [&hellip;]\" \/>\n<meta property=\"og:url\" content=\"https:\/\/informelitoral.com.ar\/el-fixture-del-verano-afa-confirmo-los-dias-y-horarios-de-los-partidos\/\" \/>\n<meta property=\"og:site_name\" content=\"Informe Litoral\" \/>\n<meta property=\"article:publisher\" content=\"https:\/\/www.facebook.com\/informelitoral\/\" \/>\n<meta property=\"article:published_time\" content=\"2015-12-11T11:22:54+00:00\" \/>\n<meta property=\"og:image\" content=\"https:\/\/informelitoral.com.ar\/%77%70%2d%63%6f%6e%74%65%6e%74\/uploads\/2015\/12\/n_1449802743.jpg\" \/>\n\t<meta property=\"og:image:width\" content=\"640\" \/>\n\t<meta property=\"og:image:height\" content=\"360\" \/>\n\t<meta property=\"og:image:type\" content=\"image\/jpeg\" \/>\n<meta name=\"author\" content=\"Gonzalo Schmidt\" \/>\n<meta name=\"twitter:card\" content=\"summary_large_image\" \/>\n<meta name=\"twitter:creator\" content=\"@InformeLitoral\" \/>\n<meta name=\"twitter:site\" content=\"@InformeLitoral\" \/>\n<meta name=\"twitter:label1\" content=\"Escrito por\" \/>\n\t<meta name=\"twitter:data1\" content=\"Gonzalo Schmidt\" \/>\n\t<meta name=\"twitter:label2\" content=\"Tiempo de lectura\" \/>\n\t<meta name=\"twitter:data2\" content=\"1 minuto\" \/>\n<script type=\"application\/ld+json\" class=\"yoast-schema-graph\">{\"@context\":\"https:\\\/\\\/schema.org\",\"@graph\":[{\"@type\":\"Article\",\"@id\":\"https:\\\/\\\/informelitoral.com.ar\\\/el-fixture-del-verano-afa-confirmo-los-dias-y-horarios-de-los-partidos\\\/#article\",\"isPartOf\":{\"@id\":\"https:\\\/\\\/informelitoral.com.ar\\\/el-fixture-del-verano-afa-confirmo-los-dias-y-horarios-de-los-partidos\\\/\"},\"author\":{\"name\":\"Gonzalo Schmidt\",\"@id\":\"https:\\\/\\\/informelitoral.com.ar\\\/#\\\/schema\\\/person\\\/b9d00407c836482871ef1d57bf8e3180\"},\"headline\":\"El fixture del verano: AFA confirm\u00f3 los d\u00edas y horarios de los partidos\",\"datePublished\":\"2015-12-11T11:22:54+00:00\",\"mainEntityOfPage\":{\"@id\":\"https:\\\/\\\/informelitoral.com.ar\\\/el-fixture-del-verano-afa-confirmo-los-dias-y-horarios-de-los-partidos\\\/\"},\"wordCount\":266,\"commentCount\":0,\"publisher\":{\"@id\":\"https:\\\/\\\/informelitoral.com.ar\\\/#organization\"},\"image\":{\"@id\":\"https:\\\/\\\/informelitoral.com.ar\\\/el-fixture-del-verano-afa-confirmo-los-dias-y-horarios-de-los-partidos\\\/#primaryimage\"},\"thumbnailUrl\":\"http:\\\/\\\/www.isletasnoticias.com.ar\\\/%77%70%2d%63%6f%6e%74%65%6e%74\\\/uploads\\\/2015\\\/12\\\/n_1449802743.jpg\",\"articleSection\":[\"Deportes\"],\"inLanguage\":\"es\",\"potentialAction\":[{\"@type\":\"CommentAction\",\"name\":\"Comment\",\"target\":[\"https:\\\/\\\/informelitoral.com.ar\\\/el-fixture-del-verano-afa-confirmo-los-dias-y-horarios-de-los-partidos\\\/#respond\"]}]},{\"@type\":\"WebPage\",\"@id\":\"https:\\\/\\\/informelitoral.com.ar\\\/el-fixture-del-verano-afa-confirmo-los-dias-y-horarios-de-los-partidos\\\/\",\"url\":\"https:\\\/\\\/informelitoral.com.ar\\\/el-fixture-del-verano-afa-confirmo-los-dias-y-horarios-de-los-partidos\\\/\",\"name\":\"El fixture del verano: AFA confirm\u00f3 los d\u00edas y horarios de los partidos - Informe Litoral\",\"isPartOf\":{\"@id\":\"https:\\\/\\\/informelitoral.com.ar\\\/#website\"},\"primaryImageOfPage\":{\"@id\":\"https:\\\/\\\/informelitoral.com.ar\\\/el-fixture-del-verano-afa-confirmo-los-dias-y-horarios-de-los-partidos\\\/#primaryimage\"},\"image\":{\"@id\":\"https:\\\/\\\/informelitoral.com.ar\\\/el-fixture-del-verano-afa-confirmo-los-dias-y-horarios-de-los-partidos\\\/#primaryimage\"},\"thumbnailUrl\":\"http:\\\/\\\/www.isletasnoticias.com.ar\\\/%77%70%2d%63%6f%6e%74%65%6e%74\\\/uploads\\\/2015\\\/12\\\/n_1449802743.jpg\",\"datePublished\":\"2015-12-11T11:22:54+00:00\",\"breadcrumb\":{\"@id\":\"https:\\\/\\\/informelitoral.com.ar\\\/el-fixture-del-verano-afa-confirmo-los-dias-y-horarios-de-los-partidos\\\/#breadcrumb\"},\"inLanguage\":\"es\",\"potentialAction\":[{\"@type\":\"ReadAction\",\"target\":[\"https:\\\/\\\/informelitoral.com.ar\\\/el-fixture-del-verano-afa-confirmo-los-dias-y-horarios-de-los-partidos\\\/\"]}]},{\"@type\":\"ImageObject\",\"inLanguage\":\"es\",\"@id\":\"https:\\\/\\\/informelitoral.com.ar\\\/el-fixture-del-verano-afa-confirmo-los-dias-y-horarios-de-los-partidos\\\/#primaryimage\",\"url\":\"http:\\\/\\\/www.isletasnoticias.com.ar\\\/%77%70%2d%63%6f%6e%74%65%6e%74\\\/uploads\\\/2015\\\/12\\\/n_1449802743.jpg\",\"contentUrl\":\"http:\\\/\\\/www.isletasnoticias.com.ar\\\/%77%70%2d%63%6f%6e%74%65%6e%74\\\/uploads\\\/2015\\\/12\\\/n_1449802743.jpg\"},{\"@type\":\"BreadcrumbList\",\"@id\":\"https:\\\/\\\/informelitoral.com.ar\\\/el-fixture-del-verano-afa-confirmo-los-dias-y-horarios-de-los-partidos\\\/#breadcrumb\",\"itemListElement\":[{\"@type\":\"ListItem\",\"position\":1,\"name\":\"Portada\",\"item\":\"https:\\\/\\\/informelitoral.com.ar\\\/\"},{\"@type\":\"ListItem\",\"position\":2,\"name\":\"El fixture del verano: AFA confirm\u00f3 los d\u00edas y horarios de los partidos\"}]},{\"@type\":\"WebSite\",\"@id\":\"https:\\\/\\\/informelitoral.com.ar\\\/#website\",\"url\":\"https:\\\/\\\/informelitoral.com.ar\\\/\",\"name\":\"Informe Litoral\",\"description\":\"&quot;Nos informamos&quot; \",\"publisher\":{\"@id\":\"https:\\\/\\\/informelitoral.com.ar\\\/#organization\"},\"potentialAction\":[{\"@type\":\"SearchAction\",\"target\":{\"@type\":\"EntryPoint\",\"urlTemplate\":\"https:\\\/\\\/informelitoral.com.ar\\\/?s={search_term_string}\"},\"query-input\":{\"@type\":\"PropertyValueSpecification\",\"valueRequired\":true,\"valueName\":\"search_term_string\"}}],\"inLanguage\":\"es\"},{\"@type\":\"Organization\",\"@id\":\"https:\\\/\\\/informelitoral.com.ar\\\/#organization\",\"name\":\"Informe Litoral\",\"url\":\"https:\\\/\\\/informelitoral.com.ar\\\/\",\"logo\":{\"@type\":\"ImageObject\",\"inLanguage\":\"es\",\"@id\":\"https:\\\/\\\/informelitoral.com.ar\\\/#\\\/schema\\\/logo\\\/image\\\/\",\"url\":\"https:\\\/\\\/informelitoral.com.ar\\\/%77%70%2d%63%6f%6e%74%65%6e%74\\\/uploads\\\/2021\\\/01\\\/circulo.png\",\"contentUrl\":\"https:\\\/\\\/informelitoral.com.ar\\\/%77%70%2d%63%6f%6e%74%65%6e%74\\\/uploads\\\/2021\\\/01\\\/circulo.png\",\"width\":723,\"height\":731,\"caption\":\"Informe Litoral\"},\"image\":{\"@id\":\"https:\\\/\\\/informelitoral.com.ar\\\/#\\\/schema\\\/logo\\\/image\\\/\"},\"sameAs\":[\"https:\\\/\\\/www.facebook.com\\\/informelitoral\\\/\",\"https:\\\/\\\/x.com\\\/InformeLitoral\",\"https:\\\/\\\/www.instagram.com\\\/informelitoral\\\/\",\"https:\\\/\\\/www.youtube.com\\\/channel\\\/UCua4Qvz8Icb6MYqhoq9xLXw\"]},{\"@type\":\"Person\",\"@id\":\"https:\\\/\\\/informelitoral.com.ar\\\/#\\\/schema\\\/person\\\/b9d00407c836482871ef1d57bf8e3180\",\"name\":\"Gonzalo Schmidt\",\"image\":{\"@type\":\"ImageObject\",\"inLanguage\":\"es\",\"@id\":\"https:\\\/\\\/secure.gravatar.com\\\/avatar\\\/31a1a7b66ff2de83bd0e9fd79d026630d2d99e55e8bfe501287647b4fd9743de?s=96&d=mm&r=g\",\"url\":\"https:\\\/\\\/secure.gravatar.com\\\/avatar\\\/31a1a7b66ff2de83bd0e9fd79d026630d2d99e55e8bfe501287647b4fd9743de?s=96&d=mm&r=g\",\"contentUrl\":\"https:\\\/\\\/secure.gravatar.com\\\/avatar\\\/31a1a7b66ff2de83bd0e9fd79d026630d2d99e55e8bfe501287647b4fd9743de?s=96&d=mm&r=g\",\"caption\":\"Gonzalo Schmidt\"},\"description\":\"Sitio web de noticias de la provincia de Entre R\u00edos, Argentina. Informaci\u00f3n y entretenimiento. Informe Litoral, nos informamos.\",\"sameAs\":[\"http:\\\/\\\/www.isletasnoticias.com.ar\"],\"url\":\"https:\\\/\\\/informelitoral.com.ar\\\/author\\\/gonzalo\\\/\"}]}<\/script>","yoast_head_json":{"title":"El fixture del verano: AFA confirm\u00f3 los d\u00edas y horarios de los partidos - Informe Litoral","robots":{"index":"index","follow":"follow","max-snippet":"max-snippet:-1","max-image-preview":"max-image-preview:large","max-video-preview":"max-video-preview:-1"},"canonical":"https:\/\/informelitoral.com.ar\/el-fixture-del-verano-afa-confirmo-los-dias-y-horarios-de-los-partidos\/","og_locale":"es_ES","og_type":"article","og_title":"El fixture del verano: AFA confirm\u00f3 los d\u00edas y horarios de los partidos - Informe Litoral","og_description":"Los primeros Supercl&aacute;sicos entre Boca y River del 2016 ya tienen programaci&oacute;n oficial. Adem&aacute;s, Independiente, Racing, San Lorenzo, Hurac&aacute;n, Gimnasia, Estudiantes y Aldosivi conocen su calendario. Todos los partidos.El 20 de diciembre se jugar&aacute; en Jap&oacute;n el &uacute;ltimo partido oficial del a&ntilde;o que puede involucrar a un equipo argentino. Hasta all&iacute;, pretende llegar River para [&hellip;]","og_url":"https:\/\/informelitoral.com.ar\/el-fixture-del-verano-afa-confirmo-los-dias-y-horarios-de-los-partidos\/","og_site_name":"Informe Litoral","article_publisher":"https:\/\/www.facebook.com\/informelitoral\/","article_published_time":"2015-12-11T11:22:54+00:00","og_image":[{"width":640,"height":360,"url":"https:\/\/informelitoral.com.ar\/%77%70%2d%63%6f%6e%74%65%6e%74\/uploads\/2015\/12\/n_1449802743.jpg","type":"image\/jpeg"}],"author":"Gonzalo Schmidt","twitter_card":"summary_large_image","twitter_creator":"@InformeLitoral","twitter_site":"@InformeLitoral","twitter_misc":{"Escrito por":"Gonzalo Schmidt","Tiempo de lectura":"1 minuto"},"schema":{"@context":"https:\/\/schema.org","@graph":[{"@type":"Article","@id":"https:\/\/informelitoral.com.ar\/el-fixture-del-verano-afa-confirmo-los-dias-y-horarios-de-los-partidos\/#article","isPartOf":{"@id":"https:\/\/informelitoral.com.ar\/el-fixture-del-verano-afa-confirmo-los-dias-y-horarios-de-los-partidos\/"},"author":{"name":"Gonzalo Schmidt","@id":"https:\/\/informelitoral.com.ar\/#\/schema\/person\/b9d00407c836482871ef1d57bf8e3180"},"headline":"El fixture del verano: AFA confirm\u00f3 los d\u00edas y horarios de los partidos","datePublished":"2015-12-11T11:22:54+00:00","mainEntityOfPage":{"@id":"https:\/\/informelitoral.com.ar\/el-fixture-del-verano-afa-confirmo-los-dias-y-horarios-de-los-partidos\/"},"wordCount":266,"commentCount":0,"publisher":{"@id":"https:\/\/informelitoral.com.ar\/#organization"},"image":{"@id":"https:\/\/informelitoral.com.ar\/el-fixture-del-verano-afa-confirmo-los-dias-y-horarios-de-los-partidos\/#primaryimage"},"thumbnailUrl":"http:\/\/www.isletasnoticias.com.ar\/%77%70%2d%63%6f%6e%74%65%6e%74\/uploads\/2015\/12\/n_1449802743.jpg","articleSection":["Deportes"],"inLanguage":"es","potentialAction":[{"@type":"CommentAction","name":"Comment","target":["https:\/\/informelitoral.com.ar\/el-fixture-del-verano-afa-confirmo-los-dias-y-horarios-de-los-partidos\/#respond"]}]},{"@type":"WebPage","@id":"https:\/\/informelitoral.com.ar\/el-fixture-del-verano-afa-confirmo-los-dias-y-horarios-de-los-partidos\/","url":"https:\/\/informelitoral.com.ar\/el-fixture-del-verano-afa-confirmo-los-dias-y-horarios-de-los-partidos\/","name":"El fixture del verano: AFA confirm\u00f3 los d\u00edas y horarios de los partidos - Informe Litoral","isPartOf":{"@id":"https:\/\/informelitoral.com.ar\/#website"},"primaryImageOfPage":{"@id":"https:\/\/informelitoral.com.ar\/el-fixture-del-verano-afa-confirmo-los-dias-y-horarios-de-los-partidos\/#primaryimage"},"image":{"@id":"https:\/\/informelitoral.com.ar\/el-fixture-del-verano-afa-confirmo-los-dias-y-horarios-de-los-partidos\/#primaryimage"},"thumbnailUrl":"http:\/\/www.isletasnoticias.com.ar\/%77%70%2d%63%6f%6e%74%65%6e%74\/uploads\/2015\/12\/n_1449802743.jpg","datePublished":"2015-12-11T11:22:54+00:00","breadcrumb":{"@id":"https:\/\/informelitoral.com.ar\/el-fixture-del-verano-afa-confirmo-los-dias-y-horarios-de-los-partidos\/#breadcrumb"},"inLanguage":"es","potentialAction":[{"@type":"ReadAction","target":["https:\/\/informelitoral.com.ar\/el-fixture-del-verano-afa-confirmo-los-dias-y-horarios-de-los-partidos\/"]}]},{"@type":"ImageObject","inLanguage":"es","@id":"https:\/\/informelitoral.com.ar\/el-fixture-del-verano-afa-confirmo-los-dias-y-horarios-de-los-partidos\/#primaryimage","url":"http:\/\/www.isletasnoticias.com.ar\/%77%70%2d%63%6f%6e%74%65%6e%74\/uploads\/2015\/12\/n_1449802743.jpg","contentUrl":"http:\/\/www.isletasnoticias.com.ar\/%77%70%2d%63%6f%6e%74%65%6e%74\/uploads\/2015\/12\/n_1449802743.jpg"},{"@type":"BreadcrumbList","@id":"https:\/\/informelitoral.com.ar\/el-fixture-del-verano-afa-confirmo-los-dias-y-horarios-de-los-partidos\/#breadcrumb","itemListElement":[{"@type":"ListItem","position":1,"name":"Portada","item":"https:\/\/informelitoral.com.ar\/"},{"@type":"ListItem","position":2,"name":"El fixture del verano: AFA confirm\u00f3 los d\u00edas y horarios de los partidos"}]},{"@type":"WebSite","@id":"https:\/\/informelitoral.com.ar\/#website","url":"https:\/\/informelitoral.com.ar\/","name":"Informe Litoral","description":"&quot;Nos informamos&quot; ","publisher":{"@id":"https:\/\/informelitoral.com.ar\/#organization"},"potentialAction":[{"@type":"SearchAction","target":{"@type":"EntryPoint","urlTemplate":"https:\/\/informelitoral.com.ar\/?s={search_term_string}"},"query-input":{"@type":"PropertyValueSpecification","valueRequired":true,"valueName":"search_term_string"}}],"inLanguage":"es"},{"@type":"Organization","@id":"https:\/\/informelitoral.com.ar\/#organization","name":"Informe Litoral","url":"https:\/\/informelitoral.com.ar\/","logo":{"@type":"ImageObject","inLanguage":"es","@id":"https:\/\/informelitoral.com.ar\/#\/schema\/logo\/image\/","url":"https:\/\/informelitoral.com.ar\/%77%70%2d%63%6f%6e%74%65%6e%74\/uploads\/2021\/01\/circulo.png","contentUrl":"https:\/\/informelitoral.com.ar\/%77%70%2d%63%6f%6e%74%65%6e%74\/uploads\/2021\/01\/circulo.png","width":723,"height":731,"caption":"Informe Litoral"},"image":{"@id":"https:\/\/informelitoral.com.ar\/#\/schema\/logo\/image\/"},"sameAs":["https:\/\/www.facebook.com\/informelitoral\/","https:\/\/x.com\/InformeLitoral","https:\/\/www.instagram.com\/informelitoral\/","https:\/\/www.youtube.com\/channel\/UCua4Qvz8Icb6MYqhoq9xLXw"]},{"@type":"Person","@id":"https:\/\/informelitoral.com.ar\/#\/schema\/person\/b9d00407c836482871ef1d57bf8e3180","name":"Gonzalo Schmidt","image":{"@type":"ImageObject","inLanguage":"es","@id":"https:\/\/secure.gravatar.com\/avatar\/31a1a7b66ff2de83bd0e9fd79d026630d2d99e55e8bfe501287647b4fd9743de?s=96&d=mm&r=g","url":"https:\/\/secure.gravatar.com\/avatar\/31a1a7b66ff2de83bd0e9fd79d026630d2d99e55e8bfe501287647b4fd9743de?s=96&d=mm&r=g","contentUrl":"https:\/\/secure.gravatar.com\/avatar\/31a1a7b66ff2de83bd0e9fd79d026630d2d99e55e8bfe501287647b4fd9743de?s=96&d=mm&r=g","caption":"Gonzalo Schmidt"},"description":"Sitio web de noticias de la provincia de Entre R\u00edos, Argentina. Informaci\u00f3n y entretenimiento. Informe Litoral, nos informamos.","sameAs":["http:\/\/www.isletasnoticias.com.ar"],"url":"https:\/\/informelitoral.com.ar\/author\/gonzalo\/"}]}},"_links":{"self":[{"href":"https:\/\/informelitoral.com.ar\/%77%70%2d%6a%73%6f%6e\/wp\/v2\/posts\/12925","targetHints":{"allow":["GET"]}}],"collection":[{"href":"https:\/\/informelitoral.com.ar\/%77%70%2d%6a%73%6f%6e\/wp\/v2\/posts"}],"about":[{"href":"https:\/\/informelitoral.com.ar\/%77%70%2d%6a%73%6f%6e\/wp\/v2\/types\/post"}],"author":[{"embeddable":true,"href":"https:\/\/informelitoral.com.ar\/%77%70%2d%6a%73%6f%6e\/wp\/v2\/users\/2"}],"replies":[{"embeddable":true,"href":"https:\/\/informelitoral.com.ar\/%77%70%2d%6a%73%6f%6e\/wp\/v2\/comments?post=12925"}],"version-history":[{"count":0,"href":"https:\/\/informelitoral.com.ar\/%77%70%2d%6a%73%6f%6e\/wp\/v2\/posts\/12925\/revisions"}],"wp:attachment":[{"href":"https:\/\/informelitoral.com.ar\/%77%70%2d%6a%73%6f%6e\/wp\/v2\/media?parent=12925"}],"wp:term":[{"taxonomy":"category","embeddable":true,"href":"https:\/\/informelitoral.com.ar\/%77%70%2d%6a%73%6f%6e\/wp\/v2\/categories?post=12925"},{"taxonomy":"post_tag","embeddable":true,"href":"https:\/\/informelitoral.com.ar\/%77%70%2d%6a%73%6f%6e\/wp\/v2\/tags?post=12925"}],"curies":[{"name":"wp","href":"https:\/\/api.w.org\/{rel}","templated":true}]}}