{"id":12920,"date":"2015-12-10T12:22:38","date_gmt":"2015-12-10T15:22:38","guid":{"rendered":"http:\/\/www.isletasnoticias.com.ar\/?p=12920"},"modified":"2015-12-10T12:27:06","modified_gmt":"2015-12-10T15:27:06","slug":"mauricio-macri-nuestras-prioridades-son-pobreza-cero-derrotar-al-narcotrafico-y-unir-a-los-argentinos","status":"publish","type":"post","link":"https:\/\/informelitoral.com.ar\/mauricio-macri-nuestras-prioridades-son-pobreza-cero-derrotar-al-narcotrafico-y-unir-a-los-argentinos\/","title":{"rendered":"Mauricio Macri: \u00abNuestras prioridades son pobreza cero, derrotar al narcotr\u00e1fico y unir a los argentinos\u00bb"},"content":{"rendered":"<p><strong>El Presidente habl\u00f3 ante la Asamblea Legislativa sobre cu\u00e1les ser\u00e1n los lineamientos de su gesti\u00f3n.<a href=\"http:\/\/www.isletasnoticias.com.ar\/%77%70%2d%63%6f%6e%74%65%6e%74\/uploads\/2015\/12\/0013907564.jpg\"><img loading=\"lazy\" decoding=\"async\" class=\"aligncenter size-full wp-image-12921\" src=\"http:\/\/www.isletasnoticias.com.ar\/%77%70%2d%63%6f%6e%74%65%6e%74\/uploads\/2015\/12\/0013907564.jpg\" alt=\"0013907564\" width=\"770\" height=\"433\" srcset=\"https:\/\/informelitoral.com.ar\/%77%70%2d%63%6f%6e%74%65%6e%74\/uploads\/2015\/12\/0013907564.jpg 770w, https:\/\/informelitoral.com.ar\/%77%70%2d%63%6f%6e%74%65%6e%74\/uploads\/2015\/12\/0013907564-300x169.jpg 300w\" sizes=\"auto, (max-width: 770px) 100vw, 770px\" \/><\/a><\/strong>Luego de jurar como Presidente de la Naci\u00f3n, <strong>Mauricio Macri<\/strong> fij\u00f3 ante la Asamblea Legislativa cu\u00e1les ser\u00e1n las prioridades de su gesti\u00f3n: \u00abPobreza cero, derrotar al narcotr\u00e1fico y unir a los argentinos\u00bb.<\/p>\n<div>Sobre estos tres ejes, el mandatario dijo que la erradicaci\u00f3n de la es hablar de un horizonte en el que se logre pa\u00eds donde haya mas igualdad de oportunidades. \u00abQuiero darles una vez mas la confirmaci\u00f3n de que vamos a cuidarlos a todos, en especial a los que menos tienen. El Estado va a estar presente\u00bb, expres\u00f3 el nuevo jefe de Estado.<\/div>\n<div><\/div>\n<div>\n<div>\n<div>\u00abVamos a universalizar la protecci\u00f3n social para que ning\u00fan chico quede desprotegido. Vamos trabajar para todos puedan tener un techo con agua corriente y cloacas. Vamos a transformar las villas para cambiarle la vida a las familias\u00bb, prometi\u00f3. \u00abPara que haya pobreza cero vamos a crear trabajo y ampliar la econom\u00eda. El desarrollo de la Argentina llegar\u00e1 a trav\u00e9s de una inversi\u00f3n inteligente y constructiva\u00bb, agreg\u00f3.<\/div>\n<\/div>\n<div><\/div>\n<div>\n<div>Con respecto al tema del narcotr\u00e1fico, Macri se\u00f1al\u00f3 que lo van combatir \u201ccomo ning\u00fan otro gobierno lo hizo\u201d.<\/div>\n<div><\/div>\n<div>\u201cVamos a trabajar con inteligencia y decisi\u00f3n para devolverle la tranquilidad a las familias del pa\u00eds. Aunque el narcotr\u00e1fico ha crecido, estamos a tiempo antes de que se consolide y vamos a crear los mecanismos necesarios para llegar a la soluci\u00f3n que queremos\u201d.<\/div>\n<\/div>\n<\/div>\n<div><\/div>\n<div>\u00abMiles de personas a lo largo del pa\u00eds me transmitieron su preocupaci\u00f3n por este tema. La droga arruina la vida de familias enteras. Vamos encararlo de frente para devolver tranquilidad y seguridad. Si bien el narcotr\u00e1fico creci\u00f3 en esto a\u00f1os de manera exponencial, estamos a tiempo de impedir que el narcotr\u00e1fico se consolide.<\/p>\n<p>El mandatario resalt\u00f3 que a partir de hoy se viene un \u201cnuevo tiempo\u201d en Argentina y es la \u201cdel di\u00e1logo, el respeto y el trabajo en equipo\u201d. \u00abLa forma de lograr estos objetivos es simple. El di\u00e1logo y el respeto. Esto requiere que nos unamos para alcanzarlo. Unir los puntos en com\u00fan, respetando las diferencias\u00bb, dijo.<\/p>\n<p>\u201cHoy me eligieron como presidente de la Naci\u00f3n, me llena de alegr\u00eda y orgullo. Voy a seguir siendo el mismo, quien habla sencillo, con la verdad y comparte las emociones. Como presidente quiero ser un ciudadano que se pueda comunicar con todos los argentinos para transmitir dudas certezas ideas, esperanza y las ganas de hacer. La pol\u00edtica no es una competencia entre dirigentes para ver quien tiene el ego as grande, es el trabajo entre dirigentes para servir a los dem\u00e1s\u201d, remarc\u00f3.\u00a0<em>(Infobae)<\/em><\/div>\n","protected":false},"excerpt":{"rendered":"<p>El Presidente habl&oacute; ante la Asamblea Legislativa sobre cu&aacute;les ser&aacute;n los lineamientos de su gesti&oacute;n.Luego de jurar como Presidente de la Naci&oacute;n, Mauricio Macri fij&oacute; ante la Asamblea Legislativa cu&aacute;les ser&aacute;n las prioridades de su gesti&oacute;n: &laquo;Pobreza cero, derrotar al narcotr&aacute;fico y unir a los argentinos&raquo;. Sobre estos tres ejes, el mandatario dijo que la [&hellip;]<\/p>\n","protected":false},"author":2,"featured_media":0,"comment_status":"open","ping_status":"open","sticky":false,"template":"","format":"standard","meta":{"fifu_image_url":"","fifu_image_alt":"","footnotes":""},"categories":[7,16],"tags":[],"class_list":{"0":"post-12920","1":"post","2":"type-post","3":"status-publish","4":"format-standard","6":"category-nacionales","7":"category-politi"},"yoast_head":"<title>Mauricio Macri: &quot;Nuestras prioridades son pobreza cero, derrotar al narcotr\u00e1fico y unir a los argentinos&quot; - Informe Litoral<\/title>\n<meta name=\"robots\" content=\"index, follow, max-snippet:-1, max-image-preview:large, max-video-preview:-1\" \/>\n<link rel=\"canonical\" href=\"https:\/\/informelitoral.com.ar\/mauricio-macri-nuestras-prioridades-son-pobreza-cero-derrotar-al-narcotrafico-y-unir-a-los-argentinos\/\" \/>\n<meta property=\"og:locale\" content=\"es_ES\" \/>\n<meta property=\"og:type\" content=\"article\" \/>\n<meta property=\"og:title\" content=\"Mauricio Macri: &quot;Nuestras prioridades son pobreza cero, derrotar al narcotr\u00e1fico y unir a los argentinos&quot; - Informe Litoral\" \/>\n<meta property=\"og:description\" content=\"El Presidente habl&oacute; ante la Asamblea Legislativa sobre cu&aacute;les ser&aacute;n los lineamientos de su gesti&oacute;n.Luego de jurar como Presidente de la Naci&oacute;n, Mauricio Macri fij&oacute; ante la Asamblea Legislativa cu&aacute;les ser&aacute;n las prioridades de su gesti&oacute;n: &laquo;Pobreza cero, derrotar al narcotr&aacute;fico y unir a los argentinos&raquo;. Sobre estos tres ejes, el mandatario dijo que la [&hellip;]\" \/>\n<meta property=\"og:url\" content=\"https:\/\/informelitoral.com.ar\/mauricio-macri-nuestras-prioridades-son-pobreza-cero-derrotar-al-narcotrafico-y-unir-a-los-argentinos\/\" \/>\n<meta property=\"og:site_name\" content=\"Informe Litoral\" \/>\n<meta property=\"article:publisher\" content=\"https:\/\/www.facebook.com\/informelitoral\/\" \/>\n<meta property=\"article:published_time\" content=\"2015-12-10T15:22:38+00:00\" \/>\n<meta property=\"article:modified_time\" content=\"2015-12-10T15:27:06+00:00\" \/>\n<meta property=\"og:image\" content=\"https:\/\/informelitoral.com.ar\/%77%70%2d%63%6f%6e%74%65%6e%74\/uploads\/2015\/12\/0013907564.jpg\" \/>\n\t<meta property=\"og:image:width\" content=\"770\" \/>\n\t<meta property=\"og:image:height\" content=\"433\" \/>\n\t<meta property=\"og:image:type\" content=\"image\/jpeg\" \/>\n<meta name=\"author\" content=\"Gonzalo Schmidt\" \/>\n<meta name=\"twitter:card\" content=\"summary_large_image\" \/>\n<meta name=\"twitter:creator\" content=\"@InformeLitoral\" \/>\n<meta name=\"twitter:site\" content=\"@InformeLitoral\" \/>\n<meta name=\"twitter:label1\" content=\"Escrito por\" \/>\n\t<meta name=\"twitter:data1\" content=\"Gonzalo Schmidt\" \/>\n\t<meta name=\"twitter:label2\" content=\"Tiempo de lectura\" \/>\n\t<meta name=\"twitter:data2\" content=\"2 minutos\" \/>\n<script type=\"application\/ld+json\" class=\"yoast-schema-graph\">{\"@context\":\"https:\\\/\\\/schema.org\",\"@graph\":[{\"@type\":\"Article\",\"@id\":\"https:\\\/\\\/informelitoral.com.ar\\\/mauricio-macri-nuestras-prioridades-son-pobreza-cero-derrotar-al-narcotrafico-y-unir-a-los-argentinos\\\/#article\",\"isPartOf\":{\"@id\":\"https:\\\/\\\/informelitoral.com.ar\\\/mauricio-macri-nuestras-prioridades-son-pobreza-cero-derrotar-al-narcotrafico-y-unir-a-los-argentinos\\\/\"},\"author\":{\"name\":\"Gonzalo Schmidt\",\"@id\":\"https:\\\/\\\/informelitoral.com.ar\\\/#\\\/schema\\\/person\\\/b9d00407c836482871ef1d57bf8e3180\"},\"headline\":\"Mauricio Macri: \u00abNuestras prioridades son pobreza cero, derrotar al narcotr\u00e1fico y unir a los argentinos\u00bb\",\"datePublished\":\"2015-12-10T15:22:38+00:00\",\"dateModified\":\"2015-12-10T15:27:06+00:00\",\"mainEntityOfPage\":{\"@id\":\"https:\\\/\\\/informelitoral.com.ar\\\/mauricio-macri-nuestras-prioridades-son-pobreza-cero-derrotar-al-narcotrafico-y-unir-a-los-argentinos\\\/\"},\"wordCount\":479,\"commentCount\":0,\"publisher\":{\"@id\":\"https:\\\/\\\/informelitoral.com.ar\\\/#organization\"},\"image\":{\"@id\":\"https:\\\/\\\/informelitoral.com.ar\\\/mauricio-macri-nuestras-prioridades-son-pobreza-cero-derrotar-al-narcotrafico-y-unir-a-los-argentinos\\\/#primaryimage\"},\"thumbnailUrl\":\"http:\\\/\\\/www.isletasnoticias.com.ar\\\/%77%70%2d%63%6f%6e%74%65%6e%74\\\/uploads\\\/2015\\\/12\\\/0013907564.jpg\",\"articleSection\":[\"Nacionales\",\"Politica\"],\"inLanguage\":\"es\",\"potentialAction\":[{\"@type\":\"CommentAction\",\"name\":\"Comment\",\"target\":[\"https:\\\/\\\/informelitoral.com.ar\\\/mauricio-macri-nuestras-prioridades-son-pobreza-cero-derrotar-al-narcotrafico-y-unir-a-los-argentinos\\\/#respond\"]}]},{\"@type\":\"WebPage\",\"@id\":\"https:\\\/\\\/informelitoral.com.ar\\\/mauricio-macri-nuestras-prioridades-son-pobreza-cero-derrotar-al-narcotrafico-y-unir-a-los-argentinos\\\/\",\"url\":\"https:\\\/\\\/informelitoral.com.ar\\\/mauricio-macri-nuestras-prioridades-son-pobreza-cero-derrotar-al-narcotrafico-y-unir-a-los-argentinos\\\/\",\"name\":\"Mauricio Macri: \\\"Nuestras prioridades son pobreza cero, derrotar al narcotr\u00e1fico y unir a los argentinos\\\" - Informe Litoral\",\"isPartOf\":{\"@id\":\"https:\\\/\\\/informelitoral.com.ar\\\/#website\"},\"primaryImageOfPage\":{\"@id\":\"https:\\\/\\\/informelitoral.com.ar\\\/mauricio-macri-nuestras-prioridades-son-pobreza-cero-derrotar-al-narcotrafico-y-unir-a-los-argentinos\\\/#primaryimage\"},\"image\":{\"@id\":\"https:\\\/\\\/informelitoral.com.ar\\\/mauricio-macri-nuestras-prioridades-son-pobreza-cero-derrotar-al-narcotrafico-y-unir-a-los-argentinos\\\/#primaryimage\"},\"thumbnailUrl\":\"http:\\\/\\\/www.isletasnoticias.com.ar\\\/%77%70%2d%63%6f%6e%74%65%6e%74\\\/uploads\\\/2015\\\/12\\\/0013907564.jpg\",\"datePublished\":\"2015-12-10T15:22:38+00:00\",\"dateModified\":\"2015-12-10T15:27:06+00:00\",\"breadcrumb\":{\"@id\":\"https:\\\/\\\/informelitoral.com.ar\\\/mauricio-macri-nuestras-prioridades-son-pobreza-cero-derrotar-al-narcotrafico-y-unir-a-los-argentinos\\\/#breadcrumb\"},\"inLanguage\":\"es\",\"potentialAction\":[{\"@type\":\"ReadAction\",\"target\":[\"https:\\\/\\\/informelitoral.com.ar\\\/mauricio-macri-nuestras-prioridades-son-pobreza-cero-derrotar-al-narcotrafico-y-unir-a-los-argentinos\\\/\"]}]},{\"@type\":\"ImageObject\",\"inLanguage\":\"es\",\"@id\":\"https:\\\/\\\/informelitoral.com.ar\\\/mauricio-macri-nuestras-prioridades-son-pobreza-cero-derrotar-al-narcotrafico-y-unir-a-los-argentinos\\\/#primaryimage\",\"url\":\"http:\\\/\\\/www.isletasnoticias.com.ar\\\/%77%70%2d%63%6f%6e%74%65%6e%74\\\/uploads\\\/2015\\\/12\\\/0013907564.jpg\",\"contentUrl\":\"http:\\\/\\\/www.isletasnoticias.com.ar\\\/%77%70%2d%63%6f%6e%74%65%6e%74\\\/uploads\\\/2015\\\/12\\\/0013907564.jpg\"},{\"@type\":\"BreadcrumbList\",\"@id\":\"https:\\\/\\\/informelitoral.com.ar\\\/mauricio-macri-nuestras-prioridades-son-pobreza-cero-derrotar-al-narcotrafico-y-unir-a-los-argentinos\\\/#breadcrumb\",\"itemListElement\":[{\"@type\":\"ListItem\",\"position\":1,\"name\":\"Portada\",\"item\":\"https:\\\/\\\/informelitoral.com.ar\\\/\"},{\"@type\":\"ListItem\",\"position\":2,\"name\":\"Mauricio Macri: \u00abNuestras prioridades son pobreza cero, derrotar al narcotr\u00e1fico y unir a los argentinos\u00bb\"}]},{\"@type\":\"WebSite\",\"@id\":\"https:\\\/\\\/informelitoral.com.ar\\\/#website\",\"url\":\"https:\\\/\\\/informelitoral.com.ar\\\/\",\"name\":\"Informe Litoral\",\"description\":\"&quot;Nos informamos&quot; \",\"publisher\":{\"@id\":\"https:\\\/\\\/informelitoral.com.ar\\\/#organization\"},\"potentialAction\":[{\"@type\":\"SearchAction\",\"target\":{\"@type\":\"EntryPoint\",\"urlTemplate\":\"https:\\\/\\\/informelitoral.com.ar\\\/?s={search_term_string}\"},\"query-input\":{\"@type\":\"PropertyValueSpecification\",\"valueRequired\":true,\"valueName\":\"search_term_string\"}}],\"inLanguage\":\"es\"},{\"@type\":\"Organization\",\"@id\":\"https:\\\/\\\/informelitoral.com.ar\\\/#organization\",\"name\":\"Informe Litoral\",\"url\":\"https:\\\/\\\/informelitoral.com.ar\\\/\",\"logo\":{\"@type\":\"ImageObject\",\"inLanguage\":\"es\",\"@id\":\"https:\\\/\\\/informelitoral.com.ar\\\/#\\\/schema\\\/logo\\\/image\\\/\",\"url\":\"https:\\\/\\\/informelitoral.com.ar\\\/%77%70%2d%63%6f%6e%74%65%6e%74\\\/uploads\\\/2021\\\/01\\\/circulo.png\",\"contentUrl\":\"https:\\\/\\\/informelitoral.com.ar\\\/%77%70%2d%63%6f%6e%74%65%6e%74\\\/uploads\\\/2021\\\/01\\\/circulo.png\",\"width\":723,\"height\":731,\"caption\":\"Informe Litoral\"},\"image\":{\"@id\":\"https:\\\/\\\/informelitoral.com.ar\\\/#\\\/schema\\\/logo\\\/image\\\/\"},\"sameAs\":[\"https:\\\/\\\/www.facebook.com\\\/informelitoral\\\/\",\"https:\\\/\\\/x.com\\\/InformeLitoral\",\"https:\\\/\\\/www.instagram.com\\\/informelitoral\\\/\",\"https:\\\/\\\/www.youtube.com\\\/channel\\\/UCua4Qvz8Icb6MYqhoq9xLXw\"]},{\"@type\":\"Person\",\"@id\":\"https:\\\/\\\/informelitoral.com.ar\\\/#\\\/schema\\\/person\\\/b9d00407c836482871ef1d57bf8e3180\",\"name\":\"Gonzalo Schmidt\",\"image\":{\"@type\":\"ImageObject\",\"inLanguage\":\"es\",\"@id\":\"https:\\\/\\\/secure.gravatar.com\\\/avatar\\\/31a1a7b66ff2de83bd0e9fd79d026630d2d99e55e8bfe501287647b4fd9743de?s=96&d=mm&r=g\",\"url\":\"https:\\\/\\\/secure.gravatar.com\\\/avatar\\\/31a1a7b66ff2de83bd0e9fd79d026630d2d99e55e8bfe501287647b4fd9743de?s=96&d=mm&r=g\",\"contentUrl\":\"https:\\\/\\\/secure.gravatar.com\\\/avatar\\\/31a1a7b66ff2de83bd0e9fd79d026630d2d99e55e8bfe501287647b4fd9743de?s=96&d=mm&r=g\",\"caption\":\"Gonzalo Schmidt\"},\"description\":\"Sitio web de noticias de la provincia de Entre R\u00edos, Argentina. Informaci\u00f3n y entretenimiento. Informe Litoral, nos informamos.\",\"sameAs\":[\"http:\\\/\\\/www.isletasnoticias.com.ar\"],\"url\":\"https:\\\/\\\/informelitoral.com.ar\\\/author\\\/gonzalo\\\/\"}]}<\/script>","yoast_head_json":{"title":"Mauricio Macri: \"Nuestras prioridades son pobreza cero, derrotar al narcotr\u00e1fico y unir a los argentinos\" - Informe Litoral","robots":{"index":"index","follow":"follow","max-snippet":"max-snippet:-1","max-image-preview":"max-image-preview:large","max-video-preview":"max-video-preview:-1"},"canonical":"https:\/\/informelitoral.com.ar\/mauricio-macri-nuestras-prioridades-son-pobreza-cero-derrotar-al-narcotrafico-y-unir-a-los-argentinos\/","og_locale":"es_ES","og_type":"article","og_title":"Mauricio Macri: \"Nuestras prioridades son pobreza cero, derrotar al narcotr\u00e1fico y unir a los argentinos\" - Informe Litoral","og_description":"El Presidente habl&oacute; ante la Asamblea Legislativa sobre cu&aacute;les ser&aacute;n los lineamientos de su gesti&oacute;n.Luego de jurar como Presidente de la Naci&oacute;n, Mauricio Macri fij&oacute; ante la Asamblea Legislativa cu&aacute;les ser&aacute;n las prioridades de su gesti&oacute;n: &laquo;Pobreza cero, derrotar al narcotr&aacute;fico y unir a los argentinos&raquo;. Sobre estos tres ejes, el mandatario dijo que la [&hellip;]","og_url":"https:\/\/informelitoral.com.ar\/mauricio-macri-nuestras-prioridades-son-pobreza-cero-derrotar-al-narcotrafico-y-unir-a-los-argentinos\/","og_site_name":"Informe Litoral","article_publisher":"https:\/\/www.facebook.com\/informelitoral\/","article_published_time":"2015-12-10T15:22:38+00:00","article_modified_time":"2015-12-10T15:27:06+00:00","og_image":[{"width":770,"height":433,"url":"https:\/\/informelitoral.com.ar\/%77%70%2d%63%6f%6e%74%65%6e%74\/uploads\/2015\/12\/0013907564.jpg","type":"image\/jpeg"}],"author":"Gonzalo Schmidt","twitter_card":"summary_large_image","twitter_creator":"@InformeLitoral","twitter_site":"@InformeLitoral","twitter_misc":{"Escrito por":"Gonzalo Schmidt","Tiempo de lectura":"2 minutos"},"schema":{"@context":"https:\/\/schema.org","@graph":[{"@type":"Article","@id":"https:\/\/informelitoral.com.ar\/mauricio-macri-nuestras-prioridades-son-pobreza-cero-derrotar-al-narcotrafico-y-unir-a-los-argentinos\/#article","isPartOf":{"@id":"https:\/\/informelitoral.com.ar\/mauricio-macri-nuestras-prioridades-son-pobreza-cero-derrotar-al-narcotrafico-y-unir-a-los-argentinos\/"},"author":{"name":"Gonzalo Schmidt","@id":"https:\/\/informelitoral.com.ar\/#\/schema\/person\/b9d00407c836482871ef1d57bf8e3180"},"headline":"Mauricio Macri: \u00abNuestras prioridades son pobreza cero, derrotar al narcotr\u00e1fico y unir a los argentinos\u00bb","datePublished":"2015-12-10T15:22:38+00:00","dateModified":"2015-12-10T15:27:06+00:00","mainEntityOfPage":{"@id":"https:\/\/informelitoral.com.ar\/mauricio-macri-nuestras-prioridades-son-pobreza-cero-derrotar-al-narcotrafico-y-unir-a-los-argentinos\/"},"wordCount":479,"commentCount":0,"publisher":{"@id":"https:\/\/informelitoral.com.ar\/#organization"},"image":{"@id":"https:\/\/informelitoral.com.ar\/mauricio-macri-nuestras-prioridades-son-pobreza-cero-derrotar-al-narcotrafico-y-unir-a-los-argentinos\/#primaryimage"},"thumbnailUrl":"http:\/\/www.isletasnoticias.com.ar\/%77%70%2d%63%6f%6e%74%65%6e%74\/uploads\/2015\/12\/0013907564.jpg","articleSection":["Nacionales","Politica"],"inLanguage":"es","potentialAction":[{"@type":"CommentAction","name":"Comment","target":["https:\/\/informelitoral.com.ar\/mauricio-macri-nuestras-prioridades-son-pobreza-cero-derrotar-al-narcotrafico-y-unir-a-los-argentinos\/#respond"]}]},{"@type":"WebPage","@id":"https:\/\/informelitoral.com.ar\/mauricio-macri-nuestras-prioridades-son-pobreza-cero-derrotar-al-narcotrafico-y-unir-a-los-argentinos\/","url":"https:\/\/informelitoral.com.ar\/mauricio-macri-nuestras-prioridades-son-pobreza-cero-derrotar-al-narcotrafico-y-unir-a-los-argentinos\/","name":"Mauricio Macri: \"Nuestras prioridades son pobreza cero, derrotar al narcotr\u00e1fico y unir a los argentinos\" - Informe Litoral","isPartOf":{"@id":"https:\/\/informelitoral.com.ar\/#website"},"primaryImageOfPage":{"@id":"https:\/\/informelitoral.com.ar\/mauricio-macri-nuestras-prioridades-son-pobreza-cero-derrotar-al-narcotrafico-y-unir-a-los-argentinos\/#primaryimage"},"image":{"@id":"https:\/\/informelitoral.com.ar\/mauricio-macri-nuestras-prioridades-son-pobreza-cero-derrotar-al-narcotrafico-y-unir-a-los-argentinos\/#primaryimage"},"thumbnailUrl":"http:\/\/www.isletasnoticias.com.ar\/%77%70%2d%63%6f%6e%74%65%6e%74\/uploads\/2015\/12\/0013907564.jpg","datePublished":"2015-12-10T15:22:38+00:00","dateModified":"2015-12-10T15:27:06+00:00","breadcrumb":{"@id":"https:\/\/informelitoral.com.ar\/mauricio-macri-nuestras-prioridades-son-pobreza-cero-derrotar-al-narcotrafico-y-unir-a-los-argentinos\/#breadcrumb"},"inLanguage":"es","potentialAction":[{"@type":"ReadAction","target":["https:\/\/informelitoral.com.ar\/mauricio-macri-nuestras-prioridades-son-pobreza-cero-derrotar-al-narcotrafico-y-unir-a-los-argentinos\/"]}]},{"@type":"ImageObject","inLanguage":"es","@id":"https:\/\/informelitoral.com.ar\/mauricio-macri-nuestras-prioridades-son-pobreza-cero-derrotar-al-narcotrafico-y-unir-a-los-argentinos\/#primaryimage","url":"http:\/\/www.isletasnoticias.com.ar\/%77%70%2d%63%6f%6e%74%65%6e%74\/uploads\/2015\/12\/0013907564.jpg","contentUrl":"http:\/\/www.isletasnoticias.com.ar\/%77%70%2d%63%6f%6e%74%65%6e%74\/uploads\/2015\/12\/0013907564.jpg"},{"@type":"BreadcrumbList","@id":"https:\/\/informelitoral.com.ar\/mauricio-macri-nuestras-prioridades-son-pobreza-cero-derrotar-al-narcotrafico-y-unir-a-los-argentinos\/#breadcrumb","itemListElement":[{"@type":"ListItem","position":1,"name":"Portada","item":"https:\/\/informelitoral.com.ar\/"},{"@type":"ListItem","position":2,"name":"Mauricio Macri: \u00abNuestras prioridades son pobreza cero, derrotar al narcotr\u00e1fico y unir a los argentinos\u00bb"}]},{"@type":"WebSite","@id":"https:\/\/informelitoral.com.ar\/#website","url":"https:\/\/informelitoral.com.ar\/","name":"Informe Litoral","description":"&quot;Nos informamos&quot; ","publisher":{"@id":"https:\/\/informelitoral.com.ar\/#organization"},"potentialAction":[{"@type":"SearchAction","target":{"@type":"EntryPoint","urlTemplate":"https:\/\/informelitoral.com.ar\/?s={search_term_string}"},"query-input":{"@type":"PropertyValueSpecification","valueRequired":true,"valueName":"search_term_string"}}],"inLanguage":"es"},{"@type":"Organization","@id":"https:\/\/informelitoral.com.ar\/#organization","name":"Informe Litoral","url":"https:\/\/informelitoral.com.ar\/","logo":{"@type":"ImageObject","inLanguage":"es","@id":"https:\/\/informelitoral.com.ar\/#\/schema\/logo\/image\/","url":"https:\/\/informelitoral.com.ar\/%77%70%2d%63%6f%6e%74%65%6e%74\/uploads\/2021\/01\/circulo.png","contentUrl":"https:\/\/informelitoral.com.ar\/%77%70%2d%63%6f%6e%74%65%6e%74\/uploads\/2021\/01\/circulo.png","width":723,"height":731,"caption":"Informe Litoral"},"image":{"@id":"https:\/\/informelitoral.com.ar\/#\/schema\/logo\/image\/"},"sameAs":["https:\/\/www.facebook.com\/informelitoral\/","https:\/\/x.com\/InformeLitoral","https:\/\/www.instagram.com\/informelitoral\/","https:\/\/www.youtube.com\/channel\/UCua4Qvz8Icb6MYqhoq9xLXw"]},{"@type":"Person","@id":"https:\/\/informelitoral.com.ar\/#\/schema\/person\/b9d00407c836482871ef1d57bf8e3180","name":"Gonzalo Schmidt","image":{"@type":"ImageObject","inLanguage":"es","@id":"https:\/\/secure.gravatar.com\/avatar\/31a1a7b66ff2de83bd0e9fd79d026630d2d99e55e8bfe501287647b4fd9743de?s=96&d=mm&r=g","url":"https:\/\/secure.gravatar.com\/avatar\/31a1a7b66ff2de83bd0e9fd79d026630d2d99e55e8bfe501287647b4fd9743de?s=96&d=mm&r=g","contentUrl":"https:\/\/secure.gravatar.com\/avatar\/31a1a7b66ff2de83bd0e9fd79d026630d2d99e55e8bfe501287647b4fd9743de?s=96&d=mm&r=g","caption":"Gonzalo Schmidt"},"description":"Sitio web de noticias de la provincia de Entre R\u00edos, Argentina. Informaci\u00f3n y entretenimiento. Informe Litoral, nos informamos.","sameAs":["http:\/\/www.isletasnoticias.com.ar"],"url":"https:\/\/informelitoral.com.ar\/author\/gonzalo\/"}]}},"_links":{"self":[{"href":"https:\/\/informelitoral.com.ar\/%77%70%2d%6a%73%6f%6e\/wp\/v2\/posts\/12920","targetHints":{"allow":["GET"]}}],"collection":[{"href":"https:\/\/informelitoral.com.ar\/%77%70%2d%6a%73%6f%6e\/wp\/v2\/posts"}],"about":[{"href":"https:\/\/informelitoral.com.ar\/%77%70%2d%6a%73%6f%6e\/wp\/v2\/types\/post"}],"author":[{"embeddable":true,"href":"https:\/\/informelitoral.com.ar\/%77%70%2d%6a%73%6f%6e\/wp\/v2\/users\/2"}],"replies":[{"embeddable":true,"href":"https:\/\/informelitoral.com.ar\/%77%70%2d%6a%73%6f%6e\/wp\/v2\/comments?post=12920"}],"version-history":[{"count":0,"href":"https:\/\/informelitoral.com.ar\/%77%70%2d%6a%73%6f%6e\/wp\/v2\/posts\/12920\/revisions"}],"wp:attachment":[{"href":"https:\/\/informelitoral.com.ar\/%77%70%2d%6a%73%6f%6e\/wp\/v2\/media?parent=12920"}],"wp:term":[{"taxonomy":"category","embeddable":true,"href":"https:\/\/informelitoral.com.ar\/%77%70%2d%6a%73%6f%6e\/wp\/v2\/categories?post=12920"},{"taxonomy":"post_tag","embeddable":true,"href":"https:\/\/informelitoral.com.ar\/%77%70%2d%6a%73%6f%6e\/wp\/v2\/tags?post=12920"}],"curies":[{"name":"wp","href":"https:\/\/api.w.org\/{rel}","templated":true}]}}