{"id":12913,"date":"2015-12-09T22:39:47","date_gmt":"2015-12-10T01:39:47","guid":{"rendered":"http:\/\/www.isletasnoticias.com.ar\/?p=12913"},"modified":"2015-12-09T22:39:47","modified_gmt":"2015-12-10T01:39:47","slug":"cristina-kirchner-se-despidio-ante-una-multitud-en-plaza-de-mayo-a-las-12-me-convierto-en-calabaza","status":"publish","type":"post","link":"https:\/\/informelitoral.com.ar\/cristina-kirchner-se-despidio-ante-una-multitud-en-plaza-de-mayo-a-las-12-me-convierto-en-calabaza\/","title":{"rendered":"Cristina Kirchner se despidi\u00f3 ante una multitud en Plaza de Mayo: \u00abA las 12 me convierto en calabaza\u00bb"},"content":{"rendered":"<p><strong>En su \u00faltimo acto al frente del Poder Ejecutivo, la Presidente descubri\u00f3 un busto en honor a su esposo en la Casa Rosada. Brind\u00f3 dos discursos con cr\u00edticas a la Justicia y referencias al nuevo Gobierno. Dijo que le hubiera gustado entregar el poder en el Congreso y asegur\u00f3: \u00abPodemos mirar a los ojos todos los argentinos\u00bb.<a href=\"http:\/\/www.isletasnoticias.com.ar\/%77%70%2d%63%6f%6e%74%65%6e%74\/uploads\/2015\/12\/0013903706.jpg\"><img loading=\"lazy\" decoding=\"async\" class=\"aligncenter size-full wp-image-12916\" src=\"http:\/\/www.isletasnoticias.com.ar\/%77%70%2d%63%6f%6e%74%65%6e%74\/uploads\/2015\/12\/0013903706.jpg\" alt=\"0013903706\" width=\"770\" height=\"433\" srcset=\"https:\/\/informelitoral.com.ar\/%77%70%2d%63%6f%6e%74%65%6e%74\/uploads\/2015\/12\/0013903706.jpg 770w, https:\/\/informelitoral.com.ar\/%77%70%2d%63%6f%6e%74%65%6e%74\/uploads\/2015\/12\/0013903706-300x169.jpg 300w\" sizes=\"auto, (max-width: 770px) 100vw, 770px\" \/><\/a><\/strong><\/p>\n<p>El oficialismo colm\u00f3 la Plaza de Mayo y sus alrededores para acompa\u00f1ar a la Presidente en su \u00faltimo acto antes de dejar el poder. El fin de su mandato signific\u00f3 el cierre de un ciclo pol\u00edtico de 12 a\u00f1os, que termin\u00f3 envuelto en una <b>pol\u00e9mica sin precedentes por los detalles de la sucesi\u00f3n<\/b>.<\/p>\n<p>La de este jueves fue la \u00faltima presentaci\u00f3n de Cristina Kirchner en calidad de jefa de Estado, debido a que el jueves <b>no asistir\u00e1 a la ceremonia de traspaso de mando<\/b>. Sobre esa decisi\u00f3n se referir\u00eda en m\u00e1s de una oportunidad a lo largo de la jornada.<\/p>\n<p><b>Javier Grosman<\/b>, director de la Unidad Ejecutora Bicentenario y ejecutor de los grandes eventos del FpV, fue el encargado de coordinar el evento. La puesta en escena abarc\u00f3 el Hall de Honor de la Casa de Gobierno y las inmediaciones del edificio, en donde se mont\u00f3 un escenario de envergadura, acompa\u00f1ado de pantallas y parlantes. Abajo, miles de militantes se dispusieron de manera ordenada para identificar a cada sector por sus banderas y distintivos.<\/p>\n<p><b><u>El busto y el primer adi\u00f3s<a href=\"http:\/\/www.isletasnoticias.com.ar\/%77%70%2d%63%6f%6e%74%65%6e%74\/uploads\/2015\/12\/0013903466.jpg\"><img loading=\"lazy\" decoding=\"async\" class=\"aligncenter size-full wp-image-12914\" src=\"http:\/\/www.isletasnoticias.com.ar\/%77%70%2d%63%6f%6e%74%65%6e%74\/uploads\/2015\/12\/0013903466.jpg\" alt=\"0013903466\" width=\"770\" height=\"433\" srcset=\"https:\/\/informelitoral.com.ar\/%77%70%2d%63%6f%6e%74%65%6e%74\/uploads\/2015\/12\/0013903466.jpg 770w, https:\/\/informelitoral.com.ar\/%77%70%2d%63%6f%6e%74%65%6e%74\/uploads\/2015\/12\/0013903466-300x169.jpg 300w\" sizes=\"auto, (max-width: 770px) 100vw, 770px\" \/><\/a><\/u><\/b><\/p>\n<div id=\"2133516-Grande-981232946_wrap\" class=\"embed_cont type_imagen\"><\/div>\n<div class=\"embed_cont type_imagen\">\n<p>La primera aparici\u00f3n fue a pasadas las 19. Vestida en un traje blanco, similar al que us\u00f3 en su \u00faltima asunci\u00f3n, ingres\u00f3 al <b>Sal\u00f3n de los Bustos presidenciales<\/b> para inaugurar el que se realiz\u00f3 en honor a <b>N\u00e9stor Kirchner<\/b>. Emocionada, con la voz casi quebrada, tuvo palabras de recuerdo sobre su marido y destac\u00f3 logros de su gesti\u00f3n.<\/p>\n<p>El primer discurso se extendi\u00f3 poco m\u00e1s de media hora. All\u00ed se permiti\u00f3 un breve di\u00e1logo con su nieto, <b>N\u00e9stor Iv\u00e1n<\/b>, quien le grit\u00f3 \u00abte amo\u00bb y la oblig\u00f3 a contestar de igual modo. Luego, frente al pleno de su gabinete, gobernadores y legisladores, agradeci\u00f3 el apoyo de los sectores que respaldaron al kirchnerismo.<\/p>\n<p>La jefa de Estado hizo una menci\u00f3n especial para sus funcionarios: <b>\u00abNo es f\u00e1cil sufrir agravios, calumnias e injurias. No es lo mismo ser ministro de un gobierno popular que un gobierno con impunidad medi\u00e1tica\u00bb, <\/b>dispar\u00f3<b>. <\/b>Tambi\u00e9n tuvo una frase particular hacia <b>Daniel Scioli, <\/b>de quien reconoci\u00f3 su \u00abacompa\u00f1amiento\u00bb. El gobernador bonaerense respondi\u00f3 sonriente con un saludo.<\/p>\n<p>Acompa\u00f1ada tambi\u00e9n por su par boliviano, Evo Morales, asegur\u00f3 que una agenda impulsada por sectores de poder del mundo para la regi\u00f3n que se funda en tres supuestos pilares: <b>la hegemon\u00eda medi\u00e1tica, el eje pol\u00edtico y lo que denomin\u00f3 como partido judicial<\/b>. La \u00faltima referencia volver\u00eda a aparecer m\u00e1s tarde, a prop\u00f3sito del fallo de <b>Mar\u00eda Servini de Cubr\u00eda <\/b>que determin\u00f3 que su mandato expiraba a las 23:59 de este mi\u00e9rcoles.<\/p>\n<p><b>\u00abQue Dios ilumine a toda la dirigencia argentina, a los que tendr\u00e1n la responsabilidad de conducir este pa\u00eds, que cuiden a todos los argentinos<\/b>. \u00abTenemos que tener la claridad de poner los intereses del pa\u00eds por delante de todo alineamiento internacional. Los que siempre nos acusaron de ideologizados resulta ser que son los que m\u00e1s cargas y dogma tienen\u00bb, afirm\u00f3.<\/p>\n<p>Con tono de despedida, inst\u00f3 a los dirigentes que estaban en el recinto a continuar: \u00ab<b>La tarea sigue, no hay que confundirse, el lugar natural de un militante no es en el gobierno, sino junto al pueblo<\/b>\u00ab, dijo.<\/p>\n<p><b><u>La \u00faltima palabra<\/u><\/b><\/p>\n<\/div>\n<div class=\"embed_cont type_imagen\"><\/div>\n<div class=\"embed_cont type_imagen\">\n<p>Para cuando termin\u00f3 de hablar en la Casa Rosada, la plaza que por la tarde hab\u00eda recibido columnas de militantes estaba atiborrada de gente. Banderas de La C\u00e1mpora, Unidos y Organizados y el Movimiento Evita, entre otros, decoraban la marea humana que se extend\u00eda hasta el Cabildo. Hab\u00eda c\u00e1nticos, pancartas y fotos alusivas a la liturgia que construy\u00f3 el FpV en los \u00faltimos a\u00f1os.<\/p>\n<p>Cristina Kirchner apareci\u00f3 cuando faltaba un minuto para las 20. La multitud estall\u00f3 en aplausos y gestos de acompa\u00f1amiento. Una vez m\u00e1s curs\u00f3 agradecimientos pero de tanto en tanto fue interrumpida por las aclamaciones.<\/p>\n<p>No hubo que esperar mucho hasta la primera menci\u00f3n de la disputa que mantuvo en los \u00faltimos d\u00edas con el gobierno entrante sobre la ceremonia de traspaso de mando. Y no demor\u00f3 tampoco en cuestionar el fallo de Servini de Cubr\u00eda. \u00ab<b>A las 12 me convierto en calabaza<\/b>\u00ab, ironiz\u00f3 sobre el plazo de vencimiento que estableci\u00f3 la jueza.<\/p>\n<p>\u00ab<b>Me hubiera gustado entregar el poder en el Congreso, entregar los atributos ante la Asamblea Legislativa<\/b>\u00ab, afirm\u00f3, antes de recordar que desde 1989 hasta su primera gesti\u00f3n presidencial se desempe\u00f1\u00f3 como legisladora.<\/p>\n<div id=\"2133515-1755385763_wrap\" class=\"embed_cont type_video\">Cristina Kirchner deposit\u00f3 en la sentencia de la magistrada el hecho de que haya decidido no concurrir este jueves al Congreso. \u00abNo pod\u00eda creer lo escrito en letras de molde, luego de que el pueblo concurri\u00f3 tres veces a las urnas en virtud a lo que dice la Constituci\u00f3n, me cost\u00f3 ver un presidente de una sentencia que nadie hab\u00eda votado.<b> Ser\u00e1 que la pr\u00f3xima vez tendremos que votar presidente previsional en la boleta\u00bb, <\/b>lanz\u00f3. La afirmaci\u00f3n, que alud\u00eda a la titularidad interina que tendr\u00e1 Federico Pinedo hasta la jura de Macri, mereci\u00f3 c\u00e1nticos de quienes asistieron contra el nuevo gobierno.<\/div>\n<\/div>\n<div class=\"embed_cont type_video\"><\/div>\n<div class=\"embed_cont type_video\">\u00abHe visto muchas medidas cautelares, contra la ley de medios, contra los decretos del Poder Ejecutivo, pero <b>en mi vida pens\u00e9 que iba a ver un presidente cautelar en el pa\u00eds<\/b>\u00ab, ahond\u00f3. Y en la misma l\u00ednea denunci\u00f3 que se \u00abviolent\u00f3 la Constituci\u00f3n\u00bb.<\/div>\n<div class=\"embed_cont type_video\"><\/div>\n<div class=\"embed_cont type_video\">\n<p>Adem\u00e1s, observ\u00f3 que <b>\u00abmientras nos enroscamos en la discusi\u00f3n por la banda y el bast\u00f3n nos siguen pasando elefantes por atr\u00e1s\u00bb<\/b>. Sobre ese punto, dijo que ya comenzaron a \u00absurgir los primeros problemas\u00bb y mencion\u00f3 los aumentos de precios que se registraron en las \u00faltimas semanas, a su entender producto de \u00bb declaraciones y acciones\u00bb de la pr\u00f3xima gesti\u00f3n.<\/p>\n<p>Lo que sigui\u00f3 fue relato detallado de las principales pol\u00edticas del kirchnerismo: habl\u00f3 de los derechos humanos; de salarios y paritarias; de la prensa y la libertad de expresi\u00f3n; de educaci\u00f3n y jubilaciones; de la Asignaci\u00f3n Universal por Hijo y Aerol\u00edneas Argentinas.<\/p>\n<p>En el final, mand\u00f3 dos mensajes al nuevo gobierno: \u00abLa autoridad, no el autoritarismo, se construye logrando el respeto y la confianza del pueblo. La confianza de logra de una \u00fanica manera, no hay formulas m\u00e1gicas, no hay alquimias raras, no hay patentes de invenci\u00f3n para construir confianza popular y social.<b> La confianza se construye cuando cada argentino sabe que el que est\u00e1 sentado en el sill\u00f3n de esta casa (Rosada) es el que toma las decisiones y que cuando lo hace, lo hace en beneficios de las grandes mayor\u00edas populares\u00bb.<\/b><\/p>\n<p>Y concluy\u00f3: \u00abDespu\u00e9s de 12 a\u00f1os y medio podemos mirar a los ojos de todos los argentinos. Solo le pido a Dios que quienes nos sucedan por imperio de la voluntad popular <b>dentro de cuatro a\u00f1os puedan frente a una plaza como esta decirle a todos los argentinos que tambi\u00e9n puede mirarlos a los ojos\u00bb. <\/b><em>(Infobae)<\/em><\/p>\n<p><a href=\"http:\/\/www.isletasnoticias.com.ar\/%77%70%2d%63%6f%6e%74%65%6e%74\/uploads\/2015\/12\/0013903642.jpg\"><img loading=\"lazy\" decoding=\"async\" class=\"aligncenter size-full wp-image-12915\" src=\"http:\/\/www.isletasnoticias.com.ar\/%77%70%2d%63%6f%6e%74%65%6e%74\/uploads\/2015\/12\/0013903642.jpg\" alt=\"0013903642\" width=\"770\" height=\"433\" srcset=\"https:\/\/informelitoral.com.ar\/%77%70%2d%63%6f%6e%74%65%6e%74\/uploads\/2015\/12\/0013903642.jpg 770w, https:\/\/informelitoral.com.ar\/%77%70%2d%63%6f%6e%74%65%6e%74\/uploads\/2015\/12\/0013903642-300x169.jpg 300w\" sizes=\"auto, (max-width: 770px) 100vw, 770px\" \/><\/a><\/p>\n<\/div>\n","protected":false},"excerpt":{"rendered":"<p>En su &uacute;ltimo acto al frente del Poder Ejecutivo, la Presidente descubri&oacute; un busto en honor a su esposo en la Casa Rosada. Brind&oacute; dos discursos con cr&iacute;ticas a la Justicia y referencias al nuevo Gobierno. Dijo que le hubiera gustado entregar el poder en el Congreso y asegur&oacute;: &laquo;Podemos mirar a los ojos todos [&hellip;]<\/p>\n","protected":false},"author":2,"featured_media":0,"comment_status":"open","ping_status":"open","sticky":false,"template":"","format":"standard","meta":{"fifu_image_url":"","fifu_image_alt":"","footnotes":""},"categories":[7,16],"tags":[],"class_list":{"0":"post-12913","1":"post","2":"type-post","3":"status-publish","4":"format-standard","6":"category-nacionales","7":"category-politi"},"yoast_head":"<title>Cristina Kirchner se despidi\u00f3 ante una multitud en Plaza de Mayo: &quot;A las 12 me convierto en calabaza&quot; - Informe Litoral<\/title>\n<meta name=\"robots\" content=\"index, follow, max-snippet:-1, max-image-preview:large, max-video-preview:-1\" \/>\n<link rel=\"canonical\" href=\"https:\/\/informelitoral.com.ar\/cristina-kirchner-se-despidio-ante-una-multitud-en-plaza-de-mayo-a-las-12-me-convierto-en-calabaza\/\" \/>\n<meta property=\"og:locale\" content=\"es_ES\" \/>\n<meta property=\"og:type\" content=\"article\" \/>\n<meta property=\"og:title\" content=\"Cristina Kirchner se despidi\u00f3 ante una multitud en Plaza de Mayo: &quot;A las 12 me convierto en calabaza&quot; - Informe Litoral\" \/>\n<meta property=\"og:description\" content=\"En su &uacute;ltimo acto al frente del Poder Ejecutivo, la Presidente descubri&oacute; un busto en honor a su esposo en la Casa Rosada. Brind&oacute; dos discursos con cr&iacute;ticas a la Justicia y referencias al nuevo Gobierno. Dijo que le hubiera gustado entregar el poder en el Congreso y asegur&oacute;: &laquo;Podemos mirar a los ojos todos [&hellip;]\" \/>\n<meta property=\"og:url\" content=\"https:\/\/informelitoral.com.ar\/cristina-kirchner-se-despidio-ante-una-multitud-en-plaza-de-mayo-a-las-12-me-convierto-en-calabaza\/\" \/>\n<meta property=\"og:site_name\" content=\"Informe Litoral\" \/>\n<meta property=\"article:publisher\" content=\"https:\/\/www.facebook.com\/informelitoral\/\" \/>\n<meta property=\"article:published_time\" content=\"2015-12-10T01:39:47+00:00\" \/>\n<meta property=\"og:image\" content=\"https:\/\/informelitoral.com.ar\/%77%70%2d%63%6f%6e%74%65%6e%74\/uploads\/2015\/12\/0013903706.jpg\" \/>\n\t<meta property=\"og:image:width\" content=\"770\" \/>\n\t<meta property=\"og:image:height\" content=\"433\" \/>\n\t<meta property=\"og:image:type\" content=\"image\/jpeg\" \/>\n<meta name=\"author\" content=\"Gonzalo Schmidt\" \/>\n<meta name=\"twitter:card\" content=\"summary_large_image\" \/>\n<meta name=\"twitter:creator\" content=\"@InformeLitoral\" \/>\n<meta name=\"twitter:site\" content=\"@InformeLitoral\" \/>\n<meta name=\"twitter:label1\" content=\"Escrito por\" \/>\n\t<meta name=\"twitter:data1\" content=\"Gonzalo Schmidt\" \/>\n\t<meta name=\"twitter:label2\" content=\"Tiempo de lectura\" \/>\n\t<meta name=\"twitter:data2\" content=\"6 minutos\" \/>\n<script type=\"application\/ld+json\" class=\"yoast-schema-graph\">{\"@context\":\"https:\\\/\\\/schema.org\",\"@graph\":[{\"@type\":\"Article\",\"@id\":\"https:\\\/\\\/informelitoral.com.ar\\\/cristina-kirchner-se-despidio-ante-una-multitud-en-plaza-de-mayo-a-las-12-me-convierto-en-calabaza\\\/#article\",\"isPartOf\":{\"@id\":\"https:\\\/\\\/informelitoral.com.ar\\\/cristina-kirchner-se-despidio-ante-una-multitud-en-plaza-de-mayo-a-las-12-me-convierto-en-calabaza\\\/\"},\"author\":{\"name\":\"Gonzalo Schmidt\",\"@id\":\"https:\\\/\\\/informelitoral.com.ar\\\/#\\\/schema\\\/person\\\/b9d00407c836482871ef1d57bf8e3180\"},\"headline\":\"Cristina Kirchner se despidi\u00f3 ante una multitud en Plaza de Mayo: \u00abA las 12 me convierto en calabaza\u00bb\",\"datePublished\":\"2015-12-10T01:39:47+00:00\",\"mainEntityOfPage\":{\"@id\":\"https:\\\/\\\/informelitoral.com.ar\\\/cristina-kirchner-se-despidio-ante-una-multitud-en-plaza-de-mayo-a-las-12-me-convierto-en-calabaza\\\/\"},\"wordCount\":1250,\"commentCount\":0,\"publisher\":{\"@id\":\"https:\\\/\\\/informelitoral.com.ar\\\/#organization\"},\"image\":{\"@id\":\"https:\\\/\\\/informelitoral.com.ar\\\/cristina-kirchner-se-despidio-ante-una-multitud-en-plaza-de-mayo-a-las-12-me-convierto-en-calabaza\\\/#primaryimage\"},\"thumbnailUrl\":\"http:\\\/\\\/www.isletasnoticias.com.ar\\\/%77%70%2d%63%6f%6e%74%65%6e%74\\\/uploads\\\/2015\\\/12\\\/0013903706.jpg\",\"articleSection\":[\"Nacionales\",\"Politica\"],\"inLanguage\":\"es\",\"potentialAction\":[{\"@type\":\"CommentAction\",\"name\":\"Comment\",\"target\":[\"https:\\\/\\\/informelitoral.com.ar\\\/cristina-kirchner-se-despidio-ante-una-multitud-en-plaza-de-mayo-a-las-12-me-convierto-en-calabaza\\\/#respond\"]}]},{\"@type\":\"WebPage\",\"@id\":\"https:\\\/\\\/informelitoral.com.ar\\\/cristina-kirchner-se-despidio-ante-una-multitud-en-plaza-de-mayo-a-las-12-me-convierto-en-calabaza\\\/\",\"url\":\"https:\\\/\\\/informelitoral.com.ar\\\/cristina-kirchner-se-despidio-ante-una-multitud-en-plaza-de-mayo-a-las-12-me-convierto-en-calabaza\\\/\",\"name\":\"Cristina Kirchner se despidi\u00f3 ante una multitud en Plaza de Mayo: \\\"A las 12 me convierto en calabaza\\\" - Informe Litoral\",\"isPartOf\":{\"@id\":\"https:\\\/\\\/informelitoral.com.ar\\\/#website\"},\"primaryImageOfPage\":{\"@id\":\"https:\\\/\\\/informelitoral.com.ar\\\/cristina-kirchner-se-despidio-ante-una-multitud-en-plaza-de-mayo-a-las-12-me-convierto-en-calabaza\\\/#primaryimage\"},\"image\":{\"@id\":\"https:\\\/\\\/informelitoral.com.ar\\\/cristina-kirchner-se-despidio-ante-una-multitud-en-plaza-de-mayo-a-las-12-me-convierto-en-calabaza\\\/#primaryimage\"},\"thumbnailUrl\":\"http:\\\/\\\/www.isletasnoticias.com.ar\\\/%77%70%2d%63%6f%6e%74%65%6e%74\\\/uploads\\\/2015\\\/12\\\/0013903706.jpg\",\"datePublished\":\"2015-12-10T01:39:47+00:00\",\"breadcrumb\":{\"@id\":\"https:\\\/\\\/informelitoral.com.ar\\\/cristina-kirchner-se-despidio-ante-una-multitud-en-plaza-de-mayo-a-las-12-me-convierto-en-calabaza\\\/#breadcrumb\"},\"inLanguage\":\"es\",\"potentialAction\":[{\"@type\":\"ReadAction\",\"target\":[\"https:\\\/\\\/informelitoral.com.ar\\\/cristina-kirchner-se-despidio-ante-una-multitud-en-plaza-de-mayo-a-las-12-me-convierto-en-calabaza\\\/\"]}]},{\"@type\":\"ImageObject\",\"inLanguage\":\"es\",\"@id\":\"https:\\\/\\\/informelitoral.com.ar\\\/cristina-kirchner-se-despidio-ante-una-multitud-en-plaza-de-mayo-a-las-12-me-convierto-en-calabaza\\\/#primaryimage\",\"url\":\"http:\\\/\\\/www.isletasnoticias.com.ar\\\/%77%70%2d%63%6f%6e%74%65%6e%74\\\/uploads\\\/2015\\\/12\\\/0013903706.jpg\",\"contentUrl\":\"http:\\\/\\\/www.isletasnoticias.com.ar\\\/%77%70%2d%63%6f%6e%74%65%6e%74\\\/uploads\\\/2015\\\/12\\\/0013903706.jpg\"},{\"@type\":\"BreadcrumbList\",\"@id\":\"https:\\\/\\\/informelitoral.com.ar\\\/cristina-kirchner-se-despidio-ante-una-multitud-en-plaza-de-mayo-a-las-12-me-convierto-en-calabaza\\\/#breadcrumb\",\"itemListElement\":[{\"@type\":\"ListItem\",\"position\":1,\"name\":\"Portada\",\"item\":\"https:\\\/\\\/informelitoral.com.ar\\\/\"},{\"@type\":\"ListItem\",\"position\":2,\"name\":\"Cristina Kirchner se despidi\u00f3 ante una multitud en Plaza de Mayo: \u00abA las 12 me convierto en calabaza\u00bb\"}]},{\"@type\":\"WebSite\",\"@id\":\"https:\\\/\\\/informelitoral.com.ar\\\/#website\",\"url\":\"https:\\\/\\\/informelitoral.com.ar\\\/\",\"name\":\"Informe Litoral\",\"description\":\"&quot;Nos informamos&quot; \",\"publisher\":{\"@id\":\"https:\\\/\\\/informelitoral.com.ar\\\/#organization\"},\"potentialAction\":[{\"@type\":\"SearchAction\",\"target\":{\"@type\":\"EntryPoint\",\"urlTemplate\":\"https:\\\/\\\/informelitoral.com.ar\\\/?s={search_term_string}\"},\"query-input\":{\"@type\":\"PropertyValueSpecification\",\"valueRequired\":true,\"valueName\":\"search_term_string\"}}],\"inLanguage\":\"es\"},{\"@type\":\"Organization\",\"@id\":\"https:\\\/\\\/informelitoral.com.ar\\\/#organization\",\"name\":\"Informe Litoral\",\"url\":\"https:\\\/\\\/informelitoral.com.ar\\\/\",\"logo\":{\"@type\":\"ImageObject\",\"inLanguage\":\"es\",\"@id\":\"https:\\\/\\\/informelitoral.com.ar\\\/#\\\/schema\\\/logo\\\/image\\\/\",\"url\":\"https:\\\/\\\/informelitoral.com.ar\\\/%77%70%2d%63%6f%6e%74%65%6e%74\\\/uploads\\\/2021\\\/01\\\/circulo.png\",\"contentUrl\":\"https:\\\/\\\/informelitoral.com.ar\\\/%77%70%2d%63%6f%6e%74%65%6e%74\\\/uploads\\\/2021\\\/01\\\/circulo.png\",\"width\":723,\"height\":731,\"caption\":\"Informe Litoral\"},\"image\":{\"@id\":\"https:\\\/\\\/informelitoral.com.ar\\\/#\\\/schema\\\/logo\\\/image\\\/\"},\"sameAs\":[\"https:\\\/\\\/www.facebook.com\\\/informelitoral\\\/\",\"https:\\\/\\\/x.com\\\/InformeLitoral\",\"https:\\\/\\\/www.instagram.com\\\/informelitoral\\\/\",\"https:\\\/\\\/www.youtube.com\\\/channel\\\/UCua4Qvz8Icb6MYqhoq9xLXw\"]},{\"@type\":\"Person\",\"@id\":\"https:\\\/\\\/informelitoral.com.ar\\\/#\\\/schema\\\/person\\\/b9d00407c836482871ef1d57bf8e3180\",\"name\":\"Gonzalo Schmidt\",\"image\":{\"@type\":\"ImageObject\",\"inLanguage\":\"es\",\"@id\":\"https:\\\/\\\/secure.gravatar.com\\\/avatar\\\/31a1a7b66ff2de83bd0e9fd79d026630d2d99e55e8bfe501287647b4fd9743de?s=96&d=mm&r=g\",\"url\":\"https:\\\/\\\/secure.gravatar.com\\\/avatar\\\/31a1a7b66ff2de83bd0e9fd79d026630d2d99e55e8bfe501287647b4fd9743de?s=96&d=mm&r=g\",\"contentUrl\":\"https:\\\/\\\/secure.gravatar.com\\\/avatar\\\/31a1a7b66ff2de83bd0e9fd79d026630d2d99e55e8bfe501287647b4fd9743de?s=96&d=mm&r=g\",\"caption\":\"Gonzalo Schmidt\"},\"description\":\"Sitio web de noticias de la provincia de Entre R\u00edos, Argentina. Informaci\u00f3n y entretenimiento. Informe Litoral, nos informamos.\",\"sameAs\":[\"http:\\\/\\\/www.isletasnoticias.com.ar\"],\"url\":\"https:\\\/\\\/informelitoral.com.ar\\\/author\\\/gonzalo\\\/\"}]}<\/script>","yoast_head_json":{"title":"Cristina Kirchner se despidi\u00f3 ante una multitud en Plaza de Mayo: \"A las 12 me convierto en calabaza\" - Informe Litoral","robots":{"index":"index","follow":"follow","max-snippet":"max-snippet:-1","max-image-preview":"max-image-preview:large","max-video-preview":"max-video-preview:-1"},"canonical":"https:\/\/informelitoral.com.ar\/cristina-kirchner-se-despidio-ante-una-multitud-en-plaza-de-mayo-a-las-12-me-convierto-en-calabaza\/","og_locale":"es_ES","og_type":"article","og_title":"Cristina Kirchner se despidi\u00f3 ante una multitud en Plaza de Mayo: \"A las 12 me convierto en calabaza\" - Informe Litoral","og_description":"En su &uacute;ltimo acto al frente del Poder Ejecutivo, la Presidente descubri&oacute; un busto en honor a su esposo en la Casa Rosada. Brind&oacute; dos discursos con cr&iacute;ticas a la Justicia y referencias al nuevo Gobierno. Dijo que le hubiera gustado entregar el poder en el Congreso y asegur&oacute;: &laquo;Podemos mirar a los ojos todos [&hellip;]","og_url":"https:\/\/informelitoral.com.ar\/cristina-kirchner-se-despidio-ante-una-multitud-en-plaza-de-mayo-a-las-12-me-convierto-en-calabaza\/","og_site_name":"Informe Litoral","article_publisher":"https:\/\/www.facebook.com\/informelitoral\/","article_published_time":"2015-12-10T01:39:47+00:00","og_image":[{"width":770,"height":433,"url":"https:\/\/informelitoral.com.ar\/%77%70%2d%63%6f%6e%74%65%6e%74\/uploads\/2015\/12\/0013903706.jpg","type":"image\/jpeg"}],"author":"Gonzalo Schmidt","twitter_card":"summary_large_image","twitter_creator":"@InformeLitoral","twitter_site":"@InformeLitoral","twitter_misc":{"Escrito por":"Gonzalo Schmidt","Tiempo de lectura":"6 minutos"},"schema":{"@context":"https:\/\/schema.org","@graph":[{"@type":"Article","@id":"https:\/\/informelitoral.com.ar\/cristina-kirchner-se-despidio-ante-una-multitud-en-plaza-de-mayo-a-las-12-me-convierto-en-calabaza\/#article","isPartOf":{"@id":"https:\/\/informelitoral.com.ar\/cristina-kirchner-se-despidio-ante-una-multitud-en-plaza-de-mayo-a-las-12-me-convierto-en-calabaza\/"},"author":{"name":"Gonzalo Schmidt","@id":"https:\/\/informelitoral.com.ar\/#\/schema\/person\/b9d00407c836482871ef1d57bf8e3180"},"headline":"Cristina Kirchner se despidi\u00f3 ante una multitud en Plaza de Mayo: \u00abA las 12 me convierto en calabaza\u00bb","datePublished":"2015-12-10T01:39:47+00:00","mainEntityOfPage":{"@id":"https:\/\/informelitoral.com.ar\/cristina-kirchner-se-despidio-ante-una-multitud-en-plaza-de-mayo-a-las-12-me-convierto-en-calabaza\/"},"wordCount":1250,"commentCount":0,"publisher":{"@id":"https:\/\/informelitoral.com.ar\/#organization"},"image":{"@id":"https:\/\/informelitoral.com.ar\/cristina-kirchner-se-despidio-ante-una-multitud-en-plaza-de-mayo-a-las-12-me-convierto-en-calabaza\/#primaryimage"},"thumbnailUrl":"http:\/\/www.isletasnoticias.com.ar\/%77%70%2d%63%6f%6e%74%65%6e%74\/uploads\/2015\/12\/0013903706.jpg","articleSection":["Nacionales","Politica"],"inLanguage":"es","potentialAction":[{"@type":"CommentAction","name":"Comment","target":["https:\/\/informelitoral.com.ar\/cristina-kirchner-se-despidio-ante-una-multitud-en-plaza-de-mayo-a-las-12-me-convierto-en-calabaza\/#respond"]}]},{"@type":"WebPage","@id":"https:\/\/informelitoral.com.ar\/cristina-kirchner-se-despidio-ante-una-multitud-en-plaza-de-mayo-a-las-12-me-convierto-en-calabaza\/","url":"https:\/\/informelitoral.com.ar\/cristina-kirchner-se-despidio-ante-una-multitud-en-plaza-de-mayo-a-las-12-me-convierto-en-calabaza\/","name":"Cristina Kirchner se despidi\u00f3 ante una multitud en Plaza de Mayo: \"A las 12 me convierto en calabaza\" - Informe Litoral","isPartOf":{"@id":"https:\/\/informelitoral.com.ar\/#website"},"primaryImageOfPage":{"@id":"https:\/\/informelitoral.com.ar\/cristina-kirchner-se-despidio-ante-una-multitud-en-plaza-de-mayo-a-las-12-me-convierto-en-calabaza\/#primaryimage"},"image":{"@id":"https:\/\/informelitoral.com.ar\/cristina-kirchner-se-despidio-ante-una-multitud-en-plaza-de-mayo-a-las-12-me-convierto-en-calabaza\/#primaryimage"},"thumbnailUrl":"http:\/\/www.isletasnoticias.com.ar\/%77%70%2d%63%6f%6e%74%65%6e%74\/uploads\/2015\/12\/0013903706.jpg","datePublished":"2015-12-10T01:39:47+00:00","breadcrumb":{"@id":"https:\/\/informelitoral.com.ar\/cristina-kirchner-se-despidio-ante-una-multitud-en-plaza-de-mayo-a-las-12-me-convierto-en-calabaza\/#breadcrumb"},"inLanguage":"es","potentialAction":[{"@type":"ReadAction","target":["https:\/\/informelitoral.com.ar\/cristina-kirchner-se-despidio-ante-una-multitud-en-plaza-de-mayo-a-las-12-me-convierto-en-calabaza\/"]}]},{"@type":"ImageObject","inLanguage":"es","@id":"https:\/\/informelitoral.com.ar\/cristina-kirchner-se-despidio-ante-una-multitud-en-plaza-de-mayo-a-las-12-me-convierto-en-calabaza\/#primaryimage","url":"http:\/\/www.isletasnoticias.com.ar\/%77%70%2d%63%6f%6e%74%65%6e%74\/uploads\/2015\/12\/0013903706.jpg","contentUrl":"http:\/\/www.isletasnoticias.com.ar\/%77%70%2d%63%6f%6e%74%65%6e%74\/uploads\/2015\/12\/0013903706.jpg"},{"@type":"BreadcrumbList","@id":"https:\/\/informelitoral.com.ar\/cristina-kirchner-se-despidio-ante-una-multitud-en-plaza-de-mayo-a-las-12-me-convierto-en-calabaza\/#breadcrumb","itemListElement":[{"@type":"ListItem","position":1,"name":"Portada","item":"https:\/\/informelitoral.com.ar\/"},{"@type":"ListItem","position":2,"name":"Cristina Kirchner se despidi\u00f3 ante una multitud en Plaza de Mayo: \u00abA las 12 me convierto en calabaza\u00bb"}]},{"@type":"WebSite","@id":"https:\/\/informelitoral.com.ar\/#website","url":"https:\/\/informelitoral.com.ar\/","name":"Informe Litoral","description":"&quot;Nos informamos&quot; ","publisher":{"@id":"https:\/\/informelitoral.com.ar\/#organization"},"potentialAction":[{"@type":"SearchAction","target":{"@type":"EntryPoint","urlTemplate":"https:\/\/informelitoral.com.ar\/?s={search_term_string}"},"query-input":{"@type":"PropertyValueSpecification","valueRequired":true,"valueName":"search_term_string"}}],"inLanguage":"es"},{"@type":"Organization","@id":"https:\/\/informelitoral.com.ar\/#organization","name":"Informe Litoral","url":"https:\/\/informelitoral.com.ar\/","logo":{"@type":"ImageObject","inLanguage":"es","@id":"https:\/\/informelitoral.com.ar\/#\/schema\/logo\/image\/","url":"https:\/\/informelitoral.com.ar\/%77%70%2d%63%6f%6e%74%65%6e%74\/uploads\/2021\/01\/circulo.png","contentUrl":"https:\/\/informelitoral.com.ar\/%77%70%2d%63%6f%6e%74%65%6e%74\/uploads\/2021\/01\/circulo.png","width":723,"height":731,"caption":"Informe Litoral"},"image":{"@id":"https:\/\/informelitoral.com.ar\/#\/schema\/logo\/image\/"},"sameAs":["https:\/\/www.facebook.com\/informelitoral\/","https:\/\/x.com\/InformeLitoral","https:\/\/www.instagram.com\/informelitoral\/","https:\/\/www.youtube.com\/channel\/UCua4Qvz8Icb6MYqhoq9xLXw"]},{"@type":"Person","@id":"https:\/\/informelitoral.com.ar\/#\/schema\/person\/b9d00407c836482871ef1d57bf8e3180","name":"Gonzalo Schmidt","image":{"@type":"ImageObject","inLanguage":"es","@id":"https:\/\/secure.gravatar.com\/avatar\/31a1a7b66ff2de83bd0e9fd79d026630d2d99e55e8bfe501287647b4fd9743de?s=96&d=mm&r=g","url":"https:\/\/secure.gravatar.com\/avatar\/31a1a7b66ff2de83bd0e9fd79d026630d2d99e55e8bfe501287647b4fd9743de?s=96&d=mm&r=g","contentUrl":"https:\/\/secure.gravatar.com\/avatar\/31a1a7b66ff2de83bd0e9fd79d026630d2d99e55e8bfe501287647b4fd9743de?s=96&d=mm&r=g","caption":"Gonzalo Schmidt"},"description":"Sitio web de noticias de la provincia de Entre R\u00edos, Argentina. Informaci\u00f3n y entretenimiento. Informe Litoral, nos informamos.","sameAs":["http:\/\/www.isletasnoticias.com.ar"],"url":"https:\/\/informelitoral.com.ar\/author\/gonzalo\/"}]}},"_links":{"self":[{"href":"https:\/\/informelitoral.com.ar\/%77%70%2d%6a%73%6f%6e\/wp\/v2\/posts\/12913","targetHints":{"allow":["GET"]}}],"collection":[{"href":"https:\/\/informelitoral.com.ar\/%77%70%2d%6a%73%6f%6e\/wp\/v2\/posts"}],"about":[{"href":"https:\/\/informelitoral.com.ar\/%77%70%2d%6a%73%6f%6e\/wp\/v2\/types\/post"}],"author":[{"embeddable":true,"href":"https:\/\/informelitoral.com.ar\/%77%70%2d%6a%73%6f%6e\/wp\/v2\/users\/2"}],"replies":[{"embeddable":true,"href":"https:\/\/informelitoral.com.ar\/%77%70%2d%6a%73%6f%6e\/wp\/v2\/comments?post=12913"}],"version-history":[{"count":0,"href":"https:\/\/informelitoral.com.ar\/%77%70%2d%6a%73%6f%6e\/wp\/v2\/posts\/12913\/revisions"}],"wp:attachment":[{"href":"https:\/\/informelitoral.com.ar\/%77%70%2d%6a%73%6f%6e\/wp\/v2\/media?parent=12913"}],"wp:term":[{"taxonomy":"category","embeddable":true,"href":"https:\/\/informelitoral.com.ar\/%77%70%2d%6a%73%6f%6e\/wp\/v2\/categories?post=12913"},{"taxonomy":"post_tag","embeddable":true,"href":"https:\/\/informelitoral.com.ar\/%77%70%2d%6a%73%6f%6e\/wp\/v2\/tags?post=12913"}],"curies":[{"name":"wp","href":"https:\/\/api.w.org\/{rel}","templated":true}]}}