{"id":12901,"date":"2015-12-09T08:48:18","date_gmt":"2015-12-09T11:48:18","guid":{"rendered":"http:\/\/www.isletasnoticias.com.ar\/?p=12901"},"modified":"2015-12-09T08:48:18","modified_gmt":"2015-12-09T11:48:18","slug":"estiman-que-para-navidad-el-kilo-de-asado-costara-hasta-130","status":"publish","type":"post","link":"https:\/\/informelitoral.com.ar\/estiman-que-para-navidad-el-kilo-de-asado-costara-hasta-130\/","title":{"rendered":"Estiman que para Navidad, el kilo de asado costar\u00e1 hasta $ 130"},"content":{"rendered":"<p><strong>\u00abEl primer motivo es que hay una oferta menor, porque el productor decidi\u00f3 quedarse con las hembras para convertirlas en madres. Adem\u00e1s, es habitual la suba de precios en diciembre\u00bb, afirm\u00f3 Miguel Schiaritti, presidente de CICCRA.<a href=\"http:\/\/www.isletasnoticias.com.ar\/%77%70%2d%63%6f%6e%74%65%6e%74\/uploads\/2015\/12\/1ADD2C6FD.jpg\"><img loading=\"lazy\" decoding=\"async\" class=\"aligncenter size-full wp-image-12902\" src=\"http:\/\/www.isletasnoticias.com.ar\/%77%70%2d%63%6f%6e%74%65%6e%74\/uploads\/2015\/12\/1ADD2C6FD.jpg\" alt=\"1ADD2C6FD\" width=\"1400\" height=\"1050\" srcset=\"https:\/\/informelitoral.com.ar\/%77%70%2d%63%6f%6e%74%65%6e%74\/uploads\/2015\/12\/1ADD2C6FD.jpg 1400w, https:\/\/informelitoral.com.ar\/%77%70%2d%63%6f%6e%74%65%6e%74\/uploads\/2015\/12\/1ADD2C6FD-300x225.jpg 300w, https:\/\/informelitoral.com.ar\/%77%70%2d%63%6f%6e%74%65%6e%74\/uploads\/2015\/12\/1ADD2C6FD-1024x768.jpg 1024w\" sizes=\"auto, (max-width: 1400px) 100vw, 1400px\" \/><\/a><\/strong><\/p>\n<div class=\"arial t13 c5 h150\">El presidente de la C\u00e1mara de la Industria de Carnes (CICCRA), <strong>Miguel Schiariti<\/strong>, admiti\u00f3 hoy que el sector impuso una suba promedio de \u00ab20 a 30 por ciento\u00bb en los productos, y al explicar las causas de los aumentos, mencion\u00f3 entre ellas a las \u00abinundaciones en la provincia de Buenos Aires\u00bb.<\/p>\n<p>Adem\u00e1s, estim\u00f3 que para Navidad el kilo de asado va a estar entre \u00ab100 a 130 pesos, dependiendo del lugar en el que se compre\u00bb.<\/p>\n<p>\u00abFaltan 350 mil terneros que no nacieron por las inundaciones\u00bb, puntualiz\u00f3 el directivo, en relaci\u00f3n a las lluvias que azotaron al mayor distrito del pa\u00eds y que hab\u00edan terminado en pol\u00e9mica porque en medio de los anegamientos el gobernador Daniel Scioli hab\u00eda emprendido un viaje personal a Italia. El aumento promedio ha sido \u00abde 20 a 30 por ciento en los \u00faltimos d\u00edas, aument\u00f3 mucho\u00bb, admiti\u00f3 Schiariti ante Radio del Plata, seg\u00fan reprodujo Campo en Acci\u00f3n.<\/p>\n<p>\u00abEl primer motivo es que hay una oferta menor, porque el productor decidi\u00f3 quedarse con las hembras para convertirlas en madres. Adem\u00e1s, es habitual la suba de precios en diciembre. Suben todos los precios, no s\u00f3lo de la carne, ac\u00e1 se nota m\u00e1s porque se suman dos consecuencias, mejores expectativas y fin de a\u00f1o\u00bb, consider\u00f3 el titular de la CICCRA.<\/p>\n<p>Para el directivo, se suma una tercera causa, que son \u00ablas inundaciones. Faltan 350 mil terneros que no nacieron por las inundaciones. Esto genera que no haya carne suficiente\u00bb. Consultado sobre el consumo promedio de carne por habitante al a\u00f1o, lo estableci\u00f3 en \u00ab60 kilos. M\u00e1s que hace dos a\u00f1os, pero menos que hace cinco a\u00f1os\u00bb.<\/p><\/div>\n","protected":false},"excerpt":{"rendered":"<p>&laquo;El primer motivo es que hay una oferta menor, porque el productor decidi&oacute; quedarse con las hembras para convertirlas en madres. Adem&aacute;s, es habitual la suba de precios en diciembre&raquo;, afirm&oacute; Miguel Schiaritti, presidente de CICCRA. El presidente de la C&aacute;mara de la Industria de Carnes (CICCRA), Miguel Schiariti, admiti&oacute; hoy que el sector impuso [&hellip;]<\/p>\n","protected":false},"author":2,"featured_media":0,"comment_status":"open","ping_status":"open","sticky":false,"template":"","format":"standard","meta":{"fifu_image_url":"","fifu_image_alt":"","footnotes":""},"categories":[10,7],"tags":[],"class_list":{"0":"post-12901","1":"post","2":"type-post","3":"status-publish","4":"format-standard","6":"category-campo","7":"category-nacionales"},"yoast_head":"<title>Estiman que para Navidad, el kilo de asado costar\u00e1 hasta $ 130 - Informe Litoral<\/title>\n<meta name=\"robots\" content=\"index, follow, max-snippet:-1, max-image-preview:large, max-video-preview:-1\" \/>\n<link rel=\"canonical\" href=\"https:\/\/informelitoral.com.ar\/estiman-que-para-navidad-el-kilo-de-asado-costara-hasta-130\/\" \/>\n<meta property=\"og:locale\" content=\"es_ES\" \/>\n<meta property=\"og:type\" content=\"article\" \/>\n<meta property=\"og:title\" content=\"Estiman que para Navidad, el kilo de asado costar\u00e1 hasta $ 130 - Informe Litoral\" \/>\n<meta property=\"og:description\" content=\"&laquo;El primer motivo es que hay una oferta menor, porque el productor decidi&oacute; quedarse con las hembras para convertirlas en madres. Adem&aacute;s, es habitual la suba de precios en diciembre&raquo;, afirm&oacute; Miguel Schiaritti, presidente de CICCRA. El presidente de la C&aacute;mara de la Industria de Carnes (CICCRA), Miguel Schiariti, admiti&oacute; hoy que el sector impuso [&hellip;]\" \/>\n<meta property=\"og:url\" content=\"https:\/\/informelitoral.com.ar\/estiman-que-para-navidad-el-kilo-de-asado-costara-hasta-130\/\" \/>\n<meta property=\"og:site_name\" content=\"Informe Litoral\" \/>\n<meta property=\"article:publisher\" content=\"https:\/\/www.facebook.com\/informelitoral\/\" \/>\n<meta property=\"article:published_time\" content=\"2015-12-09T11:48:18+00:00\" \/>\n<meta property=\"og:image\" content=\"https:\/\/informelitoral.com.ar\/%77%70%2d%63%6f%6e%74%65%6e%74\/uploads\/2015\/12\/1ADD2C6FD.jpg\" \/>\n\t<meta property=\"og:image:width\" content=\"1400\" \/>\n\t<meta property=\"og:image:height\" content=\"1050\" \/>\n\t<meta property=\"og:image:type\" content=\"image\/jpeg\" \/>\n<meta name=\"author\" content=\"Gonzalo Schmidt\" \/>\n<meta name=\"twitter:card\" content=\"summary_large_image\" \/>\n<meta name=\"twitter:creator\" content=\"@InformeLitoral\" \/>\n<meta name=\"twitter:site\" content=\"@InformeLitoral\" \/>\n<meta name=\"twitter:label1\" content=\"Escrito por\" \/>\n\t<meta name=\"twitter:data1\" content=\"Gonzalo Schmidt\" \/>\n\t<meta name=\"twitter:label2\" content=\"Tiempo de lectura\" \/>\n\t<meta name=\"twitter:data2\" content=\"2 minutos\" \/>\n<script type=\"application\/ld+json\" class=\"yoast-schema-graph\">{\"@context\":\"https:\\\/\\\/schema.org\",\"@graph\":[{\"@type\":\"Article\",\"@id\":\"https:\\\/\\\/informelitoral.com.ar\\\/estiman-que-para-navidad-el-kilo-de-asado-costara-hasta-130\\\/#article\",\"isPartOf\":{\"@id\":\"https:\\\/\\\/informelitoral.com.ar\\\/estiman-que-para-navidad-el-kilo-de-asado-costara-hasta-130\\\/\"},\"author\":{\"name\":\"Gonzalo Schmidt\",\"@id\":\"https:\\\/\\\/informelitoral.com.ar\\\/#\\\/schema\\\/person\\\/b9d00407c836482871ef1d57bf8e3180\"},\"headline\":\"Estiman que para Navidad, el kilo de asado costar\u00e1 hasta $ 130\",\"datePublished\":\"2015-12-09T11:48:18+00:00\",\"mainEntityOfPage\":{\"@id\":\"https:\\\/\\\/informelitoral.com.ar\\\/estiman-que-para-navidad-el-kilo-de-asado-costara-hasta-130\\\/\"},\"wordCount\":324,\"commentCount\":0,\"publisher\":{\"@id\":\"https:\\\/\\\/informelitoral.com.ar\\\/#organization\"},\"image\":{\"@id\":\"https:\\\/\\\/informelitoral.com.ar\\\/estiman-que-para-navidad-el-kilo-de-asado-costara-hasta-130\\\/#primaryimage\"},\"thumbnailUrl\":\"http:\\\/\\\/www.isletasnoticias.com.ar\\\/%77%70%2d%63%6f%6e%74%65%6e%74\\\/uploads\\\/2015\\\/12\\\/1ADD2C6FD.jpg\",\"articleSection\":[\"Campo\",\"Nacionales\"],\"inLanguage\":\"es\",\"potentialAction\":[{\"@type\":\"CommentAction\",\"name\":\"Comment\",\"target\":[\"https:\\\/\\\/informelitoral.com.ar\\\/estiman-que-para-navidad-el-kilo-de-asado-costara-hasta-130\\\/#respond\"]}]},{\"@type\":\"WebPage\",\"@id\":\"https:\\\/\\\/informelitoral.com.ar\\\/estiman-que-para-navidad-el-kilo-de-asado-costara-hasta-130\\\/\",\"url\":\"https:\\\/\\\/informelitoral.com.ar\\\/estiman-que-para-navidad-el-kilo-de-asado-costara-hasta-130\\\/\",\"name\":\"Estiman que para Navidad, el kilo de asado costar\u00e1 hasta $ 130 - Informe Litoral\",\"isPartOf\":{\"@id\":\"https:\\\/\\\/informelitoral.com.ar\\\/#website\"},\"primaryImageOfPage\":{\"@id\":\"https:\\\/\\\/informelitoral.com.ar\\\/estiman-que-para-navidad-el-kilo-de-asado-costara-hasta-130\\\/#primaryimage\"},\"image\":{\"@id\":\"https:\\\/\\\/informelitoral.com.ar\\\/estiman-que-para-navidad-el-kilo-de-asado-costara-hasta-130\\\/#primaryimage\"},\"thumbnailUrl\":\"http:\\\/\\\/www.isletasnoticias.com.ar\\\/%77%70%2d%63%6f%6e%74%65%6e%74\\\/uploads\\\/2015\\\/12\\\/1ADD2C6FD.jpg\",\"datePublished\":\"2015-12-09T11:48:18+00:00\",\"breadcrumb\":{\"@id\":\"https:\\\/\\\/informelitoral.com.ar\\\/estiman-que-para-navidad-el-kilo-de-asado-costara-hasta-130\\\/#breadcrumb\"},\"inLanguage\":\"es\",\"potentialAction\":[{\"@type\":\"ReadAction\",\"target\":[\"https:\\\/\\\/informelitoral.com.ar\\\/estiman-que-para-navidad-el-kilo-de-asado-costara-hasta-130\\\/\"]}]},{\"@type\":\"ImageObject\",\"inLanguage\":\"es\",\"@id\":\"https:\\\/\\\/informelitoral.com.ar\\\/estiman-que-para-navidad-el-kilo-de-asado-costara-hasta-130\\\/#primaryimage\",\"url\":\"http:\\\/\\\/www.isletasnoticias.com.ar\\\/%77%70%2d%63%6f%6e%74%65%6e%74\\\/uploads\\\/2015\\\/12\\\/1ADD2C6FD.jpg\",\"contentUrl\":\"http:\\\/\\\/www.isletasnoticias.com.ar\\\/%77%70%2d%63%6f%6e%74%65%6e%74\\\/uploads\\\/2015\\\/12\\\/1ADD2C6FD.jpg\"},{\"@type\":\"BreadcrumbList\",\"@id\":\"https:\\\/\\\/informelitoral.com.ar\\\/estiman-que-para-navidad-el-kilo-de-asado-costara-hasta-130\\\/#breadcrumb\",\"itemListElement\":[{\"@type\":\"ListItem\",\"position\":1,\"name\":\"Portada\",\"item\":\"https:\\\/\\\/informelitoral.com.ar\\\/\"},{\"@type\":\"ListItem\",\"position\":2,\"name\":\"Estiman que para Navidad, el kilo de asado costar\u00e1 hasta $ 130\"}]},{\"@type\":\"WebSite\",\"@id\":\"https:\\\/\\\/informelitoral.com.ar\\\/#website\",\"url\":\"https:\\\/\\\/informelitoral.com.ar\\\/\",\"name\":\"Informe Litoral\",\"description\":\"&quot;Nos informamos&quot; \",\"publisher\":{\"@id\":\"https:\\\/\\\/informelitoral.com.ar\\\/#organization\"},\"potentialAction\":[{\"@type\":\"SearchAction\",\"target\":{\"@type\":\"EntryPoint\",\"urlTemplate\":\"https:\\\/\\\/informelitoral.com.ar\\\/?s={search_term_string}\"},\"query-input\":{\"@type\":\"PropertyValueSpecification\",\"valueRequired\":true,\"valueName\":\"search_term_string\"}}],\"inLanguage\":\"es\"},{\"@type\":\"Organization\",\"@id\":\"https:\\\/\\\/informelitoral.com.ar\\\/#organization\",\"name\":\"Informe Litoral\",\"url\":\"https:\\\/\\\/informelitoral.com.ar\\\/\",\"logo\":{\"@type\":\"ImageObject\",\"inLanguage\":\"es\",\"@id\":\"https:\\\/\\\/informelitoral.com.ar\\\/#\\\/schema\\\/logo\\\/image\\\/\",\"url\":\"https:\\\/\\\/informelitoral.com.ar\\\/%77%70%2d%63%6f%6e%74%65%6e%74\\\/uploads\\\/2021\\\/01\\\/circulo.png\",\"contentUrl\":\"https:\\\/\\\/informelitoral.com.ar\\\/%77%70%2d%63%6f%6e%74%65%6e%74\\\/uploads\\\/2021\\\/01\\\/circulo.png\",\"width\":723,\"height\":731,\"caption\":\"Informe Litoral\"},\"image\":{\"@id\":\"https:\\\/\\\/informelitoral.com.ar\\\/#\\\/schema\\\/logo\\\/image\\\/\"},\"sameAs\":[\"https:\\\/\\\/www.facebook.com\\\/informelitoral\\\/\",\"https:\\\/\\\/x.com\\\/InformeLitoral\",\"https:\\\/\\\/www.instagram.com\\\/informelitoral\\\/\",\"https:\\\/\\\/www.youtube.com\\\/channel\\\/UCua4Qvz8Icb6MYqhoq9xLXw\"]},{\"@type\":\"Person\",\"@id\":\"https:\\\/\\\/informelitoral.com.ar\\\/#\\\/schema\\\/person\\\/b9d00407c836482871ef1d57bf8e3180\",\"name\":\"Gonzalo Schmidt\",\"image\":{\"@type\":\"ImageObject\",\"inLanguage\":\"es\",\"@id\":\"https:\\\/\\\/secure.gravatar.com\\\/avatar\\\/31a1a7b66ff2de83bd0e9fd79d026630d2d99e55e8bfe501287647b4fd9743de?s=96&d=mm&r=g\",\"url\":\"https:\\\/\\\/secure.gravatar.com\\\/avatar\\\/31a1a7b66ff2de83bd0e9fd79d026630d2d99e55e8bfe501287647b4fd9743de?s=96&d=mm&r=g\",\"contentUrl\":\"https:\\\/\\\/secure.gravatar.com\\\/avatar\\\/31a1a7b66ff2de83bd0e9fd79d026630d2d99e55e8bfe501287647b4fd9743de?s=96&d=mm&r=g\",\"caption\":\"Gonzalo Schmidt\"},\"description\":\"Sitio web de noticias de la provincia de Entre R\u00edos, Argentina. Informaci\u00f3n y entretenimiento. Informe Litoral, nos informamos.\",\"sameAs\":[\"http:\\\/\\\/www.isletasnoticias.com.ar\"],\"url\":\"https:\\\/\\\/informelitoral.com.ar\\\/author\\\/gonzalo\\\/\"}]}<\/script>","yoast_head_json":{"title":"Estiman que para Navidad, el kilo de asado costar\u00e1 hasta $ 130 - Informe Litoral","robots":{"index":"index","follow":"follow","max-snippet":"max-snippet:-1","max-image-preview":"max-image-preview:large","max-video-preview":"max-video-preview:-1"},"canonical":"https:\/\/informelitoral.com.ar\/estiman-que-para-navidad-el-kilo-de-asado-costara-hasta-130\/","og_locale":"es_ES","og_type":"article","og_title":"Estiman que para Navidad, el kilo de asado costar\u00e1 hasta $ 130 - Informe Litoral","og_description":"&laquo;El primer motivo es que hay una oferta menor, porque el productor decidi&oacute; quedarse con las hembras para convertirlas en madres. Adem&aacute;s, es habitual la suba de precios en diciembre&raquo;, afirm&oacute; Miguel Schiaritti, presidente de CICCRA. El presidente de la C&aacute;mara de la Industria de Carnes (CICCRA), Miguel Schiariti, admiti&oacute; hoy que el sector impuso [&hellip;]","og_url":"https:\/\/informelitoral.com.ar\/estiman-que-para-navidad-el-kilo-de-asado-costara-hasta-130\/","og_site_name":"Informe Litoral","article_publisher":"https:\/\/www.facebook.com\/informelitoral\/","article_published_time":"2015-12-09T11:48:18+00:00","og_image":[{"width":1400,"height":1050,"url":"https:\/\/informelitoral.com.ar\/%77%70%2d%63%6f%6e%74%65%6e%74\/uploads\/2015\/12\/1ADD2C6FD.jpg","type":"image\/jpeg"}],"author":"Gonzalo Schmidt","twitter_card":"summary_large_image","twitter_creator":"@InformeLitoral","twitter_site":"@InformeLitoral","twitter_misc":{"Escrito por":"Gonzalo Schmidt","Tiempo de lectura":"2 minutos"},"schema":{"@context":"https:\/\/schema.org","@graph":[{"@type":"Article","@id":"https:\/\/informelitoral.com.ar\/estiman-que-para-navidad-el-kilo-de-asado-costara-hasta-130\/#article","isPartOf":{"@id":"https:\/\/informelitoral.com.ar\/estiman-que-para-navidad-el-kilo-de-asado-costara-hasta-130\/"},"author":{"name":"Gonzalo Schmidt","@id":"https:\/\/informelitoral.com.ar\/#\/schema\/person\/b9d00407c836482871ef1d57bf8e3180"},"headline":"Estiman que para Navidad, el kilo de asado costar\u00e1 hasta $ 130","datePublished":"2015-12-09T11:48:18+00:00","mainEntityOfPage":{"@id":"https:\/\/informelitoral.com.ar\/estiman-que-para-navidad-el-kilo-de-asado-costara-hasta-130\/"},"wordCount":324,"commentCount":0,"publisher":{"@id":"https:\/\/informelitoral.com.ar\/#organization"},"image":{"@id":"https:\/\/informelitoral.com.ar\/estiman-que-para-navidad-el-kilo-de-asado-costara-hasta-130\/#primaryimage"},"thumbnailUrl":"http:\/\/www.isletasnoticias.com.ar\/%77%70%2d%63%6f%6e%74%65%6e%74\/uploads\/2015\/12\/1ADD2C6FD.jpg","articleSection":["Campo","Nacionales"],"inLanguage":"es","potentialAction":[{"@type":"CommentAction","name":"Comment","target":["https:\/\/informelitoral.com.ar\/estiman-que-para-navidad-el-kilo-de-asado-costara-hasta-130\/#respond"]}]},{"@type":"WebPage","@id":"https:\/\/informelitoral.com.ar\/estiman-que-para-navidad-el-kilo-de-asado-costara-hasta-130\/","url":"https:\/\/informelitoral.com.ar\/estiman-que-para-navidad-el-kilo-de-asado-costara-hasta-130\/","name":"Estiman que para Navidad, el kilo de asado costar\u00e1 hasta $ 130 - Informe Litoral","isPartOf":{"@id":"https:\/\/informelitoral.com.ar\/#website"},"primaryImageOfPage":{"@id":"https:\/\/informelitoral.com.ar\/estiman-que-para-navidad-el-kilo-de-asado-costara-hasta-130\/#primaryimage"},"image":{"@id":"https:\/\/informelitoral.com.ar\/estiman-que-para-navidad-el-kilo-de-asado-costara-hasta-130\/#primaryimage"},"thumbnailUrl":"http:\/\/www.isletasnoticias.com.ar\/%77%70%2d%63%6f%6e%74%65%6e%74\/uploads\/2015\/12\/1ADD2C6FD.jpg","datePublished":"2015-12-09T11:48:18+00:00","breadcrumb":{"@id":"https:\/\/informelitoral.com.ar\/estiman-que-para-navidad-el-kilo-de-asado-costara-hasta-130\/#breadcrumb"},"inLanguage":"es","potentialAction":[{"@type":"ReadAction","target":["https:\/\/informelitoral.com.ar\/estiman-que-para-navidad-el-kilo-de-asado-costara-hasta-130\/"]}]},{"@type":"ImageObject","inLanguage":"es","@id":"https:\/\/informelitoral.com.ar\/estiman-que-para-navidad-el-kilo-de-asado-costara-hasta-130\/#primaryimage","url":"http:\/\/www.isletasnoticias.com.ar\/%77%70%2d%63%6f%6e%74%65%6e%74\/uploads\/2015\/12\/1ADD2C6FD.jpg","contentUrl":"http:\/\/www.isletasnoticias.com.ar\/%77%70%2d%63%6f%6e%74%65%6e%74\/uploads\/2015\/12\/1ADD2C6FD.jpg"},{"@type":"BreadcrumbList","@id":"https:\/\/informelitoral.com.ar\/estiman-que-para-navidad-el-kilo-de-asado-costara-hasta-130\/#breadcrumb","itemListElement":[{"@type":"ListItem","position":1,"name":"Portada","item":"https:\/\/informelitoral.com.ar\/"},{"@type":"ListItem","position":2,"name":"Estiman que para Navidad, el kilo de asado costar\u00e1 hasta $ 130"}]},{"@type":"WebSite","@id":"https:\/\/informelitoral.com.ar\/#website","url":"https:\/\/informelitoral.com.ar\/","name":"Informe Litoral","description":"&quot;Nos informamos&quot; ","publisher":{"@id":"https:\/\/informelitoral.com.ar\/#organization"},"potentialAction":[{"@type":"SearchAction","target":{"@type":"EntryPoint","urlTemplate":"https:\/\/informelitoral.com.ar\/?s={search_term_string}"},"query-input":{"@type":"PropertyValueSpecification","valueRequired":true,"valueName":"search_term_string"}}],"inLanguage":"es"},{"@type":"Organization","@id":"https:\/\/informelitoral.com.ar\/#organization","name":"Informe Litoral","url":"https:\/\/informelitoral.com.ar\/","logo":{"@type":"ImageObject","inLanguage":"es","@id":"https:\/\/informelitoral.com.ar\/#\/schema\/logo\/image\/","url":"https:\/\/informelitoral.com.ar\/%77%70%2d%63%6f%6e%74%65%6e%74\/uploads\/2021\/01\/circulo.png","contentUrl":"https:\/\/informelitoral.com.ar\/%77%70%2d%63%6f%6e%74%65%6e%74\/uploads\/2021\/01\/circulo.png","width":723,"height":731,"caption":"Informe Litoral"},"image":{"@id":"https:\/\/informelitoral.com.ar\/#\/schema\/logo\/image\/"},"sameAs":["https:\/\/www.facebook.com\/informelitoral\/","https:\/\/x.com\/InformeLitoral","https:\/\/www.instagram.com\/informelitoral\/","https:\/\/www.youtube.com\/channel\/UCua4Qvz8Icb6MYqhoq9xLXw"]},{"@type":"Person","@id":"https:\/\/informelitoral.com.ar\/#\/schema\/person\/b9d00407c836482871ef1d57bf8e3180","name":"Gonzalo Schmidt","image":{"@type":"ImageObject","inLanguage":"es","@id":"https:\/\/secure.gravatar.com\/avatar\/31a1a7b66ff2de83bd0e9fd79d026630d2d99e55e8bfe501287647b4fd9743de?s=96&d=mm&r=g","url":"https:\/\/secure.gravatar.com\/avatar\/31a1a7b66ff2de83bd0e9fd79d026630d2d99e55e8bfe501287647b4fd9743de?s=96&d=mm&r=g","contentUrl":"https:\/\/secure.gravatar.com\/avatar\/31a1a7b66ff2de83bd0e9fd79d026630d2d99e55e8bfe501287647b4fd9743de?s=96&d=mm&r=g","caption":"Gonzalo Schmidt"},"description":"Sitio web de noticias de la provincia de Entre R\u00edos, Argentina. Informaci\u00f3n y entretenimiento. Informe Litoral, nos informamos.","sameAs":["http:\/\/www.isletasnoticias.com.ar"],"url":"https:\/\/informelitoral.com.ar\/author\/gonzalo\/"}]}},"_links":{"self":[{"href":"https:\/\/informelitoral.com.ar\/%77%70%2d%6a%73%6f%6e\/wp\/v2\/posts\/12901","targetHints":{"allow":["GET"]}}],"collection":[{"href":"https:\/\/informelitoral.com.ar\/%77%70%2d%6a%73%6f%6e\/wp\/v2\/posts"}],"about":[{"href":"https:\/\/informelitoral.com.ar\/%77%70%2d%6a%73%6f%6e\/wp\/v2\/types\/post"}],"author":[{"embeddable":true,"href":"https:\/\/informelitoral.com.ar\/%77%70%2d%6a%73%6f%6e\/wp\/v2\/users\/2"}],"replies":[{"embeddable":true,"href":"https:\/\/informelitoral.com.ar\/%77%70%2d%6a%73%6f%6e\/wp\/v2\/comments?post=12901"}],"version-history":[{"count":0,"href":"https:\/\/informelitoral.com.ar\/%77%70%2d%6a%73%6f%6e\/wp\/v2\/posts\/12901\/revisions"}],"wp:attachment":[{"href":"https:\/\/informelitoral.com.ar\/%77%70%2d%6a%73%6f%6e\/wp\/v2\/media?parent=12901"}],"wp:term":[{"taxonomy":"category","embeddable":true,"href":"https:\/\/informelitoral.com.ar\/%77%70%2d%6a%73%6f%6e\/wp\/v2\/categories?post=12901"},{"taxonomy":"post_tag","embeddable":true,"href":"https:\/\/informelitoral.com.ar\/%77%70%2d%6a%73%6f%6e\/wp\/v2\/tags?post=12901"}],"curies":[{"name":"wp","href":"https:\/\/api.w.org\/{rel}","templated":true}]}}