{"id":12898,"date":"2015-12-09T08:42:59","date_gmt":"2015-12-09T11:42:59","guid":{"rendered":"http:\/\/www.isletasnoticias.com.ar\/?p=12898"},"modified":"2015-12-09T08:42:59","modified_gmt":"2015-12-09T11:42:59","slug":"cristina-kirchner-no-ira-a-la-asuncion-de-mauricio-macri","status":"publish","type":"post","link":"https:\/\/informelitoral.com.ar\/cristina-kirchner-no-ira-a-la-asuncion-de-mauricio-macri\/","title":{"rendered":"Cristina Kirchner no ir\u00e1 a la asunci\u00f3n de Mauricio Macri"},"content":{"rendered":"<p><strong><em>Oscar Parrilli<\/em> anunci\u00f3 que \u00abno est\u00e1n dadas las condiciones\u00bb para que la jefa de Estado concurra a la ceremonia luego de una jornada que incluy\u00f3 negociaciones y una presentaci\u00f3n judicial de Cambiemos para definir cu\u00e1ndo termina el mandato del kirchnerismo.<a href=\"http:\/\/www.isletasnoticias.com.ar\/%77%70%2d%63%6f%6e%74%65%6e%74\/uploads\/2015\/12\/0013861337.jpg\"><img loading=\"lazy\" decoding=\"async\" class=\"aligncenter size-full wp-image-12899\" src=\"http:\/\/www.isletasnoticias.com.ar\/%77%70%2d%63%6f%6e%74%65%6e%74\/uploads\/2015\/12\/0013861337.jpg\" alt=\"0013861337\" width=\"770\" height=\"433\" srcset=\"https:\/\/informelitoral.com.ar\/%77%70%2d%63%6f%6e%74%65%6e%74\/uploads\/2015\/12\/0013861337.jpg 770w, https:\/\/informelitoral.com.ar\/%77%70%2d%63%6f%6e%74%65%6e%74\/uploads\/2015\/12\/0013861337-300x169.jpg 300w\" sizes=\"auto, (max-width: 770px) 100vw, 770px\" \/><\/a><\/strong><\/p>\n<p>El in\u00e9dito debate pol\u00edtico que se origin\u00f3 en la Argentina por el traspaso del poder lleg\u00f3 a un final previsible: la presidente <strong>Cristina Kirchner<\/strong> no estar\u00e1 en la ceremonia oficial del 10 de diciembre. El titular de la Agencia Federal de Inteligencia, Oscar Parrilli, y el secretario General de la Presidencia, Eduardo de Pedro, fueron los voceros que anunciaron la decisi\u00f3n.<\/p>\n<p>\u00abNo est\u00e1n dadas las condiciones para que vaya\u00bb, repitieron a coro ambos funcionarios. Seg\u00fan argumentaron, el dictamen del fiscal Jorge Di Lello que estableci\u00f3 que el mandato del kirchnerismo culmina el 10 de diciembre a las 0 dej\u00f3 a la Presidente en una situaci\u00f3n inc\u00f3moda en la que podr\u00eda ser acusada de usurpar su t\u00edtulo.<\/p>\n<p>En duros t\u00e9rminos, Parrilli compar\u00f3 la presentaci\u00f3n judicial de Cambiemos que deriv\u00f3 en el pronunciamiento de Di Lello con un \u00abgolpe de Estado\u00bb y cuestion\u00f3 al presidente electo Mauricio Macri: \u00abNos parece que la actitud de meter a la Justicia es poner una cortina de humo. El ingeniero y su equipo son los responsables de esta gravedad institucional\u00bb.<\/p>\n<p>Lo llamativo del caso es que el dictamen de Di Lello a\u00fan no tiene ninguna incidencia, al menos hasta que se pronuncie la jueza federal Mar\u00eda Servini de Cubr\u00eda, quien podr\u00eda fallar sobre el tema a primeras horas de este mi\u00e9rcoles 9 de diciembre. Sin embargo, a esta altura parece improbable que el Poder Judicial logre el entendimiento que no pudo la pol\u00edtica.<\/p>\n<p>El martes por la ma\u00f1ana hubo reuniones en el Congreso para limar asperezas entre el kirchnerismo y Cambiemos. En principio se inform\u00f3 que habr\u00eda una nueva reuni\u00f3n por la tarde, pero luego se suspendi\u00f3. Fue entonces que Parrilli y De Pedro, que aguardaban por la vuelta de los representantes del PRO, salieron a hablar con la prensa y comunicaron la decisi\u00f3n.<\/p>\n<p>En el c\u00f3nclave de ayer por la ma\u00f1ana, los enviados de Cristina Kirchner propusieron que la mandataria asista a la jura en el Congreso y deje all\u00ed los atributos presidenciales (bast\u00f3n y banda). De esa manera, no se los entregar\u00eda personalmente a Macri, quien pretend\u00eda que esa parte de la tradici\u00f3n se cumpliera en la Casa Rosada.<\/p>\n<p>La decisi\u00f3n de Cristina Kirchner de no participar de los actos oficiales de la asunci\u00f3n de Macri tuvo una fuerte repercusi\u00f3n en varios medios del mundo, que asisten sorprendidos a la puja de poder que se origin\u00f3 en torno a los atributos presidenciales.<\/p>\n<p>Si bien algunos cre\u00edan que todav\u00eda hab\u00eda negociaciones pendientes para posibilitar al foto entre Cristina Kirchner y Macri el 10 de diciembre, el jefe de Gabinete, An\u00edbal Fern\u00e1ndez, cerr\u00f3 las puertas en su contacto con los medios de este mi\u00e9rcoles. \u00abLa decisi\u00f3n ya est\u00e1 tomada\u00bb, dijo. Fin. <em>(Infobae)<\/em><\/p>\n","protected":false},"excerpt":{"rendered":"<p>Oscar Parrilli anunci&oacute; que &laquo;no est&aacute;n dadas las condiciones&raquo; para que la jefa de Estado concurra a la ceremonia luego de una jornada que incluy&oacute; negociaciones y una presentaci&oacute;n judicial de Cambiemos para definir cu&aacute;ndo termina el mandato del kirchnerismo. El in&eacute;dito debate pol&iacute;tico que se origin&oacute; en la Argentina por el traspaso del poder [&hellip;]<\/p>\n","protected":false},"author":2,"featured_media":0,"comment_status":"open","ping_status":"open","sticky":false,"template":"","format":"standard","meta":{"fifu_image_url":"","fifu_image_alt":"","footnotes":""},"categories":[7,16],"tags":[],"class_list":{"0":"post-12898","1":"post","2":"type-post","3":"status-publish","4":"format-standard","6":"category-nacionales","7":"category-politi"},"yoast_head":"<title>Cristina Kirchner no ir\u00e1 a la asunci\u00f3n de Mauricio Macri - Informe Litoral<\/title>\n<meta name=\"robots\" content=\"index, follow, max-snippet:-1, max-image-preview:large, max-video-preview:-1\" \/>\n<link rel=\"canonical\" href=\"https:\/\/informelitoral.com.ar\/cristina-kirchner-no-ira-a-la-asuncion-de-mauricio-macri\/\" \/>\n<meta property=\"og:locale\" content=\"es_ES\" \/>\n<meta property=\"og:type\" content=\"article\" \/>\n<meta property=\"og:title\" content=\"Cristina Kirchner no ir\u00e1 a la asunci\u00f3n de Mauricio Macri - Informe Litoral\" \/>\n<meta property=\"og:description\" content=\"Oscar Parrilli anunci&oacute; que &laquo;no est&aacute;n dadas las condiciones&raquo; para que la jefa de Estado concurra a la ceremonia luego de una jornada que incluy&oacute; negociaciones y una presentaci&oacute;n judicial de Cambiemos para definir cu&aacute;ndo termina el mandato del kirchnerismo. El in&eacute;dito debate pol&iacute;tico que se origin&oacute; en la Argentina por el traspaso del poder [&hellip;]\" \/>\n<meta property=\"og:url\" content=\"https:\/\/informelitoral.com.ar\/cristina-kirchner-no-ira-a-la-asuncion-de-mauricio-macri\/\" \/>\n<meta property=\"og:site_name\" content=\"Informe Litoral\" \/>\n<meta property=\"article:publisher\" content=\"https:\/\/www.facebook.com\/informelitoral\/\" \/>\n<meta property=\"article:published_time\" content=\"2015-12-09T11:42:59+00:00\" \/>\n<meta property=\"og:image\" content=\"https:\/\/informelitoral.com.ar\/%77%70%2d%63%6f%6e%74%65%6e%74\/uploads\/2015\/12\/0013861337.jpg\" \/>\n\t<meta property=\"og:image:width\" content=\"770\" \/>\n\t<meta property=\"og:image:height\" content=\"433\" \/>\n\t<meta property=\"og:image:type\" content=\"image\/jpeg\" \/>\n<meta name=\"author\" content=\"Gonzalo Schmidt\" \/>\n<meta name=\"twitter:card\" content=\"summary_large_image\" \/>\n<meta name=\"twitter:creator\" content=\"@InformeLitoral\" \/>\n<meta name=\"twitter:site\" content=\"@InformeLitoral\" \/>\n<meta name=\"twitter:label1\" content=\"Escrito por\" \/>\n\t<meta name=\"twitter:data1\" content=\"Gonzalo Schmidt\" \/>\n\t<meta name=\"twitter:label2\" content=\"Tiempo de lectura\" \/>\n\t<meta name=\"twitter:data2\" content=\"3 minutos\" \/>\n<script type=\"application\/ld+json\" class=\"yoast-schema-graph\">{\"@context\":\"https:\\\/\\\/schema.org\",\"@graph\":[{\"@type\":\"Article\",\"@id\":\"https:\\\/\\\/informelitoral.com.ar\\\/cristina-kirchner-no-ira-a-la-asuncion-de-mauricio-macri\\\/#article\",\"isPartOf\":{\"@id\":\"https:\\\/\\\/informelitoral.com.ar\\\/cristina-kirchner-no-ira-a-la-asuncion-de-mauricio-macri\\\/\"},\"author\":{\"name\":\"Gonzalo Schmidt\",\"@id\":\"https:\\\/\\\/informelitoral.com.ar\\\/#\\\/schema\\\/person\\\/b9d00407c836482871ef1d57bf8e3180\"},\"headline\":\"Cristina Kirchner no ir\u00e1 a la asunci\u00f3n de Mauricio Macri\",\"datePublished\":\"2015-12-09T11:42:59+00:00\",\"mainEntityOfPage\":{\"@id\":\"https:\\\/\\\/informelitoral.com.ar\\\/cristina-kirchner-no-ira-a-la-asuncion-de-mauricio-macri\\\/\"},\"wordCount\":532,\"commentCount\":0,\"publisher\":{\"@id\":\"https:\\\/\\\/informelitoral.com.ar\\\/#organization\"},\"image\":{\"@id\":\"https:\\\/\\\/informelitoral.com.ar\\\/cristina-kirchner-no-ira-a-la-asuncion-de-mauricio-macri\\\/#primaryimage\"},\"thumbnailUrl\":\"http:\\\/\\\/www.isletasnoticias.com.ar\\\/%77%70%2d%63%6f%6e%74%65%6e%74\\\/uploads\\\/2015\\\/12\\\/0013861337.jpg\",\"articleSection\":[\"Nacionales\",\"Politica\"],\"inLanguage\":\"es\",\"potentialAction\":[{\"@type\":\"CommentAction\",\"name\":\"Comment\",\"target\":[\"https:\\\/\\\/informelitoral.com.ar\\\/cristina-kirchner-no-ira-a-la-asuncion-de-mauricio-macri\\\/#respond\"]}]},{\"@type\":\"WebPage\",\"@id\":\"https:\\\/\\\/informelitoral.com.ar\\\/cristina-kirchner-no-ira-a-la-asuncion-de-mauricio-macri\\\/\",\"url\":\"https:\\\/\\\/informelitoral.com.ar\\\/cristina-kirchner-no-ira-a-la-asuncion-de-mauricio-macri\\\/\",\"name\":\"Cristina Kirchner no ir\u00e1 a la asunci\u00f3n de Mauricio Macri - Informe Litoral\",\"isPartOf\":{\"@id\":\"https:\\\/\\\/informelitoral.com.ar\\\/#website\"},\"primaryImageOfPage\":{\"@id\":\"https:\\\/\\\/informelitoral.com.ar\\\/cristina-kirchner-no-ira-a-la-asuncion-de-mauricio-macri\\\/#primaryimage\"},\"image\":{\"@id\":\"https:\\\/\\\/informelitoral.com.ar\\\/cristina-kirchner-no-ira-a-la-asuncion-de-mauricio-macri\\\/#primaryimage\"},\"thumbnailUrl\":\"http:\\\/\\\/www.isletasnoticias.com.ar\\\/%77%70%2d%63%6f%6e%74%65%6e%74\\\/uploads\\\/2015\\\/12\\\/0013861337.jpg\",\"datePublished\":\"2015-12-09T11:42:59+00:00\",\"breadcrumb\":{\"@id\":\"https:\\\/\\\/informelitoral.com.ar\\\/cristina-kirchner-no-ira-a-la-asuncion-de-mauricio-macri\\\/#breadcrumb\"},\"inLanguage\":\"es\",\"potentialAction\":[{\"@type\":\"ReadAction\",\"target\":[\"https:\\\/\\\/informelitoral.com.ar\\\/cristina-kirchner-no-ira-a-la-asuncion-de-mauricio-macri\\\/\"]}]},{\"@type\":\"ImageObject\",\"inLanguage\":\"es\",\"@id\":\"https:\\\/\\\/informelitoral.com.ar\\\/cristina-kirchner-no-ira-a-la-asuncion-de-mauricio-macri\\\/#primaryimage\",\"url\":\"http:\\\/\\\/www.isletasnoticias.com.ar\\\/%77%70%2d%63%6f%6e%74%65%6e%74\\\/uploads\\\/2015\\\/12\\\/0013861337.jpg\",\"contentUrl\":\"http:\\\/\\\/www.isletasnoticias.com.ar\\\/%77%70%2d%63%6f%6e%74%65%6e%74\\\/uploads\\\/2015\\\/12\\\/0013861337.jpg\"},{\"@type\":\"BreadcrumbList\",\"@id\":\"https:\\\/\\\/informelitoral.com.ar\\\/cristina-kirchner-no-ira-a-la-asuncion-de-mauricio-macri\\\/#breadcrumb\",\"itemListElement\":[{\"@type\":\"ListItem\",\"position\":1,\"name\":\"Portada\",\"item\":\"https:\\\/\\\/informelitoral.com.ar\\\/\"},{\"@type\":\"ListItem\",\"position\":2,\"name\":\"Cristina Kirchner no ir\u00e1 a la asunci\u00f3n de Mauricio Macri\"}]},{\"@type\":\"WebSite\",\"@id\":\"https:\\\/\\\/informelitoral.com.ar\\\/#website\",\"url\":\"https:\\\/\\\/informelitoral.com.ar\\\/\",\"name\":\"Informe Litoral\",\"description\":\"&quot;Nos informamos&quot; \",\"publisher\":{\"@id\":\"https:\\\/\\\/informelitoral.com.ar\\\/#organization\"},\"potentialAction\":[{\"@type\":\"SearchAction\",\"target\":{\"@type\":\"EntryPoint\",\"urlTemplate\":\"https:\\\/\\\/informelitoral.com.ar\\\/?s={search_term_string}\"},\"query-input\":{\"@type\":\"PropertyValueSpecification\",\"valueRequired\":true,\"valueName\":\"search_term_string\"}}],\"inLanguage\":\"es\"},{\"@type\":\"Organization\",\"@id\":\"https:\\\/\\\/informelitoral.com.ar\\\/#organization\",\"name\":\"Informe Litoral\",\"url\":\"https:\\\/\\\/informelitoral.com.ar\\\/\",\"logo\":{\"@type\":\"ImageObject\",\"inLanguage\":\"es\",\"@id\":\"https:\\\/\\\/informelitoral.com.ar\\\/#\\\/schema\\\/logo\\\/image\\\/\",\"url\":\"https:\\\/\\\/informelitoral.com.ar\\\/%77%70%2d%63%6f%6e%74%65%6e%74\\\/uploads\\\/2021\\\/01\\\/circulo.png\",\"contentUrl\":\"https:\\\/\\\/informelitoral.com.ar\\\/%77%70%2d%63%6f%6e%74%65%6e%74\\\/uploads\\\/2021\\\/01\\\/circulo.png\",\"width\":723,\"height\":731,\"caption\":\"Informe Litoral\"},\"image\":{\"@id\":\"https:\\\/\\\/informelitoral.com.ar\\\/#\\\/schema\\\/logo\\\/image\\\/\"},\"sameAs\":[\"https:\\\/\\\/www.facebook.com\\\/informelitoral\\\/\",\"https:\\\/\\\/x.com\\\/InformeLitoral\",\"https:\\\/\\\/www.instagram.com\\\/informelitoral\\\/\",\"https:\\\/\\\/www.youtube.com\\\/channel\\\/UCua4Qvz8Icb6MYqhoq9xLXw\"]},{\"@type\":\"Person\",\"@id\":\"https:\\\/\\\/informelitoral.com.ar\\\/#\\\/schema\\\/person\\\/b9d00407c836482871ef1d57bf8e3180\",\"name\":\"Gonzalo Schmidt\",\"image\":{\"@type\":\"ImageObject\",\"inLanguage\":\"es\",\"@id\":\"https:\\\/\\\/secure.gravatar.com\\\/avatar\\\/31a1a7b66ff2de83bd0e9fd79d026630d2d99e55e8bfe501287647b4fd9743de?s=96&d=mm&r=g\",\"url\":\"https:\\\/\\\/secure.gravatar.com\\\/avatar\\\/31a1a7b66ff2de83bd0e9fd79d026630d2d99e55e8bfe501287647b4fd9743de?s=96&d=mm&r=g\",\"contentUrl\":\"https:\\\/\\\/secure.gravatar.com\\\/avatar\\\/31a1a7b66ff2de83bd0e9fd79d026630d2d99e55e8bfe501287647b4fd9743de?s=96&d=mm&r=g\",\"caption\":\"Gonzalo Schmidt\"},\"description\":\"Sitio web de noticias de la provincia de Entre R\u00edos, Argentina. Informaci\u00f3n y entretenimiento. Informe Litoral, nos informamos.\",\"sameAs\":[\"http:\\\/\\\/www.isletasnoticias.com.ar\"],\"url\":\"https:\\\/\\\/informelitoral.com.ar\\\/author\\\/gonzalo\\\/\"}]}<\/script>","yoast_head_json":{"title":"Cristina Kirchner no ir\u00e1 a la asunci\u00f3n de Mauricio Macri - Informe Litoral","robots":{"index":"index","follow":"follow","max-snippet":"max-snippet:-1","max-image-preview":"max-image-preview:large","max-video-preview":"max-video-preview:-1"},"canonical":"https:\/\/informelitoral.com.ar\/cristina-kirchner-no-ira-a-la-asuncion-de-mauricio-macri\/","og_locale":"es_ES","og_type":"article","og_title":"Cristina Kirchner no ir\u00e1 a la asunci\u00f3n de Mauricio Macri - Informe Litoral","og_description":"Oscar Parrilli anunci&oacute; que &laquo;no est&aacute;n dadas las condiciones&raquo; para que la jefa de Estado concurra a la ceremonia luego de una jornada que incluy&oacute; negociaciones y una presentaci&oacute;n judicial de Cambiemos para definir cu&aacute;ndo termina el mandato del kirchnerismo. El in&eacute;dito debate pol&iacute;tico que se origin&oacute; en la Argentina por el traspaso del poder [&hellip;]","og_url":"https:\/\/informelitoral.com.ar\/cristina-kirchner-no-ira-a-la-asuncion-de-mauricio-macri\/","og_site_name":"Informe Litoral","article_publisher":"https:\/\/www.facebook.com\/informelitoral\/","article_published_time":"2015-12-09T11:42:59+00:00","og_image":[{"width":770,"height":433,"url":"https:\/\/informelitoral.com.ar\/%77%70%2d%63%6f%6e%74%65%6e%74\/uploads\/2015\/12\/0013861337.jpg","type":"image\/jpeg"}],"author":"Gonzalo Schmidt","twitter_card":"summary_large_image","twitter_creator":"@InformeLitoral","twitter_site":"@InformeLitoral","twitter_misc":{"Escrito por":"Gonzalo Schmidt","Tiempo de lectura":"3 minutos"},"schema":{"@context":"https:\/\/schema.org","@graph":[{"@type":"Article","@id":"https:\/\/informelitoral.com.ar\/cristina-kirchner-no-ira-a-la-asuncion-de-mauricio-macri\/#article","isPartOf":{"@id":"https:\/\/informelitoral.com.ar\/cristina-kirchner-no-ira-a-la-asuncion-de-mauricio-macri\/"},"author":{"name":"Gonzalo Schmidt","@id":"https:\/\/informelitoral.com.ar\/#\/schema\/person\/b9d00407c836482871ef1d57bf8e3180"},"headline":"Cristina Kirchner no ir\u00e1 a la asunci\u00f3n de Mauricio Macri","datePublished":"2015-12-09T11:42:59+00:00","mainEntityOfPage":{"@id":"https:\/\/informelitoral.com.ar\/cristina-kirchner-no-ira-a-la-asuncion-de-mauricio-macri\/"},"wordCount":532,"commentCount":0,"publisher":{"@id":"https:\/\/informelitoral.com.ar\/#organization"},"image":{"@id":"https:\/\/informelitoral.com.ar\/cristina-kirchner-no-ira-a-la-asuncion-de-mauricio-macri\/#primaryimage"},"thumbnailUrl":"http:\/\/www.isletasnoticias.com.ar\/%77%70%2d%63%6f%6e%74%65%6e%74\/uploads\/2015\/12\/0013861337.jpg","articleSection":["Nacionales","Politica"],"inLanguage":"es","potentialAction":[{"@type":"CommentAction","name":"Comment","target":["https:\/\/informelitoral.com.ar\/cristina-kirchner-no-ira-a-la-asuncion-de-mauricio-macri\/#respond"]}]},{"@type":"WebPage","@id":"https:\/\/informelitoral.com.ar\/cristina-kirchner-no-ira-a-la-asuncion-de-mauricio-macri\/","url":"https:\/\/informelitoral.com.ar\/cristina-kirchner-no-ira-a-la-asuncion-de-mauricio-macri\/","name":"Cristina Kirchner no ir\u00e1 a la asunci\u00f3n de Mauricio Macri - Informe Litoral","isPartOf":{"@id":"https:\/\/informelitoral.com.ar\/#website"},"primaryImageOfPage":{"@id":"https:\/\/informelitoral.com.ar\/cristina-kirchner-no-ira-a-la-asuncion-de-mauricio-macri\/#primaryimage"},"image":{"@id":"https:\/\/informelitoral.com.ar\/cristina-kirchner-no-ira-a-la-asuncion-de-mauricio-macri\/#primaryimage"},"thumbnailUrl":"http:\/\/www.isletasnoticias.com.ar\/%77%70%2d%63%6f%6e%74%65%6e%74\/uploads\/2015\/12\/0013861337.jpg","datePublished":"2015-12-09T11:42:59+00:00","breadcrumb":{"@id":"https:\/\/informelitoral.com.ar\/cristina-kirchner-no-ira-a-la-asuncion-de-mauricio-macri\/#breadcrumb"},"inLanguage":"es","potentialAction":[{"@type":"ReadAction","target":["https:\/\/informelitoral.com.ar\/cristina-kirchner-no-ira-a-la-asuncion-de-mauricio-macri\/"]}]},{"@type":"ImageObject","inLanguage":"es","@id":"https:\/\/informelitoral.com.ar\/cristina-kirchner-no-ira-a-la-asuncion-de-mauricio-macri\/#primaryimage","url":"http:\/\/www.isletasnoticias.com.ar\/%77%70%2d%63%6f%6e%74%65%6e%74\/uploads\/2015\/12\/0013861337.jpg","contentUrl":"http:\/\/www.isletasnoticias.com.ar\/%77%70%2d%63%6f%6e%74%65%6e%74\/uploads\/2015\/12\/0013861337.jpg"},{"@type":"BreadcrumbList","@id":"https:\/\/informelitoral.com.ar\/cristina-kirchner-no-ira-a-la-asuncion-de-mauricio-macri\/#breadcrumb","itemListElement":[{"@type":"ListItem","position":1,"name":"Portada","item":"https:\/\/informelitoral.com.ar\/"},{"@type":"ListItem","position":2,"name":"Cristina Kirchner no ir\u00e1 a la asunci\u00f3n de Mauricio Macri"}]},{"@type":"WebSite","@id":"https:\/\/informelitoral.com.ar\/#website","url":"https:\/\/informelitoral.com.ar\/","name":"Informe Litoral","description":"&quot;Nos informamos&quot; ","publisher":{"@id":"https:\/\/informelitoral.com.ar\/#organization"},"potentialAction":[{"@type":"SearchAction","target":{"@type":"EntryPoint","urlTemplate":"https:\/\/informelitoral.com.ar\/?s={search_term_string}"},"query-input":{"@type":"PropertyValueSpecification","valueRequired":true,"valueName":"search_term_string"}}],"inLanguage":"es"},{"@type":"Organization","@id":"https:\/\/informelitoral.com.ar\/#organization","name":"Informe Litoral","url":"https:\/\/informelitoral.com.ar\/","logo":{"@type":"ImageObject","inLanguage":"es","@id":"https:\/\/informelitoral.com.ar\/#\/schema\/logo\/image\/","url":"https:\/\/informelitoral.com.ar\/%77%70%2d%63%6f%6e%74%65%6e%74\/uploads\/2021\/01\/circulo.png","contentUrl":"https:\/\/informelitoral.com.ar\/%77%70%2d%63%6f%6e%74%65%6e%74\/uploads\/2021\/01\/circulo.png","width":723,"height":731,"caption":"Informe Litoral"},"image":{"@id":"https:\/\/informelitoral.com.ar\/#\/schema\/logo\/image\/"},"sameAs":["https:\/\/www.facebook.com\/informelitoral\/","https:\/\/x.com\/InformeLitoral","https:\/\/www.instagram.com\/informelitoral\/","https:\/\/www.youtube.com\/channel\/UCua4Qvz8Icb6MYqhoq9xLXw"]},{"@type":"Person","@id":"https:\/\/informelitoral.com.ar\/#\/schema\/person\/b9d00407c836482871ef1d57bf8e3180","name":"Gonzalo Schmidt","image":{"@type":"ImageObject","inLanguage":"es","@id":"https:\/\/secure.gravatar.com\/avatar\/31a1a7b66ff2de83bd0e9fd79d026630d2d99e55e8bfe501287647b4fd9743de?s=96&d=mm&r=g","url":"https:\/\/secure.gravatar.com\/avatar\/31a1a7b66ff2de83bd0e9fd79d026630d2d99e55e8bfe501287647b4fd9743de?s=96&d=mm&r=g","contentUrl":"https:\/\/secure.gravatar.com\/avatar\/31a1a7b66ff2de83bd0e9fd79d026630d2d99e55e8bfe501287647b4fd9743de?s=96&d=mm&r=g","caption":"Gonzalo Schmidt"},"description":"Sitio web de noticias de la provincia de Entre R\u00edos, Argentina. Informaci\u00f3n y entretenimiento. Informe Litoral, nos informamos.","sameAs":["http:\/\/www.isletasnoticias.com.ar"],"url":"https:\/\/informelitoral.com.ar\/author\/gonzalo\/"}]}},"_links":{"self":[{"href":"https:\/\/informelitoral.com.ar\/%77%70%2d%6a%73%6f%6e\/wp\/v2\/posts\/12898","targetHints":{"allow":["GET"]}}],"collection":[{"href":"https:\/\/informelitoral.com.ar\/%77%70%2d%6a%73%6f%6e\/wp\/v2\/posts"}],"about":[{"href":"https:\/\/informelitoral.com.ar\/%77%70%2d%6a%73%6f%6e\/wp\/v2\/types\/post"}],"author":[{"embeddable":true,"href":"https:\/\/informelitoral.com.ar\/%77%70%2d%6a%73%6f%6e\/wp\/v2\/users\/2"}],"replies":[{"embeddable":true,"href":"https:\/\/informelitoral.com.ar\/%77%70%2d%6a%73%6f%6e\/wp\/v2\/comments?post=12898"}],"version-history":[{"count":0,"href":"https:\/\/informelitoral.com.ar\/%77%70%2d%6a%73%6f%6e\/wp\/v2\/posts\/12898\/revisions"}],"wp:attachment":[{"href":"https:\/\/informelitoral.com.ar\/%77%70%2d%6a%73%6f%6e\/wp\/v2\/media?parent=12898"}],"wp:term":[{"taxonomy":"category","embeddable":true,"href":"https:\/\/informelitoral.com.ar\/%77%70%2d%6a%73%6f%6e\/wp\/v2\/categories?post=12898"},{"taxonomy":"post_tag","embeddable":true,"href":"https:\/\/informelitoral.com.ar\/%77%70%2d%6a%73%6f%6e\/wp\/v2\/tags?post=12898"}],"curies":[{"name":"wp","href":"https:\/\/api.w.org\/{rel}","templated":true}]}}