{"id":12892,"date":"2015-12-08T21:53:06","date_gmt":"2015-12-09T00:53:06","guid":{"rendered":"http:\/\/www.isletasnoticias.com.ar\/?p=12892"},"modified":"2015-12-08T21:53:06","modified_gmt":"2015-12-09T00:53:06","slug":"los-funcionarios-que-siguen-y-los-que-llegan-para-la-gestion-bordet","status":"publish","type":"post","link":"https:\/\/informelitoral.com.ar\/los-funcionarios-que-siguen-y-los-que-llegan-para-la-gestion-bordet\/","title":{"rendered":"Los funcionarios que siguen y los que llegan para la gesti\u00f3n Bordet"},"content":{"rendered":"<p><strong>Se conocieron m\u00e1s nombres de los funcionarios que estar\u00e1n al frente de secretarias y organismos descentralizados. Habr\u00e1 continuidades en Iafas, Enersa, Epre y en la secretar\u00eda de Energ\u00eda. Habr\u00e1 recambio en Justicia, Inaubepro, Iapv y otros.<a href=\"http:\/\/www.isletasnoticias.com.ar\/%77%70%2d%63%6f%6e%74%65%6e%74\/uploads\/2015\/12\/o_1449615838.jpg\"><img loading=\"lazy\" decoding=\"async\" class=\"aligncenter size-full wp-image-12893\" src=\"http:\/\/www.isletasnoticias.com.ar\/%77%70%2d%63%6f%6e%74%65%6e%74\/uploads\/2015\/12\/o_1449615838.jpg\" alt=\"o_1449615838\" width=\"640\" height=\"360\" srcset=\"https:\/\/informelitoral.com.ar\/%77%70%2d%63%6f%6e%74%65%6e%74\/uploads\/2015\/12\/o_1449615838.jpg 640w, https:\/\/informelitoral.com.ar\/%77%70%2d%63%6f%6e%74%65%6e%74\/uploads\/2015\/12\/o_1449615838-300x169.jpg 300w\" sizes=\"auto, (max-width: 640px) 100vw, 640px\" \/><\/a><\/strong><\/p>\n<p>Siguen las designaciones en los organismos descentralizados de la provincia. Gustavo Bordet \u00faltima los \u00faltimos nombramientos. Informe Digital,\u00a0accedi\u00f3 a algunos nombres que seguir\u00e1n en sus cargos y otros que desembarcan en entidades que dependen del gobierno entrerriano.<\/p>\n<p><b>Los que siguen<\/b><br \/>\nEl actual Fiscal de Estado, Julio Rodr\u00edguez Signes, es uno de los primeros nombres confirmados que continuar\u00e1 en su cargo en la gesti\u00f3n de Bordet.<\/p>\n<p>En tanto, otro que tampoco sufrir\u00e1 el recambio es el actual presidente del Instituto de Ayuda Financiera a la Acci\u00f3n Social de Entre R\u00edos (IAFAS), Jos\u00e9 Spinelli. Tambi\u00e9n seguir\u00e1 Alfredo Muzachiodi, del ri\u00f1\u00f3n de Rodr\u00edguez Signes, continuar\u00e1 como presidente del directorio de la empresa Energ\u00eda de Entre R\u00edos Sociedad An\u00f3nima (Enersa).<\/p>\n<p>El ingeniero Ra\u00fal Arroyo continuar\u00e1 al frente de la Secretar\u00eda de Energ\u00eda. Otro que sigue en su cargo con la gesti\u00f3n Bordet ser\u00e1 el abogado Marcos Rodr\u00edguez Allende, hoy interventor del Ente Provincial Regulador de la Energ\u00eda (EPRE).<\/p>\n<p><b>Cambios<\/b><br \/>\nEl diputado provincial saliente y ex candidato a viceintendente de Paran\u00e1 (en f\u00f3rmula con Blanca Osuna), Mart\u00edn Uranga, ser\u00e1 el nuevo Secretario de Justicia de la Provincia. Lugar que ocup\u00f3 Rub\u00e9n Viru\u00e9 hasta junio de este a\u00f1o y que fue reemplazado por Carina Eliana Ramos, allegada a Ad\u00e1n Bahl.<\/p>\n<p>A la Secretaria de Gobierno llegar\u00e1 Germ\u00e1n Gran\u00e9, ex candidato a intendente de Gualeguaych\u00fa por el FpV.<br \/>\nAlejandro Casa\u00f1as, actual viceintendente de Concordia, podr\u00eda asumir como presidente de la Comisi\u00f3n Administradora para el Fondo Especial de Salto Grande (CAFESG).<\/p>\n<p>En tanto, Nicolas Mathieu, actual subdirector del Inaubepro, asumir\u00e1 como secretario de la Juventud de la provincia, reemplazando a Hern\u00e1n Perdomo. De esta manera, el joven dirigente unificar\u00e1 poder, ya que a su vez dirige la Federaci\u00f3n Universitaria de Entre R\u00edos (Fuer) .<\/p>\n<p>El lugar de Matihieu en el Inaubepro ser\u00e1 ocupado por Claudia Gieco, hoy intendenta de Diamante. Mayda Cresto seguir\u00e1 al frente del becario.<\/p>\n<p>Alfredo Francolini, actual vicepresidente del Instituto Aut\u00e1rquico de Planeamiento y Vivienda, Provincia de Entre R\u00edos (Iapv) podr\u00eda asumir como presidente del organismo. Oscar Alfredo Marelli, hasta hoy presidente del organismo, se jubilar\u00eda a fin de a\u00f1o.<\/p>\n<p><b>Hermetismo en Sidecreer y Vialidad<\/b><br \/>\nEn ambas instituciones hay un fuerte hermetismo sobre el futuro de sus m\u00e1ximas autoridades. A\u00fan no est\u00e1 confirmado que el presidente de Sidecreer, Juan Jos\u00e9 Canosa, siga una gesti\u00f3n m\u00e1s. De igual manera sucede en Vialidad Provincial, que dirige el ingeniero Jorge Rodr\u00edguez. <em>(Informe Digital)<\/em><\/p>\n","protected":false},"excerpt":{"rendered":"<p>Se conocieron m&aacute;s nombres de los funcionarios que estar&aacute;n al frente de secretarias y organismos descentralizados. Habr&aacute; continuidades en Iafas, Enersa, Epre y en la secretar&iacute;a de Energ&iacute;a. Habr&aacute; recambio en Justicia, Inaubepro, Iapv y otros. Siguen las designaciones en los organismos descentralizados de la provincia. Gustavo Bordet &uacute;ltima los &uacute;ltimos nombramientos. Informe Digital,&nbsp;accedi&oacute; a [&hellip;]<\/p>\n","protected":false},"author":2,"featured_media":0,"comment_status":"open","ping_status":"open","sticky":false,"template":"","format":"standard","meta":{"fifu_image_url":"","fifu_image_alt":"","footnotes":""},"categories":[6,16],"tags":[],"class_list":{"0":"post-12892","1":"post","2":"type-post","3":"status-publish","4":"format-standard","6":"category-entre-rios","7":"category-politi"},"yoast_head":"<title>Los funcionarios que siguen y los que llegan para la gesti\u00f3n Bordet - Informe Litoral<\/title>\n<meta name=\"robots\" content=\"index, follow, max-snippet:-1, max-image-preview:large, max-video-preview:-1\" \/>\n<link rel=\"canonical\" href=\"https:\/\/informelitoral.com.ar\/los-funcionarios-que-siguen-y-los-que-llegan-para-la-gestion-bordet\/\" \/>\n<meta property=\"og:locale\" content=\"es_ES\" \/>\n<meta property=\"og:type\" content=\"article\" \/>\n<meta property=\"og:title\" content=\"Los funcionarios que siguen y los que llegan para la gesti\u00f3n Bordet - Informe Litoral\" \/>\n<meta property=\"og:description\" content=\"Se conocieron m&aacute;s nombres de los funcionarios que estar&aacute;n al frente de secretarias y organismos descentralizados. Habr&aacute; continuidades en Iafas, Enersa, Epre y en la secretar&iacute;a de Energ&iacute;a. Habr&aacute; recambio en Justicia, Inaubepro, Iapv y otros. Siguen las designaciones en los organismos descentralizados de la provincia. Gustavo Bordet &uacute;ltima los &uacute;ltimos nombramientos. Informe Digital,&nbsp;accedi&oacute; a [&hellip;]\" \/>\n<meta property=\"og:url\" content=\"https:\/\/informelitoral.com.ar\/los-funcionarios-que-siguen-y-los-que-llegan-para-la-gestion-bordet\/\" \/>\n<meta property=\"og:site_name\" content=\"Informe Litoral\" \/>\n<meta property=\"article:publisher\" content=\"https:\/\/www.facebook.com\/informelitoral\/\" \/>\n<meta property=\"article:published_time\" content=\"2015-12-09T00:53:06+00:00\" \/>\n<meta property=\"og:image\" content=\"https:\/\/informelitoral.com.ar\/%77%70%2d%63%6f%6e%74%65%6e%74\/uploads\/2015\/12\/o_1449615838.jpg\" \/>\n\t<meta property=\"og:image:width\" content=\"640\" \/>\n\t<meta property=\"og:image:height\" content=\"360\" \/>\n\t<meta property=\"og:image:type\" content=\"image\/jpeg\" \/>\n<meta name=\"author\" content=\"Gonzalo Schmidt\" \/>\n<meta name=\"twitter:card\" content=\"summary_large_image\" \/>\n<meta name=\"twitter:creator\" content=\"@InformeLitoral\" \/>\n<meta name=\"twitter:site\" content=\"@InformeLitoral\" \/>\n<meta name=\"twitter:label1\" content=\"Escrito por\" \/>\n\t<meta name=\"twitter:data1\" content=\"Gonzalo Schmidt\" \/>\n\t<meta name=\"twitter:label2\" content=\"Tiempo de lectura\" \/>\n\t<meta name=\"twitter:data2\" content=\"2 minutos\" \/>\n<script type=\"application\/ld+json\" class=\"yoast-schema-graph\">{\"@context\":\"https:\\\/\\\/schema.org\",\"@graph\":[{\"@type\":\"Article\",\"@id\":\"https:\\\/\\\/informelitoral.com.ar\\\/los-funcionarios-que-siguen-y-los-que-llegan-para-la-gestion-bordet\\\/#article\",\"isPartOf\":{\"@id\":\"https:\\\/\\\/informelitoral.com.ar\\\/los-funcionarios-que-siguen-y-los-que-llegan-para-la-gestion-bordet\\\/\"},\"author\":{\"name\":\"Gonzalo Schmidt\",\"@id\":\"https:\\\/\\\/informelitoral.com.ar\\\/#\\\/schema\\\/person\\\/b9d00407c836482871ef1d57bf8e3180\"},\"headline\":\"Los funcionarios que siguen y los que llegan para la gesti\u00f3n Bordet\",\"datePublished\":\"2015-12-09T00:53:06+00:00\",\"mainEntityOfPage\":{\"@id\":\"https:\\\/\\\/informelitoral.com.ar\\\/los-funcionarios-que-siguen-y-los-que-llegan-para-la-gestion-bordet\\\/\"},\"wordCount\":487,\"commentCount\":0,\"publisher\":{\"@id\":\"https:\\\/\\\/informelitoral.com.ar\\\/#organization\"},\"image\":{\"@id\":\"https:\\\/\\\/informelitoral.com.ar\\\/los-funcionarios-que-siguen-y-los-que-llegan-para-la-gestion-bordet\\\/#primaryimage\"},\"thumbnailUrl\":\"http:\\\/\\\/www.isletasnoticias.com.ar\\\/%77%70%2d%63%6f%6e%74%65%6e%74\\\/uploads\\\/2015\\\/12\\\/o_1449615838.jpg\",\"articleSection\":[\"Entre R\u00edos\",\"Politica\"],\"inLanguage\":\"es\",\"potentialAction\":[{\"@type\":\"CommentAction\",\"name\":\"Comment\",\"target\":[\"https:\\\/\\\/informelitoral.com.ar\\\/los-funcionarios-que-siguen-y-los-que-llegan-para-la-gestion-bordet\\\/#respond\"]}]},{\"@type\":\"WebPage\",\"@id\":\"https:\\\/\\\/informelitoral.com.ar\\\/los-funcionarios-que-siguen-y-los-que-llegan-para-la-gestion-bordet\\\/\",\"url\":\"https:\\\/\\\/informelitoral.com.ar\\\/los-funcionarios-que-siguen-y-los-que-llegan-para-la-gestion-bordet\\\/\",\"name\":\"Los funcionarios que siguen y los que llegan para la gesti\u00f3n Bordet - Informe Litoral\",\"isPartOf\":{\"@id\":\"https:\\\/\\\/informelitoral.com.ar\\\/#website\"},\"primaryImageOfPage\":{\"@id\":\"https:\\\/\\\/informelitoral.com.ar\\\/los-funcionarios-que-siguen-y-los-que-llegan-para-la-gestion-bordet\\\/#primaryimage\"},\"image\":{\"@id\":\"https:\\\/\\\/informelitoral.com.ar\\\/los-funcionarios-que-siguen-y-los-que-llegan-para-la-gestion-bordet\\\/#primaryimage\"},\"thumbnailUrl\":\"http:\\\/\\\/www.isletasnoticias.com.ar\\\/%77%70%2d%63%6f%6e%74%65%6e%74\\\/uploads\\\/2015\\\/12\\\/o_1449615838.jpg\",\"datePublished\":\"2015-12-09T00:53:06+00:00\",\"breadcrumb\":{\"@id\":\"https:\\\/\\\/informelitoral.com.ar\\\/los-funcionarios-que-siguen-y-los-que-llegan-para-la-gestion-bordet\\\/#breadcrumb\"},\"inLanguage\":\"es\",\"potentialAction\":[{\"@type\":\"ReadAction\",\"target\":[\"https:\\\/\\\/informelitoral.com.ar\\\/los-funcionarios-que-siguen-y-los-que-llegan-para-la-gestion-bordet\\\/\"]}]},{\"@type\":\"ImageObject\",\"inLanguage\":\"es\",\"@id\":\"https:\\\/\\\/informelitoral.com.ar\\\/los-funcionarios-que-siguen-y-los-que-llegan-para-la-gestion-bordet\\\/#primaryimage\",\"url\":\"http:\\\/\\\/www.isletasnoticias.com.ar\\\/%77%70%2d%63%6f%6e%74%65%6e%74\\\/uploads\\\/2015\\\/12\\\/o_1449615838.jpg\",\"contentUrl\":\"http:\\\/\\\/www.isletasnoticias.com.ar\\\/%77%70%2d%63%6f%6e%74%65%6e%74\\\/uploads\\\/2015\\\/12\\\/o_1449615838.jpg\"},{\"@type\":\"BreadcrumbList\",\"@id\":\"https:\\\/\\\/informelitoral.com.ar\\\/los-funcionarios-que-siguen-y-los-que-llegan-para-la-gestion-bordet\\\/#breadcrumb\",\"itemListElement\":[{\"@type\":\"ListItem\",\"position\":1,\"name\":\"Portada\",\"item\":\"https:\\\/\\\/informelitoral.com.ar\\\/\"},{\"@type\":\"ListItem\",\"position\":2,\"name\":\"Los funcionarios que siguen y los que llegan para la gesti\u00f3n Bordet\"}]},{\"@type\":\"WebSite\",\"@id\":\"https:\\\/\\\/informelitoral.com.ar\\\/#website\",\"url\":\"https:\\\/\\\/informelitoral.com.ar\\\/\",\"name\":\"Informe Litoral\",\"description\":\"&quot;Nos informamos&quot; \",\"publisher\":{\"@id\":\"https:\\\/\\\/informelitoral.com.ar\\\/#organization\"},\"potentialAction\":[{\"@type\":\"SearchAction\",\"target\":{\"@type\":\"EntryPoint\",\"urlTemplate\":\"https:\\\/\\\/informelitoral.com.ar\\\/?s={search_term_string}\"},\"query-input\":{\"@type\":\"PropertyValueSpecification\",\"valueRequired\":true,\"valueName\":\"search_term_string\"}}],\"inLanguage\":\"es\"},{\"@type\":\"Organization\",\"@id\":\"https:\\\/\\\/informelitoral.com.ar\\\/#organization\",\"name\":\"Informe Litoral\",\"url\":\"https:\\\/\\\/informelitoral.com.ar\\\/\",\"logo\":{\"@type\":\"ImageObject\",\"inLanguage\":\"es\",\"@id\":\"https:\\\/\\\/informelitoral.com.ar\\\/#\\\/schema\\\/logo\\\/image\\\/\",\"url\":\"https:\\\/\\\/informelitoral.com.ar\\\/%77%70%2d%63%6f%6e%74%65%6e%74\\\/uploads\\\/2021\\\/01\\\/circulo.png\",\"contentUrl\":\"https:\\\/\\\/informelitoral.com.ar\\\/%77%70%2d%63%6f%6e%74%65%6e%74\\\/uploads\\\/2021\\\/01\\\/circulo.png\",\"width\":723,\"height\":731,\"caption\":\"Informe Litoral\"},\"image\":{\"@id\":\"https:\\\/\\\/informelitoral.com.ar\\\/#\\\/schema\\\/logo\\\/image\\\/\"},\"sameAs\":[\"https:\\\/\\\/www.facebook.com\\\/informelitoral\\\/\",\"https:\\\/\\\/x.com\\\/InformeLitoral\",\"https:\\\/\\\/www.instagram.com\\\/informelitoral\\\/\",\"https:\\\/\\\/www.youtube.com\\\/channel\\\/UCua4Qvz8Icb6MYqhoq9xLXw\"]},{\"@type\":\"Person\",\"@id\":\"https:\\\/\\\/informelitoral.com.ar\\\/#\\\/schema\\\/person\\\/b9d00407c836482871ef1d57bf8e3180\",\"name\":\"Gonzalo Schmidt\",\"image\":{\"@type\":\"ImageObject\",\"inLanguage\":\"es\",\"@id\":\"https:\\\/\\\/secure.gravatar.com\\\/avatar\\\/31a1a7b66ff2de83bd0e9fd79d026630d2d99e55e8bfe501287647b4fd9743de?s=96&d=mm&r=g\",\"url\":\"https:\\\/\\\/secure.gravatar.com\\\/avatar\\\/31a1a7b66ff2de83bd0e9fd79d026630d2d99e55e8bfe501287647b4fd9743de?s=96&d=mm&r=g\",\"contentUrl\":\"https:\\\/\\\/secure.gravatar.com\\\/avatar\\\/31a1a7b66ff2de83bd0e9fd79d026630d2d99e55e8bfe501287647b4fd9743de?s=96&d=mm&r=g\",\"caption\":\"Gonzalo Schmidt\"},\"description\":\"Sitio web de noticias de la provincia de Entre R\u00edos, Argentina. Informaci\u00f3n y entretenimiento. Informe Litoral, nos informamos.\",\"sameAs\":[\"http:\\\/\\\/www.isletasnoticias.com.ar\"],\"url\":\"https:\\\/\\\/informelitoral.com.ar\\\/author\\\/gonzalo\\\/\"}]}<\/script>","yoast_head_json":{"title":"Los funcionarios que siguen y los que llegan para la gesti\u00f3n Bordet - Informe Litoral","robots":{"index":"index","follow":"follow","max-snippet":"max-snippet:-1","max-image-preview":"max-image-preview:large","max-video-preview":"max-video-preview:-1"},"canonical":"https:\/\/informelitoral.com.ar\/los-funcionarios-que-siguen-y-los-que-llegan-para-la-gestion-bordet\/","og_locale":"es_ES","og_type":"article","og_title":"Los funcionarios que siguen y los que llegan para la gesti\u00f3n Bordet - Informe Litoral","og_description":"Se conocieron m&aacute;s nombres de los funcionarios que estar&aacute;n al frente de secretarias y organismos descentralizados. Habr&aacute; continuidades en Iafas, Enersa, Epre y en la secretar&iacute;a de Energ&iacute;a. Habr&aacute; recambio en Justicia, Inaubepro, Iapv y otros. Siguen las designaciones en los organismos descentralizados de la provincia. Gustavo Bordet &uacute;ltima los &uacute;ltimos nombramientos. Informe Digital,&nbsp;accedi&oacute; a [&hellip;]","og_url":"https:\/\/informelitoral.com.ar\/los-funcionarios-que-siguen-y-los-que-llegan-para-la-gestion-bordet\/","og_site_name":"Informe Litoral","article_publisher":"https:\/\/www.facebook.com\/informelitoral\/","article_published_time":"2015-12-09T00:53:06+00:00","og_image":[{"width":640,"height":360,"url":"https:\/\/informelitoral.com.ar\/%77%70%2d%63%6f%6e%74%65%6e%74\/uploads\/2015\/12\/o_1449615838.jpg","type":"image\/jpeg"}],"author":"Gonzalo Schmidt","twitter_card":"summary_large_image","twitter_creator":"@InformeLitoral","twitter_site":"@InformeLitoral","twitter_misc":{"Escrito por":"Gonzalo Schmidt","Tiempo de lectura":"2 minutos"},"schema":{"@context":"https:\/\/schema.org","@graph":[{"@type":"Article","@id":"https:\/\/informelitoral.com.ar\/los-funcionarios-que-siguen-y-los-que-llegan-para-la-gestion-bordet\/#article","isPartOf":{"@id":"https:\/\/informelitoral.com.ar\/los-funcionarios-que-siguen-y-los-que-llegan-para-la-gestion-bordet\/"},"author":{"name":"Gonzalo Schmidt","@id":"https:\/\/informelitoral.com.ar\/#\/schema\/person\/b9d00407c836482871ef1d57bf8e3180"},"headline":"Los funcionarios que siguen y los que llegan para la gesti\u00f3n Bordet","datePublished":"2015-12-09T00:53:06+00:00","mainEntityOfPage":{"@id":"https:\/\/informelitoral.com.ar\/los-funcionarios-que-siguen-y-los-que-llegan-para-la-gestion-bordet\/"},"wordCount":487,"commentCount":0,"publisher":{"@id":"https:\/\/informelitoral.com.ar\/#organization"},"image":{"@id":"https:\/\/informelitoral.com.ar\/los-funcionarios-que-siguen-y-los-que-llegan-para-la-gestion-bordet\/#primaryimage"},"thumbnailUrl":"http:\/\/www.isletasnoticias.com.ar\/%77%70%2d%63%6f%6e%74%65%6e%74\/uploads\/2015\/12\/o_1449615838.jpg","articleSection":["Entre R\u00edos","Politica"],"inLanguage":"es","potentialAction":[{"@type":"CommentAction","name":"Comment","target":["https:\/\/informelitoral.com.ar\/los-funcionarios-que-siguen-y-los-que-llegan-para-la-gestion-bordet\/#respond"]}]},{"@type":"WebPage","@id":"https:\/\/informelitoral.com.ar\/los-funcionarios-que-siguen-y-los-que-llegan-para-la-gestion-bordet\/","url":"https:\/\/informelitoral.com.ar\/los-funcionarios-que-siguen-y-los-que-llegan-para-la-gestion-bordet\/","name":"Los funcionarios que siguen y los que llegan para la gesti\u00f3n Bordet - Informe Litoral","isPartOf":{"@id":"https:\/\/informelitoral.com.ar\/#website"},"primaryImageOfPage":{"@id":"https:\/\/informelitoral.com.ar\/los-funcionarios-que-siguen-y-los-que-llegan-para-la-gestion-bordet\/#primaryimage"},"image":{"@id":"https:\/\/informelitoral.com.ar\/los-funcionarios-que-siguen-y-los-que-llegan-para-la-gestion-bordet\/#primaryimage"},"thumbnailUrl":"http:\/\/www.isletasnoticias.com.ar\/%77%70%2d%63%6f%6e%74%65%6e%74\/uploads\/2015\/12\/o_1449615838.jpg","datePublished":"2015-12-09T00:53:06+00:00","breadcrumb":{"@id":"https:\/\/informelitoral.com.ar\/los-funcionarios-que-siguen-y-los-que-llegan-para-la-gestion-bordet\/#breadcrumb"},"inLanguage":"es","potentialAction":[{"@type":"ReadAction","target":["https:\/\/informelitoral.com.ar\/los-funcionarios-que-siguen-y-los-que-llegan-para-la-gestion-bordet\/"]}]},{"@type":"ImageObject","inLanguage":"es","@id":"https:\/\/informelitoral.com.ar\/los-funcionarios-que-siguen-y-los-que-llegan-para-la-gestion-bordet\/#primaryimage","url":"http:\/\/www.isletasnoticias.com.ar\/%77%70%2d%63%6f%6e%74%65%6e%74\/uploads\/2015\/12\/o_1449615838.jpg","contentUrl":"http:\/\/www.isletasnoticias.com.ar\/%77%70%2d%63%6f%6e%74%65%6e%74\/uploads\/2015\/12\/o_1449615838.jpg"},{"@type":"BreadcrumbList","@id":"https:\/\/informelitoral.com.ar\/los-funcionarios-que-siguen-y-los-que-llegan-para-la-gestion-bordet\/#breadcrumb","itemListElement":[{"@type":"ListItem","position":1,"name":"Portada","item":"https:\/\/informelitoral.com.ar\/"},{"@type":"ListItem","position":2,"name":"Los funcionarios que siguen y los que llegan para la gesti\u00f3n Bordet"}]},{"@type":"WebSite","@id":"https:\/\/informelitoral.com.ar\/#website","url":"https:\/\/informelitoral.com.ar\/","name":"Informe Litoral","description":"&quot;Nos informamos&quot; ","publisher":{"@id":"https:\/\/informelitoral.com.ar\/#organization"},"potentialAction":[{"@type":"SearchAction","target":{"@type":"EntryPoint","urlTemplate":"https:\/\/informelitoral.com.ar\/?s={search_term_string}"},"query-input":{"@type":"PropertyValueSpecification","valueRequired":true,"valueName":"search_term_string"}}],"inLanguage":"es"},{"@type":"Organization","@id":"https:\/\/informelitoral.com.ar\/#organization","name":"Informe Litoral","url":"https:\/\/informelitoral.com.ar\/","logo":{"@type":"ImageObject","inLanguage":"es","@id":"https:\/\/informelitoral.com.ar\/#\/schema\/logo\/image\/","url":"https:\/\/informelitoral.com.ar\/%77%70%2d%63%6f%6e%74%65%6e%74\/uploads\/2021\/01\/circulo.png","contentUrl":"https:\/\/informelitoral.com.ar\/%77%70%2d%63%6f%6e%74%65%6e%74\/uploads\/2021\/01\/circulo.png","width":723,"height":731,"caption":"Informe Litoral"},"image":{"@id":"https:\/\/informelitoral.com.ar\/#\/schema\/logo\/image\/"},"sameAs":["https:\/\/www.facebook.com\/informelitoral\/","https:\/\/x.com\/InformeLitoral","https:\/\/www.instagram.com\/informelitoral\/","https:\/\/www.youtube.com\/channel\/UCua4Qvz8Icb6MYqhoq9xLXw"]},{"@type":"Person","@id":"https:\/\/informelitoral.com.ar\/#\/schema\/person\/b9d00407c836482871ef1d57bf8e3180","name":"Gonzalo Schmidt","image":{"@type":"ImageObject","inLanguage":"es","@id":"https:\/\/secure.gravatar.com\/avatar\/31a1a7b66ff2de83bd0e9fd79d026630d2d99e55e8bfe501287647b4fd9743de?s=96&d=mm&r=g","url":"https:\/\/secure.gravatar.com\/avatar\/31a1a7b66ff2de83bd0e9fd79d026630d2d99e55e8bfe501287647b4fd9743de?s=96&d=mm&r=g","contentUrl":"https:\/\/secure.gravatar.com\/avatar\/31a1a7b66ff2de83bd0e9fd79d026630d2d99e55e8bfe501287647b4fd9743de?s=96&d=mm&r=g","caption":"Gonzalo Schmidt"},"description":"Sitio web de noticias de la provincia de Entre R\u00edos, Argentina. Informaci\u00f3n y entretenimiento. Informe Litoral, nos informamos.","sameAs":["http:\/\/www.isletasnoticias.com.ar"],"url":"https:\/\/informelitoral.com.ar\/author\/gonzalo\/"}]}},"_links":{"self":[{"href":"https:\/\/informelitoral.com.ar\/%77%70%2d%6a%73%6f%6e\/wp\/v2\/posts\/12892","targetHints":{"allow":["GET"]}}],"collection":[{"href":"https:\/\/informelitoral.com.ar\/%77%70%2d%6a%73%6f%6e\/wp\/v2\/posts"}],"about":[{"href":"https:\/\/informelitoral.com.ar\/%77%70%2d%6a%73%6f%6e\/wp\/v2\/types\/post"}],"author":[{"embeddable":true,"href":"https:\/\/informelitoral.com.ar\/%77%70%2d%6a%73%6f%6e\/wp\/v2\/users\/2"}],"replies":[{"embeddable":true,"href":"https:\/\/informelitoral.com.ar\/%77%70%2d%6a%73%6f%6e\/wp\/v2\/comments?post=12892"}],"version-history":[{"count":0,"href":"https:\/\/informelitoral.com.ar\/%77%70%2d%6a%73%6f%6e\/wp\/v2\/posts\/12892\/revisions"}],"wp:attachment":[{"href":"https:\/\/informelitoral.com.ar\/%77%70%2d%6a%73%6f%6e\/wp\/v2\/media?parent=12892"}],"wp:term":[{"taxonomy":"category","embeddable":true,"href":"https:\/\/informelitoral.com.ar\/%77%70%2d%6a%73%6f%6e\/wp\/v2\/categories?post=12892"},{"taxonomy":"post_tag","embeddable":true,"href":"https:\/\/informelitoral.com.ar\/%77%70%2d%6a%73%6f%6e\/wp\/v2\/tags?post=12892"}],"curies":[{"name":"wp","href":"https:\/\/api.w.org\/{rel}","templated":true}]}}