{"id":12889,"date":"2015-12-08T21:44:50","date_gmt":"2015-12-09T00:44:50","guid":{"rendered":"http:\/\/www.isletasnoticias.com.ar\/?p=12889"},"modified":"2015-12-08T21:44:50","modified_gmt":"2015-12-09T00:44:50","slug":"fallecio-el-ecologista-douglas-tompkins-tras-sufrir-un-accidente-en-kayak","status":"publish","type":"post","link":"https:\/\/informelitoral.com.ar\/fallecio-el-ecologista-douglas-tompkins-tras-sufrir-un-accidente-en-kayak\/","title":{"rendered":"Falleci\u00f3 el ecologista Douglas Tompkins tras sufrir un accidente en kayak"},"content":{"rendered":"<p><strong>El empresario hab\u00eda llegado al hospital con un severo cuadro de hipotermia.<a href=\"http:\/\/www.isletasnoticias.com.ar\/%77%70%2d%63%6f%6e%74%65%6e%74\/uploads\/2015\/12\/2127103w620.jpg\"><img loading=\"lazy\" decoding=\"async\" class=\"aligncenter size-full wp-image-12890\" src=\"http:\/\/www.isletasnoticias.com.ar\/%77%70%2d%63%6f%6e%74%65%6e%74\/uploads\/2015\/12\/2127103w620.jpg\" alt=\"2127103w620\" width=\"620\" height=\"348\" srcset=\"https:\/\/informelitoral.com.ar\/%77%70%2d%63%6f%6e%74%65%6e%74\/uploads\/2015\/12\/2127103w620.jpg 620w, https:\/\/informelitoral.com.ar\/%77%70%2d%63%6f%6e%74%65%6e%74\/uploads\/2015\/12\/2127103w620-300x168.jpg 300w\" sizes=\"auto, (max-width: 620px) 100vw, 620px\" \/><\/a><\/strong><\/p>\n<p class=\"primero\">Esta tarde muri\u00f3 el empresario estadounidense y ecologista <strong>Douglas Tompkins,<\/strong>\u00a0seg\u00fan lo consignado por el diario La Tercera de Chile y reprodujo <em>La Naci\u00f3n.<\/em><\/p>\n<p>Tompkins, de 72 a\u00f1os, hab\u00eda sufrido un accidente esta ma\u00f1ana cuando practicaba kayak junto a otras cinco personas en el lago General Carrera. Fue trasladado al hospital regional de Coyhaique con un severo cuadro de hipotermia y falleci\u00f3 en el mismo establecimiento.<\/p>\n<p>Tompkins, navegaba en el sector norte del lago ubicado en la regi\u00f3n de Ays\u00e9n, 1600 kil\u00f3metros al sur de Santiago, cerca de la frontera con Argentina.<\/p>\n<p>El empresario fue rescatado por un helic\u00f3ptero particular, al igual que otras dos kayakistas, mientras que personal de la Armada auxili\u00f3 a los otros tres siniestrados, precis\u00f3 el diario \u00abEl Mercurio\u00bb.<\/p>\n<p>Al ingresar al hospital, los m\u00e9dicos intentaron elevar su temperatura corporal ya que hab\u00eda llegado con 19 grados, cuando lo normal es 35. El m\u00e9dico que atendi\u00f3 a Tompkins, Carlos Salazar, hab\u00eda declarado que el estado del paciente era muy delicado y que \u00abla posibilidad de sobrevida es baja\u00bb.<\/p>\n<p>Fundador de la marca de ropa y equipamiento para deportes al aire libre The North Face y de Esprit, una empresa multinacional de ropa que alcanz\u00f3 m\u00e1s de un bill\u00f3n de d\u00f3lares en ventas, Tompkins se radic\u00f3 en el sur de Chile hace m\u00e1s de dos d\u00e9cadas.<\/p>\n<p>All\u00ed cre\u00f3 su primer proyecto de conservaci\u00f3n de gran envergadura, el Parque Pumal\u00edn, en la provincia de Palena, un \u00e1rea de 300.000 hect\u00e1reas de bosque templado lluvioso, de altas cumbres, lagos y r\u00edos.<\/p>\n","protected":false},"excerpt":{"rendered":"<p>El empresario hab&iacute;a llegado al hospital con un severo cuadro de hipotermia. Esta tarde muri&oacute; el empresario estadounidense y ecologista Douglas Tompkins,&nbsp;seg&uacute;n lo consignado por el diario La Tercera de Chile y reprodujo La Naci&oacute;n. Tompkins, de 72 a&ntilde;os, hab&iacute;a sufrido un accidente esta ma&ntilde;ana cuando practicaba kayak junto a otras cinco personas en el [&hellip;]<\/p>\n","protected":false},"author":2,"featured_media":0,"comment_status":"open","ping_status":"open","sticky":false,"template":"","format":"standard","meta":{"fifu_image_url":"","fifu_image_alt":"","footnotes":""},"categories":[8,9],"tags":[],"class_list":{"0":"post-12889","1":"post","2":"type-post","3":"status-publish","4":"format-standard","6":"category-internacionales","7":"category-sociedad"},"yoast_head":"<title>Falleci\u00f3 el ecologista Douglas Tompkins tras sufrir un accidente en kayak - Informe Litoral<\/title>\n<meta name=\"robots\" content=\"index, follow, max-snippet:-1, max-image-preview:large, max-video-preview:-1\" \/>\n<link rel=\"canonical\" href=\"https:\/\/informelitoral.com.ar\/fallecio-el-ecologista-douglas-tompkins-tras-sufrir-un-accidente-en-kayak\/\" \/>\n<meta property=\"og:locale\" content=\"es_ES\" \/>\n<meta property=\"og:type\" content=\"article\" \/>\n<meta property=\"og:title\" content=\"Falleci\u00f3 el ecologista Douglas Tompkins tras sufrir un accidente en kayak - Informe Litoral\" \/>\n<meta property=\"og:description\" content=\"El empresario hab&iacute;a llegado al hospital con un severo cuadro de hipotermia. Esta tarde muri&oacute; el empresario estadounidense y ecologista Douglas Tompkins,&nbsp;seg&uacute;n lo consignado por el diario La Tercera de Chile y reprodujo La Naci&oacute;n. Tompkins, de 72 a&ntilde;os, hab&iacute;a sufrido un accidente esta ma&ntilde;ana cuando practicaba kayak junto a otras cinco personas en el [&hellip;]\" \/>\n<meta property=\"og:url\" content=\"https:\/\/informelitoral.com.ar\/fallecio-el-ecologista-douglas-tompkins-tras-sufrir-un-accidente-en-kayak\/\" \/>\n<meta property=\"og:site_name\" content=\"Informe Litoral\" \/>\n<meta property=\"article:publisher\" content=\"https:\/\/www.facebook.com\/informelitoral\/\" \/>\n<meta property=\"article:published_time\" content=\"2015-12-09T00:44:50+00:00\" \/>\n<meta property=\"og:image\" content=\"https:\/\/informelitoral.com.ar\/%77%70%2d%63%6f%6e%74%65%6e%74\/uploads\/2015\/12\/2127103w620.jpg\" \/>\n\t<meta property=\"og:image:width\" content=\"620\" \/>\n\t<meta property=\"og:image:height\" content=\"348\" \/>\n\t<meta property=\"og:image:type\" content=\"image\/jpeg\" \/>\n<meta name=\"author\" content=\"Gonzalo Schmidt\" \/>\n<meta name=\"twitter:card\" content=\"summary_large_image\" \/>\n<meta name=\"twitter:creator\" content=\"@InformeLitoral\" \/>\n<meta name=\"twitter:site\" content=\"@InformeLitoral\" \/>\n<meta name=\"twitter:label1\" content=\"Escrito por\" \/>\n\t<meta name=\"twitter:data1\" content=\"Gonzalo Schmidt\" \/>\n\t<meta name=\"twitter:label2\" content=\"Tiempo de lectura\" \/>\n\t<meta name=\"twitter:data2\" content=\"1 minuto\" \/>\n<script type=\"application\/ld+json\" class=\"yoast-schema-graph\">{\"@context\":\"https:\\\/\\\/schema.org\",\"@graph\":[{\"@type\":\"Article\",\"@id\":\"https:\\\/\\\/informelitoral.com.ar\\\/fallecio-el-ecologista-douglas-tompkins-tras-sufrir-un-accidente-en-kayak\\\/#article\",\"isPartOf\":{\"@id\":\"https:\\\/\\\/informelitoral.com.ar\\\/fallecio-el-ecologista-douglas-tompkins-tras-sufrir-un-accidente-en-kayak\\\/\"},\"author\":{\"name\":\"Gonzalo Schmidt\",\"@id\":\"https:\\\/\\\/informelitoral.com.ar\\\/#\\\/schema\\\/person\\\/b9d00407c836482871ef1d57bf8e3180\"},\"headline\":\"Falleci\u00f3 el ecologista Douglas Tompkins tras sufrir un accidente en kayak\",\"datePublished\":\"2015-12-09T00:44:50+00:00\",\"mainEntityOfPage\":{\"@id\":\"https:\\\/\\\/informelitoral.com.ar\\\/fallecio-el-ecologista-douglas-tompkins-tras-sufrir-un-accidente-en-kayak\\\/\"},\"wordCount\":293,\"commentCount\":0,\"publisher\":{\"@id\":\"https:\\\/\\\/informelitoral.com.ar\\\/#organization\"},\"image\":{\"@id\":\"https:\\\/\\\/informelitoral.com.ar\\\/fallecio-el-ecologista-douglas-tompkins-tras-sufrir-un-accidente-en-kayak\\\/#primaryimage\"},\"thumbnailUrl\":\"http:\\\/\\\/www.isletasnoticias.com.ar\\\/%77%70%2d%63%6f%6e%74%65%6e%74\\\/uploads\\\/2015\\\/12\\\/2127103w620.jpg\",\"articleSection\":[\"Internacionales\",\"Sociedad\"],\"inLanguage\":\"es\",\"potentialAction\":[{\"@type\":\"CommentAction\",\"name\":\"Comment\",\"target\":[\"https:\\\/\\\/informelitoral.com.ar\\\/fallecio-el-ecologista-douglas-tompkins-tras-sufrir-un-accidente-en-kayak\\\/#respond\"]}]},{\"@type\":\"WebPage\",\"@id\":\"https:\\\/\\\/informelitoral.com.ar\\\/fallecio-el-ecologista-douglas-tompkins-tras-sufrir-un-accidente-en-kayak\\\/\",\"url\":\"https:\\\/\\\/informelitoral.com.ar\\\/fallecio-el-ecologista-douglas-tompkins-tras-sufrir-un-accidente-en-kayak\\\/\",\"name\":\"Falleci\u00f3 el ecologista Douglas Tompkins tras sufrir un accidente en kayak - Informe Litoral\",\"isPartOf\":{\"@id\":\"https:\\\/\\\/informelitoral.com.ar\\\/#website\"},\"primaryImageOfPage\":{\"@id\":\"https:\\\/\\\/informelitoral.com.ar\\\/fallecio-el-ecologista-douglas-tompkins-tras-sufrir-un-accidente-en-kayak\\\/#primaryimage\"},\"image\":{\"@id\":\"https:\\\/\\\/informelitoral.com.ar\\\/fallecio-el-ecologista-douglas-tompkins-tras-sufrir-un-accidente-en-kayak\\\/#primaryimage\"},\"thumbnailUrl\":\"http:\\\/\\\/www.isletasnoticias.com.ar\\\/%77%70%2d%63%6f%6e%74%65%6e%74\\\/uploads\\\/2015\\\/12\\\/2127103w620.jpg\",\"datePublished\":\"2015-12-09T00:44:50+00:00\",\"breadcrumb\":{\"@id\":\"https:\\\/\\\/informelitoral.com.ar\\\/fallecio-el-ecologista-douglas-tompkins-tras-sufrir-un-accidente-en-kayak\\\/#breadcrumb\"},\"inLanguage\":\"es\",\"potentialAction\":[{\"@type\":\"ReadAction\",\"target\":[\"https:\\\/\\\/informelitoral.com.ar\\\/fallecio-el-ecologista-douglas-tompkins-tras-sufrir-un-accidente-en-kayak\\\/\"]}]},{\"@type\":\"ImageObject\",\"inLanguage\":\"es\",\"@id\":\"https:\\\/\\\/informelitoral.com.ar\\\/fallecio-el-ecologista-douglas-tompkins-tras-sufrir-un-accidente-en-kayak\\\/#primaryimage\",\"url\":\"http:\\\/\\\/www.isletasnoticias.com.ar\\\/%77%70%2d%63%6f%6e%74%65%6e%74\\\/uploads\\\/2015\\\/12\\\/2127103w620.jpg\",\"contentUrl\":\"http:\\\/\\\/www.isletasnoticias.com.ar\\\/%77%70%2d%63%6f%6e%74%65%6e%74\\\/uploads\\\/2015\\\/12\\\/2127103w620.jpg\"},{\"@type\":\"BreadcrumbList\",\"@id\":\"https:\\\/\\\/informelitoral.com.ar\\\/fallecio-el-ecologista-douglas-tompkins-tras-sufrir-un-accidente-en-kayak\\\/#breadcrumb\",\"itemListElement\":[{\"@type\":\"ListItem\",\"position\":1,\"name\":\"Portada\",\"item\":\"https:\\\/\\\/informelitoral.com.ar\\\/\"},{\"@type\":\"ListItem\",\"position\":2,\"name\":\"Falleci\u00f3 el ecologista Douglas Tompkins tras sufrir un accidente en kayak\"}]},{\"@type\":\"WebSite\",\"@id\":\"https:\\\/\\\/informelitoral.com.ar\\\/#website\",\"url\":\"https:\\\/\\\/informelitoral.com.ar\\\/\",\"name\":\"Informe Litoral\",\"description\":\"&quot;Nos informamos&quot; \",\"publisher\":{\"@id\":\"https:\\\/\\\/informelitoral.com.ar\\\/#organization\"},\"potentialAction\":[{\"@type\":\"SearchAction\",\"target\":{\"@type\":\"EntryPoint\",\"urlTemplate\":\"https:\\\/\\\/informelitoral.com.ar\\\/?s={search_term_string}\"},\"query-input\":{\"@type\":\"PropertyValueSpecification\",\"valueRequired\":true,\"valueName\":\"search_term_string\"}}],\"inLanguage\":\"es\"},{\"@type\":\"Organization\",\"@id\":\"https:\\\/\\\/informelitoral.com.ar\\\/#organization\",\"name\":\"Informe Litoral\",\"url\":\"https:\\\/\\\/informelitoral.com.ar\\\/\",\"logo\":{\"@type\":\"ImageObject\",\"inLanguage\":\"es\",\"@id\":\"https:\\\/\\\/informelitoral.com.ar\\\/#\\\/schema\\\/logo\\\/image\\\/\",\"url\":\"https:\\\/\\\/informelitoral.com.ar\\\/%77%70%2d%63%6f%6e%74%65%6e%74\\\/uploads\\\/2021\\\/01\\\/circulo.png\",\"contentUrl\":\"https:\\\/\\\/informelitoral.com.ar\\\/%77%70%2d%63%6f%6e%74%65%6e%74\\\/uploads\\\/2021\\\/01\\\/circulo.png\",\"width\":723,\"height\":731,\"caption\":\"Informe Litoral\"},\"image\":{\"@id\":\"https:\\\/\\\/informelitoral.com.ar\\\/#\\\/schema\\\/logo\\\/image\\\/\"},\"sameAs\":[\"https:\\\/\\\/www.facebook.com\\\/informelitoral\\\/\",\"https:\\\/\\\/x.com\\\/InformeLitoral\",\"https:\\\/\\\/www.instagram.com\\\/informelitoral\\\/\",\"https:\\\/\\\/www.youtube.com\\\/channel\\\/UCua4Qvz8Icb6MYqhoq9xLXw\"]},{\"@type\":\"Person\",\"@id\":\"https:\\\/\\\/informelitoral.com.ar\\\/#\\\/schema\\\/person\\\/b9d00407c836482871ef1d57bf8e3180\",\"name\":\"Gonzalo Schmidt\",\"image\":{\"@type\":\"ImageObject\",\"inLanguage\":\"es\",\"@id\":\"https:\\\/\\\/secure.gravatar.com\\\/avatar\\\/31a1a7b66ff2de83bd0e9fd79d026630d2d99e55e8bfe501287647b4fd9743de?s=96&d=mm&r=g\",\"url\":\"https:\\\/\\\/secure.gravatar.com\\\/avatar\\\/31a1a7b66ff2de83bd0e9fd79d026630d2d99e55e8bfe501287647b4fd9743de?s=96&d=mm&r=g\",\"contentUrl\":\"https:\\\/\\\/secure.gravatar.com\\\/avatar\\\/31a1a7b66ff2de83bd0e9fd79d026630d2d99e55e8bfe501287647b4fd9743de?s=96&d=mm&r=g\",\"caption\":\"Gonzalo Schmidt\"},\"description\":\"Sitio web de noticias de la provincia de Entre R\u00edos, Argentina. Informaci\u00f3n y entretenimiento. Informe Litoral, nos informamos.\",\"sameAs\":[\"http:\\\/\\\/www.isletasnoticias.com.ar\"],\"url\":\"https:\\\/\\\/informelitoral.com.ar\\\/author\\\/gonzalo\\\/\"}]}<\/script>","yoast_head_json":{"title":"Falleci\u00f3 el ecologista Douglas Tompkins tras sufrir un accidente en kayak - Informe Litoral","robots":{"index":"index","follow":"follow","max-snippet":"max-snippet:-1","max-image-preview":"max-image-preview:large","max-video-preview":"max-video-preview:-1"},"canonical":"https:\/\/informelitoral.com.ar\/fallecio-el-ecologista-douglas-tompkins-tras-sufrir-un-accidente-en-kayak\/","og_locale":"es_ES","og_type":"article","og_title":"Falleci\u00f3 el ecologista Douglas Tompkins tras sufrir un accidente en kayak - Informe Litoral","og_description":"El empresario hab&iacute;a llegado al hospital con un severo cuadro de hipotermia. Esta tarde muri&oacute; el empresario estadounidense y ecologista Douglas Tompkins,&nbsp;seg&uacute;n lo consignado por el diario La Tercera de Chile y reprodujo La Naci&oacute;n. Tompkins, de 72 a&ntilde;os, hab&iacute;a sufrido un accidente esta ma&ntilde;ana cuando practicaba kayak junto a otras cinco personas en el [&hellip;]","og_url":"https:\/\/informelitoral.com.ar\/fallecio-el-ecologista-douglas-tompkins-tras-sufrir-un-accidente-en-kayak\/","og_site_name":"Informe Litoral","article_publisher":"https:\/\/www.facebook.com\/informelitoral\/","article_published_time":"2015-12-09T00:44:50+00:00","og_image":[{"width":620,"height":348,"url":"https:\/\/informelitoral.com.ar\/%77%70%2d%63%6f%6e%74%65%6e%74\/uploads\/2015\/12\/2127103w620.jpg","type":"image\/jpeg"}],"author":"Gonzalo Schmidt","twitter_card":"summary_large_image","twitter_creator":"@InformeLitoral","twitter_site":"@InformeLitoral","twitter_misc":{"Escrito por":"Gonzalo Schmidt","Tiempo de lectura":"1 minuto"},"schema":{"@context":"https:\/\/schema.org","@graph":[{"@type":"Article","@id":"https:\/\/informelitoral.com.ar\/fallecio-el-ecologista-douglas-tompkins-tras-sufrir-un-accidente-en-kayak\/#article","isPartOf":{"@id":"https:\/\/informelitoral.com.ar\/fallecio-el-ecologista-douglas-tompkins-tras-sufrir-un-accidente-en-kayak\/"},"author":{"name":"Gonzalo Schmidt","@id":"https:\/\/informelitoral.com.ar\/#\/schema\/person\/b9d00407c836482871ef1d57bf8e3180"},"headline":"Falleci\u00f3 el ecologista Douglas Tompkins tras sufrir un accidente en kayak","datePublished":"2015-12-09T00:44:50+00:00","mainEntityOfPage":{"@id":"https:\/\/informelitoral.com.ar\/fallecio-el-ecologista-douglas-tompkins-tras-sufrir-un-accidente-en-kayak\/"},"wordCount":293,"commentCount":0,"publisher":{"@id":"https:\/\/informelitoral.com.ar\/#organization"},"image":{"@id":"https:\/\/informelitoral.com.ar\/fallecio-el-ecologista-douglas-tompkins-tras-sufrir-un-accidente-en-kayak\/#primaryimage"},"thumbnailUrl":"http:\/\/www.isletasnoticias.com.ar\/%77%70%2d%63%6f%6e%74%65%6e%74\/uploads\/2015\/12\/2127103w620.jpg","articleSection":["Internacionales","Sociedad"],"inLanguage":"es","potentialAction":[{"@type":"CommentAction","name":"Comment","target":["https:\/\/informelitoral.com.ar\/fallecio-el-ecologista-douglas-tompkins-tras-sufrir-un-accidente-en-kayak\/#respond"]}]},{"@type":"WebPage","@id":"https:\/\/informelitoral.com.ar\/fallecio-el-ecologista-douglas-tompkins-tras-sufrir-un-accidente-en-kayak\/","url":"https:\/\/informelitoral.com.ar\/fallecio-el-ecologista-douglas-tompkins-tras-sufrir-un-accidente-en-kayak\/","name":"Falleci\u00f3 el ecologista Douglas Tompkins tras sufrir un accidente en kayak - Informe Litoral","isPartOf":{"@id":"https:\/\/informelitoral.com.ar\/#website"},"primaryImageOfPage":{"@id":"https:\/\/informelitoral.com.ar\/fallecio-el-ecologista-douglas-tompkins-tras-sufrir-un-accidente-en-kayak\/#primaryimage"},"image":{"@id":"https:\/\/informelitoral.com.ar\/fallecio-el-ecologista-douglas-tompkins-tras-sufrir-un-accidente-en-kayak\/#primaryimage"},"thumbnailUrl":"http:\/\/www.isletasnoticias.com.ar\/%77%70%2d%63%6f%6e%74%65%6e%74\/uploads\/2015\/12\/2127103w620.jpg","datePublished":"2015-12-09T00:44:50+00:00","breadcrumb":{"@id":"https:\/\/informelitoral.com.ar\/fallecio-el-ecologista-douglas-tompkins-tras-sufrir-un-accidente-en-kayak\/#breadcrumb"},"inLanguage":"es","potentialAction":[{"@type":"ReadAction","target":["https:\/\/informelitoral.com.ar\/fallecio-el-ecologista-douglas-tompkins-tras-sufrir-un-accidente-en-kayak\/"]}]},{"@type":"ImageObject","inLanguage":"es","@id":"https:\/\/informelitoral.com.ar\/fallecio-el-ecologista-douglas-tompkins-tras-sufrir-un-accidente-en-kayak\/#primaryimage","url":"http:\/\/www.isletasnoticias.com.ar\/%77%70%2d%63%6f%6e%74%65%6e%74\/uploads\/2015\/12\/2127103w620.jpg","contentUrl":"http:\/\/www.isletasnoticias.com.ar\/%77%70%2d%63%6f%6e%74%65%6e%74\/uploads\/2015\/12\/2127103w620.jpg"},{"@type":"BreadcrumbList","@id":"https:\/\/informelitoral.com.ar\/fallecio-el-ecologista-douglas-tompkins-tras-sufrir-un-accidente-en-kayak\/#breadcrumb","itemListElement":[{"@type":"ListItem","position":1,"name":"Portada","item":"https:\/\/informelitoral.com.ar\/"},{"@type":"ListItem","position":2,"name":"Falleci\u00f3 el ecologista Douglas Tompkins tras sufrir un accidente en kayak"}]},{"@type":"WebSite","@id":"https:\/\/informelitoral.com.ar\/#website","url":"https:\/\/informelitoral.com.ar\/","name":"Informe Litoral","description":"&quot;Nos informamos&quot; ","publisher":{"@id":"https:\/\/informelitoral.com.ar\/#organization"},"potentialAction":[{"@type":"SearchAction","target":{"@type":"EntryPoint","urlTemplate":"https:\/\/informelitoral.com.ar\/?s={search_term_string}"},"query-input":{"@type":"PropertyValueSpecification","valueRequired":true,"valueName":"search_term_string"}}],"inLanguage":"es"},{"@type":"Organization","@id":"https:\/\/informelitoral.com.ar\/#organization","name":"Informe Litoral","url":"https:\/\/informelitoral.com.ar\/","logo":{"@type":"ImageObject","inLanguage":"es","@id":"https:\/\/informelitoral.com.ar\/#\/schema\/logo\/image\/","url":"https:\/\/informelitoral.com.ar\/%77%70%2d%63%6f%6e%74%65%6e%74\/uploads\/2021\/01\/circulo.png","contentUrl":"https:\/\/informelitoral.com.ar\/%77%70%2d%63%6f%6e%74%65%6e%74\/uploads\/2021\/01\/circulo.png","width":723,"height":731,"caption":"Informe Litoral"},"image":{"@id":"https:\/\/informelitoral.com.ar\/#\/schema\/logo\/image\/"},"sameAs":["https:\/\/www.facebook.com\/informelitoral\/","https:\/\/x.com\/InformeLitoral","https:\/\/www.instagram.com\/informelitoral\/","https:\/\/www.youtube.com\/channel\/UCua4Qvz8Icb6MYqhoq9xLXw"]},{"@type":"Person","@id":"https:\/\/informelitoral.com.ar\/#\/schema\/person\/b9d00407c836482871ef1d57bf8e3180","name":"Gonzalo Schmidt","image":{"@type":"ImageObject","inLanguage":"es","@id":"https:\/\/secure.gravatar.com\/avatar\/31a1a7b66ff2de83bd0e9fd79d026630d2d99e55e8bfe501287647b4fd9743de?s=96&d=mm&r=g","url":"https:\/\/secure.gravatar.com\/avatar\/31a1a7b66ff2de83bd0e9fd79d026630d2d99e55e8bfe501287647b4fd9743de?s=96&d=mm&r=g","contentUrl":"https:\/\/secure.gravatar.com\/avatar\/31a1a7b66ff2de83bd0e9fd79d026630d2d99e55e8bfe501287647b4fd9743de?s=96&d=mm&r=g","caption":"Gonzalo Schmidt"},"description":"Sitio web de noticias de la provincia de Entre R\u00edos, Argentina. Informaci\u00f3n y entretenimiento. Informe Litoral, nos informamos.","sameAs":["http:\/\/www.isletasnoticias.com.ar"],"url":"https:\/\/informelitoral.com.ar\/author\/gonzalo\/"}]}},"_links":{"self":[{"href":"https:\/\/informelitoral.com.ar\/%77%70%2d%6a%73%6f%6e\/wp\/v2\/posts\/12889","targetHints":{"allow":["GET"]}}],"collection":[{"href":"https:\/\/informelitoral.com.ar\/%77%70%2d%6a%73%6f%6e\/wp\/v2\/posts"}],"about":[{"href":"https:\/\/informelitoral.com.ar\/%77%70%2d%6a%73%6f%6e\/wp\/v2\/types\/post"}],"author":[{"embeddable":true,"href":"https:\/\/informelitoral.com.ar\/%77%70%2d%6a%73%6f%6e\/wp\/v2\/users\/2"}],"replies":[{"embeddable":true,"href":"https:\/\/informelitoral.com.ar\/%77%70%2d%6a%73%6f%6e\/wp\/v2\/comments?post=12889"}],"version-history":[{"count":0,"href":"https:\/\/informelitoral.com.ar\/%77%70%2d%6a%73%6f%6e\/wp\/v2\/posts\/12889\/revisions"}],"wp:attachment":[{"href":"https:\/\/informelitoral.com.ar\/%77%70%2d%6a%73%6f%6e\/wp\/v2\/media?parent=12889"}],"wp:term":[{"taxonomy":"category","embeddable":true,"href":"https:\/\/informelitoral.com.ar\/%77%70%2d%6a%73%6f%6e\/wp\/v2\/categories?post=12889"},{"taxonomy":"post_tag","embeddable":true,"href":"https:\/\/informelitoral.com.ar\/%77%70%2d%6a%73%6f%6e\/wp\/v2\/tags?post=12889"}],"curies":[{"name":"wp","href":"https:\/\/api.w.org\/{rel}","templated":true}]}}