{"id":12886,"date":"2015-12-08T13:01:11","date_gmt":"2015-12-08T16:01:11","guid":{"rendered":"http:\/\/www.isletasnoticias.com.ar\/?p=12886"},"modified":"2015-12-08T13:01:11","modified_gmt":"2015-12-08T16:01:11","slug":"cristina-kirchner-ratifico-que-el-traspaso-de-mando-se-hara-en-el-congreso","status":"publish","type":"post","link":"https:\/\/informelitoral.com.ar\/cristina-kirchner-ratifico-que-el-traspaso-de-mando-se-hara-en-el-congreso\/","title":{"rendered":"Cristina Kirchner ratific\u00f3 que el traspaso de mando se har\u00e1 en el Congreso"},"content":{"rendered":"<p><strong>La jefa de Estado habl\u00f3 este lunes, cuando sal\u00eda de su departamento, ubicado en el barrio porte\u00f1o de Recoleta, hasta donde lleg\u00f3 para iniciar su mudanza. Insisti\u00f3 con que la asunci\u00f3n de Macri \u00abse va a hacer seg\u00fan la Constituci\u00f3n\u00bb.<a href=\"http:\/\/www.isletasnoticias.com.ar\/%77%70%2d%63%6f%6e%74%65%6e%74\/uploads\/2015\/12\/o_1446194912.jpg\"><img loading=\"lazy\" decoding=\"async\" class=\"aligncenter size-full wp-image-12887\" src=\"http:\/\/www.isletasnoticias.com.ar\/%77%70%2d%63%6f%6e%74%65%6e%74\/uploads\/2015\/12\/o_1446194912.jpg\" alt=\"o_1446194912\" width=\"800\" height=\"450\" srcset=\"https:\/\/informelitoral.com.ar\/%77%70%2d%63%6f%6e%74%65%6e%74\/uploads\/2015\/12\/o_1446194912.jpg 800w, https:\/\/informelitoral.com.ar\/%77%70%2d%63%6f%6e%74%65%6e%74\/uploads\/2015\/12\/o_1446194912-300x169.jpg 300w\" sizes=\"auto, (max-width: 800px) 100vw, 800px\" \/><\/a><\/strong><\/p>\n<p>Ratific\u00f3 que el traspaso de mando a su sucesor <strong>Mauricio Macri<\/strong> \u00abva a ser como dice la Constituci\u00f3n\u00bb nacional.<\/p>\n<p>El art\u00edculo 93 de la Carta Magna indica que \u00abal tomar posesi\u00f3n de su cargo el presidente y vicepresidente prestar\u00e1n juramento, en manos del presidente del Senado y ante el Congreso reunido en Asamblea, respetando sus creencias religiosas, de: desempe\u00f1ar con lealtad y patriotismo el cargo de presidente (o vicepresidente) de la Naci\u00f3n y observar y hacer observar fielmente la Constituci\u00f3n de la Naci\u00f3n Argentina\u00bb, reprodujo Elonce.<\/p>\n<p>El domingo, la Presidenta denunci\u00f3 \u00abmaltrato personal\u00bb de Mauricio Macri durante la comunicaci\u00f3n telef\u00f3nica mantenida el s\u00e1bado por la tarde en relaci\u00f3n a la ceremonia del traspaso de bando. Dijo que el l\u00edder de Cambiemos le \u00abexigi\u00f3\u00bb a \u00abgritos\u00bb que la ceremonia para recibir la banda y el bast\u00f3n deb\u00eda ser en la Casa Rosada. Cristina le record\u00f3 al mandatario electo que el 10 de diciembre \u00abno es su fiesta de cumplea\u00f1os sino el d\u00eda que asume como Presidente de todos los argentinos\u00bb.<\/p>\n","protected":false},"excerpt":{"rendered":"<p>La jefa de Estado habl&oacute; este lunes, cuando sal&iacute;a de su departamento, ubicado en el barrio porte&ntilde;o de Recoleta, hasta donde lleg&oacute; para iniciar su mudanza. Insisti&oacute; con que la asunci&oacute;n de Macri &laquo;se va a hacer seg&uacute;n la Constituci&oacute;n&raquo;. Ratific&oacute; que el traspaso de mando a su sucesor Mauricio Macri &laquo;va a ser como [&hellip;]<\/p>\n","protected":false},"author":2,"featured_media":0,"comment_status":"open","ping_status":"open","sticky":false,"template":"","format":"standard","meta":{"fifu_image_url":"","fifu_image_alt":"","footnotes":""},"categories":[7,16],"tags":[],"class_list":{"0":"post-12886","1":"post","2":"type-post","3":"status-publish","4":"format-standard","6":"category-nacionales","7":"category-politi"},"yoast_head":"<title>Cristina Kirchner ratific\u00f3 que el traspaso de mando se har\u00e1 en el Congreso - Informe Litoral<\/title>\n<meta name=\"robots\" content=\"index, follow, max-snippet:-1, max-image-preview:large, max-video-preview:-1\" \/>\n<link rel=\"canonical\" href=\"https:\/\/informelitoral.com.ar\/cristina-kirchner-ratifico-que-el-traspaso-de-mando-se-hara-en-el-congreso\/\" \/>\n<meta property=\"og:locale\" content=\"es_ES\" \/>\n<meta property=\"og:type\" content=\"article\" \/>\n<meta property=\"og:title\" content=\"Cristina Kirchner ratific\u00f3 que el traspaso de mando se har\u00e1 en el Congreso - Informe Litoral\" \/>\n<meta property=\"og:description\" content=\"La jefa de Estado habl&oacute; este lunes, cuando sal&iacute;a de su departamento, ubicado en el barrio porte&ntilde;o de Recoleta, hasta donde lleg&oacute; para iniciar su mudanza. Insisti&oacute; con que la asunci&oacute;n de Macri &laquo;se va a hacer seg&uacute;n la Constituci&oacute;n&raquo;. Ratific&oacute; que el traspaso de mando a su sucesor Mauricio Macri &laquo;va a ser como [&hellip;]\" \/>\n<meta property=\"og:url\" content=\"https:\/\/informelitoral.com.ar\/cristina-kirchner-ratifico-que-el-traspaso-de-mando-se-hara-en-el-congreso\/\" \/>\n<meta property=\"og:site_name\" content=\"Informe Litoral\" \/>\n<meta property=\"article:publisher\" content=\"https:\/\/www.facebook.com\/informelitoral\/\" \/>\n<meta property=\"article:published_time\" content=\"2015-12-08T16:01:11+00:00\" \/>\n<meta property=\"og:image\" content=\"https:\/\/informelitoral.com.ar\/%77%70%2d%63%6f%6e%74%65%6e%74\/uploads\/2015\/12\/o_1446194912.jpg\" \/>\n\t<meta property=\"og:image:width\" content=\"800\" \/>\n\t<meta property=\"og:image:height\" content=\"450\" \/>\n\t<meta property=\"og:image:type\" content=\"image\/jpeg\" \/>\n<meta name=\"author\" content=\"Gonzalo Schmidt\" \/>\n<meta name=\"twitter:card\" content=\"summary_large_image\" \/>\n<meta name=\"twitter:creator\" content=\"@InformeLitoral\" \/>\n<meta name=\"twitter:site\" content=\"@InformeLitoral\" \/>\n<meta name=\"twitter:label1\" content=\"Escrito por\" \/>\n\t<meta name=\"twitter:data1\" content=\"Gonzalo Schmidt\" \/>\n\t<meta name=\"twitter:label2\" content=\"Tiempo de lectura\" \/>\n\t<meta name=\"twitter:data2\" content=\"1 minuto\" \/>\n<script type=\"application\/ld+json\" class=\"yoast-schema-graph\">{\"@context\":\"https:\\\/\\\/schema.org\",\"@graph\":[{\"@type\":\"Article\",\"@id\":\"https:\\\/\\\/informelitoral.com.ar\\\/cristina-kirchner-ratifico-que-el-traspaso-de-mando-se-hara-en-el-congreso\\\/#article\",\"isPartOf\":{\"@id\":\"https:\\\/\\\/informelitoral.com.ar\\\/cristina-kirchner-ratifico-que-el-traspaso-de-mando-se-hara-en-el-congreso\\\/\"},\"author\":{\"name\":\"Gonzalo Schmidt\",\"@id\":\"https:\\\/\\\/informelitoral.com.ar\\\/#\\\/schema\\\/person\\\/b9d00407c836482871ef1d57bf8e3180\"},\"headline\":\"Cristina Kirchner ratific\u00f3 que el traspaso de mando se har\u00e1 en el Congreso\",\"datePublished\":\"2015-12-08T16:01:11+00:00\",\"mainEntityOfPage\":{\"@id\":\"https:\\\/\\\/informelitoral.com.ar\\\/cristina-kirchner-ratifico-que-el-traspaso-de-mando-se-hara-en-el-congreso\\\/\"},\"wordCount\":242,\"commentCount\":0,\"publisher\":{\"@id\":\"https:\\\/\\\/informelitoral.com.ar\\\/#organization\"},\"image\":{\"@id\":\"https:\\\/\\\/informelitoral.com.ar\\\/cristina-kirchner-ratifico-que-el-traspaso-de-mando-se-hara-en-el-congreso\\\/#primaryimage\"},\"thumbnailUrl\":\"http:\\\/\\\/www.isletasnoticias.com.ar\\\/%77%70%2d%63%6f%6e%74%65%6e%74\\\/uploads\\\/2015\\\/12\\\/o_1446194912.jpg\",\"articleSection\":[\"Nacionales\",\"Politica\"],\"inLanguage\":\"es\",\"potentialAction\":[{\"@type\":\"CommentAction\",\"name\":\"Comment\",\"target\":[\"https:\\\/\\\/informelitoral.com.ar\\\/cristina-kirchner-ratifico-que-el-traspaso-de-mando-se-hara-en-el-congreso\\\/#respond\"]}]},{\"@type\":\"WebPage\",\"@id\":\"https:\\\/\\\/informelitoral.com.ar\\\/cristina-kirchner-ratifico-que-el-traspaso-de-mando-se-hara-en-el-congreso\\\/\",\"url\":\"https:\\\/\\\/informelitoral.com.ar\\\/cristina-kirchner-ratifico-que-el-traspaso-de-mando-se-hara-en-el-congreso\\\/\",\"name\":\"Cristina Kirchner ratific\u00f3 que el traspaso de mando se har\u00e1 en el Congreso - Informe Litoral\",\"isPartOf\":{\"@id\":\"https:\\\/\\\/informelitoral.com.ar\\\/#website\"},\"primaryImageOfPage\":{\"@id\":\"https:\\\/\\\/informelitoral.com.ar\\\/cristina-kirchner-ratifico-que-el-traspaso-de-mando-se-hara-en-el-congreso\\\/#primaryimage\"},\"image\":{\"@id\":\"https:\\\/\\\/informelitoral.com.ar\\\/cristina-kirchner-ratifico-que-el-traspaso-de-mando-se-hara-en-el-congreso\\\/#primaryimage\"},\"thumbnailUrl\":\"http:\\\/\\\/www.isletasnoticias.com.ar\\\/%77%70%2d%63%6f%6e%74%65%6e%74\\\/uploads\\\/2015\\\/12\\\/o_1446194912.jpg\",\"datePublished\":\"2015-12-08T16:01:11+00:00\",\"breadcrumb\":{\"@id\":\"https:\\\/\\\/informelitoral.com.ar\\\/cristina-kirchner-ratifico-que-el-traspaso-de-mando-se-hara-en-el-congreso\\\/#breadcrumb\"},\"inLanguage\":\"es\",\"potentialAction\":[{\"@type\":\"ReadAction\",\"target\":[\"https:\\\/\\\/informelitoral.com.ar\\\/cristina-kirchner-ratifico-que-el-traspaso-de-mando-se-hara-en-el-congreso\\\/\"]}]},{\"@type\":\"ImageObject\",\"inLanguage\":\"es\",\"@id\":\"https:\\\/\\\/informelitoral.com.ar\\\/cristina-kirchner-ratifico-que-el-traspaso-de-mando-se-hara-en-el-congreso\\\/#primaryimage\",\"url\":\"http:\\\/\\\/www.isletasnoticias.com.ar\\\/%77%70%2d%63%6f%6e%74%65%6e%74\\\/uploads\\\/2015\\\/12\\\/o_1446194912.jpg\",\"contentUrl\":\"http:\\\/\\\/www.isletasnoticias.com.ar\\\/%77%70%2d%63%6f%6e%74%65%6e%74\\\/uploads\\\/2015\\\/12\\\/o_1446194912.jpg\"},{\"@type\":\"BreadcrumbList\",\"@id\":\"https:\\\/\\\/informelitoral.com.ar\\\/cristina-kirchner-ratifico-que-el-traspaso-de-mando-se-hara-en-el-congreso\\\/#breadcrumb\",\"itemListElement\":[{\"@type\":\"ListItem\",\"position\":1,\"name\":\"Portada\",\"item\":\"https:\\\/\\\/informelitoral.com.ar\\\/\"},{\"@type\":\"ListItem\",\"position\":2,\"name\":\"Cristina Kirchner ratific\u00f3 que el traspaso de mando se har\u00e1 en el Congreso\"}]},{\"@type\":\"WebSite\",\"@id\":\"https:\\\/\\\/informelitoral.com.ar\\\/#website\",\"url\":\"https:\\\/\\\/informelitoral.com.ar\\\/\",\"name\":\"Informe Litoral\",\"description\":\"&quot;Nos informamos&quot; \",\"publisher\":{\"@id\":\"https:\\\/\\\/informelitoral.com.ar\\\/#organization\"},\"potentialAction\":[{\"@type\":\"SearchAction\",\"target\":{\"@type\":\"EntryPoint\",\"urlTemplate\":\"https:\\\/\\\/informelitoral.com.ar\\\/?s={search_term_string}\"},\"query-input\":{\"@type\":\"PropertyValueSpecification\",\"valueRequired\":true,\"valueName\":\"search_term_string\"}}],\"inLanguage\":\"es\"},{\"@type\":\"Organization\",\"@id\":\"https:\\\/\\\/informelitoral.com.ar\\\/#organization\",\"name\":\"Informe Litoral\",\"url\":\"https:\\\/\\\/informelitoral.com.ar\\\/\",\"logo\":{\"@type\":\"ImageObject\",\"inLanguage\":\"es\",\"@id\":\"https:\\\/\\\/informelitoral.com.ar\\\/#\\\/schema\\\/logo\\\/image\\\/\",\"url\":\"https:\\\/\\\/informelitoral.com.ar\\\/%77%70%2d%63%6f%6e%74%65%6e%74\\\/uploads\\\/2021\\\/01\\\/circulo.png\",\"contentUrl\":\"https:\\\/\\\/informelitoral.com.ar\\\/%77%70%2d%63%6f%6e%74%65%6e%74\\\/uploads\\\/2021\\\/01\\\/circulo.png\",\"width\":723,\"height\":731,\"caption\":\"Informe Litoral\"},\"image\":{\"@id\":\"https:\\\/\\\/informelitoral.com.ar\\\/#\\\/schema\\\/logo\\\/image\\\/\"},\"sameAs\":[\"https:\\\/\\\/www.facebook.com\\\/informelitoral\\\/\",\"https:\\\/\\\/x.com\\\/InformeLitoral\",\"https:\\\/\\\/www.instagram.com\\\/informelitoral\\\/\",\"https:\\\/\\\/www.youtube.com\\\/channel\\\/UCua4Qvz8Icb6MYqhoq9xLXw\"]},{\"@type\":\"Person\",\"@id\":\"https:\\\/\\\/informelitoral.com.ar\\\/#\\\/schema\\\/person\\\/b9d00407c836482871ef1d57bf8e3180\",\"name\":\"Gonzalo Schmidt\",\"image\":{\"@type\":\"ImageObject\",\"inLanguage\":\"es\",\"@id\":\"https:\\\/\\\/secure.gravatar.com\\\/avatar\\\/31a1a7b66ff2de83bd0e9fd79d026630d2d99e55e8bfe501287647b4fd9743de?s=96&d=mm&r=g\",\"url\":\"https:\\\/\\\/secure.gravatar.com\\\/avatar\\\/31a1a7b66ff2de83bd0e9fd79d026630d2d99e55e8bfe501287647b4fd9743de?s=96&d=mm&r=g\",\"contentUrl\":\"https:\\\/\\\/secure.gravatar.com\\\/avatar\\\/31a1a7b66ff2de83bd0e9fd79d026630d2d99e55e8bfe501287647b4fd9743de?s=96&d=mm&r=g\",\"caption\":\"Gonzalo Schmidt\"},\"description\":\"Sitio web de noticias de la provincia de Entre R\u00edos, Argentina. Informaci\u00f3n y entretenimiento. Informe Litoral, nos informamos.\",\"sameAs\":[\"http:\\\/\\\/www.isletasnoticias.com.ar\"],\"url\":\"https:\\\/\\\/informelitoral.com.ar\\\/author\\\/gonzalo\\\/\"}]}<\/script>","yoast_head_json":{"title":"Cristina Kirchner ratific\u00f3 que el traspaso de mando se har\u00e1 en el Congreso - Informe Litoral","robots":{"index":"index","follow":"follow","max-snippet":"max-snippet:-1","max-image-preview":"max-image-preview:large","max-video-preview":"max-video-preview:-1"},"canonical":"https:\/\/informelitoral.com.ar\/cristina-kirchner-ratifico-que-el-traspaso-de-mando-se-hara-en-el-congreso\/","og_locale":"es_ES","og_type":"article","og_title":"Cristina Kirchner ratific\u00f3 que el traspaso de mando se har\u00e1 en el Congreso - Informe Litoral","og_description":"La jefa de Estado habl&oacute; este lunes, cuando sal&iacute;a de su departamento, ubicado en el barrio porte&ntilde;o de Recoleta, hasta donde lleg&oacute; para iniciar su mudanza. Insisti&oacute; con que la asunci&oacute;n de Macri &laquo;se va a hacer seg&uacute;n la Constituci&oacute;n&raquo;. Ratific&oacute; que el traspaso de mando a su sucesor Mauricio Macri &laquo;va a ser como [&hellip;]","og_url":"https:\/\/informelitoral.com.ar\/cristina-kirchner-ratifico-que-el-traspaso-de-mando-se-hara-en-el-congreso\/","og_site_name":"Informe Litoral","article_publisher":"https:\/\/www.facebook.com\/informelitoral\/","article_published_time":"2015-12-08T16:01:11+00:00","og_image":[{"width":800,"height":450,"url":"https:\/\/informelitoral.com.ar\/%77%70%2d%63%6f%6e%74%65%6e%74\/uploads\/2015\/12\/o_1446194912.jpg","type":"image\/jpeg"}],"author":"Gonzalo Schmidt","twitter_card":"summary_large_image","twitter_creator":"@InformeLitoral","twitter_site":"@InformeLitoral","twitter_misc":{"Escrito por":"Gonzalo Schmidt","Tiempo de lectura":"1 minuto"},"schema":{"@context":"https:\/\/schema.org","@graph":[{"@type":"Article","@id":"https:\/\/informelitoral.com.ar\/cristina-kirchner-ratifico-que-el-traspaso-de-mando-se-hara-en-el-congreso\/#article","isPartOf":{"@id":"https:\/\/informelitoral.com.ar\/cristina-kirchner-ratifico-que-el-traspaso-de-mando-se-hara-en-el-congreso\/"},"author":{"name":"Gonzalo Schmidt","@id":"https:\/\/informelitoral.com.ar\/#\/schema\/person\/b9d00407c836482871ef1d57bf8e3180"},"headline":"Cristina Kirchner ratific\u00f3 que el traspaso de mando se har\u00e1 en el Congreso","datePublished":"2015-12-08T16:01:11+00:00","mainEntityOfPage":{"@id":"https:\/\/informelitoral.com.ar\/cristina-kirchner-ratifico-que-el-traspaso-de-mando-se-hara-en-el-congreso\/"},"wordCount":242,"commentCount":0,"publisher":{"@id":"https:\/\/informelitoral.com.ar\/#organization"},"image":{"@id":"https:\/\/informelitoral.com.ar\/cristina-kirchner-ratifico-que-el-traspaso-de-mando-se-hara-en-el-congreso\/#primaryimage"},"thumbnailUrl":"http:\/\/www.isletasnoticias.com.ar\/%77%70%2d%63%6f%6e%74%65%6e%74\/uploads\/2015\/12\/o_1446194912.jpg","articleSection":["Nacionales","Politica"],"inLanguage":"es","potentialAction":[{"@type":"CommentAction","name":"Comment","target":["https:\/\/informelitoral.com.ar\/cristina-kirchner-ratifico-que-el-traspaso-de-mando-se-hara-en-el-congreso\/#respond"]}]},{"@type":"WebPage","@id":"https:\/\/informelitoral.com.ar\/cristina-kirchner-ratifico-que-el-traspaso-de-mando-se-hara-en-el-congreso\/","url":"https:\/\/informelitoral.com.ar\/cristina-kirchner-ratifico-que-el-traspaso-de-mando-se-hara-en-el-congreso\/","name":"Cristina Kirchner ratific\u00f3 que el traspaso de mando se har\u00e1 en el Congreso - Informe Litoral","isPartOf":{"@id":"https:\/\/informelitoral.com.ar\/#website"},"primaryImageOfPage":{"@id":"https:\/\/informelitoral.com.ar\/cristina-kirchner-ratifico-que-el-traspaso-de-mando-se-hara-en-el-congreso\/#primaryimage"},"image":{"@id":"https:\/\/informelitoral.com.ar\/cristina-kirchner-ratifico-que-el-traspaso-de-mando-se-hara-en-el-congreso\/#primaryimage"},"thumbnailUrl":"http:\/\/www.isletasnoticias.com.ar\/%77%70%2d%63%6f%6e%74%65%6e%74\/uploads\/2015\/12\/o_1446194912.jpg","datePublished":"2015-12-08T16:01:11+00:00","breadcrumb":{"@id":"https:\/\/informelitoral.com.ar\/cristina-kirchner-ratifico-que-el-traspaso-de-mando-se-hara-en-el-congreso\/#breadcrumb"},"inLanguage":"es","potentialAction":[{"@type":"ReadAction","target":["https:\/\/informelitoral.com.ar\/cristina-kirchner-ratifico-que-el-traspaso-de-mando-se-hara-en-el-congreso\/"]}]},{"@type":"ImageObject","inLanguage":"es","@id":"https:\/\/informelitoral.com.ar\/cristina-kirchner-ratifico-que-el-traspaso-de-mando-se-hara-en-el-congreso\/#primaryimage","url":"http:\/\/www.isletasnoticias.com.ar\/%77%70%2d%63%6f%6e%74%65%6e%74\/uploads\/2015\/12\/o_1446194912.jpg","contentUrl":"http:\/\/www.isletasnoticias.com.ar\/%77%70%2d%63%6f%6e%74%65%6e%74\/uploads\/2015\/12\/o_1446194912.jpg"},{"@type":"BreadcrumbList","@id":"https:\/\/informelitoral.com.ar\/cristina-kirchner-ratifico-que-el-traspaso-de-mando-se-hara-en-el-congreso\/#breadcrumb","itemListElement":[{"@type":"ListItem","position":1,"name":"Portada","item":"https:\/\/informelitoral.com.ar\/"},{"@type":"ListItem","position":2,"name":"Cristina Kirchner ratific\u00f3 que el traspaso de mando se har\u00e1 en el Congreso"}]},{"@type":"WebSite","@id":"https:\/\/informelitoral.com.ar\/#website","url":"https:\/\/informelitoral.com.ar\/","name":"Informe Litoral","description":"&quot;Nos informamos&quot; ","publisher":{"@id":"https:\/\/informelitoral.com.ar\/#organization"},"potentialAction":[{"@type":"SearchAction","target":{"@type":"EntryPoint","urlTemplate":"https:\/\/informelitoral.com.ar\/?s={search_term_string}"},"query-input":{"@type":"PropertyValueSpecification","valueRequired":true,"valueName":"search_term_string"}}],"inLanguage":"es"},{"@type":"Organization","@id":"https:\/\/informelitoral.com.ar\/#organization","name":"Informe Litoral","url":"https:\/\/informelitoral.com.ar\/","logo":{"@type":"ImageObject","inLanguage":"es","@id":"https:\/\/informelitoral.com.ar\/#\/schema\/logo\/image\/","url":"https:\/\/informelitoral.com.ar\/%77%70%2d%63%6f%6e%74%65%6e%74\/uploads\/2021\/01\/circulo.png","contentUrl":"https:\/\/informelitoral.com.ar\/%77%70%2d%63%6f%6e%74%65%6e%74\/uploads\/2021\/01\/circulo.png","width":723,"height":731,"caption":"Informe Litoral"},"image":{"@id":"https:\/\/informelitoral.com.ar\/#\/schema\/logo\/image\/"},"sameAs":["https:\/\/www.facebook.com\/informelitoral\/","https:\/\/x.com\/InformeLitoral","https:\/\/www.instagram.com\/informelitoral\/","https:\/\/www.youtube.com\/channel\/UCua4Qvz8Icb6MYqhoq9xLXw"]},{"@type":"Person","@id":"https:\/\/informelitoral.com.ar\/#\/schema\/person\/b9d00407c836482871ef1d57bf8e3180","name":"Gonzalo Schmidt","image":{"@type":"ImageObject","inLanguage":"es","@id":"https:\/\/secure.gravatar.com\/avatar\/31a1a7b66ff2de83bd0e9fd79d026630d2d99e55e8bfe501287647b4fd9743de?s=96&d=mm&r=g","url":"https:\/\/secure.gravatar.com\/avatar\/31a1a7b66ff2de83bd0e9fd79d026630d2d99e55e8bfe501287647b4fd9743de?s=96&d=mm&r=g","contentUrl":"https:\/\/secure.gravatar.com\/avatar\/31a1a7b66ff2de83bd0e9fd79d026630d2d99e55e8bfe501287647b4fd9743de?s=96&d=mm&r=g","caption":"Gonzalo Schmidt"},"description":"Sitio web de noticias de la provincia de Entre R\u00edos, Argentina. Informaci\u00f3n y entretenimiento. Informe Litoral, nos informamos.","sameAs":["http:\/\/www.isletasnoticias.com.ar"],"url":"https:\/\/informelitoral.com.ar\/author\/gonzalo\/"}]}},"_links":{"self":[{"href":"https:\/\/informelitoral.com.ar\/%77%70%2d%6a%73%6f%6e\/wp\/v2\/posts\/12886","targetHints":{"allow":["GET"]}}],"collection":[{"href":"https:\/\/informelitoral.com.ar\/%77%70%2d%6a%73%6f%6e\/wp\/v2\/posts"}],"about":[{"href":"https:\/\/informelitoral.com.ar\/%77%70%2d%6a%73%6f%6e\/wp\/v2\/types\/post"}],"author":[{"embeddable":true,"href":"https:\/\/informelitoral.com.ar\/%77%70%2d%6a%73%6f%6e\/wp\/v2\/users\/2"}],"replies":[{"embeddable":true,"href":"https:\/\/informelitoral.com.ar\/%77%70%2d%6a%73%6f%6e\/wp\/v2\/comments?post=12886"}],"version-history":[{"count":0,"href":"https:\/\/informelitoral.com.ar\/%77%70%2d%6a%73%6f%6e\/wp\/v2\/posts\/12886\/revisions"}],"wp:attachment":[{"href":"https:\/\/informelitoral.com.ar\/%77%70%2d%6a%73%6f%6e\/wp\/v2\/media?parent=12886"}],"wp:term":[{"taxonomy":"category","embeddable":true,"href":"https:\/\/informelitoral.com.ar\/%77%70%2d%6a%73%6f%6e\/wp\/v2\/categories?post=12886"},{"taxonomy":"post_tag","embeddable":true,"href":"https:\/\/informelitoral.com.ar\/%77%70%2d%6a%73%6f%6e\/wp\/v2\/tags?post=12886"}],"curies":[{"name":"wp","href":"https:\/\/api.w.org\/{rel}","templated":true}]}}