{"id":12820,"date":"2015-12-01T21:53:35","date_gmt":"2015-12-02T00:53:35","guid":{"rendered":"http:\/\/www.isletasnoticias.com.ar\/?p=12820"},"modified":"2015-12-01T21:53:35","modified_gmt":"2015-12-02T00:53:35","slug":"brasil-no-apoyara-a-macri-contra-venezuela","status":"publish","type":"post","link":"https:\/\/informelitoral.com.ar\/brasil-no-apoyara-a-macri-contra-venezuela\/","title":{"rendered":"Brasil no apoyar\u00e1 a Macri contra Venezuela"},"content":{"rendered":"<p><strong>El presidente electo adelant\u00f3 en la campa\u00f1a que impulsar\u00e1 la aplicaci\u00f3n de sanciones a Venezuela a partir de la Cl\u00e1usula Democr\u00e1tica del Mercosur. <em>Dilma Rouseff<\/em> rechaz\u00f3 esa posibilidad. \u00bfPor qu\u00e9?<a href=\"http:\/\/www.isletasnoticias.com.ar\/%77%70%2d%63%6f%6e%74%65%6e%74\/uploads\/2015\/12\/0012038745.jpg\"><img loading=\"lazy\" decoding=\"async\" class=\"aligncenter size-full wp-image-12821\" src=\"http:\/\/www.isletasnoticias.com.ar\/%77%70%2d%63%6f%6e%74%65%6e%74\/uploads\/2015\/12\/0012038745.jpg\" alt=\"0012038745\" width=\"770\" height=\"433\" srcset=\"https:\/\/informelitoral.com.ar\/%77%70%2d%63%6f%6e%74%65%6e%74\/uploads\/2015\/12\/0012038745.jpg 770w, https:\/\/informelitoral.com.ar\/%77%70%2d%63%6f%6e%74%65%6e%74\/uploads\/2015\/12\/0012038745-300x169.jpg 300w\" sizes=\"auto, (max-width: 770px) 100vw, 770px\" \/><\/a><\/strong>La presidenta de Brasil, <strong>Dilma Rousseff<\/strong>, sali\u00f3 a despegarse de la posici\u00f3n del presidente electo de la Argentina,<strong> Mauricio Macri<\/strong>, y rechaz\u00f3 la posibilidad de que el gigante latinoamericano apoye una eventual suspensi\u00f3n de Venezuela del Mercosur tal como asegur\u00f3 el l\u00edder del PRO que impulsar\u00e1 en la pr\u00f3xima Cumbre del Mercosur a celebrarse en Paraguay en los primeros d\u00edas de 2016.<\/p>\n<p>\u00abLa cl\u00e1usula democr\u00e1tica integra el Mercosur, pero para usarla no puede basarse en hip\u00f3tesis\u00bb, asegur\u00f3 la mandataria brasile\u00f1a en Par\u00eds, donde participa de la cumbre sobre el clima de la ONU. \u00abEl Mercosur siempre cont\u00f3 con esa cl\u00e1usula, pero se necesita un hecho determinado. No es gen\u00e9rica\u00bb, subray\u00f3 en declaraciones que recoge la agencia oficial de noticias ABR.<\/p>\n<p>Rousseff habl\u00f3 de este tema al ser consultada sobre la iniciativa que pretende llevar adelante el presidente electo argentino, cuyo primer viaje internacional oficial, seg\u00fan trascendi\u00f3, ser\u00e1 justamente a Brasil.<\/p>\n<p>La mandataria cit\u00f3 como ejemplo la \u00fanica vez que el bloque formado adem\u00e1s por Paraguay y Uruguay invoc\u00f3 dicha cl\u00e1usula, en 2012, cuando Paraguay fue suspendido a ra\u00edz de la destituci\u00f3n del ex presidente Fernando Lugo, considerada como un golpe legislativo por los pa\u00edses sudamericanos.<\/p>\n<p>La cl\u00e1usula democr\u00e1tica del Mercosur contempla desde la aplicaci\u00f3n de sanciones comerciales hasta la suspensi\u00f3n de un pa\u00eds, en caso de que sus socios lleguen por consenso a la conclusi\u00f3n de que se quebr\u00f3 el orden democr\u00e1tico.<\/p>\n<p>Seg\u00fan trascendidos, Paraguay ser\u00eda el \u00fanico pa\u00eds en acompa\u00f1ar la iniciativa de Macri. <em>(MinutoUno)<\/em><\/p>\n","protected":false},"excerpt":{"rendered":"<p>El presidente electo adelant&oacute; en la campa&ntilde;a que impulsar&aacute; la aplicaci&oacute;n de sanciones a Venezuela a partir de la Cl&aacute;usula Democr&aacute;tica del Mercosur. Dilma Rouseff rechaz&oacute; esa posibilidad. &iquest;Por qu&eacute;?La presidenta de Brasil, Dilma Rousseff, sali&oacute; a despegarse de la posici&oacute;n del presidente electo de la Argentina, Mauricio Macri, y rechaz&oacute; la posibilidad de que [&hellip;]<\/p>\n","protected":false},"author":2,"featured_media":0,"comment_status":"open","ping_status":"open","sticky":false,"template":"","format":"standard","meta":{"fifu_image_url":"","fifu_image_alt":"","footnotes":""},"categories":[7,16],"tags":[],"class_list":{"0":"post-12820","1":"post","2":"type-post","3":"status-publish","4":"format-standard","6":"category-nacionales","7":"category-politi"},"yoast_head":"<title>Brasil no apoyar\u00e1 a Macri contra Venezuela - Informe Litoral<\/title>\n<meta name=\"robots\" content=\"index, follow, max-snippet:-1, max-image-preview:large, max-video-preview:-1\" \/>\n<link rel=\"canonical\" href=\"https:\/\/informelitoral.com.ar\/brasil-no-apoyara-a-macri-contra-venezuela\/\" \/>\n<meta property=\"og:locale\" content=\"es_ES\" \/>\n<meta property=\"og:type\" content=\"article\" \/>\n<meta property=\"og:title\" content=\"Brasil no apoyar\u00e1 a Macri contra Venezuela - Informe Litoral\" \/>\n<meta property=\"og:description\" content=\"El presidente electo adelant&oacute; en la campa&ntilde;a que impulsar&aacute; la aplicaci&oacute;n de sanciones a Venezuela a partir de la Cl&aacute;usula Democr&aacute;tica del Mercosur. Dilma Rouseff rechaz&oacute; esa posibilidad. &iquest;Por qu&eacute;?La presidenta de Brasil, Dilma Rousseff, sali&oacute; a despegarse de la posici&oacute;n del presidente electo de la Argentina, Mauricio Macri, y rechaz&oacute; la posibilidad de que [&hellip;]\" \/>\n<meta property=\"og:url\" content=\"https:\/\/informelitoral.com.ar\/brasil-no-apoyara-a-macri-contra-venezuela\/\" \/>\n<meta property=\"og:site_name\" content=\"Informe Litoral\" \/>\n<meta property=\"article:publisher\" content=\"https:\/\/www.facebook.com\/informelitoral\/\" \/>\n<meta property=\"article:published_time\" content=\"2015-12-02T00:53:35+00:00\" \/>\n<meta property=\"og:image\" content=\"https:\/\/informelitoral.com.ar\/%77%70%2d%63%6f%6e%74%65%6e%74\/uploads\/2015\/12\/0012038745.jpg\" \/>\n\t<meta property=\"og:image:width\" content=\"770\" \/>\n\t<meta property=\"og:image:height\" content=\"433\" \/>\n\t<meta property=\"og:image:type\" content=\"image\/jpeg\" \/>\n<meta name=\"author\" content=\"Gonzalo Schmidt\" \/>\n<meta name=\"twitter:card\" content=\"summary_large_image\" \/>\n<meta name=\"twitter:creator\" content=\"@InformeLitoral\" \/>\n<meta name=\"twitter:site\" content=\"@InformeLitoral\" \/>\n<meta name=\"twitter:label1\" content=\"Escrito por\" \/>\n\t<meta name=\"twitter:data1\" content=\"Gonzalo Schmidt\" \/>\n\t<meta name=\"twitter:label2\" content=\"Tiempo de lectura\" \/>\n\t<meta name=\"twitter:data2\" content=\"2 minutos\" \/>\n<script type=\"application\/ld+json\" class=\"yoast-schema-graph\">{\"@context\":\"https:\\\/\\\/schema.org\",\"@graph\":[{\"@type\":\"Article\",\"@id\":\"https:\\\/\\\/informelitoral.com.ar\\\/brasil-no-apoyara-a-macri-contra-venezuela\\\/#article\",\"isPartOf\":{\"@id\":\"https:\\\/\\\/informelitoral.com.ar\\\/brasil-no-apoyara-a-macri-contra-venezuela\\\/\"},\"author\":{\"name\":\"Gonzalo Schmidt\",\"@id\":\"https:\\\/\\\/informelitoral.com.ar\\\/#\\\/schema\\\/person\\\/b9d00407c836482871ef1d57bf8e3180\"},\"headline\":\"Brasil no apoyar\u00e1 a Macri contra Venezuela\",\"datePublished\":\"2015-12-02T00:53:35+00:00\",\"mainEntityOfPage\":{\"@id\":\"https:\\\/\\\/informelitoral.com.ar\\\/brasil-no-apoyara-a-macri-contra-venezuela\\\/\"},\"wordCount\":314,\"commentCount\":0,\"publisher\":{\"@id\":\"https:\\\/\\\/informelitoral.com.ar\\\/#organization\"},\"image\":{\"@id\":\"https:\\\/\\\/informelitoral.com.ar\\\/brasil-no-apoyara-a-macri-contra-venezuela\\\/#primaryimage\"},\"thumbnailUrl\":\"http:\\\/\\\/www.isletasnoticias.com.ar\\\/%77%70%2d%63%6f%6e%74%65%6e%74\\\/uploads\\\/2015\\\/12\\\/0012038745.jpg\",\"articleSection\":[\"Nacionales\",\"Politica\"],\"inLanguage\":\"es\",\"potentialAction\":[{\"@type\":\"CommentAction\",\"name\":\"Comment\",\"target\":[\"https:\\\/\\\/informelitoral.com.ar\\\/brasil-no-apoyara-a-macri-contra-venezuela\\\/#respond\"]}]},{\"@type\":\"WebPage\",\"@id\":\"https:\\\/\\\/informelitoral.com.ar\\\/brasil-no-apoyara-a-macri-contra-venezuela\\\/\",\"url\":\"https:\\\/\\\/informelitoral.com.ar\\\/brasil-no-apoyara-a-macri-contra-venezuela\\\/\",\"name\":\"Brasil no apoyar\u00e1 a Macri contra Venezuela - Informe Litoral\",\"isPartOf\":{\"@id\":\"https:\\\/\\\/informelitoral.com.ar\\\/#website\"},\"primaryImageOfPage\":{\"@id\":\"https:\\\/\\\/informelitoral.com.ar\\\/brasil-no-apoyara-a-macri-contra-venezuela\\\/#primaryimage\"},\"image\":{\"@id\":\"https:\\\/\\\/informelitoral.com.ar\\\/brasil-no-apoyara-a-macri-contra-venezuela\\\/#primaryimage\"},\"thumbnailUrl\":\"http:\\\/\\\/www.isletasnoticias.com.ar\\\/%77%70%2d%63%6f%6e%74%65%6e%74\\\/uploads\\\/2015\\\/12\\\/0012038745.jpg\",\"datePublished\":\"2015-12-02T00:53:35+00:00\",\"breadcrumb\":{\"@id\":\"https:\\\/\\\/informelitoral.com.ar\\\/brasil-no-apoyara-a-macri-contra-venezuela\\\/#breadcrumb\"},\"inLanguage\":\"es\",\"potentialAction\":[{\"@type\":\"ReadAction\",\"target\":[\"https:\\\/\\\/informelitoral.com.ar\\\/brasil-no-apoyara-a-macri-contra-venezuela\\\/\"]}]},{\"@type\":\"ImageObject\",\"inLanguage\":\"es\",\"@id\":\"https:\\\/\\\/informelitoral.com.ar\\\/brasil-no-apoyara-a-macri-contra-venezuela\\\/#primaryimage\",\"url\":\"http:\\\/\\\/www.isletasnoticias.com.ar\\\/%77%70%2d%63%6f%6e%74%65%6e%74\\\/uploads\\\/2015\\\/12\\\/0012038745.jpg\",\"contentUrl\":\"http:\\\/\\\/www.isletasnoticias.com.ar\\\/%77%70%2d%63%6f%6e%74%65%6e%74\\\/uploads\\\/2015\\\/12\\\/0012038745.jpg\"},{\"@type\":\"BreadcrumbList\",\"@id\":\"https:\\\/\\\/informelitoral.com.ar\\\/brasil-no-apoyara-a-macri-contra-venezuela\\\/#breadcrumb\",\"itemListElement\":[{\"@type\":\"ListItem\",\"position\":1,\"name\":\"Portada\",\"item\":\"https:\\\/\\\/informelitoral.com.ar\\\/\"},{\"@type\":\"ListItem\",\"position\":2,\"name\":\"Brasil no apoyar\u00e1 a Macri contra Venezuela\"}]},{\"@type\":\"WebSite\",\"@id\":\"https:\\\/\\\/informelitoral.com.ar\\\/#website\",\"url\":\"https:\\\/\\\/informelitoral.com.ar\\\/\",\"name\":\"Informe Litoral\",\"description\":\"&quot;Nos informamos&quot; \",\"publisher\":{\"@id\":\"https:\\\/\\\/informelitoral.com.ar\\\/#organization\"},\"potentialAction\":[{\"@type\":\"SearchAction\",\"target\":{\"@type\":\"EntryPoint\",\"urlTemplate\":\"https:\\\/\\\/informelitoral.com.ar\\\/?s={search_term_string}\"},\"query-input\":{\"@type\":\"PropertyValueSpecification\",\"valueRequired\":true,\"valueName\":\"search_term_string\"}}],\"inLanguage\":\"es\"},{\"@type\":\"Organization\",\"@id\":\"https:\\\/\\\/informelitoral.com.ar\\\/#organization\",\"name\":\"Informe Litoral\",\"url\":\"https:\\\/\\\/informelitoral.com.ar\\\/\",\"logo\":{\"@type\":\"ImageObject\",\"inLanguage\":\"es\",\"@id\":\"https:\\\/\\\/informelitoral.com.ar\\\/#\\\/schema\\\/logo\\\/image\\\/\",\"url\":\"https:\\\/\\\/informelitoral.com.ar\\\/%77%70%2d%63%6f%6e%74%65%6e%74\\\/uploads\\\/2021\\\/01\\\/circulo.png\",\"contentUrl\":\"https:\\\/\\\/informelitoral.com.ar\\\/%77%70%2d%63%6f%6e%74%65%6e%74\\\/uploads\\\/2021\\\/01\\\/circulo.png\",\"width\":723,\"height\":731,\"caption\":\"Informe Litoral\"},\"image\":{\"@id\":\"https:\\\/\\\/informelitoral.com.ar\\\/#\\\/schema\\\/logo\\\/image\\\/\"},\"sameAs\":[\"https:\\\/\\\/www.facebook.com\\\/informelitoral\\\/\",\"https:\\\/\\\/x.com\\\/InformeLitoral\",\"https:\\\/\\\/www.instagram.com\\\/informelitoral\\\/\",\"https:\\\/\\\/www.youtube.com\\\/channel\\\/UCua4Qvz8Icb6MYqhoq9xLXw\"]},{\"@type\":\"Person\",\"@id\":\"https:\\\/\\\/informelitoral.com.ar\\\/#\\\/schema\\\/person\\\/b9d00407c836482871ef1d57bf8e3180\",\"name\":\"Gonzalo Schmidt\",\"image\":{\"@type\":\"ImageObject\",\"inLanguage\":\"es\",\"@id\":\"https:\\\/\\\/secure.gravatar.com\\\/avatar\\\/31a1a7b66ff2de83bd0e9fd79d026630d2d99e55e8bfe501287647b4fd9743de?s=96&d=mm&r=g\",\"url\":\"https:\\\/\\\/secure.gravatar.com\\\/avatar\\\/31a1a7b66ff2de83bd0e9fd79d026630d2d99e55e8bfe501287647b4fd9743de?s=96&d=mm&r=g\",\"contentUrl\":\"https:\\\/\\\/secure.gravatar.com\\\/avatar\\\/31a1a7b66ff2de83bd0e9fd79d026630d2d99e55e8bfe501287647b4fd9743de?s=96&d=mm&r=g\",\"caption\":\"Gonzalo Schmidt\"},\"description\":\"Sitio web de noticias de la provincia de Entre R\u00edos, Argentina. Informaci\u00f3n y entretenimiento. Informe Litoral, nos informamos.\",\"sameAs\":[\"http:\\\/\\\/www.isletasnoticias.com.ar\"],\"url\":\"https:\\\/\\\/informelitoral.com.ar\\\/author\\\/gonzalo\\\/\"}]}<\/script>","yoast_head_json":{"title":"Brasil no apoyar\u00e1 a Macri contra Venezuela - Informe Litoral","robots":{"index":"index","follow":"follow","max-snippet":"max-snippet:-1","max-image-preview":"max-image-preview:large","max-video-preview":"max-video-preview:-1"},"canonical":"https:\/\/informelitoral.com.ar\/brasil-no-apoyara-a-macri-contra-venezuela\/","og_locale":"es_ES","og_type":"article","og_title":"Brasil no apoyar\u00e1 a Macri contra Venezuela - Informe Litoral","og_description":"El presidente electo adelant&oacute; en la campa&ntilde;a que impulsar&aacute; la aplicaci&oacute;n de sanciones a Venezuela a partir de la Cl&aacute;usula Democr&aacute;tica del Mercosur. Dilma Rouseff rechaz&oacute; esa posibilidad. &iquest;Por qu&eacute;?La presidenta de Brasil, Dilma Rousseff, sali&oacute; a despegarse de la posici&oacute;n del presidente electo de la Argentina, Mauricio Macri, y rechaz&oacute; la posibilidad de que [&hellip;]","og_url":"https:\/\/informelitoral.com.ar\/brasil-no-apoyara-a-macri-contra-venezuela\/","og_site_name":"Informe Litoral","article_publisher":"https:\/\/www.facebook.com\/informelitoral\/","article_published_time":"2015-12-02T00:53:35+00:00","og_image":[{"width":770,"height":433,"url":"https:\/\/informelitoral.com.ar\/%77%70%2d%63%6f%6e%74%65%6e%74\/uploads\/2015\/12\/0012038745.jpg","type":"image\/jpeg"}],"author":"Gonzalo Schmidt","twitter_card":"summary_large_image","twitter_creator":"@InformeLitoral","twitter_site":"@InformeLitoral","twitter_misc":{"Escrito por":"Gonzalo Schmidt","Tiempo de lectura":"2 minutos"},"schema":{"@context":"https:\/\/schema.org","@graph":[{"@type":"Article","@id":"https:\/\/informelitoral.com.ar\/brasil-no-apoyara-a-macri-contra-venezuela\/#article","isPartOf":{"@id":"https:\/\/informelitoral.com.ar\/brasil-no-apoyara-a-macri-contra-venezuela\/"},"author":{"name":"Gonzalo Schmidt","@id":"https:\/\/informelitoral.com.ar\/#\/schema\/person\/b9d00407c836482871ef1d57bf8e3180"},"headline":"Brasil no apoyar\u00e1 a Macri contra Venezuela","datePublished":"2015-12-02T00:53:35+00:00","mainEntityOfPage":{"@id":"https:\/\/informelitoral.com.ar\/brasil-no-apoyara-a-macri-contra-venezuela\/"},"wordCount":314,"commentCount":0,"publisher":{"@id":"https:\/\/informelitoral.com.ar\/#organization"},"image":{"@id":"https:\/\/informelitoral.com.ar\/brasil-no-apoyara-a-macri-contra-venezuela\/#primaryimage"},"thumbnailUrl":"http:\/\/www.isletasnoticias.com.ar\/%77%70%2d%63%6f%6e%74%65%6e%74\/uploads\/2015\/12\/0012038745.jpg","articleSection":["Nacionales","Politica"],"inLanguage":"es","potentialAction":[{"@type":"CommentAction","name":"Comment","target":["https:\/\/informelitoral.com.ar\/brasil-no-apoyara-a-macri-contra-venezuela\/#respond"]}]},{"@type":"WebPage","@id":"https:\/\/informelitoral.com.ar\/brasil-no-apoyara-a-macri-contra-venezuela\/","url":"https:\/\/informelitoral.com.ar\/brasil-no-apoyara-a-macri-contra-venezuela\/","name":"Brasil no apoyar\u00e1 a Macri contra Venezuela - Informe Litoral","isPartOf":{"@id":"https:\/\/informelitoral.com.ar\/#website"},"primaryImageOfPage":{"@id":"https:\/\/informelitoral.com.ar\/brasil-no-apoyara-a-macri-contra-venezuela\/#primaryimage"},"image":{"@id":"https:\/\/informelitoral.com.ar\/brasil-no-apoyara-a-macri-contra-venezuela\/#primaryimage"},"thumbnailUrl":"http:\/\/www.isletasnoticias.com.ar\/%77%70%2d%63%6f%6e%74%65%6e%74\/uploads\/2015\/12\/0012038745.jpg","datePublished":"2015-12-02T00:53:35+00:00","breadcrumb":{"@id":"https:\/\/informelitoral.com.ar\/brasil-no-apoyara-a-macri-contra-venezuela\/#breadcrumb"},"inLanguage":"es","potentialAction":[{"@type":"ReadAction","target":["https:\/\/informelitoral.com.ar\/brasil-no-apoyara-a-macri-contra-venezuela\/"]}]},{"@type":"ImageObject","inLanguage":"es","@id":"https:\/\/informelitoral.com.ar\/brasil-no-apoyara-a-macri-contra-venezuela\/#primaryimage","url":"http:\/\/www.isletasnoticias.com.ar\/%77%70%2d%63%6f%6e%74%65%6e%74\/uploads\/2015\/12\/0012038745.jpg","contentUrl":"http:\/\/www.isletasnoticias.com.ar\/%77%70%2d%63%6f%6e%74%65%6e%74\/uploads\/2015\/12\/0012038745.jpg"},{"@type":"BreadcrumbList","@id":"https:\/\/informelitoral.com.ar\/brasil-no-apoyara-a-macri-contra-venezuela\/#breadcrumb","itemListElement":[{"@type":"ListItem","position":1,"name":"Portada","item":"https:\/\/informelitoral.com.ar\/"},{"@type":"ListItem","position":2,"name":"Brasil no apoyar\u00e1 a Macri contra Venezuela"}]},{"@type":"WebSite","@id":"https:\/\/informelitoral.com.ar\/#website","url":"https:\/\/informelitoral.com.ar\/","name":"Informe Litoral","description":"&quot;Nos informamos&quot; ","publisher":{"@id":"https:\/\/informelitoral.com.ar\/#organization"},"potentialAction":[{"@type":"SearchAction","target":{"@type":"EntryPoint","urlTemplate":"https:\/\/informelitoral.com.ar\/?s={search_term_string}"},"query-input":{"@type":"PropertyValueSpecification","valueRequired":true,"valueName":"search_term_string"}}],"inLanguage":"es"},{"@type":"Organization","@id":"https:\/\/informelitoral.com.ar\/#organization","name":"Informe Litoral","url":"https:\/\/informelitoral.com.ar\/","logo":{"@type":"ImageObject","inLanguage":"es","@id":"https:\/\/informelitoral.com.ar\/#\/schema\/logo\/image\/","url":"https:\/\/informelitoral.com.ar\/%77%70%2d%63%6f%6e%74%65%6e%74\/uploads\/2021\/01\/circulo.png","contentUrl":"https:\/\/informelitoral.com.ar\/%77%70%2d%63%6f%6e%74%65%6e%74\/uploads\/2021\/01\/circulo.png","width":723,"height":731,"caption":"Informe Litoral"},"image":{"@id":"https:\/\/informelitoral.com.ar\/#\/schema\/logo\/image\/"},"sameAs":["https:\/\/www.facebook.com\/informelitoral\/","https:\/\/x.com\/InformeLitoral","https:\/\/www.instagram.com\/informelitoral\/","https:\/\/www.youtube.com\/channel\/UCua4Qvz8Icb6MYqhoq9xLXw"]},{"@type":"Person","@id":"https:\/\/informelitoral.com.ar\/#\/schema\/person\/b9d00407c836482871ef1d57bf8e3180","name":"Gonzalo Schmidt","image":{"@type":"ImageObject","inLanguage":"es","@id":"https:\/\/secure.gravatar.com\/avatar\/31a1a7b66ff2de83bd0e9fd79d026630d2d99e55e8bfe501287647b4fd9743de?s=96&d=mm&r=g","url":"https:\/\/secure.gravatar.com\/avatar\/31a1a7b66ff2de83bd0e9fd79d026630d2d99e55e8bfe501287647b4fd9743de?s=96&d=mm&r=g","contentUrl":"https:\/\/secure.gravatar.com\/avatar\/31a1a7b66ff2de83bd0e9fd79d026630d2d99e55e8bfe501287647b4fd9743de?s=96&d=mm&r=g","caption":"Gonzalo Schmidt"},"description":"Sitio web de noticias de la provincia de Entre R\u00edos, Argentina. Informaci\u00f3n y entretenimiento. Informe Litoral, nos informamos.","sameAs":["http:\/\/www.isletasnoticias.com.ar"],"url":"https:\/\/informelitoral.com.ar\/author\/gonzalo\/"}]}},"_links":{"self":[{"href":"https:\/\/informelitoral.com.ar\/%77%70%2d%6a%73%6f%6e\/wp\/v2\/posts\/12820","targetHints":{"allow":["GET"]}}],"collection":[{"href":"https:\/\/informelitoral.com.ar\/%77%70%2d%6a%73%6f%6e\/wp\/v2\/posts"}],"about":[{"href":"https:\/\/informelitoral.com.ar\/%77%70%2d%6a%73%6f%6e\/wp\/v2\/types\/post"}],"author":[{"embeddable":true,"href":"https:\/\/informelitoral.com.ar\/%77%70%2d%6a%73%6f%6e\/wp\/v2\/users\/2"}],"replies":[{"embeddable":true,"href":"https:\/\/informelitoral.com.ar\/%77%70%2d%6a%73%6f%6e\/wp\/v2\/comments?post=12820"}],"version-history":[{"count":0,"href":"https:\/\/informelitoral.com.ar\/%77%70%2d%6a%73%6f%6e\/wp\/v2\/posts\/12820\/revisions"}],"wp:attachment":[{"href":"https:\/\/informelitoral.com.ar\/%77%70%2d%6a%73%6f%6e\/wp\/v2\/media?parent=12820"}],"wp:term":[{"taxonomy":"category","embeddable":true,"href":"https:\/\/informelitoral.com.ar\/%77%70%2d%6a%73%6f%6e\/wp\/v2\/categories?post=12820"},{"taxonomy":"post_tag","embeddable":true,"href":"https:\/\/informelitoral.com.ar\/%77%70%2d%6a%73%6f%6e\/wp\/v2\/tags?post=12820"}],"curies":[{"name":"wp","href":"https:\/\/api.w.org\/{rel}","templated":true}]}}