{"id":12817,"date":"2015-12-01T21:48:48","date_gmt":"2015-12-02T00:48:48","guid":{"rendered":"http:\/\/www.isletasnoticias.com.ar\/?p=12817"},"modified":"2015-12-01T21:48:48","modified_gmt":"2015-12-02T00:48:48","slug":"trigo-maiz-y-soja-con-algunos-excesos-hidricos","status":"publish","type":"post","link":"https:\/\/informelitoral.com.ar\/trigo-maiz-y-soja-con-algunos-excesos-hidricos\/","title":{"rendered":"Trigo, ma\u00edz y soja con algunos excesos h\u00eddricos"},"content":{"rendered":"<p><strong>De acuerdo a datos relevados por la Oficina de Riesgo Agropecuario, algunos lotes de trigo, ma\u00edz y soja registran reservas de humedad excesivas, sobre todo por los aportes de las lluvias de la pasada semana.<a href=\"http:\/\/www.isletasnoticias.com.ar\/%77%70%2d%63%6f%6e%74%65%6e%74\/uploads\/2015\/12\/soja-maiz-trigo.jpg\"><img loading=\"lazy\" decoding=\"async\" class=\"aligncenter size-full wp-image-12818\" src=\"http:\/\/www.isletasnoticias.com.ar\/%77%70%2d%63%6f%6e%74%65%6e%74\/uploads\/2015\/12\/soja-maiz-trigo.jpg\" alt=\"soja-maiz-trigo\" width=\"640\" height=\"300\" srcset=\"https:\/\/informelitoral.com.ar\/%77%70%2d%63%6f%6e%74%65%6e%74\/uploads\/2015\/12\/soja-maiz-trigo.jpg 640w, https:\/\/informelitoral.com.ar\/%77%70%2d%63%6f%6e%74%65%6e%74\/uploads\/2015\/12\/soja-maiz-trigo-300x141.jpg 300w\" sizes=\"auto, (max-width: 640px) 100vw, 640px\" \/><\/a><\/strong><\/p>\n<p>Las reservas en la zona n\u00facleo pampeana son actualmente \u00f3ptimas, con excesos aislados en \u00e1reas con drenaje deficiente.<\/p>\n<p>En el sudeste de Buenos Aires los almacenajes se mantienen en niveles regulares a adecuados.<\/p>\n<p><strong>Ma\u00edz<\/strong><\/p>\n<p>Con el aporte de las lluvias de la semana pasada los perfiles permanecen muy recargados en la zona n\u00facleo, con almacenajes algo excesivos y excesos aislados hacia el noreste de Buenos Aires.<\/p>\n<p>En el resto de la regi\u00f3n pampeana el estado de las reservas para el ma\u00edz implantado se estima adecuado a \u00f3ptimo.<\/p>\n<p>En el sudoeste de Buenos Aires (Cnel. Su\u00e1rez, Pig\u00fc\u00e9, Bordenave) se evidencian algunos excesos temporarios.<\/p>\n<p><strong>Soja<\/strong><\/p>\n<p>Para lotes recientemente sembrados con soja en zona n\u00facleo las reservas siguen siendo excesivas (sur y sudeste de C\u00f3rdoba, sur de Santa Fe, Entre R\u00edos y norte de Buenos Aires).<\/p>\n<p><strong>PRECIPITACIONES ACUMULADAS<\/strong><br \/>\nLas mayores precipitaciones se concentraron sobre la provincia de Misiones, con m\u00e1s de 100mm acumulados. Casi toda la regi\u00f3n recibi\u00f3 en la semana pasada m\u00e1s de 30mm, con m\u00e1ximos locales de m\u00e1s de 50mm.<\/p>\n<p>Un corredor que va desde C\u00f3rdoba capital hasta Mar del Plata registr\u00f3 menos de 30mm.<\/p>\n<p>En Chaco las lluviasfueron escasas, pero se registr\u00f3 tiempo severo al sudoeste.<\/p>\n<p><strong>\u00bfC\u00d3MO SEGUIR\u00c1N LAS RESERVAS DE HUMEDAD?<\/strong><br \/>\n<strong>Avisos de d\u00e9ficit h\u00eddrico<\/strong><\/p>\n<p>Algunas localidades santafesinas podr\u00edan mostrar se\u00f1ales de d\u00e9ficit de aqu\u00ed a dos semanas, a\u00fan con lluvias normales, debido a la gran demanda que presenta el cultivo de ma\u00edz en la primera quincena de diciembre.<\/p>\n<p>En Buenos Aires, localidades del centro de la provincia tambi\u00e9n podr\u00edan presentar niveles deficitarios de almacenaje para ma\u00edz, ya que all\u00ed las lluvias no tuvieron la misma magnitud que en zona n\u00facleo en el mes de noviembre.<\/p>\n<p><strong>Aviso de excesos h\u00eddricos<\/strong><\/p>\n<p>Con lluvias abundantes en esta semana en el noreste de Santa Fe (Reconquista) y de Entre R\u00edos (Concordia) podr\u00edan generarse excesos, al igual que en el noreste de Buenos Aires (Las Flores) para lotes de ma\u00edz sembrado.<\/p>\n<p><strong>PRON\u00d3STICO<\/strong><br \/>\nDe acuerdo a los pron\u00f3sticos, las lluvias de la semana se concentrar\u00e1n en el noreste y noroeste argentino, Cuyo, oeste y sur de la regi\u00f3n pampeana y norte de la Patagonia.<\/p>\n<p>Hasta el s\u00e1bado en Cuyo se registrar\u00e1n lluvias y tormentas.<\/p>\n<p>De martes a viernes algunas de estas precipitaciones podr\u00edan afectar tambi\u00e9n al oeste y sur de la regi\u00f3n pampeana y norte de la Patagonia.<\/p>\n<p>En el norte argentino de martes a s\u00e1bado tambi\u00e9n habr\u00e1 lluvias y tormentas.<\/p>\n<p>Los fen\u00f3menos m\u00e1s importantes ser\u00e1n mi\u00e9rcoles, viernes y s\u00e1bado. Las temperaturas en el centro y norte del pa\u00eds tendr\u00e1n valores normales a levemente superiores a lo normal.<\/p>\n<p><strong>SITUACIONES CLIM\u00c1TICAS RELEVANTES <\/strong><br \/>\n<strong>Al 30 de noviembre de 2015<\/strong><\/p>\n<p>Las lluvias registradas durante los \u00faltimos d\u00edas en el sur de Brasil y noreste de Argentina favorecieron el llenado de los embalses de la represa Yacyret\u00e1, los cuales se encuentran operando en su m\u00e1xima capacidad. Se mantienen \u00e1reas inundadas en las provincias de Misiones y Corrientes.<\/p>\n<p>La situaci\u00f3n del Salado bonaerense se encuentra pr\u00f3xima a riesgo por los elevados niveles de humedad registrados. Mientras que el Salado santafesino se encuentra en tendencia decreciente con niveles por debajo del alerta.<\/p>\n<p>En cuanto a la situaci\u00f3n hidrom\u00e9trica en los puertos, los que se encuentran con niveles superiores al nivel de alerta son, sobre el r\u00edo Iguaz\u00fa, el puerto Iguaz\u00fa; mientras que sobre el Paran\u00e1 son los puertos Libertador, Ituzaing\u00f3, Barranqueras, Goya y Santa Ana, este \u00faltimo ha superado el nivel de evacuaci\u00f3n.<\/p>\n<p><strong>Tiempo severo en Chaco<\/strong><\/p>\n<p>Una fuerte tormenta de viento, clasificada por ahora como tornado, se desat\u00f3 en el sudoeste chaque\u00f1o.<\/p>\n<p>Por el fen\u00f3meno meteorol\u00f3gico registrado en el amanecer del viernes 27, se orden\u00f3 acci\u00f3n del Comit\u00e9 de Emergencia en la ciudad de S\u00e1enz Pe\u00f1a, donde se registraron voladuras de techos, \u00e1rboles y postes ca\u00eddos. <em>(ORA, SMN, CCA, Campo en Acci\u00f3n)<\/em><\/p>\n","protected":false},"excerpt":{"rendered":"<p>De acuerdo a datos relevados por la Oficina de Riesgo Agropecuario, algunos lotes de trigo, ma&iacute;z y soja registran reservas de humedad excesivas, sobre todo por los aportes de las lluvias de la pasada semana. Las reservas en la zona n&uacute;cleo pampeana son actualmente &oacute;ptimas, con excesos aislados en &aacute;reas con drenaje deficiente. En el [&hellip;]<\/p>\n","protected":false},"author":2,"featured_media":0,"comment_status":"open","ping_status":"open","sticky":false,"template":"","format":"standard","meta":{"fifu_image_url":"","fifu_image_alt":"","footnotes":""},"categories":[10],"tags":[],"class_list":{"0":"post-12817","1":"post","2":"type-post","3":"status-publish","4":"format-standard","6":"category-campo"},"yoast_head":"<title>Trigo, ma\u00edz y soja con algunos excesos h\u00eddricos - Informe Litoral<\/title>\n<meta name=\"robots\" content=\"index, follow, max-snippet:-1, max-image-preview:large, max-video-preview:-1\" \/>\n<link rel=\"canonical\" href=\"https:\/\/informelitoral.com.ar\/trigo-maiz-y-soja-con-algunos-excesos-hidricos\/\" \/>\n<meta property=\"og:locale\" content=\"es_ES\" \/>\n<meta property=\"og:type\" content=\"article\" \/>\n<meta property=\"og:title\" content=\"Trigo, ma\u00edz y soja con algunos excesos h\u00eddricos - Informe Litoral\" \/>\n<meta property=\"og:description\" content=\"De acuerdo a datos relevados por la Oficina de Riesgo Agropecuario, algunos lotes de trigo, ma&iacute;z y soja registran reservas de humedad excesivas, sobre todo por los aportes de las lluvias de la pasada semana. Las reservas en la zona n&uacute;cleo pampeana son actualmente &oacute;ptimas, con excesos aislados en &aacute;reas con drenaje deficiente. En el [&hellip;]\" \/>\n<meta property=\"og:url\" content=\"https:\/\/informelitoral.com.ar\/trigo-maiz-y-soja-con-algunos-excesos-hidricos\/\" \/>\n<meta property=\"og:site_name\" content=\"Informe Litoral\" \/>\n<meta property=\"article:publisher\" content=\"https:\/\/www.facebook.com\/informelitoral\/\" \/>\n<meta property=\"article:published_time\" content=\"2015-12-02T00:48:48+00:00\" \/>\n<meta property=\"og:image\" content=\"https:\/\/informelitoral.com.ar\/%77%70%2d%63%6f%6e%74%65%6e%74\/uploads\/2015\/12\/soja-maiz-trigo.jpg\" \/>\n\t<meta property=\"og:image:width\" content=\"640\" \/>\n\t<meta property=\"og:image:height\" content=\"300\" \/>\n\t<meta property=\"og:image:type\" content=\"image\/jpeg\" \/>\n<meta name=\"author\" content=\"Gonzalo Schmidt\" \/>\n<meta name=\"twitter:card\" content=\"summary_large_image\" \/>\n<meta name=\"twitter:creator\" content=\"@InformeLitoral\" \/>\n<meta name=\"twitter:site\" content=\"@InformeLitoral\" \/>\n<meta name=\"twitter:label1\" content=\"Escrito por\" \/>\n\t<meta name=\"twitter:data1\" content=\"Gonzalo Schmidt\" \/>\n\t<meta name=\"twitter:label2\" content=\"Tiempo de lectura\" \/>\n\t<meta name=\"twitter:data2\" content=\"4 minutos\" \/>\n<script type=\"application\/ld+json\" class=\"yoast-schema-graph\">{\"@context\":\"https:\\\/\\\/schema.org\",\"@graph\":[{\"@type\":\"Article\",\"@id\":\"https:\\\/\\\/informelitoral.com.ar\\\/trigo-maiz-y-soja-con-algunos-excesos-hidricos\\\/#article\",\"isPartOf\":{\"@id\":\"https:\\\/\\\/informelitoral.com.ar\\\/trigo-maiz-y-soja-con-algunos-excesos-hidricos\\\/\"},\"author\":{\"name\":\"Gonzalo Schmidt\",\"@id\":\"https:\\\/\\\/informelitoral.com.ar\\\/#\\\/schema\\\/person\\\/b9d00407c836482871ef1d57bf8e3180\"},\"headline\":\"Trigo, ma\u00edz y soja con algunos excesos h\u00eddricos\",\"datePublished\":\"2015-12-02T00:48:48+00:00\",\"mainEntityOfPage\":{\"@id\":\"https:\\\/\\\/informelitoral.com.ar\\\/trigo-maiz-y-soja-con-algunos-excesos-hidricos\\\/\"},\"wordCount\":733,\"commentCount\":0,\"publisher\":{\"@id\":\"https:\\\/\\\/informelitoral.com.ar\\\/#organization\"},\"image\":{\"@id\":\"https:\\\/\\\/informelitoral.com.ar\\\/trigo-maiz-y-soja-con-algunos-excesos-hidricos\\\/#primaryimage\"},\"thumbnailUrl\":\"http:\\\/\\\/www.isletasnoticias.com.ar\\\/%77%70%2d%63%6f%6e%74%65%6e%74\\\/uploads\\\/2015\\\/12\\\/soja-maiz-trigo.jpg\",\"articleSection\":[\"Campo\"],\"inLanguage\":\"es\",\"potentialAction\":[{\"@type\":\"CommentAction\",\"name\":\"Comment\",\"target\":[\"https:\\\/\\\/informelitoral.com.ar\\\/trigo-maiz-y-soja-con-algunos-excesos-hidricos\\\/#respond\"]}]},{\"@type\":\"WebPage\",\"@id\":\"https:\\\/\\\/informelitoral.com.ar\\\/trigo-maiz-y-soja-con-algunos-excesos-hidricos\\\/\",\"url\":\"https:\\\/\\\/informelitoral.com.ar\\\/trigo-maiz-y-soja-con-algunos-excesos-hidricos\\\/\",\"name\":\"Trigo, ma\u00edz y soja con algunos excesos h\u00eddricos - Informe Litoral\",\"isPartOf\":{\"@id\":\"https:\\\/\\\/informelitoral.com.ar\\\/#website\"},\"primaryImageOfPage\":{\"@id\":\"https:\\\/\\\/informelitoral.com.ar\\\/trigo-maiz-y-soja-con-algunos-excesos-hidricos\\\/#primaryimage\"},\"image\":{\"@id\":\"https:\\\/\\\/informelitoral.com.ar\\\/trigo-maiz-y-soja-con-algunos-excesos-hidricos\\\/#primaryimage\"},\"thumbnailUrl\":\"http:\\\/\\\/www.isletasnoticias.com.ar\\\/%77%70%2d%63%6f%6e%74%65%6e%74\\\/uploads\\\/2015\\\/12\\\/soja-maiz-trigo.jpg\",\"datePublished\":\"2015-12-02T00:48:48+00:00\",\"breadcrumb\":{\"@id\":\"https:\\\/\\\/informelitoral.com.ar\\\/trigo-maiz-y-soja-con-algunos-excesos-hidricos\\\/#breadcrumb\"},\"inLanguage\":\"es\",\"potentialAction\":[{\"@type\":\"ReadAction\",\"target\":[\"https:\\\/\\\/informelitoral.com.ar\\\/trigo-maiz-y-soja-con-algunos-excesos-hidricos\\\/\"]}]},{\"@type\":\"ImageObject\",\"inLanguage\":\"es\",\"@id\":\"https:\\\/\\\/informelitoral.com.ar\\\/trigo-maiz-y-soja-con-algunos-excesos-hidricos\\\/#primaryimage\",\"url\":\"http:\\\/\\\/www.isletasnoticias.com.ar\\\/%77%70%2d%63%6f%6e%74%65%6e%74\\\/uploads\\\/2015\\\/12\\\/soja-maiz-trigo.jpg\",\"contentUrl\":\"http:\\\/\\\/www.isletasnoticias.com.ar\\\/%77%70%2d%63%6f%6e%74%65%6e%74\\\/uploads\\\/2015\\\/12\\\/soja-maiz-trigo.jpg\"},{\"@type\":\"BreadcrumbList\",\"@id\":\"https:\\\/\\\/informelitoral.com.ar\\\/trigo-maiz-y-soja-con-algunos-excesos-hidricos\\\/#breadcrumb\",\"itemListElement\":[{\"@type\":\"ListItem\",\"position\":1,\"name\":\"Portada\",\"item\":\"https:\\\/\\\/informelitoral.com.ar\\\/\"},{\"@type\":\"ListItem\",\"position\":2,\"name\":\"Trigo, ma\u00edz y soja con algunos excesos h\u00eddricos\"}]},{\"@type\":\"WebSite\",\"@id\":\"https:\\\/\\\/informelitoral.com.ar\\\/#website\",\"url\":\"https:\\\/\\\/informelitoral.com.ar\\\/\",\"name\":\"Informe Litoral\",\"description\":\"&quot;Nos informamos&quot; \",\"publisher\":{\"@id\":\"https:\\\/\\\/informelitoral.com.ar\\\/#organization\"},\"potentialAction\":[{\"@type\":\"SearchAction\",\"target\":{\"@type\":\"EntryPoint\",\"urlTemplate\":\"https:\\\/\\\/informelitoral.com.ar\\\/?s={search_term_string}\"},\"query-input\":{\"@type\":\"PropertyValueSpecification\",\"valueRequired\":true,\"valueName\":\"search_term_string\"}}],\"inLanguage\":\"es\"},{\"@type\":\"Organization\",\"@id\":\"https:\\\/\\\/informelitoral.com.ar\\\/#organization\",\"name\":\"Informe Litoral\",\"url\":\"https:\\\/\\\/informelitoral.com.ar\\\/\",\"logo\":{\"@type\":\"ImageObject\",\"inLanguage\":\"es\",\"@id\":\"https:\\\/\\\/informelitoral.com.ar\\\/#\\\/schema\\\/logo\\\/image\\\/\",\"url\":\"https:\\\/\\\/informelitoral.com.ar\\\/%77%70%2d%63%6f%6e%74%65%6e%74\\\/uploads\\\/2021\\\/01\\\/circulo.png\",\"contentUrl\":\"https:\\\/\\\/informelitoral.com.ar\\\/%77%70%2d%63%6f%6e%74%65%6e%74\\\/uploads\\\/2021\\\/01\\\/circulo.png\",\"width\":723,\"height\":731,\"caption\":\"Informe Litoral\"},\"image\":{\"@id\":\"https:\\\/\\\/informelitoral.com.ar\\\/#\\\/schema\\\/logo\\\/image\\\/\"},\"sameAs\":[\"https:\\\/\\\/www.facebook.com\\\/informelitoral\\\/\",\"https:\\\/\\\/x.com\\\/InformeLitoral\",\"https:\\\/\\\/www.instagram.com\\\/informelitoral\\\/\",\"https:\\\/\\\/www.youtube.com\\\/channel\\\/UCua4Qvz8Icb6MYqhoq9xLXw\"]},{\"@type\":\"Person\",\"@id\":\"https:\\\/\\\/informelitoral.com.ar\\\/#\\\/schema\\\/person\\\/b9d00407c836482871ef1d57bf8e3180\",\"name\":\"Gonzalo Schmidt\",\"image\":{\"@type\":\"ImageObject\",\"inLanguage\":\"es\",\"@id\":\"https:\\\/\\\/secure.gravatar.com\\\/avatar\\\/31a1a7b66ff2de83bd0e9fd79d026630d2d99e55e8bfe501287647b4fd9743de?s=96&d=mm&r=g\",\"url\":\"https:\\\/\\\/secure.gravatar.com\\\/avatar\\\/31a1a7b66ff2de83bd0e9fd79d026630d2d99e55e8bfe501287647b4fd9743de?s=96&d=mm&r=g\",\"contentUrl\":\"https:\\\/\\\/secure.gravatar.com\\\/avatar\\\/31a1a7b66ff2de83bd0e9fd79d026630d2d99e55e8bfe501287647b4fd9743de?s=96&d=mm&r=g\",\"caption\":\"Gonzalo Schmidt\"},\"description\":\"Sitio web de noticias de la provincia de Entre R\u00edos, Argentina. Informaci\u00f3n y entretenimiento. Informe Litoral, nos informamos.\",\"sameAs\":[\"http:\\\/\\\/www.isletasnoticias.com.ar\"],\"url\":\"https:\\\/\\\/informelitoral.com.ar\\\/author\\\/gonzalo\\\/\"}]}<\/script>","yoast_head_json":{"title":"Trigo, ma\u00edz y soja con algunos excesos h\u00eddricos - Informe Litoral","robots":{"index":"index","follow":"follow","max-snippet":"max-snippet:-1","max-image-preview":"max-image-preview:large","max-video-preview":"max-video-preview:-1"},"canonical":"https:\/\/informelitoral.com.ar\/trigo-maiz-y-soja-con-algunos-excesos-hidricos\/","og_locale":"es_ES","og_type":"article","og_title":"Trigo, ma\u00edz y soja con algunos excesos h\u00eddricos - Informe Litoral","og_description":"De acuerdo a datos relevados por la Oficina de Riesgo Agropecuario, algunos lotes de trigo, ma&iacute;z y soja registran reservas de humedad excesivas, sobre todo por los aportes de las lluvias de la pasada semana. Las reservas en la zona n&uacute;cleo pampeana son actualmente &oacute;ptimas, con excesos aislados en &aacute;reas con drenaje deficiente. En el [&hellip;]","og_url":"https:\/\/informelitoral.com.ar\/trigo-maiz-y-soja-con-algunos-excesos-hidricos\/","og_site_name":"Informe Litoral","article_publisher":"https:\/\/www.facebook.com\/informelitoral\/","article_published_time":"2015-12-02T00:48:48+00:00","og_image":[{"width":640,"height":300,"url":"https:\/\/informelitoral.com.ar\/%77%70%2d%63%6f%6e%74%65%6e%74\/uploads\/2015\/12\/soja-maiz-trigo.jpg","type":"image\/jpeg"}],"author":"Gonzalo Schmidt","twitter_card":"summary_large_image","twitter_creator":"@InformeLitoral","twitter_site":"@InformeLitoral","twitter_misc":{"Escrito por":"Gonzalo Schmidt","Tiempo de lectura":"4 minutos"},"schema":{"@context":"https:\/\/schema.org","@graph":[{"@type":"Article","@id":"https:\/\/informelitoral.com.ar\/trigo-maiz-y-soja-con-algunos-excesos-hidricos\/#article","isPartOf":{"@id":"https:\/\/informelitoral.com.ar\/trigo-maiz-y-soja-con-algunos-excesos-hidricos\/"},"author":{"name":"Gonzalo Schmidt","@id":"https:\/\/informelitoral.com.ar\/#\/schema\/person\/b9d00407c836482871ef1d57bf8e3180"},"headline":"Trigo, ma\u00edz y soja con algunos excesos h\u00eddricos","datePublished":"2015-12-02T00:48:48+00:00","mainEntityOfPage":{"@id":"https:\/\/informelitoral.com.ar\/trigo-maiz-y-soja-con-algunos-excesos-hidricos\/"},"wordCount":733,"commentCount":0,"publisher":{"@id":"https:\/\/informelitoral.com.ar\/#organization"},"image":{"@id":"https:\/\/informelitoral.com.ar\/trigo-maiz-y-soja-con-algunos-excesos-hidricos\/#primaryimage"},"thumbnailUrl":"http:\/\/www.isletasnoticias.com.ar\/%77%70%2d%63%6f%6e%74%65%6e%74\/uploads\/2015\/12\/soja-maiz-trigo.jpg","articleSection":["Campo"],"inLanguage":"es","potentialAction":[{"@type":"CommentAction","name":"Comment","target":["https:\/\/informelitoral.com.ar\/trigo-maiz-y-soja-con-algunos-excesos-hidricos\/#respond"]}]},{"@type":"WebPage","@id":"https:\/\/informelitoral.com.ar\/trigo-maiz-y-soja-con-algunos-excesos-hidricos\/","url":"https:\/\/informelitoral.com.ar\/trigo-maiz-y-soja-con-algunos-excesos-hidricos\/","name":"Trigo, ma\u00edz y soja con algunos excesos h\u00eddricos - Informe Litoral","isPartOf":{"@id":"https:\/\/informelitoral.com.ar\/#website"},"primaryImageOfPage":{"@id":"https:\/\/informelitoral.com.ar\/trigo-maiz-y-soja-con-algunos-excesos-hidricos\/#primaryimage"},"image":{"@id":"https:\/\/informelitoral.com.ar\/trigo-maiz-y-soja-con-algunos-excesos-hidricos\/#primaryimage"},"thumbnailUrl":"http:\/\/www.isletasnoticias.com.ar\/%77%70%2d%63%6f%6e%74%65%6e%74\/uploads\/2015\/12\/soja-maiz-trigo.jpg","datePublished":"2015-12-02T00:48:48+00:00","breadcrumb":{"@id":"https:\/\/informelitoral.com.ar\/trigo-maiz-y-soja-con-algunos-excesos-hidricos\/#breadcrumb"},"inLanguage":"es","potentialAction":[{"@type":"ReadAction","target":["https:\/\/informelitoral.com.ar\/trigo-maiz-y-soja-con-algunos-excesos-hidricos\/"]}]},{"@type":"ImageObject","inLanguage":"es","@id":"https:\/\/informelitoral.com.ar\/trigo-maiz-y-soja-con-algunos-excesos-hidricos\/#primaryimage","url":"http:\/\/www.isletasnoticias.com.ar\/%77%70%2d%63%6f%6e%74%65%6e%74\/uploads\/2015\/12\/soja-maiz-trigo.jpg","contentUrl":"http:\/\/www.isletasnoticias.com.ar\/%77%70%2d%63%6f%6e%74%65%6e%74\/uploads\/2015\/12\/soja-maiz-trigo.jpg"},{"@type":"BreadcrumbList","@id":"https:\/\/informelitoral.com.ar\/trigo-maiz-y-soja-con-algunos-excesos-hidricos\/#breadcrumb","itemListElement":[{"@type":"ListItem","position":1,"name":"Portada","item":"https:\/\/informelitoral.com.ar\/"},{"@type":"ListItem","position":2,"name":"Trigo, ma\u00edz y soja con algunos excesos h\u00eddricos"}]},{"@type":"WebSite","@id":"https:\/\/informelitoral.com.ar\/#website","url":"https:\/\/informelitoral.com.ar\/","name":"Informe Litoral","description":"&quot;Nos informamos&quot; ","publisher":{"@id":"https:\/\/informelitoral.com.ar\/#organization"},"potentialAction":[{"@type":"SearchAction","target":{"@type":"EntryPoint","urlTemplate":"https:\/\/informelitoral.com.ar\/?s={search_term_string}"},"query-input":{"@type":"PropertyValueSpecification","valueRequired":true,"valueName":"search_term_string"}}],"inLanguage":"es"},{"@type":"Organization","@id":"https:\/\/informelitoral.com.ar\/#organization","name":"Informe Litoral","url":"https:\/\/informelitoral.com.ar\/","logo":{"@type":"ImageObject","inLanguage":"es","@id":"https:\/\/informelitoral.com.ar\/#\/schema\/logo\/image\/","url":"https:\/\/informelitoral.com.ar\/%77%70%2d%63%6f%6e%74%65%6e%74\/uploads\/2021\/01\/circulo.png","contentUrl":"https:\/\/informelitoral.com.ar\/%77%70%2d%63%6f%6e%74%65%6e%74\/uploads\/2021\/01\/circulo.png","width":723,"height":731,"caption":"Informe Litoral"},"image":{"@id":"https:\/\/informelitoral.com.ar\/#\/schema\/logo\/image\/"},"sameAs":["https:\/\/www.facebook.com\/informelitoral\/","https:\/\/x.com\/InformeLitoral","https:\/\/www.instagram.com\/informelitoral\/","https:\/\/www.youtube.com\/channel\/UCua4Qvz8Icb6MYqhoq9xLXw"]},{"@type":"Person","@id":"https:\/\/informelitoral.com.ar\/#\/schema\/person\/b9d00407c836482871ef1d57bf8e3180","name":"Gonzalo Schmidt","image":{"@type":"ImageObject","inLanguage":"es","@id":"https:\/\/secure.gravatar.com\/avatar\/31a1a7b66ff2de83bd0e9fd79d026630d2d99e55e8bfe501287647b4fd9743de?s=96&d=mm&r=g","url":"https:\/\/secure.gravatar.com\/avatar\/31a1a7b66ff2de83bd0e9fd79d026630d2d99e55e8bfe501287647b4fd9743de?s=96&d=mm&r=g","contentUrl":"https:\/\/secure.gravatar.com\/avatar\/31a1a7b66ff2de83bd0e9fd79d026630d2d99e55e8bfe501287647b4fd9743de?s=96&d=mm&r=g","caption":"Gonzalo Schmidt"},"description":"Sitio web de noticias de la provincia de Entre R\u00edos, Argentina. Informaci\u00f3n y entretenimiento. Informe Litoral, nos informamos.","sameAs":["http:\/\/www.isletasnoticias.com.ar"],"url":"https:\/\/informelitoral.com.ar\/author\/gonzalo\/"}]}},"_links":{"self":[{"href":"https:\/\/informelitoral.com.ar\/%77%70%2d%6a%73%6f%6e\/wp\/v2\/posts\/12817","targetHints":{"allow":["GET"]}}],"collection":[{"href":"https:\/\/informelitoral.com.ar\/%77%70%2d%6a%73%6f%6e\/wp\/v2\/posts"}],"about":[{"href":"https:\/\/informelitoral.com.ar\/%77%70%2d%6a%73%6f%6e\/wp\/v2\/types\/post"}],"author":[{"embeddable":true,"href":"https:\/\/informelitoral.com.ar\/%77%70%2d%6a%73%6f%6e\/wp\/v2\/users\/2"}],"replies":[{"embeddable":true,"href":"https:\/\/informelitoral.com.ar\/%77%70%2d%6a%73%6f%6e\/wp\/v2\/comments?post=12817"}],"version-history":[{"count":0,"href":"https:\/\/informelitoral.com.ar\/%77%70%2d%6a%73%6f%6e\/wp\/v2\/posts\/12817\/revisions"}],"wp:attachment":[{"href":"https:\/\/informelitoral.com.ar\/%77%70%2d%6a%73%6f%6e\/wp\/v2\/media?parent=12817"}],"wp:term":[{"taxonomy":"category","embeddable":true,"href":"https:\/\/informelitoral.com.ar\/%77%70%2d%6a%73%6f%6e\/wp\/v2\/categories?post=12817"},{"taxonomy":"post_tag","embeddable":true,"href":"https:\/\/informelitoral.com.ar\/%77%70%2d%6a%73%6f%6e\/wp\/v2\/tags?post=12817"}],"curies":[{"name":"wp","href":"https:\/\/api.w.org\/{rel}","templated":true}]}}