{"id":12814,"date":"2015-12-01T21:40:28","date_gmt":"2015-12-02T00:40:28","guid":{"rendered":"http:\/\/www.isletasnoticias.com.ar\/?p=12814"},"modified":"2015-12-01T21:40:28","modified_gmt":"2015-12-02T00:40:28","slug":"dia-mundial-de-la-lucha-contra-el-sida-test-o-no-test","status":"publish","type":"post","link":"https:\/\/informelitoral.com.ar\/dia-mundial-de-la-lucha-contra-el-sida-test-o-no-test\/","title":{"rendered":"D\u00eda Mundial de la Lucha contra el Sida: \u00bftest o no test?"},"content":{"rendered":"<p><strong>Conocer el diagn\u00f3stico puede marcar la diferencia. Las cifras en el mundo de esta pandemia que lleva m\u00e1s de tres d\u00e9cadas. La mirada de una experta.<a href=\"http:\/\/www.isletasnoticias.com.ar\/%77%70%2d%63%6f%6e%74%65%6e%74\/uploads\/2015\/12\/0013845722.jpg\"><img loading=\"lazy\" decoding=\"async\" class=\"aligncenter size-full wp-image-12815\" src=\"http:\/\/www.isletasnoticias.com.ar\/%77%70%2d%63%6f%6e%74%65%6e%74\/uploads\/2015\/12\/0013845722.jpg\" alt=\"0013845722\" width=\"770\" height=\"433\" srcset=\"https:\/\/informelitoral.com.ar\/%77%70%2d%63%6f%6e%74%65%6e%74\/uploads\/2015\/12\/0013845722.jpg 770w, https:\/\/informelitoral.com.ar\/%77%70%2d%63%6f%6e%74%65%6e%74\/uploads\/2015\/12\/0013845722-300x169.jpg 300w\" sizes=\"auto, (max-width: 770px) 100vw, 770px\" \/><\/a><\/strong>El 1\u00b0 de diciembre se celebra el D\u00eda Mundial de la Lucha contra el HIV\/Sida. De acuerdo a los \u00faltimos datos publicados por la organizaci\u00f3n ONUSIDA, hay entre 35,7 y 36,9 millones de personas que viven con HIV alrededor del mundo. Estas cifras involucran tanto a aquellas personas infectadas con el virus de inmunodeficiencia humana y no presentan ning\u00fan s\u00edntoma como a quienes, por el contrario, ya han desarrollado la enfermedad. De acuerdo a los sondeos de este organismo descentralizado de las Naciones Unidas, las nuevas infecciones por el VIH descendieron en un 35\u2009por ciento desde el a\u00f1o 2000 y tambi\u00e9n mostraron una ca\u00edda de un 42% en las defunciones desde 2004.<\/p>\n<p dir=\"ltr\"><b>A escala mundial, al menos 2 millones de personas se infectaron con el VIH en 2014, lo que se\u00f1ala un descenso respecto a los 3,1 millones estimados de 2010.<\/b><\/p>\n<p dir=\"ltr\">\u00abEs importante saber que, luego de \u00c1frica y Asia, Latinoam\u00e9rica y el Caribe ocupan el tercer lugar, del que no se ha movido en los \u00faltimos a\u00f1os. Adem\u00e1s, el 50 por ciento de todo este colectivo humano corresponde a mujeres\u00bb, se\u00f1al\u00f3 la doctora Isabel Cassetti, m\u00e9dica infect\u00f3loga, miembro del Comit\u00e9 Asesor del Programa Nacional de Sida y ETS del Ministerio de Salud de la Naci\u00f3n.<\/p>\n<h3 id=\"titleCMS1bogxcoj64jz6w29\" class=\"tdCmsTitle2\">Escenario nacional<\/h3>\n<p dir=\"ltr\"><b>Argentina es un pa\u00eds privilegiado, la cobertura en el diagn\u00f3stico, an\u00e1lisis y tratamiento es total y gratuita<\/b>. Se estima que hay unas 126 mil personas que viven con HIV. A su vez, un 30 por ciento de esta poblaci\u00f3n desconoce su situaci\u00f3n serol\u00f3gica.<\/p>\n<p dir=\"ltr\">A pesar del importante n\u00famero, la especialista destac\u00f3 que en el \u00faltimo tiempo se ha avanzado mucho en diagnosticar a m\u00e1s personas que antes, ya que el porcentaje de infectados que no lo sab\u00eda era del 50 por ciento.<\/p>\n<p dir=\"ltr\">A pesar de ello, en Argentina, de acuerdo a las cifras publicadas en el Bolet\u00edn N\u00b0 31 sobre el VIH-Sida, existe un n\u00famero cercano a los 6 mil nuevos diagn\u00f3sticos por a\u00f1o que no ha bajado.<\/p>\n<p dir=\"ltr\"><strong>Vulnerables<\/strong><\/p>\n<p dir=\"ltr\">Frente a los grupos donde hace pie esta pandemia, la doctora Cassetti se\u00f1al\u00f3 que existe una especial preocupaci\u00f3n en la comunidad m\u00e9dica por los adolescentes, los adultos mayores y las embarazadas en los que la incidencia parece estar creciendo. Sobre este \u00faltimo grupo, la especialista destac\u00f3 que <b>\u00abtenemos una prevalencia de transmisi\u00f3n vertical -que es la transmisi\u00f3n de madre a hijo- bastante alta que ronda entre el 5 y el 6%\u00bb.<\/b><\/p>\n<p dir=\"ltr\">En relaci\u00f3n a los adolescentes, se observa que en el segmento de los ni\u00f1os de 0 a 14 se redujo la proporci\u00f3n de nuevos diagn\u00f3sticos, aunque en el grupo de adolescentes y j\u00f3venes adultos comprendido entre los 15 y los 24 a\u00f1os de edad, hay una tendencia al aumento de los casos nuevos.<\/p>\n<p dir=\"ltr\">\u00abSe observa un aumento de los casos en los varones de 19 a 24 cuya transmisi\u00f3n es hombres que tienen sexo con hombres y en las mujeres este aumento se registra en la franja de edad de 15 a 19 a\u00f1os. <b>Esta es la \u00fanica zona etaria donde el n\u00famero de mujeres supera a los hombres<\/b>\u00ab, detall\u00f3 la doctora Cassetti que tambi\u00e9n es Directora M\u00e9dica de Helios Salud y Coordinadora M\u00e9dica de Stamboulian Servicios de Salud.<\/p>\n<p dir=\"ltr\">Hay determinantes sociales que influyen en esta situaci\u00f3n y que est\u00e1n siendo analizados en un estudio realizado por el Ministerio de Salud.<\/p>\n<p dir=\"ltr\">Si se espera revertir esta tendencia, seg\u00fan la mirada de la infect\u00f3loga, <b>es necesario reforzar la informaci\u00f3n a trav\u00e9s de la difusi\u00f3n de material impreso, talleres con pares, involucrando a los diferentes actores en las actividades de prevenci\u00f3n.<\/b><\/p>\n<h3 id=\"titleCMStxt09h3as788semi\" class=\"tdCmsTitle2\">Test o no test<\/h3>\n<p dir=\"ltr\">Es importante avanzar en la expansi\u00f3n del testeo para que cada uno pueda saber si tiene o no la infecci\u00f3n por HIV. En este sentido en varios pa\u00edses, como los Estados Unidos, se ha implementado el acceso universal al test r\u00e1pido para que qui\u00e9n lo desee pueda conocer su situaci\u00f3n serol\u00f3gica.<\/p>\n<p dir=\"ltr\">\u00abEn nuestro pa\u00eds, en el \u00faltimo tiempo, se ha ampliado la cantidad de centros que ofrecen el test r\u00e1pido y, entre ellos, est\u00e1n los de Helios Salud. All\u00ed tenemos <b>el test r\u00e1pido de manera gratuita que puede ser solicitado en cualquier momento del d\u00eda, de 8 a 20&#8243;<\/b>, se\u00f1al\u00f3 la doctora Cassetti.<\/p>\n<p dir=\"ltr\">Se lo considera un estudio r\u00e1pido porque ofrece un resultado en 15 a 30 minutos. \u00abLo bueno es que si el resultado es negativo, se lo considera negativo. Esto quiere decir que, para nosotros, el valor predictivo negativo es muy alto, ya que nos permite determinar que esa persona que se realiz\u00f3 la prueba no tiene HIV. Sin embargo, como esta prueba tiene una alta sensibilidad, si el valor es positivo, siempre hay que confirmarlo\u00bb, detall\u00f3.<\/p>\n<p dir=\"ltr\">Esto quiere decir que un resultado positivo no es positivo hasta que no se obtenga la confirmaci\u00f3n a trav\u00e9s de estudios especiales como los estudios de carga viral, Western Blot, entre otros.<\/p>\n<p dir=\"ltr\"><strong>Confirmaci\u00f3n y tratamiento<\/strong><\/p>\n<p dir=\"ltr\">Una vez obtenido el diagn\u00f3stico, una de las principales preguntas del paciente es si debe recibir o no su tratamiento o fijar el inicio. Lo cierto es que, de acuerdo a una reciente resoluci\u00f3n de la Organizaci\u00f3n Mundial de la Salud (OMS), <b>todas las personas que fueron testeadas y confirmadas con la infecci\u00f3n por HIV deben iniciar el tratamiento.<\/b> \u00abAntes esto no era as\u00ed porque nos bas\u00e1bamos en el nivel de linfocitos CD4 en sangre pero ahora, todos deben recibir los antiretrovirales\u00bb, asever\u00f3 la doctora Casseti.<\/p>\n<p dir=\"ltr\">\u00abYa est\u00e1 bien documentado que hay beneficios para esa persona en t\u00e9rminos de disminuir la progresi\u00f3n de la enfermedad, el mantenimiento del sistema inmune y en tener menos complicaciones a largo plazo. No obstante tambi\u00e9n implica beneficios a nivel de la comunidad debido a que cargas virales no detectables, a nivel comunitario, se traducen en la disminuci\u00f3n de la transmisi\u00f3n. Es decir que esto se traduce en un doble beneficio\u00bb, agreg\u00f3.<\/p>\n<p dir=\"ltr\">En ciudades como San Francisco, en Estados Unidos, que en la d\u00e9cada de 1980 ten\u00eda una alta prevalencia de personas viviendo con HIV, se fijaron como meta la disminuci\u00f3n de los nuevos casos. En este sentido, desarrollaron un programa cuyo objetivo es llegar al hito de tener \u00abHIV cero\u00bb. Para ellos, una de las estrategias principales es la de conseguir tener diagnosticado al 100% de los pacientes y que inicien su tratamiento a fin de reducir la transmisi\u00f3n a nivel comunitario.<\/p>\n<p dir=\"ltr\">\u00abSi bien es importante transmitir estos conceptos para que las personas infectadas sepan que la transmisi\u00f3n es pr\u00e1cticamente inferior al 1% si toman de manera adecuada su tratamiento\u00bb, destac\u00f3 la doctora Cassetti. No obstante, para quienes a\u00fan no contrajeron la infecci\u00f3n, esto no significa que deban relajar las medidas de autocuidado y prevenci\u00f3n.<b> \u00abEs necesario que tengan presente que siempre es mejor no tener HIV que tenerlo\u00bb<\/b>, agreg\u00f3.<\/p>\n<h3 id=\"titleCMS37z0xtceiz3nb3xr\" class=\"tdCmsTitle2\">El pron\u00f3stico del paciente<\/h3>\n<p dir=\"ltr\">Hoy, el pron\u00f3stico de un paciente con HIV es excelente. De acuerdo con la doctora Cassetti, en la actualidad, <b>la sobrevida de una persona que vive con esta infecci\u00f3n es equivalente a la de una persona que a\u00fan no la contrajo.<\/b> \u00abEsto no s\u00f3lo se da gracias a la disponibilidad de mejores tratamientos y al aumento del volumen de personas tratadas. Si comparamos a dos personas del mismo g\u00e9nero y edad, una con HIV y la otra no, veremos que el paciente infectado, por su condici\u00f3n se realiza chequeos de modo mucho m\u00e1s frecuente en sus niveles de presi\u00f3n, colesterol y glucemia\u00bb, destac\u00f3 la especialista.<\/p>\n<p dir=\"ltr\">\u00abEsto nos da la posibilidad de prevenir un poco antes cualquier inconveniente que en aquella persona j\u00f3ven que solo acude al m\u00e9dico cuando se enferman\u00bb, agreg\u00f3.<\/p>\n<p dir=\"ltr\"><b>En este sentido, cualquier paciente con HIV puede hacer una vida perfectamente normal y tener hijos si es que decide encarar el proyecto de formar una familia<\/b>. \u00abEn estas circunstancias, es importante que el paciente consulte al equipo de salud a fin de garantizar e implementar todas las medidas para que el riesgo de transmisi\u00f3n sea cero, ya que es posible que sea cero\u00bb, finaliz\u00f3 Cassetti. (Por: <em>Dr. Daniel Stamboulian<\/em> para <em>Infobae<\/em>)<\/p>\n","protected":false},"excerpt":{"rendered":"<p>Conocer el diagn&oacute;stico puede marcar la diferencia. Las cifras en el mundo de esta pandemia que lleva m&aacute;s de tres d&eacute;cadas. La mirada de una experta.El 1&deg; de diciembre se celebra el D&iacute;a Mundial de la Lucha contra el HIV\/Sida. De acuerdo a los &uacute;ltimos datos publicados por la organizaci&oacute;n ONUSIDA, hay entre 35,7 y [&hellip;]<\/p>\n","protected":false},"author":2,"featured_media":0,"comment_status":"open","ping_status":"open","sticky":false,"template":"","format":"standard","meta":{"fifu_image_url":"","fifu_image_alt":"","footnotes":""},"categories":[9],"tags":[],"class_list":{"0":"post-12814","1":"post","2":"type-post","3":"status-publish","4":"format-standard","6":"category-sociedad"},"yoast_head":"<title>D\u00eda Mundial de la Lucha contra el Sida: \u00bftest o no test? - Informe Litoral<\/title>\n<meta name=\"robots\" content=\"index, follow, max-snippet:-1, max-image-preview:large, max-video-preview:-1\" \/>\n<link rel=\"canonical\" href=\"https:\/\/informelitoral.com.ar\/dia-mundial-de-la-lucha-contra-el-sida-test-o-no-test\/\" \/>\n<meta property=\"og:locale\" content=\"es_ES\" \/>\n<meta property=\"og:type\" content=\"article\" \/>\n<meta property=\"og:title\" content=\"D\u00eda Mundial de la Lucha contra el Sida: \u00bftest o no test? - Informe Litoral\" \/>\n<meta property=\"og:description\" content=\"Conocer el diagn&oacute;stico puede marcar la diferencia. Las cifras en el mundo de esta pandemia que lleva m&aacute;s de tres d&eacute;cadas. La mirada de una experta.El 1&deg; de diciembre se celebra el D&iacute;a Mundial de la Lucha contra el HIV\/Sida. De acuerdo a los &uacute;ltimos datos publicados por la organizaci&oacute;n ONUSIDA, hay entre 35,7 y [&hellip;]\" \/>\n<meta property=\"og:url\" content=\"https:\/\/informelitoral.com.ar\/dia-mundial-de-la-lucha-contra-el-sida-test-o-no-test\/\" \/>\n<meta property=\"og:site_name\" content=\"Informe Litoral\" \/>\n<meta property=\"article:publisher\" content=\"https:\/\/www.facebook.com\/informelitoral\/\" \/>\n<meta property=\"article:published_time\" content=\"2015-12-02T00:40:28+00:00\" \/>\n<meta property=\"og:image\" content=\"https:\/\/informelitoral.com.ar\/%77%70%2d%63%6f%6e%74%65%6e%74\/uploads\/2015\/12\/0013845722.jpg\" \/>\n\t<meta property=\"og:image:width\" content=\"770\" \/>\n\t<meta property=\"og:image:height\" content=\"433\" \/>\n\t<meta property=\"og:image:type\" content=\"image\/jpeg\" \/>\n<meta name=\"author\" content=\"Gonzalo Schmidt\" \/>\n<meta name=\"twitter:card\" content=\"summary_large_image\" \/>\n<meta name=\"twitter:creator\" content=\"@InformeLitoral\" \/>\n<meta name=\"twitter:site\" content=\"@InformeLitoral\" \/>\n<meta name=\"twitter:label1\" content=\"Escrito por\" \/>\n\t<meta name=\"twitter:data1\" content=\"Gonzalo Schmidt\" \/>\n\t<meta name=\"twitter:label2\" content=\"Tiempo de lectura\" \/>\n\t<meta name=\"twitter:data2\" content=\"7 minutos\" \/>\n<script type=\"application\/ld+json\" class=\"yoast-schema-graph\">{\"@context\":\"https:\\\/\\\/schema.org\",\"@graph\":[{\"@type\":\"Article\",\"@id\":\"https:\\\/\\\/informelitoral.com.ar\\\/dia-mundial-de-la-lucha-contra-el-sida-test-o-no-test\\\/#article\",\"isPartOf\":{\"@id\":\"https:\\\/\\\/informelitoral.com.ar\\\/dia-mundial-de-la-lucha-contra-el-sida-test-o-no-test\\\/\"},\"author\":{\"name\":\"Gonzalo Schmidt\",\"@id\":\"https:\\\/\\\/informelitoral.com.ar\\\/#\\\/schema\\\/person\\\/b9d00407c836482871ef1d57bf8e3180\"},\"headline\":\"D\u00eda Mundial de la Lucha contra el Sida: \u00bftest o no test?\",\"datePublished\":\"2015-12-02T00:40:28+00:00\",\"mainEntityOfPage\":{\"@id\":\"https:\\\/\\\/informelitoral.com.ar\\\/dia-mundial-de-la-lucha-contra-el-sida-test-o-no-test\\\/\"},\"wordCount\":1429,\"commentCount\":0,\"publisher\":{\"@id\":\"https:\\\/\\\/informelitoral.com.ar\\\/#organization\"},\"image\":{\"@id\":\"https:\\\/\\\/informelitoral.com.ar\\\/dia-mundial-de-la-lucha-contra-el-sida-test-o-no-test\\\/#primaryimage\"},\"thumbnailUrl\":\"http:\\\/\\\/www.isletasnoticias.com.ar\\\/%77%70%2d%63%6f%6e%74%65%6e%74\\\/uploads\\\/2015\\\/12\\\/0013845722.jpg\",\"articleSection\":[\"Sociedad\"],\"inLanguage\":\"es\",\"potentialAction\":[{\"@type\":\"CommentAction\",\"name\":\"Comment\",\"target\":[\"https:\\\/\\\/informelitoral.com.ar\\\/dia-mundial-de-la-lucha-contra-el-sida-test-o-no-test\\\/#respond\"]}]},{\"@type\":\"WebPage\",\"@id\":\"https:\\\/\\\/informelitoral.com.ar\\\/dia-mundial-de-la-lucha-contra-el-sida-test-o-no-test\\\/\",\"url\":\"https:\\\/\\\/informelitoral.com.ar\\\/dia-mundial-de-la-lucha-contra-el-sida-test-o-no-test\\\/\",\"name\":\"D\u00eda Mundial de la Lucha contra el Sida: \u00bftest o no test? - Informe Litoral\",\"isPartOf\":{\"@id\":\"https:\\\/\\\/informelitoral.com.ar\\\/#website\"},\"primaryImageOfPage\":{\"@id\":\"https:\\\/\\\/informelitoral.com.ar\\\/dia-mundial-de-la-lucha-contra-el-sida-test-o-no-test\\\/#primaryimage\"},\"image\":{\"@id\":\"https:\\\/\\\/informelitoral.com.ar\\\/dia-mundial-de-la-lucha-contra-el-sida-test-o-no-test\\\/#primaryimage\"},\"thumbnailUrl\":\"http:\\\/\\\/www.isletasnoticias.com.ar\\\/%77%70%2d%63%6f%6e%74%65%6e%74\\\/uploads\\\/2015\\\/12\\\/0013845722.jpg\",\"datePublished\":\"2015-12-02T00:40:28+00:00\",\"breadcrumb\":{\"@id\":\"https:\\\/\\\/informelitoral.com.ar\\\/dia-mundial-de-la-lucha-contra-el-sida-test-o-no-test\\\/#breadcrumb\"},\"inLanguage\":\"es\",\"potentialAction\":[{\"@type\":\"ReadAction\",\"target\":[\"https:\\\/\\\/informelitoral.com.ar\\\/dia-mundial-de-la-lucha-contra-el-sida-test-o-no-test\\\/\"]}]},{\"@type\":\"ImageObject\",\"inLanguage\":\"es\",\"@id\":\"https:\\\/\\\/informelitoral.com.ar\\\/dia-mundial-de-la-lucha-contra-el-sida-test-o-no-test\\\/#primaryimage\",\"url\":\"http:\\\/\\\/www.isletasnoticias.com.ar\\\/%77%70%2d%63%6f%6e%74%65%6e%74\\\/uploads\\\/2015\\\/12\\\/0013845722.jpg\",\"contentUrl\":\"http:\\\/\\\/www.isletasnoticias.com.ar\\\/%77%70%2d%63%6f%6e%74%65%6e%74\\\/uploads\\\/2015\\\/12\\\/0013845722.jpg\"},{\"@type\":\"BreadcrumbList\",\"@id\":\"https:\\\/\\\/informelitoral.com.ar\\\/dia-mundial-de-la-lucha-contra-el-sida-test-o-no-test\\\/#breadcrumb\",\"itemListElement\":[{\"@type\":\"ListItem\",\"position\":1,\"name\":\"Portada\",\"item\":\"https:\\\/\\\/informelitoral.com.ar\\\/\"},{\"@type\":\"ListItem\",\"position\":2,\"name\":\"D\u00eda Mundial de la Lucha contra el Sida: \u00bftest o no test?\"}]},{\"@type\":\"WebSite\",\"@id\":\"https:\\\/\\\/informelitoral.com.ar\\\/#website\",\"url\":\"https:\\\/\\\/informelitoral.com.ar\\\/\",\"name\":\"Informe Litoral\",\"description\":\"&quot;Nos informamos&quot; \",\"publisher\":{\"@id\":\"https:\\\/\\\/informelitoral.com.ar\\\/#organization\"},\"potentialAction\":[{\"@type\":\"SearchAction\",\"target\":{\"@type\":\"EntryPoint\",\"urlTemplate\":\"https:\\\/\\\/informelitoral.com.ar\\\/?s={search_term_string}\"},\"query-input\":{\"@type\":\"PropertyValueSpecification\",\"valueRequired\":true,\"valueName\":\"search_term_string\"}}],\"inLanguage\":\"es\"},{\"@type\":\"Organization\",\"@id\":\"https:\\\/\\\/informelitoral.com.ar\\\/#organization\",\"name\":\"Informe Litoral\",\"url\":\"https:\\\/\\\/informelitoral.com.ar\\\/\",\"logo\":{\"@type\":\"ImageObject\",\"inLanguage\":\"es\",\"@id\":\"https:\\\/\\\/informelitoral.com.ar\\\/#\\\/schema\\\/logo\\\/image\\\/\",\"url\":\"https:\\\/\\\/informelitoral.com.ar\\\/%77%70%2d%63%6f%6e%74%65%6e%74\\\/uploads\\\/2021\\\/01\\\/circulo.png\",\"contentUrl\":\"https:\\\/\\\/informelitoral.com.ar\\\/%77%70%2d%63%6f%6e%74%65%6e%74\\\/uploads\\\/2021\\\/01\\\/circulo.png\",\"width\":723,\"height\":731,\"caption\":\"Informe Litoral\"},\"image\":{\"@id\":\"https:\\\/\\\/informelitoral.com.ar\\\/#\\\/schema\\\/logo\\\/image\\\/\"},\"sameAs\":[\"https:\\\/\\\/www.facebook.com\\\/informelitoral\\\/\",\"https:\\\/\\\/x.com\\\/InformeLitoral\",\"https:\\\/\\\/www.instagram.com\\\/informelitoral\\\/\",\"https:\\\/\\\/www.youtube.com\\\/channel\\\/UCua4Qvz8Icb6MYqhoq9xLXw\"]},{\"@type\":\"Person\",\"@id\":\"https:\\\/\\\/informelitoral.com.ar\\\/#\\\/schema\\\/person\\\/b9d00407c836482871ef1d57bf8e3180\",\"name\":\"Gonzalo Schmidt\",\"image\":{\"@type\":\"ImageObject\",\"inLanguage\":\"es\",\"@id\":\"https:\\\/\\\/secure.gravatar.com\\\/avatar\\\/31a1a7b66ff2de83bd0e9fd79d026630d2d99e55e8bfe501287647b4fd9743de?s=96&d=mm&r=g\",\"url\":\"https:\\\/\\\/secure.gravatar.com\\\/avatar\\\/31a1a7b66ff2de83bd0e9fd79d026630d2d99e55e8bfe501287647b4fd9743de?s=96&d=mm&r=g\",\"contentUrl\":\"https:\\\/\\\/secure.gravatar.com\\\/avatar\\\/31a1a7b66ff2de83bd0e9fd79d026630d2d99e55e8bfe501287647b4fd9743de?s=96&d=mm&r=g\",\"caption\":\"Gonzalo Schmidt\"},\"description\":\"Sitio web de noticias de la provincia de Entre R\u00edos, Argentina. Informaci\u00f3n y entretenimiento. Informe Litoral, nos informamos.\",\"sameAs\":[\"http:\\\/\\\/www.isletasnoticias.com.ar\"],\"url\":\"https:\\\/\\\/informelitoral.com.ar\\\/author\\\/gonzalo\\\/\"}]}<\/script>","yoast_head_json":{"title":"D\u00eda Mundial de la Lucha contra el Sida: \u00bftest o no test? - Informe Litoral","robots":{"index":"index","follow":"follow","max-snippet":"max-snippet:-1","max-image-preview":"max-image-preview:large","max-video-preview":"max-video-preview:-1"},"canonical":"https:\/\/informelitoral.com.ar\/dia-mundial-de-la-lucha-contra-el-sida-test-o-no-test\/","og_locale":"es_ES","og_type":"article","og_title":"D\u00eda Mundial de la Lucha contra el Sida: \u00bftest o no test? - Informe Litoral","og_description":"Conocer el diagn&oacute;stico puede marcar la diferencia. Las cifras en el mundo de esta pandemia que lleva m&aacute;s de tres d&eacute;cadas. La mirada de una experta.El 1&deg; de diciembre se celebra el D&iacute;a Mundial de la Lucha contra el HIV\/Sida. De acuerdo a los &uacute;ltimos datos publicados por la organizaci&oacute;n ONUSIDA, hay entre 35,7 y [&hellip;]","og_url":"https:\/\/informelitoral.com.ar\/dia-mundial-de-la-lucha-contra-el-sida-test-o-no-test\/","og_site_name":"Informe Litoral","article_publisher":"https:\/\/www.facebook.com\/informelitoral\/","article_published_time":"2015-12-02T00:40:28+00:00","og_image":[{"width":770,"height":433,"url":"https:\/\/informelitoral.com.ar\/%77%70%2d%63%6f%6e%74%65%6e%74\/uploads\/2015\/12\/0013845722.jpg","type":"image\/jpeg"}],"author":"Gonzalo Schmidt","twitter_card":"summary_large_image","twitter_creator":"@InformeLitoral","twitter_site":"@InformeLitoral","twitter_misc":{"Escrito por":"Gonzalo Schmidt","Tiempo de lectura":"7 minutos"},"schema":{"@context":"https:\/\/schema.org","@graph":[{"@type":"Article","@id":"https:\/\/informelitoral.com.ar\/dia-mundial-de-la-lucha-contra-el-sida-test-o-no-test\/#article","isPartOf":{"@id":"https:\/\/informelitoral.com.ar\/dia-mundial-de-la-lucha-contra-el-sida-test-o-no-test\/"},"author":{"name":"Gonzalo Schmidt","@id":"https:\/\/informelitoral.com.ar\/#\/schema\/person\/b9d00407c836482871ef1d57bf8e3180"},"headline":"D\u00eda Mundial de la Lucha contra el Sida: \u00bftest o no test?","datePublished":"2015-12-02T00:40:28+00:00","mainEntityOfPage":{"@id":"https:\/\/informelitoral.com.ar\/dia-mundial-de-la-lucha-contra-el-sida-test-o-no-test\/"},"wordCount":1429,"commentCount":0,"publisher":{"@id":"https:\/\/informelitoral.com.ar\/#organization"},"image":{"@id":"https:\/\/informelitoral.com.ar\/dia-mundial-de-la-lucha-contra-el-sida-test-o-no-test\/#primaryimage"},"thumbnailUrl":"http:\/\/www.isletasnoticias.com.ar\/%77%70%2d%63%6f%6e%74%65%6e%74\/uploads\/2015\/12\/0013845722.jpg","articleSection":["Sociedad"],"inLanguage":"es","potentialAction":[{"@type":"CommentAction","name":"Comment","target":["https:\/\/informelitoral.com.ar\/dia-mundial-de-la-lucha-contra-el-sida-test-o-no-test\/#respond"]}]},{"@type":"WebPage","@id":"https:\/\/informelitoral.com.ar\/dia-mundial-de-la-lucha-contra-el-sida-test-o-no-test\/","url":"https:\/\/informelitoral.com.ar\/dia-mundial-de-la-lucha-contra-el-sida-test-o-no-test\/","name":"D\u00eda Mundial de la Lucha contra el Sida: \u00bftest o no test? - Informe Litoral","isPartOf":{"@id":"https:\/\/informelitoral.com.ar\/#website"},"primaryImageOfPage":{"@id":"https:\/\/informelitoral.com.ar\/dia-mundial-de-la-lucha-contra-el-sida-test-o-no-test\/#primaryimage"},"image":{"@id":"https:\/\/informelitoral.com.ar\/dia-mundial-de-la-lucha-contra-el-sida-test-o-no-test\/#primaryimage"},"thumbnailUrl":"http:\/\/www.isletasnoticias.com.ar\/%77%70%2d%63%6f%6e%74%65%6e%74\/uploads\/2015\/12\/0013845722.jpg","datePublished":"2015-12-02T00:40:28+00:00","breadcrumb":{"@id":"https:\/\/informelitoral.com.ar\/dia-mundial-de-la-lucha-contra-el-sida-test-o-no-test\/#breadcrumb"},"inLanguage":"es","potentialAction":[{"@type":"ReadAction","target":["https:\/\/informelitoral.com.ar\/dia-mundial-de-la-lucha-contra-el-sida-test-o-no-test\/"]}]},{"@type":"ImageObject","inLanguage":"es","@id":"https:\/\/informelitoral.com.ar\/dia-mundial-de-la-lucha-contra-el-sida-test-o-no-test\/#primaryimage","url":"http:\/\/www.isletasnoticias.com.ar\/%77%70%2d%63%6f%6e%74%65%6e%74\/uploads\/2015\/12\/0013845722.jpg","contentUrl":"http:\/\/www.isletasnoticias.com.ar\/%77%70%2d%63%6f%6e%74%65%6e%74\/uploads\/2015\/12\/0013845722.jpg"},{"@type":"BreadcrumbList","@id":"https:\/\/informelitoral.com.ar\/dia-mundial-de-la-lucha-contra-el-sida-test-o-no-test\/#breadcrumb","itemListElement":[{"@type":"ListItem","position":1,"name":"Portada","item":"https:\/\/informelitoral.com.ar\/"},{"@type":"ListItem","position":2,"name":"D\u00eda Mundial de la Lucha contra el Sida: \u00bftest o no test?"}]},{"@type":"WebSite","@id":"https:\/\/informelitoral.com.ar\/#website","url":"https:\/\/informelitoral.com.ar\/","name":"Informe Litoral","description":"&quot;Nos informamos&quot; ","publisher":{"@id":"https:\/\/informelitoral.com.ar\/#organization"},"potentialAction":[{"@type":"SearchAction","target":{"@type":"EntryPoint","urlTemplate":"https:\/\/informelitoral.com.ar\/?s={search_term_string}"},"query-input":{"@type":"PropertyValueSpecification","valueRequired":true,"valueName":"search_term_string"}}],"inLanguage":"es"},{"@type":"Organization","@id":"https:\/\/informelitoral.com.ar\/#organization","name":"Informe Litoral","url":"https:\/\/informelitoral.com.ar\/","logo":{"@type":"ImageObject","inLanguage":"es","@id":"https:\/\/informelitoral.com.ar\/#\/schema\/logo\/image\/","url":"https:\/\/informelitoral.com.ar\/%77%70%2d%63%6f%6e%74%65%6e%74\/uploads\/2021\/01\/circulo.png","contentUrl":"https:\/\/informelitoral.com.ar\/%77%70%2d%63%6f%6e%74%65%6e%74\/uploads\/2021\/01\/circulo.png","width":723,"height":731,"caption":"Informe Litoral"},"image":{"@id":"https:\/\/informelitoral.com.ar\/#\/schema\/logo\/image\/"},"sameAs":["https:\/\/www.facebook.com\/informelitoral\/","https:\/\/x.com\/InformeLitoral","https:\/\/www.instagram.com\/informelitoral\/","https:\/\/www.youtube.com\/channel\/UCua4Qvz8Icb6MYqhoq9xLXw"]},{"@type":"Person","@id":"https:\/\/informelitoral.com.ar\/#\/schema\/person\/b9d00407c836482871ef1d57bf8e3180","name":"Gonzalo Schmidt","image":{"@type":"ImageObject","inLanguage":"es","@id":"https:\/\/secure.gravatar.com\/avatar\/31a1a7b66ff2de83bd0e9fd79d026630d2d99e55e8bfe501287647b4fd9743de?s=96&d=mm&r=g","url":"https:\/\/secure.gravatar.com\/avatar\/31a1a7b66ff2de83bd0e9fd79d026630d2d99e55e8bfe501287647b4fd9743de?s=96&d=mm&r=g","contentUrl":"https:\/\/secure.gravatar.com\/avatar\/31a1a7b66ff2de83bd0e9fd79d026630d2d99e55e8bfe501287647b4fd9743de?s=96&d=mm&r=g","caption":"Gonzalo Schmidt"},"description":"Sitio web de noticias de la provincia de Entre R\u00edos, Argentina. Informaci\u00f3n y entretenimiento. Informe Litoral, nos informamos.","sameAs":["http:\/\/www.isletasnoticias.com.ar"],"url":"https:\/\/informelitoral.com.ar\/author\/gonzalo\/"}]}},"_links":{"self":[{"href":"https:\/\/informelitoral.com.ar\/%77%70%2d%6a%73%6f%6e\/wp\/v2\/posts\/12814","targetHints":{"allow":["GET"]}}],"collection":[{"href":"https:\/\/informelitoral.com.ar\/%77%70%2d%6a%73%6f%6e\/wp\/v2\/posts"}],"about":[{"href":"https:\/\/informelitoral.com.ar\/%77%70%2d%6a%73%6f%6e\/wp\/v2\/types\/post"}],"author":[{"embeddable":true,"href":"https:\/\/informelitoral.com.ar\/%77%70%2d%6a%73%6f%6e\/wp\/v2\/users\/2"}],"replies":[{"embeddable":true,"href":"https:\/\/informelitoral.com.ar\/%77%70%2d%6a%73%6f%6e\/wp\/v2\/comments?post=12814"}],"version-history":[{"count":0,"href":"https:\/\/informelitoral.com.ar\/%77%70%2d%6a%73%6f%6e\/wp\/v2\/posts\/12814\/revisions"}],"wp:attachment":[{"href":"https:\/\/informelitoral.com.ar\/%77%70%2d%6a%73%6f%6e\/wp\/v2\/media?parent=12814"}],"wp:term":[{"taxonomy":"category","embeddable":true,"href":"https:\/\/informelitoral.com.ar\/%77%70%2d%6a%73%6f%6e\/wp\/v2\/categories?post=12814"},{"taxonomy":"post_tag","embeddable":true,"href":"https:\/\/informelitoral.com.ar\/%77%70%2d%6a%73%6f%6e\/wp\/v2\/tags?post=12814"}],"curies":[{"name":"wp","href":"https:\/\/api.w.org\/{rel}","templated":true}]}}