{"id":12811,"date":"2015-12-01T08:15:12","date_gmt":"2015-12-01T11:15:12","guid":{"rendered":"http:\/\/www.isletasnoticias.com.ar\/?p=12811"},"modified":"2015-12-01T08:15:12","modified_gmt":"2015-12-01T11:15:12","slug":"entre-rios-senadores-del-fpv-le-dijeron-no-al-impuesto-al-combustible","status":"publish","type":"post","link":"https:\/\/informelitoral.com.ar\/entre-rios-senadores-del-fpv-le-dijeron-no-al-impuesto-al-combustible\/","title":{"rendered":"Entre R\u00edos: senadores del FpV le dijeron no al impuesto al combustible"},"content":{"rendered":"<p><strong>El Senado decidi\u00f3 archivar el proyecto del nuevo impuesto. El presidente del megabloque del PJ, <em>Enrique Cresto,<\/em> dijo que en las provincias donde se aplic\u00f3 hay inconvenientes. En tanto, aprobaron reclamar a Naci\u00f3n los fondos coparticipables.<a href=\"http:\/\/www.isletasnoticias.com.ar\/%77%70%2d%63%6f%6e%74%65%6e%74\/uploads\/2015\/12\/o_1443734487.jpg\"><img loading=\"lazy\" decoding=\"async\" class=\"aligncenter size-full wp-image-12812\" src=\"http:\/\/www.isletasnoticias.com.ar\/%77%70%2d%63%6f%6e%74%65%6e%74\/uploads\/2015\/12\/o_1443734487.jpg\" alt=\"o_1443734487\" width=\"640\" height=\"360\" srcset=\"https:\/\/informelitoral.com.ar\/%77%70%2d%63%6f%6e%74%65%6e%74\/uploads\/2015\/12\/o_1443734487.jpg 640w, https:\/\/informelitoral.com.ar\/%77%70%2d%63%6f%6e%74%65%6e%74\/uploads\/2015\/12\/o_1443734487-300x169.jpg 300w\" sizes=\"auto, (max-width: 640px) 100vw, 640px\" \/><\/a><\/strong>En la noche del lunes sesion\u00f3 la C\u00e1mara de Senadores, donde los legisladores decidieron archivar el proyecto de ley que propon\u00eda la creaci\u00f3n de una tasa vial tambi\u00e9n llamada impuesto a los combustibles.<\/p>\n<p>Adem\u00e1s dieron sanci\u00f3n definitiva al proyecto de ley que habilita a la Fiscal\u00eda de Estado a iniciar el reclamo por mayores fondos de Coparticipaci\u00f3n Federal. Trataron nueve pedidos de acuerdo, uno de los cuales, fue negado. Tambi\u00e9n se habilit\u00f3 a la provincia a realizar operaciones de cr\u00e9dito por un monto de 6.000 millones de pesos, mediante la modificaci\u00f3n de la ley provincial 10090.<\/p>\n<p>El senador concordiense <strong>Enrique Cresto,<\/strong> al inicio de la sesi\u00f3n, por una moci\u00f3n de orden, pidi\u00f3 ingresar y tratar un proyecto que propon\u00eda la creaci\u00f3n de una tasa vial. Hizo este pedido, votado por unanimidad, ante la presencia de empresarios de transporte, de estaciones de servicios y de asociaciones de productores, pidi\u00f3 que se trate en primer t\u00e9rmino este expediente a los efectos de responder a la expectativa de los mismos.<\/p>\n<p>Explic\u00f3 que cuando se trata de crear impuestos, se dan estudios profundos y en forma permanente. Revel\u00f3 que los senadores ya tomaron una posici\u00f3n sobre el tema y que fueron enterados de su presentaci\u00f3n a trav\u00e9s de los medios. Dijo que con los elementos colectados se ha observado que en las provincias en las que se aplica existen inconvenientes y hasta la posibilidad que sea declarado inconstitucional con los consiguientes costos.<\/p>\n<p>A\u00f1adi\u00f3 que los senadores, en reuni\u00f3n de bloque, \u201cdecidieron mandar al archivo este proyecto que impulsa la tasa vial\u201d y resalt\u00f3 que hoy mismo se va a dar sanci\u00f3n definitiva al proyecto que permitir\u00e1 a Entre R\u00edos reclamar mayor coparticipaci\u00f3n.<\/p>\n<p>\u201cSomos 17 representantes departamentales y consideramos que el monto a percibir es insignificante en relaci\u00f3n a lo que Entre R\u00edos puede llegar a percibir, si es que el gobierno nacional electo respeta y cumple el fallo de la Corte Suprema de Justicia de la Naci\u00f3n\u201d, resalt\u00f3 el senador Cresto.<\/p>\n<p>Con todo esto los senadores no trataron y mandaron al archivo el proyecto de ley que propone la creaci\u00f3n y aplicaci\u00f3n de una \u00abTasa Vial Provincial\u00bb, para ser destinada a retribuir la prestaci\u00f3n de los servicios que demande el mantenimiento, conservaci\u00f3n, modificaci\u00f3n y\/o mejoramiento de todo el trazado que integra la red caminera provincial, incluidas las autov\u00edas, carreteras y\/o nudos viales.<\/p>\n<p><b>Reclamo por mayor coparticipaci\u00f3n<\/b><br \/>\nLa C\u00e1mara Alta dio sanci\u00f3n definitiva al proyecto de ley que impulsa el reclamo entrerriano de mayores ingresos en concepto de coparticipaci\u00f3n federal. Esto despu\u00e9s del fallo de la Corte Suprema de Justicia de la Naci\u00f3n. Los representantes departamentales dieron respaldo para que se denuncie Pacto suscripto en 1992, que fuera ratificado por la ley 24.130.<\/p>\n<p>Fundament\u00f3 el apoyo del Cuerpo el senador Cresto, quien record\u00f3 las circunstancias y consecuencias por las que en su momento Entre R\u00edos adhiri\u00f3 al Pacto Fiscal y mencion\u00f3 el impacto de la reciente decisi\u00f3n de la Corte Suprema de la Naci\u00f3n.<\/p>\n<p>El proyecto, ahora girado al Ejecutivo, extiende la denuncia \u201ca las cl\u00e1usulas de los convenios posteriores ratificatorios de su vigencia y\/o que establezcan que la distribuci\u00f3n de la masa de fondos a coparticipar a que se refiere el art\u00edculo 2 de la Ley 23.548 se seguir\u00e1 realizando conforme al Acuerdo denunciado, como asimismo del art\u00edculo 76 de la ley 26.078. A estos efectos se deber\u00e1 dar noticia fehaciente de la presente a todas las jurisdicciones signatarias del Acuerdo de referencia\u201d.<\/p>\n<p>Con esto el Ejecutivo entrerriano deber\u00e1 requerir al Estado Nacional la inmediata extinci\u00f3n de los efectos jur\u00eddicos emergentes del Acuerdo denunciado respecto de la Provincia de Entre R\u00edos y el cese inmediato y autom\u00e1tico de la detracci\u00f3n sobre la masa bruta de los impuestos coparticipables, de conformidad con lo dispuesto por la Ley N\u00b0 23.548, de los importes que surgen de la aplicaci\u00f3n de la cl\u00e1usula primera, inciso \u201ca\u201d del Acuerdo que ahora es denunciado, a los fines del c\u00e1lculo de la proporci\u00f3n que le corresponde a la Provincia y la repetici\u00f3n de las sumas que correspondiere, destaca el segundo art\u00edculo de la iniciativa de los diputados Rosario Romero y Jos\u00e9 Allende.<\/p>\n<p>El texto propone adem\u00e1s afectar el potencial incremento de los recursos de la coparticipaci\u00f3n federal de impuestos a la Caja de Jubilaciones y Pensiones de Entre R\u00edos, hasta la concurrencia de los d\u00e9ficits que dicho organismo registra, como asimismo establece que, de darse, el excedente sea destinado al refuerzo proporcional de las partidas de gastos de personal de toda la administraci\u00f3n central y descentralizada del Estado entrerriano.<\/p>\n<p>Ser\u00e1, una vez promulgada la ley, la Fiscal\u00eda de Estado quien ejerza todas las acciones administrativas y\/o judiciales que correspondan, con el objetivo de reclamar la devoluci\u00f3n del 15% que el Gobierno Nacional retiene de la masa de impuestos coparticipables prevista en el art\u00edculo 2\u00ba de la Ley 23.548 para atender al pago de las obligaciones previsionales nacionales, por aplicaci\u00f3n de la cl\u00e1usula primera, inciso \u201ca\u201d del \u201cAcuerdo entre el Gobierno Nacional y los gobiernos provinciales del 12 de agosto de 1992, ratificado por Ley 24.130 y que ahora es denunciado por Entre R\u00edos, reprodujo <em>Informe Digital.<\/em><\/p>\n<p>Adem\u00e1s se derogan el art\u00edculo 25\u00ba de la Ley N\u00ba 10.403 y se declara nulo el art\u00edculo 31\u00ba de la Ley 9.762 (presupuesto 2007) y 25\u00ba de la Ley N\u00ba 10.338 (presupuesto 2015).<\/p>\n<p><b>Con la C\u00e1mara de expendedores de Combustibles<\/b><br \/>\nLos Senadores recibieron durante la reuni\u00f3n de Bloque a miembros de la C\u00e1mara de Estaciones de Combustible y Anexos de Entre R\u00edos. Durante el encuentro los empresarios explicaron a los legisladores su posici\u00f3n en relaci\u00f3n a la iniciativa que ya cuenta con media sanci\u00f3n.<\/p>\n<p>Expresaron sus reparos indicando que existe, seg\u00fan su punto de vista, falta de oportunidad, genera un costo administrativo dif\u00edcil de sobrellevar para el sector y un costo econ\u00f3mico tanto para la empresa, como para los usuarios permanentes y circunstanciales.<\/p>\n<p>Observaron, tomando en cuenta la situaci\u00f3n generada en la provincia de C\u00f3rdoba, que dejar\u00edan de vender cantidades importantes las estaciones ubicadas en la zona de frontera con otras jurisdicciones, ya que de acuerdo al costo entre una y otra, se dejar\u00eda de vender una cantidad sensible cuando el precio es m\u00e1s barato en provincias vecinas.<\/p>\n<p>El presidente del Bloque, Enrique Cresto, adelant\u00f3 que los senadores decidieron no tratar el proyecto en esta sesi\u00f3n, ya que en un an\u00e1lisis somero apuntaron la posibilidad de que aparezca una doble imposici\u00f3n y hasta una posible inconstitucionalidad, lo que deber\u00e1 ser profundizado por juristas especializados para contar con una opini\u00f3n fundada.<\/p>\n<p>Los estacioneros revelaron que una vez enterados de la media sanci\u00f3n realizaron una serie de c\u00e1lculos que muestran como tope recaudatorio unos 25 millones mensuales, teniendo en cuenta los combustibles alcanzados. Precisaron que esto no ser\u00eda tributado por quienes compran combustible por fuera del sistema de estaciones.<\/p>\n<p>Los representantes de la C\u00e1mara se pusieron a disposici\u00f3n de los legisladores en caso que consideren, en lo mediato, la posibilidad de avanzar en la creaci\u00f3n de un tributo que alcance el sector, para lograr que tenga el menor impacto en el usuario y no genere mayores inconvenientes a un sector que ha perdido gran cantidad de bocas de expendio en el territorio entrerriano en los \u00faltimos a\u00f1os. Hubo representantes de Paran\u00e1, Concordia, Gualeguay, Tala, entre otros departamentos.<\/p>\n<p><b>Autorizaci\u00f3n para el uso del cr\u00e9dito<\/b><br \/>\nTambi\u00e9n recibi\u00f3 sanci\u00f3n definitiva la modificaci\u00f3n de la ley 10090. Se trat\u00f3 sobre tablas. Cresto hizo una descripci\u00f3n del expediente.<\/p>\n<p>Ahora el Poder Ejecutivo entrerriano est\u00e1 habilitado para concretar operaciones de cr\u00e9dito p\u00fablico por hasta la suma de Pesos seis mil millones ($ 6.000.000.000.-) o su equivalente en otras monedas; mediante la contrataci\u00f3n de pr\u00e9stamos con el Gobierno Nacional, Entes del Sector P\u00fablico Nacional, Organismos Multilaterales de Cr\u00e9dito, o entidades financieras locales o extranjeras; o a trav\u00e9s de la emisi\u00f3n y colocaci\u00f3n de t\u00edtulos de la deuda p\u00fablica, en una o varias series, o bajo cualquier otra modalidad de financiaci\u00f3n, en t\u00e9rminos y condiciones de mercado, bajo ley y jurisdicci\u00f3n argentina o extranjera.<\/p>\n<p>El dinero obtenido por la operatoria ser\u00e1 aplicado al financiamiento de Obras Publicas de infraestructura vial, portuaria, productiva, hospitalaria, educativa, de saneamiento, de cultura y recreaci\u00f3n, y de viviendas, a ejecutarse en el \u00e1mbito provincial, conforme proyectos que cuenten con la autorizaci\u00f3n respectiva.<\/p>\n<p>Del total, hasta el 25%, ser\u00e1 para la cancelaci\u00f3n, pre cancelaci\u00f3n y\/o rescate parcial de la deuda p\u00fablica consolidada, como as\u00ed para la atenci\u00f3n del d\u00e9ficit acumulado y consolidado de las Rentas Generales.<\/p>\n<p><b>Pliegos tratados<\/b><br \/>\nCumpliendo con el tr\u00e1mite previsto en el art\u00edculo 19 del Reglamento del Cuerpo, habiendo anticipado por medios p\u00fablicos que en la sesi\u00f3n iban a tratarse los pedidos de Acuerdo Constitucional para ocupar cargos en la Justicia entrerriana, por solicitud del presidente de la Comisi\u00f3n de Acuerdos, Aldo Ballestena, fueron aprobados los siguientes pliegos:<\/p>\n<p>Bel\u00e9n, Gabriel, Juez Civil y Comercial N\u00ba 2 de Concordia.<br \/>\nVega, Silvia Alicia, Juez Civil y Comercial N\u00ba 2 de La Paz.<br \/>\nMarcogiuseppe, Julio C\u00e9sar, Juez Civil y Comercial N\u00ba 1 Concordia.<br \/>\nM\u00e9ndez Castells, Estela, Juez Civil y Comercial N\u00ba 3 Concordia<br \/>\nVelasco, Mariano Luis, Juez Civil y Comercial N\u00ba 2 de Chajar\u00ed.<br \/>\nCeballo, Norma Viviana, Juez Civil y Comercial N\u00ba 3 de Paran\u00e1.<br \/>\nCosta, Jos\u00e9 Daniel, Fiscal General de Coordinaci\u00f3n de Concordia.<br \/>\nBeher\u00e1n, Lisandro, Fiscal General de Coordinaci\u00f3n de Gualeguaych\u00fa.<\/p>\n<p>Adem\u00e1s en el mismo marco fue rechazado el pedido de Acuerdo para Diego Rodr\u00edguez, quien aspiraba ser titular juez Civil y Comercial N\u00ba 1 de La Paz. En la sesi\u00f3n el senador Ballestena dio a conocer los alcances de la resoluci\u00f3n fundada al efecto, mencionado que \u201cno se form\u00f3 convicci\u00f3n suficiente\u201d y se resolvi\u00f3 no dar el consentimiento constitucional.<\/p>\n","protected":false},"excerpt":{"rendered":"<p>El Senado decidi&oacute; archivar el proyecto del nuevo impuesto. El presidente del megabloque del PJ, Enrique Cresto, dijo que en las provincias donde se aplic&oacute; hay inconvenientes. En tanto, aprobaron reclamar a Naci&oacute;n los fondos coparticipables.En la noche del lunes sesion&oacute; la C&aacute;mara de Senadores, donde los legisladores decidieron archivar el proyecto de ley que [&hellip;]<\/p>\n","protected":false},"author":2,"featured_media":0,"comment_status":"open","ping_status":"open","sticky":false,"template":"","format":"standard","meta":{"fifu_image_url":"","fifu_image_alt":"","footnotes":""},"categories":[6,16],"tags":[],"class_list":{"0":"post-12811","1":"post","2":"type-post","3":"status-publish","4":"format-standard","6":"category-entre-rios","7":"category-politi"},"yoast_head":"<title>Entre R\u00edos: senadores del FpV le dijeron no al impuesto al combustible - Informe Litoral<\/title>\n<meta name=\"robots\" content=\"index, follow, max-snippet:-1, max-image-preview:large, max-video-preview:-1\" \/>\n<link rel=\"canonical\" href=\"https:\/\/informelitoral.com.ar\/entre-rios-senadores-del-fpv-le-dijeron-no-al-impuesto-al-combustible\/\" \/>\n<meta property=\"og:locale\" content=\"es_ES\" \/>\n<meta property=\"og:type\" content=\"article\" \/>\n<meta property=\"og:title\" content=\"Entre R\u00edos: senadores del FpV le dijeron no al impuesto al combustible - Informe Litoral\" \/>\n<meta property=\"og:description\" content=\"El Senado decidi&oacute; archivar el proyecto del nuevo impuesto. El presidente del megabloque del PJ, Enrique Cresto, dijo que en las provincias donde se aplic&oacute; hay inconvenientes. En tanto, aprobaron reclamar a Naci&oacute;n los fondos coparticipables.En la noche del lunes sesion&oacute; la C&aacute;mara de Senadores, donde los legisladores decidieron archivar el proyecto de ley que [&hellip;]\" \/>\n<meta property=\"og:url\" content=\"https:\/\/informelitoral.com.ar\/entre-rios-senadores-del-fpv-le-dijeron-no-al-impuesto-al-combustible\/\" \/>\n<meta property=\"og:site_name\" content=\"Informe Litoral\" \/>\n<meta property=\"article:publisher\" content=\"https:\/\/www.facebook.com\/informelitoral\/\" \/>\n<meta property=\"article:published_time\" content=\"2015-12-01T11:15:12+00:00\" \/>\n<meta property=\"og:image\" content=\"https:\/\/informelitoral.com.ar\/%77%70%2d%63%6f%6e%74%65%6e%74\/uploads\/2015\/12\/o_1443734487.jpg\" \/>\n\t<meta property=\"og:image:width\" content=\"640\" \/>\n\t<meta property=\"og:image:height\" content=\"360\" \/>\n\t<meta property=\"og:image:type\" content=\"image\/jpeg\" \/>\n<meta name=\"author\" content=\"Gonzalo Schmidt\" \/>\n<meta name=\"twitter:card\" content=\"summary_large_image\" \/>\n<meta name=\"twitter:creator\" content=\"@InformeLitoral\" \/>\n<meta name=\"twitter:site\" content=\"@InformeLitoral\" \/>\n<meta name=\"twitter:label1\" content=\"Escrito por\" \/>\n\t<meta name=\"twitter:data1\" content=\"Gonzalo Schmidt\" \/>\n\t<meta name=\"twitter:label2\" content=\"Tiempo de lectura\" \/>\n\t<meta name=\"twitter:data2\" content=\"9 minutos\" \/>\n<script type=\"application\/ld+json\" class=\"yoast-schema-graph\">{\"@context\":\"https:\\\/\\\/schema.org\",\"@graph\":[{\"@type\":\"Article\",\"@id\":\"https:\\\/\\\/informelitoral.com.ar\\\/entre-rios-senadores-del-fpv-le-dijeron-no-al-impuesto-al-combustible\\\/#article\",\"isPartOf\":{\"@id\":\"https:\\\/\\\/informelitoral.com.ar\\\/entre-rios-senadores-del-fpv-le-dijeron-no-al-impuesto-al-combustible\\\/\"},\"author\":{\"name\":\"Gonzalo Schmidt\",\"@id\":\"https:\\\/\\\/informelitoral.com.ar\\\/#\\\/schema\\\/person\\\/b9d00407c836482871ef1d57bf8e3180\"},\"headline\":\"Entre R\u00edos: senadores del FpV le dijeron no al impuesto al combustible\",\"datePublished\":\"2015-12-01T11:15:12+00:00\",\"mainEntityOfPage\":{\"@id\":\"https:\\\/\\\/informelitoral.com.ar\\\/entre-rios-senadores-del-fpv-le-dijeron-no-al-impuesto-al-combustible\\\/\"},\"wordCount\":1749,\"commentCount\":0,\"publisher\":{\"@id\":\"https:\\\/\\\/informelitoral.com.ar\\\/#organization\"},\"image\":{\"@id\":\"https:\\\/\\\/informelitoral.com.ar\\\/entre-rios-senadores-del-fpv-le-dijeron-no-al-impuesto-al-combustible\\\/#primaryimage\"},\"thumbnailUrl\":\"http:\\\/\\\/www.isletasnoticias.com.ar\\\/%77%70%2d%63%6f%6e%74%65%6e%74\\\/uploads\\\/2015\\\/12\\\/o_1443734487.jpg\",\"articleSection\":[\"Entre R\u00edos\",\"Politica\"],\"inLanguage\":\"es\",\"potentialAction\":[{\"@type\":\"CommentAction\",\"name\":\"Comment\",\"target\":[\"https:\\\/\\\/informelitoral.com.ar\\\/entre-rios-senadores-del-fpv-le-dijeron-no-al-impuesto-al-combustible\\\/#respond\"]}]},{\"@type\":\"WebPage\",\"@id\":\"https:\\\/\\\/informelitoral.com.ar\\\/entre-rios-senadores-del-fpv-le-dijeron-no-al-impuesto-al-combustible\\\/\",\"url\":\"https:\\\/\\\/informelitoral.com.ar\\\/entre-rios-senadores-del-fpv-le-dijeron-no-al-impuesto-al-combustible\\\/\",\"name\":\"Entre R\u00edos: senadores del FpV le dijeron no al impuesto al combustible - Informe Litoral\",\"isPartOf\":{\"@id\":\"https:\\\/\\\/informelitoral.com.ar\\\/#website\"},\"primaryImageOfPage\":{\"@id\":\"https:\\\/\\\/informelitoral.com.ar\\\/entre-rios-senadores-del-fpv-le-dijeron-no-al-impuesto-al-combustible\\\/#primaryimage\"},\"image\":{\"@id\":\"https:\\\/\\\/informelitoral.com.ar\\\/entre-rios-senadores-del-fpv-le-dijeron-no-al-impuesto-al-combustible\\\/#primaryimage\"},\"thumbnailUrl\":\"http:\\\/\\\/www.isletasnoticias.com.ar\\\/%77%70%2d%63%6f%6e%74%65%6e%74\\\/uploads\\\/2015\\\/12\\\/o_1443734487.jpg\",\"datePublished\":\"2015-12-01T11:15:12+00:00\",\"breadcrumb\":{\"@id\":\"https:\\\/\\\/informelitoral.com.ar\\\/entre-rios-senadores-del-fpv-le-dijeron-no-al-impuesto-al-combustible\\\/#breadcrumb\"},\"inLanguage\":\"es\",\"potentialAction\":[{\"@type\":\"ReadAction\",\"target\":[\"https:\\\/\\\/informelitoral.com.ar\\\/entre-rios-senadores-del-fpv-le-dijeron-no-al-impuesto-al-combustible\\\/\"]}]},{\"@type\":\"ImageObject\",\"inLanguage\":\"es\",\"@id\":\"https:\\\/\\\/informelitoral.com.ar\\\/entre-rios-senadores-del-fpv-le-dijeron-no-al-impuesto-al-combustible\\\/#primaryimage\",\"url\":\"http:\\\/\\\/www.isletasnoticias.com.ar\\\/%77%70%2d%63%6f%6e%74%65%6e%74\\\/uploads\\\/2015\\\/12\\\/o_1443734487.jpg\",\"contentUrl\":\"http:\\\/\\\/www.isletasnoticias.com.ar\\\/%77%70%2d%63%6f%6e%74%65%6e%74\\\/uploads\\\/2015\\\/12\\\/o_1443734487.jpg\"},{\"@type\":\"BreadcrumbList\",\"@id\":\"https:\\\/\\\/informelitoral.com.ar\\\/entre-rios-senadores-del-fpv-le-dijeron-no-al-impuesto-al-combustible\\\/#breadcrumb\",\"itemListElement\":[{\"@type\":\"ListItem\",\"position\":1,\"name\":\"Portada\",\"item\":\"https:\\\/\\\/informelitoral.com.ar\\\/\"},{\"@type\":\"ListItem\",\"position\":2,\"name\":\"Entre R\u00edos: senadores del FpV le dijeron no al impuesto al combustible\"}]},{\"@type\":\"WebSite\",\"@id\":\"https:\\\/\\\/informelitoral.com.ar\\\/#website\",\"url\":\"https:\\\/\\\/informelitoral.com.ar\\\/\",\"name\":\"Informe Litoral\",\"description\":\"&quot;Nos informamos&quot; \",\"publisher\":{\"@id\":\"https:\\\/\\\/informelitoral.com.ar\\\/#organization\"},\"potentialAction\":[{\"@type\":\"SearchAction\",\"target\":{\"@type\":\"EntryPoint\",\"urlTemplate\":\"https:\\\/\\\/informelitoral.com.ar\\\/?s={search_term_string}\"},\"query-input\":{\"@type\":\"PropertyValueSpecification\",\"valueRequired\":true,\"valueName\":\"search_term_string\"}}],\"inLanguage\":\"es\"},{\"@type\":\"Organization\",\"@id\":\"https:\\\/\\\/informelitoral.com.ar\\\/#organization\",\"name\":\"Informe Litoral\",\"url\":\"https:\\\/\\\/informelitoral.com.ar\\\/\",\"logo\":{\"@type\":\"ImageObject\",\"inLanguage\":\"es\",\"@id\":\"https:\\\/\\\/informelitoral.com.ar\\\/#\\\/schema\\\/logo\\\/image\\\/\",\"url\":\"https:\\\/\\\/informelitoral.com.ar\\\/%77%70%2d%63%6f%6e%74%65%6e%74\\\/uploads\\\/2021\\\/01\\\/circulo.png\",\"contentUrl\":\"https:\\\/\\\/informelitoral.com.ar\\\/%77%70%2d%63%6f%6e%74%65%6e%74\\\/uploads\\\/2021\\\/01\\\/circulo.png\",\"width\":723,\"height\":731,\"caption\":\"Informe Litoral\"},\"image\":{\"@id\":\"https:\\\/\\\/informelitoral.com.ar\\\/#\\\/schema\\\/logo\\\/image\\\/\"},\"sameAs\":[\"https:\\\/\\\/www.facebook.com\\\/informelitoral\\\/\",\"https:\\\/\\\/x.com\\\/InformeLitoral\",\"https:\\\/\\\/www.instagram.com\\\/informelitoral\\\/\",\"https:\\\/\\\/www.youtube.com\\\/channel\\\/UCua4Qvz8Icb6MYqhoq9xLXw\"]},{\"@type\":\"Person\",\"@id\":\"https:\\\/\\\/informelitoral.com.ar\\\/#\\\/schema\\\/person\\\/b9d00407c836482871ef1d57bf8e3180\",\"name\":\"Gonzalo Schmidt\",\"image\":{\"@type\":\"ImageObject\",\"inLanguage\":\"es\",\"@id\":\"https:\\\/\\\/secure.gravatar.com\\\/avatar\\\/31a1a7b66ff2de83bd0e9fd79d026630d2d99e55e8bfe501287647b4fd9743de?s=96&d=mm&r=g\",\"url\":\"https:\\\/\\\/secure.gravatar.com\\\/avatar\\\/31a1a7b66ff2de83bd0e9fd79d026630d2d99e55e8bfe501287647b4fd9743de?s=96&d=mm&r=g\",\"contentUrl\":\"https:\\\/\\\/secure.gravatar.com\\\/avatar\\\/31a1a7b66ff2de83bd0e9fd79d026630d2d99e55e8bfe501287647b4fd9743de?s=96&d=mm&r=g\",\"caption\":\"Gonzalo Schmidt\"},\"description\":\"Sitio web de noticias de la provincia de Entre R\u00edos, Argentina. Informaci\u00f3n y entretenimiento. Informe Litoral, nos informamos.\",\"sameAs\":[\"http:\\\/\\\/www.isletasnoticias.com.ar\"],\"url\":\"https:\\\/\\\/informelitoral.com.ar\\\/author\\\/gonzalo\\\/\"}]}<\/script>","yoast_head_json":{"title":"Entre R\u00edos: senadores del FpV le dijeron no al impuesto al combustible - Informe Litoral","robots":{"index":"index","follow":"follow","max-snippet":"max-snippet:-1","max-image-preview":"max-image-preview:large","max-video-preview":"max-video-preview:-1"},"canonical":"https:\/\/informelitoral.com.ar\/entre-rios-senadores-del-fpv-le-dijeron-no-al-impuesto-al-combustible\/","og_locale":"es_ES","og_type":"article","og_title":"Entre R\u00edos: senadores del FpV le dijeron no al impuesto al combustible - Informe Litoral","og_description":"El Senado decidi&oacute; archivar el proyecto del nuevo impuesto. El presidente del megabloque del PJ, Enrique Cresto, dijo que en las provincias donde se aplic&oacute; hay inconvenientes. En tanto, aprobaron reclamar a Naci&oacute;n los fondos coparticipables.En la noche del lunes sesion&oacute; la C&aacute;mara de Senadores, donde los legisladores decidieron archivar el proyecto de ley que [&hellip;]","og_url":"https:\/\/informelitoral.com.ar\/entre-rios-senadores-del-fpv-le-dijeron-no-al-impuesto-al-combustible\/","og_site_name":"Informe Litoral","article_publisher":"https:\/\/www.facebook.com\/informelitoral\/","article_published_time":"2015-12-01T11:15:12+00:00","og_image":[{"width":640,"height":360,"url":"https:\/\/informelitoral.com.ar\/%77%70%2d%63%6f%6e%74%65%6e%74\/uploads\/2015\/12\/o_1443734487.jpg","type":"image\/jpeg"}],"author":"Gonzalo Schmidt","twitter_card":"summary_large_image","twitter_creator":"@InformeLitoral","twitter_site":"@InformeLitoral","twitter_misc":{"Escrito por":"Gonzalo Schmidt","Tiempo de lectura":"9 minutos"},"schema":{"@context":"https:\/\/schema.org","@graph":[{"@type":"Article","@id":"https:\/\/informelitoral.com.ar\/entre-rios-senadores-del-fpv-le-dijeron-no-al-impuesto-al-combustible\/#article","isPartOf":{"@id":"https:\/\/informelitoral.com.ar\/entre-rios-senadores-del-fpv-le-dijeron-no-al-impuesto-al-combustible\/"},"author":{"name":"Gonzalo Schmidt","@id":"https:\/\/informelitoral.com.ar\/#\/schema\/person\/b9d00407c836482871ef1d57bf8e3180"},"headline":"Entre R\u00edos: senadores del FpV le dijeron no al impuesto al combustible","datePublished":"2015-12-01T11:15:12+00:00","mainEntityOfPage":{"@id":"https:\/\/informelitoral.com.ar\/entre-rios-senadores-del-fpv-le-dijeron-no-al-impuesto-al-combustible\/"},"wordCount":1749,"commentCount":0,"publisher":{"@id":"https:\/\/informelitoral.com.ar\/#organization"},"image":{"@id":"https:\/\/informelitoral.com.ar\/entre-rios-senadores-del-fpv-le-dijeron-no-al-impuesto-al-combustible\/#primaryimage"},"thumbnailUrl":"http:\/\/www.isletasnoticias.com.ar\/%77%70%2d%63%6f%6e%74%65%6e%74\/uploads\/2015\/12\/o_1443734487.jpg","articleSection":["Entre R\u00edos","Politica"],"inLanguage":"es","potentialAction":[{"@type":"CommentAction","name":"Comment","target":["https:\/\/informelitoral.com.ar\/entre-rios-senadores-del-fpv-le-dijeron-no-al-impuesto-al-combustible\/#respond"]}]},{"@type":"WebPage","@id":"https:\/\/informelitoral.com.ar\/entre-rios-senadores-del-fpv-le-dijeron-no-al-impuesto-al-combustible\/","url":"https:\/\/informelitoral.com.ar\/entre-rios-senadores-del-fpv-le-dijeron-no-al-impuesto-al-combustible\/","name":"Entre R\u00edos: senadores del FpV le dijeron no al impuesto al combustible - Informe Litoral","isPartOf":{"@id":"https:\/\/informelitoral.com.ar\/#website"},"primaryImageOfPage":{"@id":"https:\/\/informelitoral.com.ar\/entre-rios-senadores-del-fpv-le-dijeron-no-al-impuesto-al-combustible\/#primaryimage"},"image":{"@id":"https:\/\/informelitoral.com.ar\/entre-rios-senadores-del-fpv-le-dijeron-no-al-impuesto-al-combustible\/#primaryimage"},"thumbnailUrl":"http:\/\/www.isletasnoticias.com.ar\/%77%70%2d%63%6f%6e%74%65%6e%74\/uploads\/2015\/12\/o_1443734487.jpg","datePublished":"2015-12-01T11:15:12+00:00","breadcrumb":{"@id":"https:\/\/informelitoral.com.ar\/entre-rios-senadores-del-fpv-le-dijeron-no-al-impuesto-al-combustible\/#breadcrumb"},"inLanguage":"es","potentialAction":[{"@type":"ReadAction","target":["https:\/\/informelitoral.com.ar\/entre-rios-senadores-del-fpv-le-dijeron-no-al-impuesto-al-combustible\/"]}]},{"@type":"ImageObject","inLanguage":"es","@id":"https:\/\/informelitoral.com.ar\/entre-rios-senadores-del-fpv-le-dijeron-no-al-impuesto-al-combustible\/#primaryimage","url":"http:\/\/www.isletasnoticias.com.ar\/%77%70%2d%63%6f%6e%74%65%6e%74\/uploads\/2015\/12\/o_1443734487.jpg","contentUrl":"http:\/\/www.isletasnoticias.com.ar\/%77%70%2d%63%6f%6e%74%65%6e%74\/uploads\/2015\/12\/o_1443734487.jpg"},{"@type":"BreadcrumbList","@id":"https:\/\/informelitoral.com.ar\/entre-rios-senadores-del-fpv-le-dijeron-no-al-impuesto-al-combustible\/#breadcrumb","itemListElement":[{"@type":"ListItem","position":1,"name":"Portada","item":"https:\/\/informelitoral.com.ar\/"},{"@type":"ListItem","position":2,"name":"Entre R\u00edos: senadores del FpV le dijeron no al impuesto al combustible"}]},{"@type":"WebSite","@id":"https:\/\/informelitoral.com.ar\/#website","url":"https:\/\/informelitoral.com.ar\/","name":"Informe Litoral","description":"&quot;Nos informamos&quot; ","publisher":{"@id":"https:\/\/informelitoral.com.ar\/#organization"},"potentialAction":[{"@type":"SearchAction","target":{"@type":"EntryPoint","urlTemplate":"https:\/\/informelitoral.com.ar\/?s={search_term_string}"},"query-input":{"@type":"PropertyValueSpecification","valueRequired":true,"valueName":"search_term_string"}}],"inLanguage":"es"},{"@type":"Organization","@id":"https:\/\/informelitoral.com.ar\/#organization","name":"Informe Litoral","url":"https:\/\/informelitoral.com.ar\/","logo":{"@type":"ImageObject","inLanguage":"es","@id":"https:\/\/informelitoral.com.ar\/#\/schema\/logo\/image\/","url":"https:\/\/informelitoral.com.ar\/%77%70%2d%63%6f%6e%74%65%6e%74\/uploads\/2021\/01\/circulo.png","contentUrl":"https:\/\/informelitoral.com.ar\/%77%70%2d%63%6f%6e%74%65%6e%74\/uploads\/2021\/01\/circulo.png","width":723,"height":731,"caption":"Informe Litoral"},"image":{"@id":"https:\/\/informelitoral.com.ar\/#\/schema\/logo\/image\/"},"sameAs":["https:\/\/www.facebook.com\/informelitoral\/","https:\/\/x.com\/InformeLitoral","https:\/\/www.instagram.com\/informelitoral\/","https:\/\/www.youtube.com\/channel\/UCua4Qvz8Icb6MYqhoq9xLXw"]},{"@type":"Person","@id":"https:\/\/informelitoral.com.ar\/#\/schema\/person\/b9d00407c836482871ef1d57bf8e3180","name":"Gonzalo Schmidt","image":{"@type":"ImageObject","inLanguage":"es","@id":"https:\/\/secure.gravatar.com\/avatar\/31a1a7b66ff2de83bd0e9fd79d026630d2d99e55e8bfe501287647b4fd9743de?s=96&d=mm&r=g","url":"https:\/\/secure.gravatar.com\/avatar\/31a1a7b66ff2de83bd0e9fd79d026630d2d99e55e8bfe501287647b4fd9743de?s=96&d=mm&r=g","contentUrl":"https:\/\/secure.gravatar.com\/avatar\/31a1a7b66ff2de83bd0e9fd79d026630d2d99e55e8bfe501287647b4fd9743de?s=96&d=mm&r=g","caption":"Gonzalo Schmidt"},"description":"Sitio web de noticias de la provincia de Entre R\u00edos, Argentina. Informaci\u00f3n y entretenimiento. Informe Litoral, nos informamos.","sameAs":["http:\/\/www.isletasnoticias.com.ar"],"url":"https:\/\/informelitoral.com.ar\/author\/gonzalo\/"}]}},"_links":{"self":[{"href":"https:\/\/informelitoral.com.ar\/%77%70%2d%6a%73%6f%6e\/wp\/v2\/posts\/12811","targetHints":{"allow":["GET"]}}],"collection":[{"href":"https:\/\/informelitoral.com.ar\/%77%70%2d%6a%73%6f%6e\/wp\/v2\/posts"}],"about":[{"href":"https:\/\/informelitoral.com.ar\/%77%70%2d%6a%73%6f%6e\/wp\/v2\/types\/post"}],"author":[{"embeddable":true,"href":"https:\/\/informelitoral.com.ar\/%77%70%2d%6a%73%6f%6e\/wp\/v2\/users\/2"}],"replies":[{"embeddable":true,"href":"https:\/\/informelitoral.com.ar\/%77%70%2d%6a%73%6f%6e\/wp\/v2\/comments?post=12811"}],"version-history":[{"count":0,"href":"https:\/\/informelitoral.com.ar\/%77%70%2d%6a%73%6f%6e\/wp\/v2\/posts\/12811\/revisions"}],"wp:attachment":[{"href":"https:\/\/informelitoral.com.ar\/%77%70%2d%6a%73%6f%6e\/wp\/v2\/media?parent=12811"}],"wp:term":[{"taxonomy":"category","embeddable":true,"href":"https:\/\/informelitoral.com.ar\/%77%70%2d%6a%73%6f%6e\/wp\/v2\/categories?post=12811"},{"taxonomy":"post_tag","embeddable":true,"href":"https:\/\/informelitoral.com.ar\/%77%70%2d%6a%73%6f%6e\/wp\/v2\/tags?post=12811"}],"curies":[{"name":"wp","href":"https:\/\/api.w.org\/{rel}","templated":true}]}}