{"id":128046,"date":"2023-03-16T11:24:08","date_gmt":"2023-03-16T14:24:08","guid":{"rendered":"https:\/\/www.informelitoral.com.ar\/?p=128046"},"modified":"2023-03-16T21:51:02","modified_gmt":"2023-03-17T00:51:02","slug":"ramon-diaz-llego-a-la-argentina-tras-el-tragico-accidente-de-su-hijo-michael","status":"publish","type":"post","link":"https:\/\/informelitoral.com.ar\/ramon-diaz-llego-a-la-argentina-tras-el-tragico-accidente-de-su-hijo-michael\/","title":{"rendered":"Ram\u00f3n D\u00edaz lleg\u00f3 a la Argentina tras el tr\u00e1gico accidente de su hijo Michael"},"content":{"rendered":"<p>El entrenador argentino del Al Hilal de Arabia Saudita, Ram\u00f3n D\u00edaz, arrib\u00f3 este mi\u00e9rcoles por la noche a la Argentina para acompa\u00f1ar a su hijo Michael, quien est\u00e1 aprehendido tras protagonizar un choque en la Ruta 5, en el que fallecieron su esposa y otro conductor.<\/p>\n<p>El DT lleg\u00f3 al Aeropuerto Internacional de Ezeiza vestido de gris y negro, y no hizo declaraciones ante la prensa.<\/p>\n<p>El ex entrenador de River, San Lorenzo e Independiente, entre otros, dirigi\u00f3 un partido para su equipos este martes, mientras a su hijo menor lo internaban por una crisis nerviosa tras la muerte de su esposa, B\u00e1rbara Oliver, y el bombero Aldo \u201cTobita\u201d Flaqu\u00e9.<\/p>\n<p>Una vez que finaliz\u00f3 el encuentro de la Copa del Rey de Arabia Saudita, su otro hijo, Emiliano, le comunic\u00f3 lo que hab\u00eda pasado con Michael. Fue entonces cuando decidi\u00f3 volar hacia la Argentina.<\/p>\n<p>\u00abLa directiva de Al-Hilal y los integrantes del primer equipo de f\u00fatbol ofrecen sus m\u00e1s sinceras condolencias al entrenador del equipo, Ram\u00f3n D\u00edaz , y a su ayudante, Emiliano D\u00edaz, tras el accidente de tr\u00e1nsito que provoc\u00f3 un la muerte de un miembro de su familia y dos heridos, dese\u00e1ndoles una pronta recuperaci\u00f3n\u00bb, expres\u00f3 el club que dirige, a trav\u00e9s de un comunicado.<\/p>\n","protected":false},"excerpt":{"rendered":"<p>Lo acompa\u00f1ar\u00e1 luego del choque frontal que termin\u00f3 con la vida de su nuera y otro conductor. Viaj\u00f3 desde Arabia Saudita, donde trabaja.<\/p>\n","protected":false},"author":8,"featured_media":128053,"comment_status":"open","ping_status":"open","sticky":false,"template":"","format":"standard","meta":{"fifu_image_url":"","fifu_image_alt":"","footnotes":""},"categories":[14],"tags":[304],"class_list":{"0":"post-128046","1":"post","2":"type-post","3":"status-publish","4":"format-standard","5":"has-post-thumbnail","7":"category-policiales","8":"tag-accidente-vial"},"yoast_head":"<title>Ram\u00f3n D\u00edaz lleg\u00f3 a la Argentina tras el tr\u00e1gico accidente de su hijo Michael - Informe Litoral<\/title>\n<meta name=\"robots\" content=\"index, follow, max-snippet:-1, max-image-preview:large, max-video-preview:-1\" \/>\n<link rel=\"canonical\" href=\"https:\/\/informelitoral.com.ar\/ramon-diaz-llego-a-la-argentina-tras-el-tragico-accidente-de-su-hijo-michael\/\" \/>\n<meta property=\"og:locale\" content=\"es_ES\" \/>\n<meta property=\"og:type\" content=\"article\" \/>\n<meta property=\"og:title\" content=\"Ram\u00f3n D\u00edaz lleg\u00f3 a la Argentina tras el tr\u00e1gico accidente de su hijo Michael - Informe Litoral\" \/>\n<meta property=\"og:description\" content=\"Lo acompa\u00f1ar\u00e1 luego del choque frontal que termin\u00f3 con la vida de su nuera y otro conductor. Viaj\u00f3 desde Arabia Saudita, donde trabaja.\" \/>\n<meta property=\"og:url\" content=\"https:\/\/informelitoral.com.ar\/ramon-diaz-llego-a-la-argentina-tras-el-tragico-accidente-de-su-hijo-michael\/\" \/>\n<meta property=\"og:site_name\" content=\"Informe Litoral\" \/>\n<meta property=\"article:publisher\" content=\"https:\/\/www.facebook.com\/informelitoral\/\" \/>\n<meta property=\"article:published_time\" content=\"2023-03-16T14:24:08+00:00\" \/>\n<meta property=\"article:modified_time\" content=\"2023-03-17T00:51:02+00:00\" \/>\n<meta property=\"og:image\" content=\"https:\/\/informelitoral.com.ar\/%77%70%2d%63%6f%6e%74%65%6e%74\/uploads\/2023\/03\/o_1678962267.jpg\" \/>\n\t<meta property=\"og:image:width\" content=\"800\" \/>\n\t<meta property=\"og:image:height\" content=\"450\" \/>\n\t<meta property=\"og:image:type\" content=\"image\/jpeg\" \/>\n<meta name=\"author\" content=\"Sebastian\" \/>\n<meta name=\"twitter:card\" content=\"summary_large_image\" \/>\n<meta name=\"twitter:creator\" content=\"@InformeLitoral\" \/>\n<meta name=\"twitter:site\" content=\"@InformeLitoral\" \/>\n<meta name=\"twitter:label1\" content=\"Escrito por\" \/>\n\t<meta name=\"twitter:data1\" content=\"Sebastian\" \/>\n\t<meta name=\"twitter:label2\" content=\"Tiempo de lectura\" \/>\n\t<meta name=\"twitter:data2\" content=\"1 minuto\" \/>\n<script type=\"application\/ld+json\" class=\"yoast-schema-graph\">{\"@context\":\"https:\\\/\\\/schema.org\",\"@graph\":[{\"@type\":\"Article\",\"@id\":\"https:\\\/\\\/informelitoral.com.ar\\\/ramon-diaz-llego-a-la-argentina-tras-el-tragico-accidente-de-su-hijo-michael\\\/#article\",\"isPartOf\":{\"@id\":\"https:\\\/\\\/informelitoral.com.ar\\\/ramon-diaz-llego-a-la-argentina-tras-el-tragico-accidente-de-su-hijo-michael\\\/\"},\"author\":{\"name\":\"Sebastian\",\"@id\":\"https:\\\/\\\/informelitoral.com.ar\\\/#\\\/schema\\\/person\\\/f05f9f461677119578717524b127d6d5\"},\"headline\":\"Ram\u00f3n D\u00edaz lleg\u00f3 a la Argentina tras el tr\u00e1gico accidente de su hijo Michael\",\"datePublished\":\"2023-03-16T14:24:08+00:00\",\"dateModified\":\"2023-03-17T00:51:02+00:00\",\"mainEntityOfPage\":{\"@id\":\"https:\\\/\\\/informelitoral.com.ar\\\/ramon-diaz-llego-a-la-argentina-tras-el-tragico-accidente-de-su-hijo-michael\\\/\"},\"wordCount\":237,\"commentCount\":0,\"publisher\":{\"@id\":\"https:\\\/\\\/informelitoral.com.ar\\\/#organization\"},\"image\":{\"@id\":\"https:\\\/\\\/informelitoral.com.ar\\\/ramon-diaz-llego-a-la-argentina-tras-el-tragico-accidente-de-su-hijo-michael\\\/#primaryimage\"},\"thumbnailUrl\":\"https:\\\/\\\/informelitoral.com.ar\\\/%77%70%2d%63%6f%6e%74%65%6e%74\\\/uploads\\\/2023\\\/03\\\/o_1678962267.jpg\",\"keywords\":[\"Accidente vial\"],\"articleSection\":[\"Policiales\"],\"inLanguage\":\"es\",\"potentialAction\":[{\"@type\":\"CommentAction\",\"name\":\"Comment\",\"target\":[\"https:\\\/\\\/informelitoral.com.ar\\\/ramon-diaz-llego-a-la-argentina-tras-el-tragico-accidente-de-su-hijo-michael\\\/#respond\"]}]},{\"@type\":\"WebPage\",\"@id\":\"https:\\\/\\\/informelitoral.com.ar\\\/ramon-diaz-llego-a-la-argentina-tras-el-tragico-accidente-de-su-hijo-michael\\\/\",\"url\":\"https:\\\/\\\/informelitoral.com.ar\\\/ramon-diaz-llego-a-la-argentina-tras-el-tragico-accidente-de-su-hijo-michael\\\/\",\"name\":\"Ram\u00f3n D\u00edaz lleg\u00f3 a la Argentina tras el tr\u00e1gico accidente de su hijo Michael - Informe Litoral\",\"isPartOf\":{\"@id\":\"https:\\\/\\\/informelitoral.com.ar\\\/#website\"},\"primaryImageOfPage\":{\"@id\":\"https:\\\/\\\/informelitoral.com.ar\\\/ramon-diaz-llego-a-la-argentina-tras-el-tragico-accidente-de-su-hijo-michael\\\/#primaryimage\"},\"image\":{\"@id\":\"https:\\\/\\\/informelitoral.com.ar\\\/ramon-diaz-llego-a-la-argentina-tras-el-tragico-accidente-de-su-hijo-michael\\\/#primaryimage\"},\"thumbnailUrl\":\"https:\\\/\\\/informelitoral.com.ar\\\/%77%70%2d%63%6f%6e%74%65%6e%74\\\/uploads\\\/2023\\\/03\\\/o_1678962267.jpg\",\"datePublished\":\"2023-03-16T14:24:08+00:00\",\"dateModified\":\"2023-03-17T00:51:02+00:00\",\"breadcrumb\":{\"@id\":\"https:\\\/\\\/informelitoral.com.ar\\\/ramon-diaz-llego-a-la-argentina-tras-el-tragico-accidente-de-su-hijo-michael\\\/#breadcrumb\"},\"inLanguage\":\"es\",\"potentialAction\":[{\"@type\":\"ReadAction\",\"target\":[\"https:\\\/\\\/informelitoral.com.ar\\\/ramon-diaz-llego-a-la-argentina-tras-el-tragico-accidente-de-su-hijo-michael\\\/\"]}]},{\"@type\":\"ImageObject\",\"inLanguage\":\"es\",\"@id\":\"https:\\\/\\\/informelitoral.com.ar\\\/ramon-diaz-llego-a-la-argentina-tras-el-tragico-accidente-de-su-hijo-michael\\\/#primaryimage\",\"url\":\"https:\\\/\\\/informelitoral.com.ar\\\/%77%70%2d%63%6f%6e%74%65%6e%74\\\/uploads\\\/2023\\\/03\\\/o_1678962267.jpg\",\"contentUrl\":\"https:\\\/\\\/informelitoral.com.ar\\\/%77%70%2d%63%6f%6e%74%65%6e%74\\\/uploads\\\/2023\\\/03\\\/o_1678962267.jpg\",\"width\":800,\"height\":450},{\"@type\":\"BreadcrumbList\",\"@id\":\"https:\\\/\\\/informelitoral.com.ar\\\/ramon-diaz-llego-a-la-argentina-tras-el-tragico-accidente-de-su-hijo-michael\\\/#breadcrumb\",\"itemListElement\":[{\"@type\":\"ListItem\",\"position\":1,\"name\":\"Portada\",\"item\":\"https:\\\/\\\/informelitoral.com.ar\\\/\"},{\"@type\":\"ListItem\",\"position\":2,\"name\":\"Ram\u00f3n D\u00edaz lleg\u00f3 a la Argentina tras el tr\u00e1gico accidente de su hijo Michael\"}]},{\"@type\":\"WebSite\",\"@id\":\"https:\\\/\\\/informelitoral.com.ar\\\/#website\",\"url\":\"https:\\\/\\\/informelitoral.com.ar\\\/\",\"name\":\"Informe Litoral\",\"description\":\"&quot;Nos informamos&quot; \",\"publisher\":{\"@id\":\"https:\\\/\\\/informelitoral.com.ar\\\/#organization\"},\"potentialAction\":[{\"@type\":\"SearchAction\",\"target\":{\"@type\":\"EntryPoint\",\"urlTemplate\":\"https:\\\/\\\/informelitoral.com.ar\\\/?s={search_term_string}\"},\"query-input\":{\"@type\":\"PropertyValueSpecification\",\"valueRequired\":true,\"valueName\":\"search_term_string\"}}],\"inLanguage\":\"es\"},{\"@type\":\"Organization\",\"@id\":\"https:\\\/\\\/informelitoral.com.ar\\\/#organization\",\"name\":\"Informe Litoral\",\"url\":\"https:\\\/\\\/informelitoral.com.ar\\\/\",\"logo\":{\"@type\":\"ImageObject\",\"inLanguage\":\"es\",\"@id\":\"https:\\\/\\\/informelitoral.com.ar\\\/#\\\/schema\\\/logo\\\/image\\\/\",\"url\":\"https:\\\/\\\/informelitoral.com.ar\\\/%77%70%2d%63%6f%6e%74%65%6e%74\\\/uploads\\\/2021\\\/01\\\/circulo.png\",\"contentUrl\":\"https:\\\/\\\/informelitoral.com.ar\\\/%77%70%2d%63%6f%6e%74%65%6e%74\\\/uploads\\\/2021\\\/01\\\/circulo.png\",\"width\":723,\"height\":731,\"caption\":\"Informe Litoral\"},\"image\":{\"@id\":\"https:\\\/\\\/informelitoral.com.ar\\\/#\\\/schema\\\/logo\\\/image\\\/\"},\"sameAs\":[\"https:\\\/\\\/www.facebook.com\\\/informelitoral\\\/\",\"https:\\\/\\\/x.com\\\/InformeLitoral\",\"https:\\\/\\\/www.instagram.com\\\/informelitoral\\\/\",\"https:\\\/\\\/www.youtube.com\\\/channel\\\/UCua4Qvz8Icb6MYqhoq9xLXw\"]},{\"@type\":\"Person\",\"@id\":\"https:\\\/\\\/informelitoral.com.ar\\\/#\\\/schema\\\/person\\\/f05f9f461677119578717524b127d6d5\",\"name\":\"Sebastian\",\"image\":{\"@type\":\"ImageObject\",\"inLanguage\":\"es\",\"@id\":\"https:\\\/\\\/secure.gravatar.com\\\/avatar\\\/b71bf7481d447dfb9583c7f2798e7cc64de6efb9067b74633ed8c31059a3bd82?s=96&d=mm&r=g\",\"url\":\"https:\\\/\\\/secure.gravatar.com\\\/avatar\\\/b71bf7481d447dfb9583c7f2798e7cc64de6efb9067b74633ed8c31059a3bd82?s=96&d=mm&r=g\",\"contentUrl\":\"https:\\\/\\\/secure.gravatar.com\\\/avatar\\\/b71bf7481d447dfb9583c7f2798e7cc64de6efb9067b74633ed8c31059a3bd82?s=96&d=mm&r=g\",\"caption\":\"Sebastian\"},\"url\":\"https:\\\/\\\/informelitoral.com.ar\\\/author\\\/sebastian\\\/\"}]}<\/script>","yoast_head_json":{"title":"Ram\u00f3n D\u00edaz lleg\u00f3 a la Argentina tras el tr\u00e1gico accidente de su hijo Michael - Informe Litoral","robots":{"index":"index","follow":"follow","max-snippet":"max-snippet:-1","max-image-preview":"max-image-preview:large","max-video-preview":"max-video-preview:-1"},"canonical":"https:\/\/informelitoral.com.ar\/ramon-diaz-llego-a-la-argentina-tras-el-tragico-accidente-de-su-hijo-michael\/","og_locale":"es_ES","og_type":"article","og_title":"Ram\u00f3n D\u00edaz lleg\u00f3 a la Argentina tras el tr\u00e1gico accidente de su hijo Michael - Informe Litoral","og_description":"Lo acompa\u00f1ar\u00e1 luego del choque frontal que termin\u00f3 con la vida de su nuera y otro conductor. Viaj\u00f3 desde Arabia Saudita, donde trabaja.","og_url":"https:\/\/informelitoral.com.ar\/ramon-diaz-llego-a-la-argentina-tras-el-tragico-accidente-de-su-hijo-michael\/","og_site_name":"Informe Litoral","article_publisher":"https:\/\/www.facebook.com\/informelitoral\/","article_published_time":"2023-03-16T14:24:08+00:00","article_modified_time":"2023-03-17T00:51:02+00:00","og_image":[{"width":800,"height":450,"url":"https:\/\/informelitoral.com.ar\/%77%70%2d%63%6f%6e%74%65%6e%74\/uploads\/2023\/03\/o_1678962267.jpg","type":"image\/jpeg"}],"author":"Sebastian","twitter_card":"summary_large_image","twitter_creator":"@InformeLitoral","twitter_site":"@InformeLitoral","twitter_misc":{"Escrito por":"Sebastian","Tiempo de lectura":"1 minuto"},"schema":{"@context":"https:\/\/schema.org","@graph":[{"@type":"Article","@id":"https:\/\/informelitoral.com.ar\/ramon-diaz-llego-a-la-argentina-tras-el-tragico-accidente-de-su-hijo-michael\/#article","isPartOf":{"@id":"https:\/\/informelitoral.com.ar\/ramon-diaz-llego-a-la-argentina-tras-el-tragico-accidente-de-su-hijo-michael\/"},"author":{"name":"Sebastian","@id":"https:\/\/informelitoral.com.ar\/#\/schema\/person\/f05f9f461677119578717524b127d6d5"},"headline":"Ram\u00f3n D\u00edaz lleg\u00f3 a la Argentina tras el tr\u00e1gico accidente de su hijo Michael","datePublished":"2023-03-16T14:24:08+00:00","dateModified":"2023-03-17T00:51:02+00:00","mainEntityOfPage":{"@id":"https:\/\/informelitoral.com.ar\/ramon-diaz-llego-a-la-argentina-tras-el-tragico-accidente-de-su-hijo-michael\/"},"wordCount":237,"commentCount":0,"publisher":{"@id":"https:\/\/informelitoral.com.ar\/#organization"},"image":{"@id":"https:\/\/informelitoral.com.ar\/ramon-diaz-llego-a-la-argentina-tras-el-tragico-accidente-de-su-hijo-michael\/#primaryimage"},"thumbnailUrl":"https:\/\/informelitoral.com.ar\/%77%70%2d%63%6f%6e%74%65%6e%74\/uploads\/2023\/03\/o_1678962267.jpg","keywords":["Accidente vial"],"articleSection":["Policiales"],"inLanguage":"es","potentialAction":[{"@type":"CommentAction","name":"Comment","target":["https:\/\/informelitoral.com.ar\/ramon-diaz-llego-a-la-argentina-tras-el-tragico-accidente-de-su-hijo-michael\/#respond"]}]},{"@type":"WebPage","@id":"https:\/\/informelitoral.com.ar\/ramon-diaz-llego-a-la-argentina-tras-el-tragico-accidente-de-su-hijo-michael\/","url":"https:\/\/informelitoral.com.ar\/ramon-diaz-llego-a-la-argentina-tras-el-tragico-accidente-de-su-hijo-michael\/","name":"Ram\u00f3n D\u00edaz lleg\u00f3 a la Argentina tras el tr\u00e1gico accidente de su hijo Michael - Informe Litoral","isPartOf":{"@id":"https:\/\/informelitoral.com.ar\/#website"},"primaryImageOfPage":{"@id":"https:\/\/informelitoral.com.ar\/ramon-diaz-llego-a-la-argentina-tras-el-tragico-accidente-de-su-hijo-michael\/#primaryimage"},"image":{"@id":"https:\/\/informelitoral.com.ar\/ramon-diaz-llego-a-la-argentina-tras-el-tragico-accidente-de-su-hijo-michael\/#primaryimage"},"thumbnailUrl":"https:\/\/informelitoral.com.ar\/%77%70%2d%63%6f%6e%74%65%6e%74\/uploads\/2023\/03\/o_1678962267.jpg","datePublished":"2023-03-16T14:24:08+00:00","dateModified":"2023-03-17T00:51:02+00:00","breadcrumb":{"@id":"https:\/\/informelitoral.com.ar\/ramon-diaz-llego-a-la-argentina-tras-el-tragico-accidente-de-su-hijo-michael\/#breadcrumb"},"inLanguage":"es","potentialAction":[{"@type":"ReadAction","target":["https:\/\/informelitoral.com.ar\/ramon-diaz-llego-a-la-argentina-tras-el-tragico-accidente-de-su-hijo-michael\/"]}]},{"@type":"ImageObject","inLanguage":"es","@id":"https:\/\/informelitoral.com.ar\/ramon-diaz-llego-a-la-argentina-tras-el-tragico-accidente-de-su-hijo-michael\/#primaryimage","url":"https:\/\/informelitoral.com.ar\/%77%70%2d%63%6f%6e%74%65%6e%74\/uploads\/2023\/03\/o_1678962267.jpg","contentUrl":"https:\/\/informelitoral.com.ar\/%77%70%2d%63%6f%6e%74%65%6e%74\/uploads\/2023\/03\/o_1678962267.jpg","width":800,"height":450},{"@type":"BreadcrumbList","@id":"https:\/\/informelitoral.com.ar\/ramon-diaz-llego-a-la-argentina-tras-el-tragico-accidente-de-su-hijo-michael\/#breadcrumb","itemListElement":[{"@type":"ListItem","position":1,"name":"Portada","item":"https:\/\/informelitoral.com.ar\/"},{"@type":"ListItem","position":2,"name":"Ram\u00f3n D\u00edaz lleg\u00f3 a la Argentina tras el tr\u00e1gico accidente de su hijo Michael"}]},{"@type":"WebSite","@id":"https:\/\/informelitoral.com.ar\/#website","url":"https:\/\/informelitoral.com.ar\/","name":"Informe Litoral","description":"&quot;Nos informamos&quot; ","publisher":{"@id":"https:\/\/informelitoral.com.ar\/#organization"},"potentialAction":[{"@type":"SearchAction","target":{"@type":"EntryPoint","urlTemplate":"https:\/\/informelitoral.com.ar\/?s={search_term_string}"},"query-input":{"@type":"PropertyValueSpecification","valueRequired":true,"valueName":"search_term_string"}}],"inLanguage":"es"},{"@type":"Organization","@id":"https:\/\/informelitoral.com.ar\/#organization","name":"Informe Litoral","url":"https:\/\/informelitoral.com.ar\/","logo":{"@type":"ImageObject","inLanguage":"es","@id":"https:\/\/informelitoral.com.ar\/#\/schema\/logo\/image\/","url":"https:\/\/informelitoral.com.ar\/%77%70%2d%63%6f%6e%74%65%6e%74\/uploads\/2021\/01\/circulo.png","contentUrl":"https:\/\/informelitoral.com.ar\/%77%70%2d%63%6f%6e%74%65%6e%74\/uploads\/2021\/01\/circulo.png","width":723,"height":731,"caption":"Informe Litoral"},"image":{"@id":"https:\/\/informelitoral.com.ar\/#\/schema\/logo\/image\/"},"sameAs":["https:\/\/www.facebook.com\/informelitoral\/","https:\/\/x.com\/InformeLitoral","https:\/\/www.instagram.com\/informelitoral\/","https:\/\/www.youtube.com\/channel\/UCua4Qvz8Icb6MYqhoq9xLXw"]},{"@type":"Person","@id":"https:\/\/informelitoral.com.ar\/#\/schema\/person\/f05f9f461677119578717524b127d6d5","name":"Sebastian","image":{"@type":"ImageObject","inLanguage":"es","@id":"https:\/\/secure.gravatar.com\/avatar\/b71bf7481d447dfb9583c7f2798e7cc64de6efb9067b74633ed8c31059a3bd82?s=96&d=mm&r=g","url":"https:\/\/secure.gravatar.com\/avatar\/b71bf7481d447dfb9583c7f2798e7cc64de6efb9067b74633ed8c31059a3bd82?s=96&d=mm&r=g","contentUrl":"https:\/\/secure.gravatar.com\/avatar\/b71bf7481d447dfb9583c7f2798e7cc64de6efb9067b74633ed8c31059a3bd82?s=96&d=mm&r=g","caption":"Sebastian"},"url":"https:\/\/informelitoral.com.ar\/author\/sebastian\/"}]}},"_links":{"self":[{"href":"https:\/\/informelitoral.com.ar\/%77%70%2d%6a%73%6f%6e\/wp\/v2\/posts\/128046","targetHints":{"allow":["GET"]}}],"collection":[{"href":"https:\/\/informelitoral.com.ar\/%77%70%2d%6a%73%6f%6e\/wp\/v2\/posts"}],"about":[{"href":"https:\/\/informelitoral.com.ar\/%77%70%2d%6a%73%6f%6e\/wp\/v2\/types\/post"}],"author":[{"embeddable":true,"href":"https:\/\/informelitoral.com.ar\/%77%70%2d%6a%73%6f%6e\/wp\/v2\/users\/8"}],"replies":[{"embeddable":true,"href":"https:\/\/informelitoral.com.ar\/%77%70%2d%6a%73%6f%6e\/wp\/v2\/comments?post=128046"}],"version-history":[{"count":0,"href":"https:\/\/informelitoral.com.ar\/%77%70%2d%6a%73%6f%6e\/wp\/v2\/posts\/128046\/revisions"}],"wp:featuredmedia":[{"embeddable":true,"href":"https:\/\/informelitoral.com.ar\/%77%70%2d%6a%73%6f%6e\/wp\/v2\/media\/128053"}],"wp:attachment":[{"href":"https:\/\/informelitoral.com.ar\/%77%70%2d%6a%73%6f%6e\/wp\/v2\/media?parent=128046"}],"wp:term":[{"taxonomy":"category","embeddable":true,"href":"https:\/\/informelitoral.com.ar\/%77%70%2d%6a%73%6f%6e\/wp\/v2\/categories?post=128046"},{"taxonomy":"post_tag","embeddable":true,"href":"https:\/\/informelitoral.com.ar\/%77%70%2d%6a%73%6f%6e\/wp\/v2\/tags?post=128046"}],"curies":[{"name":"wp","href":"https:\/\/api.w.org\/{rel}","templated":true}]}}